{"id":268317,"date":"2022-04-02T05:43:33","date_gmt":"2022-04-02T03:43:33","guid":{"rendered":"https:\/\/www.radiopiu.net\/wordpress\/?p=268317"},"modified":"2022-04-02T06:19:53","modified_gmt":"2022-04-02T04:19:53","slug":"belluno-e-litalia-perde-il-marchio-acc-stamane-firmato-laccordo-di-vendita","status":"publish","type":"post","link":"https:\/\/www.radiopiu.net\/wordpress\/belluno-e-litalia-perde-il-marchio-acc-stamane-firmato-laccordo-di-vendita\/","title":{"rendered":"BELLUNO E L&#8217;ITALIA PERDE IL MARCHIO ACC, STAMANE FIRMATO L&#8217;ACCORDO DI VENDITA"},"content":{"rendered":"<p><strong><a class=\"dt-pswp-item\" href=\"https:\/\/www.radiopiu.net\/wordpress\/wp-content\/uploads\/2022\/04\/3c14a0b2-c9af-4c6b-b30a-e032d01e964d.jpg\" data-dt-img-description=\"\" data-large_image_width=\"2000\" data-large_image_height=\"1128\"><img loading=\"lazy\" decoding=\"async\" class=\"wp-image-268322 alignleft\" src=\"https:\/\/www.radiopiu.net\/wordpress\/wp-content\/uploads\/2022\/04\/3c14a0b2-c9af-4c6b-b30a-e032d01e964d-300x169.jpg\" alt=\"\" width=\"216\" height=\"122\" srcset=\"https:\/\/www.radiopiu.net\/wordpress\/wp-content\/uploads\/2022\/04\/3c14a0b2-c9af-4c6b-b30a-e032d01e964d-300x169.jpg 300w, https:\/\/www.radiopiu.net\/wordpress\/wp-content\/uploads\/2022\/04\/3c14a0b2-c9af-4c6b-b30a-e032d01e964d-1024x578.jpg 1024w, https:\/\/www.radiopiu.net\/wordpress\/wp-content\/uploads\/2022\/04\/3c14a0b2-c9af-4c6b-b30a-e032d01e964d-768x433.jpg 768w, https:\/\/www.radiopiu.net\/wordpress\/wp-content\/uploads\/2022\/04\/3c14a0b2-c9af-4c6b-b30a-e032d01e964d-1536x866.jpg 1536w, https:\/\/www.radiopiu.net\/wordpress\/wp-content\/uploads\/2022\/04\/3c14a0b2-c9af-4c6b-b30a-e032d01e964d.jpg 2000w\" sizes=\"auto, (max-width: 216px) 100vw, 216px\" \/><\/a>BORGO VALBELLUNA<\/strong> Il proprietario della bengalese Walton ha firmato, dall&#8217;altra parte il commissario straordinario Maurizio Castro. L&#8217;accordo sancisce la vendita\u00a0 dell&#8217;intera linea Acc. L&#8217;amaro in bocca resta, il marchio non \u00e8 pi\u00f9 di Mel, o Borgo Valbelluna, ma nemmeno della Provincia o della Nazione. Che il proprietario assicuri che il brand rimanga tale \u00e8 una magra consolazione. I macchinari vanno in Bangladesh e alcuni dipendenti verranno reintegrati, almeno per il periodo di formazione.<\/p>\n<p><strong>di Moreno Gioli\u00a0<\/strong><\/p>\n<audio class=\"wp-audio-shortcode\" id=\"audio-268317-1\" preload=\"none\" style=\"width: 100%;\" controls=\"controls\"><source type=\"audio\/mpeg\" src=\"https:\/\/www.radiopiu.net\/wordpress\/wp-content\/uploads\/2022\/04\/moreno-acc.mp3?_=1\" \/><a href=\"https:\/\/www.radiopiu.net\/wordpress\/wp-content\/uploads\/2022\/04\/moreno-acc.mp3\">https:\/\/www.radiopiu.net\/wordpress\/wp-content\/uploads\/2022\/04\/moreno-acc.mp3<\/a><\/audio>\n<p>&nbsp;<\/p>\n<p><strong><a class=\"dt-pswp-item\" href=\"https:\/\/www.radiopiu.net\/wordpress\/wp-content\/uploads\/2021\/11\/Maurizio-Castro-e-nuovamente-commissario-di-Acc-Wanbao_articleimage.jpg\" data-dt-img-description=\"\" data-large_image_width=\"500\" data-large_image_height=\"334\"><img loading=\"lazy\" decoding=\"async\" class=\"wp-image-244315 alignleft\" src=\"https:\/\/www.radiopiu.net\/wordpress\/wp-content\/uploads\/2021\/11\/Maurizio-Castro-e-nuovamente-commissario-di-Acc-Wanbao_articleimage-300x200.jpg\" alt=\"\" width=\"204\" height=\"136\" srcset=\"https:\/\/www.radiopiu.net\/wordpress\/wp-content\/uploads\/2021\/11\/Maurizio-Castro-e-nuovamente-commissario-di-Acc-Wanbao_articleimage-300x200.jpg 300w, https:\/\/www.radiopiu.net\/wordpress\/wp-content\/uploads\/2021\/11\/Maurizio-Castro-e-nuovamente-commissario-di-Acc-Wanbao_articleimage.jpg 500w\" sizes=\"auto, (max-width: 204px) 100vw, 204px\" \/><\/a>L&#8217;AMMINISTRATORE STRAORDINARIO MAURIZIO CASTRO<\/strong><em> &#8220;Hanno ragione gli amici del sindacato, qui non si festeggia niente, ma si prende atto che una situazione che poteva essere insidiosa con il rischio di rottamare o svendere&#8230;ma pagheremo i debiti, lavoratori compresi&#8221;<\/em><\/p>\n<audio class=\"wp-audio-shortcode\" id=\"audio-268317-2\" preload=\"none\" style=\"width: 100%;\" controls=\"controls\"><source type=\"audio\/mpeg\" src=\"https:\/\/www.radiopiu.net\/wordpress\/wp-content\/uploads\/2022\/04\/CATRO.mp3?_=2\" \/><a href=\"https:\/\/www.radiopiu.net\/wordpress\/wp-content\/uploads\/2022\/04\/CATRO.mp3\">https:\/\/www.radiopiu.net\/wordpress\/wp-content\/uploads\/2022\/04\/CATRO.mp3<\/a><\/audio>\n<p>&nbsp;<\/p>\n<p><strong><a class=\"dt-pswp-item\" href=\"https:\/\/www.radiopiu.net\/wordpress\/wp-content\/uploads\/2022\/04\/ed61c115-98de-4d90-abec-00ee71efe37b.jpg\" data-dt-img-description=\"\" data-large_image_width=\"2000\" data-large_image_height=\"1128\"><img loading=\"lazy\" decoding=\"async\" class=\"wp-image-268323 alignleft\" src=\"https:\/\/www.radiopiu.net\/wordpress\/wp-content\/uploads\/2022\/04\/ed61c115-98de-4d90-abec-00ee71efe37b-300x169.jpg\" alt=\"\" width=\"206\" height=\"116\" srcset=\"https:\/\/www.radiopiu.net\/wordpress\/wp-content\/uploads\/2022\/04\/ed61c115-98de-4d90-abec-00ee71efe37b-300x169.jpg 300w, https:\/\/www.radiopiu.net\/wordpress\/wp-content\/uploads\/2022\/04\/ed61c115-98de-4d90-abec-00ee71efe37b-1024x578.jpg 1024w, https:\/\/www.radiopiu.net\/wordpress\/wp-content\/uploads\/2022\/04\/ed61c115-98de-4d90-abec-00ee71efe37b-768x433.jpg 768w, https:\/\/www.radiopiu.net\/wordpress\/wp-content\/uploads\/2022\/04\/ed61c115-98de-4d90-abec-00ee71efe37b-1536x866.jpg 1536w, https:\/\/www.radiopiu.net\/wordpress\/wp-content\/uploads\/2022\/04\/ed61c115-98de-4d90-abec-00ee71efe37b.jpg 2000w\" sizes=\"auto, (max-width: 206px) 100vw, 206px\" \/><\/a>LA NUOVA PROPRIETA&#8217; WALTON GROUP &#8211; GOLAM MURSHED<em>\u00a0<\/em><\/strong><em>&#8220;Siamo contenti di poter produrre il compressore K per aprire anche ad altre possibilit\u00e0&#8221;<\/em><\/p>\n<audio class=\"wp-audio-shortcode\" id=\"audio-268317-3\" preload=\"none\" style=\"width: 100%;\" controls=\"controls\"><source type=\"audio\/mpeg\" src=\"https:\/\/www.radiopiu.net\/wordpress\/wp-content\/uploads\/2022\/04\/ACC2walton-group-golam-murshed.mp3?_=3\" \/><a href=\"https:\/\/www.radiopiu.net\/wordpress\/wp-content\/uploads\/2022\/04\/ACC2walton-group-golam-murshed.mp3\">https:\/\/www.radiopiu.net\/wordpress\/wp-content\/uploads\/2022\/04\/ACC2walton-group-golam-murshed.mp3<\/a><\/audio>\n<p>&nbsp;<\/p>\n<p><strong><a class=\"dt-pswp-item\" href=\"https:\/\/www.radiopiu.net\/wordpress\/wp-content\/uploads\/2019\/09\/stefano-cesa-1977.jpg\" data-dt-img-description=\"\" data-large_image_width=\"100\" data-large_image_height=\"100\"><img loading=\"lazy\" decoding=\"async\" class=\"size-full wp-image-100552 alignleft\" src=\"https:\/\/www.radiopiu.net\/wordpress\/wp-content\/uploads\/2019\/09\/stefano-cesa-1977.jpg\" alt=\"\" width=\"100\" height=\"100\" \/><\/a>IL SINDACO DI BORGO VALBELLUNA STEFANO CESA\u00a0<em>\u00a0<\/em><\/strong><em>&#8220;Una paese due crisi, una lunga esperienza che si trascina da anni massacrando il territorio, adesso vediamo nuovi modelli, la collaborazione \u00e8 fondamentale anche con il gruppo Walton&#8221;<\/em><\/p>\n<audio class=\"wp-audio-shortcode\" id=\"audio-268317-4\" preload=\"none\" style=\"width: 100%;\" controls=\"controls\"><source type=\"audio\/mpeg\" src=\"https:\/\/www.radiopiu.net\/wordpress\/wp-content\/uploads\/2022\/04\/ACCCESA.mp3?_=4\" \/><a href=\"https:\/\/www.radiopiu.net\/wordpress\/wp-content\/uploads\/2022\/04\/ACCCESA.mp3\">https:\/\/www.radiopiu.net\/wordpress\/wp-content\/uploads\/2022\/04\/ACCCESA.mp3<\/a><\/audio>\n<p>&nbsp;<\/p>\n<p><strong><a class=\"dt-pswp-item\" href=\"https:\/\/www.radiopiu.net\/wordpress\/wp-content\/uploads\/2021\/06\/Cestaro.jpeg\" data-dt-img-description=\"\" data-large_image_width=\"1022\" data-large_image_height=\"1007\"><img loading=\"lazy\" decoding=\"async\" class=\"wp-image-214182 alignleft\" src=\"https:\/\/www.radiopiu.net\/wordpress\/wp-content\/uploads\/2021\/06\/Cestaro-300x296.jpeg\" alt=\"\" width=\"102\" height=\"100\" srcset=\"https:\/\/www.radiopiu.net\/wordpress\/wp-content\/uploads\/2021\/06\/Cestaro-300x296.jpeg 300w, https:\/\/www.radiopiu.net\/wordpress\/wp-content\/uploads\/2021\/06\/Cestaro-768x757.jpeg 768w, https:\/\/www.radiopiu.net\/wordpress\/wp-content\/uploads\/2021\/06\/Cestaro.jpeg 1022w\" sizes=\"auto, (max-width: 102px) 100vw, 102px\" \/><\/a>IL CONSIGLIERE REGIONALE SILVIA CESTARO<\/strong> <em>&#8220;Alcuni operai verranno assunti per la formazione. La cosa bella \u00e8 che si \u00e8 finalmente trovata una risposta nel bene o nel male c&#8217;\u00e8 un nuovo punto di partenza per chi ha creduto fino all&#8217;ultimo in questa azienda&#8221;<\/em><\/p>\n<audio class=\"wp-audio-shortcode\" id=\"audio-268317-5\" preload=\"none\" style=\"width: 100%;\" controls=\"controls\"><source type=\"audio\/mpeg\" src=\"https:\/\/www.radiopiu.net\/wordpress\/wp-content\/uploads\/2022\/04\/cestaro.mp3?_=5\" \/><a href=\"https:\/\/www.radiopiu.net\/wordpress\/wp-content\/uploads\/2022\/04\/cestaro.mp3\">https:\/\/www.radiopiu.net\/wordpress\/wp-content\/uploads\/2022\/04\/cestaro.mp3<\/a><\/audio>\n<p>&nbsp;<\/p>\n<p>&nbsp;<\/p>\n<p>***<\/p>\n","protected":false},"excerpt":{"rendered":"<p>BORGO VALBELLUNA Il proprietario della bengalese Walton ha firmato, dall&#8217;altra parte il commissario straordinario Maurizio Castro. L&#8217;accordo sancisce la vendita\u00a0 dell&#8217;intera linea Acc. L&#8217;amaro in bocca resta, il marchio non \u00e8 pi\u00f9 di Mel, o Borgo Valbelluna, ma nemmeno della Provincia o della Nazione. Che il proprietario assicuri che il brand rimanga tale \u00e8 una&hellip;<\/p>\n","protected":false},"author":4,"featured_media":268324,"comment_status":"closed","ping_status":"closed","sticky":false,"template":"","format":"standard","meta":{"_monsterinsights_skip_tracking":false,"_monsterinsights_sitenote_active":false,"_monsterinsights_sitenote_note":"","_monsterinsights_sitenote_category":0,"footnotes":""},"categories":[104,49],"tags":[],"class_list":["post-268317","post","type-post","status-publish","format-standard","has-post-thumbnail","hentry","category-evidenza_3","category-news-18","category-104","category-49","description-off"],"img_url":"https:\/\/www.radiopiu.net\/wordpress\/wp-content\/uploads\/2022\/04\/758cddb7-c778-4e00-8f7a-b321612c6885.jpg","_links":{"self":[{"href":"https:\/\/www.radiopiu.net\/wordpress\/wp-json\/wp\/v2\/posts\/268317","targetHints":{"allow":["GET"]}}],"collection":[{"href":"https:\/\/www.radiopiu.net\/wordpress\/wp-json\/wp\/v2\/posts"}],"about":[{"href":"https:\/\/www.radiopiu.net\/wordpress\/wp-json\/wp\/v2\/types\/post"}],"author":[{"embeddable":true,"href":"https:\/\/www.radiopiu.net\/wordpress\/wp-json\/wp\/v2\/users\/4"}],"replies":[{"embeddable":true,"href":"https:\/\/www.radiopiu.net\/wordpress\/wp-json\/wp\/v2\/comments?post=268317"}],"version-history":[{"count":0,"href":"https:\/\/www.radiopiu.net\/wordpress\/wp-json\/wp\/v2\/posts\/268317\/revisions"}],"wp:featuredmedia":[{"embeddable":true,"href":"https:\/\/www.radiopiu.net\/wordpress\/wp-json\/wp\/v2\/media\/268324"}],"wp:attachment":[{"href":"https:\/\/www.radiopiu.net\/wordpress\/wp-json\/wp\/v2\/media?parent=268317"}],"wp:term":[{"taxonomy":"category","embeddable":true,"href":"https:\/\/www.radiopiu.net\/wordpress\/wp-json\/wp\/v2\/categories?post=268317"},{"taxonomy":"post_tag","embeddable":true,"href":"https:\/\/www.radiopiu.net\/wordpress\/wp-json\/wp\/v2\/tags?post=268317"}],"curies":[{"name":"wp","href":"https:\/\/api.w.org\/{rel}","templated":true}]}}