{"id":268354,"date":"2022-04-01T23:59:00","date_gmt":"2022-04-01T21:59:00","guid":{"rendered":"https:\/\/www.radiopiu.net\/wordpress\/?p=268354"},"modified":"2022-04-02T06:21:08","modified_gmt":"2022-04-02T04:21:08","slug":"il-sesto-itinerario-del-parco-la-via-degli-ospizi-su-antiche-tracce-di-viandanti-in-val-cordevole","status":"publish","type":"post","link":"https:\/\/www.radiopiu.net\/wordpress\/il-sesto-itinerario-del-parco-la-via-degli-ospizi-su-antiche-tracce-di-viandanti-in-val-cordevole\/","title":{"rendered":"IL SESTO ITINERARIO DEL PARCO: LA VIA DEGLI OSPIZI SU ANTICHE TRACCE DI VIANDANTI IN VAL CORDEVOLE"},"content":{"rendered":"<p><strong>di\u00a0 RENATO BONA<\/strong><\/p>\n<p>E\u2019 intitolato \u201cLa via degli ospizi. Sulle antiche tracce di viandanti in Val Cordevole\u201d il sesto ed ultimo libro-guida con la serie di itinerari nel Parco nazionale Dolomiti Bellunesi, realizzato da Tito De Nardin, Gianni Poloniato e Giovanni Tomasi nel 2002 per l\u2019Ente Parco, con Duck edizioni, stampa di Promoduck di Santa Giustina, fotografie di Poloniato, Archivio di Stato, Flavio Cafiero, Tiziana Conte, Roberto Dalla Cort, Guido Fabbrica, Giorgio Fontanive, Enrico Vettorazzo. In copertina riproduzione di: \u201cAgre, particolare\u201d da \u201cCatastico de beni di Vedana 1703\u201d. Hanno collaborato: Francesco Bacchetti, Sante Bortolami, Giuseppe Campagnari, Lisetta Casal, Eva Casanova, Tiziana Conte, don Francesco De Luca, Gianni De Vecchi, Guido Fabbrica, Giorgio Fontanive, Franco Frison, Maurizio Olivotto, Luisella Salce, Bianca Simonato, Federico Velluti, Enrico Vettorazzo, Guido Zasio. Come nelle altre cinque pubblicazioni, presentazione dell\u2019allora presidente dell\u2019Ente P arco, Valter Bonan, il quale esprimeva la convinzione che \u201cLa via degli Ospizi \u00e8 forse l\u2019itinerario tematico che, nella sua unitariet\u00e0, meglio rappresenta e pi\u00f9 sintetizza la diversit\u00e0, l\u2019integrazione e la ricchezza di straordinari valori ambientali, storici e culturali presenti nel Parco nazionale Dolomiti Bellunesi\u201d evidenziando poi che \u201cil Parco, in collaborazione con altri enti ed istituzioni, con numerosi progetti su fondi europei sta valorizzando questi luoghi e restaurando tutti questi edifici per restituirli alla loro originaria funzione di accoglienza ed ospitalit\u00e0 e destinarli ad un\u2019innovativa missione di testimonianze vitali delle nostre comunit\u00e0 che intendono darsi un futuro a partire dalla propria memoria e da una ritrovata capacit\u00e0 di collaborare con la natura\u201d. Dal canto suo Sante Bortolami sottolineava come la guida: \u201c\u2026ricorda in modo essenziale ma efficace anche la storia e la realt\u00e0 presente di questo sistema \u2018leggero\u2019 e insieme tenace di luoghi un po\u2019 albergo, un po\u2019 ospedale e un po\u2019 chiesa che hanno funzionato come piccoli fari nella quotidiana esperienza di vita e di lavoro della gente di montagna\u2026\u201d. Nell\u2019introduzione, De Martin, Poloniato, Tomasi precisavano che \u201cLa via degli ospizi individua e ripropone l\u2019antico tracciato di collegamento tra la Val Belluna e l\u2019Agordino, sul versante destro orograficio della Valle del Cordevole\u2026 si sviluppa interamente entro il perimetro del Parco, alle falde dei selvaggi Monti del Sole, in ambiti di notevole interesse naturalistico e\u2026 offre anche l\u2019occasione di ammirare una flora di notevole interesse (specie rare ed endemismi), particolari aspetti della vegetazione (comunit\u00e0 degli ambienti rupestri e delle forre) e non rari sono gli incontri con la fauna selvatica, soprattutto con numerose specie di uccelli, con caprioli e, a quote insolitamente basse con i camosci\u201d. Il tracciato ha uno sviluppo complessivo di circa 20 chilometri e quota minima di 395 metri con altitudine massima di 750 (localit\u00e0 Le Fratte). Una puntualizzazione: percorrere integralmente la\u201dVia degli ospizi\u201d necessita di un\u2019intera giornata di cammino tuttavia \u00e8 consigliabile affrontare l\u2019itinerario con maggiore tranquillit\u00e0 suddividendo la traversata in due o tre segmenti: Vedana-Candaten, Candaten-Agre, Agre-Le Miniere perch\u00e9 \u201csolo con la dovuta calma si potranno cogliere le peculiarit\u00e0 ambientali e le numerose tracce della frequentazione umana e delle vicende che hanno animato questi luoghi nel corso dei secoli\u201d. Confidando con questa rilettura del libro-guida che abbiamo qui proposto di aver suscitato o risvegliato l\u2019interesse degli appassionati, e per chiare ragioni di spazio, non entriamo nel dettaglio delle singole tappe, limitandoci ad elencare i capitoli, tutti decisamente accattivanti, dell\u2019importante lavoro di Tito De Nardin, Gianni Poloniato e Giovanni Tomasi: per la parte che riferisce di \u201cUn antico transito\u201d ecco: \u201cLe origini dell\u2019ospizio di Vedana\u201d, \u201cLe origini dell\u2019ospizio di Cand\u00e0ten\u201d, \u201cLe origini dell\u2019ospizio di Agre\u201d, \u201cLe confraternite\u201d, \u201cI Certosini\u201d. Per quella relativa all\u2019\u201cItinerario\u201d: \u201cLa Certosa di Vedana\u201d, \u201cDa Vedana a San Gottardo\u201d, \u201cSan Gottardo\u201d, \u201cDa San Gottardo a Cand\u00e0ten\u201d, \u201cCand\u00e0ten\u201d, \u201cDa Cand\u00e0ten alla Val Pegol\u00e8ra\u201d, \u201cVal Pegol\u00e8ra\u201d, \u201cDa Val Pegol\u00e8ra ad Agre\u201d, \u201cAgre\u201d, \u201cDa Agre a Castel Agordino\u201d, \u201cCastel Agordino\u201d, \u201cDa Castel Agordino alle Miniere di Val Imperina\u201d, \u201cMiniere di Val Imperina\u201d. NELLE FOTO (riproduzioni dal libro-guida \u201cLa via degli ospizi\u201d): copertina della pubblicazione; la Certosa di Vedana; litografia di Marco Moro, 1876: in primo piano il Cordevole, a sinistra il complesso dell\u2019ex certosa di Vedana, a destra l\u2019abitato di San Gottardo; l\u2019abitato di San Gottardo nell\u2019immagine di inizi \u2018900 con alcuni frati in passeggiata, a destra il portico, purtroppo abbattuto; \u201cAi Saletti: case coloniche, teza e stalle, chiesura e cortivo\u201d (da Catastico de beni di Vedana 1703); \u201cCandaten: case coloniche, tieza e stalle con chiesa di ragione del Monastero e fondo prativo che resta diseparato dalla strada, con alberi come si vede in disegno\u2026\u201d, sempre dal Catastico; tratto del percorso scavato nella roccia presso il Vai\u00f3n; pineta di silvestre nei pressi del ponticello sul Rio Pegolera; le suggestive distese prative di Agre; l\u2019ospizio di Agre; la valle del Cordevole nei pressi di Agre nella cartolina del bellunese Breveglieri di inizi \u2018900; 1640: Castel Agordino e sentiero di accesso nel progetto di ristrutturazione della fortificazione; passaggio attraverso le strutture del forte di San Martino; la passerella lignea sul Rio Carbonere ricostruita lungo l\u2019antico tracciato; cartolina Breveglieri di fine \u2018800 con i fabbricati delle miniere di Valle Imperina e l\u2019edificio di maggiori dimensioni sede dei forni fusori.<\/p>\n\n\t\t\t<style type='text\/css'>\n\t\t\t\t#gallery-1 {\n\t\t\t\t\tmargin: auto;\n\t\t\t\t}\n\t\t\t\t#gallery-1 .gallery-item {\n\t\t\t\t\tfloat: left;\n\t\t\t\t\tmargin-top: 10px;\n\t\t\t\t\ttext-align: center;\n\t\t\t\t\twidth: 20%;\n\t\t\t\t}\n\t\t\t\t#gallery-1 img {\n\t\t\t\t\tborder: 2px solid #cfcfcf;\n\t\t\t\t}\n\t\t\t\t#gallery-1 .gallery-caption {\n\t\t\t\t\tmargin-left: 0;\n\t\t\t\t}\n\t\t\t\t\/* see gallery_shortcode() in wp-includes\/media.php *\/\n\t\t\t<\/style>\n\t\t<div id='gallery-1' class='dt-gallery-container gallery galleryid-268354 gallery-columns-5 gallery-size-thumbnail'><dl class='gallery-item'>\n\t\t\t\t<dt class='gallery-icon portrait'>\n\t\t\t\t\t<a class=\"rollover rollover-zoom dt-pswp-item\" title=\"277465739_521273916037662_956735261552789998_n\" data-dt-img-description=\"\" data-large_image_width=\"151\" data-large_image_height=\"280\"href='https:\/\/www.radiopiu.net\/wordpress\/wp-content\/uploads\/2022\/04\/277465739_521273916037662_956735261552789998_n.jpg'><img loading=\"lazy\" decoding=\"async\" width=\"150\" height=\"150\" src=\"https:\/\/www.radiopiu.net\/wordpress\/wp-content\/uploads\/2022\/04\/277465739_521273916037662_956735261552789998_n-150x150.jpg\" class=\"attachment-thumbnail size-thumbnail\" alt=\"\" \/><\/a>\n\t\t\t\t<\/dt><\/dl><dl class='gallery-item'>\n\t\t\t\t<dt class='gallery-icon landscape'>\n\t\t\t\t\t<a class=\"rollover rollover-zoom dt-pswp-item\" title=\"277681727_1120071162150479_6550154277973709871_n\" data-dt-img-description=\"\" data-large_image_width=\"369\" data-large_image_height=\"206\"href='https:\/\/www.radiopiu.net\/wordpress\/wp-content\/uploads\/2022\/04\/277681727_1120071162150479_6550154277973709871_n.jpg'><img loading=\"lazy\" decoding=\"async\" width=\"150\" height=\"150\" src=\"https:\/\/www.radiopiu.net\/wordpress\/wp-content\/uploads\/2022\/04\/277681727_1120071162150479_6550154277973709871_n-150x150.jpg\" class=\"attachment-thumbnail size-thumbnail\" alt=\"\" \/><\/a>\n\t\t\t\t<\/dt><\/dl><dl class='gallery-item'>\n\t\t\t\t<dt class='gallery-icon landscape'>\n\t\t\t\t\t<a class=\"rollover rollover-zoom dt-pswp-item\" title=\"276326945_1029596851269979_6649551876721780757_n\" data-dt-img-description=\"\" data-large_image_width=\"296\" data-large_image_height=\"202\"href='https:\/\/www.radiopiu.net\/wordpress\/wp-content\/uploads\/2022\/04\/276326945_1029596851269979_6649551876721780757_n.jpg'><img loading=\"lazy\" decoding=\"async\" width=\"150\" height=\"150\" src=\"https:\/\/www.radiopiu.net\/wordpress\/wp-content\/uploads\/2022\/04\/276326945_1029596851269979_6649551876721780757_n-150x150.jpg\" class=\"attachment-thumbnail size-thumbnail\" alt=\"\" \/><\/a>\n\t\t\t\t<\/dt><\/dl><dl class='gallery-item'>\n\t\t\t\t<dt class='gallery-icon landscape'>\n\t\t\t\t\t<a class=\"rollover rollover-zoom dt-pswp-item\" title=\"277029448_516395956665777_3609185799082321371_n\" data-dt-img-description=\"\" data-large_image_width=\"315\" data-large_image_height=\"206\"href='https:\/\/www.radiopiu.net\/wordpress\/wp-content\/uploads\/2022\/04\/277029448_516395956665777_3609185799082321371_n.jpg'><img loading=\"lazy\" decoding=\"async\" width=\"150\" height=\"150\" src=\"https:\/\/www.radiopiu.net\/wordpress\/wp-content\/uploads\/2022\/04\/277029448_516395956665777_3609185799082321371_n-150x150.jpg\" class=\"attachment-thumbnail size-thumbnail\" alt=\"\" \/><\/a>\n\t\t\t\t<\/dt><\/dl><dl class='gallery-item'>\n\t\t\t\t<dt class='gallery-icon landscape'>\n\t\t\t\t\t<a class=\"rollover rollover-zoom dt-pswp-item\" title=\"277592046_1141454026615813_2564842211520442268_n\" data-dt-img-description=\"\" data-large_image_width=\"583\" data-large_image_height=\"206\"href='https:\/\/www.radiopiu.net\/wordpress\/wp-content\/uploads\/2022\/04\/277592046_1141454026615813_2564842211520442268_n.jpg'><img loading=\"lazy\" decoding=\"async\" width=\"150\" height=\"150\" src=\"https:\/\/www.radiopiu.net\/wordpress\/wp-content\/uploads\/2022\/04\/277592046_1141454026615813_2564842211520442268_n-150x150.jpg\" class=\"attachment-thumbnail size-thumbnail\" alt=\"\" \/><\/a>\n\t\t\t\t<\/dt><\/dl><br style=\"clear: both\" \/><dl class='gallery-item'>\n\t\t\t\t<dt class='gallery-icon portrait'>\n\t\t\t\t\t<a class=\"rollover rollover-zoom dt-pswp-item\" title=\"277456863_263799319181966_2962141179360218928_n\" data-dt-img-description=\"\" data-large_image_width=\"160\" data-large_image_height=\"201\"href='https:\/\/www.radiopiu.net\/wordpress\/wp-content\/uploads\/2022\/04\/277456863_263799319181966_2962141179360218928_n.jpg'><img loading=\"lazy\" decoding=\"async\" width=\"150\" height=\"150\" src=\"https:\/\/www.radiopiu.net\/wordpress\/wp-content\/uploads\/2022\/04\/277456863_263799319181966_2962141179360218928_n-150x150.jpg\" class=\"attachment-thumbnail size-thumbnail\" alt=\"\" \/><\/a>\n\t\t\t\t<\/dt><\/dl><dl class='gallery-item'>\n\t\t\t\t<dt class='gallery-icon portrait'>\n\t\t\t\t\t<a class=\"rollover rollover-zoom dt-pswp-item\" title=\"277541731_699056144559270_6377968733394977832_n\" data-dt-img-description=\"\" data-large_image_width=\"153\" data-large_image_height=\"206\"href='https:\/\/www.radiopiu.net\/wordpress\/wp-content\/uploads\/2022\/04\/277541731_699056144559270_6377968733394977832_n.jpg'><img loading=\"lazy\" decoding=\"async\" width=\"150\" height=\"150\" src=\"https:\/\/www.radiopiu.net\/wordpress\/wp-content\/uploads\/2022\/04\/277541731_699056144559270_6377968733394977832_n-150x150.jpg\" class=\"attachment-thumbnail size-thumbnail\" alt=\"\" \/><\/a>\n\t\t\t\t<\/dt><\/dl><dl class='gallery-item'>\n\t\t\t\t<dt class='gallery-icon portrait'>\n\t\t\t\t\t<a class=\"rollover rollover-zoom dt-pswp-item\" title=\"277500529_516443710100870_4023465476393285340_n\" data-dt-img-description=\"\" data-large_image_width=\"160\" data-large_image_height=\"203\"href='https:\/\/www.radiopiu.net\/wordpress\/wp-content\/uploads\/2022\/04\/277500529_516443710100870_4023465476393285340_n.jpg'><img loading=\"lazy\" decoding=\"async\" width=\"150\" height=\"150\" src=\"https:\/\/www.radiopiu.net\/wordpress\/wp-content\/uploads\/2022\/04\/277500529_516443710100870_4023465476393285340_n-150x150.jpg\" class=\"attachment-thumbnail size-thumbnail\" alt=\"\" \/><\/a>\n\t\t\t\t<\/dt><\/dl><dl class='gallery-item'>\n\t\t\t\t<dt class='gallery-icon landscape'>\n\t\t\t\t\t<a class=\"rollover rollover-zoom dt-pswp-item\" title=\"277591685_1912130398984933_1594549248983751870_n\" data-dt-img-description=\"\" data-large_image_width=\"350\" data-large_image_height=\"199\"href='https:\/\/www.radiopiu.net\/wordpress\/wp-content\/uploads\/2022\/04\/277591685_1912130398984933_1594549248983751870_n.jpg'><img loading=\"lazy\" decoding=\"async\" width=\"150\" height=\"150\" src=\"https:\/\/www.radiopiu.net\/wordpress\/wp-content\/uploads\/2022\/04\/277591685_1912130398984933_1594549248983751870_n-150x150.jpg\" class=\"attachment-thumbnail size-thumbnail\" alt=\"\" \/><\/a>\n\t\t\t\t<\/dt><\/dl><dl class='gallery-item'>\n\t\t\t\t<dt class='gallery-icon landscape'>\n\t\t\t\t\t<a class=\"rollover rollover-zoom dt-pswp-item\" title=\"277455673_4936710349737861_4633063873935657045_n\" data-dt-img-description=\"\" data-large_image_width=\"320\" data-large_image_height=\"203\"href='https:\/\/www.radiopiu.net\/wordpress\/wp-content\/uploads\/2022\/04\/277455673_4936710349737861_4633063873935657045_n.jpg'><img loading=\"lazy\" decoding=\"async\" width=\"150\" height=\"150\" src=\"https:\/\/www.radiopiu.net\/wordpress\/wp-content\/uploads\/2022\/04\/277455673_4936710349737861_4633063873935657045_n-150x150.jpg\" class=\"attachment-thumbnail size-thumbnail\" alt=\"\" \/><\/a>\n\t\t\t\t<\/dt><\/dl><br style=\"clear: both\" \/><dl class='gallery-item'>\n\t\t\t\t<dt class='gallery-icon landscape'>\n\t\t\t\t\t<a class=\"rollover rollover-zoom dt-pswp-item\" title=\"277609455_276376261352003_6870705961709313058_n\" data-dt-img-description=\"\" data-large_image_width=\"342\" data-large_image_height=\"206\"href='https:\/\/www.radiopiu.net\/wordpress\/wp-content\/uploads\/2022\/04\/277609455_276376261352003_6870705961709313058_n.jpg'><img loading=\"lazy\" decoding=\"async\" width=\"150\" height=\"150\" src=\"https:\/\/www.radiopiu.net\/wordpress\/wp-content\/uploads\/2022\/04\/277609455_276376261352003_6870705961709313058_n-150x150.jpg\" class=\"attachment-thumbnail size-thumbnail\" alt=\"\" \/><\/a>\n\t\t\t\t<\/dt><\/dl><dl class='gallery-item'>\n\t\t\t\t<dt class='gallery-icon portrait'>\n\t\t\t\t\t<a class=\"rollover rollover-zoom dt-pswp-item\" title=\"277524558_720156685662292_6037728194376854468_n\" data-dt-img-description=\"\" data-large_image_width=\"153\" data-large_image_height=\"206\"href='https:\/\/www.radiopiu.net\/wordpress\/wp-content\/uploads\/2022\/04\/277524558_720156685662292_6037728194376854468_n.jpg'><img loading=\"lazy\" decoding=\"async\" width=\"150\" height=\"150\" src=\"https:\/\/www.radiopiu.net\/wordpress\/wp-content\/uploads\/2022\/04\/277524558_720156685662292_6037728194376854468_n-150x150.jpg\" class=\"attachment-thumbnail size-thumbnail\" alt=\"\" \/><\/a>\n\t\t\t\t<\/dt><\/dl><dl class='gallery-item'>\n\t\t\t\t<dt class='gallery-icon portrait'>\n\t\t\t\t\t<a class=\"rollover rollover-zoom dt-pswp-item\" title=\"277476821_1357838961357817_805377784532547270_n\" data-dt-img-description=\"\" data-large_image_width=\"150\" data-large_image_height=\"225\"href='https:\/\/www.radiopiu.net\/wordpress\/wp-content\/uploads\/2022\/04\/277476821_1357838961357817_805377784532547270_n.jpg'><img loading=\"lazy\" decoding=\"async\" width=\"150\" height=\"150\" src=\"https:\/\/www.radiopiu.net\/wordpress\/wp-content\/uploads\/2022\/04\/277476821_1357838961357817_805377784532547270_n-150x150.jpg\" class=\"attachment-thumbnail size-thumbnail\" alt=\"\" \/><\/a>\n\t\t\t\t<\/dt><\/dl><dl class='gallery-item'>\n\t\t\t\t<dt class='gallery-icon portrait'>\n\t\t\t\t\t<a class=\"rollover rollover-zoom dt-pswp-item\" title=\"277546218_1164896390992966_6935929078396480862_n\" data-dt-img-description=\"\" data-large_image_width=\"152\" data-large_image_height=\"225\"href='https:\/\/www.radiopiu.net\/wordpress\/wp-content\/uploads\/2022\/04\/277546218_1164896390992966_6935929078396480862_n.jpg'><img loading=\"lazy\" decoding=\"async\" width=\"150\" height=\"150\" src=\"https:\/\/www.radiopiu.net\/wordpress\/wp-content\/uploads\/2022\/04\/277546218_1164896390992966_6935929078396480862_n-150x150.jpg\" class=\"attachment-thumbnail size-thumbnail\" alt=\"\" \/><\/a>\n\t\t\t\t<\/dt><\/dl><dl class='gallery-item'>\n\t\t\t\t<dt class='gallery-icon landscape'>\n\t\t\t\t\t<a class=\"rollover rollover-zoom dt-pswp-item\" title=\"277609463_2111261835728782_8668427335219427804_n\" data-dt-img-description=\"\" data-large_image_width=\"337\" data-large_image_height=\"206\"href='https:\/\/www.radiopiu.net\/wordpress\/wp-content\/uploads\/2022\/04\/277609463_2111261835728782_8668427335219427804_n.jpg'><img loading=\"lazy\" decoding=\"async\" width=\"150\" height=\"150\" src=\"https:\/\/www.radiopiu.net\/wordpress\/wp-content\/uploads\/2022\/04\/277609463_2111261835728782_8668427335219427804_n-150x150.jpg\" class=\"attachment-thumbnail size-thumbnail\" alt=\"\" \/><\/a>\n\t\t\t\t<\/dt><\/dl><br style=\"clear: both\" \/>\n\t\t\t<\/div>\n\n<p>&nbsp;<\/p>\n","protected":false},"excerpt":{"rendered":"<p>di\u00a0 RENATO BONA E\u2019 intitolato \u201cLa via degli ospizi. Sulle antiche tracce di viandanti in Val Cordevole\u201d il sesto ed ultimo libro-guida con la serie di itinerari nel Parco nazionale Dolomiti Bellunesi, realizzato da Tito De Nardin, Gianni Poloniato e Giovanni Tomasi nel 2002 per l\u2019Ente Parco, con Duck edizioni, stampa di Promoduck di Santa&hellip;<\/p>\n","protected":false},"author":4,"featured_media":268365,"comment_status":"closed","ping_status":"closed","sticky":false,"template":"","format":"standard","meta":{"_monsterinsights_skip_tracking":false,"_monsterinsights_sitenote_active":false,"_monsterinsights_sitenote_note":"","_monsterinsights_sitenote_category":0,"footnotes":""},"categories":[49],"tags":[],"class_list":["post-268354","post","type-post","status-publish","format-standard","has-post-thumbnail","hentry","category-news-18","category-49","description-off"],"img_url":"https:\/\/www.radiopiu.net\/wordpress\/wp-content\/uploads\/2022\/04\/277609455_276376261352003_6870705961709313058_n.jpg","_links":{"self":[{"href":"https:\/\/www.radiopiu.net\/wordpress\/wp-json\/wp\/v2\/posts\/268354","targetHints":{"allow":["GET"]}}],"collection":[{"href":"https:\/\/www.radiopiu.net\/wordpress\/wp-json\/wp\/v2\/posts"}],"about":[{"href":"https:\/\/www.radiopiu.net\/wordpress\/wp-json\/wp\/v2\/types\/post"}],"author":[{"embeddable":true,"href":"https:\/\/www.radiopiu.net\/wordpress\/wp-json\/wp\/v2\/users\/4"}],"replies":[{"embeddable":true,"href":"https:\/\/www.radiopiu.net\/wordpress\/wp-json\/wp\/v2\/comments?post=268354"}],"version-history":[{"count":0,"href":"https:\/\/www.radiopiu.net\/wordpress\/wp-json\/wp\/v2\/posts\/268354\/revisions"}],"wp:featuredmedia":[{"embeddable":true,"href":"https:\/\/www.radiopiu.net\/wordpress\/wp-json\/wp\/v2\/media\/268365"}],"wp:attachment":[{"href":"https:\/\/www.radiopiu.net\/wordpress\/wp-json\/wp\/v2\/media?parent=268354"}],"wp:term":[{"taxonomy":"category","embeddable":true,"href":"https:\/\/www.radiopiu.net\/wordpress\/wp-json\/wp\/v2\/categories?post=268354"},{"taxonomy":"post_tag","embeddable":true,"href":"https:\/\/www.radiopiu.net\/wordpress\/wp-json\/wp\/v2\/tags?post=268354"}],"curies":[{"name":"wp","href":"https:\/\/api.w.org\/{rel}","templated":true}]}}