{"id":268405,"date":"2022-04-04T05:41:11","date_gmt":"2022-04-04T03:41:11","guid":{"rendered":"https:\/\/www.radiopiu.net\/wordpress\/?p=268405"},"modified":"2022-04-04T08:59:55","modified_gmt":"2022-04-04T06:59:55","slug":"giornale-radiopiu-04-aprile-2022-direttore-mirko-mezzacasa","status":"publish","type":"post","link":"https:\/\/www.radiopiu.net\/wordpress\/giornale-radiopiu-04-aprile-2022-direttore-mirko-mezzacasa\/","title":{"rendered":"GIORNALE RADIOPIU 04 APRILE 2022 DIRETTORE MIRKO MEZZACASA"},"content":{"rendered":"<h3 class=\"kvgmc6g5 cxmmr5t8 oygrvhab hcukyx3x c1et5uql\"><span style=\"color: #0000ff;\"><strong>INFORMAZIONE il canale su TELEGRAM informazione di prima\u00a0 <\/strong><\/span><span style=\"color: #0000ff;\"><strong>mano e in tempo reale. iscriviti ed aiutaci a farlo conoscere\u00a0\u00a0<\/strong><\/span><\/h3>\n<p>&nbsp;<\/p>\n<div class=\"page-title-head hgroup\">\n<blockquote>\n<h3 class=\"entry-title\">SOSPIROLO VICINO ALLA FAMIGLIA CHE HA PERSO TUTTO NELL\u2019INCENDIO<\/h3>\n<\/blockquote>\n<\/div>\n<div class=\"page-title-breadcrumbs\"><\/div>\n<p><strong><a class=\"dt-pswp-item\" href=\"https:\/\/www.radiopiu.net\/wordpress\/wp-content\/uploads\/2022\/03\/9a1da76c-b566-412f-979e-bbe44161dcc6.jpg\" data-dt-img-description=\"\" data-large_image_width=\"720\" data-large_image_height=\"504\"><img loading=\"lazy\" decoding=\"async\" class=\"wp-image-267797 alignleft\" src=\"https:\/\/www.radiopiu.net\/wordpress\/wp-content\/uploads\/2022\/03\/9a1da76c-b566-412f-979e-bbe44161dcc6-300x210.jpg\" alt=\"\" width=\"181\" height=\"127\" srcset=\"https:\/\/www.radiopiu.net\/wordpress\/wp-content\/uploads\/2022\/03\/9a1da76c-b566-412f-979e-bbe44161dcc6-300x210.jpg 300w, https:\/\/www.radiopiu.net\/wordpress\/wp-content\/uploads\/2022\/03\/9a1da76c-b566-412f-979e-bbe44161dcc6.jpg 720w\" sizes=\"auto, (max-width: 181px) 100vw, 181px\" \/><\/a>SOSPIROLO<\/strong><\/p>\n<p><strong>DI DAMIANO TORMEN<\/strong><\/p>\n<p><strong>AUDIO<\/strong><\/p>\n<audio class=\"wp-audio-shortcode\" id=\"audio-268405-1\" preload=\"none\" style=\"width: 100%;\" controls=\"controls\"><source type=\"audio\/mpeg\" src=\"https:\/\/www.radiopiu.net\/wordpress\/wp-content\/uploads\/2022\/04\/DAMIANO.mp3?_=1\" \/><a href=\"https:\/\/www.radiopiu.net\/wordpress\/wp-content\/uploads\/2022\/04\/DAMIANO.mp3\">https:\/\/www.radiopiu.net\/wordpress\/wp-content\/uploads\/2022\/04\/DAMIANO.mp3<\/a><\/audio>\n<p>&nbsp;<\/p>\n<p>&nbsp;<\/p>\n<p>&nbsp;<\/p>\n<hr \/>\n<p>&nbsp;<\/p>\n<blockquote>\n<h3>ACQUA NON POTABILE IN ALCUNE ZONE DI CENCENIGHE<\/h3>\n<\/blockquote>\n<p><a class=\"dt-pswp-item\" href=\"https:\/\/www.radiopiu.net\/wordpress\/wp-content\/uploads\/2018\/08\/ACQUA.jpeg\" data-dt-img-description=\"\" data-large_image_width=\"1280\" data-large_image_height=\"768\"><img loading=\"lazy\" decoding=\"async\" class=\"wp-image-57052 alignleft\" src=\"https:\/\/www.radiopiu.net\/wordpress\/wp-content\/uploads\/2018\/08\/ACQUA-300x180.jpeg\" alt=\"\" width=\"140\" height=\"84\" srcset=\"https:\/\/www.radiopiu.net\/wordpress\/wp-content\/uploads\/2018\/08\/ACQUA-300x180.jpeg 300w, https:\/\/www.radiopiu.net\/wordpress\/wp-content\/uploads\/2018\/08\/ACQUA-768x461.jpeg 768w, https:\/\/www.radiopiu.net\/wordpress\/wp-content\/uploads\/2018\/08\/ACQUA-1024x614.jpeg 1024w, https:\/\/www.radiopiu.net\/wordpress\/wp-content\/uploads\/2018\/08\/ACQUA.jpeg 1280w\" sizes=\"auto, (max-width: 140px) 100vw, 140px\" \/><\/a>Gestione Servizi Pubblici informa che a CENCENIGHE AGORDINO nelle LOCALITA&#8217; FAE&#8217;, VARE BASSE E LUXOTTICA, l&#8217;acqua erogata dall&#8217;acquedotto non \u00e8 potabile e pu\u00f2 essere usata per scopi alimentari SOLO PREVIA bollitura. GSP ha, comunque, gi\u00e0 adottato le necessarie misure per la disinfezione dell&#8217;acqua presente nei serbatoi e nella rete idrica con l&#8217;aggiunta di cloro.<\/p>\n<p>&nbsp;<\/p>\n<p>&nbsp;<\/p>\n<hr \/>\n<p>&nbsp;<\/p>\n<blockquote>\n<h3>C&#8217;E&#8217; TEMPO FINO AL 4 APRILE PER PRENOTARE L&#8217;UOVO DI PASQUA ED AIUTARE IL POPOLO UCRAINO<\/h3>\n<\/blockquote>\n<p><strong><a class=\"dt-pswp-item\" href=\"https:\/\/www.radiopiu.net\/wordpress\/wp-content\/uploads\/2022\/03\/277220915_10221731122211129_4232410933207517785_n.jpg\" data-dt-img-description=\"\" data-large_image_width=\"656\" data-large_image_height=\"960\"><img loading=\"lazy\" decoding=\"async\" class=\"size-thumbnail wp-image-267414 alignleft\" src=\"https:\/\/www.radiopiu.net\/wordpress\/wp-content\/uploads\/2022\/03\/277220915_10221731122211129_4232410933207517785_n-150x150.jpg\" alt=\"\" width=\"150\" height=\"150\" \/><\/a> <\/strong><\/p>\n<p><strong>\u00a0<\/strong><strong>LIMANA <\/strong>La Corale di Limana si \u00e8 fatta promotrice anche quest&#8217;anno di un iniziativa a sfondo solidale per la prossima Pasqua. Un uovo di cioccolato al latte con all&#8217;interno una pennetta Usb con 14 canti dei cori della provincia e due canti di cori ucraini.\u00a0 E\u2019 ancora possibile prenotare le uova con un offerta di 15\u20ac a singolo uovo, 10\u20ac per ordini superiori a tre , inviando un messaggio al numero 328 3847717 ENTRO IL 04 APRILE 2022. Media Partner: Radio Pi\u00f9<\/p>\n<p>&nbsp;<\/p>\n<p>&nbsp;<\/p>\n<hr \/>\n<p>&nbsp;<\/p>\n<blockquote>\n<h3>RAID NOTTURNO A MAS DI SEDICO. IGNOTI HANNO ROTTO FINESTRINI DELLE AUTO E TENTATO DI ENTRARE IN ALCUNE CASE<\/h3>\n<\/blockquote>\n<p><strong><a class=\"dt-pswp-item\" href=\"https:\/\/www.radiopiu.net\/wordpress\/wp-content\/uploads\/2022\/04\/155b8afc-42d1-459f-8b31-830a60b05bd3.jpg\" data-dt-img-description=\"\" data-large_image_width=\"800\" data-large_image_height=\"447\"><img loading=\"lazy\" decoding=\"async\" class=\"wp-image-268541 alignleft\" src=\"https:\/\/www.radiopiu.net\/wordpress\/wp-content\/uploads\/2022\/04\/155b8afc-42d1-459f-8b31-830a60b05bd3-300x168.jpg\" alt=\"\" width=\"175\" height=\"98\" srcset=\"https:\/\/www.radiopiu.net\/wordpress\/wp-content\/uploads\/2022\/04\/155b8afc-42d1-459f-8b31-830a60b05bd3-300x168.jpg 300w, https:\/\/www.radiopiu.net\/wordpress\/wp-content\/uploads\/2022\/04\/155b8afc-42d1-459f-8b31-830a60b05bd3-768x429.jpg 768w, https:\/\/www.radiopiu.net\/wordpress\/wp-content\/uploads\/2022\/04\/155b8afc-42d1-459f-8b31-830a60b05bd3.jpg 800w\" sizes=\"auto, (max-width: 175px) 100vw, 175px\" \/><\/a>SEDICO<\/strong> La segnalazione arriva dal gruppo Telegram &#8220;Sentiamoci al sicuro &#8211; Belluno e provincia&#8221;. Anche nella notte tra venerd\u00ec e sabato raid vandalici, questa volta al Mas di Sedico, a distanza di pochi giorni dai furti a Belluno, Sospirolo, Santa Giustina e nel feltrino. I &#8220;topi&#8221; d&#8217;auto tornano in azione. Dalla chat si legge che sono stati spaccati alcuni finestrini delle auto e gli ignoti hanno anche provato ad entrare in alcune case.<\/p>\n<p>&nbsp;<\/p>\n<p>&nbsp;<\/p>\n<hr \/>\n<p>&nbsp;<\/p>\n<blockquote>\n<h3>LA TRUFFA DELLO SPECCHIETTO, FARE ATTENZIONE<\/h3>\n<\/blockquote>\n<div class=\"kvgmc6g5 cxmmr5t8 oygrvhab hcukyx3x c1et5uql ii04i59q\">\n<div dir=\"auto\"><a class=\"dt-pswp-item\" href=\"https:\/\/www.radiopiu.net\/wordpress\/wp-content\/uploads\/2022\/04\/safe_image.jpg\" data-dt-img-description=\"\" data-large_image_width=\"500\" data-large_image_height=\"261\"><img loading=\"lazy\" decoding=\"async\" class=\"size-thumbnail wp-image-268559 alignleft\" src=\"https:\/\/www.radiopiu.net\/wordpress\/wp-content\/uploads\/2022\/04\/safe_image-150x150.jpg\" alt=\"\" width=\"150\" height=\"150\" \/><\/a> Ci risiamo con la truffa dello specchietto, l&#8217;ultimo caso segnalato a Sedico, ne da notizia Ylenia Vassere sulla pagina facebook Dolomites Agordino.<\/div>\n<div dir=\"auto\"><\/div>\n<\/div>\n<div class=\"cxmmr5t8 oygrvhab hcukyx3x c1et5uql o9v6fnle ii04i59q\">\n<blockquote>\n<div dir=\"auto\"><em>Cos\u2019\u00e8 la truffa dello specchietto<\/em><\/div>\n<div dir=\"auto\"><em>La truffa dello specchietto \u00e8 una pratica semplice ma micidiale: il malvivente finge che il suo specchietto sia stato rotto dalla vostra vettura in marcia, in modo da farsi dare i soldi in contanti per riparare il danno.<\/em><\/div>\n<\/blockquote>\n<\/div>\n<p dir=\"auto\">PER ULTERIORI INFORMAZIONI <a href=\"https:\/\/www.quotidianomotori.com\/automobili\/la-truffa-dello-specchietto\/?fbclid=IwAR1--ZOKFQ642ffr0Sa-qgh_Layeu-C61l12neN5Kb4qWS9ECtBhN9IqxKo\">CLICCA QUI\u00a0\u00a0\u00a0<\/a><\/p>\n<hr \/>\n<blockquote>\n<h3 dir=\"auto\">DUE GLI INTERVENTI DEI POMPIERI DI SELVA DI CADORE<\/h3>\n<\/blockquote>\n<p><strong>SELVA DI CADORE<\/strong> La neve di aprile non ha mancato di creare qualche disagio sulle strade dell&#8217;Agordino,\u00a0 A togliere dai guai un paio di automobilisti che hanno sottovalutato l&#8217;allarme meteo ci hanno pensato i vigili del fuoco volontari di Selva di Cadore su richiesta della Sala operativa 115 del Comando Provinciale\u00a0 di Belluno,\u00a0 impegnati nel pomeriggio\u00a0 per recuperare due autovetture rimaste bloccate nelle neve.<\/p>\n\n\t\t\t<style type='text\/css'>\n\t\t\t\t#gallery-1 {\n\t\t\t\t\tmargin: auto;\n\t\t\t\t}\n\t\t\t\t#gallery-1 .gallery-item {\n\t\t\t\t\tfloat: left;\n\t\t\t\t\tmargin-top: 10px;\n\t\t\t\t\ttext-align: center;\n\t\t\t\t\twidth: 50%;\n\t\t\t\t}\n\t\t\t\t#gallery-1 img {\n\t\t\t\t\tborder: 2px solid #cfcfcf;\n\t\t\t\t}\n\t\t\t\t#gallery-1 .gallery-caption {\n\t\t\t\t\tmargin-left: 0;\n\t\t\t\t}\n\t\t\t\t\/* see gallery_shortcode() in wp-includes\/media.php *\/\n\t\t\t<\/style>\n\t\t<div id='gallery-1' class='dt-gallery-container gallery galleryid-268405 gallery-columns-2 gallery-size-thumbnail'><dl class='gallery-item'>\n\t\t\t\t<dt class='gallery-icon portrait'>\n\t\t\t\t\t<a class=\"rollover\" href='https:\/\/www.radiopiu.net\/wordpress\/due-gli-interventi-dei-pompieri-di-selva-di-cadore\/277522363_10209965920220596_5535490947783674006_n\/'><img loading=\"lazy\" decoding=\"async\" width=\"150\" height=\"150\" src=\"https:\/\/www.radiopiu.net\/wordpress\/wp-content\/uploads\/2022\/04\/277522363_10209965920220596_5535490947783674006_n-150x150.jpg\" class=\"attachment-thumbnail size-thumbnail\" alt=\"\" \/><\/a>\n\t\t\t\t<\/dt><\/dl><dl class='gallery-item'>\n\t\t\t\t<dt class='gallery-icon portrait'>\n\t\t\t\t\t<a class=\"rollover\" href='https:\/\/www.radiopiu.net\/wordpress\/due-gli-interventi-dei-pompieri-di-selva-di-cadore\/277780249_10209965920420601_5246531062476635567_n\/'><img loading=\"lazy\" decoding=\"async\" width=\"150\" height=\"150\" src=\"https:\/\/www.radiopiu.net\/wordpress\/wp-content\/uploads\/2022\/04\/277780249_10209965920420601_5246531062476635567_n-150x150.jpg\" class=\"attachment-thumbnail size-thumbnail\" alt=\"\" \/><\/a>\n\t\t\t\t<\/dt><\/dl><br style=\"clear: both\" \/>\n\t\t\t<\/div>\n\n<p>&nbsp;<\/p>\n<hr \/>\n<p>&nbsp;<\/p>\n<blockquote>\n<h3>CANNA FUMARIA IN FIAMME<\/h3>\n<\/blockquote>\n<p><strong>BORGO VALBELLUNA<\/strong>\u00a0 Nel pomeriggio di ieri i vigili del fuoco sono intervenuti a Pellegai, fortunatamente si trattava solo di fumo da un camino propagatosi nei piani alti dell&#8217;abitazione.<\/p>\n<p>&nbsp;<\/p>\n<hr \/>\n<p>&nbsp;<\/p>\n<blockquote>\n<h3><a class=\"dt-pswp-item\" href=\"https:\/\/www.radiopiu.net\/wordpress\/wp-content\/uploads\/2022\/04\/ASD.jpg\" data-dt-img-description=\"\" data-large_image_width=\"114\" data-large_image_height=\"134\"><img loading=\"lazy\" decoding=\"async\" class=\" wp-image-268666 alignleft\" src=\"https:\/\/www.radiopiu.net\/wordpress\/wp-content\/uploads\/2022\/04\/ASD.jpg\" alt=\"\" width=\"99\" height=\"116\" \/><\/a>E&#8217; MORTO IL DOTTOR GIOVANNI BAUCE, EX PRIMARIO DELLA RADIOLOGIA A FELTRE<\/h3>\n<\/blockquote>\n<p><strong>BELLUNO <\/strong>L\u2019Ulss Dolomiti esprime cordoglio per la scomparsa del dottor Giovanni Bauce, primario della Radiologia del Santa Maria del Prato dal 1978 al 1991. Padovano di origine, classe 1936, il dottor Bauce aveva preso servizio a Feltre nel novembre 1961 come assistente e poi come \u201caiuto\u201d in Radiologia. Dal 1978 ha poi guidato il reparto come primario fino al 1991. L\u2019Ulss porge alla famiglia le pi\u00f9 sentite condoglianze.<\/p>\n<p>&nbsp;<\/p>\n<p>&nbsp;<\/p>\n<hr \/>\n<p>&nbsp;<\/p>\n<blockquote>\n<h3>ACC E IDEAL STANDARD, LE CONSIDERAZIONI DI STEFANO BONA (FIOM CGIL)<\/h3>\n<\/blockquote>\n<p><strong><a class=\"dt-pswp-item\" href=\"https:\/\/www.radiopiu.net\/wordpress\/wp-content\/uploads\/2021\/03\/download-2.jpg\" data-dt-img-description=\"\" data-large_image_width=\"300\" data-large_image_height=\"168\"><img loading=\"lazy\" decoding=\"async\" class=\"wp-image-197665 size-thumbnail alignleft\" src=\"https:\/\/www.radiopiu.net\/wordpress\/wp-content\/uploads\/2021\/03\/download-2-150x150.jpg\" alt=\"\" width=\"150\" height=\"150\" \/><\/a>BELLUNO<\/strong> Con la vendita di Acc e l&#8217;accordo per l&#8217;acquisizione di Ideal Standard, Stefano Bona dice la sua sulle due realt\u00e0 bellunesi<\/p>\n<blockquote><p><em>Nelle stesse ore nelle quali vengono vendute le linee produttive di Acc con i suoi brevetti e il relativo Know how, si delinea il salvataggio di Ideal Standard, tutto molto Giorgettiano. Metti insieme tre imprenditori e gli finanzi il salvataggio, a chi invece chiedeva la regia pubblica solo porte in faccia. Tra l&#8217;altro tutti impegnati in business tecnologicamente e competitivamente facili (sanitari di fascia medio alta, calzature e occhiali di moda ecc.ecc.) ma tutti in fuga quando il business, il compressore italiano in lotta con i colossi Cinesi e Giapponesi si fa davvero tosta! Unica parziale soddisfazione, esito della gara, non vedere il nostro mitico Kappa e il nuovo Kappa 149 a velocit\u00e0 variabile nelle mani e prodotto da qualcuno vicino a noi che della triste fine della storica Zanussi Elettromeccanica non si \u00e8 certo rammaricato.<\/em><\/p>\n<p><strong><em>Stefano Bona &#8211; FIOM CGIL<\/em><\/strong><\/p><\/blockquote>\n<p>&nbsp;<\/p>\n<hr \/>\n<p>&nbsp;<\/p>\n<blockquote>\n<h3>RITORNA IL SUMMER CAMP DI LUXOTTICA A BIBIONE<\/h3>\n<\/blockquote>\n<p><strong><a class=\"dt-pswp-item\" href=\"https:\/\/www.radiopiu.net\/wordpress\/wp-content\/uploads\/2022\/04\/VILLAGGIO-TURISTICO-INTERNAZIONALE-BIBIONE.jpg\" data-dt-img-description=\"\" data-large_image_width=\"900\" data-large_image_height=\"603\"><img loading=\"lazy\" decoding=\"async\" class=\" wp-image-268480 alignleft\" src=\"https:\/\/www.radiopiu.net\/wordpress\/wp-content\/uploads\/2022\/04\/VILLAGGIO-TURISTICO-INTERNAZIONALE-BIBIONE-300x201.jpg\" alt=\"\" width=\"151\" height=\"101\" srcset=\"https:\/\/www.radiopiu.net\/wordpress\/wp-content\/uploads\/2022\/04\/VILLAGGIO-TURISTICO-INTERNAZIONALE-BIBIONE-300x201.jpg 300w, https:\/\/www.radiopiu.net\/wordpress\/wp-content\/uploads\/2022\/04\/VILLAGGIO-TURISTICO-INTERNAZIONALE-BIBIONE-768x515.jpg 768w, https:\/\/www.radiopiu.net\/wordpress\/wp-content\/uploads\/2022\/04\/VILLAGGIO-TURISTICO-INTERNAZIONALE-BIBIONE.jpg 900w\" sizes=\"auto, (max-width: 151px) 100vw, 151px\" \/><\/a>AGORDO<\/strong> Riparte il Summer Camp Luxottica, il camp estivo rivolto a tutti i figli dei dipendenti nati tra il 2005 e il 2013. L&#8217;esperienza si svolger\u00e0 presso il Villaggio Turistico Internazionale di Bibione, struttura a cinque stelle fronte mare, dotata di parco acquatico, teatro, moderne sale fitness e attrezzati campi sportivi. Saranno 5 i turni settimanali che Luxottica propone: da sabato 18 a sabato 25 giugno, da sabato 25 giugno a sabato 2 luglio, da sabato 2 a sabato 9 luglio, da sabato 9 a sabato 16 luglio e da sabato 16 a sabato 23 luglio. Ragazzi e ragazze da tutta Italia e, da quest\u2019anno anche dalla Francia, si incontreranno per vivere insieme questa fantastica esperienza. Le iscrizioni al Summer Camp 2022 iniziano il 4 aprile e ci sar\u00e0 tempo fino al 30 aprile per iscrivere i propri figli sul portale OneLuxottica accedendo con le proprie credenziali. Tutte le informazioni dettagliate e il modulo d&#8217;iscrizione si trovano nella sezione &#8220;Welfare&#8221;. Per chi lo desiderasse verr\u00e0 messo a disposizione un servizio di trasporto gratuito per raggiungere Bibione dalle varie sedi aziendali, baster\u00e0 fare richiesta al momento dell&#8217;iscrizione. (foto: Tripadvisor)<\/p>\n<p>&nbsp;<\/p>\n<p>&nbsp;<\/p>\n<hr \/>\n<p>&nbsp;<\/p>\n<blockquote>\n<h3>A TISER IL CAPITELLO IN ATTESA DI RESTAURO DA ORMAI 3 ANNI<\/h3>\n<\/blockquote>\n<p><strong><a class=\"dt-pswp-item\" href=\"https:\/\/www.radiopiu.net\/wordpress\/wp-content\/uploads\/2021\/02\/TISERCHIESAVERTOKP6010109.jpg\" data-dt-img-description=\"\" data-large_image_width=\"744\" data-large_image_height=\"992\"><img loading=\"lazy\" decoding=\"async\" class=\"size-thumbnail wp-image-190447 alignleft\" src=\"https:\/\/www.radiopiu.net\/wordpress\/wp-content\/uploads\/2021\/02\/TISERCHIESAVERTOKP6010109-150x150.jpg\" alt=\"\" width=\"150\" height=\"150\" \/><\/a>GOSALDO<\/strong><\/p>\n<p>di Gianni Santomaso<\/p>\n<audio class=\"wp-audio-shortcode\" id=\"audio-268405-2\" preload=\"none\" style=\"width: 100%;\" controls=\"controls\"><source type=\"audio\/mpeg\" src=\"https:\/\/www.radiopiu.net\/wordpress\/wp-content\/uploads\/2022\/04\/GIANNI-CAPITELLO-TISER.mp3?_=2\" \/><a href=\"https:\/\/www.radiopiu.net\/wordpress\/wp-content\/uploads\/2022\/04\/GIANNI-CAPITELLO-TISER.mp3\">https:\/\/www.radiopiu.net\/wordpress\/wp-content\/uploads\/2022\/04\/GIANNI-CAPITELLO-TISER.mp3<\/a><\/audio>\n<blockquote>\n<h3>DILLO A RADIO PIU&#8217;&#8230;CAPITELLO DANNEGGIATO DA TRE ANNI PERICOLANTE E ABBANDONATO<\/h3>\n<\/blockquote>\n<p><strong>Riceviamo e volentieri pubblichiamo<\/strong><\/p>\n<blockquote><p><strong>GOSALDO <\/strong>Il\u00a0 Capitello di Tiser, sulla strada che porta verso la sede dell\u2019Auser &#8220;Col Bel&#8221;,\u00a0 nel l 2018\u00a0 per una maldestra manovra \u00e8 stato urtato riportando, come si vede nelle foto, dei danni consistenti. Non voglio entrare in merito sulle colpe, distrazioni o mancata segnalazione a chi di competenza,\u00a0 oppure se i lavori di sistemazione si siano arenati. Oltretutto il cartello posto all\u2019interno, ormai fatiscente \u00e8 di per s\u00e9 esplicativo. Mi chiedo, anzi ci chiediamo: ma chi \u00e8 gi\u00e0 a conoscenza o chi passa cosa potr\u00e0 mai pensare se non quella dello stato di abbandono di quelle opere il cui valore oltre che morale \u00e8 anche religioso e ricorda chi in passato ha diligentemente costruito? Anche nelle piccole cose si nota la superficialit\u00e0 \u00a0e lo \u00a0stato di abbandono delle nostre splendide vallate nonch\u00e8 la dimenticanza delle tradizioni.<\/p><\/blockquote>\n<p>Guido<\/p>\n\n\t\t\t<style type='text\/css'>\n\t\t\t\t#gallery-2 {\n\t\t\t\t\tmargin: auto;\n\t\t\t\t}\n\t\t\t\t#gallery-2 .gallery-item {\n\t\t\t\t\tfloat: left;\n\t\t\t\t\tmargin-top: 10px;\n\t\t\t\t\ttext-align: center;\n\t\t\t\t\twidth: 50%;\n\t\t\t\t}\n\t\t\t\t#gallery-2 img {\n\t\t\t\t\tborder: 2px solid #cfcfcf;\n\t\t\t\t}\n\t\t\t\t#gallery-2 .gallery-caption {\n\t\t\t\t\tmargin-left: 0;\n\t\t\t\t}\n\t\t\t\t\/* see gallery_shortcode() in wp-includes\/media.php *\/\n\t\t\t<\/style>\n\t\t<div id='gallery-2' class='dt-gallery-container gallery galleryid-268405 gallery-columns-2 gallery-size-medium'><dl class='gallery-item'>\n\t\t\t\t<dt class='gallery-icon portrait'>\n\t\t\t\t\t<a class=\"rollover rollover-zoom dt-pswp-item\" title=\"Capitello1\" data-dt-img-description=\"\" data-large_image_width=\"1211\" data-large_image_height=\"2560\"href='https:\/\/www.radiopiu.net\/wordpress\/wp-content\/uploads\/2022\/03\/Capitello1-scaled.jpg'><img loading=\"lazy\" decoding=\"async\" width=\"142\" height=\"300\" src=\"https:\/\/www.radiopiu.net\/wordpress\/wp-content\/uploads\/2022\/03\/Capitello1-142x300.jpg\" class=\"attachment-medium size-medium\" alt=\"\" srcset=\"https:\/\/www.radiopiu.net\/wordpress\/wp-content\/uploads\/2022\/03\/Capitello1-142x300.jpg 142w, https:\/\/www.radiopiu.net\/wordpress\/wp-content\/uploads\/2022\/03\/Capitello1-485x1024.jpg 485w, https:\/\/www.radiopiu.net\/wordpress\/wp-content\/uploads\/2022\/03\/Capitello1-768x1623.jpg 768w, https:\/\/www.radiopiu.net\/wordpress\/wp-content\/uploads\/2022\/03\/Capitello1-727x1536.jpg 727w, https:\/\/www.radiopiu.net\/wordpress\/wp-content\/uploads\/2022\/03\/Capitello1-969x2048.jpg 969w, https:\/\/www.radiopiu.net\/wordpress\/wp-content\/uploads\/2022\/03\/Capitello1-scaled.jpg 1211w\" sizes=\"auto, (max-width: 142px) 100vw, 142px\" \/><\/a>\n\t\t\t\t<\/dt><\/dl><dl class='gallery-item'>\n\t\t\t\t<dt class='gallery-icon portrait'>\n\t\t\t\t\t<a class=\"rollover rollover-zoom dt-pswp-item\" title=\"Capitello2\" data-dt-img-description=\"\" data-large_image_width=\"1211\" data-large_image_height=\"2560\"href='https:\/\/www.radiopiu.net\/wordpress\/wp-content\/uploads\/2022\/03\/Capitello2-scaled.jpg'><img loading=\"lazy\" decoding=\"async\" width=\"142\" height=\"300\" src=\"https:\/\/www.radiopiu.net\/wordpress\/wp-content\/uploads\/2022\/03\/Capitello2-142x300.jpg\" class=\"attachment-medium size-medium\" alt=\"\" srcset=\"https:\/\/www.radiopiu.net\/wordpress\/wp-content\/uploads\/2022\/03\/Capitello2-142x300.jpg 142w, https:\/\/www.radiopiu.net\/wordpress\/wp-content\/uploads\/2022\/03\/Capitello2-485x1024.jpg 485w, https:\/\/www.radiopiu.net\/wordpress\/wp-content\/uploads\/2022\/03\/Capitello2-768x1623.jpg 768w, https:\/\/www.radiopiu.net\/wordpress\/wp-content\/uploads\/2022\/03\/Capitello2-727x1536.jpg 727w, https:\/\/www.radiopiu.net\/wordpress\/wp-content\/uploads\/2022\/03\/Capitello2-969x2048.jpg 969w, https:\/\/www.radiopiu.net\/wordpress\/wp-content\/uploads\/2022\/03\/Capitello2-scaled.jpg 1211w\" sizes=\"auto, (max-width: 142px) 100vw, 142px\" \/><\/a>\n\t\t\t\t<\/dt><\/dl><br style=\"clear: both\" \/>\n\t\t\t<\/div>\n\n<p>&nbsp;<\/p>\n<hr \/>\n<p>&nbsp;<\/p>\n<h3 style=\"text-align: center;\">L&#8217;ASSEMBLA DELLA PROLOCO DI AGORDO, ECCO IL NUOVO DIRETTIVO<\/h3>\n<p><span id=\"page3R_mcid0\" class=\"markedContent\"><span dir=\"ltr\" role=\"presentation\"><strong><a class=\"dt-pswp-item\" href=\"https:\/\/www.radiopiu.net\/wordpress\/wp-content\/uploads\/2020\/04\/AD-AGORDO-PROLOCO-LOGO_colors.jpg\" data-dt-img-description=\"\" data-large_image_width=\"1920\" data-large_image_height=\"1920\"><img loading=\"lazy\" decoding=\"async\" class=\"size-thumbnail wp-image-129089 alignleft\" src=\"https:\/\/www.radiopiu.net\/wordpress\/wp-content\/uploads\/2020\/04\/AD-AGORDO-PROLOCO-LOGO_colors-150x150.jpg\" alt=\"\" width=\"150\" height=\"150\" srcset=\"https:\/\/www.radiopiu.net\/wordpress\/wp-content\/uploads\/2020\/04\/AD-AGORDO-PROLOCO-LOGO_colors-150x150.jpg 150w, https:\/\/www.radiopiu.net\/wordpress\/wp-content\/uploads\/2020\/04\/AD-AGORDO-PROLOCO-LOGO_colors-300x300.jpg 300w, https:\/\/www.radiopiu.net\/wordpress\/wp-content\/uploads\/2020\/04\/AD-AGORDO-PROLOCO-LOGO_colors-1024x1024.jpg 1024w, https:\/\/www.radiopiu.net\/wordpress\/wp-content\/uploads\/2020\/04\/AD-AGORDO-PROLOCO-LOGO_colors-768x768.jpg 768w, https:\/\/www.radiopiu.net\/wordpress\/wp-content\/uploads\/2020\/04\/AD-AGORDO-PROLOCO-LOGO_colors-1536x1536.jpg 1536w, https:\/\/www.radiopiu.net\/wordpress\/wp-content\/uploads\/2020\/04\/AD-AGORDO-PROLOCO-LOGO_colors.jpg 1920w\" sizes=\"auto, (max-width: 150px) 100vw, 150px\" \/><\/a>AGORDO<\/strong> Si \u00e8 tenuta ad Agordo l&#8217;annuale assemblea dei <\/span><span dir=\"ltr\" role=\"presentation\">\u00a0soci dell<\/span><span dir=\"ltr\" role=\"presentation\">\u2019<\/span><span dir=\"ltr\" role=\"presentation\">associazione Ad Agordo Proloco. <\/span><\/span><span id=\"page3R_mcid1\" class=\"markedContent\"><span dir=\"ltr\" role=\"presentation\">Il presidente Daniele Galligani ha aperto i lavori con l&#8217;elenco degli eventi svolti nell<\/span><span dir=\"ltr\" role=\"presentation\">\u2019<\/span><span dir=\"ltr\" role=\"presentation\">anno 2021, <\/span><span dir=\"ltr\" role=\"presentation\">\u00a0un anno di particolari restrizioni ma\u00a0 l<\/span><span dir=\"ltr\" role=\"presentation\">\u2019<\/span><span dir=\"ltr\" role=\"presentation\">associazione non si \u00e8 mai\u00a0 fermata realizzando comunque delle attivit\u00e0, alcune nuove. <\/span><\/span><span id=\"page3R_mcid2\" class=\"markedContent\"><span dir=\"ltr\" role=\"presentation\">\u00c8 stato presentato il bilancio 2021 dell<\/span><span dir=\"ltr\" role=\"presentation\">\u2019<\/span><span dir=\"ltr\" role=\"presentation\">associazione e nella stessa occasione \u00e8 stato rinnovato il direttivo <\/span><span dir=\"ltr\" role=\"presentation\">composto da: Daniele Galligani, Carmen Decima, Chiara Case, Chiara Vieceli, Eleonora Prompicai, Federica <\/span><span dir=\"ltr\" role=\"presentation\">Ben, Celeste Paganin, Giulia Della Lucia, Ludovico Martini Barzolai, Marco Da Ruos, Marta Moretti, Matthias <\/span><span dir=\"ltr\" role=\"presentation\">Rossi, Valentina Colle, Samuel Da Campo, Francesco Xaiz e Francesca Schena.\u00a0 <\/span><\/span><span id=\"page3R_mcid4\" class=\"markedContent\"><span dir=\"ltr\" role=\"presentation\">Il 13 aprile verranno assegnate le cariche di presidenza, segreteria e tesoreria.<\/span><\/span><\/p>\n<p>&nbsp;<\/p>\n<hr \/>\n<p>&nbsp;<\/p>\n<blockquote>\n<h3>RIECCO IL MENSILE &#8220;CESA DE JAN&#8221;<\/h3>\n<\/blockquote>\n<p><strong><a class=\"dt-pswp-item\" href=\"https:\/\/www.radiopiu.net\/wordpress\/wp-content\/uploads\/2021\/07\/DENNI-DORIGO.jpg\" data-dt-img-description=\"\" data-large_image_width=\"1240\" data-large_image_height=\"1241\"><img loading=\"lazy\" decoding=\"async\" class=\"wp-image-224612 alignleft\" src=\"https:\/\/www.radiopiu.net\/wordpress\/wp-content\/uploads\/2021\/07\/DENNI-DORIGO-150x150.jpg\" alt=\"\" width=\"85\" height=\"85\" srcset=\"https:\/\/www.radiopiu.net\/wordpress\/wp-content\/uploads\/2021\/07\/DENNI-DORIGO-150x150.jpg 150w, https:\/\/www.radiopiu.net\/wordpress\/wp-content\/uploads\/2021\/07\/DENNI-DORIGO-300x300.jpg 300w, https:\/\/www.radiopiu.net\/wordpress\/wp-content\/uploads\/2021\/07\/DENNI-DORIGO-1024x1024.jpg 1024w, https:\/\/www.radiopiu.net\/wordpress\/wp-content\/uploads\/2021\/07\/DENNI-DORIGO-768x769.jpg 768w, https:\/\/www.radiopiu.net\/wordpress\/wp-content\/uploads\/2021\/07\/DENNI-DORIGO.jpg 1240w\" sizes=\"auto, (max-width: 85px) 100vw, 85px\" \/><\/a>COLLE SANTA LUCIA\u00a0<\/strong> Torna per i\u00a0 tre comuni ladini storici il periodico &#8220;Cesa de Jan&#8221; diretto da Denni Dorigo che dell&#8217;istituto ne \u00e8 il direttore.Dopo otto anni verr\u00e0 di nuovo inviato gratuitamente alle famiglie dei comuni di Livinallongo, Colle S.Lucia e Cortina. Obiettivo principale di informare puntualmente la popolazione ladina sulle varie iniziative avviate dall&#8217;Istitut ma anche di ricevere proposte ed idee per tutelare meglio la minoranza ladina. E nell&#8217;editoriale di Dorigo dal titolo &#8220;Son duc ladins&#8221; (siamo tutti ladini).Nelle prime 4 pagine sono riportati alcuni dei diversi progetti culturali realizzati negli ultimi tempi dall&#8217;Istituto, come il ladino a scuola, il vocabolario online di Fodom, collese e ampezzano, la mediateca ladina, l&#8217;almanacco ladino e le pubblicazioni.<\/p>\n<p>&nbsp;<\/p>\n<p>&nbsp;<\/p>\n<hr \/>\n<p>&nbsp;<\/p>\n<blockquote>\n<h3>LA SCORSA SETTIMANA ALLA RADIO &#8211; FOTO RADIOPIU<\/h3>\n<h3>JOLLY BLU E I TAIBONER, PRIMI NELLA SFIDA A COLPI DI POLPETTA<\/h3>\n<\/blockquote>\n<p><strong>SEDICO\u00a0<\/strong> Il &#8220;terzo&#8221; tempo genuino per molti atleti della provincia \u00e8 la tappa al ristorante La Stanga, ad attenderli vassoi di squisite polpette preparate dallo staff nelle cucine del noto ristorante. Che siano buone non ci sono dubbi, ne sono state preparate e ingurgitate oltre\u00a0 seimila da 67 squadre tra il primo dicembre\u00a0 e met\u00e0 marzo. La singolare e unica competizione si ripete da anni, a fine stagione viene assegnata la Coppa Polpette alla squadra pi\u00f9 &#8220;affamata&#8221;. In questa edizione il Jolly blu e i Taiboner hanno fatto piazza pulita&#8230;dei vassoi, arrivando a consumare 1042 polpette. I feltrini dello sci al secondo posto con 793 e sul terzo gradino del podio le Bomberine\u00a0 con 613.<\/p>\n\n\t\t\t<style type='text\/css'>\n\t\t\t\t#gallery-3 {\n\t\t\t\t\tmargin: auto;\n\t\t\t\t}\n\t\t\t\t#gallery-3 .gallery-item {\n\t\t\t\t\tfloat: left;\n\t\t\t\t\tmargin-top: 10px;\n\t\t\t\t\ttext-align: center;\n\t\t\t\t\twidth: 33%;\n\t\t\t\t}\n\t\t\t\t#gallery-3 img {\n\t\t\t\t\tborder: 2px solid #cfcfcf;\n\t\t\t\t}\n\t\t\t\t#gallery-3 .gallery-caption {\n\t\t\t\t\tmargin-left: 0;\n\t\t\t\t}\n\t\t\t\t\/* see gallery_shortcode() in wp-includes\/media.php *\/\n\t\t\t<\/style>\n\t\t<div id='gallery-3' class='dt-gallery-container gallery galleryid-268405 gallery-columns-3 gallery-size-thumbnail'><dl class='gallery-item'>\n\t\t\t\t<dt class='gallery-icon portrait'>\n\t\t\t\t\t<a class=\"rollover rollover-zoom dt-pswp-item\" title=\"3ad82826-6511-4f71-84b2-528041ac6cf7\" data-dt-img-description=\"\" data-large_image_width=\"768\" data-large_image_height=\"1024\"href='https:\/\/www.radiopiu.net\/wordpress\/wp-content\/uploads\/2022\/03\/3ad82826-6511-4f71-84b2-528041ac6cf7.jpg'><img loading=\"lazy\" decoding=\"async\" width=\"150\" height=\"150\" src=\"https:\/\/www.radiopiu.net\/wordpress\/wp-content\/uploads\/2022\/03\/3ad82826-6511-4f71-84b2-528041ac6cf7-150x150.jpg\" class=\"attachment-thumbnail size-thumbnail\" alt=\"\" \/><\/a>\n\t\t\t\t<\/dt><\/dl><dl class='gallery-item'>\n\t\t\t\t<dt class='gallery-icon landscape'>\n\t\t\t\t\t<a class=\"rollover rollover-zoom dt-pswp-item\" title=\"pol\" data-dt-img-description=\"\" data-large_image_width=\"518\" data-large_image_height=\"360\"href='https:\/\/www.radiopiu.net\/wordpress\/wp-content\/uploads\/2022\/03\/pol.jpg'><img loading=\"lazy\" decoding=\"async\" width=\"150\" height=\"150\" src=\"https:\/\/www.radiopiu.net\/wordpress\/wp-content\/uploads\/2022\/03\/pol-150x150.jpg\" class=\"attachment-thumbnail size-thumbnail\" alt=\"\" \/><\/a>\n\t\t\t\t<\/dt><\/dl><dl class='gallery-item'>\n\t\t\t\t<dt class='gallery-icon portrait'>\n\t\t\t\t\t<a class=\"rollover rollover-zoom dt-pswp-item\" title=\"6d7ee78d-8e13-4d06-8f16-ee4644e28505\" data-dt-img-description=\"\" data-large_image_width=\"768\" data-large_image_height=\"1024\"href='https:\/\/www.radiopiu.net\/wordpress\/wp-content\/uploads\/2022\/03\/6d7ee78d-8e13-4d06-8f16-ee4644e28505.jpg'><img loading=\"lazy\" decoding=\"async\" width=\"150\" height=\"150\" src=\"https:\/\/www.radiopiu.net\/wordpress\/wp-content\/uploads\/2022\/03\/6d7ee78d-8e13-4d06-8f16-ee4644e28505-150x150.jpg\" class=\"attachment-thumbnail size-thumbnail\" alt=\"\" \/><\/a>\n\t\t\t\t<\/dt><\/dl><br style=\"clear: both\" \/>\n\t\t\t<\/div>\n\n<p>PER LA CLASSIFICA COMPLETA CLICCA QUI SOTTO<\/p>\n<blockquote class=\"wp-embedded-content\" data-secret=\"FlUf8v8cBn\"><p><a href=\"https:\/\/www.ristoranteallastanga.it\/coppa-polpetta\/\">Coppa Polpetta<\/a><\/p><\/blockquote>\n<p><iframe loading=\"lazy\" class=\"wp-embedded-content\" sandbox=\"allow-scripts\" security=\"restricted\" style=\"position: absolute; clip: rect(1px, 1px, 1px, 1px);\" title=\"&#8220;Coppa Polpetta&#8221; &#8212; Ristorante Alla Stanga\" src=\"https:\/\/www.ristoranteallastanga.it\/coppa-polpetta\/embed\/#?secret=YqC911HCVg#?secret=FlUf8v8cBn\" data-secret=\"FlUf8v8cBn\" width=\"600\" height=\"338\" frameborder=\"0\" marginwidth=\"0\" marginheight=\"0\" scrolling=\"no\"><\/iframe><\/p>\n<p>&nbsp;<\/p>\n<p>&nbsp;<\/p>\n<hr \/>\n<p>&nbsp;<\/p>\n<blockquote class=\"wp-embedded-content\" data-secret=\"INjVLJRRcu\"><p><a href=\"https:\/\/www.radiopiu.net\/wordpress\/ag01aprile03\/\">CORONAVIRUS: AGGIORNAMENTO NAZIONALE  03 APRILE 2022<\/a><\/p><\/blockquote>\n<p><iframe loading=\"lazy\" class=\"wp-embedded-content\" sandbox=\"allow-scripts\" security=\"restricted\" style=\"position: absolute; clip: rect(1px, 1px, 1px, 1px);\" title=\"&#8220;CORONAVIRUS: AGGIORNAMENTO NAZIONALE  03 APRILE 2022&#8221; &#8212; Radio Pi\u00f9\" src=\"https:\/\/www.radiopiu.net\/wordpress\/ag01aprile03\/embed\/#?secret=WVRTV7xfGC#?secret=INjVLJRRcu\" data-secret=\"INjVLJRRcu\" width=\"600\" height=\"338\" frameborder=\"0\" marginwidth=\"0\" marginheight=\"0\" scrolling=\"no\"><\/iframe><\/p>\n<p>&nbsp;<\/p>\n<blockquote class=\"wp-embedded-content\" data-secret=\"6W1N4c4BOV\"><p><a href=\"https:\/\/www.radiopiu.net\/wordpress\/aggazzeroaprile03\/\">CALANO I RICOVERI, QUASI 5 MILA NUOVE POSITIVITA&#8217; NELLE ULTIME 24 ORE, 8 DECESSI<\/a><\/p><\/blockquote>\n<p><iframe loading=\"lazy\" class=\"wp-embedded-content\" sandbox=\"allow-scripts\" security=\"restricted\" style=\"position: absolute; clip: rect(1px, 1px, 1px, 1px);\" title=\"&#8220;CALANO I RICOVERI, QUASI 5 MILA NUOVE POSITIVITA&#8217; NELLE ULTIME 24 ORE, 8 DECESSI&#8221; &#8212; Radio Pi\u00f9\" src=\"https:\/\/www.radiopiu.net\/wordpress\/aggazzeroaprile03\/embed\/#?secret=wITZfaR7IA#?secret=6W1N4c4BOV\" data-secret=\"6W1N4c4BOV\" width=\"600\" height=\"338\" frameborder=\"0\" marginwidth=\"0\" marginheight=\"0\" scrolling=\"no\"><\/iframe><\/p>\n<h2 dir=\"auto\">I GRAFICI DI TIZIANO DE COL<\/h2>\n\n\t\t\t<style type='text\/css'>\n\t\t\t\t#gallery-4 {\n\t\t\t\t\tmargin: auto;\n\t\t\t\t}\n\t\t\t\t#gallery-4 .gallery-item {\n\t\t\t\t\tfloat: left;\n\t\t\t\t\tmargin-top: 10px;\n\t\t\t\t\ttext-align: center;\n\t\t\t\t\twidth: 33%;\n\t\t\t\t}\n\t\t\t\t#gallery-4 img {\n\t\t\t\t\tborder: 2px solid #cfcfcf;\n\t\t\t\t}\n\t\t\t\t#gallery-4 .gallery-caption {\n\t\t\t\t\tmargin-left: 0;\n\t\t\t\t}\n\t\t\t\t\/* see gallery_shortcode() in wp-includes\/media.php *\/\n\t\t\t<\/style>\n\t\t<div id='gallery-4' class='dt-gallery-container gallery galleryid-268405 gallery-columns-3 gallery-size-thumbnail'><dl class='gallery-item'>\n\t\t\t\t<dt class='gallery-icon landscape'>\n\t\t\t\t\t<a class=\"rollover rollover-zoom dt-pswp-item\" title=\"2a88788b-91ae-4476-9e4f-6e725d5f1238\" data-dt-img-description=\"\" data-large_image_width=\"608\" data-large_image_height=\"391\"href='https:\/\/www.radiopiu.net\/wordpress\/wp-content\/uploads\/2022\/04\/2a88788b-91ae-4476-9e4f-6e725d5f1238.jpg'><img loading=\"lazy\" decoding=\"async\" width=\"150\" height=\"150\" src=\"https:\/\/www.radiopiu.net\/wordpress\/wp-content\/uploads\/2022\/04\/2a88788b-91ae-4476-9e4f-6e725d5f1238-150x150.jpg\" class=\"attachment-thumbnail size-thumbnail\" alt=\"\" \/><\/a>\n\t\t\t\t<\/dt><\/dl><dl class='gallery-item'>\n\t\t\t\t<dt class='gallery-icon landscape'>\n\t\t\t\t\t<a class=\"rollover rollover-zoom dt-pswp-item\" title=\"dc3a8282-0215-49a3-9a56-acc9cbdf55bd\" data-dt-img-description=\"\" data-large_image_width=\"603\" data-large_image_height=\"359\"href='https:\/\/www.radiopiu.net\/wordpress\/wp-content\/uploads\/2022\/04\/dc3a8282-0215-49a3-9a56-acc9cbdf55bd.jpg'><img loading=\"lazy\" decoding=\"async\" width=\"150\" height=\"150\" src=\"https:\/\/www.radiopiu.net\/wordpress\/wp-content\/uploads\/2022\/04\/dc3a8282-0215-49a3-9a56-acc9cbdf55bd-150x150.jpg\" class=\"attachment-thumbnail size-thumbnail\" alt=\"\" \/><\/a>\n\t\t\t\t<\/dt><\/dl><dl class='gallery-item'>\n\t\t\t\t<dt class='gallery-icon landscape'>\n\t\t\t\t\t<a class=\"rollover rollover-zoom dt-pswp-item\" title=\"239a8d8f-7d7b-4c01-a704-4aabb902be01\" data-dt-img-description=\"\" data-large_image_width=\"600\" data-large_image_height=\"358\"href='https:\/\/www.radiopiu.net\/wordpress\/wp-content\/uploads\/2022\/04\/239a8d8f-7d7b-4c01-a704-4aabb902be01.jpg'><img loading=\"lazy\" decoding=\"async\" width=\"150\" height=\"150\" src=\"https:\/\/www.radiopiu.net\/wordpress\/wp-content\/uploads\/2022\/04\/239a8d8f-7d7b-4c01-a704-4aabb902be01-150x150.jpg\" class=\"attachment-thumbnail size-thumbnail\" alt=\"\" \/><\/a>\n\t\t\t\t<\/dt><\/dl><br style=\"clear: both\" \/><dl class='gallery-item'>\n\t\t\t\t<dt class='gallery-icon landscape'>\n\t\t\t\t\t<a class=\"rollover rollover-zoom dt-pswp-item\" title=\"5ea2d6ff-9124-4a0f-811b-80e3f01650a8\" data-dt-img-description=\"\" data-large_image_width=\"612\" data-large_image_height=\"364\"href='https:\/\/www.radiopiu.net\/wordpress\/wp-content\/uploads\/2022\/04\/5ea2d6ff-9124-4a0f-811b-80e3f01650a8.jpg'><img loading=\"lazy\" decoding=\"async\" width=\"150\" height=\"150\" src=\"https:\/\/www.radiopiu.net\/wordpress\/wp-content\/uploads\/2022\/04\/5ea2d6ff-9124-4a0f-811b-80e3f01650a8-150x150.jpg\" class=\"attachment-thumbnail size-thumbnail\" alt=\"\" \/><\/a>\n\t\t\t\t<\/dt><\/dl><dl class='gallery-item'>\n\t\t\t\t<dt class='gallery-icon landscape'>\n\t\t\t\t\t<a class=\"rollover rollover-zoom dt-pswp-item\" title=\"79eedf33-995f-4560-963d-f33846de67b9\" data-dt-img-description=\"\" data-large_image_width=\"608\" data-large_image_height=\"366\"href='https:\/\/www.radiopiu.net\/wordpress\/wp-content\/uploads\/2022\/04\/79eedf33-995f-4560-963d-f33846de67b9.jpg'><img loading=\"lazy\" decoding=\"async\" width=\"150\" height=\"150\" src=\"https:\/\/www.radiopiu.net\/wordpress\/wp-content\/uploads\/2022\/04\/79eedf33-995f-4560-963d-f33846de67b9-150x150.jpg\" class=\"attachment-thumbnail size-thumbnail\" alt=\"\" \/><\/a>\n\t\t\t\t<\/dt><\/dl><dl class='gallery-item'>\n\t\t\t\t<dt class='gallery-icon landscape'>\n\t\t\t\t\t<a class=\"rollover rollover-zoom dt-pswp-item\" title=\"30a41c42-85c1-41aa-9beb-6cf358d8ff33\" data-dt-img-description=\"\" data-large_image_width=\"610\" data-large_image_height=\"356\"href='https:\/\/www.radiopiu.net\/wordpress\/wp-content\/uploads\/2022\/04\/30a41c42-85c1-41aa-9beb-6cf358d8ff33.jpg'><img loading=\"lazy\" decoding=\"async\" width=\"150\" height=\"150\" src=\"https:\/\/www.radiopiu.net\/wordpress\/wp-content\/uploads\/2022\/04\/30a41c42-85c1-41aa-9beb-6cf358d8ff33-150x150.jpg\" class=\"attachment-thumbnail size-thumbnail\" alt=\"\" \/><\/a>\n\t\t\t\t<\/dt><\/dl><br style=\"clear: both\" \/>\n\t\t\t<\/div>\n\n<p>&nbsp;<\/p>\n<hr \/>\n<p>&nbsp;<\/p>\n<blockquote class=\"wp-embedded-content\" data-secret=\"6nX2bQ4h5r\"><p><a href=\"https:\/\/www.radiopiu.net\/wordpress\/lantica-strada-tra-agordo-e-zoldo\/\">L&#8217;ANTICA STRADA TRA AGORDO E ZOLDO<\/a><\/p><\/blockquote>\n<p><iframe loading=\"lazy\" class=\"wp-embedded-content\" sandbox=\"allow-scripts\" security=\"restricted\" style=\"position: absolute; clip: rect(1px, 1px, 1px, 1px);\" title=\"&#8220;L&#8217;ANTICA STRADA TRA AGORDO E ZOLDO&#8221; &#8212; Radio Pi\u00f9\" src=\"https:\/\/www.radiopiu.net\/wordpress\/lantica-strada-tra-agordo-e-zoldo\/embed\/#?secret=3a8LImrvFU#?secret=6nX2bQ4h5r\" data-secret=\"6nX2bQ4h5r\" width=\"600\" height=\"338\" frameborder=\"0\" marginwidth=\"0\" marginheight=\"0\" scrolling=\"no\"><\/iframe><\/p>\n<p>&nbsp;<\/p>\n<hr \/>\n<p>&nbsp;<\/p>\n<blockquote>\n<h3>UN AMBULATORIO DEDICATO ALL&#8217;EPILESSIA PER GLI ADULTI ALL\u2019OSPEDALE DI BELLUNO<\/h3>\n<\/blockquote>\n<p><strong><a class=\"dt-pswp-item\" href=\"https:\/\/www.radiopiu.net\/wordpress\/wp-content\/uploads\/2022\/04\/IMG-3415-scaled.jpg\" data-dt-img-description=\"\" data-large_image_width=\"1920\" data-large_image_height=\"2560\"><img loading=\"lazy\" decoding=\"async\" class=\"wp-image-268494 alignleft\" src=\"https:\/\/www.radiopiu.net\/wordpress\/wp-content\/uploads\/2022\/04\/IMG-3415-225x300.jpg\" alt=\"\" width=\"135\" height=\"181\" srcset=\"https:\/\/www.radiopiu.net\/wordpress\/wp-content\/uploads\/2022\/04\/IMG-3415-225x300.jpg 225w, https:\/\/www.radiopiu.net\/wordpress\/wp-content\/uploads\/2022\/04\/IMG-3415-768x1024.jpg 768w, https:\/\/www.radiopiu.net\/wordpress\/wp-content\/uploads\/2022\/04\/IMG-3415-1152x1536.jpg 1152w, https:\/\/www.radiopiu.net\/wordpress\/wp-content\/uploads\/2022\/04\/IMG-3415-1536x2048.jpg 1536w, https:\/\/www.radiopiu.net\/wordpress\/wp-content\/uploads\/2022\/04\/IMG-3415-scaled.jpg 1920w\" sizes=\"auto, (max-width: 135px) 100vw, 135px\" \/><\/a>BELLUNO <\/strong>Da questo mese \u00e8 aperto all\u2019Ospedale San Martino di Belluno un ambulatorio epilessia degli adulti, un ambiente dedicato per l&#8217;inquadramento e la cura di questa patologia. Il referente \u00e8 Matteo Colombo, medico neurologo con formazione specifica, rientrato in Veneto dopo gli studi all&#8217;universit\u00e0 Bicocca di Milano ed alcune esperienze professionali in Alto Adige. \u00ab<em>Quando il Dott. Ferracci, Direttore della Neurologia di Belluno, mi ha detto che cercava qualcuno che prendesse in mano ed espandesse questo settore non ho avuto dubbi<\/em>\u00bb, afferma il Dott. Colombo che continua: \u00ab<em>Mi sono sempre occupato con soddisfazione di questo argomento ed ho avuto la fortuna di avere come maestri alcuni dei pi\u00f9 importanti esperti italiani del campo: ora \u00e8 il momento di mettere a frutto i lunghi studi e qui ho trovato buone prospettive di crescita<\/em>\u00bb. Lo specialista epilettologo \u00e8 a disposizione nell\u2019ambulatorio dedicato il mercoled\u00ec pomeriggio, su prenotazione, per un miglior inquadramento clinico e la presa in carico specialistica dei pazienti.<\/p>\n<p>&nbsp;<\/p>\n<p>&nbsp;<\/p>\n<hr \/>\n<p>&nbsp;<\/p>\n<blockquote>\n<h3>TPL, TRASPORTO PUBBLICO LOCALE: SERVONO INVESTIMENTI MIRATI<\/h3>\n<\/blockquote>\n<p><strong><a class=\"dt-pswp-item\" href=\"https:\/\/www.radiopiu.net\/wordpress\/wp-content\/uploads\/2018\/03\/Autobus.jpg\" data-dt-img-description=\"\" data-large_image_width=\"424\" data-large_image_height=\"283\"><img loading=\"lazy\" decoding=\"async\" class=\"wp-image-45488 alignleft\" src=\"https:\/\/www.radiopiu.net\/wordpress\/wp-content\/uploads\/2018\/03\/Autobus-300x200.jpg\" alt=\"\" width=\"159\" height=\"106\" srcset=\"https:\/\/www.radiopiu.net\/wordpress\/wp-content\/uploads\/2018\/03\/Autobus-300x200.jpg 300w, https:\/\/www.radiopiu.net\/wordpress\/wp-content\/uploads\/2018\/03\/Autobus.jpg 424w\" sizes=\"auto, (max-width: 159px) 100vw, 159px\" \/><\/a>REDAZIONE<\/strong> Sempre pi\u00f9 spesso \u00e8 evidente la perplessit\u00e0 nella classe dirigente del settore Trasporto Pubblico Locale per la grande difficolt\u00e0 del reperire gli autisti, soprattutto nell&#8217;azienda della provincia Dolomitibus. I delegati sindacali dell&#8217;azienda, perlopi\u00f9 autisti portano all&#8217;attenzione dei bellunesi la loro opinione, contributo importante nel trovare le motivazioni e precisare insattezze che forse portano a valutazioni tutt&#8217;altro che corrette. <strong>L&#8217;INTERVENTO <\/strong>&#8220;<em>La prima e\u0300 definire \u201cbuoni\u201d dei contratti per cui alla fine del mese si guadagnano mediamente 1200\u20ac. Sono insufficienti a dare una vita dignitosa per i ragazzi che arrivano dal Sud, che hanno sicuramente un affitto da pagare, ma sono comunque insufficienti per tutti i lavoratori, anche alla luce del carovita che e\u0300 in drammatica ascesa! E quale sarebbe la nostra quindicesima? Il premio di risultato per cui, se hai la sventura di stare male, o accudire a casa un figlio con la febbre, si diventa immeritevoli, e dunque si percepisce poco e nulla? Premio peraltro che essendo in Welfare, non ci paghi le bollette&#8230;trattasi infatti di un importo digitale non facilmente spendibile in provincia di Belluno! Altrettanto errato e\u0300 dire che si lavora vicino casa&#8230;se si intende che si prende servizio vicino casa, questo e\u0300 relativo perche\u0301 non tutti abitano vicino ai vari depositi&#8230;c\u2019e\u0300 chi fa parecchi chilometri anche due volte al giorno a causa delle lunghe soste tra le corse&#8230;se si intende che si sta fattivamente vicino casa e magari nelle pause si possa recarvisi per mangiare o andare in bagno, la realta\u0300 e\u0300 l\u2019esatto opposto&#8230;molti sono infatti i turni, anche di 12, 13, 14 o addirittura 15 ore di impegno, con soste fuori sede, che quando va bene e\u0300 in un piazzale senza un posto dove mangiare ne\u0300 un bagno, quando va male semplicemente in parte alla strada&#8230;Certamente e\u0300 stato individuato un problema, il poco tempo libero. Infatti molti turni impegnano gran parte della giornata, sempre per 6 giorni la settimana, e l\u2019unica giornata di riposo settimanale e\u0300 un altro motivo che allontana da questo mestiere. Adesso siamo al punto per cui i pochi autisti rimasti non riescono a coprire interamente il servizio e non si ha nemmeno la garanzia di poter godere delle proprie ferie che vogliamo ricordare, sono indisponibili, vanno cioe\u0300 necessariamente godute per la propria salute psicofisica (e il nostro e\u0300 un lavoro pericoloso). Da anni i lavoratori denunciano questo combinato disposto di turni invivibili e paga bassa&#8230;se fossimo stati presi seriamente in considerazione anni fa, adesso forse non dovremmo ragionare su tagli del servizio (inutile prevedere un servizio per 170 autisti quando in forza ce ne sono 140), aggravamento ulteriore dei turni (che farebbe fuggire altri autisti) e impossibilita\u0300 di godere liberamente di una propria vita privata (ulteriore motivo di licenziamenti). Facendo i conti della serva, negli ultimi 3 anni gli autisti sono diminuiti di circa 40 unita\u0300, a fronte di un corrispettivo pagato all\u2019azienda per i chilometri effettuati invariato. Si stanno risparmiando 40 stipendi annui, e lo si evince anche dai bilanci aziendali che pur in anni di crisi sono sempre in attivo! Crediamo che una parte di quella somma vada redistribuita tra i lavoratori E non bisogna chiedere aiuto al governo per trovare nuova forza lavoro a poco costo, bisogna invece chiedere investimenti nel tpl, mirati ad alzare il livello retributivo dei suoi addetti e bisogna ripensare il servizio considerando anche il numero di autisti disponibili e garantendo loro una adeguata disponibilita\u0300 di tempo da dedicare alla propria famiglia&#8221;.<\/em><\/p>\n<p>&nbsp;<\/p>\n<p>&nbsp;<\/p>\n<hr \/>\n<p>&nbsp;<\/p>\n<blockquote>\n<h3>&#8220;VOCI DI DONNA&#8230;TRA I LIBRI&#8221; APRE CON FRANCESCA MUSSOI<\/h3>\n<\/blockquote>\n<p><strong><a class=\"dt-pswp-item\" href=\"https:\/\/www.radiopiu.net\/wordpress\/wp-content\/uploads\/2022\/04\/Biblioteca_civica_Ponte_nelle_Alpi.jpg\" data-dt-img-description=\"\" data-large_image_width=\"1024\" data-large_image_height=\"576\"><img loading=\"lazy\" decoding=\"async\" class=\" wp-image-268508 alignleft\" src=\"https:\/\/www.radiopiu.net\/wordpress\/wp-content\/uploads\/2022\/04\/Biblioteca_civica_Ponte_nelle_Alpi-300x169.jpg\" alt=\"\" width=\"175\" height=\"99\" srcset=\"https:\/\/www.radiopiu.net\/wordpress\/wp-content\/uploads\/2022\/04\/Biblioteca_civica_Ponte_nelle_Alpi-300x169.jpg 300w, https:\/\/www.radiopiu.net\/wordpress\/wp-content\/uploads\/2022\/04\/Biblioteca_civica_Ponte_nelle_Alpi-768x432.jpg 768w, https:\/\/www.radiopiu.net\/wordpress\/wp-content\/uploads\/2022\/04\/Biblioteca_civica_Ponte_nelle_Alpi.jpg 1024w\" sizes=\"auto, (max-width: 175px) 100vw, 175px\" \/><\/a>PONTE NELLE ALPI <\/strong>Torna la rassegna culturale \u201cVoci di donna\u201d, promossa da Comune, Commissione Pari opportunit\u00e0 e Biblioteca civica di Ponte nelle Alpi.<span class=\"gmail-Apple-converted-space\"> \u00a0<\/span>E non torna da sola, ma in compagnia dei libri: tre, in modo particolare. I primi due verranno svelati all\u2019interno della stessa serata, in calendario domani, alle 20.30: in biblioteca, la scrittrice Francesca Mussoi presenter\u00e0 \u201cLa bambina con le infradito\u201d e \u201cVita di Penna\u201d .<span class=\"gmail-Apple-converted-space\"> \u00a0<\/span>Il primo \u00e8 un racconto incentrato sulla protagonista Mery, una figura che incarna la forza e la caparbiet\u00e0 di una ragazza che diventa una grande donna, nonostante la vita l\u2019abbia privata delle sue radici e l\u2019abbia messa alla prova fin da piccola. \u00c8 una storia controcorrente, fatta di comprensione e tolleranza, ambientata in un mondo che ha bisogno di recuperare umanit\u00e0.<span class=\"gmail-Apple-converted-space\">\u00a0<\/span>E lo stesso vale per \u201cVita di Penna\u201d, un racconto breve capace di tingersi con i colori inaspettati dell&#8217;avventura e dell\u2019amore. La serata verr\u00e0 scandita dalle letture di Luisa Pierobon, mentre a dialogare insieme all\u2019autrice sar\u00e0 il giornalista Marco D\u2019Inc\u00e0.<span class=\"gmail-Apple-converted-space\">\u00a0<\/span><\/p>\n<p>&nbsp;<\/p>\n<p>&nbsp;<\/p>\n<hr \/>\n<p>&nbsp;<\/p>\n<blockquote>\n<h3>L&#8217;ASSEMBLEA ANNUALE DEI DONATORI DEL SANGUE DI ALLEGHE<\/h3>\n<\/blockquote>\n<p><strong><a class=\"dt-pswp-item\" href=\"https:\/\/www.radiopiu.net\/wordpress\/wp-content\/uploads\/2022\/04\/20220227_120345-scaled.jpg\" data-dt-img-description=\"\" data-large_image_width=\"2560\" data-large_image_height=\"1440\"><img loading=\"lazy\" decoding=\"async\" class=\" wp-image-268497 alignleft\" src=\"https:\/\/www.radiopiu.net\/wordpress\/wp-content\/uploads\/2022\/04\/20220227_120345-300x169.jpg\" alt=\"\" width=\"192\" height=\"108\" srcset=\"https:\/\/www.radiopiu.net\/wordpress\/wp-content\/uploads\/2022\/04\/20220227_120345-300x169.jpg 300w, https:\/\/www.radiopiu.net\/wordpress\/wp-content\/uploads\/2022\/04\/20220227_120345-1024x576.jpg 1024w, https:\/\/www.radiopiu.net\/wordpress\/wp-content\/uploads\/2022\/04\/20220227_120345-768x432.jpg 768w, https:\/\/www.radiopiu.net\/wordpress\/wp-content\/uploads\/2022\/04\/20220227_120345-1536x864.jpg 1536w, https:\/\/www.radiopiu.net\/wordpress\/wp-content\/uploads\/2022\/04\/20220227_120345-2048x1152.jpg 2048w\" sizes=\"auto, (max-width: 192px) 100vw, 192px\" \/><\/a>ALLEGHE<\/strong> Si \u00e8 svolta a fine febbraio l&#8217;assemblea annuale dei donatori del sangue di Alleghe. Il bilancio dell\u2019anno 2021 ha confermato il numero di 72 donatori attivi suddivisi in 46 uomini e 26 donne. Le donazioni totali sono incrementate a 102 e 13 sono le sospensioni temporanee. Il dato importante \u00e8 l\u2019arrivo di 6 nuovi donatori, dei quali 4 provenienti dal comune di Alleghe (Alberto Fontanive, Monica Bellenzier, Luciano De Toni e Marco Rossi), uno da Selva di Cadore (Daniele Martini) e uno da Colle Santa Lucia (Thomas Kerer). A loro va un ringraziamento caloroso perch\u00e9 sono sintomo di rinnovamento e danno valore a uno dei modi pi\u00f9 semplici ed efficaci, il passa parola all\u2019interno delle famiglie, tra le amicizie e anche al lavoro. Auspicando un miglioramento della situazione sanitaria in relazione alla pandemia si prevede di organizzare la Cena Sociale in primavera per incontrare i soci e consegnare le benemerenze maturate: 5 diplomi al merito trasfusionale (8 donazioni per gli uomini 4 per le donne), 7 medaglie di bronzo (18 donazioni per gli uomini 9 per le donne), 8 medaglie d\u2019argento (24 donazioni per gli uomini e 12 per le donne), una medaglia d\u2019oro (50 donazioni per gli uomini 25 per le donne) e un distintivo d\u2019oro (75 donazioni).<\/p>\n<p>&nbsp;<\/p>\n<p>&nbsp;<\/p>\n<hr \/>\n<p>&nbsp;<\/p>\n<blockquote>\n<h3>FAMIGLIE VENETE INDEBITATE PER OLTRE 24 MILA EURO. PREOCCUPA IL RISCHIO USURA<\/h3>\n<\/blockquote>\n<p>Cresce il debito delle famiglie venete. Al 31 dicembre 2021 ammontava complessivamente a 50,7 miliardi di euro. L\u2019importo medio per nucleo famigliare era di 24.295 euro; se confrontato con il dato di 2 anni prima, periodo pre-Covid, l\u2019incremento \u00e8 stato di 1.822 euro (+7,5 per cento). Tra tutte le regioni d\u2019Italia, solo in Trentino Alto Adige si \u00e8 registrata una variazione percentuale maggiore della nostra.<\/p>\n<p>A preoccupare l\u2019Ufficio studi della CGIA, comunque, non \u00e8 tanto ci\u00f2 che si \u00e8 in grado di misurare, ma quello che non si riesce nemmeno a intravedere; come, ad esempio, il rischio usura. Un fenomeno, quest\u2019ultimo, che, da sempre, \u00e8 difficilmente dimensionabile, anche quando si hanno dati statistici recenti sul numero di denunce notificate alle forze dell\u2019ordine. Figuriamoci ora, che gli ultimi dati disponibili sono riferiti a un paio di anni fa.<\/p>\n<p><strong>SITUAZIONE CRITICA, MA NON DRAMMATICA<\/strong><br \/>\nAncorch\u00e8 lo stock dei debiti sia in aumento e gli effetti negativi del caro vita e del caro bollette siano esplosi solo dopo l\u2019inizio di quest\u2019anno, la situazione \u00e8 critica, ma non drammatica. E\u2019 probabile che l\u2019incremento sia in parte riconducibile alla forte ripresa economica avvenuta l\u2019anno scorso. Va altres\u00ec segnalato che le aree provinciali pi\u00f9 indebitate sono anche quelle che presentano i livelli di reddito pi\u00f9 elevati. Sicuramente in queste realt\u00e0 tra gli indebitati ci sono anche nuclei appartenenti alle fasce sociali pi\u00f9 deboli. Tuttavia, le forti esposizioni bancarie di questi territori potrebbero essere legati ai significativi investimenti avvenuti negli anni scorsi nel settore immobiliare che, ovviamente, sono riconducibili a famiglie benestanti. E\u2019 altres\u00ec vero che le famiglie venete hanno un indebitamento superiore di circa 2 mila euro rispetto alla media nazionale, a dimostrazione che siamo tra le realt\u00e0 pi\u00f9 esposte con il sistema bancario. Va altres\u00ec ricordato che la maggiore incidenza del debito sul reddito si registra nelle famiglie economicamente pi\u00f9 deboli, ovvero in quelle a rischio povert\u00e0 ed esclusione sociale. I dati dell\u2019Istat ci dicono, inoltre, che le crisi che si sono succedute dal 2008 in poi hanno aumentato il numero dei nuclei familiari in difficolt\u00e0 economica, visto che gli effetti di questi choc economici hanno aumentato il divario tra poveri e ricchi.<\/p>\n<p><strong>BOLLETTE: GLI AUTONOMI STANNO PAGANDO I RINCARI DUE VOLTE<\/strong><br \/>\nL\u2019aumento esponenziale dei prezzi, il caro carburante e quello delle bollette potrebbero peggiorare notevolmente la situazione economica di tantissime famiglie, anche in Veneto. Segnaliamo, in particolar modo, che molti artigiani, piccoli commercianti e partite Iva stanno pagando due volte lo straordinario aumento registrato in questi ultimi 6 mesi dalle bollette di luce e gas. La prima come utenti domestici e la seconda come piccoli imprenditori per riscaldare e illuminare le proprie botteghe e negozi. Una situazione che per molte attivit\u00e0 non \u00e8 pi\u00f9 economicamente sostenibile.<\/p>\n<p><strong>USURA: A RISCHIO ARTIGIANI, COMMERCIANTI E PARTITE IVA<\/strong><br \/>\nCon le sole denunce effettuate all\u2019Autorit\u00e0 giudiziaria non \u00e8 possibile dimensionare l\u2019usura. Questo fenomeno \u00e8 molto \u201ccarsico\u201d; chi finisce nella rete di questi criminali spesso ha paura di denunciare i suoi aguzzini perch\u00e9 teme per l\u2019incolumit\u00e0 propria e dei suoi familiari. E con la crisi economica ormai nuovamente alle porte, anche le forze dell\u2019ordine denunciano da tempo molti segnali di avvicinamento delle organizzazioni criminali al mondo dell\u2019imprenditoria. In particolar modo di quella composta da artigiani, negozianti e partite Iva. Lavoratori autonomi che si indebitano per poche migliaia di euro, ma nel giro di qualche mese si trovano nell\u2019impossibilit\u00e0 di restituire questi soldi, perch\u00e9 nel frattempo gli interessi hanno raggiunto livelli spaventosi. Sono queste, secondo l\u2019Ufficio studi della CGIA, le realt\u00e0 pi\u00f9 a rischio. Questo dimostra che lo Stato deve intervenire con massicce dosi di liquidit\u00e0, altrimenti molte imprese cadranno prigioniere di questi fuorilegge. Non solo, ma \u00e8 necessario incentivare il ricorso al \u201cFondo per la prevenzione\u201d dell\u2019usura. Uno strumento, quest\u2019ultimo, presente da decenni, ma poco utilizzato, anche perch\u00e9 sconosciuto ai pi\u00f9 e, conseguentemente, con scarse risorse economiche a disposizione.<\/p>\n<p><strong>PADOVA AL TOP, A BELLUNO LE MENO INDEBITATE<\/strong><br \/>\nLe famiglie venete pi\u00f9 in \u201crosso\u201d sono ubicate nella provincia di Padova, con un debito\u00a0 di 26.756 euro; al secondo posto scorgiamo quelle di Treviso, con 25.122 euro e al terzo posto le residenti a Venezia, con 24.553 euro. Appena fuori dal podio notiamo quelle di Verona, con un debito medio che ammonta a 24.399 euro, quelle di Vicenza, con 23.513 euro e quelle di Rovigo con 18.743 euro. Infine, le famiglie meno indebitate del Veneto risiedono Belluno, con un \u201crosso\u201d pari a 18.219 euro.<\/p>\n<p>&nbsp;<\/p>\n<p>&nbsp;<\/p>\n<hr \/>\n<p>&nbsp;<\/p>\n<h2><span style=\"color: #ff0000;\"><strong><a class=\"dt-pswp-item\" href=\"https:\/\/www.radiopiu.net\/wordpress\/wp-content\/uploads\/2022\/04\/0.png\" data-dt-img-description=\"\" data-large_image_width=\"1790\" data-large_image_height=\"1926\"><img loading=\"lazy\" decoding=\"async\" class=\"size-thumbnail wp-image-268644 alignleft\" src=\"https:\/\/www.radiopiu.net\/wordpress\/wp-content\/uploads\/2022\/04\/0-150x150.png\" alt=\"\" width=\"150\" height=\"150\" \/><\/a>DAL CORRIERE DELLE ALPI<\/strong><\/span><\/h2>\n<h3>MARCO DA CAMPO, L&#8217;OPERATORE ECOLOGICO A TUTTO CAMPO<\/h3>\n<p><strong>VOLTAGO <\/strong>Come ogni lunedi Gianni Santomaso dalle pagine del Corriere delle Alpi racconta una storia, un personaggio, un pezzo di vita dell\u2019Agordino \u201cVivere l\u2019Agordino\u201d una raccolta spaccato di vita agordina con le immancabili vignette di Erica Andrich<\/p>\n<p><strong>di Gianni Santomaso<\/strong><\/p>\n<p>&nbsp;<\/p>\n<p>&nbsp;<\/p>\n<hr \/>\n<p>&nbsp;<\/p>\n<blockquote>\n<h3>MERCERIA AMICA, UN NUOVO NEGOZIO A TAIBON AGORDINO<\/h3>\n<\/blockquote>\n<p><strong><a class=\"dt-pswp-item\" href=\"https:\/\/www.radiopiu.net\/wordpress\/wp-content\/uploads\/2022\/04\/c058d2c1-1587-4caf-a881-4d4a053838f9.jpg\" data-dt-img-description=\"\" data-large_image_width=\"2048\" data-large_image_height=\"1536\"><img loading=\"lazy\" decoding=\"async\" class=\"alignleft wp-image-268622 \" src=\"https:\/\/www.radiopiu.net\/wordpress\/wp-content\/uploads\/2022\/04\/c058d2c1-1587-4caf-a881-4d4a053838f9-300x225.jpg\" alt=\"\" width=\"212\" height=\"159\" srcset=\"https:\/\/www.radiopiu.net\/wordpress\/wp-content\/uploads\/2022\/04\/c058d2c1-1587-4caf-a881-4d4a053838f9-300x225.jpg 300w, https:\/\/www.radiopiu.net\/wordpress\/wp-content\/uploads\/2022\/04\/c058d2c1-1587-4caf-a881-4d4a053838f9-1024x768.jpg 1024w, https:\/\/www.radiopiu.net\/wordpress\/wp-content\/uploads\/2022\/04\/c058d2c1-1587-4caf-a881-4d4a053838f9-768x576.jpg 768w, https:\/\/www.radiopiu.net\/wordpress\/wp-content\/uploads\/2022\/04\/c058d2c1-1587-4caf-a881-4d4a053838f9-1536x1152.jpg 1536w, https:\/\/www.radiopiu.net\/wordpress\/wp-content\/uploads\/2022\/04\/c058d2c1-1587-4caf-a881-4d4a053838f9.jpg 2048w\" sizes=\"auto, (max-width: 212px) 100vw, 212px\" \/><\/a>TAIBON<\/strong>\u00a0 Finalmente una bella notizia che fa da contraltare alle continue chiusure che hanno caratterizzato gli ultimi anni a Taibon Agordino. Un investimento di privati senza ricorso a contributi dei fondi dei comuni di confine, quelli che facilitano le cose,\u00a0 ma solo alle amministrazione comunali che spesso non sanno nemmeno pi\u00f9 come spenderli quei vagoni di milioni di euro.<\/p>\n<p>Paola e Jenni hanno deciso di crederci e hanno creato il loro nuovo negozio a Peden, sulla strada per Villanova dove fino a qualche anno fa c&#8217;era l&#8217;edicola La Cenerentola. Ben venga un nuovo prodotto per il paese, la Conca Agordina e la vallata. In bocca la lupo a Paola e a Jenni,\u00a0 nel pomeriggio alle 15.10 lo speciale alla radio.<\/p>\n<p><strong>LO SPOT ALLA RADIO\u00a0<\/strong><\/p>\n<audio class=\"wp-audio-shortcode\" id=\"audio-268405-3\" preload=\"none\" style=\"width: 100%;\" controls=\"controls\"><source type=\"audio\/mpeg\" src=\"https:\/\/www.radiopiu.net\/wordpress\/wp-content\/uploads\/2022\/04\/MERCERIA-AMICA.mp3?_=3\" \/><a href=\"https:\/\/www.radiopiu.net\/wordpress\/wp-content\/uploads\/2022\/04\/MERCERIA-AMICA.mp3\">https:\/\/www.radiopiu.net\/wordpress\/wp-content\/uploads\/2022\/04\/MERCERIA-AMICA.mp3<\/a><\/audio>\n<p>&nbsp;<\/p>\n<hr \/>\n<p>&nbsp;<\/p>\n<blockquote>\n<h3>CERIMONIA COMMEMORATIVA PER GIOVANNI PALATUCCI CON LA QUESTURA DI BELLUNO<\/h3>\n<\/blockquote>\n<p><strong><a class=\"dt-pswp-item\" href=\"https:\/\/www.radiopiu.net\/wordpress\/wp-content\/uploads\/2022\/03\/Giovanni-Palatucci-259x300-1.jpg\" data-dt-img-description=\"\" data-large_image_width=\"259\" data-large_image_height=\"300\"><img loading=\"lazy\" decoding=\"async\" class=\"size-thumbnail wp-image-267819 alignright\" src=\"https:\/\/www.radiopiu.net\/wordpress\/wp-content\/uploads\/2022\/03\/Giovanni-Palatucci-259x300-1-150x150.jpg\" alt=\"\" width=\"150\" height=\"150\" \/><\/a>BELLUNO<\/strong> Domani alle 11.30 al parco di Lambioi, avr\u00e0 luogo la cerimonia commemorativa in ricordo dell\u2019ex Questore di Fiume Giovanni Palatucci, morto nel campo di concentramento di Dachau, il 10 febbraio 1945. Il Questore Palatucci, medaglia d\u2019oro al merito civile, \u00e8 stato insignito del riconoscimento di \u201cgiusto tra le nazioni\u201d perch\u00e9 protagonista del salvataggio di circa 5.000 ebrei stranieri e italiani. Alla cerimonia, durante la quale sar\u00e0 posta una targa commemorativa ed un albero di acero in suo ricordo, parteciperanno alcune cariche istituzionali, civili e militari della Provincia, nonch\u00e9 il presidente della Comunit\u00e0 Ebraica di Venezia Prof. Dario Calimani<\/p>\n<p>&nbsp;<\/p>\n<p>&nbsp;<\/p>\n<hr \/>\n<p>&nbsp;<\/p>\n<div class=\"page\" title=\"Page 1\">\n<div class=\"layoutArea\">\n<div class=\"column\">\n<blockquote>\n<h3>A FELTRE IL GENERALE SILVIO MAZZAROLI RACCONTA \u201cUNA VITA CON IL CAPPELLO ALPINO\u201d<\/h3>\n<\/blockquote>\n<p><strong>FELTRE <\/strong>Venerdi\u0300 8 aprile alle 20.30, nel Museo Diocesano di Feltre, si terra\u0300 la terza di una serie di conferenze organizzate dalla locale sezione dell\u2019Associazione Nazionale Alpini, nell\u2019ambito dei festeggiamenti per il suo centenario, intitolata \u201cUna vita con il Cappello Alpino\u201d. Relatore della serata sara\u0300 il Generale C.A. Silvio Mazzaroli. Originario di Trieste, il Generale e\u0300 stato ripetutamente impiegato presso lo Stato Maggiore dell\u2019Esercito nei settori ordinativo e logistico.<\/p>\n<p>&nbsp;<\/p>\n<p>&nbsp;<\/p>\n<hr \/>\n<p>&nbsp;<\/p>\n<blockquote>\n<h3>IRPEF E IMU, ARGOMENTI DA CONSIGLIO COMUNALE<\/h3>\n<\/blockquote>\n<p><strong>\u00a0LIVINALLONGO<\/strong> Venerdi alle 18.30 consiglio comunale convocato dal sindaco Leandro Grones. All&#8217;ordine del giorno l&#8217;approvazione delle aliquote Imu e Irpef, verifica delle aree fabbricabili, approvazione del programma triennale delle opere pubbliche, aggiornamento del documento programmatico e approvazione dei regolamenti per le video conferenze e il godimento dei beni comunali d&#8217;uso civico.<\/p>\n<p>&nbsp;<\/p>\n<p>&nbsp;<\/p>\n<hr \/>\n<p>&nbsp;<\/p>\n<p><strong>ARABBA.. SCIARE FINO A PASQUA<\/strong><\/p>\n<blockquote>\n<div class=\"\">\n<div class=\"\"><i class=\"\">Ma chi l&#8217;ha detto che a Pasqua \u00e8 troppo tardi per sciare? Ad Arabba \u00e8 possibile! Gli impianti di Porta Vescovo e del Passo Pordoi sono aperti tutti i giorni fino a\u00a0<span dir=\"ltr\">luned\u00ec 18 aprile<\/span>\u00a0compreso, per permettere a tutti gli amanti dello sci di farsi un&#8217;ultima sciata anche con l&#8217;arrivo della primavera! Piste vere per sciatori veri, ma anche un&#8217;ultima occasione per passare una giornata in quota tra le vette pi\u00f9 affascinanti delle Dolomiti.\u00a0<\/i><i class=\"\">Info e prezzi su\u00a0<a class=\"\" href=\"http:\/\/www.arabba.it\/\">www.arabba.it<\/a>\u00a0<\/i><\/div>\n<\/div>\n<\/blockquote>\n<p>&nbsp;<\/p>\n<p>&nbsp;<\/p>\n<hr \/>\n<p>&nbsp;<\/p>\n<blockquote>\n<h3>RINVIATE LE DUE GIORNATE ECOLOGICHE A CENCENIGHE<\/h3>\n<\/blockquote>\n<p><strong>CENCENIGHE<\/strong> L&#8217;amministrazione comunale di Cencenighe in collaborazione con la Pro Loco aveva organizzato per questo fine settimana due giornate ecologiche per la raccolta di rifiuti abbandonati. Sono state rinviate di sette giorni a sabato 9 e domenica 10 aprile con lo stesso programma: Sabato 9 aprile il ritrovo alle 8 con l&#8217;assegnazione dell&#8217;area di pulizia, alle 13 il pranzo al Nof Fil\u00f2 e subito dopo l&#8217;eventuale prosecuzione dei lavori. Domenica 10 aprile il ritrovo alle 8 con l&#8217;assegnazione dell&#8217;area di pulizia e alle 12 il pranzo sempre al Nof Fil\u00f2. L&#8217;attrezzatura verr\u00e0 fornita da Valpe Ambiente e le immondizie raccolte saranno conferite all&#8217;ecocentro. I bambini che vogliono partecipare alle giornate dovranno essere accompagnati.<\/p>\n<p>&nbsp;<\/p>\n<p>&nbsp;<\/p>\n<hr \/>\n<p>&nbsp;<\/p>\n<blockquote>\n<h3>NUOVO TESSERAMENTO CAI<\/h3>\n<\/blockquote>\n<p><strong>AGORDO<\/strong> Il Cai di Agordo ricorda che per tutto il mese di aprile la sede sar\u00e0 aperta per il rinnovo del tesseramento il mercoled\u00ec dalle 9 alle 12 e il venerd\u00ec dalle 17 alle 19. A partire dal mese di maggio il rinnovo potr\u00e0 essere effettuato solo tramite bonifico bancario. Per informazioni o nuove iscrizioni contattare il 3280113612 oppure 3396218040.<\/p>\n<p>&nbsp;<\/p>\n<p>&nbsp;<\/p>\n<hr \/>\n<p>&nbsp;<\/p>\n<blockquote>\n<h3>SULLE ORME DI WALK OF FAME CON LA SCUOLA DI AGORDO<\/h3>\n<\/blockquote>\n<p><strong>AGORDO<\/strong> Sabato 9 aprile alle 11:10 nel cortile della scuola secondaria di I grado ad Agordo, gli alunni di treza B e C organizzano &#8220;Walk Of Fame&#8221;, per parlare di pace e di coloro che hanno ricevuto il Nobel. Evento all&#8217;aperto della durata di un&#8217;ora. in caso di maltempo verr\u00e0 spostato a sabato 23 aprile.<\/p>\n<p>&nbsp;<\/p>\n<p>&nbsp;<\/p>\n<hr \/>\n<p>&nbsp;<\/p>\n<blockquote>\n<h3>PRO LOCO DI CANALE APERTA NEL FINE SETTIMANA<\/h3>\n<\/blockquote>\n<p><strong>CANALE D&#8217;AGORDO<\/strong> A partire dal mese di Aprile gli orari dell&#8217;ufficio pro loco e del Museo Albino Luciani saranno i seguenti: <span class=\"s1\">Venerd\u00ec, sabato e domenica 9.00-12.00; 15.00-18.00. Con la fine dello Stato di emergenza epidemiologica, per l&#8217;accesso ai musei e ai luoghi della cultura non \u00e8 pi\u00f9 richiesto n\u00e9 il green pass rafforzato n\u00e9 quello base. Permane, l&#8217;obbligo dell&#8217;utilizzo delle mascherine chirurgiche.<\/span><\/p>\n<p>&nbsp;<\/p>\n<p>&nbsp;<\/p>\n<hr \/>\n<p>&nbsp;<\/p>\n<blockquote>\n<h3>UNA SERATA DI TEATRO ORGANIZZATA DAL CIRCOLO DEI SARDI NEL BELLUNESE<\/h3>\n<\/blockquote>\n<p><strong>BELLUNO\u00a0<\/strong>Sabato alle 20:45 presso il Centro Diocesano Giovanni XXII di Belluno \u00e8 in programma lo spettacolo teatrale di Elisa Pistis dal titolo &#8220;Mistero Buffo&#8221;, scritto da Dario Fo e Franca Rame. Per informazioni 388 6458895 o via mail a robertoangus2@gmail.com<\/p>\n<p>&nbsp;<\/p>\n<p>&nbsp;<\/p>\n<hr \/>\n<p>&nbsp;<\/p>\n<blockquote>\n<h3>A NATALE SOLO PANE, 35 PAGNOTTE PRONTE A PARTIRE<\/h3>\n<\/blockquote>\n<p><strong>PEDAVENA <\/strong>La Comunit\u00e0 \u201cVilla San Francesco\u201d del CIF di Venezia a Facen di Pedavena, che accoglie minori e giovani in difficolt\u00e0 familiari e personali, con il tema educativo biennale 2020-21 <strong>\u201c<\/strong>Genera ci\u00f2 che dici\u201d, ha invitato, con l\u2019iniziativa comunitaria SALARE LA TERRA SALARE IL MONDO, alla ricerca di sale in varie parti del mondo. Il sale \u00e8 arrivato da 110 localit\u00e0 \u00a0di tutti i continenti. Per Natale 2021 \u00e8 stato chiesto a 25 realt\u00e0 solidali in Italia di impastare e cuocere una pagnotta che avrebbe poi raggiunto, percorrendo 25 Bretelle di bene in tutti i continenti, 25 Esperienze solidali e di ricerca di senso, scelte in Comunit\u00e0. Ne sono giunte 35. Domenica delle Palme 10 aprile 2022 alle 15, dal Museo dei Sogni, della Memoria, della Coscienza e dei Presepi della Cooperativa Sociale Arcobaleno \u201886 a Feltre, le 35 pagnotte verranno caricate simbolicamente su 35 asinelli nomadi e pellegrini.<\/p>\n<p>&nbsp;<\/p>\n<p>&nbsp;<\/p>\n<p>&nbsp;<\/p>\n<hr \/>\n<p>&nbsp;<\/p>\n<blockquote>\n<h3>IL NUOVO GRAFFITO DI DUNIO PICCOLIN IN PROVINCIA DI PORDENONE<\/h3>\n<\/blockquote>\n<p><strong><a class=\"dt-pswp-item\" href=\"https:\/\/www.radiopiu.net\/wordpress\/wp-content\/uploads\/2022\/04\/Schermata-2022-04-02-alle-14.53.19.png\" data-dt-img-description=\"\" data-large_image_width=\"1246\" data-large_image_height=\"930\"><img loading=\"lazy\" decoding=\"async\" class=\" wp-image-268513 alignleft\" src=\"https:\/\/www.radiopiu.net\/wordpress\/wp-content\/uploads\/2022\/04\/Schermata-2022-04-02-alle-14.53.19-300x224.png\" alt=\"\" width=\"182\" height=\"136\" srcset=\"https:\/\/www.radiopiu.net\/wordpress\/wp-content\/uploads\/2022\/04\/Schermata-2022-04-02-alle-14.53.19-300x224.png 300w, https:\/\/www.radiopiu.net\/wordpress\/wp-content\/uploads\/2022\/04\/Schermata-2022-04-02-alle-14.53.19-1024x764.png 1024w, https:\/\/www.radiopiu.net\/wordpress\/wp-content\/uploads\/2022\/04\/Schermata-2022-04-02-alle-14.53.19-768x573.png 768w, https:\/\/www.radiopiu.net\/wordpress\/wp-content\/uploads\/2022\/04\/Schermata-2022-04-02-alle-14.53.19.png 1246w\" sizes=\"auto, (max-width: 182px) 100vw, 182px\" \/><\/a>DARDAGO DI BUDOIA (PN)<\/strong> Ci vuole intelligenza per fare dell&#8217;autoironia, e un bel po&#8217; di coraggio per renderla visibile con un dipinto, o un graffito, di 11 metri quadrati. Con l&#8217;autoironia si cacciano i diversi malefici e il vociferare di paese, anche quelli che si potrebbero avere sul soggetto del dipinto. Ed ecco, come un principe egizio sul trono, Antonio, &#8220;l&#8217;ultimo&#8221; della stipite del casato dei &#8220;Mao&#8221;. Con il suo bastone &#8220;regale&#8221;, impugnato con tanta forza, assume un tono serioso, ma la sua espressione cela un sornione sorriso ironico, come per dire: &#8220;io son qua, ma non prendetemi sul serio&#8221;. Se poi ai piedi si indossano delle ciabatte, anche il pi\u00f9 regale dei principi si autodeclassa in autorevolezza da solo. Alle sue spalle una lince lo conforta mettendogli una zampa sulla spalla: l&#8217;animale \u00e8 parente pi\u00f9 nobile del gatto, ed \u00e8 in riferimento al casato dei &#8220;Mao&#8221;, che significa gatto. Immancabile nello scenario dipinto \u00e8 la figura di Ziko, l&#8217;accompagnatore fedele del &#8220;Toni Mao&#8221; da ben 18 anni. Ziko tiene sotto la zampa un piccolo mappamondo e par dire: &#8220;di questo mondo raffigurato io son il padrone&#8221;. Segue la figura del leone a rappresentare Venezia, l&#8217;origine di Toni, che vive a Dardago fin da bambino, ma lui per tutti \u00e8 pur sempre il &#8220;venessian&#8221;. Il resto \u00e8 la chiesa del paese, un po&#8217; di paesaggio e due figure sul sagrato della stessa chiesa. L&#8217;ultimo atto della vicenda si conclude con una voce &#8221; fuori campo&#8221; che parafrasando dei versi della Divina Commedia di Dante Alighieri, in versione &#8220;Mao&#8221;&#8216;, dice quanto segue.<\/p>\n<div class=\"cxmmr5t8 oygrvhab hcukyx3x c1et5uql o9v6fnle ii04i59q\">\n<blockquote>\n<div dir=\"auto\"><strong><em>&#8220;Venesia naser me ha vedut,<\/em><em>Ma dell&#8217;aghe amanti non son mai stat, Furlan de Dardac son venut e Mao progenie son sempre stat. Or ora un cian me ha adotat e insieme veci son vegnut. La Paneratta ai Molat* avon passat perch\u00e9 le bestiatte me ha lassat e alla Luce sui coi suoi rivat. Gente de Dardac no ste a danave che presto l&#8217;artugna doveit traghetar sperando che ste bestiatte non le ve ha belda&#8217; mangiat&#8221;.<\/em><\/strong><\/div>\n<div dir=\"auto\"><strong>*<\/strong>La localit\u00e0 Paneratta ai Molat \u00e8 la Selva Oscura in Dardago<\/div>\n<\/blockquote>\n<div dir=\"auto\">22 marzo &#8211; 01 aprile 2022<\/div>\n<div dir=\"auto\"><\/div>\n<div dir=\"auto\">\n\n\t\t\t<style type='text\/css'>\n\t\t\t\t#gallery-5 {\n\t\t\t\t\tmargin: auto;\n\t\t\t\t}\n\t\t\t\t#gallery-5 .gallery-item {\n\t\t\t\t\tfloat: left;\n\t\t\t\t\tmargin-top: 10px;\n\t\t\t\t\ttext-align: center;\n\t\t\t\t\twidth: 20%;\n\t\t\t\t}\n\t\t\t\t#gallery-5 img {\n\t\t\t\t\tborder: 2px solid #cfcfcf;\n\t\t\t\t}\n\t\t\t\t#gallery-5 .gallery-caption {\n\t\t\t\t\tmargin-left: 0;\n\t\t\t\t}\n\t\t\t\t\/* see gallery_shortcode() in wp-includes\/media.php *\/\n\t\t\t<\/style>\n\t\t<div id='gallery-5' class='dt-gallery-container gallery galleryid-268405 gallery-columns-5 gallery-size-thumbnail'><dl class='gallery-item'>\n\t\t\t\t<dt class='gallery-icon portrait'>\n\t\t\t\t\t<a class=\"rollover rollover-zoom dt-pswp-item\" title=\"277301370_10220246326738390_7256522304828262811_n\" data-dt-img-description=\"\" data-large_image_width=\"1536\" data-large_image_height=\"2048\"href='https:\/\/www.radiopiu.net\/wordpress\/wp-content\/uploads\/2022\/04\/277301370_10220246326738390_7256522304828262811_n.jpg'><img loading=\"lazy\" decoding=\"async\" width=\"150\" height=\"150\" src=\"https:\/\/www.radiopiu.net\/wordpress\/wp-content\/uploads\/2022\/04\/277301370_10220246326738390_7256522304828262811_n-150x150.jpg\" class=\"attachment-thumbnail size-thumbnail\" alt=\"\" \/><\/a>\n\t\t\t\t<\/dt><\/dl><dl class='gallery-item'>\n\t\t\t\t<dt class='gallery-icon portrait'>\n\t\t\t\t\t<a class=\"rollover rollover-zoom dt-pswp-item\" title=\"277531179_10220246327178401_5024477452281044152_n\" data-dt-img-description=\"\" data-large_image_width=\"1536\" data-large_image_height=\"2048\"href='https:\/\/www.radiopiu.net\/wordpress\/wp-content\/uploads\/2022\/04\/277531179_10220246327178401_5024477452281044152_n.jpg'><img loading=\"lazy\" decoding=\"async\" width=\"150\" height=\"150\" src=\"https:\/\/www.radiopiu.net\/wordpress\/wp-content\/uploads\/2022\/04\/277531179_10220246327178401_5024477452281044152_n-150x150.jpg\" class=\"attachment-thumbnail size-thumbnail\" alt=\"\" \/><\/a>\n\t\t\t\t<\/dt><\/dl><dl class='gallery-item'>\n\t\t\t\t<dt class='gallery-icon portrait'>\n\t\t\t\t\t<a class=\"rollover rollover-zoom dt-pswp-item\" title=\"277520805_10220246327538410_1059458697707958044_n\" data-dt-img-description=\"\" data-large_image_width=\"1919\" data-large_image_height=\"2048\"href='https:\/\/www.radiopiu.net\/wordpress\/wp-content\/uploads\/2022\/04\/277520805_10220246327538410_1059458697707958044_n.jpg'><img loading=\"lazy\" decoding=\"async\" width=\"150\" height=\"150\" src=\"https:\/\/www.radiopiu.net\/wordpress\/wp-content\/uploads\/2022\/04\/277520805_10220246327538410_1059458697707958044_n-150x150.jpg\" class=\"attachment-thumbnail size-thumbnail\" alt=\"\" \/><\/a>\n\t\t\t\t<\/dt><\/dl><dl class='gallery-item'>\n\t\t\t\t<dt class='gallery-icon portrait'>\n\t\t\t\t\t<a class=\"rollover rollover-zoom dt-pswp-item\" title=\"277516173_10220246328058423_7470948551432586163_n\" data-dt-img-description=\"\" data-large_image_width=\"1536\" data-large_image_height=\"2048\"href='https:\/\/www.radiopiu.net\/wordpress\/wp-content\/uploads\/2022\/04\/277516173_10220246328058423_7470948551432586163_n.jpg'><img loading=\"lazy\" decoding=\"async\" width=\"150\" height=\"150\" src=\"https:\/\/www.radiopiu.net\/wordpress\/wp-content\/uploads\/2022\/04\/277516173_10220246328058423_7470948551432586163_n-150x150.jpg\" class=\"attachment-thumbnail size-thumbnail\" alt=\"\" \/><\/a>\n\t\t\t\t<\/dt><\/dl><dl class='gallery-item'>\n\t\t\t\t<dt class='gallery-icon portrait'>\n\t\t\t\t\t<a class=\"rollover rollover-zoom dt-pswp-item\" title=\"276274823_10220246328578436_8787641226190288592_n\" data-dt-img-description=\"\" data-large_image_width=\"1536\" data-large_image_height=\"2048\"href='https:\/\/www.radiopiu.net\/wordpress\/wp-content\/uploads\/2022\/04\/276274823_10220246328578436_8787641226190288592_n.jpg'><img loading=\"lazy\" decoding=\"async\" width=\"150\" height=\"150\" src=\"https:\/\/www.radiopiu.net\/wordpress\/wp-content\/uploads\/2022\/04\/276274823_10220246328578436_8787641226190288592_n-150x150.jpg\" class=\"attachment-thumbnail size-thumbnail\" alt=\"\" \/><\/a>\n\t\t\t\t<\/dt><\/dl><br style=\"clear: both\" \/><dl class='gallery-item'>\n\t\t\t\t<dt class='gallery-icon portrait'>\n\t\t\t\t\t<a class=\"rollover rollover-zoom dt-pswp-item\" title=\"277251092_10220246328818442_1659621094491732304_n\" data-dt-img-description=\"\" data-large_image_width=\"1536\" data-large_image_height=\"2048\"href='https:\/\/www.radiopiu.net\/wordpress\/wp-content\/uploads\/2022\/04\/277251092_10220246328818442_1659621094491732304_n.jpg'><img loading=\"lazy\" decoding=\"async\" width=\"150\" height=\"150\" src=\"https:\/\/www.radiopiu.net\/wordpress\/wp-content\/uploads\/2022\/04\/277251092_10220246328818442_1659621094491732304_n-150x150.jpg\" class=\"attachment-thumbnail size-thumbnail\" alt=\"\" \/><\/a>\n\t\t\t\t<\/dt><\/dl><dl class='gallery-item'>\n\t\t\t\t<dt class='gallery-icon portrait'>\n\t\t\t\t\t<a class=\"rollover rollover-zoom dt-pswp-item\" title=\"277364874_10220246329338455_8948253286778030274_n\" data-dt-img-description=\"\" data-large_image_width=\"1536\" data-large_image_height=\"2048\"href='https:\/\/www.radiopiu.net\/wordpress\/wp-content\/uploads\/2022\/04\/277364874_10220246329338455_8948253286778030274_n.jpg'><img loading=\"lazy\" decoding=\"async\" width=\"150\" height=\"150\" src=\"https:\/\/www.radiopiu.net\/wordpress\/wp-content\/uploads\/2022\/04\/277364874_10220246329338455_8948253286778030274_n-150x150.jpg\" class=\"attachment-thumbnail size-thumbnail\" alt=\"\" \/><\/a>\n\t\t\t\t<\/dt><\/dl><dl class='gallery-item'>\n\t\t\t\t<dt class='gallery-icon portrait'>\n\t\t\t\t\t<a class=\"rollover rollover-zoom dt-pswp-item\" title=\"277788064_10220246329978471_2488056981366706814_n\" data-dt-img-description=\"\" data-large_image_width=\"1536\" data-large_image_height=\"2048\"href='https:\/\/www.radiopiu.net\/wordpress\/wp-content\/uploads\/2022\/04\/277788064_10220246329978471_2488056981366706814_n.jpg'><img loading=\"lazy\" decoding=\"async\" width=\"150\" height=\"150\" src=\"https:\/\/www.radiopiu.net\/wordpress\/wp-content\/uploads\/2022\/04\/277788064_10220246329978471_2488056981366706814_n-150x150.jpg\" class=\"attachment-thumbnail size-thumbnail\" alt=\"\" \/><\/a>\n\t\t\t\t<\/dt><\/dl><dl class='gallery-item'>\n\t\t\t\t<dt class='gallery-icon portrait'>\n\t\t\t\t\t<a class=\"rollover rollover-zoom dt-pswp-item\" title=\"277560551_10220246332298529_2129542679969295967_n\" data-dt-img-description=\"\" data-large_image_width=\"1549\" data-large_image_height=\"2048\"href='https:\/\/www.radiopiu.net\/wordpress\/wp-content\/uploads\/2022\/04\/277560551_10220246332298529_2129542679969295967_n.jpg'><img loading=\"lazy\" decoding=\"async\" width=\"150\" height=\"150\" src=\"https:\/\/www.radiopiu.net\/wordpress\/wp-content\/uploads\/2022\/04\/277560551_10220246332298529_2129542679969295967_n-150x150.jpg\" class=\"attachment-thumbnail size-thumbnail\" alt=\"\" \/><\/a>\n\t\t\t\t<\/dt><\/dl><dl class='gallery-item'>\n\t\t\t\t<dt class='gallery-icon landscape'>\n\t\t\t\t\t<a class=\"rollover rollover-zoom dt-pswp-item\" title=\"Schermata 2022-04-02 alle 14.53.19\" data-dt-img-description=\"\" data-large_image_width=\"1246\" data-large_image_height=\"930\"href='https:\/\/www.radiopiu.net\/wordpress\/wp-content\/uploads\/2022\/04\/Schermata-2022-04-02-alle-14.53.19.png'><img loading=\"lazy\" decoding=\"async\" width=\"150\" height=\"150\" src=\"https:\/\/www.radiopiu.net\/wordpress\/wp-content\/uploads\/2022\/04\/Schermata-2022-04-02-alle-14.53.19-150x150.png\" class=\"attachment-thumbnail size-thumbnail\" alt=\"\" \/><\/a>\n\t\t\t\t<\/dt><\/dl><br style=\"clear: both\" \/>\n\t\t\t<\/div>\n\n<p>&nbsp;<\/p>\n<hr \/>\n<p>&nbsp;<\/p>\n<\/div>\n<\/div>\n<h2><span style=\"color: #ff0000;\">IERI ALLA RADIO<\/span><\/h2>\n<h2><strong><a class=\"dt-pswp-item\" href=\"https:\/\/www.radiopiu.net\/wordpress\/wp-content\/uploads\/2020\/12\/DON-GIORGIO-LISE.jpg\" data-dt-img-description=\"\" data-large_image_width=\"1600\" data-large_image_height=\"901\"><img loading=\"lazy\" decoding=\"async\" class=\"size-thumbnail wp-image-177420 alignleft\" src=\"https:\/\/www.radiopiu.net\/wordpress\/wp-content\/uploads\/2020\/12\/DON-GIORGIO-LISE-150x150.jpg\" alt=\"\" width=\"150\" height=\"150\" \/><\/a><span style=\"color: #993366;\">DUE MINUTI PER TE<\/span><\/strong><\/h2>\n<p><strong>APPUNTAMENTO DELLA DOMENICA CON DON GIORGIO LISE<\/strong><\/p>\n<audio class=\"wp-audio-shortcode\" id=\"audio-268405-4\" preload=\"none\" style=\"width: 100%;\" controls=\"controls\"><source type=\"audio\/mpeg\" src=\"https:\/\/www.radiopiu.net\/wordpress\/wp-content\/uploads\/2022\/04\/DON-GIORGIO.mp3?_=4\" \/><a href=\"https:\/\/www.radiopiu.net\/wordpress\/wp-content\/uploads\/2022\/04\/DON-GIORGIO.mp3\">https:\/\/www.radiopiu.net\/wordpress\/wp-content\/uploads\/2022\/04\/DON-GIORGIO.mp3<\/a><\/audio>\n<p>&nbsp;<\/p>\n<p>&nbsp;<\/p>\n<hr \/>\n<p>&nbsp;<\/p>\n<blockquote class=\"wp-embedded-content\" data-secret=\"54I2xZxGIa\"><p><a href=\"https:\/\/www.radiopiu.net\/wordpress\/il-vescovo-di-belluno-feltre-mons-marangoni-ha-scritto-alle-comunita-parrocchiali-della-diocesi-per-la-pasqua\/\">IL VESCOVO DI BELLUNO-FELTRE MONS. MARANGONI HA SCRITTO ALLE COMUNIT\u00c0 PARROCCHIALI DELLA DIOCESI PER LA PASQUA<\/a><\/p><\/blockquote>\n<p><iframe loading=\"lazy\" class=\"wp-embedded-content\" sandbox=\"allow-scripts\" security=\"restricted\" style=\"position: absolute; clip: rect(1px, 1px, 1px, 1px);\" title=\"&#8220;IL VESCOVO DI BELLUNO-FELTRE MONS. MARANGONI HA SCRITTO ALLE COMUNIT\u00c0 PARROCCHIALI DELLA DIOCESI PER LA PASQUA&#8221; &#8212; Radio Pi\u00f9\" src=\"https:\/\/www.radiopiu.net\/wordpress\/il-vescovo-di-belluno-feltre-mons-marangoni-ha-scritto-alle-comunita-parrocchiali-della-diocesi-per-la-pasqua\/embed\/#?secret=cNe9XMEaZP#?secret=54I2xZxGIa\" data-secret=\"54I2xZxGIa\" width=\"600\" height=\"338\" frameborder=\"0\" marginwidth=\"0\" marginheight=\"0\" scrolling=\"no\"><\/iframe><\/p>\n<p>&nbsp;<\/p>\n<p>&nbsp;<\/p>\n<hr \/>\n<p>&nbsp;<\/p>\n<div>\n<div class=\"b654a4as d2edcug0\">\n<div class=\"rq0escxv hkbzh7o3 jwdofwj8 n8tt0mok r8blr3vg hyh9befq\">\n<p><a class=\"dt-pswp-item\" href=\"https:\/\/www.radiopiu.net\/wordpress\/wp-content\/uploads\/2020\/10\/pp.jpg\" data-dt-img-description=\"\" data-large_image_width=\"640\" data-large_image_height=\"640\"><img loading=\"lazy\" decoding=\"async\" class=\"wp-image-163678 alignleft\" src=\"https:\/\/www.radiopiu.net\/wordpress\/wp-content\/uploads\/2020\/10\/pp-300x300.jpg\" alt=\"\" width=\"106\" height=\"106\" srcset=\"https:\/\/www.radiopiu.net\/wordpress\/wp-content\/uploads\/2020\/10\/pp-300x300.jpg 300w, https:\/\/www.radiopiu.net\/wordpress\/wp-content\/uploads\/2020\/10\/pp-150x150.jpg 150w, https:\/\/www.radiopiu.net\/wordpress\/wp-content\/uploads\/2020\/10\/pp-125x125.jpg 125w, https:\/\/www.radiopiu.net\/wordpress\/wp-content\/uploads\/2020\/10\/pp-200x200.jpg 200w, https:\/\/www.radiopiu.net\/wordpress\/wp-content\/uploads\/2020\/10\/pp-80x80.jpg 80w, https:\/\/www.radiopiu.net\/wordpress\/wp-content\/uploads\/2020\/10\/pp-480x480.jpg 480w, https:\/\/www.radiopiu.net\/wordpress\/wp-content\/uploads\/2020\/10\/pp.jpg 640w\" sizes=\"auto, (max-width: 106px) 100vw, 106px\" \/><\/a><\/p>\n<\/div>\n<\/div>\n<\/div>\n<div>\n<div class=\"page-title-head hgroup\">\n<div class=\"page-title-head hgroup\">\n<div class=\"b654a4as d2edcug0\">\n<div class=\"j83agx80 btwxx1t3 lhclo0ds hop8lmos nkwizq5d scwd0bx6 roh60bw9\">\n<div class=\"rq0escxv hkbzh7o3 jwdofwj8 n8tt0mok r8blr3vg hyh9befq\">\n<div class=\"do00u71z l9j0dhe7 k4urcfbm\">\n<h2><span style=\"color: #000080;\">\u00a0<\/span><span style=\"color: #000080;\">DON CESARE, IL PENSIERO DEL GIORNO. ALLA RADIO ALLE 7 DEL MATTINO E ALLE 19.30 DELLA SERA.\u00a0<\/span><\/h2>\n<p>&nbsp;<\/p>\n<p>&nbsp;<\/p>\n<\/div>\n<\/div>\n<\/div>\n<\/div>\n<\/div>\n<\/div>\n<\/div>\n<audio class=\"wp-audio-shortcode\" id=\"audio-268405-5\" preload=\"none\" style=\"width: 100%;\" controls=\"controls\"><source type=\"audio\/mpeg\" src=\"https:\/\/www.radiopiu.net\/wordpress\/wp-content\/uploads\/2022\/04\/CESARE-1.mp3?_=5\" \/><a href=\"https:\/\/www.radiopiu.net\/wordpress\/wp-content\/uploads\/2022\/04\/CESARE-1.mp3\">https:\/\/www.radiopiu.net\/wordpress\/wp-content\/uploads\/2022\/04\/CESARE-1.mp3<\/a><\/audio>\n<p>&nbsp;<\/p>\n<p>&nbsp;<\/p>\n<hr \/>\n<p>&nbsp;<\/p>\n<h3 class=\"kvgmc6g5 cxmmr5t8 oygrvhab hcukyx3x c1et5uql\"><span style=\"color: #0000ff;\"><strong>INFORMAZIONE il canale su TELEGRAM informazione di prima mano e in tempo reale. iscriviti ed aiutaci a farlo conoscere\u00a0 \u00a0<\/strong><\/span><\/h3>\n<p>&nbsp;<\/p>\n<p>&nbsp;<\/p>\n<p><strong>TUTTI I LUNEDI ALLE 10,30 E 1900, LA DOMENICA ALLE 8 007 IN CONDOTTA, LA SCUOLA CON LA PROF. MARIA ROSA SALMAZO E CLAUDIO FONTANIVE, IN PODCAST TUTTE LE PUNTATE DELLE ULTIME STAGIONI.\u00a0<\/strong><\/p>\n<p>&nbsp;<\/p>\n<blockquote class=\"wp-embedded-content\" data-secret=\"L5Wyt63i9U\"><p><a href=\"https:\/\/www.radiopiu.net\/wordpress\/007incondotta-9\/\">007 in condotta<\/a><\/p><\/blockquote>\n<p><iframe loading=\"lazy\" class=\"wp-embedded-content\" sandbox=\"allow-scripts\" security=\"restricted\" style=\"position: absolute; clip: rect(1px, 1px, 1px, 1px);\" title=\"&#8220;007 in condotta&#8221; &#8212; Radio Pi\u00f9\" src=\"https:\/\/www.radiopiu.net\/wordpress\/007incondotta-9\/embed\/#?secret=JXRHAwiaMu#?secret=L5Wyt63i9U\" data-secret=\"L5Wyt63i9U\" width=\"600\" height=\"338\" frameborder=\"0\" marginwidth=\"0\" marginheight=\"0\" scrolling=\"no\"><\/iframe><\/p>\n<p>&nbsp;<\/p>\n<p>&nbsp;<\/p>\n<p>&nbsp;<\/p>\n<p>&nbsp;<\/p>\n<hr \/>\n<p>&nbsp;<\/p>\n<div class=\"do00u71z l9j0dhe7 k4urcfbm\">\n<div class=\"page-title-head hgroup\">\n<div class=\"page-title-head hgroup\">\n<div class=\"b654a4as d2edcug0\">\n<div class=\"j83agx80 btwxx1t3 lhclo0ds hop8lmos nkwizq5d scwd0bx6 roh60bw9\">\n<div class=\"rq0escxv hkbzh7o3 jwdofwj8 n8tt0mok r8blr3vg hyh9befq\">\n<div class=\"do00u71z l9j0dhe7 k4urcfbm\">\n<div class=\"page-title-head hgroup\">\n<div class=\"page-title-head hgroup\">\n<div class=\"b654a4as d2edcug0\">\n<div class=\"j83agx80 btwxx1t3 lhclo0ds hop8lmos nkwizq5d scwd0bx6 roh60bw9\">\n<div class=\"rq0escxv hkbzh7o3 jwdofwj8 n8tt0mok r8blr3vg hyh9befq\">\n<div class=\"do00u71z l9j0dhe7 k4urcfbm\">\n<div class=\"ecm0bbzt e5nlhep0 a8c37x1j\">\n<div class=\"kvgmc6g5 cxmmr5t8 oygrvhab hcukyx3x c1et5uql\">\n<div class=\"gmail-kvgmc6g5 gmail-cxmmr5t8 gmail-oygrvhab gmail-hcukyx3x gmail-c1et5uql gmail-ii04i59q\">\n<div class=\"page-title-head hgroup\">\n<div class=\"page-title-head hgroup\">\n<div class=\"b654a4as d2edcug0\">\n<div class=\"j83agx80 btwxx1t3 lhclo0ds hop8lmos nkwizq5d scwd0bx6 roh60bw9\">\n<div class=\"rq0escxv hkbzh7o3 jwdofwj8 n8tt0mok r8blr3vg hyh9befq\">\n<div class=\"do00u71z l9j0dhe7 k4urcfbm\">\n<div class=\"page-title-head hgroup\">\n<div class=\"page-title-head hgroup\">\n<div class=\"b654a4as d2edcug0\">\n<div class=\"j83agx80 btwxx1t3 lhclo0ds hop8lmos nkwizq5d scwd0bx6 roh60bw9\">\n<div class=\"rq0escxv hkbzh7o3 jwdofwj8 n8tt0mok r8blr3vg hyh9befq\">\n<div class=\"do00u71z l9j0dhe7 k4urcfbm\">\n<div class=\"page-title-head hgroup\">\n<div class=\"page-title-head hgroup\">\n<div class=\"b654a4as d2edcug0\">\n<div class=\"j83agx80 btwxx1t3 lhclo0ds hop8lmos nkwizq5d scwd0bx6 roh60bw9\">\n<div class=\"rq0escxv hkbzh7o3 jwdofwj8 n8tt0mok r8blr3vg hyh9befq\">\n<div class=\"do00u71z l9j0dhe7 k4urcfbm\">\n<div class=\"ecm0bbzt e5nlhep0 a8c37x1j\">\n<div class=\"kvgmc6g5 cxmmr5t8 oygrvhab hcukyx3x c1et5uql\">\n<div class=\"gmail-kvgmc6g5 gmail-cxmmr5t8 gmail-oygrvhab gmail-hcukyx3x gmail-c1et5uql gmail-ii04i59q\">\n<div class=\"page-title-head hgroup\">\n<div class=\"page-title-head hgroup\">\n<div class=\"b654a4as d2edcug0\">\n<div class=\"j83agx80 btwxx1t3 lhclo0ds hop8lmos nkwizq5d scwd0bx6 roh60bw9\">\n<div class=\"rq0escxv hkbzh7o3 jwdofwj8 n8tt0mok r8blr3vg hyh9befq\">\n<div class=\"do00u71z l9j0dhe7 k4urcfbm\">\n<blockquote>\n<h3><span style=\"color: #ff0000;\">IN VIVO VERSO, SETTIMA STAGIONE CON BRUNELLA MORO, DAL LUNEDI AL VENERDI ALLE 7.10, 10.10 E 18.50\u00a0\u00a0<\/span><\/h3>\n<\/blockquote>\n<p><strong>LA RACCOLTA COMPLETA\u00a0<\/strong><\/p>\n<blockquote class=\"wp-embedded-content\" data-secret=\"Lyc3VIOPfz\"><p><a href=\"https:\/\/www.radiopiu.net\/wordpress\/in-vivo-verso\/\">In Vivo Verso<\/a><\/p><\/blockquote>\n<p><iframe loading=\"lazy\" class=\"wp-embedded-content\" sandbox=\"allow-scripts\" security=\"restricted\" style=\"position: absolute; clip: rect(1px, 1px, 1px, 1px);\" title=\"&#8220;In Vivo Verso&#8221; &#8212; Radio Pi\u00f9\" src=\"https:\/\/www.radiopiu.net\/wordpress\/in-vivo-verso\/embed\/#?secret=7c4JY9GgkN#?secret=Lyc3VIOPfz\" data-secret=\"Lyc3VIOPfz\" width=\"600\" height=\"338\" frameborder=\"0\" marginwidth=\"0\" marginheight=\"0\" scrolling=\"no\"><\/iframe><\/p>\n<p>&nbsp;<\/p>\n<hr \/>\n<p>&nbsp;<\/p>\n<h2><span style=\"color: #808000;\">GOCCE DI FILOSOFIA<\/span><\/h2>\n<p><strong>LA RACCOLTA COMPLETA<\/strong><\/p>\n<blockquote class=\"wp-embedded-content\" data-secret=\"57ia954CF1\"><p><a href=\"https:\/\/www.radiopiu.net\/wordpress\/gocce-filosofia\/\">Gocce di filosofia, PRIMA E SECONDA STAGIONE 2022<\/a><\/p><\/blockquote>\n<p><iframe loading=\"lazy\" class=\"wp-embedded-content\" sandbox=\"allow-scripts\" security=\"restricted\" style=\"position: absolute; clip: rect(1px, 1px, 1px, 1px);\" title=\"&#8220;Gocce di filosofia, PRIMA E SECONDA STAGIONE 2022&#8221; &#8212; Radio Pi\u00f9\" src=\"https:\/\/www.radiopiu.net\/wordpress\/gocce-filosofia\/embed\/#?secret=2E6OthE4Bj#?secret=57ia954CF1\" data-secret=\"57ia954CF1\" width=\"600\" height=\"338\" frameborder=\"0\" marginwidth=\"0\" marginheight=\"0\" scrolling=\"no\"><\/iframe><\/p>\n<p>&nbsp;<\/p>\n<hr \/>\n<p>&nbsp;<\/p>\n<p>&nbsp;<\/p>\n<p><span style=\"color: #0000ff;\">MUSICA PIU&#8217;\u00a0<\/span><\/p>\n<p><a href=\"https:\/\/www.radiopiu.net\/wordpress\/giornale-radiopiu-20-settembre-2021-direttore-mirko-mezzacasa\/pp-79\/\" rel=\"attachment wp-att-232921\"><img loading=\"lazy\" decoding=\"async\" class=\"wp-image-232921 alignleft\" src=\"https:\/\/www.radiopiu.net\/wordpress\/wp-content\/uploads\/2021\/09\/pp-1-300x300.jpg\" alt=\"\" width=\"135\" height=\"135\" srcset=\"https:\/\/www.radiopiu.net\/wordpress\/wp-content\/uploads\/2021\/09\/pp-1-300x300.jpg 300w, https:\/\/www.radiopiu.net\/wordpress\/wp-content\/uploads\/2021\/09\/pp-1-150x150.jpg 150w, https:\/\/www.radiopiu.net\/wordpress\/wp-content\/uploads\/2021\/09\/pp-1.jpg 640w\" sizes=\"auto, (max-width: 135px) 100vw, 135px\" \/><\/a><\/p>\n<div class=\"mkdf-post-text\">\n<div class=\"mkdf-post-text-inner\">\n<div class=\"mkdf-post-text-main\">\n<div class=\"mkdf-post-text\">\n<div class=\"mkdf-post-text-inner\">\n<div class=\"mkdf-post-text-main\">\n<div class=\"mkdf-post-text\">\n<div class=\"mkdf-post-text-inner\">\n<div class=\"mkdf-post-text-main\">\n<div class=\"page-title-head hgroup\">\n<div class=\"page-title-head hgroup\">\n<div class=\"mkdf-post-text\">\n<div class=\"mkdf-post-text-inner\">\n<div class=\"mkdf-post-text-main\">\n<div class=\"mkdf-post-text\">\n<div class=\"mkdf-post-text-inner\">\n<div class=\"mkdf-post-text-main\">\n<div class=\"page-title-head hgroup\">\n<div class=\"page-title-head hgroup\">\n<div class=\"page-title-head hgroup\">\n<div class=\"page-title-head hgroup\">\n<div class=\"b654a4as d2edcug0\">\n<div class=\"page-title-head hgroup\">\n<div class=\"page-title-head hgroup\">\n<div class=\"page-title-head hgroup\">\n<div class=\"page-title-head hgroup\">\n<div class=\"b654a4as d2edcug0\">\n<div class=\"page-title-head hgroup\">\n<div class=\"page-title-head hgroup\">\n<div class=\"page-title-head hgroup\">\n<div class=\"page-title-head hgroup\">\n<div class=\"b654a4as d2edcug0\">\n<div class=\"mkdf-post-text\">\n<div class=\"mkdf-post-text-inner\">\n<div class=\"mkdf-post-text-main\">\n<div class=\"mkdf-post-text\">\n<div class=\"mkdf-post-text-inner\">\n<div class=\"mkdf-post-text-main\">\n<div class=\"mkdf-post-text\">\n<div class=\"mkdf-post-text-inner\">\n<div class=\"mkdf-post-text-main\">\n<div class=\"page-title-head hgroup\">\n<div class=\"page-title-head hgroup\">\n<div class=\"mkdf-post-text\">\n<div class=\"mkdf-post-text-inner\">\n<div class=\"mkdf-post-text-main\">\n<div class=\"mkdf-post-text\">\n<div class=\"mkdf-post-text-inner\">\n<div class=\"mkdf-post-text-main\">\n<div class=\"page-title-head hgroup\">\n<div class=\"page-title-head hgroup\">\n<div class=\"page-title-head hgroup\">\n<div class=\"page-title-head hgroup\">\n<div class=\"b654a4as d2edcug0\">\n<div class=\"page-title-head hgroup\">\n<div class=\"page-title-head hgroup\">\n<div class=\"page-title-head hgroup\">\n<div class=\"page-title-head hgroup\">\n<div class=\"b654a4as d2edcug0\">\n<div class=\"page-title-head hgroup\">\n<div class=\"page-title-head hgroup\">\n<div class=\"page-title-head hgroup\">\n<div class=\"page-title-head hgroup\">\n<div class=\"b654a4as d2edcug0\">\n<div><\/div>\n<div><\/div>\n<div>\n<p><strong>MUSICA ALLA RADIO, IL PROGRAMMA DI LORIS SCUSSEL &#8220;COLLAGE OPERAZIONE NOSTALGIA&#8221; DAL LUNEDI AL VENERDI ALLE 16.00\u00a0 E ALLE 23\u00a0<\/strong><\/p>\n<p>&nbsp;<\/p>\n<p><em><strong>\u00a0<\/strong><\/em><\/p>\n<p>&nbsp;<\/p>\n<\/div>\n<p><strong><a class=\"dt-pswp-item\" href=\"https:\/\/www.radiopiu.net\/wordpress\/wp-content\/uploads\/2022\/04\/minuetto-Mia-Martini.jpg\" data-dt-img-description=\"\" data-large_image_width=\"222\" data-large_image_height=\"222\"><img loading=\"lazy\" decoding=\"async\" class=\" wp-image-268528 alignleft\" src=\"https:\/\/www.radiopiu.net\/wordpress\/wp-content\/uploads\/2022\/04\/minuetto-Mia-Martini-150x150.jpg\" alt=\"\" width=\"98\" height=\"98\" srcset=\"https:\/\/www.radiopiu.net\/wordpress\/wp-content\/uploads\/2022\/04\/minuetto-Mia-Martini-150x150.jpg 150w, https:\/\/www.radiopiu.net\/wordpress\/wp-content\/uploads\/2022\/04\/minuetto-Mia-Martini.jpg 222w\" sizes=\"auto, (max-width: 98px) 100vw, 98px\" \/><\/a> <\/strong><\/p>\n<p><strong>\u00a0<\/strong><strong>di Loris Scussel<\/strong><\/p>\n<p>Saranno le voci femminili italiane ad aprire la programmazione di Collage operazione nostalgia in una settimana caratterizzata dai successi internazionali in mezzo ai quali mercoled\u00ec troveranno spazio alcuni brani a tema con la parola \u201cgiorno\u201d nel titolo. Collage andr\u00e0 in onda come sempre dal luned\u00ec al venerd\u00ec alle 16,00 e alle 23,00.<\/p>\n<p>&nbsp;<\/p>\n<p>&nbsp;<\/p>\n<hr \/>\n<p>&nbsp;<\/p>\n<blockquote class=\"wp-embedded-content\" data-secret=\"w5maTv03EF\"><p><a href=\"https:\/\/www.radiopiu.net\/wordpress\/esce-il-nuovo-singolo-di-lara-mira-che-reinterpreta-oro-di-mango\/\">ESCE IL NUOVO SINGOLO DI LARA MIRA CHE REINTERPRETA &#8220;ORO&#8221; DI MANGO<\/a><\/p><\/blockquote>\n<p><iframe loading=\"lazy\" class=\"wp-embedded-content\" sandbox=\"allow-scripts\" security=\"restricted\" style=\"position: absolute; clip: rect(1px, 1px, 1px, 1px);\" title=\"&#8220;ESCE IL NUOVO SINGOLO DI LARA MIRA CHE REINTERPRETA &#8220;ORO&#8221; DI MANGO&#8221; &#8212; Radio Pi\u00f9\" src=\"https:\/\/www.radiopiu.net\/wordpress\/esce-il-nuovo-singolo-di-lara-mira-che-reinterpreta-oro-di-mango\/embed\/#?secret=TI5qDOKk6a#?secret=w5maTv03EF\" data-secret=\"w5maTv03EF\" width=\"600\" height=\"338\" frameborder=\"0\" marginwidth=\"0\" marginheight=\"0\" scrolling=\"no\"><\/iframe><\/p>\n<p>&nbsp;<\/p>\n<hr \/>\n<\/div>\n<\/div>\n<\/div>\n<\/div>\n<\/div>\n<\/div>\n<\/div>\n<\/div>\n<\/div>\n<\/div>\n<\/div>\n<\/div>\n<\/div>\n<\/div>\n<\/div>\n<\/div>\n<\/div>\n<\/div>\n<\/div>\n<\/div>\n<\/div>\n<\/div>\n<\/div>\n<\/div>\n<\/div>\n<\/div>\n<\/div>\n<\/div>\n<\/div>\n<\/div>\n<\/div>\n<\/div>\n<\/div>\n<\/div>\n<\/div>\n<\/div>\n<\/div>\n<\/div>\n<\/div>\n<\/div>\n<\/div>\n<\/div>\n<\/div>\n<\/div>\n<\/div>\n<\/div>\n<\/div>\n<\/div>\n<\/div>\n<\/div>\n<\/div>\n<\/div>\n<\/div>\n<\/div>\n<\/div>\n<\/div>\n<\/div>\n<\/div>\n<\/div>\n<\/div>\n<\/div>\n<\/div>\n<\/div>\n<\/div>\n<p>&nbsp;<\/p>\n<blockquote>\n<h3><span style=\"color: #0000ff;\">INFORMAZIONE il canale su TELEGRAM informazione di prima mano e in tempo reale. iscriviti ed aiutaci a farlo conoscere\u00a0\u00a0<\/span><\/h3>\n<\/blockquote>\n<div>\n<div class=\"page-title-head hgroup\">\n<div class=\"page-title-head hgroup\">\n<div class=\"page-title-head hgroup\">\n<div class=\"page-title-head hgroup\">\n<div class=\"b654a4as d2edcug0\">\n<div class=\"page-title-head hgroup\">\n<div class=\"page-title-head hgroup\">\n<div class=\"page-title-head hgroup\">\n<div class=\"page-title-head hgroup\">\n<div class=\"b654a4as d2edcug0\">\n<div class=\"page-title-head hgroup\">\n<div class=\"page-title-head hgroup\">\n<div class=\"page-title-head hgroup\">\n<div class=\"page-title-head hgroup\">\n<div class=\"page-title-head hgroup\">\n<div class=\"page-title-head hgroup\">\n<div class=\"page-title-head hgroup\">\n<div class=\"page-title-head hgroup\">\n<div class=\"page-title-head hgroup\">\n<div class=\"b654a4as d2edcug0\">\n<div class=\"page-title-head hgroup\">\n<div class=\"page-title-head hgroup\">\n<div class=\"page-title-head hgroup\">\n<div class=\"page-title-head hgroup\">\n<div class=\"b654a4as d2edcug0\">\n<div>\n<p>&nbsp;<\/p>\n<\/div>\n<div>\n<div class=\"page-title-head hgroup\">\n<div class=\"page-title-head hgroup\">\n<div class=\"page-title-head hgroup\">\n<div class=\"page-title-head hgroup\">\n<div class=\"page-title-head hgroup\">\n<div class=\"b654a4as d2edcug0\">\n<div>\n<hr \/>\n<\/div>\n<\/div>\n<div>\n<div>\n<p>&nbsp;<\/p>\n<\/div>\n<div>\n<div class=\"mkdf-post-text\">\n<div class=\"mkdf-post-text-inner\">\n<div class=\"mkdf-post-text-main\">\n<div class=\"mkdf-post-text\">\n<div class=\"mkdf-post-text-inner\">\n<div class=\"mkdf-post-text-main\">\n<div class=\"mkdf-post-text\">\n<div class=\"mkdf-post-text-inner\">\n<div class=\"mkdf-post-text-main\">\n<div class=\"page-title-head hgroup\">\n<div class=\"page-title-head hgroup\">\n<div class=\"mkdf-post-text\">\n<div class=\"mkdf-post-text-inner\">\n<div class=\"mkdf-post-text-main\">\n<div class=\"mkdf-post-text\">\n<div class=\"mkdf-post-text-inner\">\n<div class=\"mkdf-post-text-main\">\n<div class=\"page-title-head hgroup\">\n<div class=\"page-title-head hgroup\">\n<div class=\"page-title-head hgroup\">\n<div class=\"page-title-head hgroup\">\n<div class=\"b654a4as d2edcug0\">\n<div class=\"page-title-head hgroup\">\n<div class=\"page-title-head hgroup\">\n<div class=\"page-title-head hgroup\">\n<div class=\"page-title-head hgroup\">\n<div class=\"b654a4as d2edcug0\">\n<div class=\"page-title-head hgroup\">\n<div class=\"page-title-head hgroup\">\n<div class=\"page-title-head hgroup\">\n<div class=\"page-title-head hgroup\">\n<div class=\"b654a4as d2edcug0\">\n<div>\n<div class=\"page-title-head hgroup\">\n<div class=\"page-title-head hgroup\">\n<div class=\"b654a4as d2edcug0\">\n<div class=\"j83agx80 btwxx1t3 lhclo0ds hop8lmos nkwizq5d scwd0bx6 roh60bw9\">\n<div class=\"rq0escxv hkbzh7o3 jwdofwj8 n8tt0mok r8blr3vg hyh9befq\">\n<div class=\"do00u71z l9j0dhe7 k4urcfbm\">\n<div class=\"ecm0bbzt e5nlhep0 a8c37x1j\">\n<div class=\"kvgmc6g5 cxmmr5t8 oygrvhab hcukyx3x c1et5uql\">\n<div class=\"gmail-kvgmc6g5 gmail-cxmmr5t8 gmail-oygrvhab gmail-hcukyx3x gmail-c1et5uql gmail-ii04i59q\">\n<div class=\"page-title-head hgroup\">\n<div class=\"page-title-head hgroup\">\n<div class=\"b654a4as d2edcug0\">\n<div class=\"j83agx80 btwxx1t3 lhclo0ds hop8lmos nkwizq5d scwd0bx6 roh60bw9\">\n<div class=\"rq0escxv hkbzh7o3 jwdofwj8 n8tt0mok r8blr3vg hyh9befq\">\n<div class=\"do00u71z l9j0dhe7 k4urcfbm\">\n<div class=\"page-title-head hgroup\">\n<div class=\"page-title-head hgroup\">\n<div class=\"page-title-head hgroup\">\n<div class=\"page-title-head hgroup\">\n<div class=\"b654a4as d2edcug0\">\n<div class=\"page-title-head hgroup\">\n<div class=\"page-title-head hgroup\">\n<div class=\"page-title-head hgroup\">\n<div class=\"page-title-head hgroup\">\n<div class=\"b654a4as d2edcug0\">\n<div class=\"page-title-head hgroup\">\n<div class=\"page-title-head hgroup\">\n<div class=\"page-title-head hgroup\">\n<div class=\"page-title-head hgroup\">\n<div class=\"page-title-head hgroup\">\n<div class=\"page-title-head hgroup\">\n<div class=\"page-title-head hgroup\">\n<div class=\"page-title-head hgroup\">\n<div class=\"page-title-head hgroup\">\n<div class=\"b654a4as d2edcug0\">\n<div class=\"page-title-head hgroup\">\n<div class=\"page-title-head hgroup\">\n<div class=\"page-title-head hgroup\">\n<div class=\"page-title-head hgroup\">\n<div class=\"b654a4as d2edcug0\">\n<div class=\"page-title-head hgroup\">\n<div class=\"page-title-head hgroup\">\n<div class=\"page-title-head hgroup\">\n<div class=\"page-title-head hgroup\">\n<div class=\"page-title-head hgroup\">\n<div class=\"mkdf-post-text\">\n<div class=\"mkdf-post-text-inner\">\n<div class=\"mkdf-post-text-main\">\n<div class=\"mkdf-post-text\">\n<div class=\"mkdf-post-text-inner\">\n<div class=\"mkdf-post-text-main\">\n<div class=\"mkdf-post-text\">\n<div class=\"mkdf-post-text-inner\">\n<div class=\"mkdf-post-text-main\">\n<div class=\"page-title-head hgroup\">\n<div class=\"page-title-head hgroup\">\n<div class=\"mkdf-post-text\">\n<div class=\"mkdf-post-text-inner\">\n<div class=\"mkdf-post-text-main\">\n<div class=\"mkdf-post-text\">\n<div class=\"mkdf-post-text-inner\">\n<div class=\"mkdf-post-text-main\">\n<div class=\"page-title-head hgroup\">\n<div class=\"page-title-head hgroup\">\n<div class=\"page-title-head hgroup\">\n<div class=\"page-title-head hgroup\">\n<div class=\"b654a4as d2edcug0\">\n<div class=\"page-title-head hgroup\">\n<div class=\"page-title-head hgroup\">\n<div class=\"page-title-head hgroup\">\n<div class=\"page-title-head hgroup\">\n<div class=\"b654a4as d2edcug0\">\n<div class=\"page-title-head hgroup\">\n<div class=\"page-title-head hgroup\">\n<div class=\"page-title-head hgroup\">\n<div class=\"page-title-head hgroup\">\n<div class=\"b654a4as d2edcug0\">\n<div>\n<div>\n<p><strong>DUE MINUTI UN LIBRO, TUTTI I GIORNI ALLA RADIO ALLE 9.40 E ALLE 17.50\u00a0<\/strong><\/p>\n<div>\n<div>\n<p><strong>LA RACCOLTA COMPLETA\u00a0\u00a0<\/strong><\/p>\n<\/div>\n<div>\n<blockquote class=\"wp-embedded-content\" data-secret=\"dktQQ168J7\"><p><a href=\"https:\/\/www.radiopiu.net\/wordpress\/due-minuti-un-libro\/\">Due minuti un libro<\/a><\/p><\/blockquote>\n<p><iframe loading=\"lazy\" class=\"wp-embedded-content\" sandbox=\"allow-scripts\" security=\"restricted\" style=\"position: absolute; clip: rect(1px, 1px, 1px, 1px);\" title=\"&#8220;Due minuti un libro&#8221; &#8212; Radio Pi\u00f9\" src=\"https:\/\/www.radiopiu.net\/wordpress\/due-minuti-un-libro\/embed\/#?secret=0TLa94knif#?secret=dktQQ168J7\" data-secret=\"dktQQ168J7\" width=\"600\" height=\"338\" frameborder=\"0\" marginwidth=\"0\" marginheight=\"0\" scrolling=\"no\"><\/iframe><\/p>\n<\/div>\n<\/div>\n<\/div>\n<div class=\"mkdf-post-text\">\n<div class=\"mkdf-post-text-inner\">\n<div class=\"mkdf-post-text-main\">\n<div class=\"mkdf-post-text\">\n<div class=\"mkdf-post-text-inner\">\n<div class=\"mkdf-post-text-main\">\n<div class=\"mkdf-post-text\">\n<div class=\"mkdf-post-text-inner\">\n<div class=\"mkdf-post-text-main\">\n<div class=\"page-title-head hgroup\">\n<div class=\"page-title-head hgroup\">\n<div class=\"mkdf-post-text\">\n<div class=\"mkdf-post-text-inner\">\n<div class=\"mkdf-post-text-main\">\n<div class=\"mkdf-post-text\">\n<div class=\"mkdf-post-text-inner\">\n<div class=\"mkdf-post-text-main\">\n<div class=\"page-title-head hgroup\">\n<div class=\"page-title-head hgroup\">\n<div class=\"page-title-head hgroup\">\n<div class=\"page-title-head hgroup\">\n<div class=\"b654a4as d2edcug0\">\n<div class=\"page-title-head hgroup\">\n<div class=\"page-title-head hgroup\">\n<div class=\"page-title-head hgroup\">\n<div class=\"page-title-head hgroup\">\n<div class=\"b654a4as d2edcug0\">\n<div class=\"page-title-head hgroup\">\n<div class=\"page-title-head hgroup\">\n<div class=\"page-title-head hgroup\">\n<div class=\"page-title-head hgroup\">\n<div class=\"b654a4as d2edcug0\">\n<div>\n<p>&nbsp;<\/p>\n<\/div>\n<div>\n<hr \/>\n<p>&nbsp;<\/p>\n<\/div>\n<h2><span style=\"color: #808000;\">L&#8217;ALMANACCO LADINO\u00a0\u00a0<\/span><\/h2>\n<p><strong>LA RACCOLTA<\/strong><\/p>\n<blockquote class=\"wp-embedded-content\" data-secret=\"CfWngEo50j\"><p><a href=\"https:\/\/www.radiopiu.net\/wordpress\/almanacco-ladino\/\">Almanacco Ladino<\/a><\/p><\/blockquote>\n<p><iframe loading=\"lazy\" class=\"wp-embedded-content\" sandbox=\"allow-scripts\" security=\"restricted\" style=\"position: absolute; clip: rect(1px, 1px, 1px, 1px);\" title=\"&#8220;Almanacco Ladino&#8221; &#8212; Radio Pi\u00f9\" src=\"https:\/\/www.radiopiu.net\/wordpress\/almanacco-ladino\/embed\/#?secret=YPkuotZepu#?secret=CfWngEo50j\" data-secret=\"CfWngEo50j\" width=\"600\" height=\"338\" frameborder=\"0\" marginwidth=\"0\" marginheight=\"0\" scrolling=\"no\"><\/iframe><\/p>\n<p>&nbsp;<\/p>\n<p>&nbsp;<\/p>\n<hr \/>\n<h2><span style=\"color: #33cccc;\">\u00a0<\/span><\/h2>\n<h2><span style=\"color: #33cccc;\">LA RASSEGNA STAMPA DA L&#8217;AMICO DEL POPOLO<\/span><\/h2>\n<p><strong><a class=\"dt-pswp-item\" href=\"https:\/\/www.radiopiu.net\/wordpress\/wp-content\/uploads\/2020\/11\/cai.jpeg\" data-dt-img-description=\"\" data-large_image_width=\"225\" data-large_image_height=\"225\"><img loading=\"lazy\" decoding=\"async\" class=\"size-thumbnail wp-image-174710 alignleft\" src=\"https:\/\/www.radiopiu.net\/wordpress\/wp-content\/uploads\/2020\/11\/cai-150x150.jpeg\" alt=\"\" width=\"150\" height=\"150\" srcset=\"https:\/\/www.radiopiu.net\/wordpress\/wp-content\/uploads\/2020\/11\/cai-150x150.jpeg 150w, https:\/\/www.radiopiu.net\/wordpress\/wp-content\/uploads\/2020\/11\/cai.jpeg 225w\" sizes=\"auto, (max-width: 150px) 100vw, 150px\" \/><\/a>di Gianni Santomaso<\/strong><\/p>\n<p>OSPITE: Dario Dell&#8217;Osbel, presidente della sezione agordina del Cai<\/p>\n<audio class=\"wp-audio-shortcode\" id=\"audio-268405-6\" preload=\"none\" style=\"width: 100%;\" controls=\"controls\"><source type=\"audio\/mpeg\" src=\"https:\/\/www.radiopiu.net\/wordpress\/wp-content\/uploads\/2022\/04\/RASSEGNA-GIANNI.mp3?_=6\" \/><a href=\"https:\/\/www.radiopiu.net\/wordpress\/wp-content\/uploads\/2022\/04\/RASSEGNA-GIANNI.mp3\">https:\/\/www.radiopiu.net\/wordpress\/wp-content\/uploads\/2022\/04\/RASSEGNA-GIANNI.mp3<\/a><\/audio>\n<p>&nbsp;<\/p>\n<p><strong>LA RACCOLTA COMPLETA<\/strong><\/p>\n<blockquote class=\"wp-embedded-content\" data-secret=\"t4buQ3FzxI\"><p><a href=\"https:\/\/www.radiopiu.net\/wordpress\/rassegna-stampa-di-gianni-santomaso\/\">Rassegna stampa da l&#8217;amico del popolo &#8211; di Gianni Santomaso<\/a><\/p><\/blockquote>\n<p><iframe loading=\"lazy\" class=\"wp-embedded-content\" sandbox=\"allow-scripts\" security=\"restricted\" style=\"position: absolute; clip: rect(1px, 1px, 1px, 1px);\" title=\"&#8220;Rassegna stampa da l&#8217;amico del popolo &#8211; di Gianni Santomaso&#8221; &#8212; Radio Pi\u00f9\" src=\"https:\/\/www.radiopiu.net\/wordpress\/rassegna-stampa-di-gianni-santomaso\/embed\/#?secret=LtrdjWIOeW#?secret=t4buQ3FzxI\" data-secret=\"t4buQ3FzxI\" width=\"600\" height=\"338\" frameborder=\"0\" marginwidth=\"0\" marginheight=\"0\" scrolling=\"no\"><\/iframe><\/p>\n<hr \/>\n<p>&nbsp;<\/p>\n<blockquote class=\"wp-embedded-content\" data-secret=\"4tAvdBd5zM\"><p><a href=\"https:\/\/www.radiopiu.net\/wordpress\/raccoltaso1asaa\/\">LA RACCOLTA: 160 BATTUTE&#8230;SMS IN RIMA, di Sostene Schena<\/a><\/p><\/blockquote>\n<p><iframe loading=\"lazy\" class=\"wp-embedded-content\" sandbox=\"allow-scripts\" security=\"restricted\" style=\"position: absolute; clip: rect(1px, 1px, 1px, 1px);\" title=\"&#8220;LA RACCOLTA: 160 BATTUTE&#8230;SMS IN RIMA, di Sostene Schena&#8221; &#8212; Radio Pi\u00f9\" src=\"https:\/\/www.radiopiu.net\/wordpress\/raccoltaso1asaa\/embed\/#?secret=T2PNdmNKUz#?secret=4tAvdBd5zM\" data-secret=\"4tAvdBd5zM\" width=\"600\" height=\"338\" frameborder=\"0\" marginwidth=\"0\" marginheight=\"0\" scrolling=\"no\"><\/iframe><\/p>\n<p>&nbsp;<\/p>\n<hr \/>\n<p>&nbsp;<\/p>\n<div>\n<div class=\"page-title-head hgroup\">\n<div class=\"page-title-head hgroup\">\n<div class=\"b654a4as d2edcug0\">\n<div class=\"j83agx80 btwxx1t3 lhclo0ds hop8lmos nkwizq5d scwd0bx6 roh60bw9\">\n<div class=\"rq0escxv hkbzh7o3 jwdofwj8 n8tt0mok r8blr3vg hyh9befq\">\n<div class=\"do00u71z l9j0dhe7 k4urcfbm\">\n<div class=\"ecm0bbzt e5nlhep0 a8c37x1j\">\n<div class=\"kvgmc6g5 cxmmr5t8 oygrvhab hcukyx3x c1et5uql\">\n<div class=\"gmail-kvgmc6g5 gmail-cxmmr5t8 gmail-oygrvhab gmail-hcukyx3x gmail-c1et5uql gmail-ii04i59q\">\n<div class=\"page-title-head hgroup\">\n<div class=\"page-title-head hgroup\">\n<div class=\"b654a4as d2edcug0\">\n<div class=\"j83agx80 btwxx1t3 lhclo0ds hop8lmos nkwizq5d scwd0bx6 roh60bw9\">\n<div class=\"rq0escxv hkbzh7o3 jwdofwj8 n8tt0mok r8blr3vg hyh9befq\">\n<div class=\"do00u71z l9j0dhe7 k4urcfbm\">\n<div>\n<div class=\"page-title-head hgroup\">\n<div class=\"page-title-head hgroup\">\n<div class=\"page-title-head hgroup\">\n<div class=\"page-title-head hgroup\">\n<div class=\"b654a4as d2edcug0\">\n<div class=\"page-title-head hgroup\">\n<div class=\"page-title-head hgroup\">\n<div class=\"page-title-head hgroup\">\n<div class=\"page-title-head hgroup\">\n<div class=\"b654a4as d2edcug0\">\n<div class=\"page-title-head hgroup\">\n<div class=\"page-title-head hgroup\">\n<div class=\"page-title-head hgroup\">\n<div class=\"page-title-head hgroup\">\n<div class=\"page-title-head hgroup\">\n<div class=\"page-title-head hgroup\">\n<div class=\"page-title-head hgroup\">\n<div class=\"page-title-head hgroup\">\n<div class=\"page-title-head hgroup\">\n<div class=\"b654a4as d2edcug0\">\n<div class=\"page-title-head hgroup\">\n<div class=\"page-title-head hgroup\">\n<div class=\"page-title-head hgroup\">\n<div class=\"page-title-head hgroup\">\n<div class=\"b654a4as d2edcug0\">\n<div>\n<div class=\"page-title-head hgroup\">\n<div class=\"page-title-head hgroup\">\n<div class=\"page-title-head hgroup\">\n<div class=\"page-title-head hgroup\">\n<div class=\"page-title-head hgroup\">\n<div>\n<div>\n<div>\n<div class=\"mkdf-post-text\">\n<div class=\"mkdf-post-text-inner\">\n<div class=\"mkdf-post-text-main\">\n<div class=\"mkdf-post-text\">\n<div class=\"mkdf-post-text-inner\">\n<div class=\"mkdf-post-text-main\">\n<div class=\"mkdf-post-text\">\n<div class=\"mkdf-post-text-inner\">\n<div class=\"mkdf-post-text-main\">\n<div class=\"page-title-head hgroup\">\n<div class=\"page-title-head hgroup\">\n<div class=\"mkdf-post-text\">\n<div class=\"mkdf-post-text-inner\">\n<div class=\"mkdf-post-text-main\">\n<div class=\"mkdf-post-text\">\n<div class=\"mkdf-post-text-inner\">\n<div class=\"mkdf-post-text-main\">\n<div class=\"page-title-head hgroup\">\n<div class=\"page-title-head hgroup\">\n<div class=\"page-title-head hgroup\">\n<div class=\"page-title-head hgroup\">\n<div class=\"b654a4as d2edcug0\">\n<div class=\"page-title-head hgroup\">\n<div class=\"page-title-head hgroup\">\n<div class=\"page-title-head hgroup\">\n<div class=\"page-title-head hgroup\">\n<div class=\"b654a4as d2edcug0\">\n<div class=\"page-title-head hgroup\">\n<div class=\"page-title-head hgroup\">\n<div class=\"page-title-head hgroup\">\n<div class=\"page-title-head hgroup\">\n<div class=\"b654a4as d2edcug0\">\n<h2><span style=\"color: #800080;\">I RACCONTI DI PAOLO SOPPELSA\u00a0<\/span><\/h2>\n<p><strong>LA RACCOLTA COMPLETA<\/strong><\/p>\n<blockquote class=\"wp-embedded-content\" data-secret=\"KxuD4xX6Y4\"><p><a href=\"https:\/\/www.radiopiu.net\/wordpress\/i-racconti-di-paolo-soppelsa\/\">I racconti di Paolo Soppelsa<\/a><\/p><\/blockquote>\n<p><iframe loading=\"lazy\" class=\"wp-embedded-content\" sandbox=\"allow-scripts\" security=\"restricted\" style=\"position: absolute; clip: rect(1px, 1px, 1px, 1px);\" title=\"&#8220;I racconti di Paolo Soppelsa&#8221; &#8212; Radio Pi\u00f9\" src=\"https:\/\/www.radiopiu.net\/wordpress\/i-racconti-di-paolo-soppelsa\/embed\/#?secret=p7AsS6W9vz#?secret=KxuD4xX6Y4\" data-secret=\"KxuD4xX6Y4\" width=\"600\" height=\"338\" frameborder=\"0\" marginwidth=\"0\" marginheight=\"0\" scrolling=\"no\"><\/iframe><\/p>\n<p>&nbsp;<\/p>\n<hr \/>\n<p>&nbsp;<\/p>\n<blockquote class=\"wp-embedded-content\" data-secret=\"h8C23oGPJo\"><p><a href=\"https:\/\/www.radiopiu.net\/wordpress\/da-ieri-alla-radio-in-palinsesto-loris-e-maurizio-con-la-grande-musica\/\">IL BLUES ALLA RADIO &#8230; COME NON L&#8217;AVETE MAI SENTITO PRIMA<\/a><\/p><\/blockquote>\n<p><iframe loading=\"lazy\" class=\"wp-embedded-content\" sandbox=\"allow-scripts\" security=\"restricted\" style=\"position: absolute; clip: rect(1px, 1px, 1px, 1px);\" title=\"&#8220;IL BLUES ALLA RADIO &#8230; COME NON L&#8217;AVETE MAI SENTITO PRIMA&#8221; &#8212; Radio Pi\u00f9\" src=\"https:\/\/www.radiopiu.net\/wordpress\/da-ieri-alla-radio-in-palinsesto-loris-e-maurizio-con-la-grande-musica\/embed\/#?secret=GFy71tcVhx#?secret=h8C23oGPJo\" data-secret=\"h8C23oGPJo\" width=\"600\" height=\"338\" frameborder=\"0\" marginwidth=\"0\" marginheight=\"0\" scrolling=\"no\"><\/iframe><\/p>\n<p>&nbsp;<\/p>\n<hr \/>\n<p>&nbsp;<\/p>\n<\/div>\n<\/div>\n<\/div>\n<\/div>\n<\/div>\n<\/div>\n<\/div>\n<\/div>\n<\/div>\n<\/div>\n<\/div>\n<\/div>\n<\/div>\n<\/div>\n<\/div>\n<\/div>\n<\/div>\n<\/div>\n<\/div>\n<\/div>\n<\/div>\n<\/div>\n<\/div>\n<\/div>\n<\/div>\n<\/div>\n<\/div>\n<\/div>\n<\/div>\n<\/div>\n<\/div>\n<\/div>\n<\/div>\n<\/div>\n<\/div>\n<\/div>\n<\/div>\n<\/div>\n<\/div>\n<\/div>\n<\/div>\n<\/div>\n<\/div>\n<\/div>\n<\/div>\n<\/div>\n<\/div>\n<\/div>\n<\/div>\n<\/div>\n<\/div>\n<\/div>\n<\/div>\n<\/div>\n<\/div>\n<\/div>\n<\/div>\n<\/div>\n<\/div>\n<\/div>\n<\/div>\n<\/div>\n<\/div>\n<\/div>\n<\/div>\n<\/div>\n<\/div>\n<\/div>\n<\/div>\n<\/div>\n<\/div>\n<\/div>\n<\/div>\n<\/div>\n<\/div>\n<\/div>\n<\/div>\n<\/div>\n<\/div>\n<\/div>\n<\/div>\n<\/div>\n<\/div>\n<\/div>\n<\/div>\n<\/div>\n<\/div>\n<\/div>\n<\/div>\n<\/div>\n<\/div>\n<\/div>\n<\/div>\n<\/div>\n<\/div>\n<\/div>\n<\/div>\n<\/div>\n<\/div>\n<\/div>\n<\/div>\n<\/div>\n<\/div>\n<\/div>\n<\/div>\n<\/div>\n<\/div>\n<\/div>\n<\/div>\n<\/div>\n<\/div>\n<\/div>\n<\/div>\n<\/div>\n<\/div>\n<\/div>\n<p><a href=\"https:\/\/www.radiopiu.net\/wordpress\/giornale-radiopiu-26-settembre-2018-direttore-mirko-mezzacasa\/viabilita-2\/\" rel=\"attachment wp-att-61954\"><img loading=\"lazy\" decoding=\"async\" class=\"aligncenter wp-image-61954 size-full\" src=\"https:\/\/www.radiopiu.net\/wordpress\/wp-content\/uploads\/2018\/09\/viabilita.jpeg\" sizes=\"auto, (max-width: 800px) 100vw, 800px\" srcset=\"https:\/\/www.radiopiu.net\/wordpress\/wp-content\/uploads\/2018\/09\/viabilita.jpeg 800w, https:\/\/www.radiopiu.net\/wordpress\/wp-content\/uploads\/2018\/09\/viabilita-300x38.jpeg 300w, https:\/\/www.radiopiu.net\/wordpress\/wp-content\/uploads\/2018\/09\/viabilita-768x96.jpeg 768w\" alt=\"\" width=\"800\" height=\"100\" \/><\/a><\/p>\n<\/div>\n<\/div>\n<\/div>\n<\/div>\n<\/div>\n<\/div>\n<\/div>\n<\/div>\n<\/div>\n<\/div>\n<\/div>\n<\/div>\n<\/div>\n<\/div>\n<\/div>\n<\/div>\n<\/div>\n<\/div>\n<\/div>\n<\/div>\n<\/div>\n<\/div>\n<\/div>\n<\/div>\n<\/div>\n<\/div>\n<\/div>\n<\/div>\n<\/div>\n<\/div>\n<\/div>\n<\/div>\n<\/div>\n<\/div>\n<\/div>\n<\/div>\n<\/div>\n<\/div>\n<\/div>\n<\/div>\n<\/div>\n<\/div>\n<\/div>\n<\/div>\n<\/div>\n<\/div>\n<\/div>\n<\/div>\n<\/div>\n<\/div>\n<\/div>\n<\/div>\n<\/div>\n<\/div>\n<\/div>\n<\/div>\n<\/div>\n<\/div>\n<\/div>\n<\/div>\n<\/div>\n<\/div>\n<\/div>\n<\/div>\n<\/div>\n<\/div>\n<\/div>\n<\/div>\n<\/div>\n<\/div>\n<\/div>\n<\/div>\n<\/div>\n<\/div>\n<\/div>\n<\/div>\n<\/div>\n<\/div>\n<div>\n<div class=\"page-title-head hgroup\">\n<div class=\"page-title-head hgroup\">\n<div class=\"b654a4as d2edcug0\">\n<div class=\"j83agx80 btwxx1t3 lhclo0ds hop8lmos nkwizq5d scwd0bx6 roh60bw9\">\n<div class=\"rq0escxv hkbzh7o3 jwdofwj8 n8tt0mok r8blr3vg hyh9befq\">\n<div class=\"do00u71z l9j0dhe7 k4urcfbm\">\n<div class=\"ecm0bbzt e5nlhep0 a8c37x1j\">\n<div class=\"kvgmc6g5 cxmmr5t8 oygrvhab hcukyx3x c1et5uql\">\n<div class=\"gmail-kvgmc6g5 gmail-cxmmr5t8 gmail-oygrvhab gmail-hcukyx3x gmail-c1et5uql gmail-ii04i59q\">\n<div class=\"page-title-head hgroup\">\n<div class=\"page-title-head hgroup\">\n<div class=\"b654a4as d2edcug0\">\n<div class=\"j83agx80 btwxx1t3 lhclo0ds hop8lmos nkwizq5d scwd0bx6 roh60bw9\">\n<div class=\"rq0escxv hkbzh7o3 jwdofwj8 n8tt0mok r8blr3vg hyh9befq\">\n<div class=\"do00u71z l9j0dhe7 k4urcfbm\">\n<div class=\"page-title-head hgroup\">\n<div class=\"page-title-head hgroup\">\n<div class=\"page-title-head hgroup\">\n<div class=\"page-title-head hgroup\">\n<div class=\"b654a4as d2edcug0\">\n<div class=\"page-title-head hgroup\">\n<div class=\"page-title-head hgroup\">\n<div class=\"page-title-head hgroup\">\n<div class=\"page-title-head hgroup\">\n<div class=\"b654a4as d2edcug0\">\n<div class=\"page-title-head hgroup\">\n<div class=\"page-title-head hgroup\">\n<div class=\"page-title-head hgroup\">\n<div class=\"page-title-head hgroup\">\n<div class=\"page-title-head hgroup\">\n<div class=\"page-title-head hgroup\">\n<div class=\"page-title-head hgroup\">\n<div class=\"page-title-head hgroup\">\n<div class=\"page-title-head hgroup\">\n<div class=\"b654a4as d2edcug0\">\n<div class=\"page-title-head hgroup\">\n<div class=\"page-title-head hgroup\">\n<div class=\"page-title-head hgroup\">\n<div class=\"page-title-head hgroup\">\n<div class=\"b654a4as d2edcug0\">\n<div class=\"page-title-head hgroup\">\n<div class=\"page-title-head hgroup\">\n<div class=\"page-title-head hgroup\">\n<div class=\"page-title-head hgroup\">\n<div class=\"page-title-head hgroup\">\n<div class=\"mkdf-post-text\">\n<div class=\"mkdf-post-text-inner\">\n<div class=\"mkdf-post-text-main\">\n<div class=\"mkdf-post-text\">\n<div class=\"mkdf-post-text-inner\">\n<div class=\"mkdf-post-text-main\">\n<div class=\"mkdf-post-text\">\n<div class=\"mkdf-post-text-inner\">\n<div class=\"mkdf-post-text-main\">\n<div class=\"page-title-head hgroup\">\n<div class=\"page-title-head hgroup\">\n<div class=\"mkdf-post-text\">\n<div class=\"mkdf-post-text-inner\">\n<div class=\"mkdf-post-text-main\">\n<div class=\"mkdf-post-text\">\n<div class=\"mkdf-post-text-inner\">\n<div class=\"mkdf-post-text-main\">\n<div class=\"page-title-head hgroup\">\n<div class=\"page-title-head hgroup\">\n<div class=\"page-title-head hgroup\">\n<div class=\"page-title-head hgroup\">\n<div class=\"b654a4as d2edcug0\">\n<div class=\"page-title-head hgroup\">\n<div class=\"page-title-head hgroup\">\n<div class=\"page-title-head hgroup\">\n<div class=\"page-title-head hgroup\">\n<div class=\"b654a4as d2edcug0\">\n<div class=\"page-title-head hgroup\">\n<div class=\"page-title-head hgroup\">\n<div class=\"page-title-head hgroup\">\n<div class=\"page-title-head hgroup\">\n<div class=\"b654a4as d2edcug0\">\n<div class=\"ecm0bbzt e5nlhep0 a8c37x1j\">\n<div class=\"kvgmc6g5 cxmmr5t8 oygrvhab hcukyx3x c1et5uql\">\n<div class=\"gmail-kvgmc6g5 gmail-cxmmr5t8 gmail-oygrvhab gmail-hcukyx3x gmail-c1et5uql gmail-ii04i59q\">\n<div class=\"page-title-head hgroup\">\n<div class=\"page-title-head hgroup\">\n<div class=\"b654a4as d2edcug0\">\n<div class=\"j83agx80 btwxx1t3 lhclo0ds hop8lmos nkwizq5d scwd0bx6 roh60bw9\">\n<div class=\"rq0escxv hkbzh7o3 jwdofwj8 n8tt0mok r8blr3vg hyh9befq\">\n<div class=\"do00u71z l9j0dhe7 k4urcfbm\">\n<div class=\"page-title-head hgroup\">\n<div class=\"page-title-head hgroup\">\n<div class=\"page-title-head hgroup\">\n<div class=\"page-title-head hgroup\">\n<div class=\"b654a4as d2edcug0\">\n<div class=\"page-title-head hgroup\">\n<div class=\"page-title-head hgroup\">\n<div class=\"page-title-head hgroup\">\n<div class=\"page-title-head hgroup\">\n<div class=\"b654a4as d2edcug0\">\n<div class=\"page-title-head hgroup\">\n<div class=\"page-title-head hgroup\">\n<div class=\"page-title-head hgroup\">\n<div class=\"page-title-head hgroup\">\n<div class=\"page-title-head hgroup\">\n<div class=\"page-title-head hgroup\">\n<div class=\"page-title-head hgroup\">\n<div class=\"page-title-head hgroup\">\n<div class=\"page-title-head hgroup\">\n<div class=\"b654a4as d2edcug0\">\n<div class=\"page-title-head hgroup\">\n<div class=\"page-title-head hgroup\">\n<div class=\"page-title-head hgroup\">\n<div class=\"page-title-head hgroup\">\n<div class=\"b654a4as d2edcug0\">\n<div class=\"page-title-head hgroup\">\n<div class=\"page-title-head hgroup\">\n<div class=\"page-title-head hgroup\">\n<div class=\"page-title-head hgroup\">\n<div class=\"page-title-head hgroup\">\n<div class=\"mkdf-post-text\">\n<div class=\"mkdf-post-text-inner\">\n<div class=\"mkdf-post-text-main\">\n<div class=\"mkdf-post-text\">\n<div class=\"mkdf-post-text-inner\">\n<div class=\"mkdf-post-text-main\">\n<div class=\"mkdf-post-text\">\n<div class=\"mkdf-post-text-inner\">\n<div class=\"mkdf-post-text-main\">\n<div class=\"page-title-head hgroup\">\n<div class=\"page-title-head hgroup\">\n<div class=\"mkdf-post-text\">\n<div class=\"mkdf-post-text-inner\">\n<div class=\"mkdf-post-text-main\">\n<div class=\"mkdf-post-text\">\n<div class=\"mkdf-post-text-inner\">\n<div class=\"mkdf-post-text-main\">\n<div class=\"page-title-head hgroup\">\n<div class=\"page-title-head hgroup\">\n<div class=\"page-title-head hgroup\">\n<div class=\"page-title-head hgroup\">\n<div class=\"b654a4as d2edcug0\">\n<div class=\"page-title-head hgroup\">\n<div class=\"page-title-head hgroup\">\n<div class=\"page-title-head hgroup\">\n<div class=\"page-title-head hgroup\">\n<div class=\"b654a4as d2edcug0\">\n<div class=\"page-title-head hgroup\">\n<div class=\"page-title-head hgroup\">\n<div class=\"page-title-head hgroup\">\n<div class=\"page-title-head hgroup\">\n<div class=\"b654a4as d2edcug0\">\n<p>&nbsp;<\/p>\n<p>&nbsp;<\/p>\n<blockquote class=\"wp-embedded-content\" data-secret=\"fq6EBlZOLR\"><p><a href=\"https:\/\/www.radiopiu.net\/wordpress\/viabilita\/\">viabilita<\/a><\/p><\/blockquote>\n<p><iframe loading=\"lazy\" class=\"wp-embedded-content\" sandbox=\"allow-scripts\" security=\"restricted\" style=\"position: absolute; clip: rect(1px, 1px, 1px, 1px);\" title=\"&#8220;viabilita&#8221; &#8212; Radio Pi\u00f9\" src=\"https:\/\/www.radiopiu.net\/wordpress\/viabilita\/embed\/#?secret=utiEfyM4xm#?secret=fq6EBlZOLR\" data-secret=\"fq6EBlZOLR\" width=\"600\" height=\"338\" frameborder=\"0\" marginwidth=\"0\" marginheight=\"0\" scrolling=\"no\"><\/iframe><\/p>\n<\/div>\n<\/div>\n<\/div>\n<\/div>\n<\/div>\n<\/div>\n<\/div>\n<\/div>\n<\/div>\n<\/div>\n<\/div>\n<\/div>\n<\/div>\n<\/div>\n<\/div>\n<\/div>\n<\/div>\n<\/div>\n<\/div>\n<\/div>\n<\/div>\n<\/div>\n<\/div>\n<\/div>\n<\/div>\n<\/div>\n<\/div>\n<\/div>\n<\/div>\n<\/div>\n<\/div>\n<\/div>\n<\/div>\n<\/div>\n<\/div>\n<\/div>\n<\/div>\n<\/div>\n<\/div>\n<\/div>\n<\/div>\n<\/div>\n<\/div>\n<\/div>\n<\/div>\n<\/div>\n<\/div>\n<\/div>\n<\/div>\n<\/div>\n<\/div>\n<\/div>\n<\/div>\n<\/div>\n<\/div>\n<\/div>\n<\/div>\n<\/div>\n<\/div>\n<\/div>\n<\/div>\n<\/div>\n<\/div>\n<\/div>\n<\/div>\n<\/div>\n<\/div>\n<\/div>\n<\/div>\n<\/div>\n<\/div>\n<\/div>\n<\/div>\n<\/div>\n<\/div>\n<\/div>\n<\/div>\n<\/div>\n<\/div>\n<\/div>\n<\/div>\n<\/div>\n<\/div>\n<\/div>\n<\/div>\n<\/div>\n<\/div>\n<\/div>\n<\/div>\n<\/div>\n<\/div>\n<\/div>\n<\/div>\n<\/div>\n<\/div>\n<\/div>\n<\/div>\n<\/div>\n<\/div>\n<\/div>\n<\/div>\n<\/div>\n<\/div>\n<\/div>\n<\/div>\n<\/div>\n<\/div>\n<\/div>\n<\/div>\n<\/div>\n<\/div>\n<\/div>\n<\/div>\n<\/div>\n<\/div>\n<\/div>\n<\/div>\n<\/div>\n<\/div>\n<\/div>\n<\/div>\n<\/div>\n<\/div>\n<\/div>\n<\/div>\n<\/div>\n<\/div>\n<\/div>\n<\/div>\n<\/div>\n<\/div>\n<\/div>\n<\/div>\n<\/div>\n<\/div>\n<\/div>\n<\/div>\n<\/div>\n<\/div>\n<\/div>\n<\/div>\n<\/div>\n<\/div>\n<\/div>\n<\/div>\n<\/div>\n<\/div>\n<\/div>\n<\/div>\n<p>&nbsp;<\/p>\n<div>\n<div class=\"page-title-head hgroup\">\n<div class=\"page-title-head hgroup\">\n<div class=\"b654a4as d2edcug0\">\n<div class=\"j83agx80 btwxx1t3 lhclo0ds hop8lmos nkwizq5d scwd0bx6 roh60bw9\">\n<div class=\"rq0escxv hkbzh7o3 jwdofwj8 n8tt0mok r8blr3vg hyh9befq\">\n<div class=\"do00u71z l9j0dhe7 k4urcfbm\">\n<div class=\"page-title-head hgroup\">\n<div class=\"page-title-head hgroup\">\n<div class=\"b654a4as d2edcug0\">\n<div class=\"j83agx80 btwxx1t3 lhclo0ds hop8lmos nkwizq5d scwd0bx6 roh60bw9\">\n<div class=\"rq0escxv hkbzh7o3 jwdofwj8 n8tt0mok r8blr3vg hyh9befq\">\n<div class=\"do00u71z l9j0dhe7 k4urcfbm\">\n<div class=\"ecm0bbzt e5nlhep0 a8c37x1j\">\n<div class=\"kvgmc6g5 cxmmr5t8 oygrvhab hcukyx3x c1et5uql\">\n<div class=\"gmail-kvgmc6g5 gmail-cxmmr5t8 gmail-oygrvhab gmail-hcukyx3x gmail-c1et5uql gmail-ii04i59q\">\n<div class=\"page-title-head hgroup\">\n<div class=\"page-title-head hgroup\">\n<div class=\"b654a4as d2edcug0\">\n<div class=\"j83agx80 btwxx1t3 lhclo0ds hop8lmos nkwizq5d scwd0bx6 roh60bw9\">\n<div class=\"rq0escxv hkbzh7o3 jwdofwj8 n8tt0mok r8blr3vg hyh9befq\">\n<div class=\"do00u71z l9j0dhe7 k4urcfbm\">\n<div class=\"page-title-head hgroup\">\n<div class=\"page-title-head hgroup\">\n<div class=\"b654a4as d2edcug0\">\n<div class=\"j83agx80 btwxx1t3 lhclo0ds hop8lmos nkwizq5d scwd0bx6 roh60bw9\">\n<div class=\"rq0escxv hkbzh7o3 jwdofwj8 n8tt0mok r8blr3vg hyh9befq\">\n<div class=\"do00u71z l9j0dhe7 k4urcfbm\">\n<div>\n<div class=\"page-title-head hgroup\">\n<div class=\"page-title-head hgroup\">\n<div class=\"b654a4as d2edcug0\">\n<div class=\"j83agx80 btwxx1t3 lhclo0ds hop8lmos nkwizq5d scwd0bx6 roh60bw9\">\n<div class=\"rq0escxv hkbzh7o3 jwdofwj8 n8tt0mok r8blr3vg hyh9befq\">\n<div class=\"do00u71z l9j0dhe7 k4urcfbm\">\n<div class=\"ecm0bbzt e5nlhep0 a8c37x1j\">\n<div class=\"kvgmc6g5 cxmmr5t8 oygrvhab hcukyx3x c1et5uql\">\n<div class=\"gmail-kvgmc6g5 gmail-cxmmr5t8 gmail-oygrvhab gmail-hcukyx3x gmail-c1et5uql gmail-ii04i59q\">\n<div class=\"page-title-head hgroup\">\n<div class=\"page-title-head hgroup\">\n<div class=\"b654a4as d2edcug0\">\n<div class=\"j83agx80 btwxx1t3 lhclo0ds hop8lmos nkwizq5d scwd0bx6 roh60bw9\">\n<div class=\"rq0escxv hkbzh7o3 jwdofwj8 n8tt0mok r8blr3vg hyh9befq\">\n<div class=\"do00u71z l9j0dhe7 k4urcfbm\">\n<div class=\"page-title-head hgroup\">\n<div class=\"page-title-head hgroup\">\n<div class=\"page-title-head hgroup\">\n<div class=\"page-title-head hgroup\">\n<div class=\"b654a4as d2edcug0\">\n<div class=\"page-title-head hgroup\">\n<div class=\"page-title-head hgroup\">\n<div class=\"page-title-head hgroup\">\n<div class=\"page-title-head hgroup\">\n<div class=\"b654a4as d2edcug0\">\n<div class=\"page-title-head hgroup\">\n<div class=\"page-title-head hgroup\">\n<div class=\"page-title-head hgroup\">\n<div class=\"page-title-head hgroup\">\n<div class=\"page-title-head hgroup\">\n<div class=\"page-title-head hgroup\">\n<div class=\"page-title-head hgroup\">\n<div class=\"page-title-head hgroup\">\n<div class=\"page-title-head hgroup\">\n<div class=\"b654a4as d2edcug0\">\n<div class=\"page-title-head hgroup\">\n<div class=\"page-title-head hgroup\">\n<div class=\"page-title-head hgroup\">\n<div class=\"page-title-head hgroup\">\n<div class=\"b654a4as d2edcug0\">\n<div class=\"page-title-head hgroup\">\n<div class=\"page-title-head hgroup\">\n<div class=\"page-title-head hgroup\">\n<div class=\"page-title-head hgroup\">\n<div class=\"page-title-head hgroup\">\n<div class=\"mkdf-post-text\">\n<div class=\"mkdf-post-text-inner\">\n<div class=\"mkdf-post-text-main\">\n<div class=\"mkdf-post-text\">\n<div class=\"mkdf-post-text-inner\">\n<div class=\"mkdf-post-text-main\">\n<div class=\"mkdf-post-text\">\n<div class=\"mkdf-post-text-inner\">\n<div class=\"mkdf-post-text-main\">\n<div class=\"page-title-head hgroup\">\n<div class=\"page-title-head hgroup\">\n<div class=\"mkdf-post-text\">\n<div class=\"mkdf-post-text-inner\">\n<div class=\"mkdf-post-text-main\">\n<div class=\"mkdf-post-text\">\n<div class=\"mkdf-post-text-inner\">\n<div class=\"mkdf-post-text-main\">\n<div class=\"page-title-head hgroup\">\n<div class=\"page-title-head hgroup\">\n<div class=\"page-title-head hgroup\">\n<div class=\"page-title-head hgroup\">\n<div class=\"b654a4as d2edcug0\">\n<div class=\"page-title-head hgroup\">\n<div class=\"page-title-head hgroup\">\n<div class=\"page-title-head hgroup\">\n<div class=\"page-title-head hgroup\">\n<div class=\"b654a4as d2edcug0\">\n<div class=\"page-title-head hgroup\">\n<div class=\"page-title-head hgroup\">\n<div class=\"page-title-head hgroup\">\n<div class=\"page-title-head hgroup\">\n<div class=\"b654a4as d2edcug0\">\n<div class=\"ecm0bbzt e5nlhep0 a8c37x1j\">\n<div class=\"kvgmc6g5 cxmmr5t8 oygrvhab hcukyx3x c1et5uql\">\n<div class=\"gmail-kvgmc6g5 gmail-cxmmr5t8 gmail-oygrvhab gmail-hcukyx3x gmail-c1et5uql gmail-ii04i59q\">\n<div class=\"page-title-head hgroup\">\n<div class=\"page-title-head hgroup\">\n<div class=\"b654a4as d2edcug0\">\n<div class=\"j83agx80 btwxx1t3 lhclo0ds hop8lmos nkwizq5d scwd0bx6 roh60bw9\">\n<div class=\"rq0escxv hkbzh7o3 jwdofwj8 n8tt0mok r8blr3vg hyh9befq\">\n<div class=\"do00u71z l9j0dhe7 k4urcfbm\">\n<div class=\"page-title-head hgroup\">\n<div class=\"page-title-head hgroup\">\n<div class=\"page-title-head hgroup\">\n<div class=\"page-title-head hgroup\">\n<div class=\"b654a4as d2edcug0\">\n<div class=\"page-title-head hgroup\">\n<div class=\"page-title-head hgroup\">\n<div class=\"page-title-head hgroup\">\n<div class=\"page-title-head hgroup\">\n<div class=\"b654a4as d2edcug0\">\n<div class=\"page-title-head hgroup\">\n<div class=\"page-title-head hgroup\">\n<div class=\"page-title-head hgroup\">\n<div class=\"page-title-head hgroup\">\n<div class=\"page-title-head hgroup\">\n<div class=\"page-title-head hgroup\">\n<div class=\"page-title-head hgroup\">\n<div class=\"page-title-head hgroup\">\n<div class=\"page-title-head hgroup\">\n<div class=\"b654a4as d2edcug0\">\n<div class=\"page-title-head hgroup\">\n<div class=\"page-title-head hgroup\">\n<div class=\"page-title-head hgroup\">\n<div class=\"page-title-head hgroup\">\n<div class=\"b654a4as d2edcug0\">\n<div class=\"page-title-head hgroup\">\n<div class=\"page-title-head hgroup\">\n<div class=\"page-title-head hgroup\">\n<div class=\"page-title-head hgroup\">\n<div class=\"page-title-head hgroup\">\n<div class=\"mkdf-post-text\">\n<div class=\"mkdf-post-text-inner\">\n<div class=\"mkdf-post-text-main\">\n<div class=\"mkdf-post-text\">\n<div class=\"mkdf-post-text-inner\">\n<div class=\"mkdf-post-text-main\">\n<div class=\"mkdf-post-text\">\n<div class=\"mkdf-post-text-inner\">\n<div class=\"mkdf-post-text-main\">\n<div class=\"page-title-head hgroup\">\n<div class=\"page-title-head hgroup\">\n<div class=\"mkdf-post-text\">\n<div class=\"mkdf-post-text-inner\">\n<div class=\"mkdf-post-text-main\">\n<div class=\"mkdf-post-text\">\n<div class=\"mkdf-post-text-inner\">\n<div class=\"mkdf-post-text-main\">\n<div class=\"page-title-head hgroup\">\n<div class=\"page-title-head hgroup\">\n<div class=\"page-title-head hgroup\">\n<div class=\"page-title-head hgroup\">\n<div class=\"b654a4as d2edcug0\">\n<div class=\"page-title-head hgroup\">\n<div class=\"page-title-head hgroup\">\n<div class=\"page-title-head hgroup\">\n<div class=\"page-title-head hgroup\">\n<div class=\"b654a4as d2edcug0\">\n<div class=\"page-title-head hgroup\">\n<div class=\"page-title-head hgroup\">\n<div class=\"page-title-head hgroup\">\n<div class=\"page-title-head hgroup\">\n<div class=\"b654a4as d2edcug0\">\n<hr \/>\n<p>&nbsp;<\/p>\n<\/div>\n<div class=\"b654a4as d2edcug0\">\n<div class=\"ecm0bbzt e5nlhep0 a8c37x1j\">\n<div class=\"kvgmc6g5 cxmmr5t8 oygrvhab hcukyx3x c1et5uql\">\n<div class=\"gmail-kvgmc6g5 gmail-cxmmr5t8 gmail-oygrvhab gmail-hcukyx3x gmail-c1et5uql gmail-ii04i59q\">\n<div>\n<div class=\"page-title-head hgroup\">\n<div class=\"page-title-head hgroup\">\n<div class=\"b654a4as d2edcug0\">\n<div class=\"j83agx80 btwxx1t3 lhclo0ds hop8lmos nkwizq5d scwd0bx6 roh60bw9\">\n<div class=\"rq0escxv hkbzh7o3 jwdofwj8 n8tt0mok r8blr3vg hyh9befq\">\n<div class=\"do00u71z l9j0dhe7 k4urcfbm\">\n<div>\n<div class=\"page-title-head hgroup\">\n<div class=\"page-title-head hgroup\">\n<div class=\"page-title-head hgroup\">\n<div class=\"page-title-head hgroup\">\n<div class=\"b654a4as d2edcug0\">\n<div class=\"page-title-head hgroup\">\n<div class=\"page-title-head hgroup\">\n<div class=\"page-title-head hgroup\">\n<div class=\"page-title-head hgroup\">\n<div class=\"b654a4as d2edcug0\">\n<div class=\"page-title-head hgroup\">\n<div class=\"page-title-head hgroup\">\n<div class=\"page-title-head hgroup\">\n<div class=\"page-title-head hgroup\">\n<div class=\"page-title-head hgroup\">\n<div class=\"mkdf-post-text\">\n<div class=\"mkdf-post-text-inner\">\n<div class=\"mkdf-post-text-main\">\n<div class=\"mkdf-post-text\">\n<div class=\"mkdf-post-text-inner\">\n<div class=\"mkdf-post-text-main\">\n<div class=\"mkdf-post-text\">\n<div class=\"mkdf-post-text-inner\">\n<div class=\"mkdf-post-text-main\">\n<div class=\"page-title-head hgroup\">\n<div class=\"page-title-head hgroup\">\n<div class=\"mkdf-post-text\">\n<div class=\"mkdf-post-text-inner\">\n<div class=\"mkdf-post-text-main\">\n<div class=\"mkdf-post-text\">\n<div class=\"mkdf-post-text-inner\">\n<div class=\"mkdf-post-text-main\">\n<div>\n<div class=\"page-title-head hgroup\">\n<div class=\"page-title-head hgroup\">\n<div>\n<div class=\"page-title-head hgroup\">\n<div class=\"page-title-head hgroup\">\n<div class=\"b654a4as d2edcug0\">\n<div>\n<div class=\"page-title-head hgroup\" style=\"text-align: left;\">\n<div class=\"page-title-head hgroup\">\n<div dir=\"auto\">\n<p><a class=\"dt-pswp-item pspw-wrap-ready\" href=\"https:\/\/i0.wp.com\/www.radiopiu.net\/wordpress\/wp-content\/uploads\/2018\/09\/WhatsApp-Image-2018-09-20-at-16.04.06.jpeg?ssl=1\" data-dt-img-description=\"\" data-large_image_width=\"800\" data-large_image_height=\"100\"><img loading=\"lazy\" decoding=\"async\" class=\"aligncenter wp-image-61378 size-full jetpack-lazy-image jetpack-lazy-image--handled\" src=\"https:\/\/i0.wp.com\/www.radiopiu.net\/wordpress\/wp-content\/uploads\/2018\/09\/WhatsApp-Image-2018-09-20-at-16.04.06.jpeg?resize=800%2C100&amp;ssl=1\" sizes=\"auto, (max-width: 800px) 100vw, 800px\" srcset=\"https:\/\/i0.wp.com\/www.radiopiu.net\/wordpress\/wp-content\/uploads\/2018\/09\/WhatsApp-Image-2018-09-20-at-16.04.06.jpeg?w=800&amp;ssl=1 800w, https:\/\/i0.wp.com\/www.radiopiu.net\/wordpress\/wp-content\/uploads\/2018\/09\/WhatsApp-Image-2018-09-20-at-16.04.06.jpeg?resize=300%2C38&amp;ssl=1 300w, https:\/\/i0.wp.com\/www.radiopiu.net\/wordpress\/wp-content\/uploads\/2018\/09\/WhatsApp-Image-2018-09-20-at-16.04.06.jpeg?resize=768%2C96&amp;ssl=1 768w\" alt=\"\" width=\"800\" height=\"100\" data-lazy-loaded=\"1\" \/><\/a><\/p>\n<\/div>\n<\/div>\n<\/div>\n<\/div>\n<\/div>\n<\/div>\n<\/div>\n<\/div>\n<\/div>\n<\/div>\n<\/div>\n<\/div>\n<\/div>\n<\/div>\n<\/div>\n<\/div>\n<\/div>\n<\/div>\n<\/div>\n<\/div>\n<\/div>\n<\/div>\n<\/div>\n<\/div>\n<\/div>\n<\/div>\n<\/div>\n<\/div>\n<\/div>\n<\/div>\n<\/div>\n<\/div>\n<\/div>\n<\/div>\n<\/div>\n<\/div>\n<\/div>\n<\/div>\n<\/div>\n<\/div>\n<\/div>\n<\/div>\n<\/div>\n<\/div>\n<\/div>\n<\/div>\n<\/div>\n<\/div>\n<\/div>\n<\/div>\n<\/div>\n<\/div>\n<\/div>\n<\/div>\n<\/div>\n<\/div>\n<\/div>\n<\/div>\n<\/div>\n<\/div>\n<\/div>\n<\/div>\n<\/div>\n<\/div>\n<\/div>\n<\/div>\n<\/div>\n<\/div>\n<\/div>\n<\/div>\n<\/div>\n<\/div>\n<\/div>\n<\/div>\n<\/div>\n<\/div>\n<\/div>\n<\/div>\n<\/div>\n<\/div>\n<\/div>\n<\/div>\n<\/div>\n<\/div>\n<\/div>\n<\/div>\n<\/div>\n<\/div>\n<\/div>\n<\/div>\n<\/div>\n<\/div>\n<\/div>\n<\/div>\n<\/div>\n<\/div>\n<\/div>\n<\/div>\n<\/div>\n<\/div>\n<\/div>\n<\/div>\n<\/div>\n<\/div>\n<\/div>\n<\/div>\n<\/div>\n<\/div>\n<\/div>\n<\/div>\n<\/div>\n<\/div>\n<\/div>\n<\/div>\n<\/div>\n<\/div>\n<\/div>\n<\/div>\n<\/div>\n<\/div>\n<\/div>\n<\/div>\n<\/div>\n<\/div>\n<\/div>\n<\/div>\n<\/div>\n<\/div>\n<\/div>\n<\/div>\n<\/div>\n<\/div>\n<\/div>\n<\/div>\n<\/div>\n<\/div>\n<\/div>\n<\/div>\n<\/div>\n<\/div>\n<\/div>\n<\/div>\n<\/div>\n<\/div>\n<\/div>\n<\/div>\n<\/div>\n<\/div>\n<\/div>\n<\/div>\n<\/div>\n<\/div>\n<\/div>\n<\/div>\n<\/div>\n<\/div>\n<\/div>\n<\/div>\n<\/div>\n<\/div>\n<\/div>\n<\/div>\n<\/div>\n<\/div>\n<\/div>\n<\/div>\n<\/div>\n<\/div>\n<\/div>\n<\/div>\n<\/div>\n<\/div>\n<\/div>\n<\/div>\n<\/div>\n<\/div>\n<\/div>\n<\/div>\n<\/div>\n<\/div>\n<\/div>\n<\/div>\n<\/div>\n<\/div>\n<\/div>\n<\/div>\n<\/div>\n<\/div>\n<\/div>\n<\/div>\n<\/div>\n<\/div>\n<\/div>\n<\/div>\n<\/div>\n<\/div>\n<\/div>\n<\/div>\n<\/div>\n<\/div>\n<\/div>\n<\/div>\n<\/div>\n<\/div>\n<\/div>\n<\/div>\n<\/div>\n<\/div>\n<\/div>\n<\/div>\n<\/div>\n<\/div>\n<\/div>\n<\/div>\n<\/div>\n<\/div>\n<\/div>\n<\/div>\n<\/div>\n<\/div>\n<\/div>\n<\/div>\n<\/div>\n<\/div>\n<\/div>\n<\/div>\n<\/div>\n<\/div>\n<\/div>\n<\/div>\n<\/div>\n<p>&nbsp;<\/p>\n<blockquote class=\"wp-embedded-content\" data-secret=\"rxN9BEGrkw\"><p><a href=\"https:\/\/www.radiopiu.net\/wordpress\/il-bollettino-neve-al-suolo-del-centro-valanghe-arpav-di-arabba-03-aprile-2022\/\">IL BOLLETTINO NEVE AL SUOLO DEL CENTRO VALANGHE ARPAV DI ARABBA \u2013 03 APRILE 2022<\/a><\/p><\/blockquote>\n<p><iframe loading=\"lazy\" class=\"wp-embedded-content\" sandbox=\"allow-scripts\" security=\"restricted\" style=\"position: absolute; clip: rect(1px, 1px, 1px, 1px);\" title=\"&#8220;IL BOLLETTINO NEVE AL SUOLO DEL CENTRO VALANGHE ARPAV DI ARABBA \u2013 03 APRILE 2022&#8221; &#8212; Radio Pi\u00f9\" src=\"https:\/\/www.radiopiu.net\/wordpress\/il-bollettino-neve-al-suolo-del-centro-valanghe-arpav-di-arabba-03-aprile-2022\/embed\/#?secret=1VNWCU2CzO#?secret=rxN9BEGrkw\" data-secret=\"rxN9BEGrkw\" width=\"600\" height=\"338\" frameborder=\"0\" marginwidth=\"0\" marginheight=\"0\" scrolling=\"no\"><\/iframe><\/p>\n<p>&nbsp;<\/p>\n<p><center><b>Lunedi 4<\/b><\/center><b>Tempo atteso: <\/b>Nottetempo residui annuvolamento senza escludere del tutto qualche fenomeno. Al mattino persistenza di annuvolamenti stratiformi irregolari e primi rasserenamenti. Con il passare delle ore ulteriore diradamento della nuvolosit\u00e0 e sempre pi\u00f9 soleggiato ovunque; alla sera cielo sereno. Contesto ancora invernale in quota, un po&#8217; meno fresco nelle valli in giornata grazie al ritorno del sole.<br \/>\n<b>Precipitazioni: <\/b>Nottetempo rischio di debolissime nevicate qua e l\u00e0 fino a 600\/700 m (40\/60%). A inizio giornata stessa situazione con eventuali sporadici fiocchi (20%), poi assenti (0%).<br \/>\n<b>Temperature: <\/b>Minime pressoch\u00e9 stazionarie, salvo leggero calo delle stesse nei fondovalle prealpini; massime in ripresa a tutte le quote, in maniera pi\u00f9 sensibile nelle valli pi\u00f9 assolate. Su Prealpi a 1500 m min -6\u00b0C max -1\u00b0C, a 2000 m min -9\u00b0C max -4\u00b0C. Su Dolomiti a 2000 m min -10\u00b0C max -4\u00b0C, a 3000 m min -16\u00b0C max -9\u00b0C.<br \/>\n<b>Venti: <\/b>Nelle valli perlopi\u00f9 deboli a regime di brezze, a tratti e localmente moderati in alcuni settori al pomeriggio; in quota deboli\/moderati da nord-ovest a 5-15 km\/h a 2000 m e 15-25 km\/h a 3000 m.<\/p>\n<hr \/>\n<p><center><b>Martedi 5<\/b><\/center><b>Tempo atteso: <\/b>Tempo stabile e ben soleggiato con cielo terso, aria limpida e ottima visibilit\u00e0. Non escluso del tutto qualche nebbia notturna o banco di nubi basse mattutine in Valbelluna, in rapido dissolvimento dopo il sorgere del sole. Ritorno della mitezza diurna a bassa quota.<br \/>\n<b>Precipitazioni: <\/b>Assenti (0%).<br \/>\n<b>Temperature: <\/b>In generale aumento, eccetto calo delle minime nei fondovalle per irraggiamento notturno. Previste punte di 13\/15\u00b0C nei fondovalle prealpini e di 8\/10\u00b0C a 1000\/1200 m. Su Prealpi a 1500 m min -1\u00b0C max 7\u00b0C, a 2000 m min -3\u00b0C, max 4\u00b0C. Su Dolomiti a 2000 m min -4\u00b0C max 4\u00b0C, 3000 m min -6\u00b0C max -3\u00b0C.<br \/>\n<b>Venti: <\/b>Nelle valli deboli a regime di brezza, a tratti moderati per brezze di monte su alcuni settori prealpini di notte e rinforzi pomeridiani in alcune valli meridiane; in quota deboli da nord-ovest, spesso moderati sulle vette pi\u00f9 alte, a 5-10 km\/h a 2000 m e 15-25 km\/h a 3000 m.<\/p>\n<hr \/>\n<p><center><b>Mercoledi 6<\/b><\/center>Al mattino persistono condizioni di tempo stabile e soleggiato, mentre ci sar\u00e0 una crescente nuvolosit\u00e0 nel corso del pomeriggio fino a cielo molto nuvoloso, senza precipitazioni. Temperature minime in aumento, massime stazionarie o in leggero calo, specie in quota. Venti deboli\/moderati da sud-ovest in quota, perlopi\u00f9 deboli a regime di brezza nelle valli, salvo locali e temporanei rinforzi.<\/p>\n<hr \/>\n<p><center><b>Giovedi 7<\/b><\/center>Tra l&#8217;alba e le prime ore del mattino lunghi tratti soleggiati, ma ben presto gli annuvolamenti sia stratiformi che cumuliformi torneranno a essere prevalenti riducendo sensibilmente il soleggiamento. Temperature minime in calo e massime in lieve ripresa. Vento moderati nord-occidentali in quota, deboli o a tratti e localmente moderati a regime di brezza nelle valli. Previsore: R.L.Th.<\/p>\n<p>&nbsp;<\/p>\n<hr \/>\n<p>&nbsp;<\/p>\n<p><img loading=\"lazy\" decoding=\"async\" class=\"wp-image-60761 size-full aligncenter\" src=\"https:\/\/www.radiopiu.net\/wordpress\/wp-content\/uploads\/2018\/09\/sport.jpg\" alt=\"\" width=\"800\" height=\"100\" srcset=\"https:\/\/www.radiopiu.net\/wordpress\/wp-content\/uploads\/2018\/09\/sport.jpg 800w, https:\/\/www.radiopiu.net\/wordpress\/wp-content\/uploads\/2018\/09\/sport-300x38.jpg 300w, https:\/\/www.radiopiu.net\/wordpress\/wp-content\/uploads\/2018\/09\/sport-768x96.jpg 768w\" sizes=\"auto, (max-width: 800px) 100vw, 800px\" \/><\/p>\n<\/div>\n<div>\n<p><strong>\u00a0 \u00a0<\/strong><\/p>\n<p><span style=\"color: #0000ff;\"><strong>CALCIO<\/strong><\/span><\/p>\n<blockquote>\n<h3>L&#8217;AGORDINA PERDE CON LA CAPOLISTA, IL KERALPEN RIFILA UNA MANITA AL CARBONERA<\/h3>\n<\/blockquote>\n<p><strong><a class=\"dt-pswp-item\" href=\"https:\/\/www.radiopiu.net\/wordpress\/wp-content\/uploads\/2021\/10\/CALCIO-2021.jpg\" data-dt-img-description=\"\" data-large_image_width=\"1920\" data-large_image_height=\"1280\"><img loading=\"lazy\" decoding=\"async\" class=\"size-thumbnail wp-image-235116 alignleft\" src=\"https:\/\/www.radiopiu.net\/wordpress\/wp-content\/uploads\/2021\/10\/CALCIO-2021-150x150.jpg\" alt=\"\" width=\"150\" height=\"150\" \/><\/a>SECONDA CATEGORIA GIR. T \/ ARSIE\u2019 \u2013 AGORDINA 3-2 (Gol Agordina: Paganin, Del Chin)<\/strong><\/p>\n<p>La capolista Arsi\u00e8 vince di misura contro l\u2019Agordina. La squadra di Lorenzi gioca bene ma subisce tre gol su altrettante disattenzioni difensive. La compagine di Agordo passa in vantaggio due volte poi crolla nella seconda frazione. Negli ultimi minuti di gara il gol decisivo e un\u2019espulsione per gli agordini che chiudono in dieci la sfida feltrina. Zero punti e Agordina che con i suoi 30 punti occupa la sesta posizione in classifica. Subito in attacco la squadra di Agordo che ci prova ma non riesce a sbloccare la sfida. L\u2019Arsi\u00e8 risponde con Dauda ma non riesce a centrare i pali. In 5\u2019 arrivano due marcature. Sono gli agordini che passano in vantaggio con un grandissimo gol di Paganin che da fuori area trova l\u2019angolino giusto. Rispondono i padroni di casa che pareggiano i conti su calcio da fermo. Le squadre se la giocano e si vede del bel calcio. L\u2019Agordina torna di nuovo in vantaggio al 22\u2019 quando Dal Don serve Del Chin sul limite del fuorigioco e a tu per tu con il portiere non sbaglia e insacca con un pallonetto. Capolista che non ci sta e comincia a premere e a fine primo tempo l\u2019Arsi\u00e8 pareggia i conti per la seconda volta. Nella ripresa Agordina in attacco con Paganin che sfiora il terzo gol. Non sono da meno i padroni di casa che provano a sorprendere la difesa avversaria in contropiede. Dauda fa paura alla difesa agordina e sfiora il terzo gol. La partita \u00e8 equilibrata anche se i ragazzi di Lorenzi cercano di chiudersi in difesa per evitare di subire altre marcature. A pochi minuti dal termine l\u2019Arsi\u00e8 trova la terza marcatura con l\u2019attaccante che salta il portiere prima di calciare in porta. Intanto l\u2019Agordina rimane in dieci per l\u2019espulsione di Zannoni per proteste.<\/p>\n<p>&nbsp;<\/p>\n<p><strong>GIOVANISSIMI PROVINCIALI \/ AGORDINA \u2013 Turno di riposo<\/strong><\/p>\n<p>&nbsp;<\/p>\n<p><strong>ALLIEVI REGIONALI \/ AGORDINA \u2013 UNION QDP 2-6<\/strong><\/p>\n<p>Continua il periodo negativo degli Allievi Regionali dell\u2019Agordina. I giovani agordini tengono un tempo poi crollano di fronte alla quarta forza del campionato. Agordina che passa in vantaggio subito grazie ad un colpo di testa di Dell\u2019Osbel su azione da calcio d\u2019angolo. L\u2019Union QDP pareggia i conti grazie ad una incertezza del portiere agordino. Trevigiani che si portano in vantaggio subito dopo ma la reazione della squadra di Agordo non si fa attendere pareggiando con un tiro al volo di Franceschet da fuori area. Nella ripresa l\u2019Agordina crolla e subisce tre marcature in fotocopia da rimessa laterale. L\u2019Union QDP chiude la sfida alla fine della partita con il sesto gol di giornata. Match da archiviare in fretta in vista dello scontro salvezza contro il Barbisano di domenica prossima.<\/p>\n<p>&nbsp;<\/p>\n<p><strong>JUNIORES REGIONALI \/ AGORDINA \u2013 MONTELLO 1-6<\/strong><\/p>\n<p>Ancora una sonora sconfitta per la Juniores allenata da Fontanive che non riesce a stare al passo del Montello. Nel match giocato all\u2019Ivano Dorigo di Agordo non c\u2019\u00e8 stata storia. Eppure gli agordini sbloccano la partita dopo pochi minuti. All\u20198\u2019 ci pensa Fa\u00e8 a battere l\u2019estremo difensore trevigiano. Il Montello ingrana la marcia giusta e pareggia i conti al 24\u2019. Sul finale di tempo i trevigiani passano in vantaggio. Nella ripresa una sola squadra in campo. La squadra ospite non lascia spazi agli agordini e la squadra di Agordo concede troppo al Montello che va a segno altre quattro volte. Agordina al decimo posto della classifica con 10 punti.<\/p>\n<p>&nbsp;<\/p>\n<p><strong>JUNIORES PROVINCIALI \/ FIORI BARP \u2013 Turno di riposo<\/strong><\/p>\n<p>&nbsp;<\/p>\n<p><strong>COPPA ITALIA ECCELLENZA FEMMINILE \/ KERALPEN \u2013 CARBONERA \u00a05-0 (Gol Keralpen: Sommariva, 2 Rosson, Conedera, De Valerio)<\/strong><\/p>\n<p>Il Keralpen rifila una manita al Carbonera nel match valido per il girone D della Coppa Italia Eccellenza Femminile. Ottima prestazione delle ragazze bellunesi che vincono e convincono contro la compagine trevigiana. La si pu\u00f2 definire una passeggiata quella del Keralpen sul campo di Gron che chiude la sfida nei primi 45\u2019 lasciando ben pochi spazi ad un Carbonera che non ha saputo essere all\u2019altezza. Domenica prossima ultima partita di coppa per le bellunesi che se la vedranno il Saronecaneva in trasferta. Il match inizia con una lunga fase di studio. Le due compagini sembrano non volersi fare del male ma il Keralpen ingrana la marcia giusta e si avvicina all\u2019area avversaria. A sbloccare il punteggio ci pensa Sommariva. Bellunesi che ci prendono gusto e raddoppiano poco dopo con Rosson. Il Carbonera sembra non riuscire ad entrare in partita e nel finale di tempo subisce altre due marcature. Rosson mette la firma alla doppietta personale e in pieno recupero Conedera cala il poker per il Keralpen. Nella ripresa le bellunesi calano un po\u2019 il ritmo e la partita non decolla. Il Keralpen sembra accontentarsi dei quattro gol messi a segno. Nel finale di gara arriva anche la quinta marcatura delle padrone di casa con De Valerio.<\/p>\n<p>&nbsp;<\/p>\n<p>&nbsp;<\/p>\n<hr \/>\n<p>&nbsp;<\/p>\n<p><span style=\"color: #0000ff;\"><strong>PALLAVOLO\u00a0<\/strong><\/span><\/p>\n<blockquote>\n<h3>UN&#8217;ALTRA SCONFITTA PER LA PALLAVOLO BELLUNO, LA SALVEZZA SI DECIDERA&#8217; SOLO ALL&#8217;ULTIMA GIORNATA. CAMBIARE ALLENATORE NON E&#8217; SERVITO A NULLA, IL RISULTATO RIMANE LO STESSO: SALVEZZA LONTANA.<\/h3>\n<\/blockquote>\n<div class=\"moz-text-html\" lang=\"x-unicode\">\n<div dir=\"ltr\">\n<p><b><a class=\"dt-pswp-item\" href=\"https:\/\/www.radiopiu.net\/wordpress\/wp-content\/uploads\/2022\/04\/Portomaggiore_DRL_1.jpg\" data-dt-img-description=\"\" data-large_image_width=\"874\" data-large_image_height=\"493\"><img loading=\"lazy\" decoding=\"async\" class=\"wp-image-268663 alignleft\" src=\"https:\/\/www.radiopiu.net\/wordpress\/wp-content\/uploads\/2022\/04\/Portomaggiore_DRL_1-300x169.jpg\" alt=\"\" width=\"270\" height=\"152\" srcset=\"https:\/\/www.radiopiu.net\/wordpress\/wp-content\/uploads\/2022\/04\/Portomaggiore_DRL_1-300x169.jpg 300w, https:\/\/www.radiopiu.net\/wordpress\/wp-content\/uploads\/2022\/04\/Portomaggiore_DRL_1-768x433.jpg 768w, https:\/\/www.radiopiu.net\/wordpress\/wp-content\/uploads\/2022\/04\/Portomaggiore_DRL_1.jpg 874w\" sizes=\"auto, (max-width: 270px) 100vw, 270px\" \/><\/a>PORTOMAGGIORE- BELLUNO 3-1 <\/b><b>PARZIALI: <\/b>25-20, 25-22, 25-27, 25-19. <b>BELLUNO:<\/b> Maccabruni 2, De Santis 5, Graziani 18, Ostuzzi 9, Piazzetta 11, Mozzato 6; Martinez (L), Gionchetti 7, Paganin. N.e. Galliani, Guolla, Della Vecchia, Milani, Pierobon (L). Allenatore: D. Poletto.<span class=\"gmail-Apple-converted-space\"> \u00a0<\/span><b>ARBITRI: <\/b>Marco Laghi e Paolo Scotti. <span class=\"gmail-Apple-converted-space\">\u00a0<\/span><\/p>\n<p>La Da Rold Logistics Belluno si giocher\u00e0 la permanenza in Serie A3 nel turno conclusivo di stagione regolare. Perch\u00e9 a Portomaggiore matura la sesta sconfitta di fila. E, in parallelo, il Torino supera 3-1 San Don\u00e0 e incamera il bottino pieno. Questo significa che i piemontesi sono staccati di una sola lunghezza dai rinoceronti. I quali dovranno evitare il sorpasso per non essere risucchiati in zona playout. \u00a0In merito al confronto di Portomaggiore, la DRL, guidata per la prima volta da coach Luigi Schiavon, si \u00e8 rivelata all\u2019altezza della situazione, ma in una sfida in cui entrambe le squadre hanno forzato e sbagliato parecchio al servizio (quasi 40 errori complessivi), a far pendere l\u2019ago della bilancia dalla parte della Sa.Ma. \u00e8 stato l\u2019opposto Ulrik Dahl, top scorer del match con 24 punti, arricchiti da un ace. Non sono bastati, invece, Graziani (18) e Piazzetta (11 con 3 muri), mentre un impatto positivo sulla gara lo ha avuto Gionchetti: 7 punti e un buon apporto in ricezione, entrando dalla panchina. <span class=\"gmail-Apple-converted-space\"><br \/>\n<\/span><\/p>\n<\/div>\n<\/div>\n<p>&nbsp;<\/p>\n<p>&nbsp;<\/p>\n<hr \/>\n<blockquote>\n<h3><\/h3>\n<h3>BELLA RIMONTA DELLE LUPE MA AL TIE-BREAK VINCE L&#8217;ESTVOLLEY<\/h3>\n<\/blockquote>\n<p><b><a class=\"dt-pswp-item\" href=\"https:\/\/www.radiopiu.net\/wordpress\/wp-content\/uploads\/2022\/04\/Splendida_rimonta_delle_lupe75.jpg\" data-dt-img-description=\"\" data-large_image_width=\"1620\" data-large_image_height=\"1080\"><img loading=\"lazy\" decoding=\"async\" class=\"size-thumbnail wp-image-268556 alignleft\" src=\"https:\/\/www.radiopiu.net\/wordpress\/wp-content\/uploads\/2022\/04\/Splendida_rimonta_delle_lupe75-150x150.jpg\" alt=\"\" width=\"150\" height=\"150\" \/><\/a>PALLAVOLO BELLUNO-ESTVOLLEY 2-3 (<\/b><strong>26-28, 18-25, 26-24, 26-24, 10-15)<\/strong><\/p>\n<p>Un punto di cuore. Di carattere. Di sostanza. Un punto che muove la classifica e che tiene ancora accesa la fiamma salvezza. Sotto 2-0 nel conto dei set, la Pallavolo Belluno si ribella a un destino gi\u00e0 scritto e d\u00e0 vita a una strepitosa rimonta: non contro l\u2019ultima arrivata, ma al cospetto della quinta forza del campionato. A conferma delle qualit\u00e0 morali &#8211; e non solo &#8211; di un gruppo che, a dispetto della giovane et\u00e0, non si d\u00e0 mai per vinto. Mai. Un collettivo in cui brillano alcune individualit\u00e0: come Miriana Casagrande, efficacissima al servizio con i suoi 4 ace. O Elena Zago, capace di stampare ben 5 muri, mentre le atlete pi\u00f9 esperte, Fantinel e Cristante, dettano la rotta e Fioretti risponde \u201cpresente\u201d in attacco. Come Giacomini al centro. E i due liberi, sempre sul pezzo. \u00abAbbiamo giocato sempre punto a punto &#8211; analizza coach Dario Pavei -. Dispiace per il primo set, in cui c\u2019\u00e8 comunque del merito della squadra avversaria. Alle ragazze, in ogni caso, l\u2019ho detto chiaramente durante un timeout: siete fantastiche. Per noi \u00e8 una bella serata: dobbiamo finire con questo entusiasmo e questa felicit\u00e0 di giocare. Fa bene alle atlete, al pubblico, a tutti\u00bb. Pavei traccia due calcoli: \u00abDa inizio stagione abbiamo svolto circa 150 tra allenamenti e amichevoli? Beh, abbiamo \u201ccannato\u201d non pi\u00f9 di tre sedute. A conferma che le ragazze non si fanno condizionare dalla classifica: in palestra si lavora sempre in armonia\u00bb.<span class=\"gmail-Apple-converted-space\">\u00a0<\/span><\/p>\n<p>&nbsp;<\/p>\n<hr \/>\n<blockquote>\n<h3><\/h3>\n<h3>CONTINUA LA STRISCIA DI VITTORIE PER IL VOLLEY CLUB AGORDINO<\/h3>\n<\/blockquote>\n<p><strong><a class=\"dt-pswp-item\" href=\"https:\/\/www.radiopiu.net\/wordpress\/wp-content\/uploads\/2021\/12\/VOLLEY-CLUB-AGORDINO-2021.jpg\" data-dt-img-description=\"\" data-large_image_width=\"1024\" data-large_image_height=\"696\"><img loading=\"lazy\" decoding=\"async\" class=\"wp-image-248367 alignleft\" src=\"https:\/\/www.radiopiu.net\/wordpress\/wp-content\/uploads\/2021\/12\/VOLLEY-CLUB-AGORDINO-2021-300x204.jpg\" alt=\"\" width=\"156\" height=\"106\" srcset=\"https:\/\/www.radiopiu.net\/wordpress\/wp-content\/uploads\/2021\/12\/VOLLEY-CLUB-AGORDINO-2021-300x204.jpg 300w, https:\/\/www.radiopiu.net\/wordpress\/wp-content\/uploads\/2021\/12\/VOLLEY-CLUB-AGORDINO-2021-768x522.jpg 768w, https:\/\/www.radiopiu.net\/wordpress\/wp-content\/uploads\/2021\/12\/VOLLEY-CLUB-AGORDINO-2021.jpg 1024w\" sizes=\"auto, (max-width: 156px) 100vw, 156px\" \/><\/a>MARENO DI PIAVE &#8211; VOLLEY CUB AGORDINO 1-3 (14-25, 17-25, 26-24, 11-25)<\/strong><\/p>\n<p>Ancora una vittoria per il Volley Club Agordino che in terra trevigiana atterra il Mareno nel match valido per la seconda divisione di volley. Continuano a vincere le ragazze allenate da De Nardin che tornano dalla trasferta in provincia di Treviso con il bottino pieno. Agordine che mettono subito sul binario giusto la partita vincendo i primi due set. Nel terzo parziale le padrone di casa la spuntano dopo aver giocato punto a punto, anche per un calo della squadra di Agordo. Nel quarto set il Volley Club Agordino fa la voce grossa e chiude la sfida rifilando 14 punti alle trevigiane. Confermata la seconda posizione in classifica per le agordine sabato prossimo giocheranno in casa contro il Borsoi Oderzo.<\/p>\n<p>&nbsp;<\/p>\n<hr \/>\n<p>&nbsp;<\/p>\n<p><span style=\"color: #0000ff;\"><strong>SCI DI FONDO<\/strong><\/span><\/p>\n<blockquote>\n<h3>ANCORA UN OTTIMO RISULTATO PER LORENZO BUSIN. SECONDO DEGLI ITALIANI ALLA REISTADLOPED<\/h3>\n<\/blockquote>\n<p><strong><a class=\"dt-pswp-item\" href=\"https:\/\/www.radiopiu.net\/wordpress\/wp-content\/uploads\/2022\/04\/277737293_828546465214501_2471551578638565987_n.jpg\" data-dt-img-description=\"\" data-large_image_width=\"2005\" data-large_image_height=\"1372\"><img loading=\"lazy\" decoding=\"async\" class=\"alignleft wp-image-268574 \" src=\"https:\/\/www.radiopiu.net\/wordpress\/wp-content\/uploads\/2022\/04\/277737293_828546465214501_2471551578638565987_n-300x205.jpg\" alt=\"\" width=\"164\" height=\"112\" srcset=\"https:\/\/www.radiopiu.net\/wordpress\/wp-content\/uploads\/2022\/04\/277737293_828546465214501_2471551578638565987_n-300x205.jpg 300w, https:\/\/www.radiopiu.net\/wordpress\/wp-content\/uploads\/2022\/04\/277737293_828546465214501_2471551578638565987_n-1024x701.jpg 1024w, https:\/\/www.radiopiu.net\/wordpress\/wp-content\/uploads\/2022\/04\/277737293_828546465214501_2471551578638565987_n-768x526.jpg 768w, https:\/\/www.radiopiu.net\/wordpress\/wp-content\/uploads\/2022\/04\/277737293_828546465214501_2471551578638565987_n-1536x1051.jpg 1536w, https:\/\/www.radiopiu.net\/wordpress\/wp-content\/uploads\/2022\/04\/277737293_828546465214501_2471551578638565987_n.jpg 2005w\" sizes=\"auto, (max-width: 164px) 100vw, 164px\" \/><\/a>REDAZIONE<\/strong> La si pu\u00f2 definire una stagione da incorniciare quella di Lorenzo Busin. Nel fine settimana si \u00e8 corsa in Norvegia la Reistadloped, prova inserita nel circuito Visma Ski Classic sulla distanza di 50 chilometri in tecnica classica. La vittoria \u00e8 andata al norvegese Nyenget che ha completato la propria fatica in 2:17&#8217;42. Per gli italiani il migliore \u00e8 stato il fiemmese Mauro Brigadoi con il 48\u00b0 tempo assoluto. Lorenzo Busin ha chiuso con il 50\u00b0 tempo assoluto e secondo degli italiani in gara.<\/p>\n<p>&nbsp;<\/p>\n<p>&nbsp;<\/p>\n<hr \/>\n<blockquote>\n<h3><\/h3>\n<h3>IL VENETO VINCE LA STAFFETTA MASCHILE DI GIOVANI TRICOLORI A DOBBIACO<\/h3>\n<\/blockquote>\n<p><strong><a class=\"dt-pswp-item\" href=\"https:\/\/www.radiopiu.net\/wordpress\/wp-content\/uploads\/2022\/04\/63b1383d-c769-405c-8e48-fc76247a3e4f.jpg\" data-dt-img-description=\"\" data-large_image_width=\"1599\" data-large_image_height=\"899\"><img loading=\"lazy\" decoding=\"async\" class=\" wp-image-268503 alignleft\" src=\"https:\/\/www.radiopiu.net\/wordpress\/wp-content\/uploads\/2022\/04\/63b1383d-c769-405c-8e48-fc76247a3e4f-300x169.jpg\" alt=\"\" width=\"162\" height=\"91\" srcset=\"https:\/\/www.radiopiu.net\/wordpress\/wp-content\/uploads\/2022\/04\/63b1383d-c769-405c-8e48-fc76247a3e4f-300x169.jpg 300w, https:\/\/www.radiopiu.net\/wordpress\/wp-content\/uploads\/2022\/04\/63b1383d-c769-405c-8e48-fc76247a3e4f-1024x576.jpg 1024w, https:\/\/www.radiopiu.net\/wordpress\/wp-content\/uploads\/2022\/04\/63b1383d-c769-405c-8e48-fc76247a3e4f-768x432.jpg 768w, https:\/\/www.radiopiu.net\/wordpress\/wp-content\/uploads\/2022\/04\/63b1383d-c769-405c-8e48-fc76247a3e4f-1536x864.jpg 1536w, https:\/\/www.radiopiu.net\/wordpress\/wp-content\/uploads\/2022\/04\/63b1383d-c769-405c-8e48-fc76247a3e4f.jpg 1599w\" sizes=\"auto, (max-width: 162px) 100vw, 162px\" \/><\/a><\/strong><\/p>\n<p><strong>DOBBIACO (BZ)<\/strong> Il Veneto conquista la medaglia d&#8217;oro nella staffetta maschile ai campionati italiani di fondo a Dobbiaco. Sabato, sul tracciato altoatesino, a vincere il titolo sono stati Giacomo Schivo (Gallio), Andrea Zorzi (Fiamme Gialle \u2013 Ski College), Alex Serafini (Fiamme Oro \u2013 Sci club Val Biois) ed Elia Barp (Fiamme Gialle).<\/p>\n<p>&nbsp;<\/p>\n<p>&nbsp;<\/p>\n<hr \/>\n<\/div>\n<p>&nbsp;<\/p>\n<p><span style=\"color: #0000ff;\"><strong>HOCKEY SU GHIACCIO<\/strong><\/span><\/p>\n<div>\n<blockquote>\n<h3>LE GIOVANI CIVETTE A MERANO PER LA SPRING CUP<\/h3>\n<\/blockquote>\n<p><strong>MERANO (BZ)\u00a0<\/strong>Fine settimana di hockey e divertimento per le giovani civette dell&#8217;Alleghe Hockey che hanno partecipato alla Spring Cup di Merano. I piccoli hockeisti si sono cimentati sul ghiaccio della MeranArena dove si sono presentati con due squadre. La Under 9 ha chiuso al quarto posto mentre la Under 11 al terzo.<\/p>\n\n\t\t\t<style type='text\/css'>\n\t\t\t\t#gallery-6 {\n\t\t\t\t\tmargin: auto;\n\t\t\t\t}\n\t\t\t\t#gallery-6 .gallery-item {\n\t\t\t\t\tfloat: left;\n\t\t\t\t\tmargin-top: 10px;\n\t\t\t\t\ttext-align: center;\n\t\t\t\t\twidth: 50%;\n\t\t\t\t}\n\t\t\t\t#gallery-6 img {\n\t\t\t\t\tborder: 2px solid #cfcfcf;\n\t\t\t\t}\n\t\t\t\t#gallery-6 .gallery-caption {\n\t\t\t\t\tmargin-left: 0;\n\t\t\t\t}\n\t\t\t\t\/* see gallery_shortcode() in wp-includes\/media.php *\/\n\t\t\t<\/style>\n\t\t<div id='gallery-6' class='dt-gallery-container gallery galleryid-268405 gallery-columns-2 gallery-size-thumbnail'><dl class='gallery-item'>\n\t\t\t\t<dt class='gallery-icon landscape'>\n\t\t\t\t\t<a class=\"rollover rollover-zoom dt-pswp-item\" title=\"99be42f0-5ae2-4333-8af2-72d756cc83af\" data-dt-img-description=\"\" data-large_image_width=\"2048\" data-large_image_height=\"1536\"href='https:\/\/www.radiopiu.net\/wordpress\/wp-content\/uploads\/2022\/04\/99be42f0-5ae2-4333-8af2-72d756cc83af.jpg'><img loading=\"lazy\" decoding=\"async\" width=\"150\" height=\"150\" src=\"https:\/\/www.radiopiu.net\/wordpress\/wp-content\/uploads\/2022\/04\/99be42f0-5ae2-4333-8af2-72d756cc83af-150x150.jpg\" class=\"attachment-thumbnail size-thumbnail\" alt=\"\" \/><\/a>\n\t\t\t\t<\/dt><\/dl><dl class='gallery-item'>\n\t\t\t\t<dt class='gallery-icon landscape'>\n\t\t\t\t\t<a class=\"rollover rollover-zoom dt-pswp-item\" title=\"981f088d-94f6-4878-87fc-27ba8aacfa35\" data-dt-img-description=\"\" data-large_image_width=\"1600\" data-large_image_height=\"976\"href='https:\/\/www.radiopiu.net\/wordpress\/wp-content\/uploads\/2022\/04\/981f088d-94f6-4878-87fc-27ba8aacfa35.jpg'><img loading=\"lazy\" decoding=\"async\" width=\"150\" height=\"150\" src=\"https:\/\/www.radiopiu.net\/wordpress\/wp-content\/uploads\/2022\/04\/981f088d-94f6-4878-87fc-27ba8aacfa35-150x150.jpg\" class=\"attachment-thumbnail size-thumbnail\" alt=\"\" \/><\/a>\n\t\t\t\t<\/dt><\/dl><br style=\"clear: both\" \/>\n\t\t\t<\/div>\n\n<p>&nbsp;<\/p>\n<p><strong>IL VIDEO<\/strong><\/p>\n<div style=\"width: 848px;\" class=\"wp-video\"><video class=\"wp-video-shortcode\" id=\"video-268405-1\" width=\"848\" height=\"480\" preload=\"metadata\" controls=\"controls\"><source type=\"video\/mp4\" src=\"https:\/\/www.radiopiu.net\/wordpress\/wp-content\/uploads\/2022\/04\/WhatsApp-Video-2022-04-03-at-17.10.36.mp4?_=1\" \/><a href=\"https:\/\/www.radiopiu.net\/wordpress\/wp-content\/uploads\/2022\/04\/WhatsApp-Video-2022-04-03-at-17.10.36.mp4\">https:\/\/www.radiopiu.net\/wordpress\/wp-content\/uploads\/2022\/04\/WhatsApp-Video-2022-04-03-at-17.10.36.mp4<\/a><\/video><\/div>\n<p>&nbsp;<\/p>\n<\/div>\n<\/div>\n<\/div>\n<\/div>\n<\/div>\n<\/div>\n<\/div>\n<\/div>\n<\/div>\n<\/div>\n<\/div>\n<\/div>\n<\/div>\n<\/div>\n<\/div>\n<\/div>\n<\/div>\n<\/div>\n<\/div>\n<\/div>\n<\/div>\n<\/div>\n<\/div>\n<\/div>\n<\/div>\n<\/div>\n<\/div>\n<\/div>\n<\/div>\n<\/div>\n<\/div>\n<\/div>\n<\/div>\n<\/div>\n<\/div>\n<\/div>\n<\/div>\n<\/div>\n<\/div>\n<\/div>\n<\/div>\n<\/div>\n<\/div>\n<\/div>\n<\/div>\n<\/div>\n<\/div>\n<\/div>\n<\/div>\n<\/div>\n<\/div>\n<\/div>\n<\/div>\n<\/div>\n<\/div>\n<\/div>\n<\/div>\n<\/div>\n<\/div>\n<\/div>\n<\/div>\n<\/div>\n<\/div>\n<\/div>\n<\/div>\n<\/div>\n<\/div>\n<\/div>\n<\/div>\n<\/div>\n<\/div>\n<\/div>\n<\/div>\n<\/div>\n<\/div>\n<\/div>\n<\/div>\n<\/div>\n<\/div>\n<\/div>\n<\/div>\n<\/div>\n<\/div>\n<\/div>\n<\/div>\n<\/div>\n<\/div>\n<\/div>\n<\/div>\n<\/div>\n<\/div>\n<\/div>\n<\/div>\n<\/div>\n<\/div>\n<\/div>\n<\/div>\n<\/div>\n<\/div>\n<\/div>\n<\/div>\n<\/div>\n<\/div>\n<\/div>\n<\/div>\n<\/div>\n<\/div>\n<\/div>\n<\/div>\n<\/div>\n<\/div>\n<\/div>\n","protected":false},"excerpt":{"rendered":"<p>INFORMAZIONE il canale su TELEGRAM informazione di prima\u00a0 mano e in tempo reale. iscriviti ed aiutaci a farlo conoscere\u00a0\u00a0 &nbsp; SOSPIROLO VICINO ALLA FAMIGLIA CHE HA PERSO TUTTO NELL\u2019INCENDIO SOSPIROLO DI DAMIANO TORMEN AUDIO &nbsp; &nbsp; &nbsp; &nbsp; ACQUA NON POTABILE IN ALCUNE ZONE DI CENCENIGHE Gestione Servizi Pubblici informa che a CENCENIGHE AGORDINO nelle&hellip;<\/p>\n","protected":false},"author":4,"featured_media":268550,"comment_status":"closed","ping_status":"closed","sticky":false,"template":"","format":"standard","meta":{"_monsterinsights_skip_tracking":false,"_monsterinsights_sitenote_active":false,"_monsterinsights_sitenote_note":"","_monsterinsights_sitenote_category":0,"footnotes":""},"categories":[51,86,49],"tags":[],"class_list":["post-268405","post","type-post","status-publish","format-standard","has-post-thumbnail","hentry","category-evidenza-top","category-gr","category-news-18","category-51","category-86","category-49","description-off"],"img_url":"https:\/\/www.radiopiu.net\/wordpress\/wp-content\/uploads\/2022\/04\/277522363_10209965920220596_5535490947783674006_n.jpg","_links":{"self":[{"href":"https:\/\/www.radiopiu.net\/wordpress\/wp-json\/wp\/v2\/posts\/268405","targetHints":{"allow":["GET"]}}],"collection":[{"href":"https:\/\/www.radiopiu.net\/wordpress\/wp-json\/wp\/v2\/posts"}],"about":[{"href":"https:\/\/www.radiopiu.net\/wordpress\/wp-json\/wp\/v2\/types\/post"}],"author":[{"embeddable":true,"href":"https:\/\/www.radiopiu.net\/wordpress\/wp-json\/wp\/v2\/users\/4"}],"replies":[{"embeddable":true,"href":"https:\/\/www.radiopiu.net\/wordpress\/wp-json\/wp\/v2\/comments?post=268405"}],"version-history":[{"count":0,"href":"https:\/\/www.radiopiu.net\/wordpress\/wp-json\/wp\/v2\/posts\/268405\/revisions"}],"wp:featuredmedia":[{"embeddable":true,"href":"https:\/\/www.radiopiu.net\/wordpress\/wp-json\/wp\/v2\/media\/268550"}],"wp:attachment":[{"href":"https:\/\/www.radiopiu.net\/wordpress\/wp-json\/wp\/v2\/media?parent=268405"}],"wp:term":[{"taxonomy":"category","embeddable":true,"href":"https:\/\/www.radiopiu.net\/wordpress\/wp-json\/wp\/v2\/categories?post=268405"},{"taxonomy":"post_tag","embeddable":true,"href":"https:\/\/www.radiopiu.net\/wordpress\/wp-json\/wp\/v2\/tags?post=268405"}],"curies":[{"name":"wp","href":"https:\/\/api.w.org\/{rel}","templated":true}]}}