{"id":268465,"date":"2022-04-02T06:39:55","date_gmt":"2022-04-02T04:39:55","guid":{"rendered":"https:\/\/www.radiopiu.net\/wordpress\/?p=268465"},"modified":"2022-04-02T06:41:12","modified_gmt":"2022-04-02T04:41:12","slug":"lantica-strada-tra-agordo-e-zoldo","status":"publish","type":"post","link":"https:\/\/www.radiopiu.net\/wordpress\/lantica-strada-tra-agordo-e-zoldo\/","title":{"rendered":"L&#8217;ANTICA STRADA TRA AGORDO E ZOLDO"},"content":{"rendered":"<p><strong>di Tiziano De Col<\/strong><\/p>\n<p>&nbsp;<\/p>\n<blockquote><p><em>In questo inizio di primavera del 2022, si riscopre l\u2019importanza di una agevole viabilit\u00e0 (tutt\u2019ora mancante) di collegamento tra Agordo e Zoldo attraverso il Passo Dur\u00e0n, a causa del grande incendio che ha interessato le pendici sovrastanti la SR 251 della Val di Zoldo, causandone la chiusura.Pertanto ho ritenuto utile riportare su Radio Pi\u00f9, parte di una mia ricerca riguardante gli antichi collegamenti intervallivi tra Agordo e Zoldo.<\/em><\/p><\/blockquote>\n<p>Una ventina d\u2019anni fa mi imbattei in una cartolina in bianco e nero e in seguito in una a falsi colori, viaggiata nel 1916, con didascalia \u201cAgordo \u2013 Monte San Sebastiano visto dai Quattro Tabi\u00e0\u201d. La cosa mi sorprese non poco, considerato il luogo dove si trova la localit\u00e0 \u201cQuattro Tabi\u00e0\u201d, recondito e distante dalle attuali vie di comunicazione stradali. Posto a fondovalle, nella Valle del Torrente Calleda, tra la confluenza tra il Calleda e la Val di Poles (che scende dal Passo Dur\u00e0n) e la Val de Vie, che si origina sulla Moiazza , tra le Masenade e la Moiazzetta e segna il confine storico ed attuale tra i Comuni (un tempo Regole) di La Valle ed Agordo. La localit\u00e0 \u201cQuattro Tabi\u00e0\u201d, si trova su un rialzo con modesta pendenza, a circa 1390 metri di quota , un tempo completamente prativo, dove la Val di Calleda, salendo verso il San Sebastiano, lascia l\u2019angusta valle incassata che sale dalla frazione Nagol di Agordo, per ampliarsi verso i larghi spazi, un tempo pascoli e prati del Dur\u00e0n in destra orografica, e di Calleda, sulla testata della valle fin sotto il \u201cSass di Calleda\u201d, come chiamato dai locali, ossia le cime di San Sebastiano e Tamer. Innanzitutto il toponimo \u201cQuattro Tabi\u00e0\u201d non \u00e8 di origine locale lavallese, in quanto il termine \u201cTabi\u00e0\u201d non si riscontra in paese a La Valle, dove i fienili all\u2019interno del paese sono chiamati \u201cTalv\u00e0\u201d e le baite-fienili di montagna erano e sono chiamate \u201cScofe\u201d, dal tedesco altomedievale \u201cSkupfe\u201d, che significava tettoia-fienile. Il termine \u201cScofa\u201d si riscontra solo a La Valle e ultimamente lo ho riscontrato in Fodom , dove una localit\u00e0 porta ancora il nome di \u201cPian da Scofe\u201d e le persone Fodome che me ne avevano accennato non conoscevano l\u2019origine del termine, non essendoci pi\u00f9 alcuna antica \u201cScofa\u201d in loco. (Delle similitudini linguistiche e dei rapporti antichi tra Fodom e La Valle parleremo in altri articoli). Fino circa all\u2019inizio degli anni \u201960 del secolo scorso in queste ampie distese prative e soleggiate, che dalle pendici dei monti scendevano a fondovalle, tra la fine di luglio ed inizio di agosto di ogni estate, risuonavano le voci dei valligiani che sfalciavano i prati e le grida dei bambini che si ritrovavano l\u00ec a giocare ed aiutare i grandi, per circa 15-20 giorni all\u2019anno. L\u00ec, nei Pra de Val de F\u00f2ra , Val de Inte e ai Quattro Tabi\u00e0, i prati erano di propriet\u00e0 privata da fondovalle fino a circa 1450 mslm mediamente, poi vi era una fascia di \u201cparti segative\u201d (di derivazione Regoliera, estratte a sorte ogni 9 anni tra i censiti del Comune) fino a circa 1600 mslm, per poi lasciare spazio ai pascoli di Malga Dur\u00e0n (che era ed \u00e8 una appendice di Malga Calleda) fino ai ghiaioni della Moiazzetta. Ora, dopo secoli di utilizzo segativo e pascolivo di questa ampia area, l\u2019abbandono dell\u2019attivit\u00e0 umana sul territorio, ha prodotto il crollo delle Scofe e l\u2019avanzare del bosco, il quale si \u00e8 ripreso quanto faticosamente sottrattogli dall\u2019attivit\u00e0 umana nel corso dei secoli, sicuramente documentata dalla met\u00e0 del 1300 in poi. La localit\u00e0 Quattro Tabi\u00e0, oltre che essere un luogo con ampie praterie e molto frequentato dai valligiani di La Valle ed Agordo, era anche un punto importante di transito tra Agordo e Zoldo, posto sulla antica via che collegava le due vallate ed era anche l\u2019ultimo luogo dove potevano trovare riparo valligiani, viaggiatori e scalatori partiti da Agordo, prima di intraprendere la salita finale al Passo o l\u2019arrampicata sui monti circostanti, non essendoci state al tempo strutture di appoggio sul Dur\u00e0n. Proprio il fatto che sia stato denominato \u201cQuattro Tabi\u00e0\u201d denota che il toponimo \u00e8 di provenienza esterna al paese di La Valle, segno proprio di frequentazione intensa non autoctona. Nel paese di La Valle, la localit\u00e0 \u00e8 chiamata \u201cVal de Inte\u201d, sottostante al \u201cPian Peles\u00ecn\u201d ed alla \u201cBusa del Puliner\u201d.Malga Calleda, allora posta nell\u2019alta valle di Calleda, vicino alla confluenza tra l\u2019Acqua del Sass e l\u2019Acqua dei Roiai (o del Livinal), che poi danno vita al Calleda, non si prestava molto alla funzione di ricovero tra Agordo e Zoldo essendo delocalizzata rispetto a questa via, ma veniva utilizzata come appoggio per le escursioni sul Tamer-San Sebastiano dai primi alpinisti che frequentavano queste cime. La Malga era stata distrutta da una \u201cbrentana\u201d nel 1890 ed era stata ricostruita provvisoriamente sui Pian di Calleda, in prossimit\u00e0 dell\u2019attuale partenza dell\u2019 AltaVia n.1. Poi, nel 1927, venne edificata nella posizione attuale.L\u2019attuale tracciato della SP347 del Dur\u00e0n tra La Valle ed il Passo non esisteva fino alla prima guerra mondiale e non fu completato neanche durante la guerra. La strada fu completata a carico del Comune nel 1926 come riportato nel volume :\u201cBelluno\u201d edito il 21 aprile 1934 (dodicesimo dell\u2019era fascista) a cura della regia Prefettura e della Federazione provinciale fascista e stampato in trecento esemplari numerati . Archivio Renato Bona \u2013 pubblicato su Radiopi\u00f9.<\/p>\n<p>\u201c<i>Quindi: completamento della strada La Valle-Passo Duran che era stata iniziata durante la guerra dall\u2019Autorit\u00e0 militare e completata nel 1926 dal Comune con mezzi propri. Ha una lunghezza di 10 chilometri ed una larghezza media di 3 metri, con altimetria che varia dagli 800 ai 1600 metri. Viene precisato che \u201cServe alla popolazione pel trasporto dei prodotti del bosco e dei prati. Ha inoltre un notevole interesse turistico. Infatti, essa costituisce un tronco di quella strada che (parallela all\u2019altra delle Dolomiti), parte da Fiera di Primiero, passa per Cereda, Gosaldo, Frassen\u00e8, Agordo, La Valle, Forno di Zoldo, Cibiana per arrivare nella Valle del Boite a Valle di Cadore\u201d. In questo caso la spesa \u00e8 stata di 77 mila 300 lire.\u201d<\/i><\/p>\n<p>Un altro accenno all\u2019importanza della strada mulattiera tra Agordo e Zoldo \u00e8 documentato nei resoconti dei moti del 1848 contro l\u2019invasore Austro Ungarico:<\/p>\n<p><strong><u>La Resa di Agordo nel 1848<\/u><\/strong><\/p>\n<p>\u201c<i>Pier Fortunato Calvi aveva sciolto i Corpi franchi, ed il Cadore cedeva! Cedeva dopo aver strenuamente contrastato l\u2019invasore della sua terra ! Cedeva alle forze preponderanti, all\u2019onnipotenza dei fati, scorato ma non vinto ! Caduto il Cadore come poteva resistere Agordo ?. era il 9 giugno 1848, giorno di venerd\u00ec. La giornata era splendida, quasi il sole volesse col suo sorriso salutare l\u2019ultimo palpito della morente libert\u00e0. Poco dopo il mezzogiorno vedevasi dalle chine del Duran scendere serpeggiante una colonna dalle bianche divise, dai fucili luccicanti ! Erano gli austriaci che dal Cadore e dallo zoldano muovevano su Agordo. Il Comitato di difesa composto dei signori: Manzoni nob. Luigi, Paganini dott. Stefano, Probati dott. Eugenio, Probati Giusto, Tom\u00e8 Angelo, Ricci Giuseppe, raccoltosi in quei supremi momenti decise di arrendersi al nemico\u201d<\/i><\/p>\n<p><u>L\u2019antico tracciato \u00e8 anche riportato nella relazione alla salita al Monte Ta<\/u>mer &#8211; \u201cTamer d\u2019avanti\u201d &#8211; del 1893 in C.A.I. \u2013 La Sezione Agordina 1868 \u2013 1968 \u2013 pag 175 \u201c<i>La sera del 10\/9 da Agordo: per la Valle del Rova via segnata dal C.A.I. pel Passo Dur\u00e0n: per Nagol ai Quattro Tabi\u00e0 della Pradaron (in due ore) si pernotta. Il mattino partenza per Casera Calleda \u2026\u2026 \u201c<\/i><\/p>\n<p><u>Altra descrizione del tracciato tra Agordo e Dur\u00e0n \u00e8 nelle Guide Lampugnani: <\/u><i>LE DOLOMITI &#8211; CADORE, OLTREPIAVE, AGORDINO, ZOLDANO, COMELICO, CARNIA <\/i><i>Casa Editrice: SOCIETA&#8217; ANONIMA GUIDE LAMPUGNANI \u2013 Anno 1914 pag 89: <\/i><i>La pi\u00f9 comoda comunicazione fra l\u2019Agordino e lo Zoldano <\/i><i>1 \u2013 Seguendo la s. della Rova e passando per i filenili Nagoi (617 m ; 45 min) &#8211; Il Capitello di Fr\u00e8z (1016 m; 1 ore e \u00bd) &#8211; i Quattro Tabi\u00e0 e il Cristo 1550 m) si arriva al Passo (1605 m ; 3 ore)<\/i><\/p>\n<p>Anche dopo la costruzione della nuova attuale strada che collega La Valle al Passo Dur\u00e0n, l\u2019importanza della antica viabilit\u00e0 lungo la Valle del Calleda non venne completamente meno, in quanto restava e resta , da La Valle, l\u2019unica viabilit\u00e0 d\u2019accesso ai prati ed alle baite di Pra de Val , Val de Inte, QuattroTabi\u00e0 e il bosco Comunale di Fr\u00e8s e Garlet e fu cos\u00ec che vennero eseguiti dei lavori di adeguamento nel 1920 e realizzato, nei successivi anni \u201930 il tratto di collegamento tra la nuova strada del Dur\u00e0n e la viabilit\u00e0 di Fr\u00e8s \u2013 Pra de Val \u2013 Quatro Tabi\u00e0, partendo a monte della frazione di Cugnago, in localit\u00e0 Fontane fino al Capitello (Autriol-Altariolo) di Fr\u00e8s , dove si collega all\u2019 odierno sentiero che sale da Nagol di Agordo per poi proseguire verso l\u2019alta valle. Salendo da Agordo, dalla localit\u00e0 Nagoi, prima di arrivare al Capitello di Fr\u00e8s, si incontrano delle baite che stanno ora cadendo in rovina e la localit\u00e0 \u00e8 denominata Pian di Santa Caterina. Fino a qualche anno orsono, sulla \u201cScofa\u201d , appena sotto il colmo del tetto vi era una immagine di Santa Caterina dipinta su legno, posta ad una notevole altezza da terra, circa 6 metri. Ora, la \u201cScofa\u201d con sottostante stalletta, sta andando in rovina e l\u2019immagine della Santa \u00e8 sparita dalla sua posizione. Fortunatamente ero riuscito a documentarla in fotografia circa 20 anni orsono, quando, il Comune di La Valle , nel quale al tempo ero Assessore, realizz\u00f2 la viabilit\u00e0 silvo- pastorale che collega l\u2019attuale silvo-pastorale di Fres con la Val de Cuogol e la Frazione di Fad\u00e8s di La Valle Agordina. Ora, dei Quattro Tabi\u00e0, ne \u00e8 rimasto solo uno. Altre \u201cScofe\u201d presenti al tempo su quel dolce pendio, sono diroccate anch\u2019esse da decenni. Ne restano alcune, appena pi\u00f9 a valle, grazie alla tenacia manutentoria dei loro proprietari. La meritoria opera di manutenzione ambientale eseguita per alcuni anni dai cacciatori della Riserva Alpina di Caccia di La Valle, (ora sospesa in quel luogo) aveva ridato dignit\u00e0 all\u2019antico luogo di transito e aiutato al manenimento di una elevata biodivers\u00ecta altrimenti compressa dall\u2019incedere del bosco. Si confida vivamente che venga ripresa questa annuale attivit\u00e0, per mantenere un tassello della memoria antica sulla presenza dei valligiani in quel luogo e su quanti, nei secoli passati, vi sono transitati (invasori Austro-Ungarici compresi).<\/p>\n<p>Didascalia cartografia allegata:1-Nagoi; 2- Pian di S. Caterina; 3-Bivio per Popolade; 4- Capitello di Fres e Pian di Zeola;5-Pra di Val de F\u00f2ra; 6- Pra di Val de Inte; 7- Quattro Tabi\u00e0; 8- il Cristo di Calleda; 9- Ruderi dell\u2019 antica Cas\u00e8ra di Calleda ante 1890; 10- Sito provvisorio Malga Calleda dal 1890 al 1927; 11 \u2013 Passo Dur\u00e0n<\/p>\n\n\t\t\t<style type='text\/css'>\n\t\t\t\t#gallery-1 {\n\t\t\t\t\tmargin: auto;\n\t\t\t\t}\n\t\t\t\t#gallery-1 .gallery-item {\n\t\t\t\t\tfloat: left;\n\t\t\t\t\tmargin-top: 10px;\n\t\t\t\t\ttext-align: center;\n\t\t\t\t\twidth: 20%;\n\t\t\t\t}\n\t\t\t\t#gallery-1 img {\n\t\t\t\t\tborder: 2px solid #cfcfcf;\n\t\t\t\t}\n\t\t\t\t#gallery-1 .gallery-caption {\n\t\t\t\t\tmargin-left: 0;\n\t\t\t\t}\n\t\t\t\t\/* see gallery_shortcode() in wp-includes\/media.php *\/\n\t\t\t<\/style>\n\t\t<div id='gallery-1' class='dt-gallery-container gallery galleryid-268465 gallery-columns-5 gallery-size-thumbnail'><dl class='gallery-item'>\n\t\t\t\t<dt class='gallery-icon landscape'>\n\t\t\t\t\t<a class=\"rollover rollover-zoom dt-pswp-item\" title=\"4b2a1d9f-86d0-4cf2-9870-d577df305141\" data-dt-img-description=\"\" data-large_image_width=\"856\" data-large_image_height=\"781\"href='https:\/\/www.radiopiu.net\/wordpress\/wp-content\/uploads\/2022\/04\/4b2a1d9f-86d0-4cf2-9870-d577df305141.jpg'><img loading=\"lazy\" decoding=\"async\" width=\"150\" height=\"150\" src=\"https:\/\/www.radiopiu.net\/wordpress\/wp-content\/uploads\/2022\/04\/4b2a1d9f-86d0-4cf2-9870-d577df305141-150x150.jpg\" class=\"attachment-thumbnail size-thumbnail\" alt=\"\" \/><\/a>\n\t\t\t\t<\/dt><\/dl><dl class='gallery-item'>\n\t\t\t\t<dt class='gallery-icon landscape'>\n\t\t\t\t\t<a class=\"rollover rollover-zoom dt-pswp-item\" title=\"Capitello di Fr\u00e8s realizzato al posto dell&#039;antico Altariolo_Autriol\" data-dt-img-description=\"\" data-large_image_width=\"1600\" data-large_image_height=\"1200\"href='https:\/\/www.radiopiu.net\/wordpress\/wp-content\/uploads\/2022\/04\/Capitello-di-Fres-realizzato-al-posto-dellantico-Altariolo_Autriol.jpg'><img loading=\"lazy\" decoding=\"async\" width=\"150\" height=\"150\" src=\"https:\/\/www.radiopiu.net\/wordpress\/wp-content\/uploads\/2022\/04\/Capitello-di-Fres-realizzato-al-posto-dellantico-Altariolo_Autriol-150x150.jpg\" class=\"attachment-thumbnail size-thumbnail\" alt=\"\" aria-describedby=\"gallery-1-268452\" \/><\/a>\n\t\t\t\t<\/dt>\n\t\t\t\t\t<dd class='wp-caption-text gallery-caption' id='gallery-1-268452'>\n\t\t\t\t\tCapitello di Fr\u00e8s realizzato al posto dell&#8217;antico Altariolo_Autriol\n\t\t\t\t\t<\/dd><\/dl><dl class='gallery-item'>\n\t\t\t\t<dt class='gallery-icon portrait'>\n\t\t\t\t\t<a class=\"rollover rollover-zoom dt-pswp-item\" title=\"Capitello di Fr\u00e8s realizzato al posto dell&#039;antico Altariolo_Autriol (2)\" data-dt-img-description=\"\" data-large_image_width=\"1200\" data-large_image_height=\"1600\"href='https:\/\/www.radiopiu.net\/wordpress\/wp-content\/uploads\/2022\/04\/Capitello-di-Fres-realizzato-al-posto-dellantico-Altariolo_Autriol-2.jpg'><img loading=\"lazy\" decoding=\"async\" width=\"150\" height=\"150\" src=\"https:\/\/www.radiopiu.net\/wordpress\/wp-content\/uploads\/2022\/04\/Capitello-di-Fres-realizzato-al-posto-dellantico-Altariolo_Autriol-2-150x150.jpg\" class=\"attachment-thumbnail size-thumbnail\" alt=\"\" aria-describedby=\"gallery-1-268453\" \/><\/a>\n\t\t\t\t<\/dt>\n\t\t\t\t\t<dd class='wp-caption-text gallery-caption' id='gallery-1-268453'>\n\t\t\t\t\tCapitello di Fr\u00e8s realizzato al posto dell&#8217;antico Altariolo_Autriol (2)\n\t\t\t\t\t<\/dd><\/dl><dl class='gallery-item'>\n\t\t\t\t<dt class='gallery-icon landscape'>\n\t\t\t\t\t<a class=\"rollover rollover-zoom dt-pswp-item\" title=\"Passo Duran_Quattro Tabi\u00e0_1916_Archivio Tiziano De Col\" data-dt-img-description=\"\" data-large_image_width=\"1011\" data-large_image_height=\"800\"href='https:\/\/www.radiopiu.net\/wordpress\/wp-content\/uploads\/2022\/04\/Passo-Duran_Quattro-Tabia_1916_Archivio-Tiziano-De-Col.jpg'><img loading=\"lazy\" decoding=\"async\" width=\"150\" height=\"150\" src=\"https:\/\/www.radiopiu.net\/wordpress\/wp-content\/uploads\/2022\/04\/Passo-Duran_Quattro-Tabia_1916_Archivio-Tiziano-De-Col-150x150.jpg\" class=\"attachment-thumbnail size-thumbnail\" alt=\"\" aria-describedby=\"gallery-1-268454\" \/><\/a>\n\t\t\t\t<\/dt>\n\t\t\t\t\t<dd class='wp-caption-text gallery-caption' id='gallery-1-268454'>\n\t\t\t\t\tPasso Duran_Quattro Tabi\u00e0_1916_Archivio Tiziano De Col\n\t\t\t\t\t<\/dd><\/dl><dl class='gallery-item'>\n\t\t\t\t<dt class='gallery-icon landscape'>\n\t\t\t\t\t<a class=\"rollover rollover-zoom dt-pswp-item\" title=\"Data su Capitello di Fr\u00e8s realizzato al posto dell&#039;antico Altariolo_Autriol\" data-dt-img-description=\"\" data-large_image_width=\"1600\" data-large_image_height=\"1200\"href='https:\/\/www.radiopiu.net\/wordpress\/wp-content\/uploads\/2022\/04\/Data-su-Capitello-di-Fres-realizzato-al-posto-dellantico-Altariolo_Autriol.jpg'><img loading=\"lazy\" decoding=\"async\" width=\"150\" height=\"150\" src=\"https:\/\/www.radiopiu.net\/wordpress\/wp-content\/uploads\/2022\/04\/Data-su-Capitello-di-Fres-realizzato-al-posto-dellantico-Altariolo_Autriol-150x150.jpg\" class=\"attachment-thumbnail size-thumbnail\" alt=\"\" aria-describedby=\"gallery-1-268455\" \/><\/a>\n\t\t\t\t<\/dt>\n\t\t\t\t\t<dd class='wp-caption-text gallery-caption' id='gallery-1-268455'>\n\t\t\t\t\tData su Capitello di Fr\u00e8s realizzato al posto dell&#8217;antico Altariolo_Autriol\n\t\t\t\t\t<\/dd><\/dl><br style=\"clear: both\" \/><dl class='gallery-item'>\n\t\t\t\t<dt class='gallery-icon landscape'>\n\t\t\t\t\t<a class=\"rollover rollover-zoom dt-pswp-item\" title=\"Data su roccia in Localit\u00e0 Fr\u00e8s\" data-dt-img-description=\"\" data-large_image_width=\"1600\" data-large_image_height=\"1200\"href='https:\/\/www.radiopiu.net\/wordpress\/wp-content\/uploads\/2022\/04\/Data-su-roccia-in-Localita-Fres.jpg'><img loading=\"lazy\" decoding=\"async\" width=\"150\" height=\"150\" src=\"https:\/\/www.radiopiu.net\/wordpress\/wp-content\/uploads\/2022\/04\/Data-su-roccia-in-Localita-Fres-150x150.jpg\" class=\"attachment-thumbnail size-thumbnail\" alt=\"\" aria-describedby=\"gallery-1-268456\" \/><\/a>\n\t\t\t\t<\/dt>\n\t\t\t\t\t<dd class='wp-caption-text gallery-caption' id='gallery-1-268456'>\n\t\t\t\t\tData su roccia in Localit\u00e0 Fr\u00e8s\n\t\t\t\t\t<\/dd><\/dl><dl class='gallery-item'>\n\t\t\t\t<dt class='gallery-icon portrait'>\n\t\t\t\t\t<a class=\"rollover rollover-zoom dt-pswp-item\" title=\"Data su roccia in Localit\u00e0 Fr\u00e8s_1\" data-dt-img-description=\"\" data-large_image_width=\"1200\" data-large_image_height=\"1600\"href='https:\/\/www.radiopiu.net\/wordpress\/wp-content\/uploads\/2022\/04\/Data-su-roccia-in-Localita-Fres_1.jpg'><img loading=\"lazy\" decoding=\"async\" width=\"150\" height=\"150\" src=\"https:\/\/www.radiopiu.net\/wordpress\/wp-content\/uploads\/2022\/04\/Data-su-roccia-in-Localita-Fres_1-150x150.jpg\" class=\"attachment-thumbnail size-thumbnail\" alt=\"\" aria-describedby=\"gallery-1-268457\" \/><\/a>\n\t\t\t\t<\/dt>\n\t\t\t\t\t<dd class='wp-caption-text gallery-caption' id='gallery-1-268457'>\n\t\t\t\t\tData su roccia in Localit\u00e0 Fr\u00e8s_1\n\t\t\t\t\t<\/dd><\/dl><dl class='gallery-item'>\n\t\t\t\t<dt class='gallery-icon landscape'>\n\t\t\t\t\t<a class=\"rollover rollover-zoom dt-pswp-item\" title=\"Antico segnavia posto su una Scofa in localit\u00e0 Garlet\" data-dt-img-description=\"\" data-large_image_width=\"1600\" data-large_image_height=\"1200\"href='https:\/\/www.radiopiu.net\/wordpress\/wp-content\/uploads\/2022\/04\/Antico-segnavia-posto-su-una-Scofa-in-localita-Garlet.jpg'><img loading=\"lazy\" decoding=\"async\" width=\"150\" height=\"150\" src=\"https:\/\/www.radiopiu.net\/wordpress\/wp-content\/uploads\/2022\/04\/Antico-segnavia-posto-su-una-Scofa-in-localita-Garlet-150x150.jpg\" class=\"attachment-thumbnail size-thumbnail\" alt=\"\" aria-describedby=\"gallery-1-268458\" \/><\/a>\n\t\t\t\t<\/dt>\n\t\t\t\t\t<dd class='wp-caption-text gallery-caption' id='gallery-1-268458'>\n\t\t\t\t\tAntico segnavia posto su una Scofa in localit\u00e0 Garlet\n\t\t\t\t\t<\/dd><\/dl><dl class='gallery-item'>\n\t\t\t\t<dt class='gallery-icon landscape'>\n\t\t\t\t\t<a class=\"rollover rollover-zoom dt-pswp-item\" title=\"Quattro Tabi\u00e0_foto Corrado Da Roit_Cas\u00e8re e Pascoli vittime del lavoro ed altre storie della montagna lavallese_2006\" data-dt-img-description=\"\" data-large_image_width=\"1292\" data-large_image_height=\"1158\"href='https:\/\/www.radiopiu.net\/wordpress\/wp-content\/uploads\/2022\/04\/Quattro-Tabia_foto-Corrado-Da-Roit_Casere-e-Pascoli-vittime-del-lavoro-ed-altre-storie-della-montagna-lavallese_2006.jpg'><img loading=\"lazy\" decoding=\"async\" width=\"150\" height=\"150\" src=\"https:\/\/www.radiopiu.net\/wordpress\/wp-content\/uploads\/2022\/04\/Quattro-Tabia_foto-Corrado-Da-Roit_Casere-e-Pascoli-vittime-del-lavoro-ed-altre-storie-della-montagna-lavallese_2006-150x150.jpg\" class=\"attachment-thumbnail size-thumbnail\" alt=\"\" aria-describedby=\"gallery-1-268459\" \/><\/a>\n\t\t\t\t<\/dt>\n\t\t\t\t\t<dd class='wp-caption-text gallery-caption' id='gallery-1-268459'>\n\t\t\t\t\tQuattro Tabi\u00e0_foto Corrado Da Roit_Cas\u00e8re e Pascoli vittime del lavoro ed altre storie della montagna lavallese_2006\n\t\t\t\t\t<\/dd><\/dl><dl class='gallery-item'>\n\t\t\t\t<dt class='gallery-icon portrait'>\n\t\t\t\t\t<a class=\"rollover rollover-zoom dt-pswp-item\" title=\"Quattro Tabi\u00e0_foto Corrado Da Roit_unico rimasto\" data-dt-img-description=\"\" data-large_image_width=\"1048\" data-large_image_height=\"1082\"href='https:\/\/www.radiopiu.net\/wordpress\/wp-content\/uploads\/2022\/04\/Quattro-Tabia_foto-Corrado-Da-Roit_unico-rimasto.jpg'><img loading=\"lazy\" decoding=\"async\" width=\"150\" height=\"150\" src=\"https:\/\/www.radiopiu.net\/wordpress\/wp-content\/uploads\/2022\/04\/Quattro-Tabia_foto-Corrado-Da-Roit_unico-rimasto-150x150.jpg\" class=\"attachment-thumbnail size-thumbnail\" alt=\"\" aria-describedby=\"gallery-1-268460\" \/><\/a>\n\t\t\t\t<\/dt>\n\t\t\t\t\t<dd class='wp-caption-text gallery-caption' id='gallery-1-268460'>\n\t\t\t\t\tQuattro Tabi\u00e0_foto Corrado Da Roit_unico rimasto\n\t\t\t\t\t<\/dd><\/dl><br style=\"clear: both\" \/><dl class='gallery-item'>\n\t\t\t\t<dt class='gallery-icon landscape'>\n\t\t\t\t\t<a class=\"rollover rollover-zoom dt-pswp-item\" title=\"Quattro Tabi\u00e0_Ultimo rimasto_secondo a salire dei quattro originali_17 ottobre 2011_Tiziano De Col\" data-dt-img-description=\"\" data-large_image_width=\"1600\" data-large_image_height=\"1200\"href='https:\/\/www.radiopiu.net\/wordpress\/wp-content\/uploads\/2022\/04\/Quattro-Tabia_Ultimo-rimasto_secondo-a-salire-dei-quattro-originali_17-ottobre-2011_Tiziano-De-Col.jpg'><img loading=\"lazy\" decoding=\"async\" width=\"150\" height=\"150\" src=\"https:\/\/www.radiopiu.net\/wordpress\/wp-content\/uploads\/2022\/04\/Quattro-Tabia_Ultimo-rimasto_secondo-a-salire-dei-quattro-originali_17-ottobre-2011_Tiziano-De-Col-150x150.jpg\" class=\"attachment-thumbnail size-thumbnail\" alt=\"\" aria-describedby=\"gallery-1-268461\" \/><\/a>\n\t\t\t\t<\/dt>\n\t\t\t\t\t<dd class='wp-caption-text gallery-caption' id='gallery-1-268461'>\n\t\t\t\t\tQuattro Tabi\u00e0_Ultimo rimasto_secondo a salire dei quattro originali_17 ottobre 2011_Tiziano De Col\n\t\t\t\t\t<\/dd><\/dl><dl class='gallery-item'>\n\t\t\t\t<dt class='gallery-icon landscape'>\n\t\t\t\t\t<a class=\"rollover rollover-zoom dt-pswp-item\" title=\"Pian di Santa Caterina_ Immagine di Santa Caterina_2006_Archivio Tiziano De Col\" data-dt-img-description=\"\" data-large_image_width=\"1024\" data-large_image_height=\"768\"href='https:\/\/www.radiopiu.net\/wordpress\/wp-content\/uploads\/2022\/04\/Pian-di-Santa-Caterina_-Immagine-di-Santa-Caterina_2006_Archivio-Tiziano-De-Col.jpg'><img loading=\"lazy\" decoding=\"async\" width=\"150\" height=\"150\" src=\"https:\/\/www.radiopiu.net\/wordpress\/wp-content\/uploads\/2022\/04\/Pian-di-Santa-Caterina_-Immagine-di-Santa-Caterina_2006_Archivio-Tiziano-De-Col-150x150.jpg\" class=\"attachment-thumbnail size-thumbnail\" alt=\"\" aria-describedby=\"gallery-1-268462\" \/><\/a>\n\t\t\t\t<\/dt>\n\t\t\t\t\t<dd class='wp-caption-text gallery-caption' id='gallery-1-268462'>\n\t\t\t\t\tPian di Santa Caterina_ Immagine di Santa Caterina_2006_Archivio Tiziano De Col\n\t\t\t\t\t<\/dd><\/dl><dl class='gallery-item'>\n\t\t\t\t<dt class='gallery-icon landscape'>\n\t\t\t\t\t<a class=\"rollover rollover-zoom dt-pswp-item\" title=\"Pian di Santa Caterina_Immagine del Bait_2006_con le caratteristiche aperture per i fucili per controllare la strada_Archivio Tiziano De Col\" data-dt-img-description=\"\" data-large_image_width=\"1600\" data-large_image_height=\"1200\"href='https:\/\/www.radiopiu.net\/wordpress\/wp-content\/uploads\/2022\/04\/Pian-di-Santa-Caterina_Immagine-del-Bait_2006_con-le-caratteristiche-aperture-per-i-fucili-per-controllare-la-strada_Archivio-Tiziano-De-Col.jpg'><img loading=\"lazy\" decoding=\"async\" width=\"150\" height=\"150\" src=\"https:\/\/www.radiopiu.net\/wordpress\/wp-content\/uploads\/2022\/04\/Pian-di-Santa-Caterina_Immagine-del-Bait_2006_con-le-caratteristiche-aperture-per-i-fucili-per-controllare-la-strada_Archivio-Tiziano-De-Col-150x150.jpg\" class=\"attachment-thumbnail size-thumbnail\" alt=\"\" aria-describedby=\"gallery-1-268463\" \/><\/a>\n\t\t\t\t<\/dt>\n\t\t\t\t\t<dd class='wp-caption-text gallery-caption' id='gallery-1-268463'>\n\t\t\t\t\tPian di Santa Caterina_Immagine del Bait_2006_con le caratteristiche aperture per i fucili per controllare la strada_Archivio Tiziano De Col\n\t\t\t\t\t<\/dd><\/dl><dl class='gallery-item'>\n\t\t\t\t<dt class='gallery-icon landscape'>\n\t\t\t\t\t<a class=\"rollover rollover-zoom dt-pswp-item\" title=\"Pian di Santa Caterina_Immagine del Bait_2006_con le caratteristiche aperture per i fucili per controllare la strada_Archivio Tiziano De Col (2)\" data-dt-img-description=\"\" data-large_image_width=\"1120\" data-large_image_height=\"840\"href='https:\/\/www.radiopiu.net\/wordpress\/wp-content\/uploads\/2022\/04\/Pian-di-Santa-Caterina_Immagine-del-Bait_2006_con-le-caratteristiche-aperture-per-i-fucili-per-controllare-la-strada_Archivio-Tiziano-De-Col-2.jpg'><img loading=\"lazy\" decoding=\"async\" width=\"150\" height=\"150\" src=\"https:\/\/www.radiopiu.net\/wordpress\/wp-content\/uploads\/2022\/04\/Pian-di-Santa-Caterina_Immagine-del-Bait_2006_con-le-caratteristiche-aperture-per-i-fucili-per-controllare-la-strada_Archivio-Tiziano-De-Col-2-150x150.jpg\" class=\"attachment-thumbnail size-thumbnail\" alt=\"\" aria-describedby=\"gallery-1-268464\" \/><\/a>\n\t\t\t\t<\/dt>\n\t\t\t\t\t<dd class='wp-caption-text gallery-caption' id='gallery-1-268464'>\n\t\t\t\t\tPian di Santa Caterina_Immagine del Bait_2006_con le caratteristiche aperture per i fucili per controllare la strada_Archivio Tiziano De Col (2)\n\t\t\t\t\t<\/dd><\/dl>\n\t\t\t\t<br style='clear: both' \/>\n\t\t\t<\/div>\n\n<p>&nbsp;<\/p>\n","protected":false},"excerpt":{"rendered":"<p>di Tiziano De Col &nbsp; In questo inizio di primavera del 2022, si riscopre l\u2019importanza di una agevole viabilit\u00e0 (tutt\u2019ora mancante) di collegamento tra Agordo e Zoldo attraverso il Passo Dur\u00e0n, a causa del grande incendio che ha interessato le pendici sovrastanti la SR 251 della Val di Zoldo, causandone la chiusura.Pertanto ho ritenuto utile&hellip;<\/p>\n","protected":false},"author":4,"featured_media":268466,"comment_status":"closed","ping_status":"closed","sticky":false,"template":"","format":"standard","meta":{"_monsterinsights_skip_tracking":false,"_monsterinsights_sitenote_active":false,"_monsterinsights_sitenote_note":"","_monsterinsights_sitenote_category":0,"footnotes":""},"categories":[104,49],"tags":[],"class_list":["post-268465","post","type-post","status-publish","format-standard","has-post-thumbnail","hentry","category-evidenza_3","category-news-18","category-104","category-49","description-off"],"img_url":"https:\/\/www.radiopiu.net\/wordpress\/wp-content\/uploads\/2022\/04\/4b2a1d9f-86d0-4cf2-9870-d577df305141.jpg","_links":{"self":[{"href":"https:\/\/www.radiopiu.net\/wordpress\/wp-json\/wp\/v2\/posts\/268465","targetHints":{"allow":["GET"]}}],"collection":[{"href":"https:\/\/www.radiopiu.net\/wordpress\/wp-json\/wp\/v2\/posts"}],"about":[{"href":"https:\/\/www.radiopiu.net\/wordpress\/wp-json\/wp\/v2\/types\/post"}],"author":[{"embeddable":true,"href":"https:\/\/www.radiopiu.net\/wordpress\/wp-json\/wp\/v2\/users\/4"}],"replies":[{"embeddable":true,"href":"https:\/\/www.radiopiu.net\/wordpress\/wp-json\/wp\/v2\/comments?post=268465"}],"version-history":[{"count":0,"href":"https:\/\/www.radiopiu.net\/wordpress\/wp-json\/wp\/v2\/posts\/268465\/revisions"}],"wp:featuredmedia":[{"embeddable":true,"href":"https:\/\/www.radiopiu.net\/wordpress\/wp-json\/wp\/v2\/media\/268466"}],"wp:attachment":[{"href":"https:\/\/www.radiopiu.net\/wordpress\/wp-json\/wp\/v2\/media?parent=268465"}],"wp:term":[{"taxonomy":"category","embeddable":true,"href":"https:\/\/www.radiopiu.net\/wordpress\/wp-json\/wp\/v2\/categories?post=268465"},{"taxonomy":"post_tag","embeddable":true,"href":"https:\/\/www.radiopiu.net\/wordpress\/wp-json\/wp\/v2\/tags?post=268465"}],"curies":[{"name":"wp","href":"https:\/\/api.w.org\/{rel}","templated":true}]}}