{"id":268527,"date":"2022-04-03T09:00:55","date_gmt":"2022-04-03T07:00:55","guid":{"rendered":"https:\/\/www.radiopiu.net\/wordpress\/?p=268527"},"modified":"2022-04-04T05:43:57","modified_gmt":"2022-04-04T03:43:57","slug":"collage-operazione-nostalgia-tra-le-cantanti-italiane-e-i-successi-internazionali","status":"publish","type":"post","link":"https:\/\/www.radiopiu.net\/wordpress\/collage-operazione-nostalgia-tra-le-cantanti-italiane-e-i-successi-internazionali\/","title":{"rendered":"COLLAGE OPERAZIONE NOSTALGIA TRA LE CANTANTI ITALIANE E I SUCCESSI INTERNAZIONALI."},"content":{"rendered":"<p><strong><a class=\"dt-pswp-item\" href=\"https:\/\/www.radiopiu.net\/wordpress\/wp-content\/uploads\/2022\/04\/minuetto-Mia-Martini.jpg\" data-dt-img-description=\"\" data-large_image_width=\"222\" data-large_image_height=\"222\"><img loading=\"lazy\" decoding=\"async\" class=\" wp-image-268528 alignleft\" src=\"https:\/\/www.radiopiu.net\/wordpress\/wp-content\/uploads\/2022\/04\/minuetto-Mia-Martini-150x150.jpg\" alt=\"\" width=\"185\" height=\"185\" srcset=\"https:\/\/www.radiopiu.net\/wordpress\/wp-content\/uploads\/2022\/04\/minuetto-Mia-Martini-150x150.jpg 150w, https:\/\/www.radiopiu.net\/wordpress\/wp-content\/uploads\/2022\/04\/minuetto-Mia-Martini.jpg 222w\" sizes=\"auto, (max-width: 185px) 100vw, 185px\" \/><\/a> <\/strong><\/p>\n<p><strong>\u00a0<\/strong><\/p>\n<p><strong>di Loris Scussel<\/strong><\/p>\n<p>Saranno le voci femminili italiane ad aprire la programmazione di Collage operazione nostalgia in una settimana caratterizzata dai successi internazionali in mezzo ai quali mercoled\u00ec troveranno spazio alcuni brani a tema con la parola \u201cgiorno\u201d nel titolo. Collage andr\u00e0 in onda come sempre dal luned\u00ec al venerd\u00ec alle 16,00 e alle 23,00.<\/p>\n<p>&nbsp;<\/p>\n<p>&nbsp;<\/p>\n<p>&nbsp;<\/p>\n<p>******<\/p>\n<p>&nbsp;<\/p>\n","protected":false},"excerpt":{"rendered":"<p>\u00a0 di Loris Scussel Saranno le voci femminili italiane ad aprire la programmazione di Collage operazione nostalgia in una settimana caratterizzata dai successi internazionali in mezzo ai quali mercoled\u00ec troveranno spazio alcuni brani a tema con la parola \u201cgiorno\u201d nel titolo. Collage andr\u00e0 in onda come sempre dal luned\u00ec al venerd\u00ec alle 16,00 e alle&hellip;<\/p>\n","protected":false},"author":4,"featured_media":268528,"comment_status":"closed","ping_status":"closed","sticky":false,"template":"","format":"standard","meta":{"_monsterinsights_skip_tracking":false,"_monsterinsights_sitenote_active":false,"_monsterinsights_sitenote_note":"","_monsterinsights_sitenote_category":0,"footnotes":""},"categories":[104,49],"tags":[],"class_list":["post-268527","post","type-post","status-publish","format-standard","has-post-thumbnail","hentry","category-evidenza_3","category-news-18","category-104","category-49","description-off"],"img_url":"https:\/\/www.radiopiu.net\/wordpress\/wp-content\/uploads\/2022\/04\/minuetto-Mia-Martini.jpg","_links":{"self":[{"href":"https:\/\/www.radiopiu.net\/wordpress\/wp-json\/wp\/v2\/posts\/268527","targetHints":{"allow":["GET"]}}],"collection":[{"href":"https:\/\/www.radiopiu.net\/wordpress\/wp-json\/wp\/v2\/posts"}],"about":[{"href":"https:\/\/www.radiopiu.net\/wordpress\/wp-json\/wp\/v2\/types\/post"}],"author":[{"embeddable":true,"href":"https:\/\/www.radiopiu.net\/wordpress\/wp-json\/wp\/v2\/users\/4"}],"replies":[{"embeddable":true,"href":"https:\/\/www.radiopiu.net\/wordpress\/wp-json\/wp\/v2\/comments?post=268527"}],"version-history":[{"count":0,"href":"https:\/\/www.radiopiu.net\/wordpress\/wp-json\/wp\/v2\/posts\/268527\/revisions"}],"wp:featuredmedia":[{"embeddable":true,"href":"https:\/\/www.radiopiu.net\/wordpress\/wp-json\/wp\/v2\/media\/268528"}],"wp:attachment":[{"href":"https:\/\/www.radiopiu.net\/wordpress\/wp-json\/wp\/v2\/media?parent=268527"}],"wp:term":[{"taxonomy":"category","embeddable":true,"href":"https:\/\/www.radiopiu.net\/wordpress\/wp-json\/wp\/v2\/categories?post=268527"},{"taxonomy":"post_tag","embeddable":true,"href":"https:\/\/www.radiopiu.net\/wordpress\/wp-json\/wp\/v2\/tags?post=268527"}],"curies":[{"name":"wp","href":"https:\/\/api.w.org\/{rel}","templated":true}]}}