{"id":268544,"date":"2022-04-04T05:35:42","date_gmt":"2022-04-04T03:35:42","guid":{"rendered":"https:\/\/www.radiopiu.net\/wordpress\/?p=268544"},"modified":"2022-04-04T08:37:09","modified_gmt":"2022-04-04T06:37:09","slug":"a-tiser-il-capitello-in-attesa-di-restauro-da-ormai-3-anni","status":"publish","type":"post","link":"https:\/\/www.radiopiu.net\/wordpress\/a-tiser-il-capitello-in-attesa-di-restauro-da-ormai-3-anni\/","title":{"rendered":"A TISER IL CAPITELLO IN ATTESA DI RESTAURO DA ORMAI 3 ANNI"},"content":{"rendered":"<p><strong><a class=\"dt-pswp-item\" href=\"https:\/\/www.radiopiu.net\/wordpress\/wp-content\/uploads\/2021\/02\/TISERCHIESAVERTOKP6010109.jpg\" data-dt-img-description=\"\" data-large_image_width=\"744\" data-large_image_height=\"992\"><img loading=\"lazy\" decoding=\"async\" class=\"size-thumbnail wp-image-190447 alignleft\" src=\"https:\/\/www.radiopiu.net\/wordpress\/wp-content\/uploads\/2021\/02\/TISERCHIESAVERTOKP6010109-150x150.jpg\" alt=\"\" width=\"150\" height=\"150\" \/><\/a>GOSALDO<\/strong><\/p>\n<p>di Gianni Santomaso<\/p>\n<audio class=\"wp-audio-shortcode\" id=\"audio-268544-1\" preload=\"none\" style=\"width: 100%;\" controls=\"controls\"><source type=\"audio\/mpeg\" src=\"https:\/\/www.radiopiu.net\/wordpress\/wp-content\/uploads\/2022\/04\/GIANNI-CAPITELLO-TISER.mp3?_=1\" \/><a href=\"https:\/\/www.radiopiu.net\/wordpress\/wp-content\/uploads\/2022\/04\/GIANNI-CAPITELLO-TISER.mp3\">https:\/\/www.radiopiu.net\/wordpress\/wp-content\/uploads\/2022\/04\/GIANNI-CAPITELLO-TISER.mp3<\/a><\/audio>\n<p>&nbsp;<\/p>\n<blockquote>\n<h3>DILLO A RADIO PIU&#8217;&#8230;CAPITELLO DANNEGGIATO DA TRE ANNI PERICOLANTE E ABBANDONATO<\/h3>\n<\/blockquote>\n<p><strong>Riceviamo e volentieri pubblichiamo<\/strong><\/p>\n<blockquote><p><strong>GOSALDO <\/strong>Il\u00a0 Capitello di Tiser, sulla strada che porta verso la sede dell\u2019Auser &#8220;Col Bel&#8221;,\u00a0 nel l 2018\u00a0 per una maldestra manovra \u00e8 stato urtato riportando, come si vede nelle foto, dei danni consistenti. Non voglio entrare in merito sulle colpe, distrazioni o mancata segnalazione a chi di competenza,\u00a0 oppure se i lavori di sistemazione si siano arenati. Oltretutto il cartello posto all\u2019interno, ormai fatiscente \u00e8 di per s\u00e9 esplicativo. Mi chiedo, anzi ci chiediamo: ma chi \u00e8 gi\u00e0 a conoscenza o chi passa cosa potr\u00e0 mai pensare se non quella dello stato di abbandono di quelle opere il cui valore oltre che morale \u00e8 anche religioso e ricorda chi in passato ha diligentemente costruito? Anche nelle piccole cose si nota la superficialit\u00e0 \u00a0e lo \u00a0stato di abbandono delle nostre splendide vallate nonch\u00e8 la dimenticanza delle tradizioni.<\/p><\/blockquote>\n<p>Guido<\/p>\n\n\t\t\t<style type='text\/css'>\n\t\t\t\t#gallery-1 {\n\t\t\t\t\tmargin: auto;\n\t\t\t\t}\n\t\t\t\t#gallery-1 .gallery-item {\n\t\t\t\t\tfloat: left;\n\t\t\t\t\tmargin-top: 10px;\n\t\t\t\t\ttext-align: center;\n\t\t\t\t\twidth: 50%;\n\t\t\t\t}\n\t\t\t\t#gallery-1 img {\n\t\t\t\t\tborder: 2px solid #cfcfcf;\n\t\t\t\t}\n\t\t\t\t#gallery-1 .gallery-caption {\n\t\t\t\t\tmargin-left: 0;\n\t\t\t\t}\n\t\t\t\t\/* see gallery_shortcode() in wp-includes\/media.php *\/\n\t\t\t<\/style>\n\t\t<div id='gallery-1' class='dt-gallery-container gallery galleryid-268544 gallery-columns-2 gallery-size-medium'><dl class='gallery-item'>\n\t\t\t\t<dt class='gallery-icon portrait'>\n\t\t\t\t\t<a class=\"rollover rollover-zoom dt-pswp-item\" title=\"Capitello1\" data-dt-img-description=\"\" data-large_image_width=\"1211\" data-large_image_height=\"2560\"href='https:\/\/www.radiopiu.net\/wordpress\/wp-content\/uploads\/2022\/03\/Capitello1-scaled.jpg'><img loading=\"lazy\" decoding=\"async\" width=\"142\" height=\"300\" src=\"https:\/\/www.radiopiu.net\/wordpress\/wp-content\/uploads\/2022\/03\/Capitello1-142x300.jpg\" class=\"attachment-medium size-medium\" alt=\"\" srcset=\"https:\/\/www.radiopiu.net\/wordpress\/wp-content\/uploads\/2022\/03\/Capitello1-142x300.jpg 142w, https:\/\/www.radiopiu.net\/wordpress\/wp-content\/uploads\/2022\/03\/Capitello1-485x1024.jpg 485w, https:\/\/www.radiopiu.net\/wordpress\/wp-content\/uploads\/2022\/03\/Capitello1-768x1623.jpg 768w, https:\/\/www.radiopiu.net\/wordpress\/wp-content\/uploads\/2022\/03\/Capitello1-727x1536.jpg 727w, https:\/\/www.radiopiu.net\/wordpress\/wp-content\/uploads\/2022\/03\/Capitello1-969x2048.jpg 969w, https:\/\/www.radiopiu.net\/wordpress\/wp-content\/uploads\/2022\/03\/Capitello1-scaled.jpg 1211w\" sizes=\"auto, (max-width: 142px) 100vw, 142px\" \/><\/a>\n\t\t\t\t<\/dt><\/dl><dl class='gallery-item'>\n\t\t\t\t<dt class='gallery-icon portrait'>\n\t\t\t\t\t<a class=\"rollover rollover-zoom dt-pswp-item\" title=\"Capitello2\" data-dt-img-description=\"\" data-large_image_width=\"1211\" data-large_image_height=\"2560\"href='https:\/\/www.radiopiu.net\/wordpress\/wp-content\/uploads\/2022\/03\/Capitello2-scaled.jpg'><img loading=\"lazy\" decoding=\"async\" width=\"142\" height=\"300\" src=\"https:\/\/www.radiopiu.net\/wordpress\/wp-content\/uploads\/2022\/03\/Capitello2-142x300.jpg\" class=\"attachment-medium size-medium\" alt=\"\" srcset=\"https:\/\/www.radiopiu.net\/wordpress\/wp-content\/uploads\/2022\/03\/Capitello2-142x300.jpg 142w, https:\/\/www.radiopiu.net\/wordpress\/wp-content\/uploads\/2022\/03\/Capitello2-485x1024.jpg 485w, https:\/\/www.radiopiu.net\/wordpress\/wp-content\/uploads\/2022\/03\/Capitello2-768x1623.jpg 768w, https:\/\/www.radiopiu.net\/wordpress\/wp-content\/uploads\/2022\/03\/Capitello2-727x1536.jpg 727w, https:\/\/www.radiopiu.net\/wordpress\/wp-content\/uploads\/2022\/03\/Capitello2-969x2048.jpg 969w, https:\/\/www.radiopiu.net\/wordpress\/wp-content\/uploads\/2022\/03\/Capitello2-scaled.jpg 1211w\" sizes=\"auto, (max-width: 142px) 100vw, 142px\" \/><\/a>\n\t\t\t\t<\/dt><\/dl><br style=\"clear: both\" \/>\n\t\t\t<\/div>\n\n<p>&nbsp;<\/p>\n<p>****<\/p>\n","protected":false},"excerpt":{"rendered":"<p>GOSALDO di Gianni Santomaso &nbsp; DILLO A RADIO PIU&#8217;&#8230;CAPITELLO DANNEGGIATO DA TRE ANNI PERICOLANTE E ABBANDONATO Riceviamo e volentieri pubblichiamo GOSALDO Il\u00a0 Capitello di Tiser, sulla strada che porta verso la sede dell\u2019Auser &#8220;Col Bel&#8221;,\u00a0 nel l 2018\u00a0 per una maldestra manovra \u00e8 stato urtato riportando, come si vede nelle foto, dei danni consistenti. Non&hellip;<\/p>\n","protected":false},"author":4,"featured_media":190447,"comment_status":"closed","ping_status":"closed","sticky":false,"template":"","format":"standard","meta":{"_monsterinsights_skip_tracking":false,"_monsterinsights_sitenote_active":false,"_monsterinsights_sitenote_note":"","_monsterinsights_sitenote_category":0,"footnotes":""},"categories":[51,49],"tags":[],"class_list":["post-268544","post","type-post","status-publish","format-standard","has-post-thumbnail","hentry","category-evidenza-top","category-news-18","category-51","category-49","description-off"],"img_url":"https:\/\/www.radiopiu.net\/wordpress\/wp-content\/uploads\/2021\/02\/TISERCHIESAVERTOKP6010109.jpg","_links":{"self":[{"href":"https:\/\/www.radiopiu.net\/wordpress\/wp-json\/wp\/v2\/posts\/268544","targetHints":{"allow":["GET"]}}],"collection":[{"href":"https:\/\/www.radiopiu.net\/wordpress\/wp-json\/wp\/v2\/posts"}],"about":[{"href":"https:\/\/www.radiopiu.net\/wordpress\/wp-json\/wp\/v2\/types\/post"}],"author":[{"embeddable":true,"href":"https:\/\/www.radiopiu.net\/wordpress\/wp-json\/wp\/v2\/users\/4"}],"replies":[{"embeddable":true,"href":"https:\/\/www.radiopiu.net\/wordpress\/wp-json\/wp\/v2\/comments?post=268544"}],"version-history":[{"count":0,"href":"https:\/\/www.radiopiu.net\/wordpress\/wp-json\/wp\/v2\/posts\/268544\/revisions"}],"wp:featuredmedia":[{"embeddable":true,"href":"https:\/\/www.radiopiu.net\/wordpress\/wp-json\/wp\/v2\/media\/190447"}],"wp:attachment":[{"href":"https:\/\/www.radiopiu.net\/wordpress\/wp-json\/wp\/v2\/media?parent=268544"}],"wp:term":[{"taxonomy":"category","embeddable":true,"href":"https:\/\/www.radiopiu.net\/wordpress\/wp-json\/wp\/v2\/categories?post=268544"},{"taxonomy":"post_tag","embeddable":true,"href":"https:\/\/www.radiopiu.net\/wordpress\/wp-json\/wp\/v2\/tags?post=268544"}],"curies":[{"name":"wp","href":"https:\/\/api.w.org\/{rel}","templated":true}]}}