{"id":268647,"date":"2022-04-05T05:53:16","date_gmt":"2022-04-05T03:53:16","guid":{"rendered":"https:\/\/www.radiopiu.net\/wordpress\/?p=268647"},"modified":"2022-04-05T09:39:41","modified_gmt":"2022-04-05T07:39:41","slug":"giornale-radiopiu-05-aprile-2022-direttore-mirko-mezzacasa","status":"publish","type":"post","link":"https:\/\/www.radiopiu.net\/wordpress\/giornale-radiopiu-05-aprile-2022-direttore-mirko-mezzacasa\/","title":{"rendered":"GIORNALE RADIOPIU 05 APRILE 2022 DIRETTORE MIRKO MEZZACASA"},"content":{"rendered":"<h3 class=\"kvgmc6g5 cxmmr5t8 oygrvhab hcukyx3x c1et5uql\"><span style=\"color: #0000ff;\"><strong>INFORMAZIONE il canale su TELEGRAM informazione di prima\u00a0 <\/strong><\/span><span style=\"color: #0000ff;\"><strong>mano e in tempo reale. iscriviti ed aiutaci a farlo conoscere\u00a0<\/strong><\/span><\/h3>\n<p>&nbsp;<\/p>\n<hr \/>\n<p>&nbsp;<\/p>\n<blockquote>\n<h3>SOSPIROLO VICINO ALLA FAMIGLIA CHE HA PERSO TUTTO NELL&#8217;INCENDIO<\/h3>\n<\/blockquote>\n<p><strong><a class=\"dt-pswp-item\" href=\"https:\/\/www.radiopiu.net\/wordpress\/wp-content\/uploads\/2022\/03\/9a1da76c-b566-412f-979e-bbe44161dcc6.jpg\" data-dt-img-description=\"\" data-large_image_width=\"720\" data-large_image_height=\"504\"><img loading=\"lazy\" decoding=\"async\" class=\"wp-image-267797 alignleft\" src=\"https:\/\/www.radiopiu.net\/wordpress\/wp-content\/uploads\/2022\/03\/9a1da76c-b566-412f-979e-bbe44161dcc6-300x210.jpg\" alt=\"\" width=\"181\" height=\"127\" srcset=\"https:\/\/www.radiopiu.net\/wordpress\/wp-content\/uploads\/2022\/03\/9a1da76c-b566-412f-979e-bbe44161dcc6-300x210.jpg 300w, https:\/\/www.radiopiu.net\/wordpress\/wp-content\/uploads\/2022\/03\/9a1da76c-b566-412f-979e-bbe44161dcc6.jpg 720w\" sizes=\"auto, (max-width: 181px) 100vw, 181px\" \/><\/a>SOSPIROLO<\/strong><\/p>\n<p><strong>DI DAMIANO TORMEN<\/strong><\/p>\n<p><strong>AUDIO<\/strong><\/p>\n<audio class=\"wp-audio-shortcode\" id=\"audio-268647-1\" preload=\"none\" style=\"width: 100%;\" controls=\"controls\"><source type=\"audio\/mpeg\" src=\"https:\/\/www.radiopiu.net\/wordpress\/wp-content\/uploads\/2022\/04\/DAMIANO.mp3?_=1\" \/><a href=\"https:\/\/www.radiopiu.net\/wordpress\/wp-content\/uploads\/2022\/04\/DAMIANO.mp3\">https:\/\/www.radiopiu.net\/wordpress\/wp-content\/uploads\/2022\/04\/DAMIANO.mp3<\/a><\/audio>\n<p>&nbsp;<\/p>\n<p>&nbsp;<\/p>\n<hr \/>\n<p>&nbsp;<\/p>\n<blockquote>\n<h3>ACQUA NON POTABILE IN ALCUNE ZONE DI CENCENIGHE<\/h3>\n<\/blockquote>\n<p><a class=\"dt-pswp-item\" href=\"https:\/\/www.radiopiu.net\/wordpress\/wp-content\/uploads\/2018\/08\/ACQUA.jpeg\" data-dt-img-description=\"\" data-large_image_width=\"1280\" data-large_image_height=\"768\"><img loading=\"lazy\" decoding=\"async\" class=\"wp-image-57052 alignleft\" src=\"https:\/\/www.radiopiu.net\/wordpress\/wp-content\/uploads\/2018\/08\/ACQUA-300x180.jpeg\" alt=\"\" width=\"140\" height=\"84\" srcset=\"https:\/\/www.radiopiu.net\/wordpress\/wp-content\/uploads\/2018\/08\/ACQUA-300x180.jpeg 300w, https:\/\/www.radiopiu.net\/wordpress\/wp-content\/uploads\/2018\/08\/ACQUA-768x461.jpeg 768w, https:\/\/www.radiopiu.net\/wordpress\/wp-content\/uploads\/2018\/08\/ACQUA-1024x614.jpeg 1024w, https:\/\/www.radiopiu.net\/wordpress\/wp-content\/uploads\/2018\/08\/ACQUA.jpeg 1280w\" sizes=\"auto, (max-width: 140px) 100vw, 140px\" \/><\/a>Gestione Servizi Pubblici informa che a CENCENIGHE AGORDINO nelle LOCALITA&#8217; FAE&#8217;, VARE BASSE E LUXOTTICA, l&#8217;acqua erogata dall&#8217;acquedotto non \u00e8 potabile e pu\u00f2 essere usata per scopi alimentari SOLO PREVIA bollitura. GSP ha, comunque, gi\u00e0 adottato le necessarie misure per la disinfezione dell&#8217;acqua presente nei serbatoi e nella rete idrica con l&#8217;aggiunta di cloro.<\/p>\n<p>&nbsp;<\/p>\n<hr \/>\n<p>&nbsp;<\/p>\n<blockquote>\n<h3>FABIO FOLLI&#8230;UNO DI NOI<\/h3>\n<\/blockquote>\n<p><strong><a class=\"dt-pswp-item\" href=\"https:\/\/www.radiopiu.net\/wordpress\/wp-content\/uploads\/2022\/04\/277246730_3211991682404636_7269101633670153335_n.jpg\" data-dt-img-description=\"\" data-large_image_width=\"839\" data-large_image_height=\"540\"><img loading=\"lazy\" decoding=\"async\" class=\"wp-image-268820 alignleft\" src=\"https:\/\/www.radiopiu.net\/wordpress\/wp-content\/uploads\/2022\/04\/277246730_3211991682404636_7269101633670153335_n-300x193.jpg\" alt=\"\" width=\"222\" height=\"143\" srcset=\"https:\/\/www.radiopiu.net\/wordpress\/wp-content\/uploads\/2022\/04\/277246730_3211991682404636_7269101633670153335_n-300x193.jpg 300w, https:\/\/www.radiopiu.net\/wordpress\/wp-content\/uploads\/2022\/04\/277246730_3211991682404636_7269101633670153335_n-768x494.jpg 768w, https:\/\/www.radiopiu.net\/wordpress\/wp-content\/uploads\/2022\/04\/277246730_3211991682404636_7269101633670153335_n.jpg 839w\" sizes=\"auto, (max-width: 222px) 100vw, 222px\" \/><\/a>AGORDO<\/strong> E&#8217; stata una giornata dura, in continuazione con un periodo duro per Nadia soprattutto e per i cari di Fabio, saliti tra le Dolomiti da Rho. Per molti di noi \u00e8 stata un&#8217;altra giornata amara di questa vita, un miscuglio di dolore, brividi, ricordi e qualche sorriso,\u00a0 perch\u00e9 in questa storia di momenti belli ce ne sono stati, per Fabio e la sua Curva del Milano, per Nadia tra i ragazzi e le ragazze del Nucleo Disagiato, i tifosi dell&#8217;Alleghe che rimarranno nella storia. Ci siamo &#8220;odiati&#8221; sul ghiaccio, o meglio non ci siamo voluti molto bene, quando necessario pur di difendere i nostri colori sono volate parole grosse, ognuno ne ha avute per l&#8217;altro, fa parte del gioco. Poi la vita ti piega ed esce il vero uomo, quello forgiato nello sport, che ha perso tante ore di sonno per raggiungere uno stadio dal centro della Lombardia all&#8217;altra parte d&#8217;Italia. Che innamorato della sua squadra ha conosciuto gente e tradizioni diverse fino ad innamorarsi e rimanere folgorato sulla via del De Toni. Sono gi\u00e0 due le occasioni dove l&#8217;uomo, quello vero, ha dato il meglio di se. Ventuno anni fa con Sabrina, da Milano le carezze al cuore sono arrivate immediate e vi assicuro che avevano fatto molto bene. Quei fiori sulla tomba, quei messaggi del cuore stampati con i colori della Curva del Milano sono impressi nei nostri ricordi. Vent&#8217;anni fa la conferma, quando da Bolzano un manipolo di scatenati non ha esitato a mettere al bando Sabrina con toni offensivi, spade nel cuore per chi resta. E anche qui dalla Curva del Milano si era alzato il vento dei sentimenti. Forse Fabio c&#8217;eri anche tu dietro quello striscione &#8220;Chi non ha rispetto per la morte&#8230;&#8221;, non te l&#8217;ho mai chiesto ma ogni volta che ti ho guardato negli occhi mi veniva in mente quella sera, quella curva, quei sentimenti. Per questo oggi gli occhi hanno faticato a non diventare lucidi, come sicuramente sarebbe successo anche a te. Alleghe-Milano, storie d&#8217;altri tempi. Agordino Curva del Milano una realt\u00e0 fatta di sciarpe che anche oggi si sono incrociate, una realt\u00e0 che non sar\u00e0 mai dimenticata.<br \/>\n<strong>foto Gli Ultras Milano per Fabio, i ragazzi del basket milanese ricordano il Ragiunat durante la trasferta a Sassari<\/strong><\/p>\n<p>mirko<\/p>\n<p>&nbsp;<\/p>\n<hr \/>\n<p>&nbsp;<\/p>\n<blockquote>\n<h3>PEDOPORNOGRAFIA, DODICENNE RICATTATA DA UN SICILIANO<\/h3>\n<\/blockquote>\n<blockquote><p><em><img loading=\"lazy\" decoding=\"async\" class=\"alignleft\" src=\"https:\/\/www.radiopiu.net\/wordpress\/wp-content\/uploads\/2022\/04\/phone-292994_960_720.jpg\" width=\"170\" height=\"113\" \/>I reati:adescamento di minore e tentata estorsione. A smascherare il ragazzo la mamma che si \u00e8 finta la figlia. A Belluno il processo in tribunale<\/em><\/p><\/blockquote>\n<p><strong>FELTRE<\/strong> Una feltrina di 12 anni \u00e8 stata convinta da un 16enne siciliano conosciuto al mare ad inviare fotografie pornografiche, poi anche un video &#8220;erotico&#8221; mai inviato. Ma la ragazzina ha subito forti pressione per farlo con la minaccia di vedere pubblicati gli scatti precedenti. La ragazzina ne ha parlato con i genitori ed \u00e8 scattata la querela, nel frattempo il ragazzo ha compiuto i 18 anni e dovr\u00e0 rispondere tra qualche settimana alla sbarra,\u00a0 mentre la famiglia si costituir\u00e0 parte civile con l&#8217;avvocata Roberta Resenterra<\/p>\n<p>&nbsp;<\/p>\n<hr \/>\n<p>&nbsp;<\/p>\n<blockquote>\n<h3>RAID NOTTURNO A\u00a0 SEDICO. INDAGA LA QUESTURA DI BELLUNO, IN ZONA NON CI SONO TELECAMERE<\/h3>\n<\/blockquote>\n<p><strong><a class=\"dt-pswp-item\" href=\"https:\/\/www.radiopiu.net\/wordpress\/wp-content\/uploads\/2022\/04\/155b8afc-42d1-459f-8b31-830a60b05bd3.jpg\" data-dt-img-description=\"\" data-large_image_width=\"800\" data-large_image_height=\"447\"><img loading=\"lazy\" decoding=\"async\" class=\"wp-image-268541 alignleft\" src=\"https:\/\/www.radiopiu.net\/wordpress\/wp-content\/uploads\/2022\/04\/155b8afc-42d1-459f-8b31-830a60b05bd3-300x168.jpg\" alt=\"\" width=\"175\" height=\"98\" srcset=\"https:\/\/www.radiopiu.net\/wordpress\/wp-content\/uploads\/2022\/04\/155b8afc-42d1-459f-8b31-830a60b05bd3-300x168.jpg 300w, https:\/\/www.radiopiu.net\/wordpress\/wp-content\/uploads\/2022\/04\/155b8afc-42d1-459f-8b31-830a60b05bd3-768x429.jpg 768w, https:\/\/www.radiopiu.net\/wordpress\/wp-content\/uploads\/2022\/04\/155b8afc-42d1-459f-8b31-830a60b05bd3.jpg 800w\" sizes=\"auto, (max-width: 175px) 100vw, 175px\" \/><\/a>SEDICO<\/strong> Dopo la segnalazione\u00a0 del gruppo Telegram &#8220;Sentiamoci al sicuro &#8211; Belluno e provincia&#8221;, ecco i particolari dei raid vandalici al Mas di Sedico del fine settimana, peraltro a distanza di pochi giorni dai furti a Belluno, Sospirolo, Santa Giustina e nel feltrino. I ladri sono entrati in casa mentre i proprietari dormivano e dopo aver forato gli infissi per avere accesso alla maniglia. Bottino misero, forse un centinaio di euro in contate, ma ci\u00f2 che resta \u00e8 la paura, il terrore dopo che i malviventi hanno violato un posto sicuro come il proprio domicilio. La banda ha colpito\u00a0 a Sedico e Sospirolo intorno all&#8217;una di notte per\u00a0 poi scappare lasciando lungo la fuga alcuni oggetti trafugati nell&#8217;abitazione. Indagano uomini e donne delle Volanti e della Squadra mobile della questura. Nella zona non ci sono telecamere di sorveglianza<\/p>\n<p>&nbsp;<\/p>\n<hr \/>\n<p>&nbsp;<\/p>\n<p>&nbsp;<\/p>\n<blockquote>\n<h3>GIOVANE IN FIN DI VITA, SOCCORSO DAL SUEM<\/h3>\n<\/blockquote>\n<p><strong>ALPAGO<\/strong> Un trentenne \u00e8 ricoverato in gravissime condizioni al San Martino di Belluno. E&#8217; stato soccorso a Farra d&#8217;Alpago ieri sera alle 19 dopo l&#8217;allarme dato dai parenti che lo hanno ritrovato esanime tra le mura di casa.Sul posto,\u00a0 anche i vigili del fuoco di Belluno e i carabinieri.<\/p>\n<p>&nbsp;<\/p>\n<p>&nbsp;<\/p>\n<hr \/>\n<p>&nbsp;<\/p>\n<blockquote>\n<h3>ESSILORLUXOTTICA E GRANDVISION COMPLETANO LA VENDITA DEI NEGOZI<\/h3>\n<\/blockquote>\n<p><strong><img loading=\"lazy\" decoding=\"async\" class=\"alignleft\" src=\"https:\/\/www.radiopiu.net\/wordpress\/wp-content\/uploads\/2021\/02\/ESSILORLUXOTTICA.png\" width=\"168\" height=\"95\" \/>AGORDO\u00a0<\/strong> EssilorLuxottica, GrandVision e Optic Retail International Group BENE, gruppo internazionale attivo nel retail ottico e parte di MPG Austria (\u201cORIG\/MPG\u201d), annunciano il completamento dell&#8217;acquisizione da parte di ORIG\/MPG di 142 negozi EyeWish in Olanda e 35 negozi GrandOptical in Belgio. La cessione fa seguito ai rimedi concordati con la Commissione Europea il 23 marzo 2021, nell&#8217;ambito<br \/>\ndell&#8217;acquisizione di GrandVision da parte di EssilorLuxottica. EssilorLuxottica, GrandVision e ORIG\/MPG confermano che la Commissione Europea ha approvato l\u2019operazione<\/p>\n<p>&nbsp;<\/p>\n<hr \/>\n<p>&nbsp;<\/p>\n<blockquote>\n<h3>COMUNI DI RIVAMONTE E LA VALLE CON UNIVERSITA&#8217; E FOLLADOR PER IL RECUPERO DI VALLE IMPERINA<\/h3>\n<\/blockquote>\n<p><strong><a class=\"dt-pswp-item\" href=\"https:\/\/www.radiopiu.net\/wordpress\/wp-content\/uploads\/2022\/02\/valle-imperina.jpg\" data-dt-img-description=\"\" data-large_image_width=\"1164\" data-large_image_height=\"779\"><img loading=\"lazy\" decoding=\"async\" class=\"size-thumbnail wp-image-261097 alignleft\" src=\"https:\/\/www.radiopiu.net\/wordpress\/wp-content\/uploads\/2022\/02\/valle-imperina-150x150.jpg\" alt=\"\" width=\"150\" height=\"150\" \/><\/a>RIVAMONTE<\/strong> C&#8217;\u00e8 veramente da sperare che sia la volta buona, i precedenti non aiutano perche&#8217; nel sito di Valle Imperina sono stati spesi milioni di lire di fondi europei negli anni Novanta, sembrava che da un anno all&#8217;altro dovesse diventare il tocca sana del turismo della Conca Agordina. Fino ad oggi \u00e8 stato un fallimento totale e Vaia non c&#8217;entra, \u00e8 arrivato dopo, dopo che le strutture non sono mai decollate, le gallerie mai aperte e le gestioni dell&#8217;Ostello sono un esempio da non citare alla storia, non ad esempio. Milioni di lire spesi, parolone dei politici di turno ma alla fine strucca-strucca di risultati ne abbiamo visti ben pochi e poche economie in ricaduta sul territorio e chi lo abita. Ora si spenderanno milioni di euro del Pnrr, incrociamo le dita, a pochi mesi dalle elezioni che interesser\u00e0 anche il Comune di Rivamonte e forse il sindaco uscente Nino Deon (che non si \u00e8 ancora ricandidato alla carica di primo cittadino) \u00e8 una notizia interessante, ma che conta saranno i fatti, come racconter\u00e0 la storia citando politici e amministratori di oggi. (mm)<\/p>\n<p><strong>DI GIANNI SANTOMASO\u00a0 Corriere Alpi<\/strong><\/p>\n<audio class=\"wp-audio-shortcode\" id=\"audio-268647-2\" preload=\"none\" style=\"width: 100%;\" controls=\"controls\"><source type=\"audio\/mpeg\" src=\"https:\/\/www.radiopiu.net\/wordpress\/wp-content\/uploads\/2022\/04\/gianni-riva.mp3?_=2\" \/><a href=\"https:\/\/www.radiopiu.net\/wordpress\/wp-content\/uploads\/2022\/04\/gianni-riva.mp3\">https:\/\/www.radiopiu.net\/wordpress\/wp-content\/uploads\/2022\/04\/gianni-riva.mp3<\/a><\/audio>\n<p>&nbsp;<\/p>\n<hr \/>\n<p>&nbsp;<\/p>\n<blockquote>\n<h3>VEICOLI IMMATRICOLATI ALL&#8217;ESTERO, LE NUOVE NORME<\/h3>\n<\/blockquote>\n<div dir=\"auto\"><strong><img loading=\"lazy\" decoding=\"async\" class=\"alignleft\" src=\"https:\/\/www.radiopiu.net\/wordpress\/wp-content\/uploads\/2022\/04\/th-2.jpg\" width=\"190\" height=\"100\" \/>VAL DI ZOLDO<\/strong> Il sindaco Camillo De Pellegrin,\u00a0 da un paese dedito all&#8217;emigrazione ha informato i suoi concittadini, soprattutto coloro che vivono all&#8217;estero delle\u00a0 nuove norme per la circolazione dei veicoli immatricolati all&#8217;estero.<\/div>\n<div dir=\"auto\">\n<p>I veicoli\u00a0 vanno nazionalizzati entro tre mesi dall&#8217;acquisizione della residenza in Italia. In sede di prima applicazione, per chi era gi\u00e0 residente in Italia al 1\u00b0 febbraio, il termine per il cambio targa \u00e8 il 1\u00b0 maggio. \u00a0In alternativa alla re immatricolazione <a class=\"dt-pswp-item\" href=\"https:\/\/www.radiopiu.net\/wordpress\/wp-content\/uploads\/2022\/04\/28056423_1570743069705719_9091845138820201561_n.jpg\" data-dt-img-description=\"\" data-large_image_width=\"960\" data-large_image_height=\"959\"><img loading=\"lazy\" decoding=\"async\" class=\"size-thumbnail wp-image-268878 alignright\" src=\"https:\/\/www.radiopiu.net\/wordpress\/wp-content\/uploads\/2022\/04\/28056423_1570743069705719_9091845138820201561_n-150x150.jpg\" alt=\"\" width=\"150\" height=\"150\" srcset=\"https:\/\/www.radiopiu.net\/wordpress\/wp-content\/uploads\/2022\/04\/28056423_1570743069705719_9091845138820201561_n-150x150.jpg 150w, https:\/\/www.radiopiu.net\/wordpress\/wp-content\/uploads\/2022\/04\/28056423_1570743069705719_9091845138820201561_n-300x300.jpg 300w, https:\/\/www.radiopiu.net\/wordpress\/wp-content\/uploads\/2022\/04\/28056423_1570743069705719_9091845138820201561_n-768x767.jpg 768w, https:\/\/www.radiopiu.net\/wordpress\/wp-content\/uploads\/2022\/04\/28056423_1570743069705719_9091845138820201561_n.jpg 960w\" sizes=\"auto, (max-width: 150px) 100vw, 150px\" \/><\/a>con targa italiana: se anagraficamente residente in Italia ma per lavoro in un paese limitrofo o confinante e il veicolo \u00e8 in propriet\u00e0 immatricolato all&#8217;estero deve essere registrare al REVE del PRA, gestito da ACI, Una volta registrato pu\u00f2 essere condotto in Italia anche da familiari conviventi in Italia. Per chi \u00e8 \u00a0residente anagraficamente in Italia e conduce per pi\u00f9 di 30 giorni anche non consecutivi in un anno un veicolo immatricolato all&#8217;estero di propriet\u00e0 di altri deve avere a bordo del veicolo il documento, con data certa, da cui risulti titolo e la durata della disponibilit\u00e0 del veicolo, inoltre, deve registrarlo al REVE. Una volta registrato pu\u00f2 essere condotto in Italia da chiunque. <em>&#8220;Permangono alcuni dubbi applicativi &#8211; conclude il sindaco zoldano &#8211;\u00a0 in particolare non \u00e8 chiaro se la registrazione al REVE da parte dei proprietari lavoratori all&#8217;estero consenta la guida del veicolo da parte dei soli familiari conviventi o da parte di chiunque; in ogni caso ne andranno chiariti gli eventuali presupposti&#8221;.<\/em><\/p>\n<\/div>\n<p>&nbsp;<\/p>\n<p>&nbsp;<\/p>\n<hr \/>\n<p>&nbsp;<\/p>\n<blockquote>\n<h3>INCONTRO ZAIA_MALAGO&#8217; CON IL VIOLINO DI ZANON<\/h3>\n<\/blockquote>\n<p><em><strong>\u00a0SIGLATO ACCORDO REGIONE VENETO-COMMISSARIO STRAORDINARIO-DIPARTIMENTO DELLO SPORT PER PISTA DA BOB A CORTINA. ZAIA, \u201cOPERA FINANZIATA E CANTIERABILE. COSI\u2019 SI ACCELERA\u201d<\/strong><\/em><\/p>\n<p><strong>VENEZIA<\/strong> E\u2019 stato sottoscritto ieri\u00a0 l\u2019Accordo tra la Regione del Veneto, il Commissario straordinario Luigi Valerio Sant\u2019Andrea e il Dipartimento per lo sport per la realizzazione dell\u2019intervento di riqualificazione dell\u2019impianto di bob \u2018Eugenio Monti\u2019 a Cortina d\u2019Ampezzo, in vista delle Olimpiadi invernali del 2026. Lo ha annunciato il Presidente della Regione Veneto, Luca Zaia, oggi a Venezia, nel corso dell\u2019incontro con gli atleti olimpici e paralimpici del Veneto. <em>\u201cCos\u00ec facendo \u2013 ha detto con soddisfazione Zaia \u2013 abbiamo superato i ritardi determinatisi in relazione alla pandemia. Consegniamo alla struttura commissariale un\u2019opera gi\u00e0 finanziata e cantierabile, cos\u00ec da poter assicurare un iter pi\u00f9 veloce ed efficace, che dar\u00e0 accelerazione ad un\u2019opera strategica per il territorio e di valorizzazione della montagna veneta in occasione dei giochi di Milano Cortina 2026\u201d. \u201cCon questo schema d\u2019accordo acceleriamo la corsa verso Milano Cortina 2026 \u2013 prosegue il Governatore \u2013 frutto della sinergia tra soggetti pubblici. Una collaborazione che in Veneto vede la Provincia di Belluno e il Comune di Cortina al fianco della Regione e che oggi, con questo ulteriore accordo, conferma l\u2019importanza strategica dell\u2019impianto di Cortina. Il bob, assieme alle discipline veloci di slittino e skeleton, rappresentano un\u2019opportunit\u00e0 di promozione per il Veneto e per l\u2019intero territorio nazionale solo se troveranno la loro casa nella \u2018Eugenio Monti\u2019. Primo impianto al mondo dedicato anche alla disciplina paralimpica del bob, che non solo torner\u00e0 a vivere ma sono certo diventer\u00e0 un impianto di riferimento europeo per gli sport invernali e per le Federazioni Nazionali\u201d.<\/em><\/p>\n<blockquote>\n<h3>LUCIA DALMASSO A PALAZZO BALBI, ORGOGLIO AGORDINO<\/h3>\n<\/blockquote>\n<p><strong><img loading=\"lazy\" decoding=\"async\" class=\"aligncenter\" src=\"https:\/\/www.radiopiu.net\/wordpress\/wp-content\/uploads\/2022\/04\/277769272_528179911997076_8352596731435739383_n.jpg\" width=\"324\" height=\"243\" \/> <\/strong><\/p>\n<p><strong>VENEZIA<\/strong> Lucia Dalmasso dopo la performance olimpica di Pechino ha ricevuto oggi a Palazzo Balbi dalle mani del Presidente Luca Zaia e del Presidente del Coni\u00a0 Giovanni Malag\u00f2 il meritato riconoscimento, trampolino di lancio per le Olimpiadi 2026 di Cortina. DI seguito il momento della premiazione e l&#8217;intervento di Lucia.<\/p>\n<p><strong>AUDIO\u00a0<\/strong><\/p>\n<audio class=\"wp-audio-shortcode\" id=\"audio-268647-3\" preload=\"none\" style=\"width: 100%;\" controls=\"controls\"><source type=\"audio\/mpeg\" src=\"https:\/\/www.radiopiu.net\/wordpress\/wp-content\/uploads\/2022\/04\/lucia.mp3?_=3\" \/><a href=\"https:\/\/www.radiopiu.net\/wordpress\/wp-content\/uploads\/2022\/04\/lucia.mp3\">https:\/\/www.radiopiu.net\/wordpress\/wp-content\/uploads\/2022\/04\/lucia.mp3<\/a><\/audio>\n<p>&nbsp;<\/p>\n<p>LA CERIMONIA COMPLETA<\/p>\n<p><a href=\"https:\/\/www.facebook.com\/zaiaufficiale\/videos\/1507182386418899\">https:\/\/www.facebook.com\/zaiaufficiale\/videos\/1507182386418899<\/a><\/p>\n<p>&nbsp;<\/p>\n<p>&nbsp;<\/p>\n<hr \/>\n<p>&nbsp;<\/p>\n<blockquote>\n<h3>IN UNA SETTIMANA OTTO DECESSI PER COVID IN ULSS 1 DOLOMITI. SONO 2128 GLI ATTUALMENTE POSITIVI IN PROVINCIA<\/h3>\n<\/blockquote>\n<p><strong>BELLUNO<\/strong> Aggiornamento settimanale sulla situazione epidemiologica Covid-19 in provincia di Belluno a cura dell&#8217;Ulss 1 Dolomiti. Le persone attualmente positive sono 2128. Nella settimana analizzata si registra un numero di nuovi casi circa uguale rispetto al precedente periodo di osservazione. Nel dettaglio, i nuovi casi rilevati nell\u2019ultima settimana sono 1.145 (+49 rispetto alla scorsa settimana), con un conseguente tasso di incidenza settimanale di 574 casi su 100 mila abitanti, in\u00a0\u00a0 aumento rispetto alla settimana precedente, ma inferiore all&#8217;incidenza nazionale (810 su 100 mila abitanti). Sono stati eseguiti dai team dell\u2019Ulss Dolomiti 9.172 tamponi (di cui 3.205 molecolari e 5.967 antigenici). A questi si aggiungono 5.042 tamponi antigenici eseguiti dalle Farmacie del territorio, 211 tamponi eseguiti dai Pediatri di Libera scelta e 145 tamponi eseguiti dai Medici di Medicina Generale. In media, ogni giorno vengono eseguiti circa 1.046 tamponi ogni 100 mila abitanti. Sono stati somministrati 4 trattamenti con monoclonali dall\u2019Unit\u00e0 Operativa di\u00a0 Malattie Infettive di Belluno, per un totale di 379 dosi complessive. Nella settimana sono stati prescritti 19 trattamenti con farmaco orale per un totale di 97 trattamenti complessivi. Non si registrano ricoveri in terapia intensiva. Negli ospedali belunesi sono ricoverate 48 persone in area non critica (28 non covid) e 19 negli ospedali di comunit\u00e0. Negli ultimi 7 giorni sono decedute 8 persone. Una donna di anni 75 ricoverata presso la Pneumologia di Belluno, una donna di anni 90 ricoverata presso la Pneumologia di Belluno, una donna di anni 85 ricoverata presso la Pneumologia di Feltre, una donna di anni 87 ricoverata presso la Pneumologia di Belluno, <span class=\"Carpredefinitoparagrafo1\">un uomo di anni 78 e una donna di anni 89 ricoverati presso Malattie Infettive di Belluno, una donna di anni 88 ricoverata presso la Pneumologia di Feltre e una donna di anni 89 ricoverata presso la Terapia Intensiva di Feltre.\u00a0<\/span><\/p>\n<p>&nbsp;<\/p>\n\n\t\t\t<style type='text\/css'>\n\t\t\t\t#gallery-1 {\n\t\t\t\t\tmargin: auto;\n\t\t\t\t}\n\t\t\t\t#gallery-1 .gallery-item {\n\t\t\t\t\tfloat: left;\n\t\t\t\t\tmargin-top: 10px;\n\t\t\t\t\ttext-align: center;\n\t\t\t\t\twidth: 25%;\n\t\t\t\t}\n\t\t\t\t#gallery-1 img {\n\t\t\t\t\tborder: 2px solid #cfcfcf;\n\t\t\t\t}\n\t\t\t\t#gallery-1 .gallery-caption {\n\t\t\t\t\tmargin-left: 0;\n\t\t\t\t}\n\t\t\t\t\/* see gallery_shortcode() in wp-includes\/media.php *\/\n\t\t\t<\/style>\n\t\t<div id='gallery-1' class='dt-gallery-container gallery galleryid-268647 gallery-columns-4 gallery-size-thumbnail'><dl class='gallery-item'>\n\t\t\t\t<dt class='gallery-icon landscape'>\n\t\t\t\t\t<a class=\"rollover rollover-zoom dt-pswp-item\" title=\"1\" data-dt-img-description=\"\" data-large_image_width=\"966\" data-large_image_height=\"312\"href='https:\/\/www.radiopiu.net\/wordpress\/wp-content\/uploads\/2022\/04\/1.jpg'><img loading=\"lazy\" decoding=\"async\" width=\"150\" height=\"150\" src=\"https:\/\/www.radiopiu.net\/wordpress\/wp-content\/uploads\/2022\/04\/1-150x150.jpg\" class=\"attachment-thumbnail size-thumbnail\" alt=\"\" aria-describedby=\"gallery-1-268806\" \/><\/a>\n\t\t\t\t<\/dt>\n\t\t\t\t\t<dd class='wp-caption-text gallery-caption' id='gallery-1-268806'>\n\t\t\t\t\tANDAMENTO EPIDEMICO COVID DAI PRIMI DI MARZO 2020 AD OGGI\n\t\t\t\t\t<\/dd><\/dl><dl class='gallery-item'>\n\t\t\t\t<dt class='gallery-icon landscape'>\n\t\t\t\t\t<a class=\"rollover rollover-zoom dt-pswp-item\" title=\"2\" data-dt-img-description=\"\" data-large_image_width=\"966\" data-large_image_height=\"314\"href='https:\/\/www.radiopiu.net\/wordpress\/wp-content\/uploads\/2022\/04\/2.jpg'><img loading=\"lazy\" decoding=\"async\" width=\"150\" height=\"150\" src=\"https:\/\/www.radiopiu.net\/wordpress\/wp-content\/uploads\/2022\/04\/2-150x150.jpg\" class=\"attachment-thumbnail size-thumbnail\" alt=\"\" aria-describedby=\"gallery-1-268807\" \/><\/a>\n\t\t\t\t<\/dt>\n\t\t\t\t\t<dd class='wp-caption-text gallery-caption' id='gallery-1-268807'>\n\t\t\t\t\tANDAMENTO EPIDEMICO COVID DAI PRIMI DI MARZO 2020 AD OGGI\n\t\t\t\t\t<\/dd><\/dl><dl class='gallery-item'>\n\t\t\t\t<dt class='gallery-icon portrait'>\n\t\t\t\t\t<a class=\"rollover rollover-zoom dt-pswp-item\" title=\"3\" data-dt-img-description=\"\" data-large_image_width=\"966\" data-large_image_height=\"998\"href='https:\/\/www.radiopiu.net\/wordpress\/wp-content\/uploads\/2022\/04\/3.jpg'><img loading=\"lazy\" decoding=\"async\" width=\"150\" height=\"150\" src=\"https:\/\/www.radiopiu.net\/wordpress\/wp-content\/uploads\/2022\/04\/3-150x150.jpg\" class=\"attachment-thumbnail size-thumbnail\" alt=\"\" aria-describedby=\"gallery-1-268808\" \/><\/a>\n\t\t\t\t<\/dt>\n\t\t\t\t\t<dd class='wp-caption-text gallery-caption' id='gallery-1-268808'>\n\t\t\t\t\tL\u2019INCIDENZA SETTIMANALE PER SINGOLO COMUNE\n\t\t\t\t\t<\/dd><\/dl><dl class='gallery-item'>\n\t\t\t\t<dt class='gallery-icon landscape'>\n\t\t\t\t\t<a class=\"rollover rollover-zoom dt-pswp-item\" title=\"4\" data-dt-img-description=\"\" data-large_image_width=\"966\" data-large_image_height=\"682\"href='https:\/\/www.radiopiu.net\/wordpress\/wp-content\/uploads\/2022\/04\/4.png'><img loading=\"lazy\" decoding=\"async\" width=\"150\" height=\"150\" src=\"https:\/\/www.radiopiu.net\/wordpress\/wp-content\/uploads\/2022\/04\/4-150x150.png\" class=\"attachment-thumbnail size-thumbnail\" alt=\"\" aria-describedby=\"gallery-1-268809\" \/><\/a>\n\t\t\t\t<\/dt>\n\t\t\t\t\t<dd class='wp-caption-text gallery-caption' id='gallery-1-268809'>\n\t\t\t\t\tNUMERO DI CASI PER FASCE D&#8217;ETA&#8217;\n\t\t\t\t\t<\/dd><\/dl><br style=\"clear: both\" \/>\n\t\t\t<\/div>\n\n<p>&nbsp;<\/p>\n<hr \/>\n<p>&nbsp;<\/p>\n<blockquote class=\"wp-embedded-content\" data-secret=\"tlHglmupLK\"><p><a href=\"https:\/\/www.radiopiu.net\/wordpress\/ag01aprile04\/\">CORONAVIRUS: AGGIORNAMENTO NAZIONALE  04 APRILE 2022<\/a><\/p><\/blockquote>\n<p><iframe loading=\"lazy\" class=\"wp-embedded-content\" sandbox=\"allow-scripts\" security=\"restricted\" style=\"position: absolute; clip: rect(1px, 1px, 1px, 1px);\" title=\"&#8220;CORONAVIRUS: AGGIORNAMENTO NAZIONALE  04 APRILE 2022&#8221; &#8212; Radio Pi\u00f9\" src=\"https:\/\/www.radiopiu.net\/wordpress\/ag01aprile04\/embed\/#?secret=9wHcpqEtq1#?secret=tlHglmupLK\" data-secret=\"tlHglmupLK\" width=\"600\" height=\"338\" frameborder=\"0\" marginwidth=\"0\" marginheight=\"0\" scrolling=\"no\"><\/iframe><\/p>\n<p>&nbsp;<\/p>\n<blockquote class=\"wp-embedded-content\" data-secret=\"G5RUlDMuwz\"><p><a href=\"https:\/\/www.radiopiu.net\/wordpress\/aggazzeroaprile04\/\">IN CALO ANCHE I DECESSI, +1 TENENDO CONTO DELLA CONTABILITA&#8217; D&#8217;INIZIO SETTIMANA<\/a><\/p><\/blockquote>\n<p><iframe loading=\"lazy\" class=\"wp-embedded-content\" sandbox=\"allow-scripts\" security=\"restricted\" style=\"position: absolute; clip: rect(1px, 1px, 1px, 1px);\" title=\"&#8220;IN CALO ANCHE I DECESSI, +1 TENENDO CONTO DELLA CONTABILITA&#8217; D&#8217;INIZIO SETTIMANA&#8221; &#8212; Radio Pi\u00f9\" src=\"https:\/\/www.radiopiu.net\/wordpress\/aggazzeroaprile04\/embed\/#?secret=Siz0oKSlef#?secret=G5RUlDMuwz\" data-secret=\"G5RUlDMuwz\" width=\"600\" height=\"338\" frameborder=\"0\" marginwidth=\"0\" marginheight=\"0\" scrolling=\"no\"><\/iframe><\/p>\n<p>&nbsp;<\/p>\n<h2 dir=\"auto\">I GRAFICI DI TIZIANO DE COL<\/h2>\n\n\t\t\t<style type='text\/css'>\n\t\t\t\t#gallery-2 {\n\t\t\t\t\tmargin: auto;\n\t\t\t\t}\n\t\t\t\t#gallery-2 .gallery-item {\n\t\t\t\t\tfloat: left;\n\t\t\t\t\tmargin-top: 10px;\n\t\t\t\t\ttext-align: center;\n\t\t\t\t\twidth: 16%;\n\t\t\t\t}\n\t\t\t\t#gallery-2 img {\n\t\t\t\t\tborder: 2px solid #cfcfcf;\n\t\t\t\t}\n\t\t\t\t#gallery-2 .gallery-caption {\n\t\t\t\t\tmargin-left: 0;\n\t\t\t\t}\n\t\t\t\t\/* see gallery_shortcode() in wp-includes\/media.php *\/\n\t\t\t<\/style>\n\t\t<div id='gallery-2' class='dt-gallery-container gallery galleryid-268647 gallery-columns-6 gallery-size-thumbnail'><dl class='gallery-item'>\n\t\t\t\t<dt class='gallery-icon landscape'>\n\t\t\t\t\t<a class=\"rollover rollover-zoom dt-pswp-item\" title=\"26d6d645-0328-4265-bd95-05066a685a41\" data-dt-img-description=\"\" data-large_image_width=\"593\" data-large_image_height=\"359\"href='https:\/\/www.radiopiu.net\/wordpress\/wp-content\/uploads\/2022\/04\/26d6d645-0328-4265-bd95-05066a685a41.jpg'><img loading=\"lazy\" decoding=\"async\" width=\"150\" height=\"150\" src=\"https:\/\/www.radiopiu.net\/wordpress\/wp-content\/uploads\/2022\/04\/26d6d645-0328-4265-bd95-05066a685a41-150x150.jpg\" class=\"attachment-thumbnail size-thumbnail\" alt=\"\" \/><\/a>\n\t\t\t\t<\/dt><\/dl><dl class='gallery-item'>\n\t\t\t\t<dt class='gallery-icon landscape'>\n\t\t\t\t\t<a class=\"rollover rollover-zoom dt-pswp-item\" title=\"10e77560-2de2-4e50-9f03-01f18faed7ea\" data-dt-img-description=\"\" data-large_image_width=\"613\" data-large_image_height=\"366\"href='https:\/\/www.radiopiu.net\/wordpress\/wp-content\/uploads\/2022\/04\/10e77560-2de2-4e50-9f03-01f18faed7ea.jpg'><img loading=\"lazy\" decoding=\"async\" width=\"150\" height=\"150\" src=\"https:\/\/www.radiopiu.net\/wordpress\/wp-content\/uploads\/2022\/04\/10e77560-2de2-4e50-9f03-01f18faed7ea-150x150.jpg\" class=\"attachment-thumbnail size-thumbnail\" alt=\"\" \/><\/a>\n\t\t\t\t<\/dt><\/dl><dl class='gallery-item'>\n\t\t\t\t<dt class='gallery-icon landscape'>\n\t\t\t\t\t<a class=\"rollover rollover-zoom dt-pswp-item\" title=\"d6b844c4-e6e7-4db7-8e8d-17c545afdddf\" data-dt-img-description=\"\" data-large_image_width=\"610\" data-large_image_height=\"358\"href='https:\/\/www.radiopiu.net\/wordpress\/wp-content\/uploads\/2022\/04\/d6b844c4-e6e7-4db7-8e8d-17c545afdddf.jpg'><img loading=\"lazy\" decoding=\"async\" width=\"150\" height=\"150\" src=\"https:\/\/www.radiopiu.net\/wordpress\/wp-content\/uploads\/2022\/04\/d6b844c4-e6e7-4db7-8e8d-17c545afdddf-150x150.jpg\" class=\"attachment-thumbnail size-thumbnail\" alt=\"\" \/><\/a>\n\t\t\t\t<\/dt><\/dl><dl class='gallery-item'>\n\t\t\t\t<dt class='gallery-icon landscape'>\n\t\t\t\t\t<a class=\"rollover rollover-zoom dt-pswp-item\" title=\"a90bab34-55b0-473a-bb18-1a462f3abb95\" data-dt-img-description=\"\" data-large_image_width=\"610\" data-large_image_height=\"370\"href='https:\/\/www.radiopiu.net\/wordpress\/wp-content\/uploads\/2022\/04\/a90bab34-55b0-473a-bb18-1a462f3abb95.jpg'><img loading=\"lazy\" decoding=\"async\" width=\"150\" height=\"150\" src=\"https:\/\/www.radiopiu.net\/wordpress\/wp-content\/uploads\/2022\/04\/a90bab34-55b0-473a-bb18-1a462f3abb95-150x150.jpg\" class=\"attachment-thumbnail size-thumbnail\" alt=\"\" \/><\/a>\n\t\t\t\t<\/dt><\/dl><dl class='gallery-item'>\n\t\t\t\t<dt class='gallery-icon landscape'>\n\t\t\t\t\t<a class=\"rollover rollover-zoom dt-pswp-item\" title=\"8cecd100-5ec2-4303-a428-8041f085ac2d\" data-dt-img-description=\"\" data-large_image_width=\"606\" data-large_image_height=\"345\"href='https:\/\/www.radiopiu.net\/wordpress\/wp-content\/uploads\/2022\/04\/8cecd100-5ec2-4303-a428-8041f085ac2d.jpg'><img loading=\"lazy\" decoding=\"async\" width=\"150\" height=\"150\" src=\"https:\/\/www.radiopiu.net\/wordpress\/wp-content\/uploads\/2022\/04\/8cecd100-5ec2-4303-a428-8041f085ac2d-150x150.jpg\" class=\"attachment-thumbnail size-thumbnail\" alt=\"\" \/><\/a>\n\t\t\t\t<\/dt><\/dl><dl class='gallery-item'>\n\t\t\t\t<dt class='gallery-icon landscape'>\n\t\t\t\t\t<a class=\"rollover rollover-zoom dt-pswp-item\" title=\"a5c53f41-8119-42e4-afe5-c639f56ab86c\" data-dt-img-description=\"\" data-large_image_width=\"606\" data-large_image_height=\"350\"href='https:\/\/www.radiopiu.net\/wordpress\/wp-content\/uploads\/2022\/04\/a5c53f41-8119-42e4-afe5-c639f56ab86c.jpg'><img loading=\"lazy\" decoding=\"async\" width=\"150\" height=\"150\" src=\"https:\/\/www.radiopiu.net\/wordpress\/wp-content\/uploads\/2022\/04\/a5c53f41-8119-42e4-afe5-c639f56ab86c-150x150.jpg\" class=\"attachment-thumbnail size-thumbnail\" alt=\"\" \/><\/a>\n\t\t\t\t<\/dt><\/dl><br style=\"clear: both\" \/>\n\t\t\t<\/div>\n\n<p>&nbsp;<\/p>\n<hr \/>\n<p>&nbsp;<\/p>\n<p>&nbsp;<\/p>\n<blockquote>\n<h3>FIRMATO L&#8217;ACCORDO, RICONOSCIUTI GLI ARRETRATI PER I TEMPI DI VESTIZIONE<\/h3>\n<\/blockquote>\n<p><strong><a class=\"dt-pswp-item\" href=\"https:\/\/www.radiopiu.net\/wordpress\/wp-content\/uploads\/2022\/04\/da-sx-Comacchio-Zuglian-De-Boni-Zingales-min-scaled.jpg\" data-dt-img-description=\"\" data-large_image_width=\"2560\" data-large_image_height=\"1920\"><img loading=\"lazy\" decoding=\"async\" class=\"alignleft wp-image-268773 \" src=\"https:\/\/www.radiopiu.net\/wordpress\/wp-content\/uploads\/2022\/04\/da-sx-Comacchio-Zuglian-De-Boni-Zingales-min-300x225.jpg\" alt=\"\" width=\"152\" height=\"114\" srcset=\"https:\/\/www.radiopiu.net\/wordpress\/wp-content\/uploads\/2022\/04\/da-sx-Comacchio-Zuglian-De-Boni-Zingales-min-300x225.jpg 300w, https:\/\/www.radiopiu.net\/wordpress\/wp-content\/uploads\/2022\/04\/da-sx-Comacchio-Zuglian-De-Boni-Zingales-min-1024x768.jpg 1024w, https:\/\/www.radiopiu.net\/wordpress\/wp-content\/uploads\/2022\/04\/da-sx-Comacchio-Zuglian-De-Boni-Zingales-min-768x576.jpg 768w, https:\/\/www.radiopiu.net\/wordpress\/wp-content\/uploads\/2022\/04\/da-sx-Comacchio-Zuglian-De-Boni-Zingales-min-1536x1152.jpg 1536w, https:\/\/www.radiopiu.net\/wordpress\/wp-content\/uploads\/2022\/04\/da-sx-Comacchio-Zuglian-De-Boni-Zingales-min-2048x1536.jpg 2048w\" sizes=\"auto, (max-width: 152px) 100vw, 152px\" \/><\/a>BELLUNO<\/strong> E&#8217; stato firmato\u00a0<span style=\"color: #000000; font-family: Helvetica;\"> l\u2019accordo per il riconoscimento degli arretrati dei tempi di vestizione e svestizione per tutti i lavoratori del comparto della ULSS 1 Dolomiti. Una battaglia portata avanti dalla Cisl FP\u00a0 nel marzo 2019. <\/span><span style=\"color: #000000; font-family: Helvetica;\">La causa, dopo vari rinvii legati alla pandemia, ha avuto i suoi esiti, permettendo la sottoscrizione di due accordi per un valore totale di 1 milione 180 mila euro. <\/span><span style=\"color: #000000; font-family: Helvetica;\">Il primo accordo, quello per il quale la Cisl FP \u00e8 maggiormente soddisfatta perch\u00e9 il risultato va al di l\u00e0 di ogni pi\u00f9 rosea previsione, coinvolge circa 2.000 dipendenti, ai quali \u00e8 stato riconosciuto un anno di retroattivit\u00e0 del tempo di vestizione\/svestizione per un totale di 760 mila euro pari a 50 mila ore. La media \u00e8 di 385 euro per lavoratore.\u00a0<\/span><span style=\"color: #000000; font-family: Helvetica;\">L\u2019altro accordo riguarda i circa 300 dipendenti che avevano aderito all\u2019iniziativa della Cisl FP, diffidando l\u2019azienda. Per loro l\u2019accordo ha un valore di 420 mila euro pari a 27.500 ore e prevede il riconoscimento di 4 anni di retroattivit\u00e0. Si tratta di 1.500 euro in media a testa recuperati.<\/span><\/p>\n<p>&nbsp;<\/p>\n<p><strong>IL SERVIZIO DI MORENO GIOLI<\/strong><\/p>\n<audio class=\"wp-audio-shortcode\" id=\"audio-268647-4\" preload=\"none\" style=\"width: 100%;\" controls=\"controls\"><source type=\"audio\/mpeg\" src=\"https:\/\/www.radiopiu.net\/wordpress\/wp-content\/uploads\/2022\/04\/GIOLI-CISL.mp3?_=4\" \/><a href=\"https:\/\/www.radiopiu.net\/wordpress\/wp-content\/uploads\/2022\/04\/GIOLI-CISL.mp3\">https:\/\/www.radiopiu.net\/wordpress\/wp-content\/uploads\/2022\/04\/GIOLI-CISL.mp3<\/a><\/audio>\n<p>&nbsp;<\/p>\n<p><strong>MARIO DE BONI, SEGRETARIO GENERALE CISL FP BELLUNO TREVISO<\/strong><\/p>\n<audio class=\"wp-audio-shortcode\" id=\"audio-268647-5\" preload=\"none\" style=\"width: 100%;\" controls=\"controls\"><source type=\"audio\/mpeg\" src=\"https:\/\/www.radiopiu.net\/wordpress\/wp-content\/uploads\/2022\/04\/MARIO-DE-BONI-CISL.mp3?_=5\" \/><a href=\"https:\/\/www.radiopiu.net\/wordpress\/wp-content\/uploads\/2022\/04\/MARIO-DE-BONI-CISL.mp3\">https:\/\/www.radiopiu.net\/wordpress\/wp-content\/uploads\/2022\/04\/MARIO-DE-BONI-CISL.mp3<\/a><\/audio>\n<p>&nbsp;<\/p>\n<hr \/>\n<p>&nbsp;<\/p>\n<blockquote>\n<h3>RICONOSCIMENTO DEGLI ARRETRATI DEI TEMPI DI VESTIZIONE. FIOCCO (FP CGIL): &#8220;OGGI LA SENTENZA E DOMANI LE VOTAZIONI. CHE FORTUNA!&#8221;<\/h3>\n<\/blockquote>\n<p><strong><a class=\"dt-pswp-item\" href=\"https:\/\/www.radiopiu.net\/wordpress\/wp-content\/uploads\/2020\/03\/fp-cgil.png\" data-dt-img-description=\"\" data-large_image_width=\"175\" data-large_image_height=\"191\"><img loading=\"lazy\" decoding=\"async\" class=\"size-thumbnail wp-image-122552 alignleft\" src=\"https:\/\/www.radiopiu.net\/wordpress\/wp-content\/uploads\/2020\/03\/fp-cgil-150x150.png\" alt=\"\" width=\"150\" height=\"150\" \/><\/a>BELLUNO<\/strong> Dopo la notizia che la CISL FP ha dato nel pomeriggio sull&#8217;accordo di riconoscimento degli arretrati dei tempi di vestizione, arriva la risposta della FP CGIL con Andrea Fiocco e Lorella Vidori di Nursing Up.<\/p>\n<p><strong>\u00a0<\/strong><\/p>\n<p><strong>\u00a0<\/strong><\/p>\n<p><strong>ANDREA FIOCCO ALLA RADIO\u00a0<\/strong><\/p>\n<audio class=\"wp-audio-shortcode\" id=\"audio-268647-6\" preload=\"none\" style=\"width: 100%;\" controls=\"controls\"><source type=\"audio\/mpeg\" src=\"https:\/\/www.radiopiu.net\/wordpress\/wp-content\/uploads\/2022\/04\/andrea.mp3?_=6\" \/><a href=\"https:\/\/www.radiopiu.net\/wordpress\/wp-content\/uploads\/2022\/04\/andrea.mp3\">https:\/\/www.radiopiu.net\/wordpress\/wp-content\/uploads\/2022\/04\/andrea.mp3<\/a><\/audio>\n<p><strong>\u00a0<\/strong><\/p>\n<div class=\"page\" title=\"Page 1\">\n<div class=\"layoutArea\">\n<div class=\"column\">\n<blockquote><p><em>Oggi, 4 aprile, esce la notizia che la Cisl FP di Belluno ha vinto una causa contro l\u2019Ulss 1 per gli arretrati del riconoscimento dei tempi di vestizione. Complimenti. Anche se colpisce la puntualita\u0300 della sentenza: oggi la sentenza, domani ci sono le elezioni RSU. Quando si dice la fortuna! Colpisce poi che nel dare la notizia, la Cisl FP si attesti un accordo che riguarda quasi 2000 persone (1972 per l\u2019esattezza). E qui nascono i problemi: L\u2019accordo e\u0300 stato voluto e discusso da tutte le sigle sindacali rappresentate in Ulss, anche da CGIL e Nursing Up, ma soprattutto la RSU; la notizia cosi\u0300 data, toglie autorevolezza alla RSU, che e\u0300 proprio la rappresentanza di tutti i lavoratori del comparto, che proprio domani viene rinnovata; L\u2019accordo era stato chiesto ed era possibile gia\u0300 nel 2019, per tutti e non solo per i ricorrenti. Peccato che la causa non ha reso possibile la discussione gia\u0300 allora. Ma visto che parliamo di RSU, e\u0300 giusto che si sappia anche quanto segue. Oggi, molti lavoratori dell\u2019Ulss ci hanno segnalato di aver ricevuto materiale elettorale indesiderato da parte della Cisl FP via mail istituzionale. Ora, da una verifica fatta in precedenza dai nostri legali, la cosa non e\u0300 legittima, perche\u0301 in chiara violazione della normativa sulla privacy. Ma cio\u0300 che piu\u0300 preoccupa e\u0300 come la Cisl FP abbia avuto l\u2019elenco delle mail istituzionali. Ricordiamoci che l\u2019Ulss ha 3500, di cui 3072 costituiscono il corpo elettorale delle RSU. Possiamo anche raccontarci che le mail sono state inviate una ad una, digitando nome.cognome@dominio per 3000 volte, ma se cosi\u0300 non fosse, chiediamo che l\u2019Ulss ci dia una spiegazione. Nei prossimi giorni daremo mandato ai nostri legali per verificare se si configuri un reato. Peccato. Era stata una campagna elettorale corretta, finora.<\/em><\/p>\n<p><strong><em>Lorella Vidori (Nursing Up) &#8211; Andrea Fiocco (FP CGIL)<\/em><\/strong><\/p><\/blockquote>\n<p>&nbsp;<\/p>\n<p>&nbsp;<\/p>\n<hr \/>\n<p>&nbsp;<\/p>\n<\/div>\n<\/div>\n<\/div>\n<blockquote>\n<h3>IL DOTTOR STEFANO DI FABIO NUOVO PRIMARIO DELL&#8217;ORTOPEDIA DI FELTRE<\/h3>\n<\/blockquote>\n<p><a class=\"dt-pswp-item\" href=\"https:\/\/www.radiopiu.net\/wordpress\/wp-content\/uploads\/2022\/04\/difabio.jpg\" data-dt-img-description=\"OLYMPUS DIGITAL CAMERA\" data-large_image_width=\"1114\" data-large_image_height=\"1500\"><img loading=\"lazy\" decoding=\"async\" class=\"wp-image-268822 alignleft\" src=\"https:\/\/www.radiopiu.net\/wordpress\/wp-content\/uploads\/2022\/04\/difabio-223x300.jpg\" alt=\"\" width=\"118\" height=\"159\" srcset=\"https:\/\/www.radiopiu.net\/wordpress\/wp-content\/uploads\/2022\/04\/difabio-223x300.jpg 223w, https:\/\/www.radiopiu.net\/wordpress\/wp-content\/uploads\/2022\/04\/difabio-760x1024.jpg 760w, https:\/\/www.radiopiu.net\/wordpress\/wp-content\/uploads\/2022\/04\/difabio-768x1034.jpg 768w, https:\/\/www.radiopiu.net\/wordpress\/wp-content\/uploads\/2022\/04\/difabio.jpg 1114w\" sizes=\"auto, (max-width: 118px) 100vw, 118px\" \/><\/a><strong>BELLUNO <\/strong>Il Direttore Generale Maria Grazia Carraro ha nominato il dottor Stefano Di Fabio direttore della Ortopedia di Feltre. Stefano Di Fabio, classe 1974, nato a Milano, si \u00e8 laureato in Medicina e Chirurgia all\u2019Universit\u00e0 di Brescia dove si \u00e8 anche specializzato in Ortopedia e Traumatologia nel 2005. Nel 2003 ha frequentato per un anno il Royal National Orthopaedic Hospital di Londra, dove ha svolto un\u2019importante esperienza clinica e professionale Ha iniziato la sua carriera in Ulss Dolomiti, nell\u2019Ortopedia di Belluno. Negli anni ha maturato un\u2019importante casistica con circa 4 mila interventi come primo operatore e 1.400 con secondo, effettuati nelle ortopedie di Belluno, Agordo e Feltre. Ha al suo attivo numerose pubblicazioni, testimonianza di una attenta produzione scientifica e di ricerca e annovera la partecipazione a numerosi convegni anche in qualit\u00e0 di relatore. Costanti anche i percorsi di aggiornamento, in particolare per quanto riguarda l\u2019arto superiore, che lo hanno portato a condurre un\u2019attivit\u00e0 clinica e scientifica in sintonia con le pi\u00f9 attuali linee guida internazionali, portando anche in Ulss Dolomiti tecniche chirurgiche all\u2019avanguardia.<\/p>\n<p>&nbsp;<\/p>\n<hr \/>\n<p>&nbsp;<\/p>\n<blockquote>\n<h3>DE PELLEGRIN COMPATTA IL CENTRO DESTRA, LA SQUADRA E&#8217; PRONTA PER LA SFIDA, &#8220;CARATTERI DIVERSI PER UN OBIETTIVO COMUNE&#8221;<\/h3>\n<\/blockquote>\n<p><strong> <a class=\"dt-pswp-item\" href=\"https:\/\/www.radiopiu.net\/wordpress\/wp-content\/uploads\/2022\/04\/8987d7d5-5aaf-448e-9a82-52e7cb9ac0db.jpg\" data-dt-img-description=\"\" data-large_image_width=\"1600\" data-large_image_height=\"901\"><img loading=\"lazy\" decoding=\"async\" class=\"wp-image-268865 alignleft\" src=\"https:\/\/www.radiopiu.net\/wordpress\/wp-content\/uploads\/2022\/04\/8987d7d5-5aaf-448e-9a82-52e7cb9ac0db-300x169.jpg\" alt=\"\" width=\"190\" height=\"107\" srcset=\"https:\/\/www.radiopiu.net\/wordpress\/wp-content\/uploads\/2022\/04\/8987d7d5-5aaf-448e-9a82-52e7cb9ac0db-300x169.jpg 300w, https:\/\/www.radiopiu.net\/wordpress\/wp-content\/uploads\/2022\/04\/8987d7d5-5aaf-448e-9a82-52e7cb9ac0db-1024x577.jpg 1024w, https:\/\/www.radiopiu.net\/wordpress\/wp-content\/uploads\/2022\/04\/8987d7d5-5aaf-448e-9a82-52e7cb9ac0db-768x432.jpg 768w, https:\/\/www.radiopiu.net\/wordpress\/wp-content\/uploads\/2022\/04\/8987d7d5-5aaf-448e-9a82-52e7cb9ac0db-1536x865.jpg 1536w, https:\/\/www.radiopiu.net\/wordpress\/wp-content\/uploads\/2022\/04\/8987d7d5-5aaf-448e-9a82-52e7cb9ac0db.jpg 1600w\" sizes=\"auto, (max-width: 190px) 100vw, 190px\" \/><\/a><\/strong><\/p>\n<p>&nbsp;<\/p>\n<p><strong>BELLUNO\u00a0<\/strong><br \/>\n<strong>\u00a0<\/strong><\/p>\n<p><strong>di\u00a0 DAMIANO TORMEN\u00a0<\/strong><\/p>\n<audio class=\"wp-audio-shortcode\" id=\"audio-268647-7\" preload=\"none\" style=\"width: 100%;\" controls=\"controls\"><source type=\"audio\/mpeg\" src=\"https:\/\/www.radiopiu.net\/wordpress\/wp-content\/uploads\/2022\/04\/DE-PELLEGRIN.mp3?_=7\" \/><a href=\"https:\/\/www.radiopiu.net\/wordpress\/wp-content\/uploads\/2022\/04\/DE-PELLEGRIN.mp3\">https:\/\/www.radiopiu.net\/wordpress\/wp-content\/uploads\/2022\/04\/DE-PELLEGRIN.mp3<\/a><\/audio>\n<p>&nbsp;<\/p>\n<hr \/>\n<p>&nbsp;<\/p>\n<blockquote>\n<h3 style=\"text-align: left;\"><strong>DILLO A RADIO PIU&#8217;&#8230; PARCHEGGIO PEPPINO IMPASTATO A TAMONICH\u00a0<\/strong><\/h3>\n<\/blockquote>\n<p><strong>AGORDO<\/strong> Al parcheggio Peppino Impastato a Tamonich (nei pressi del polo scolastico Umberto Follador servito dalla scalinata che porta in centro)\u00a0 da un po&#8217; di tempo \u00e8 stata installata una cartellonistica provvisoria, diventata definitiva nonostante il &#8220;Drive In&#8221; per tamponi e vaccini non svolga pi\u00f9 (fortunatamente) il servizio assicurato per molti mesi in piena pandemia. L&#8217;osservazione di un nostro ascoltatore-lettore \u00e8 sicuramente lecita.<\/p>\n<blockquote><p><em>Da quando hanno posizionato il &#8220;Drive In&#8221; i sensi di marcia sono stati modificati,\u00a0 oltre che mal interpretati\u00a0 sono pure pericolosi. Infatti i cartelli \u201cprovvisori\u201d ma ancora al loro posto sono divergenti rispetto alla segnaletica ufficiale. Laddove indicano l\u2019uscita vi \u00e8 il corretto senso di marcia in entrata. Mi \u00e8 capitato di assistere a delle banali discussioni sulla ragione della precedenza e da l\u00ec \u00e8 nato lo spunto per esternare questa mia osservazione. Penso anche sia parere comune degli ascoltatori che utilizzano tale parcheggio e che la loro condivisione \u00e8 certamente pi\u00f9 concreta delle foto allegate. Nei mercoled\u00ec di mercato, poi \u00e8 anche peggio. Sarebbe opportuno che \u00a0quei cartelli &#8220;provvisori&#8221; nelle giornate, ormai pi\u00f9 frequenti, di chiusura del &#8220;Drive In&#8221;, venissero tolti, ritornando ai sensi di circolazione corretti come la segnaletica stradale indica.<\/em><\/p>\n<p><em>Lettera firmata<\/em><\/p><\/blockquote>\n<p><strong>GALLERIA FOTOGRAFICA CHIARIFICATRICE.<\/strong><\/p>\n\n\t\t\t<style type='text\/css'>\n\t\t\t\t#gallery-3 {\n\t\t\t\t\tmargin: auto;\n\t\t\t\t}\n\t\t\t\t#gallery-3 .gallery-item {\n\t\t\t\t\tfloat: left;\n\t\t\t\t\tmargin-top: 10px;\n\t\t\t\t\ttext-align: center;\n\t\t\t\t\twidth: 33%;\n\t\t\t\t}\n\t\t\t\t#gallery-3 img {\n\t\t\t\t\tborder: 2px solid #cfcfcf;\n\t\t\t\t}\n\t\t\t\t#gallery-3 .gallery-caption {\n\t\t\t\t\tmargin-left: 0;\n\t\t\t\t}\n\t\t\t\t\/* see gallery_shortcode() in wp-includes\/media.php *\/\n\t\t\t<\/style>\n\t\t<div id='gallery-3' class='dt-gallery-container gallery galleryid-268647 gallery-columns-3 gallery-size-thumbnail'><dl class='gallery-item'>\n\t\t\t\t<dt class='gallery-icon landscape'>\n\t\t\t\t\t<a class=\"rollover rollover-zoom dt-pswp-item\" title=\"TMC5\" data-dt-img-description=\"\" data-large_image_width=\"2560\" data-large_image_height=\"1211\"href='https:\/\/www.radiopiu.net\/wordpress\/wp-content\/uploads\/2022\/04\/TMC5-1-scaled.jpg'><img loading=\"lazy\" decoding=\"async\" width=\"150\" height=\"150\" src=\"https:\/\/www.radiopiu.net\/wordpress\/wp-content\/uploads\/2022\/04\/TMC5-1-150x150.jpg\" class=\"attachment-thumbnail size-thumbnail\" alt=\"\" \/><\/a>\n\t\t\t\t<\/dt><\/dl><dl class='gallery-item'>\n\t\t\t\t<dt class='gallery-icon portrait'>\n\t\t\t\t\t<a class=\"rollover rollover-zoom dt-pswp-item\" title=\"TMC3\" data-dt-img-description=\"\" data-large_image_width=\"1211\" data-large_image_height=\"2560\"href='https:\/\/www.radiopiu.net\/wordpress\/wp-content\/uploads\/2022\/04\/TMC3-1-scaled.jpg'><img loading=\"lazy\" decoding=\"async\" width=\"150\" height=\"150\" src=\"https:\/\/www.radiopiu.net\/wordpress\/wp-content\/uploads\/2022\/04\/TMC3-1-150x150.jpg\" class=\"attachment-thumbnail size-thumbnail\" alt=\"\" \/><\/a>\n\t\t\t\t<\/dt><\/dl><dl class='gallery-item'>\n\t\t\t\t<dt class='gallery-icon landscape'>\n\t\t\t\t\t<a class=\"rollover rollover-zoom dt-pswp-item\" title=\"TMC4\" data-dt-img-description=\"\" data-large_image_width=\"2560\" data-large_image_height=\"1439\"href='https:\/\/www.radiopiu.net\/wordpress\/wp-content\/uploads\/2022\/04\/TMC4-scaled.jpg'><img loading=\"lazy\" decoding=\"async\" width=\"150\" height=\"150\" src=\"https:\/\/www.radiopiu.net\/wordpress\/wp-content\/uploads\/2022\/04\/TMC4-150x150.jpg\" class=\"attachment-thumbnail size-thumbnail\" alt=\"\" \/><\/a>\n\t\t\t\t<\/dt><\/dl><br style=\"clear: both\" \/><dl class='gallery-item'>\n\t\t\t\t<dt class='gallery-icon landscape'>\n\t\t\t\t\t<a class=\"rollover rollover-zoom dt-pswp-item\" title=\"TMC2\" data-dt-img-description=\"\" data-large_image_width=\"2511\" data-large_image_height=\"1835\"href='https:\/\/www.radiopiu.net\/wordpress\/wp-content\/uploads\/2022\/04\/TMC2.jpg'><img loading=\"lazy\" decoding=\"async\" width=\"150\" height=\"150\" src=\"https:\/\/www.radiopiu.net\/wordpress\/wp-content\/uploads\/2022\/04\/TMC2-150x150.jpg\" class=\"attachment-thumbnail size-thumbnail\" alt=\"\" \/><\/a>\n\t\t\t\t<\/dt><\/dl><dl class='gallery-item'>\n\t\t\t\t<dt class='gallery-icon landscape'>\n\t\t\t\t\t<a class=\"rollover rollover-zoom dt-pswp-item\" title=\"TMC 1\" data-dt-img-description=\"\" data-large_image_width=\"2525\" data-large_image_height=\"1535\"href='https:\/\/www.radiopiu.net\/wordpress\/wp-content\/uploads\/2022\/04\/TMC-1.jpg'><img loading=\"lazy\" decoding=\"async\" width=\"150\" height=\"150\" src=\"https:\/\/www.radiopiu.net\/wordpress\/wp-content\/uploads\/2022\/04\/TMC-1-150x150.jpg\" class=\"attachment-thumbnail size-thumbnail\" alt=\"\" \/><\/a>\n\t\t\t\t<\/dt><\/dl>\n\t\t\t\t<br style='clear: both' \/>\n\t\t\t<\/div>\n\n<p>&nbsp;<\/p>\n<p>&nbsp;<\/p>\n<hr \/>\n<p>&nbsp;<\/p>\n<blockquote>\n<h3>TRE MILIONI DI EURO PER LA MESSA IN SICUREZZA DEL TERRITORIO<\/h3>\n<\/blockquote>\n<p><strong><a class=\"dt-pswp-item\" href=\"https:\/\/www.radiopiu.net\/wordpress\/wp-content\/uploads\/2022\/04\/th-1.jpg\" data-dt-img-description=\"\" data-large_image_width=\"306\" data-large_image_height=\"172\"><img loading=\"lazy\" decoding=\"async\" class=\"size-thumbnail wp-image-268862 alignleft\" src=\"https:\/\/www.radiopiu.net\/wordpress\/wp-content\/uploads\/2022\/04\/th-1-150x150.jpg\" alt=\"\" width=\"150\" height=\"150\" \/><\/a><\/strong><\/p>\n<p>&nbsp;<\/p>\n<p>&nbsp;<\/p>\n<p><strong>BORGO VALBELLUNA<\/strong><\/p>\n<p><strong>di\u00a0 DAMIANO TORMEN<\/strong><\/p>\n<p><strong>AUDIO<\/strong><\/p>\n<audio class=\"wp-audio-shortcode\" id=\"audio-268647-8\" preload=\"none\" style=\"width: 100%;\" controls=\"controls\"><source type=\"audio\/mpeg\" src=\"https:\/\/www.radiopiu.net\/wordpress\/wp-content\/uploads\/2022\/04\/damiano.mp3?_=8\" \/><a href=\"https:\/\/www.radiopiu.net\/wordpress\/wp-content\/uploads\/2022\/04\/damiano.mp3\">https:\/\/www.radiopiu.net\/wordpress\/wp-content\/uploads\/2022\/04\/damiano.mp3<\/a><\/audio>\n<p>&nbsp;<\/p>\n<p>&nbsp;<\/p>\n<p>&nbsp;<\/p>\n<hr \/>\n<p>&nbsp;<\/p>\n<blockquote>\n<h3>SPOPOLAMENTO E CARENZA DI SERVIZI. L&#8217;ISTAT CERTIFICA UN&#8217;EMORRAGIA PREOCCUPANTE<\/h3>\n<\/blockquote>\n<p><strong>BELLUNO<\/strong> La Provincia di Belluno \u00e8 scesa sotto la soglia dei 200 mila abitanti. A certificarlo \u00e8 ora anche l\u2019Istat che nel suo ultimo rapporto ha posizionato l\u2019asticella dei residenti nel nostro territorio al primo gennaio del 2021 a 199.704 unit\u00e0. Nel solo anno 2020 il Bellunese ha perso, nel suo complesso, oltre 1.600 abitanti, confermando un trend che, anzich\u00e9 rallentare, sembra addirittura avviato ad una ulteriore accelerazione. Come si pu\u00f2 facilmente intuire lo spopolamento non \u00e8 per\u00f2 la causa, bens\u00ec la conseguenza di tutta una serie di problematiche note da tempo.<\/p>\n<p><strong>DARIO SCOPEL, SINDACO DI SEREN DEL GRAPPA<\/strong><\/p>\n<audio class=\"wp-audio-shortcode\" id=\"audio-268647-9\" preload=\"none\" style=\"width: 100%;\" controls=\"controls\"><source type=\"audio\/mpeg\" src=\"https:\/\/www.radiopiu.net\/wordpress\/wp-content\/uploads\/2022\/04\/SCOPEL.mp3?_=9\" \/><a href=\"https:\/\/www.radiopiu.net\/wordpress\/wp-content\/uploads\/2022\/04\/SCOPEL.mp3\">https:\/\/www.radiopiu.net\/wordpress\/wp-content\/uploads\/2022\/04\/SCOPEL.mp3<\/a><\/audio>\n<p>&nbsp;<\/p>\n<p>&nbsp;<\/p>\n<hr \/>\n<p>\u200b<\/p>\n<blockquote>\n<h3>MARCO DA CAMPO, L&#8217;OPERATORE ECOLOGICO A TUTTO CAMPO<\/h3>\n<\/blockquote>\n<p><strong>VOLTAGO <\/strong>Come ogni lunedi Gianni Santomaso dalle pagine del Corriere delle Alpi racconta una storia, un personaggio, un pezzo di vita dell\u2019Agordino \u201cVivere l\u2019Agordino\u201d una raccolta spaccato di vita agordina con le immancabili vignette di Erica Andrich<\/p>\n<p><strong>di Gianni Santomaso<\/strong><\/p>\n<audio class=\"wp-audio-shortcode\" id=\"audio-268647-10\" preload=\"none\" style=\"width: 100%;\" controls=\"controls\"><source type=\"audio\/mpeg\" src=\"https:\/\/www.radiopiu.net\/wordpress\/wp-content\/uploads\/2022\/04\/GIANNI-SPECIALE-AGORDINO-MARCO-DA-CAMPO.mp3?_=10\" \/><a href=\"https:\/\/www.radiopiu.net\/wordpress\/wp-content\/uploads\/2022\/04\/GIANNI-SPECIALE-AGORDINO-MARCO-DA-CAMPO.mp3\">https:\/\/www.radiopiu.net\/wordpress\/wp-content\/uploads\/2022\/04\/GIANNI-SPECIALE-AGORDINO-MARCO-DA-CAMPO.mp3<\/a><\/audio>\n<p>&nbsp;<\/p>\n\n\t\t\t<style type='text\/css'>\n\t\t\t\t#gallery-4 {\n\t\t\t\t\tmargin: auto;\n\t\t\t\t}\n\t\t\t\t#gallery-4 .gallery-item {\n\t\t\t\t\tfloat: left;\n\t\t\t\t\tmargin-top: 10px;\n\t\t\t\t\ttext-align: center;\n\t\t\t\t\twidth: 50%;\n\t\t\t\t}\n\t\t\t\t#gallery-4 img {\n\t\t\t\t\tborder: 2px solid #cfcfcf;\n\t\t\t\t}\n\t\t\t\t#gallery-4 .gallery-caption {\n\t\t\t\t\tmargin-left: 0;\n\t\t\t\t}\n\t\t\t\t\/* see gallery_shortcode() in wp-includes\/media.php *\/\n\t\t\t<\/style>\n\t\t<div id='gallery-4' class='dt-gallery-container gallery galleryid-268647 gallery-columns-2 gallery-size-thumbnail'><dl class='gallery-item'>\n\t\t\t\t<dt class='gallery-icon landscape'>\n\t\t\t\t\t<a class=\"rollover rollover-zoom dt-pswp-item\" title=\"81739c79-aa7d-4c50-82eb-2841f2336091\" data-dt-img-description=\"\" data-large_image_width=\"2048\" data-large_image_height=\"1154\"href='https:\/\/www.radiopiu.net\/wordpress\/wp-content\/uploads\/2022\/04\/81739c79-aa7d-4c50-82eb-2841f2336091.jpg'><img loading=\"lazy\" decoding=\"async\" width=\"150\" height=\"150\" src=\"https:\/\/www.radiopiu.net\/wordpress\/wp-content\/uploads\/2022\/04\/81739c79-aa7d-4c50-82eb-2841f2336091-150x150.jpg\" class=\"attachment-thumbnail size-thumbnail\" alt=\"\" \/><\/a>\n\t\t\t\t<\/dt><\/dl><dl class='gallery-item'>\n\t\t\t\t<dt class='gallery-icon portrait'>\n\t\t\t\t\t<a class=\"rollover rollover-zoom dt-pswp-item\" title=\"0\" data-dt-img-description=\"\" data-large_image_width=\"1790\" data-large_image_height=\"1926\"href='https:\/\/www.radiopiu.net\/wordpress\/wp-content\/uploads\/2022\/04\/0.png'><img loading=\"lazy\" decoding=\"async\" width=\"150\" height=\"150\" src=\"https:\/\/www.radiopiu.net\/wordpress\/wp-content\/uploads\/2022\/04\/0-150x150.png\" class=\"attachment-thumbnail size-thumbnail\" alt=\"\" \/><\/a>\n\t\t\t\t<\/dt><\/dl><br style=\"clear: both\" \/>\n\t\t\t<\/div>\n\n<p>&nbsp;<\/p>\n<hr \/>\n<p>&nbsp;<\/p>\n<blockquote>\n<h3>CERIMONIA COMMEMORATIVA PER GIOVANNI PALATUCCI CON LA QUESTURA DI BELLUNO<\/h3>\n<\/blockquote>\n<p><strong><a class=\"dt-pswp-item\" href=\"https:\/\/www.radiopiu.net\/wordpress\/wp-content\/uploads\/2022\/03\/Giovanni-Palatucci-259x300-1.jpg\" data-dt-img-description=\"\" data-large_image_width=\"259\" data-large_image_height=\"300\"><img loading=\"lazy\" decoding=\"async\" class=\"size-thumbnail wp-image-267819 alignright\" src=\"https:\/\/www.radiopiu.net\/wordpress\/wp-content\/uploads\/2022\/03\/Giovanni-Palatucci-259x300-1-150x150.jpg\" alt=\"\" width=\"150\" height=\"150\" \/><\/a>BELLUNO<\/strong> Oggi alle 11.30 al parco di Lambioi, avr\u00e0 luogo la cerimonia commemorativa in ricordo dell\u2019ex Questore di Fiume Giovanni Palatucci, morto nel campo di concentramento di Dachau, il 10 febbraio 1945. Il Questore Palatucci, medaglia d\u2019oro al merito civile, \u00e8 stato insignito del riconoscimento di \u201cgiusto tra le nazioni\u201d perch\u00e9 protagonista del salvataggio di circa 5.000 ebrei stranieri e italiani. Alla cerimonia, durante la quale sar\u00e0 posta una targa commemorativa ed un albero di acero in suo ricordo, parteciperanno alcune cariche istituzionali, civili e militari della Provincia, nonch\u00e9 il presidente della Comunit\u00e0 Ebraica di Venezia Prof. Dario Calimani<\/p>\n<p>&nbsp;<\/p>\n<hr \/>\n<p>&nbsp;<\/p>\n<blockquote>\n<h3>CERIMONIA COMMEMORATIVA PER GIOVANNI PALATUCCI<\/h3>\n<\/blockquote>\n<p><strong><a class=\"dt-pswp-item\" href=\"https:\/\/www.radiopiu.net\/wordpress\/wp-content\/uploads\/2022\/04\/Francesca_Mussoi.jpeg\" data-dt-img-description=\"\" data-large_image_width=\"1424\" data-large_image_height=\"1035\"><img loading=\"lazy\" decoding=\"async\" class=\"size-thumbnail wp-image-268759 alignleft\" src=\"https:\/\/www.radiopiu.net\/wordpress\/wp-content\/uploads\/2022\/04\/Francesca_Mussoi-150x150.jpeg\" alt=\"\" width=\"150\" height=\"150\" \/><\/a>PONTE NELLE ALPI <\/strong>Torna la rassegna culturale \u201cVoci di donna\u201d, promossa da Comune, Commissione Pari opportunit\u00e0 e Biblioteca civica di Ponte nelle Alpi.<span class=\"gmail-Apple-converted-space\"> \u00a0<\/span>E non torna da sola, ma in compagnia dei libri: tre, in modo particolare. I primi due verranno svelati all\u2019interno della stessa serata, in calendario questa sera, alle 20.30: in biblioteca, la scrittrice Francesca Mussoi presenter\u00e0 \u201cLa bambina con le infradito\u201d e \u201cVita di Penna\u201d .<span class=\"gmail-Apple-converted-space\"> \u00a0<\/span>Il primo \u00e8 un racconto incentrato sulla protagonista Mery, una figura che incarna la forza e la caparbiet\u00e0 di una ragazza che diventa una grande donna, nonostante la vita l\u2019abbia privata delle sue radici e l\u2019abbia messa alla prova fin da piccola. \u00c8 una storia controcorrente, fatta di comprensione e tolleranza, ambientata in un mondo che ha bisogno di recuperare umanit\u00e0.<span class=\"gmail-Apple-converted-space\">\u00a0<\/span>E lo stesso vale per \u201cVita di Penna\u201d, un racconto breve capace di tingersi con i colori inaspettati dell&#8217;avventura e dell\u2019amore. La serata verr\u00e0 scandita dalle letture di Luisa Pierobon, mentre a dialogare insieme all\u2019autrice sar\u00e0 il giornalista Marco D\u2019Inc\u00e0.<span class=\"gmail-Apple-converted-space\">\u00a0<\/span><\/p>\n<p>&nbsp;<\/p>\n<hr \/>\n<p>&nbsp;<\/p>\n<blockquote>\n<h3>L&#8217;ASSEMBLEA ANNUALE DEI DONATORI DEL SANGUE DI ALLEGHE<\/h3>\n<\/blockquote>\n<p><strong><a class=\"dt-pswp-item\" href=\"https:\/\/www.radiopiu.net\/wordpress\/wp-content\/uploads\/2022\/04\/20220227_120345-scaled.jpg\" data-dt-img-description=\"\" data-large_image_width=\"2560\" data-large_image_height=\"1440\"><img loading=\"lazy\" decoding=\"async\" class=\" wp-image-268497 alignleft\" src=\"https:\/\/www.radiopiu.net\/wordpress\/wp-content\/uploads\/2022\/04\/20220227_120345-300x169.jpg\" alt=\"\" width=\"192\" height=\"108\" srcset=\"https:\/\/www.radiopiu.net\/wordpress\/wp-content\/uploads\/2022\/04\/20220227_120345-300x169.jpg 300w, https:\/\/www.radiopiu.net\/wordpress\/wp-content\/uploads\/2022\/04\/20220227_120345-1024x576.jpg 1024w, https:\/\/www.radiopiu.net\/wordpress\/wp-content\/uploads\/2022\/04\/20220227_120345-768x432.jpg 768w, https:\/\/www.radiopiu.net\/wordpress\/wp-content\/uploads\/2022\/04\/20220227_120345-1536x864.jpg 1536w, https:\/\/www.radiopiu.net\/wordpress\/wp-content\/uploads\/2022\/04\/20220227_120345-2048x1152.jpg 2048w\" sizes=\"auto, (max-width: 192px) 100vw, 192px\" \/><\/a>ALLEGHE<\/strong> Il dato importante \u00e8 l\u2019arrivo di 6 nuovi donatori, dei quali 4 provenienti dal comune di Alleghe (Alberto Fontanive, Monica Bellenzier, Luciano De Toni e Marco Rossi), uno da Selva di Cadore (Daniele Martini) e uno da Colle Santa Lucia (Thomas Kerer).<\/p>\n<p>&nbsp;<\/p>\n<p>&nbsp;<\/p>\n<hr \/>\n<h3 style=\"text-align: center;\"><\/h3>\n<h3 style=\"text-align: center;\">L&#8217;ASSEMBLA DELLA PROLOCO DI AGORDO, ECCO IL NUOVO DIRETTIVO<\/h3>\n<p><span id=\"page3R_mcid2\" class=\"markedContent\"> <\/span><strong><em><span id=\"page3R_mcid4\" class=\"markedContent\"><span dir=\"ltr\" role=\"presentation\">Il 13 aprile verranno assegnate le cariche di presidenza, segreteria e tesoreria.<\/span><\/span><\/em><\/strong><\/p>\n<p><span id=\"page3R_mcid0\" class=\"markedContent\"><span dir=\"ltr\" role=\"presentation\"><strong><a class=\"dt-pswp-item\" href=\"https:\/\/www.radiopiu.net\/wordpress\/wp-content\/uploads\/2020\/04\/AD-AGORDO-PROLOCO-LOGO_colors.jpg\" data-dt-img-description=\"\" data-large_image_width=\"1920\" data-large_image_height=\"1920\"><img loading=\"lazy\" decoding=\"async\" class=\"size-thumbnail wp-image-129089 alignleft\" src=\"https:\/\/www.radiopiu.net\/wordpress\/wp-content\/uploads\/2020\/04\/AD-AGORDO-PROLOCO-LOGO_colors-150x150.jpg\" alt=\"\" width=\"150\" height=\"150\" srcset=\"https:\/\/www.radiopiu.net\/wordpress\/wp-content\/uploads\/2020\/04\/AD-AGORDO-PROLOCO-LOGO_colors-150x150.jpg 150w, https:\/\/www.radiopiu.net\/wordpress\/wp-content\/uploads\/2020\/04\/AD-AGORDO-PROLOCO-LOGO_colors-300x300.jpg 300w, https:\/\/www.radiopiu.net\/wordpress\/wp-content\/uploads\/2020\/04\/AD-AGORDO-PROLOCO-LOGO_colors-1024x1024.jpg 1024w, https:\/\/www.radiopiu.net\/wordpress\/wp-content\/uploads\/2020\/04\/AD-AGORDO-PROLOCO-LOGO_colors-768x768.jpg 768w, https:\/\/www.radiopiu.net\/wordpress\/wp-content\/uploads\/2020\/04\/AD-AGORDO-PROLOCO-LOGO_colors-1536x1536.jpg 1536w, https:\/\/www.radiopiu.net\/wordpress\/wp-content\/uploads\/2020\/04\/AD-AGORDO-PROLOCO-LOGO_colors.jpg 1920w\" sizes=\"auto, (max-width: 150px) 100vw, 150px\" \/><\/a>AGORDO<\/strong> I<\/span><\/span><span id=\"page3R_mcid2\" class=\"markedContent\"><span dir=\"ltr\" role=\"presentation\">l direttivo <\/span><span dir=\"ltr\" role=\"presentation\">composto da: Daniele Galligani, Carmen Decima, Chiara Case, Chiara Vieceli, Eleonora Prompicai, Federica <\/span><span dir=\"ltr\" role=\"presentation\">Ben, Celeste Paganin, Giulia Della Lucia, Ludovico Martini Barzolai, Marco Da Ruos, Marta Moretti, Matthias <\/span><span dir=\"ltr\" role=\"presentation\">Rossi, Valentina Colle, Samuel Da Campo, Francesco Xaiz e Francesca Schena.\u00a0<\/span><\/span><\/p>\n<p>&nbsp;<\/p>\n<p>&nbsp;<\/p>\n<p>&nbsp;<\/p>\n<hr \/>\n<p>&nbsp;<\/p>\n<p>&nbsp;<\/p>\n<blockquote>\n<h3>CONCORSO INTERNAZIONALE CANTO LIRICO CITTA&#8217; DI BELLUNO, I VINCITORI<\/h3>\n<\/blockquote>\n\n\t\t\t<style type='text\/css'>\n\t\t\t\t#gallery-5 {\n\t\t\t\t\tmargin: auto;\n\t\t\t\t}\n\t\t\t\t#gallery-5 .gallery-item {\n\t\t\t\t\tfloat: left;\n\t\t\t\t\tmargin-top: 10px;\n\t\t\t\t\ttext-align: center;\n\t\t\t\t\twidth: 25%;\n\t\t\t\t}\n\t\t\t\t#gallery-5 img {\n\t\t\t\t\tborder: 2px solid #cfcfcf;\n\t\t\t\t}\n\t\t\t\t#gallery-5 .gallery-caption {\n\t\t\t\t\tmargin-left: 0;\n\t\t\t\t}\n\t\t\t\t\/* see gallery_shortcode() in wp-includes\/media.php *\/\n\t\t\t<\/style>\n\t\t<div id='gallery-5' class='dt-gallery-container gallery galleryid-268647 gallery-columns-4 gallery-size-thumbnail'><dl class='gallery-item'>\n\t\t\t\t<dt class='gallery-icon landscape'>\n\t\t\t\t\t<a class=\"rollover rollover-zoom dt-pswp-item\" title=\"DSC_6888-1\" data-dt-img-description=\"\" data-large_image_width=\"2560\" data-large_image_height=\"1706\"href='https:\/\/www.radiopiu.net\/wordpress\/wp-content\/uploads\/2022\/04\/DSC_6888-1-scaled.jpg'><img loading=\"lazy\" decoding=\"async\" width=\"150\" height=\"150\" src=\"https:\/\/www.radiopiu.net\/wordpress\/wp-content\/uploads\/2022\/04\/DSC_6888-1-150x150.jpg\" class=\"attachment-thumbnail size-thumbnail\" alt=\"\" \/><\/a>\n\t\t\t\t<\/dt><\/dl><dl class='gallery-item'>\n\t\t\t\t<dt class='gallery-icon landscape'>\n\t\t\t\t\t<a class=\"rollover rollover-zoom dt-pswp-item\" title=\"DSC_7016-1\" data-dt-img-description=\"\" data-large_image_width=\"2560\" data-large_image_height=\"1707\"href='https:\/\/www.radiopiu.net\/wordpress\/wp-content\/uploads\/2022\/04\/DSC_7016-1-scaled.jpg'><img loading=\"lazy\" decoding=\"async\" width=\"150\" height=\"150\" src=\"https:\/\/www.radiopiu.net\/wordpress\/wp-content\/uploads\/2022\/04\/DSC_7016-1-150x150.jpg\" class=\"attachment-thumbnail size-thumbnail\" alt=\"\" \/><\/a>\n\t\t\t\t<\/dt><\/dl><dl class='gallery-item'>\n\t\t\t\t<dt class='gallery-icon landscape'>\n\t\t\t\t\t<a class=\"rollover rollover-zoom dt-pswp-item\" title=\"DSC_7038-1\" data-dt-img-description=\"\" data-large_image_width=\"2560\" data-large_image_height=\"1707\"href='https:\/\/www.radiopiu.net\/wordpress\/wp-content\/uploads\/2022\/04\/DSC_7038-1-scaled.jpg'><img loading=\"lazy\" decoding=\"async\" width=\"150\" height=\"150\" src=\"https:\/\/www.radiopiu.net\/wordpress\/wp-content\/uploads\/2022\/04\/DSC_7038-1-150x150.jpg\" class=\"attachment-thumbnail size-thumbnail\" alt=\"\" \/><\/a>\n\t\t\t\t<\/dt><\/dl><dl class='gallery-item'>\n\t\t\t\t<dt class='gallery-icon landscape'>\n\t\t\t\t\t<a class=\"rollover rollover-zoom dt-pswp-item\" title=\"DSC_6874-1\" data-dt-img-description=\"\" data-large_image_width=\"2560\" data-large_image_height=\"1706\"href='https:\/\/www.radiopiu.net\/wordpress\/wp-content\/uploads\/2022\/04\/DSC_6874-1-scaled.jpg'><img loading=\"lazy\" decoding=\"async\" width=\"150\" height=\"150\" src=\"https:\/\/www.radiopiu.net\/wordpress\/wp-content\/uploads\/2022\/04\/DSC_6874-1-150x150.jpg\" class=\"attachment-thumbnail size-thumbnail\" alt=\"\" \/><\/a>\n\t\t\t\t<\/dt><\/dl><br style=\"clear: both\" \/>\n\t\t\t<\/div>\n\n<p><span style=\"font-family: Arial, sans-serif; font-size: small;\"> Nella serata finale al Teatro Comunale<\/span><span style=\"font-family: Arial, sans-serif; font-size: small;\"> si sono esibiti i 5 finalisti. L<\/span><span style=\"font-family: Arial, sans-serif; font-size: small;\">a giuria, presieduta dal soprano Maria Luigia Borsi, ha assegnato il primo premio al<\/span><span style=\"font-family: Arial, sans-serif; font-size: small;\"> baritono Eric Jung. Eric<\/span><span style=\"font-family: Arial, sans-serif; font-size: small;\">,<\/span> <span style=\"font-family: Arial, sans-serif; font-size: small;\">gi\u00e0 <\/span><span style=\"font-family: Arial, sans-serif; font-size: small;\">diplomato in <\/span><span style=\"font-family: Arial, sans-serif; font-size: small;\">Corea<\/span><span style=\"font-family: Arial, sans-serif; font-size: small;\">, attualmente frequenta il Conservatorio Cherubini di Firenze. <\/span><span style=\"font-family: Arial, sans-serif; font-size: small;\">Un secondo premio ex-aequo a<\/span><span style=\"font-family: Arial, sans-serif; font-size: small;\">l mezzosoprano fer<\/span><span style=\"font-family: Arial, sans-serif; font-size: small;\">rarese <\/span><span style=\"font-family: Arial, sans-serif; font-size: small;\">Ester Ferraro e <\/span><span style=\"font-family: Arial, sans-serif; font-size: small;\">a<\/span><span style=\"font-family: Arial, sans-serif; font-size: small;\">l soprano Seohee Kang. <\/span><span style=\"font-family: Arial, sans-serif; font-size: small;\">Sul terzo scalino del podio \u00e8 salito il soprano Ronja Weyhenmeyer diplomata al Conservatorio Santa Cecilia in Roma. <\/span><span style=\"font-family: Arial, sans-serif; font-size: small;\">Molto apprezzato dalla giuria anche il timbro vocale del pi\u00f9 giovane dei finalisti, il baritono lucchese Nicola Farnesi. <\/span><span style=\"font-family: Arial, sans-serif; font-size: small;\">Il Maestro Edoardo Bottacin ha proposto a Ester Ferraro una parte nell&#8217;Autunno Musicale Trevigiano nell\u2019ambito del cartellone di Musincantus Aps. <\/span><span style=\"font-family: Arial, sans-serif; font-size: small;\">Infine il Maestro Christian Deliso, in collegamento da remoto, in chiusura di serata ha proposto al primo classificato, il baritono Eric Jung, un contratto con la neonata agenzia Ms artists management del Palace Festival di San Pietroburgo. <\/span><span style=\"font-family: Arial, sans-serif; font-size: small;\">Nel corso della serata anche il soprano bellunese Chiara Isotton si \u00e8 collegata da remoto con il palco del Teatro Comunale per augurare buona fortuna ai concorrenti.\u00a0\u00a0<\/span><\/p>\n<p>&nbsp;<\/p>\n<p>&nbsp;<\/p>\n<hr \/>\n<p>&nbsp;<\/p>\n<p>&nbsp;<\/p>\n<div class=\"page\" title=\"Page 1\">\n<div class=\"layoutArea\">\n<div class=\"column\">\n<blockquote>\n<h3>A FELTRE IL GENERALE SILVIO MAZZAROLI RACCONTA \u201cUNA VITA CON IL CAPPELLO ALPINO\u201d<\/h3>\n<\/blockquote>\n<p><strong>FELTRE <\/strong>Venerdi\u0300 8 aprile alle 20.30, nel Museo Diocesano di Feltre, si terra\u0300 la terza di una serie di conferenze organizzate dalla locale sezione dell\u2019Associazione Nazionale Alpini, nell\u2019ambito dei festeggiamenti per il suo centenario, intitolata \u201cUna vita con il Cappello Alpino\u201d. Relatore della serata sara\u0300 il Generale C.A. Silvio Mazzaroli. Originario di Trieste, il Generale e\u0300 stato ripetutamente impiegato presso lo Stato Maggiore dell\u2019Esercito nei settori ordinativo e logistico.<\/p>\n<p>&nbsp;<\/p>\n<p>&nbsp;<\/p>\n<hr \/>\n<p>&nbsp;<\/p>\n<blockquote>\n<h3>IRPEF E IMU, ARGOMENTI DA CONSIGLIO COMUNALE<\/h3>\n<\/blockquote>\n<p><strong>SAN TOMASO<\/strong> Giovedi alle 20 consiglio comunale, in discussione piano di illuminazione per il contenimento dell&#8217;inquimento luminoso; approvazione bilancio\u00a0 di esercizio e previsione dell&#8217;azienda Asca; prelevamento dal fondo di riserva.<\/p>\n<p><strong>\u00a0LIVINALLONGO<\/strong> Venerdi alle 18.30 consiglio comunale convocato dal sindaco Leandro Grones. All&#8217;ordine del giorno l&#8217;approvazione delle aliquote Imu e Irpef, verifica delle aree fabbricabili, approvazione del programma triennale delle opere pubbliche, aggiornamento del documento programmatico e approvazione dei regolamenti per le video conferenze e il godimento dei beni comunali d&#8217;uso civico.<\/p>\n<p><strong>FALCADE<\/strong> Consiglio comunale domenica alle 15, all&#8217;ordine del giorno approvazione programmi per l&#8217;affidamento di incarichi esterni; approvazione piano delle alienazioni immobiliari; imposta imu aliquote 2022-24; approvazione del documento unico di programmazione.<\/p>\n<p>&nbsp;<\/p>\n<hr \/>\n<p>&nbsp;<\/p>\n<p><strong>ARABBA.. SCIARE FINO A PASQUA<\/strong><\/p>\n<blockquote>\n<div class=\"\">\n<div class=\"\"><i class=\"\">Ma chi l&#8217;ha detto che a Pasqua \u00e8 troppo tardi per sciare? Ad Arabba \u00e8 possibile! Gli impianti di Porta Vescovo e del Passo Pordoi sono aperti tutti i giorni fino a\u00a0<span dir=\"ltr\">luned\u00ec 18 aprile<\/span>\u00a0compreso, per permettere a tutti gli amanti dello sci di farsi un&#8217;ultima sciata anche con l&#8217;arrivo della primavera! Piste vere per sciatori veri, ma anche un&#8217;ultima occasione per passare una giornata in quota tra le vette pi\u00f9 affascinanti delle Dolomiti.\u00a0<\/i><i class=\"\">Info e prezzi su\u00a0<a class=\"\" href=\"http:\/\/www.arabba.it\/\">www.arabba.it<\/a>\u00a0<\/i><\/div>\n<\/div>\n<\/blockquote>\n<p>&nbsp;<\/p>\n<p>&nbsp;<\/p>\n<hr \/>\n<p>&nbsp;<\/p>\n<blockquote>\n<h3>LE\u00a0 GIORNATE ECOLOGICHE A CENCENIGHE<\/h3>\n<\/blockquote>\n<p><strong>CENCENIGHE<\/strong> L&#8217;amministrazione comunale di Cencenighe in collaborazione con la Pro Loco ha organizzato per il\u00a0 fine settimana due giornate ecologiche per la raccolta di rifiuti abbandonati. Sabato 9 aprile il ritrovo alle 8 con l&#8217;assegnazione dell&#8217;area di pulizia, alle 13 il pranzo al Nof Fil\u00f2 e subito dopo l&#8217;eventuale prosecuzione dei lavori. Domenica 10 aprile il ritrovo alle 8 con l&#8217;assegnazione dell&#8217;area di pulizia e alle 12 il pranzo sempre al Nof Fil\u00f2. L&#8217;attrezzatura verr\u00e0 fornita da Valpe Ambiente e le immondizie raccolte saranno conferite all&#8217;ecocentro. I bambini che vogliono partecipare alle giornate dovranno essere accompagnati.<\/p>\n<p>&nbsp;<\/p>\n<p>&nbsp;<\/p>\n<hr \/>\n<p>&nbsp;<\/p>\n<blockquote>\n<h3>NUOVO TESSERAMENTO CAI<\/h3>\n<\/blockquote>\n<p><strong>AGORDO<\/strong> Il Cai di Agordo ricorda che per tutto il mese di aprile la sede sar\u00e0 aperta per il rinnovo del tesseramento il mercoled\u00ec dalle 9 alle 12 e il venerd\u00ec dalle 17 alle 19. A partire dal mese di maggio il rinnovo potr\u00e0 essere effettuato solo tramite bonifico bancario. Per informazioni o nuove iscrizioni contattare il 3280113612 oppure 3396218040.<\/p>\n<p>&nbsp;<\/p>\n<p>&nbsp;<\/p>\n<hr \/>\n<p>&nbsp;<\/p>\n<blockquote>\n<h3>SULLE ORME DI WALK OF FAME CON LA SCUOLA DI AGORDO<\/h3>\n<\/blockquote>\n<p><strong>AGORDO<\/strong> Sabato 9 aprile alle 11:10 nel cortile della scuola secondaria di I grado ad Agordo, gli alunni di treza B e C organizzano &#8220;Walk Of Fame&#8221;, per parlare di pace e di coloro che hanno ricevuto il Nobel. Evento all&#8217;aperto della durata di un&#8217;ora. in caso di maltempo verr\u00e0 spostato a sabato 23 aprile.<\/p>\n<p>&nbsp;<\/p>\n<p>&nbsp;<\/p>\n<hr \/>\n<p>&nbsp;<\/p>\n<blockquote>\n<h3>UNA SERATA DI TEATRO ORGANIZZATA DAL CIRCOLO DEI SARDI NEL BELLUNESE<\/h3>\n<\/blockquote>\n<p><strong>BELLUNO\u00a0<\/strong>Sabato alle 20:45 presso il Centro Diocesano Giovanni XXII di Belluno \u00e8 in programma lo spettacolo teatrale di Elisa Pistis dal titolo &#8220;Mistero Buffo&#8221;, scritto da Dario Fo e Franca Rame. Per informazioni 388 6458895 o via mail a robertoangus2@gmail.com<\/p>\n<p>&nbsp;<\/p>\n<hr \/>\n<p>&nbsp;<\/p>\n<blockquote>\n<h3>APPUNTAMENTI A LIMANA<\/h3>\n<\/blockquote>\n<p><span style=\"color: #000000;\"><strong>LIMANA<\/strong> Giovedi alle 20.30, &#8220;<i>Essere genitori nell&#8217;era digitale. Conoscere e capire per poter agire<\/i>&#8220;. Serata sul tema delle dipendenze tecnologiche nei giovani, con la psicologa psicoterapeuta Ilenia Merlin. Venerdi alle\u00a0 18, incontro pubblico con lo scrittore Riccardo Gazzaniga\u00a0 sui suoi 5 libri pubblicati. Modera l&#8217;incontro Daniela Gatto. Gli incontri si terranno presso la nuova Biblioteca di Limana. \u00a0Info 0437970868.<\/span><\/p>\n<p>&nbsp;<\/p>\n<\/div>\n<div class=\"column\">\n<hr \/>\n<p>&nbsp;<\/p>\n<blockquote>\n<h3><a class=\"dt-pswp-item\" href=\"https:\/\/www.radiopiu.net\/wordpress\/wp-content\/uploads\/2022\/04\/IMG_2477.jpg\" data-dt-img-description=\"\" data-large_image_width=\"1600\" data-large_image_height=\"1066\"><img loading=\"lazy\" decoding=\"async\" class=\" wp-image-268755 alignleft\" src=\"https:\/\/www.radiopiu.net\/wordpress\/wp-content\/uploads\/2022\/04\/IMG_2477-150x150.jpg\" alt=\"\" width=\"124\" height=\"124\" \/><\/a>CAMMINATURALMENTE CON ANACLETO BORANGA. IL PROSSIMO APPUNTAMENTO<\/h3>\n<\/blockquote>\n<p><strong>BELLUNO<\/strong> Lunedi 18 aprile villaggio di montagna in Val Canzoi, percorso su mulattiera di circa 4 chilometri, 150 metri di dislivello, durate 3 ore. Ritrovo alle 15 davanti alla chiesetta Eurosia al termine della frazione di Cesiomaggiore. Info 340 8769665<\/p>\n<p>&nbsp;<\/p>\n<hr \/>\n<p>&nbsp;<\/p>\n<blockquote class=\"wp-embedded-content\" data-secret=\"sBMiWr3M7y\"><p><a href=\"https:\/\/www.radiopiu.net\/wordpress\/famiglie-venete-indebitate-per-oltre-24-mila-euro-preoccupa-il-rischio-usura\/\">FAMIGLIE VENETE INDEBITATE PER OLTRE 24 MILA EURO. PREOCCUPA IL RISCHIO USURA<\/a><\/p><\/blockquote>\n<p><iframe loading=\"lazy\" class=\"wp-embedded-content\" sandbox=\"allow-scripts\" security=\"restricted\" style=\"position: absolute; clip: rect(1px, 1px, 1px, 1px);\" title=\"&#8220;FAMIGLIE VENETE INDEBITATE PER OLTRE 24 MILA EURO. PREOCCUPA IL RISCHIO USURA&#8221; &#8212; Radio Pi\u00f9\" src=\"https:\/\/www.radiopiu.net\/wordpress\/famiglie-venete-indebitate-per-oltre-24-mila-euro-preoccupa-il-rischio-usura\/embed\/#?secret=6831JxGXNV#?secret=sBMiWr3M7y\" data-secret=\"sBMiWr3M7y\" width=\"600\" height=\"338\" frameborder=\"0\" marginwidth=\"0\" marginheight=\"0\" scrolling=\"no\"><\/iframe><\/p>\n<p>&nbsp;<\/p>\n<hr \/>\n<blockquote>\n<h3>LA \u201cGUERRA DELLE CARTE BOLLATE\u201d COMBATTUTA IN GERMANIA DAL GELATIERE ZOLDANO ROBERTO PRA<\/h3>\n<\/blockquote>\n<p>&nbsp;<\/p>\n<p><strong>di RENATO BONA<\/strong><\/p>\n<p>A Nel libro \u201cPiccole grandi storie di emigranti\u201d, opera di: Ivano Pocchiesa, Mario Fornaro ed Aduo Vio, che lo hanno realizzato con Media diffusion editrice e l\u2019agenzia Polaris, foto di Bepi Zanfron, Dario Fontanive, Renato Idi, Aldo Pellencin, degli autori e-o dei protagonisti dei vari capitoli c\u2019\u00e8, fra gli altri, il racconto della \u201cguerra delle carte bollate\u201d, dopo quella vera, di un gelatiere zoldano cui, senza colpa alcuna, il nazismo sequestro la gelateria che conduceva a Lipsia. \u201cLa sua odissea \u00e8 cominciata coi gelati ed \u00e8 terminata con le carte bollate\u201d. Nel capitolo a lui dedicato comincia con queste sconcertanti parole la narrazione della vicenda che ha avuto per protagonista Roberto Pra, classe 1912, gelatiere zoldano, nativo di Dozza, emigrante fin da bambino. La si pu\u00f2 leggere nel pregevole \u201cPiccole e grandi storie di Emigranti\u201d, realizzato nel 1991 da Pocchiesa, Fornaro e Vio, tre amici di chi stende queste note convinto di trovare il consenso di quanti non possono reperire il volume. Torniamo a Roberto Pra, titolare nel 1939 di una gelateria in Germania, a Lipsia, coinvolto suo malgrado come altri suoi colleghi, in quanto \u2018proprietario di beni\u2019, \u201cnel cataclisma scatenato dal nazismo e dal fascismo fino all\u2019epilogo del 1945 con le bombe atomiche del Giappone. Si ricorda quindi che quando nel 1939 aveva inaugurato la sua bella gelateria \u201csperava s\u00ec nel suo negozio, nell\u2019Adolf Hitlerstrasse numero 62: non erano l\u00e0 per mangiare il gelato ma per\u2026 prendersi tutta la gelateria!\u201d. Pocchiesa-Fornaro-Vio spiegano quindi che: \u201cLo fecero con buone maniere, sequestrandogli tutto, e con la proverbiale precisione teutonica, redigendo anche un impeccabile verbale in cui erano annotati tutti i beni requisiti: in totale si trattava di 12.968 marchi e 14 pfenning. Inoltre gli venivano \u2018congelati\u2019 anche i 304 Reichsmark (marchi) depositati all\u2019Allgemeine Deutsch Credit-Anstalt-Depositenkasse a Leipzig\u201d. Dopo varie romanzesche vicissitudini, Roberto Pra era rientrato in Italia, ovviamente con le ricevute di esproprio. E siccome il tempo \u00e8 galantuomo, a Germania riunificata dopo il crollo del \u201cMuro di Berlino\u201d \u00e8 stato riaperto il termine per chiedere i \u201crimborsi di guerra\u201d e &#8211; commentano gli autori del libro . l\u2019occasione \u00e8 stata propizia a Roberto Pra, 79 anni, per un \u201camarcord\u201d sui tempi felici\u201d. Pagine di vita vissuta, con il nostro che aveva iniziato a vendere gelati a Finale Ligure, \u201ccon il classico carrettino degli ambulanti\u201d: molte ore di lavoro, tanti sacrifici ma anche la professionalit\u00e0 ed il successo. Ricordi, dicevamo; quello di Zara, ad esempio, quando la citt\u00e0 era punto franco, e lui vedeva arrivare le bianche navi che solcavano il mare\u2026 tra i suoi ospiti, il mitico Balbo \u201cdi cui conserva una fotografia nella quale un suo bambino \u00e8 in braccio al gerarca fascista\u201d. Ma anche altri golosi del suo ottino gelato; il pilota Stoppani, mito dell\u2019aviazione di quegli anni, il colonnello Franchini, il generale Messe\u2026 Dopo gli otto anni di Zara si trasfer\u00ec in Germania: alla domanda perch\u00e9 proprio in quel Paese, spieg\u00f2 che si era sposato ed il suocero, Giovan Battista Faghera, era a Lipsia dal 1913\u2026 La conclusione di questo racconto breve che ha avuto per protagonista il gelatiere zoldano \u00e8 cos\u00ec sintetizzata da Ivano Pocchiesa, Mario Fornaro ed Aduo Vio; \u201cOggi la parola ai documenti, alle fotocopie, ai consolati\u2026 Roberto Pra \u00e8 identificato nelle carte bollate, con la \u201cposizione n. 132\u2026\u201d. Sarebbe bello conoscere, se c\u2019\u00e8 stata, e quale, la fine di questa storia.<\/p>\n\n\t\t\t<style type='text\/css'>\n\t\t\t\t#gallery-6 {\n\t\t\t\t\tmargin: auto;\n\t\t\t\t}\n\t\t\t\t#gallery-6 .gallery-item {\n\t\t\t\t\tfloat: left;\n\t\t\t\t\tmargin-top: 10px;\n\t\t\t\t\ttext-align: center;\n\t\t\t\t\twidth: 33%;\n\t\t\t\t}\n\t\t\t\t#gallery-6 img {\n\t\t\t\t\tborder: 2px solid #cfcfcf;\n\t\t\t\t}\n\t\t\t\t#gallery-6 .gallery-caption {\n\t\t\t\t\tmargin-left: 0;\n\t\t\t\t}\n\t\t\t\t\/* see gallery_shortcode() in wp-includes\/media.php *\/\n\t\t\t<\/style>\n\t\t<div id='gallery-6' class='dt-gallery-container gallery galleryid-268647 gallery-columns-3 gallery-size-thumbnail'><dl class='gallery-item'>\n\t\t\t\t<dt class='gallery-icon portrait'>\n\t\t\t\t\t<a class=\"rollover rollover-zoom dt-pswp-item\" title=\"277706190_1043591016246295_5346177616274873692_n\" data-dt-img-description=\"\" data-large_image_width=\"155\" data-large_image_height=\"240\"href='https:\/\/www.radiopiu.net\/wordpress\/wp-content\/uploads\/2022\/04\/277706190_1043591016246295_5346177616274873692_n.jpg'><img loading=\"lazy\" decoding=\"async\" width=\"150\" height=\"150\" src=\"https:\/\/www.radiopiu.net\/wordpress\/wp-content\/uploads\/2022\/04\/277706190_1043591016246295_5346177616274873692_n-150x150.jpg\" class=\"attachment-thumbnail size-thumbnail\" alt=\"\" \/><\/a>\n\t\t\t\t<\/dt><\/dl><dl class='gallery-item'>\n\t\t\t\t<dt class='gallery-icon landscape'>\n\t\t\t\t\t<a class=\"rollover rollover-zoom dt-pswp-item\" title=\"277717524_313876087346355_2467235404512756853_n\" data-dt-img-description=\"\" data-large_image_width=\"350\" data-large_image_height=\"200\"href='https:\/\/www.radiopiu.net\/wordpress\/wp-content\/uploads\/2022\/04\/277717524_313876087346355_2467235404512756853_n.jpg'><img loading=\"lazy\" decoding=\"async\" width=\"150\" height=\"150\" src=\"https:\/\/www.radiopiu.net\/wordpress\/wp-content\/uploads\/2022\/04\/277717524_313876087346355_2467235404512756853_n-150x150.jpg\" class=\"attachment-thumbnail size-thumbnail\" alt=\"\" \/><\/a>\n\t\t\t\t<\/dt><\/dl><dl class='gallery-item'>\n\t\t\t\t<dt class='gallery-icon landscape'>\n\t\t\t\t\t<a class=\"rollover rollover-zoom dt-pswp-item\" title=\"277832752_1349798525495388_6448475239648294056_n\" data-dt-img-description=\"\" data-large_image_width=\"320\" data-large_image_height=\"202\"href='https:\/\/www.radiopiu.net\/wordpress\/wp-content\/uploads\/2022\/04\/277832752_1349798525495388_6448475239648294056_n-1.jpg'><img loading=\"lazy\" decoding=\"async\" width=\"150\" height=\"150\" src=\"https:\/\/www.radiopiu.net\/wordpress\/wp-content\/uploads\/2022\/04\/277832752_1349798525495388_6448475239648294056_n-1-150x150.jpg\" class=\"attachment-thumbnail size-thumbnail\" alt=\"\" \/><\/a>\n\t\t\t\t<\/dt><\/dl><br style=\"clear: both\" \/><dl class='gallery-item'>\n\t\t\t\t<dt class='gallery-icon landscape'>\n\t\t\t\t\t<a class=\"rollover rollover-zoom dt-pswp-item\" title=\"277611425_691528698760605_3985571475202377622_n\" data-dt-img-description=\"\" data-large_image_width=\"339\" data-large_image_height=\"206\"href='https:\/\/www.radiopiu.net\/wordpress\/wp-content\/uploads\/2022\/04\/277611425_691528698760605_3985571475202377622_n.jpg'><img loading=\"lazy\" decoding=\"async\" width=\"150\" height=\"150\" src=\"https:\/\/www.radiopiu.net\/wordpress\/wp-content\/uploads\/2022\/04\/277611425_691528698760605_3985571475202377622_n-150x150.jpg\" class=\"attachment-thumbnail size-thumbnail\" alt=\"\" \/><\/a>\n\t\t\t\t<\/dt><\/dl><dl class='gallery-item'>\n\t\t\t\t<dt class='gallery-icon landscape'>\n\t\t\t\t\t<a class=\"rollover rollover-zoom dt-pswp-item\" title=\"277707743_2276764022492457_1462239738281189182_n\" data-dt-img-description=\"\" data-large_image_width=\"280\" data-large_image_height=\"204\"href='https:\/\/www.radiopiu.net\/wordpress\/wp-content\/uploads\/2022\/04\/277707743_2276764022492457_1462239738281189182_n.jpg'><img loading=\"lazy\" decoding=\"async\" width=\"150\" height=\"150\" src=\"https:\/\/www.radiopiu.net\/wordpress\/wp-content\/uploads\/2022\/04\/277707743_2276764022492457_1462239738281189182_n-150x150.jpg\" class=\"attachment-thumbnail size-thumbnail\" alt=\"\" \/><\/a>\n\t\t\t\t<\/dt><\/dl><dl class='gallery-item'>\n\t\t\t\t<dt class='gallery-icon landscape'>\n\t\t\t\t\t<a class=\"rollover rollover-zoom dt-pswp-item\" title=\"277688369_983676775855717_7032727167834208345_n\" data-dt-img-description=\"\" data-large_image_width=\"264\" data-large_image_height=\"206\"href='https:\/\/www.radiopiu.net\/wordpress\/wp-content\/uploads\/2022\/04\/277688369_983676775855717_7032727167834208345_n.jpg'><img loading=\"lazy\" decoding=\"async\" width=\"150\" height=\"150\" src=\"https:\/\/www.radiopiu.net\/wordpress\/wp-content\/uploads\/2022\/04\/277688369_983676775855717_7032727167834208345_n-150x150.jpg\" class=\"attachment-thumbnail size-thumbnail\" alt=\"\" \/><\/a>\n\t\t\t\t<\/dt><\/dl><br style=\"clear: both\" \/><dl class='gallery-item'>\n\t\t\t\t<dt class='gallery-icon '>\n\t\t\t\t\t<a class=\"rollover rollover-zoom dt-pswp-item\" title=\"277257445_300899905344653_1038346659440267695_n\" data-dt-img-description=\"\" data-large_image_width=\"0\" data-large_image_height=\"0\"href='https:\/\/www.radiopiu.net\/wordpress\/wp-content\/uploads\/2022\/04\/277257445_300899905344653_1038346659440267695_n.jpg'><img loading=\"lazy\" decoding=\"async\" width=\"1\" height=\"1\" src=\"https:\/\/www.radiopiu.net\/wordpress\/wp-content\/uploads\/2022\/04\/277257445_300899905344653_1038346659440267695_n.jpg\" class=\"attachment-thumbnail size-thumbnail\" alt=\"\" \/><\/a>\n\t\t\t\t<\/dt><\/dl><dl class='gallery-item'>\n\t\t\t\t<dt class='gallery-icon landscape'>\n\t\t\t\t\t<a class=\"rollover rollover-zoom dt-pswp-item\" title=\"277616142_1021476915123091_1340526982235463717_n\" data-dt-img-description=\"\" data-large_image_width=\"224\" data-large_image_height=\"206\"href='https:\/\/www.radiopiu.net\/wordpress\/wp-content\/uploads\/2022\/04\/277616142_1021476915123091_1340526982235463717_n-1.jpg'><img loading=\"lazy\" decoding=\"async\" width=\"150\" height=\"150\" src=\"https:\/\/www.radiopiu.net\/wordpress\/wp-content\/uploads\/2022\/04\/277616142_1021476915123091_1340526982235463717_n-1-150x150.jpg\" class=\"attachment-thumbnail size-thumbnail\" alt=\"\" \/><\/a>\n\t\t\t\t<\/dt><\/dl><dl class='gallery-item'>\n\t\t\t\t<dt class='gallery-icon landscape'>\n\t\t\t\t\t<a class=\"rollover rollover-zoom dt-pswp-item\" title=\"277822201_357929366349260_4623774876808580329_n\" data-dt-img-description=\"\" data-large_image_width=\"346\" data-large_image_height=\"206\"href='https:\/\/www.radiopiu.net\/wordpress\/wp-content\/uploads\/2022\/04\/277822201_357929366349260_4623774876808580329_n.jpg'><img loading=\"lazy\" decoding=\"async\" width=\"150\" height=\"150\" src=\"https:\/\/www.radiopiu.net\/wordpress\/wp-content\/uploads\/2022\/04\/277822201_357929366349260_4623774876808580329_n-150x150.jpg\" class=\"attachment-thumbnail size-thumbnail\" alt=\"\" \/><\/a>\n\t\t\t\t<\/dt><\/dl><br style=\"clear: both\" \/>\n\t\t\t<\/div>\n\n<p>NELLE FOTO (riproduzioni dal libro\u201dPiccole Grandi storie di emigranti\u201d): immagine piuttosto scura di Roberto Pra con i capelli imbiancati; eccolo, a sinistra, con i suoceri \u201cTita Faghera\u201d e la moglie Caterina Serafin nella gelateria del suocero Gio Batta (Titta) Faghera; la licenza rilasciata a Roberto Pra nel 1939; l\u2019inventario dettagliato dei beni che gli furono sequestrati; Nortingen, Germania: il gelatiere e moglie davanti ad uno dei locali posseduti; ancora i due all\u2019interno della gelateria \u201cPra Obertor\u201d; il libretto dei risparmi; avviata al ministero del Tesoro la pratica per il rimborso dei danni subiti sotto il nazismo da Pra; corrispondenza col ministero italiano.<\/p>\n<p>&nbsp;<\/p>\n<hr \/>\n<p>&nbsp;<\/p>\n<blockquote>\n<h3>AL RIFUGIO PADON&#8230;CON I CAMPIONI<\/h3>\n<\/blockquote>\n<p><strong><a class=\"dt-pswp-item\" href=\"https:\/\/www.radiopiu.net\/wordpress\/wp-content\/uploads\/2022\/04\/ee3ace24-adce-443a-9918-0d0c26a0135a.jpg\" data-dt-img-description=\"\" data-large_image_width=\"1200\" data-large_image_height=\"1600\"><img loading=\"lazy\" decoding=\"async\" class=\"size-thumbnail wp-image-268702 alignleft\" src=\"https:\/\/www.radiopiu.net\/wordpress\/wp-content\/uploads\/2022\/04\/ee3ace24-adce-443a-9918-0d0c26a0135a-150x150.jpg\" alt=\"\" width=\"150\" height=\"150\" \/><\/a>ROCCA PIETORE<\/strong> Fine stagione da campioni al Rifugio Padon, nel fine settimana ha fatto infatti la sua comparsa Max Biaggi, eccolo con Fabiola Bellenzier, emozionata ma con il sorriso contagioso<\/p>\n<p>&nbsp;<\/p>\n<p><b>Massimiliano Biaggi<\/b>, detto\u00a0<b>Max<\/b> \u00a0un\u00a0<a title=\"Motociclismo\" href=\"https:\/\/it.wikipedia.org\/wiki\/Motociclismo\">pilota motociclistico<\/a>\u00a0e\u00a0<a title=\"Dirigente\" href=\"https:\/\/it.wikipedia.org\/wiki\/Dirigente\">dirigente sportivo<\/a>\u00a0<a title=\"Italia\" href=\"https:\/\/it.wikipedia.org\/wiki\/Italia\">italiano<\/a>. Tra i piloti pi\u00f9 vittoriosi della sua generazione, \u00e8 stato quattro volte campione del mondo nella\u00a0<a title=\"Classe 250\" href=\"https:\/\/it.wikipedia.org\/wiki\/Classe_250\">classe 250<\/a>\u00a0(consecutivamente dal\u00a0<a title=\"Motomondiale 1994\" href=\"https:\/\/it.wikipedia.org\/wiki\/Motomondiale_1994\">1994<\/a>\u00a0al\u00a0<a title=\"Motomondiale 1997\" href=\"https:\/\/it.wikipedia.org\/wiki\/Motomondiale_1997\">1997<\/a>) e due volte campione\u00a0<a class=\"mw-redirect\" title=\"Mondiale Superbike\" href=\"https:\/\/it.wikipedia.org\/wiki\/Mondiale_Superbike\">mondiale Superbike<\/a>\u00a0(<a title=\"Campionato mondiale Superbike 2010\" href=\"https:\/\/it.wikipedia.org\/wiki\/Campionato_mondiale_Superbike_2010\">2010<\/a>\u00a0e\u00a0<a title=\"Campionato mondiale Superbike 2012\" href=\"https:\/\/it.wikipedia.org\/wiki\/Campionato_mondiale_Superbike_2012\">2012<\/a>). Detiene con il britannico\u00a0<a title=\"Phil Read\" href=\"https:\/\/it.wikipedia.org\/wiki\/Phil_Read\">Phil Read<\/a>\u00a0il primato assoluto di titoli conquistati nella 250, mentre con gli allori conseguiti nelle derivate di serie \u00e8 stato il primo italiano a trionfare in questa categoria; con lo statunitense\u00a0<a title=\"John Kocinski\" href=\"https:\/\/it.wikipedia.org\/wiki\/John_Kocinski\">John Kocinski<\/a>\u00a0condivide l&#8217;eccezionalit\u00e0 dell&#8217;essere riuscito a vincere un campionato mondiale sia con motociclette prototipo sia con le derivate dalla produzione.<\/p>\n<p>&nbsp;<\/p>\n<hr \/>\n<p>&nbsp;<\/p>\n<h2><span style=\"color: #ff0000;\">IERI ALLA RADIO<\/span><\/h2>\n<p><strong>DA IERI A TAIBON AGORDINO IL NUOVO NEGOZIO DI PAOLA E JENNI<\/strong><\/p>\n<p><strong><img loading=\"lazy\" decoding=\"async\" class=\"alignleft\" src=\"https:\/\/www.radiopiu.net\/wordpress\/wp-content\/uploads\/2022\/04\/Senza-nome-2.jpg\" width=\"271\" height=\"171\" \/>TAIBON<\/strong>\u00a0 Finalmente una bella notizia che fa da contraltare alle continue chiusure che hanno caratterizzato gli ultimi anni a Taibon Agordino.\u00a0 Paola e Jenni hanno deciso di crederci e hanno creato il loro nuovo negozio a Peden, sulla strada per Villanova dove fino a qualche anno fa l&#8217;edicola La Cenerentolai. Ben venga un nuovo prodotto per il paese, la Conca Agordina e la vallata.<\/p>\n<p>&nbsp;<\/p>\n<p><strong>LO SPECIALE ALLA RADIO, ALLO ZERO TERMICO<\/strong><\/p>\n<p><span style=\"color: #ff0000;\"><em>ZERO TERMICO E\u2019 UN VIAGGIO ALLA SCOPERTA DEL NOSTRO TERRITORIO, DALLA VOCE DEI PROTAGONISTI. TURISMO, SPORT, EVENTI, CULTURA, INTRATTENIMENTO. DAL LUNEDI\u2019 AL VENERDI ALLE 15.10 ALLE 20.30. ZERO TERMICO. UN APPUNTAMENTO IN COLLABORAZIONE CON: SPORT 203. LA NATURALE PORTA D\u2019INGRESSO\u2026.VERSO LO ZERO TERMICO. LOCALITA\u2019 LE CAMPE STRADA AGORDO BELLUNO. ABBIGLIAMENTO E ATTREZZATURA\u2026.DEDICATI A CHI AMA LA MONTAGNA.<\/em><\/span><br \/>\n<strong>di CLAUDIO FONTANIVE<\/strong><\/p>\n<audio class=\"wp-audio-shortcode\" id=\"audio-268647-11\" preload=\"none\" style=\"width: 100%;\" controls=\"controls\"><source type=\"audio\/mpeg\" src=\"https:\/\/www.radiopiu.net\/wordpress\/wp-content\/uploads\/2022\/04\/PAOLA-JENNY-4-APRILE.mp3?_=11\" \/><a href=\"https:\/\/www.radiopiu.net\/wordpress\/wp-content\/uploads\/2022\/04\/PAOLA-JENNY-4-APRILE.mp3\">https:\/\/www.radiopiu.net\/wordpress\/wp-content\/uploads\/2022\/04\/PAOLA-JENNY-4-APRILE.mp3<\/a><\/audio>\n<p>&nbsp;<\/p>\n<p>&nbsp;<\/p>\n<hr \/>\n<p>&nbsp;<\/p>\n<blockquote class=\"wp-embedded-content\" data-secret=\"W4PKlDxk3u\"><p><a href=\"https:\/\/www.radiopiu.net\/wordpress\/39anniradiopiuaasaaaaaa\/\">39 ANNI DI RADIO&#8230; PAGINA DI STORIA,  SOPPELSA IL FOLLETTO AL PONTE&#8230;<\/a><\/p><\/blockquote>\n<p><iframe loading=\"lazy\" class=\"wp-embedded-content\" sandbox=\"allow-scripts\" security=\"restricted\" style=\"position: absolute; clip: rect(1px, 1px, 1px, 1px);\" title=\"&#8220;39 ANNI DI RADIO&#8230; PAGINA DI STORIA,  SOPPELSA IL FOLLETTO AL PONTE&#8230;&#8221; &#8212; Radio Pi\u00f9\" src=\"https:\/\/www.radiopiu.net\/wordpress\/39anniradiopiuaasaaaaaa\/embed\/#?secret=WKGAqi43Is#?secret=W4PKlDxk3u\" data-secret=\"W4PKlDxk3u\" width=\"600\" height=\"338\" frameborder=\"0\" marginwidth=\"0\" marginheight=\"0\" scrolling=\"no\"><\/iframe><\/p>\n<p>&nbsp;<\/p>\n<hr \/>\n<p>&nbsp;<\/p>\n<div>\n<div class=\"b654a4as d2edcug0\">\n<div class=\"rq0escxv hkbzh7o3 jwdofwj8 n8tt0mok r8blr3vg hyh9befq\">\n<p><a class=\"dt-pswp-item\" href=\"https:\/\/www.radiopiu.net\/wordpress\/wp-content\/uploads\/2020\/10\/pp.jpg\" data-dt-img-description=\"\" data-large_image_width=\"640\" data-large_image_height=\"640\"><img loading=\"lazy\" decoding=\"async\" class=\"wp-image-163678 alignleft\" src=\"https:\/\/www.radiopiu.net\/wordpress\/wp-content\/uploads\/2020\/10\/pp-300x300.jpg\" alt=\"\" width=\"106\" height=\"106\" srcset=\"https:\/\/www.radiopiu.net\/wordpress\/wp-content\/uploads\/2020\/10\/pp-300x300.jpg 300w, https:\/\/www.radiopiu.net\/wordpress\/wp-content\/uploads\/2020\/10\/pp-150x150.jpg 150w, https:\/\/www.radiopiu.net\/wordpress\/wp-content\/uploads\/2020\/10\/pp-125x125.jpg 125w, https:\/\/www.radiopiu.net\/wordpress\/wp-content\/uploads\/2020\/10\/pp-200x200.jpg 200w, https:\/\/www.radiopiu.net\/wordpress\/wp-content\/uploads\/2020\/10\/pp-80x80.jpg 80w, https:\/\/www.radiopiu.net\/wordpress\/wp-content\/uploads\/2020\/10\/pp-480x480.jpg 480w, https:\/\/www.radiopiu.net\/wordpress\/wp-content\/uploads\/2020\/10\/pp.jpg 640w\" sizes=\"auto, (max-width: 106px) 100vw, 106px\" \/><\/a><\/p>\n<\/div>\n<\/div>\n<\/div>\n<div>\n<div class=\"page-title-head hgroup\">\n<div class=\"page-title-head hgroup\">\n<div class=\"b654a4as d2edcug0\">\n<div class=\"j83agx80 btwxx1t3 lhclo0ds hop8lmos nkwizq5d scwd0bx6 roh60bw9\">\n<div class=\"rq0escxv hkbzh7o3 jwdofwj8 n8tt0mok r8blr3vg hyh9befq\">\n<div class=\"do00u71z l9j0dhe7 k4urcfbm\">\n<h2><span style=\"color: #000080;\">\u00a0<\/span><span style=\"color: #000080;\">DON CESARE, IL PENSIERO DEL GIORNO. ALLA RADIO ALLE 7 DEL MATTINO E ALLE 19.30 DELLA SERA.\u00a0<\/span><\/h2>\n<\/div>\n<\/div>\n<\/div>\n<\/div>\n<\/div>\n<\/div>\n<\/div>\n<audio class=\"wp-audio-shortcode\" id=\"audio-268647-12\" preload=\"none\" style=\"width: 100%;\" controls=\"controls\"><source type=\"audio\/mpeg\" src=\"https:\/\/www.radiopiu.net\/wordpress\/wp-content\/uploads\/2022\/04\/cesare.mp3?_=12\" \/><a href=\"https:\/\/www.radiopiu.net\/wordpress\/wp-content\/uploads\/2022\/04\/cesare.mp3\">https:\/\/www.radiopiu.net\/wordpress\/wp-content\/uploads\/2022\/04\/cesare.mp3<\/a><\/audio>\n<p>&nbsp;<\/p>\n<hr \/>\n<p>&nbsp;<\/p>\n<h3 class=\"kvgmc6g5 cxmmr5t8 oygrvhab hcukyx3x c1et5uql\"><span style=\"color: #0000ff;\"><strong>INFORMAZIONE il canale su TELEGRAM informazione di prima mano e in tempo reale. iscriviti ed aiutaci a farlo conoscere\u00a0 \u00a0<\/strong><\/span><\/h3>\n<blockquote>\n<h3><a class=\"dt-pswp-item\" href=\"https:\/\/www.radiopiu.net\/wordpress\/wp-content\/uploads\/2022\/04\/primavera.jpg\" data-dt-img-description=\"The yellow daffodil (Narcissus) blooming in the garden\" data-large_image_width=\"800\" data-large_image_height=\"533\"><img loading=\"lazy\" decoding=\"async\" class=\"size-thumbnail wp-image-268711 alignleft\" src=\"https:\/\/www.radiopiu.net\/wordpress\/wp-content\/uploads\/2022\/04\/primavera-150x150.jpg\" alt=\"\" width=\"150\" height=\"150\" \/><\/a>ZERO IN CONDOTTA&#8230; IL LUNEDI LA SCUOLA ALLA RADIO<\/h3>\n<\/blockquote>\n<p><strong>TUTTI I LUNEDI ALLE 10,30 E 1900, LA DOMENICA ALLE 8 007 IN CONDOTTA, LA SCUOLA CON LA PROF. MARIA ROSA SALMAZO E CLAUDIO FONTANIVE, IN PODCAST TUTTE LE PUNTATE DELLE ULTIME STAGIONI.\u00a0<\/strong><\/p>\n<p><em><strong>PUNTATA DEL 04 APRILE 2022<\/strong><\/em><\/p>\n<audio class=\"wp-audio-shortcode\" id=\"audio-268647-13\" preload=\"none\" style=\"width: 100%;\" controls=\"controls\"><source type=\"audio\/mpeg\" src=\"https:\/\/www.radiopiu.net\/wordpress\/wp-content\/uploads\/2022\/04\/007-condotta-4-aprile.mp3?_=13\" \/><a href=\"https:\/\/www.radiopiu.net\/wordpress\/wp-content\/uploads\/2022\/04\/007-condotta-4-aprile.mp3\">https:\/\/www.radiopiu.net\/wordpress\/wp-content\/uploads\/2022\/04\/007-condotta-4-aprile.mp3<\/a><\/audio>\n<p>&nbsp;<\/p>\n<p><strong>LA RACCOLTA COMPLETA\u00a0<\/strong><\/p>\n<blockquote class=\"wp-embedded-content\" data-secret=\"FyaKtbB4Ox\"><p><a href=\"https:\/\/www.radiopiu.net\/wordpress\/007incondotta-9\/\">007 in condotta<\/a><\/p><\/blockquote>\n<p><iframe loading=\"lazy\" class=\"wp-embedded-content\" sandbox=\"allow-scripts\" security=\"restricted\" style=\"position: absolute; clip: rect(1px, 1px, 1px, 1px);\" title=\"&#8220;007 in condotta&#8221; &#8212; Radio Pi\u00f9\" src=\"https:\/\/www.radiopiu.net\/wordpress\/007incondotta-9\/embed\/#?secret=5swkJHKotU#?secret=FyaKtbB4Ox\" data-secret=\"FyaKtbB4Ox\" width=\"600\" height=\"338\" frameborder=\"0\" marginwidth=\"0\" marginheight=\"0\" scrolling=\"no\"><\/iframe><\/p>\n<p>&nbsp;<\/p>\n<p>&nbsp;<\/p>\n<hr \/>\n<p>&nbsp;<\/p>\n<div class=\"do00u71z l9j0dhe7 k4urcfbm\">\n<div class=\"page-title-head hgroup\">\n<div class=\"page-title-head hgroup\">\n<div class=\"b654a4as d2edcug0\">\n<div class=\"j83agx80 btwxx1t3 lhclo0ds hop8lmos nkwizq5d scwd0bx6 roh60bw9\">\n<div class=\"rq0escxv hkbzh7o3 jwdofwj8 n8tt0mok r8blr3vg hyh9befq\">\n<div class=\"do00u71z l9j0dhe7 k4urcfbm\">\n<div class=\"page-title-head hgroup\">\n<div class=\"page-title-head hgroup\">\n<div class=\"b654a4as d2edcug0\">\n<div class=\"j83agx80 btwxx1t3 lhclo0ds hop8lmos nkwizq5d scwd0bx6 roh60bw9\">\n<div class=\"rq0escxv hkbzh7o3 jwdofwj8 n8tt0mok r8blr3vg hyh9befq\">\n<div class=\"do00u71z l9j0dhe7 k4urcfbm\">\n<div class=\"ecm0bbzt e5nlhep0 a8c37x1j\">\n<div class=\"kvgmc6g5 cxmmr5t8 oygrvhab hcukyx3x c1et5uql\">\n<div class=\"gmail-kvgmc6g5 gmail-cxmmr5t8 gmail-oygrvhab gmail-hcukyx3x gmail-c1et5uql gmail-ii04i59q\">\n<div class=\"page-title-head hgroup\">\n<div class=\"page-title-head hgroup\">\n<div class=\"b654a4as d2edcug0\">\n<div class=\"j83agx80 btwxx1t3 lhclo0ds hop8lmos nkwizq5d scwd0bx6 roh60bw9\">\n<div class=\"rq0escxv hkbzh7o3 jwdofwj8 n8tt0mok r8blr3vg hyh9befq\">\n<div class=\"do00u71z l9j0dhe7 k4urcfbm\">\n<div class=\"page-title-head hgroup\">\n<div class=\"page-title-head hgroup\">\n<div class=\"b654a4as d2edcug0\">\n<div class=\"j83agx80 btwxx1t3 lhclo0ds hop8lmos nkwizq5d scwd0bx6 roh60bw9\">\n<div class=\"rq0escxv hkbzh7o3 jwdofwj8 n8tt0mok r8blr3vg hyh9befq\">\n<div class=\"do00u71z l9j0dhe7 k4urcfbm\">\n<div class=\"page-title-head hgroup\">\n<div class=\"page-title-head hgroup\">\n<div class=\"b654a4as d2edcug0\">\n<div class=\"j83agx80 btwxx1t3 lhclo0ds hop8lmos nkwizq5d scwd0bx6 roh60bw9\">\n<div class=\"rq0escxv hkbzh7o3 jwdofwj8 n8tt0mok r8blr3vg hyh9befq\">\n<div class=\"do00u71z l9j0dhe7 k4urcfbm\">\n<div class=\"ecm0bbzt e5nlhep0 a8c37x1j\">\n<div class=\"kvgmc6g5 cxmmr5t8 oygrvhab hcukyx3x c1et5uql\">\n<div class=\"gmail-kvgmc6g5 gmail-cxmmr5t8 gmail-oygrvhab gmail-hcukyx3x gmail-c1et5uql gmail-ii04i59q\">\n<div class=\"page-title-head hgroup\">\n<div class=\"page-title-head hgroup\">\n<div class=\"b654a4as d2edcug0\">\n<div class=\"j83agx80 btwxx1t3 lhclo0ds hop8lmos nkwizq5d scwd0bx6 roh60bw9\">\n<div class=\"rq0escxv hkbzh7o3 jwdofwj8 n8tt0mok r8blr3vg hyh9befq\">\n<div class=\"do00u71z l9j0dhe7 k4urcfbm\">\n<blockquote>\n<h3><span style=\"color: #ff0000;\">IN VIVO VERSO, SETTIMA STAGIONE CON BRUNELLA MORO, DAL LUNEDI AL VENERDI ALLE 7.10, 10.10 E 18.50\u00a0\u00a0<\/span><\/h3>\n<h3>LUNGO IL FIUME di MARIANO GROSSI<\/h3>\n<\/blockquote>\n<p><strong>AUDIO<\/strong><\/p>\n<audio class=\"wp-audio-shortcode\" id=\"audio-268647-14\" preload=\"none\" style=\"width: 100%;\" controls=\"controls\"><source type=\"audio\/mpeg\" src=\"https:\/\/www.radiopiu.net\/wordpress\/wp-content\/uploads\/2022\/04\/01-MARIANO-GROSSI-LUNGO-IL-FIUME.mp3?_=14\" \/><a href=\"https:\/\/www.radiopiu.net\/wordpress\/wp-content\/uploads\/2022\/04\/01-MARIANO-GROSSI-LUNGO-IL-FIUME.mp3\">https:\/\/www.radiopiu.net\/wordpress\/wp-content\/uploads\/2022\/04\/01-MARIANO-GROSSI-LUNGO-IL-FIUME.mp3<\/a><\/audio>\n<p>&nbsp;<\/p>\n<p><img decoding=\"async\" class=\"alignleft\" src=\"https:\/\/www.radiopiu.net\/wordpress\/wp-content\/uploads\/2022\/04\/foto-mariano-grossi-225x300-1.jpg\" \/><strong>LUNGO IL FIUME<\/strong><\/p>\n<p>L\u00e0 lungo quelle sponde di quel fiume argentato<br \/>\nche tante volte vide il corpo tuo avvinghiato<br \/>\nal mio ebbro e felice di quell&#8217;amore immenso,<br \/>\ntornavano i tuoi occhi dentro un rimpianto denso.<br \/>\nTroncasti l\u00ec seduta tutti i nostri discorsi<br \/>\nlasciandomi da solo gi\u00e0 preda dei rimorsi,<br \/>\nperch\u00e9 quel nostro amore vissuto lungo il fiume<br \/>\ndoveva esser protetto come un uccello implume,<br \/>\nmentre io lo delusi, per colpa mi distrassi<br \/>\ne verso un&#8217;altra riva tu dileguasti i passi.<br \/>\nOra che da lontano riaffiora il dolce sguardo,<br \/>\nio triste mi arrovello per quel grave ritardo<br \/>\ncon cui compresi alfine il bene che ho perduto,<br \/>\nmentre lungo quel fiume da solo sto seduto.<\/p>\n<p>&nbsp;<\/p>\n<p><strong>LA RACCOLTA COMPLETA\u00a0<\/strong><\/p>\n<blockquote class=\"wp-embedded-content\" data-secret=\"MjW18IZUBR\"><p><a href=\"https:\/\/www.radiopiu.net\/wordpress\/in-vivo-verso\/\">In Vivo Verso<\/a><\/p><\/blockquote>\n<p><iframe loading=\"lazy\" class=\"wp-embedded-content\" sandbox=\"allow-scripts\" security=\"restricted\" style=\"position: absolute; clip: rect(1px, 1px, 1px, 1px);\" title=\"&#8220;In Vivo Verso&#8221; &#8212; Radio Pi\u00f9\" src=\"https:\/\/www.radiopiu.net\/wordpress\/in-vivo-verso\/embed\/#?secret=0RZXXCH4du#?secret=MjW18IZUBR\" data-secret=\"MjW18IZUBR\" width=\"600\" height=\"338\" frameborder=\"0\" marginwidth=\"0\" marginheight=\"0\" scrolling=\"no\"><\/iframe><\/p>\n<p>&nbsp;<\/p>\n<hr \/>\n<p>&nbsp;<\/p>\n<h2><span style=\"color: #808000;\">GOCCE DI FILOSOFIA<\/span><\/h2>\n<p>AUDIO<\/p>\n<audio class=\"wp-audio-shortcode\" id=\"audio-268647-15\" preload=\"none\" style=\"width: 100%;\" controls=\"controls\"><source type=\"audio\/mpeg\" src=\"https:\/\/www.radiopiu.net\/wordpress\/wp-content\/uploads\/2022\/04\/FI1.mp3?_=15\" \/><a href=\"https:\/\/www.radiopiu.net\/wordpress\/wp-content\/uploads\/2022\/04\/FI1.mp3\">https:\/\/www.radiopiu.net\/wordpress\/wp-content\/uploads\/2022\/04\/FI1.mp3<\/a><\/audio>\n<p>&nbsp;<\/p>\n<p>&nbsp;<\/p>\n<p><strong>LA RACCOLTA COMPLETA<\/strong><\/p>\n<blockquote class=\"wp-embedded-content\" data-secret=\"zll9dVjY9W\"><p><a href=\"https:\/\/www.radiopiu.net\/wordpress\/gocce-filosofia\/\">Gocce di filosofia, PRIMA E SECONDA STAGIONE 2022<\/a><\/p><\/blockquote>\n<p><iframe loading=\"lazy\" class=\"wp-embedded-content\" sandbox=\"allow-scripts\" security=\"restricted\" style=\"position: absolute; clip: rect(1px, 1px, 1px, 1px);\" title=\"&#8220;Gocce di filosofia, PRIMA E SECONDA STAGIONE 2022&#8221; &#8212; Radio Pi\u00f9\" src=\"https:\/\/www.radiopiu.net\/wordpress\/gocce-filosofia\/embed\/#?secret=w0eArJrwUA#?secret=zll9dVjY9W\" data-secret=\"zll9dVjY9W\" width=\"600\" height=\"338\" frameborder=\"0\" marginwidth=\"0\" marginheight=\"0\" scrolling=\"no\"><\/iframe><\/p>\n<p>&nbsp;<\/p>\n<hr \/>\n<p>&nbsp;<\/p>\n<p>&nbsp;<\/p>\n<p><span style=\"color: #0000ff;\">MUSICA PIU&#8217;\u00a0<\/span><\/p>\n<p><a href=\"https:\/\/www.radiopiu.net\/wordpress\/giornale-radiopiu-20-settembre-2021-direttore-mirko-mezzacasa\/pp-79\/\" rel=\"attachment wp-att-232921\"><img loading=\"lazy\" decoding=\"async\" class=\"wp-image-232921 alignleft\" src=\"https:\/\/www.radiopiu.net\/wordpress\/wp-content\/uploads\/2021\/09\/pp-1-300x300.jpg\" alt=\"\" width=\"135\" height=\"135\" srcset=\"https:\/\/www.radiopiu.net\/wordpress\/wp-content\/uploads\/2021\/09\/pp-1-300x300.jpg 300w, https:\/\/www.radiopiu.net\/wordpress\/wp-content\/uploads\/2021\/09\/pp-1-150x150.jpg 150w, https:\/\/www.radiopiu.net\/wordpress\/wp-content\/uploads\/2021\/09\/pp-1.jpg 640w\" sizes=\"auto, (max-width: 135px) 100vw, 135px\" \/><\/a><\/p>\n<div class=\"mkdf-post-text\">\n<div class=\"mkdf-post-text-inner\">\n<div class=\"mkdf-post-text-main\">\n<div class=\"mkdf-post-text\">\n<div class=\"mkdf-post-text-inner\">\n<div class=\"mkdf-post-text-main\">\n<div class=\"mkdf-post-text\">\n<div class=\"mkdf-post-text-inner\">\n<div class=\"mkdf-post-text-main\">\n<div class=\"page-title-head hgroup\">\n<div class=\"page-title-head hgroup\">\n<div class=\"mkdf-post-text\">\n<div class=\"mkdf-post-text-inner\">\n<div class=\"mkdf-post-text-main\">\n<div class=\"mkdf-post-text\">\n<div class=\"mkdf-post-text-inner\">\n<div class=\"mkdf-post-text-main\">\n<div class=\"page-title-head hgroup\">\n<div class=\"page-title-head hgroup\">\n<div class=\"page-title-head hgroup\">\n<div class=\"page-title-head hgroup\">\n<div class=\"b654a4as d2edcug0\">\n<div class=\"page-title-head hgroup\">\n<div class=\"page-title-head hgroup\">\n<div class=\"page-title-head hgroup\">\n<div class=\"page-title-head hgroup\">\n<div class=\"b654a4as d2edcug0\">\n<div class=\"page-title-head hgroup\">\n<div class=\"page-title-head hgroup\">\n<div class=\"page-title-head hgroup\">\n<div class=\"page-title-head hgroup\">\n<div class=\"b654a4as d2edcug0\">\n<div class=\"mkdf-post-text\">\n<div class=\"mkdf-post-text-inner\">\n<div class=\"mkdf-post-text-main\">\n<div class=\"mkdf-post-text\">\n<div class=\"mkdf-post-text-inner\">\n<div class=\"mkdf-post-text-main\">\n<div class=\"mkdf-post-text\">\n<div class=\"mkdf-post-text-inner\">\n<div class=\"mkdf-post-text-main\">\n<div class=\"page-title-head hgroup\">\n<div class=\"page-title-head hgroup\">\n<div class=\"mkdf-post-text\">\n<div class=\"mkdf-post-text-inner\">\n<div class=\"mkdf-post-text-main\">\n<div class=\"mkdf-post-text\">\n<div class=\"mkdf-post-text-inner\">\n<div class=\"mkdf-post-text-main\">\n<div class=\"page-title-head hgroup\">\n<div class=\"page-title-head hgroup\">\n<div class=\"page-title-head hgroup\">\n<div class=\"page-title-head hgroup\">\n<div class=\"b654a4as d2edcug0\">\n<div class=\"page-title-head hgroup\">\n<div class=\"page-title-head hgroup\">\n<div class=\"page-title-head hgroup\">\n<div class=\"page-title-head hgroup\">\n<div class=\"b654a4as d2edcug0\">\n<div class=\"page-title-head hgroup\">\n<div class=\"page-title-head hgroup\">\n<div class=\"page-title-head hgroup\">\n<div class=\"page-title-head hgroup\">\n<div class=\"b654a4as d2edcug0\">\n<div><\/div>\n<div><\/div>\n<div>\n<p><strong>MUSICA ALLA RADIO, IL PROGRAMMA DI LORIS SCUSSEL &#8220;COLLAGE OPERAZIONE NOSTALGIA&#8221; DAL LUNEDI AL VENERDI ALLE 16.00\u00a0 E ALLE 23\u00a0<\/strong><\/p>\n<p>&nbsp;<\/p>\n<p><em><strong>PUNTATA 576 DEL 04 APRILE 2022<\/strong><\/em><\/p>\n<audio class=\"wp-audio-shortcode\" id=\"audio-268647-16\" preload=\"none\" style=\"width: 100%;\" controls=\"controls\"><source type=\"audio\/mpeg\" src=\"https:\/\/www.radiopiu.net\/wordpress\/wp-content\/uploads\/2022\/04\/Collage-576.mp3?_=16\" \/><a href=\"https:\/\/www.radiopiu.net\/wordpress\/wp-content\/uploads\/2022\/04\/Collage-576.mp3\">https:\/\/www.radiopiu.net\/wordpress\/wp-content\/uploads\/2022\/04\/Collage-576.mp3<\/a><\/audio>\n<\/div>\n<p><strong><a class=\"dt-pswp-item\" href=\"https:\/\/www.radiopiu.net\/wordpress\/wp-content\/uploads\/2022\/04\/minuetto-Mia-Martini.jpg\" data-dt-img-description=\"\" data-large_image_width=\"222\" data-large_image_height=\"222\"><img loading=\"lazy\" decoding=\"async\" class=\" wp-image-268528 alignleft\" src=\"https:\/\/www.radiopiu.net\/wordpress\/wp-content\/uploads\/2022\/04\/minuetto-Mia-Martini-150x150.jpg\" alt=\"\" width=\"98\" height=\"98\" srcset=\"https:\/\/www.radiopiu.net\/wordpress\/wp-content\/uploads\/2022\/04\/minuetto-Mia-Martini-150x150.jpg 150w, https:\/\/www.radiopiu.net\/wordpress\/wp-content\/uploads\/2022\/04\/minuetto-Mia-Martini.jpg 222w\" sizes=\"auto, (max-width: 98px) 100vw, 98px\" \/><\/a> <\/strong><\/p>\n<p><strong>\u00a0<\/strong><strong>di Loris Scussel<\/strong><\/p>\n<p>Saranno le voci femminili italiane ad aprire la programmazione di Collage operazione nostalgia in una settimana caratterizzata dai successi internazionali in mezzo ai quali mercoled\u00ec troveranno spazio alcuni brani a tema con la parola \u201cgiorno\u201d nel titolo. Collage andr\u00e0 in onda come sempre dal luned\u00ec al venerd\u00ec alle 16,00 e alle 23,00.<\/p>\n<p>&nbsp;<\/p>\n<p>&nbsp;<\/p>\n<hr \/>\n<p>&nbsp;<\/p>\n<blockquote>\n<h3><a class=\"dt-pswp-item\" href=\"https:\/\/www.radiopiu.net\/wordpress\/wp-content\/uploads\/2022\/04\/fa16458b-4438-471a-b4db-54bedf27cab3.jpg\" data-dt-img-description=\"\" data-large_image_width=\"800\" data-large_image_height=\"445\"><img loading=\"lazy\" decoding=\"async\" class=\" wp-image-268758 alignleft\" src=\"https:\/\/www.radiopiu.net\/wordpress\/wp-content\/uploads\/2022\/04\/fa16458b-4438-471a-b4db-54bedf27cab3-150x150.jpg\" alt=\"\" width=\"127\" height=\"127\" \/><\/a>IERI ALLA RADIO, SALUTE E SOCIETA&#8217;<\/h3>\n<\/blockquote>\n<h3>LA PUNTATA Asma e Covid-19 Quanto influisce la condizione asmatica nella predisposizione all\u2019infezione da Covid-19? RemaRoma per la vita Una manifestazione sul Tevere, tutta al femminile: &#8220;RemaRoma per la vita&#8221;, donne e canottaggio contro il tumore al seno.<\/h3>\n<audio class=\"wp-audio-shortcode\" id=\"audio-268647-17\" preload=\"none\" style=\"width: 100%;\" controls=\"controls\"><source type=\"audio\/mpeg\" src=\"https:\/\/www.radiopiu.net\/wordpress\/wp-content\/uploads\/2022\/04\/salute.mp3?_=17\" \/><a href=\"https:\/\/www.radiopiu.net\/wordpress\/wp-content\/uploads\/2022\/04\/salute.mp3\">https:\/\/www.radiopiu.net\/wordpress\/wp-content\/uploads\/2022\/04\/salute.mp3<\/a><\/audio>\n<p><strong>LA RACCOLTA COMPLETA<\/strong><\/p>\n<blockquote class=\"wp-embedded-content\" data-secret=\"CjSxTkaL04\"><p><a href=\"https:\/\/www.radiopiu.net\/wordpress\/saluteesocieta\/\">Salute e Societ\u00e0<\/a><\/p><\/blockquote>\n<p><iframe loading=\"lazy\" class=\"wp-embedded-content\" sandbox=\"allow-scripts\" security=\"restricted\" style=\"position: absolute; clip: rect(1px, 1px, 1px, 1px);\" title=\"&#8220;Salute e Societ\u00e0&#8221; &#8212; Radio Pi\u00f9\" src=\"https:\/\/www.radiopiu.net\/wordpress\/saluteesocieta\/embed\/#?secret=D08GmZtXzR#?secret=CjSxTkaL04\" data-secret=\"CjSxTkaL04\" width=\"600\" height=\"338\" frameborder=\"0\" marginwidth=\"0\" marginheight=\"0\" scrolling=\"no\"><\/iframe><\/p>\n<p>&nbsp;<\/p>\n<hr \/>\n<\/div>\n<\/div>\n<\/div>\n<\/div>\n<\/div>\n<\/div>\n<\/div>\n<\/div>\n<\/div>\n<\/div>\n<\/div>\n<\/div>\n<\/div>\n<\/div>\n<\/div>\n<\/div>\n<\/div>\n<\/div>\n<\/div>\n<\/div>\n<\/div>\n<\/div>\n<\/div>\n<\/div>\n<\/div>\n<\/div>\n<\/div>\n<\/div>\n<\/div>\n<\/div>\n<\/div>\n<\/div>\n<\/div>\n<\/div>\n<\/div>\n<\/div>\n<\/div>\n<\/div>\n<\/div>\n<\/div>\n<\/div>\n<\/div>\n<\/div>\n<\/div>\n<\/div>\n<\/div>\n<\/div>\n<\/div>\n<\/div>\n<\/div>\n<\/div>\n<\/div>\n<\/div>\n<\/div>\n<\/div>\n<\/div>\n<\/div>\n<\/div>\n<\/div>\n<\/div>\n<\/div>\n<\/div>\n<\/div>\n<\/div>\n<p>&nbsp;<\/p>\n<blockquote>\n<h3><span style=\"color: #0000ff;\">INFORMAZIONE il canale su TELEGRAM informazione di prima mano e in tempo reale. iscriviti ed aiutaci a farlo conoscere\u00a0\u00a0<\/span><\/h3>\n<\/blockquote>\n<div>\n<div class=\"page-title-head hgroup\">\n<div class=\"page-title-head hgroup\">\n<div class=\"page-title-head hgroup\">\n<div class=\"page-title-head hgroup\">\n<div class=\"b654a4as d2edcug0\">\n<div class=\"page-title-head hgroup\">\n<div class=\"page-title-head hgroup\">\n<div class=\"page-title-head hgroup\">\n<div class=\"page-title-head hgroup\">\n<div class=\"b654a4as d2edcug0\">\n<div class=\"page-title-head hgroup\">\n<div class=\"page-title-head hgroup\">\n<div class=\"page-title-head hgroup\">\n<div class=\"page-title-head hgroup\">\n<div class=\"page-title-head hgroup\">\n<div class=\"page-title-head hgroup\">\n<div class=\"page-title-head hgroup\">\n<div class=\"page-title-head hgroup\">\n<div class=\"page-title-head hgroup\">\n<div class=\"b654a4as d2edcug0\">\n<div class=\"page-title-head hgroup\">\n<div class=\"page-title-head hgroup\">\n<div class=\"page-title-head hgroup\">\n<div class=\"page-title-head hgroup\">\n<div class=\"b654a4as d2edcug0\">\n<div>\n<p>&nbsp;<\/p>\n<\/div>\n<div>\n<div class=\"page-title-head hgroup\">\n<div class=\"page-title-head hgroup\">\n<div class=\"page-title-head hgroup\">\n<div class=\"page-title-head hgroup\">\n<div class=\"page-title-head hgroup\">\n<div class=\"b654a4as d2edcug0\">\n<div>\n<hr \/>\n<\/div>\n<\/div>\n<div>\n<div>\n<p>&nbsp;<\/p>\n<\/div>\n<div>\n<div class=\"mkdf-post-text\">\n<div class=\"mkdf-post-text-inner\">\n<div class=\"mkdf-post-text-main\">\n<div class=\"mkdf-post-text\">\n<div class=\"mkdf-post-text-inner\">\n<div class=\"mkdf-post-text-main\">\n<div class=\"mkdf-post-text\">\n<div class=\"mkdf-post-text-inner\">\n<div class=\"mkdf-post-text-main\">\n<div class=\"page-title-head hgroup\">\n<div class=\"page-title-head hgroup\">\n<div class=\"mkdf-post-text\">\n<div class=\"mkdf-post-text-inner\">\n<div class=\"mkdf-post-text-main\">\n<div class=\"mkdf-post-text\">\n<div class=\"mkdf-post-text-inner\">\n<div class=\"mkdf-post-text-main\">\n<div class=\"page-title-head hgroup\">\n<div class=\"page-title-head hgroup\">\n<div class=\"page-title-head hgroup\">\n<div class=\"page-title-head hgroup\">\n<div class=\"b654a4as d2edcug0\">\n<div class=\"page-title-head hgroup\">\n<div class=\"page-title-head hgroup\">\n<div class=\"page-title-head hgroup\">\n<div class=\"page-title-head hgroup\">\n<div class=\"b654a4as d2edcug0\">\n<div class=\"page-title-head hgroup\">\n<div class=\"page-title-head hgroup\">\n<div class=\"page-title-head hgroup\">\n<div class=\"page-title-head hgroup\">\n<div class=\"b654a4as d2edcug0\">\n<div>\n<div class=\"page-title-head hgroup\">\n<div class=\"page-title-head hgroup\">\n<div class=\"b654a4as d2edcug0\">\n<div class=\"j83agx80 btwxx1t3 lhclo0ds hop8lmos nkwizq5d scwd0bx6 roh60bw9\">\n<div class=\"rq0escxv hkbzh7o3 jwdofwj8 n8tt0mok r8blr3vg hyh9befq\">\n<div class=\"do00u71z l9j0dhe7 k4urcfbm\">\n<div class=\"ecm0bbzt e5nlhep0 a8c37x1j\">\n<div class=\"kvgmc6g5 cxmmr5t8 oygrvhab hcukyx3x c1et5uql\">\n<div class=\"gmail-kvgmc6g5 gmail-cxmmr5t8 gmail-oygrvhab gmail-hcukyx3x gmail-c1et5uql gmail-ii04i59q\">\n<div class=\"page-title-head hgroup\">\n<div class=\"page-title-head hgroup\">\n<div class=\"b654a4as d2edcug0\">\n<div class=\"j83agx80 btwxx1t3 lhclo0ds hop8lmos nkwizq5d scwd0bx6 roh60bw9\">\n<div class=\"rq0escxv hkbzh7o3 jwdofwj8 n8tt0mok r8blr3vg hyh9befq\">\n<div class=\"do00u71z l9j0dhe7 k4urcfbm\">\n<div class=\"page-title-head hgroup\">\n<div class=\"page-title-head hgroup\">\n<div class=\"page-title-head hgroup\">\n<div class=\"page-title-head hgroup\">\n<div class=\"b654a4as d2edcug0\">\n<div class=\"page-title-head hgroup\">\n<div class=\"page-title-head hgroup\">\n<div class=\"page-title-head hgroup\">\n<div class=\"page-title-head hgroup\">\n<div class=\"b654a4as d2edcug0\">\n<div class=\"page-title-head hgroup\">\n<div class=\"page-title-head hgroup\">\n<div class=\"page-title-head hgroup\">\n<div class=\"page-title-head hgroup\">\n<div class=\"page-title-head hgroup\">\n<div class=\"page-title-head hgroup\">\n<div class=\"page-title-head hgroup\">\n<div class=\"page-title-head hgroup\">\n<div class=\"page-title-head hgroup\">\n<div class=\"b654a4as d2edcug0\">\n<div class=\"page-title-head hgroup\">\n<div class=\"page-title-head hgroup\">\n<div class=\"page-title-head hgroup\">\n<div class=\"page-title-head hgroup\">\n<div class=\"b654a4as d2edcug0\">\n<div class=\"page-title-head hgroup\">\n<div class=\"page-title-head hgroup\">\n<div class=\"page-title-head hgroup\">\n<div class=\"page-title-head hgroup\">\n<div class=\"page-title-head hgroup\">\n<div class=\"mkdf-post-text\">\n<div class=\"mkdf-post-text-inner\">\n<div class=\"mkdf-post-text-main\">\n<div class=\"mkdf-post-text\">\n<div class=\"mkdf-post-text-inner\">\n<div class=\"mkdf-post-text-main\">\n<div class=\"mkdf-post-text\">\n<div class=\"mkdf-post-text-inner\">\n<div class=\"mkdf-post-text-main\">\n<div class=\"page-title-head hgroup\">\n<div class=\"page-title-head hgroup\">\n<div class=\"mkdf-post-text\">\n<div class=\"mkdf-post-text-inner\">\n<div class=\"mkdf-post-text-main\">\n<div class=\"mkdf-post-text\">\n<div class=\"mkdf-post-text-inner\">\n<div class=\"mkdf-post-text-main\">\n<div class=\"page-title-head hgroup\">\n<div class=\"page-title-head hgroup\">\n<div class=\"page-title-head hgroup\">\n<div class=\"page-title-head hgroup\">\n<div class=\"b654a4as d2edcug0\">\n<div class=\"page-title-head hgroup\">\n<div class=\"page-title-head hgroup\">\n<div class=\"page-title-head hgroup\">\n<div class=\"page-title-head hgroup\">\n<div class=\"b654a4as d2edcug0\">\n<div class=\"page-title-head hgroup\">\n<div class=\"page-title-head hgroup\">\n<div class=\"page-title-head hgroup\">\n<div class=\"page-title-head hgroup\">\n<div class=\"b654a4as d2edcug0\">\n<div>\n<div>\n<p><strong>DUE MINUTI UN LIBRO, TUTTI I GIORNI ALLA RADIO ALLE 9.40 E ALLE 17.50\u00a0<\/strong><\/p>\n<div>\n<div>\n<p><strong>LA RACCOLTA COMPLETA\u00a0\u00a0<\/strong><\/p>\n<\/div>\n<div>\n<blockquote class=\"wp-embedded-content\" data-secret=\"oWkUISTBO5\"><p><a href=\"https:\/\/www.radiopiu.net\/wordpress\/due-minuti-un-libro\/\">Due minuti un libro<\/a><\/p><\/blockquote>\n<p><iframe loading=\"lazy\" class=\"wp-embedded-content\" sandbox=\"allow-scripts\" security=\"restricted\" style=\"position: absolute; clip: rect(1px, 1px, 1px, 1px);\" title=\"&#8220;Due minuti un libro&#8221; &#8212; Radio Pi\u00f9\" src=\"https:\/\/www.radiopiu.net\/wordpress\/due-minuti-un-libro\/embed\/#?secret=nqztfsHLjM#?secret=oWkUISTBO5\" data-secret=\"oWkUISTBO5\" width=\"600\" height=\"338\" frameborder=\"0\" marginwidth=\"0\" marginheight=\"0\" scrolling=\"no\"><\/iframe><\/p>\n<\/div>\n<\/div>\n<\/div>\n<div class=\"mkdf-post-text\">\n<div class=\"mkdf-post-text-inner\">\n<div class=\"mkdf-post-text-main\">\n<div class=\"mkdf-post-text\">\n<div class=\"mkdf-post-text-inner\">\n<div class=\"mkdf-post-text-main\">\n<div class=\"mkdf-post-text\">\n<div class=\"mkdf-post-text-inner\">\n<div class=\"mkdf-post-text-main\">\n<div class=\"page-title-head hgroup\">\n<div class=\"page-title-head hgroup\">\n<div class=\"mkdf-post-text\">\n<div class=\"mkdf-post-text-inner\">\n<div class=\"mkdf-post-text-main\">\n<div class=\"mkdf-post-text\">\n<div class=\"mkdf-post-text-inner\">\n<div class=\"mkdf-post-text-main\">\n<div class=\"page-title-head hgroup\">\n<div class=\"page-title-head hgroup\">\n<div class=\"page-title-head hgroup\">\n<div class=\"page-title-head hgroup\">\n<div class=\"b654a4as d2edcug0\">\n<div class=\"page-title-head hgroup\">\n<div class=\"page-title-head hgroup\">\n<div class=\"page-title-head hgroup\">\n<div class=\"page-title-head hgroup\">\n<div class=\"b654a4as d2edcug0\">\n<div class=\"page-title-head hgroup\">\n<div class=\"page-title-head hgroup\">\n<div class=\"page-title-head hgroup\">\n<div class=\"page-title-head hgroup\">\n<div class=\"b654a4as d2edcug0\">\n<div>\n<p>&nbsp;<\/p>\n<\/div>\n<div>\n<hr \/>\n<p>&nbsp;<\/p>\n<\/div>\n<h2><span style=\"color: #808000;\">L&#8217;ALMANACCO LADINO\u00a0\u00a0<\/span><\/h2>\n<p><strong>LA RACCOLTA<\/strong><\/p>\n<blockquote class=\"wp-embedded-content\" data-secret=\"YrskadsJRY\"><p><a href=\"https:\/\/www.radiopiu.net\/wordpress\/almanacco-ladino\/\">Almanacco Ladino<\/a><\/p><\/blockquote>\n<p><iframe loading=\"lazy\" class=\"wp-embedded-content\" sandbox=\"allow-scripts\" security=\"restricted\" style=\"position: absolute; clip: rect(1px, 1px, 1px, 1px);\" title=\"&#8220;Almanacco Ladino&#8221; &#8212; Radio Pi\u00f9\" src=\"https:\/\/www.radiopiu.net\/wordpress\/almanacco-ladino\/embed\/#?secret=kfxpq6f5ff#?secret=YrskadsJRY\" data-secret=\"YrskadsJRY\" width=\"600\" height=\"338\" frameborder=\"0\" marginwidth=\"0\" marginheight=\"0\" scrolling=\"no\"><\/iframe><\/p>\n<p>&nbsp;<\/p>\n<p>&nbsp;<\/p>\n<hr \/>\n<h2><span style=\"color: #33cccc;\">\u00a0<\/span><\/h2>\n<h2><span style=\"color: #33cccc;\">LA RASSEGNA STAMPA DA L&#8217;AMICO DEL POPOLO<\/span><\/h2>\n<p><strong><a class=\"dt-pswp-item\" href=\"https:\/\/www.radiopiu.net\/wordpress\/wp-content\/uploads\/2020\/11\/cai.jpeg\" data-dt-img-description=\"\" data-large_image_width=\"225\" data-large_image_height=\"225\"><img loading=\"lazy\" decoding=\"async\" class=\"size-thumbnail wp-image-174710 alignleft\" src=\"https:\/\/www.radiopiu.net\/wordpress\/wp-content\/uploads\/2020\/11\/cai-150x150.jpeg\" alt=\"\" width=\"150\" height=\"150\" srcset=\"https:\/\/www.radiopiu.net\/wordpress\/wp-content\/uploads\/2020\/11\/cai-150x150.jpeg 150w, https:\/\/www.radiopiu.net\/wordpress\/wp-content\/uploads\/2020\/11\/cai.jpeg 225w\" sizes=\"auto, (max-width: 150px) 100vw, 150px\" \/><\/a>di Gianni Santomaso<\/strong><\/p>\n<p>OSPITE: Dario Dell&#8217;Osbel, presidente della sezione agordina del Cai<\/p>\n<audio class=\"wp-audio-shortcode\" id=\"audio-268647-18\" preload=\"none\" style=\"width: 100%;\" controls=\"controls\"><source type=\"audio\/mpeg\" src=\"https:\/\/www.radiopiu.net\/wordpress\/wp-content\/uploads\/2022\/04\/RASSEGNA-GIANNI.mp3?_=18\" \/><a href=\"https:\/\/www.radiopiu.net\/wordpress\/wp-content\/uploads\/2022\/04\/RASSEGNA-GIANNI.mp3\">https:\/\/www.radiopiu.net\/wordpress\/wp-content\/uploads\/2022\/04\/RASSEGNA-GIANNI.mp3<\/a><\/audio>\n<p>&nbsp;<\/p>\n<p><strong>LA RACCOLTA COMPLETA<\/strong><\/p>\n<blockquote class=\"wp-embedded-content\" data-secret=\"PrjmfyXRL5\"><p><a href=\"https:\/\/www.radiopiu.net\/wordpress\/rassegna-stampa-di-gianni-santomaso\/\">Rassegna stampa da l&#8217;amico del popolo &#8211; di Gianni Santomaso<\/a><\/p><\/blockquote>\n<p><iframe loading=\"lazy\" class=\"wp-embedded-content\" sandbox=\"allow-scripts\" security=\"restricted\" style=\"position: absolute; clip: rect(1px, 1px, 1px, 1px);\" title=\"&#8220;Rassegna stampa da l&#8217;amico del popolo &#8211; di Gianni Santomaso&#8221; &#8212; Radio Pi\u00f9\" src=\"https:\/\/www.radiopiu.net\/wordpress\/rassegna-stampa-di-gianni-santomaso\/embed\/#?secret=wfQqj8OW2V#?secret=PrjmfyXRL5\" data-secret=\"PrjmfyXRL5\" width=\"600\" height=\"338\" frameborder=\"0\" marginwidth=\"0\" marginheight=\"0\" scrolling=\"no\"><\/iframe><\/p>\n<hr \/>\n<p>&nbsp;<\/p>\n<blockquote class=\"wp-embedded-content\" data-secret=\"JJZuQJX4aD\"><p><a href=\"https:\/\/www.radiopiu.net\/wordpress\/raccoltaso1asaa\/\">LA RACCOLTA: 160 BATTUTE&#8230;SMS IN RIMA, di Sostene Schena<\/a><\/p><\/blockquote>\n<p><iframe loading=\"lazy\" class=\"wp-embedded-content\" sandbox=\"allow-scripts\" security=\"restricted\" style=\"position: absolute; clip: rect(1px, 1px, 1px, 1px);\" title=\"&#8220;LA RACCOLTA: 160 BATTUTE&#8230;SMS IN RIMA, di Sostene Schena&#8221; &#8212; Radio Pi\u00f9\" src=\"https:\/\/www.radiopiu.net\/wordpress\/raccoltaso1asaa\/embed\/#?secret=REXCE8Qbrq#?secret=JJZuQJX4aD\" data-secret=\"JJZuQJX4aD\" width=\"600\" height=\"338\" frameborder=\"0\" marginwidth=\"0\" marginheight=\"0\" scrolling=\"no\"><\/iframe><\/p>\n<p>&nbsp;<\/p>\n<hr \/>\n<p>&nbsp;<\/p>\n<div>\n<div class=\"page-title-head hgroup\">\n<div class=\"page-title-head hgroup\">\n<div class=\"b654a4as d2edcug0\">\n<div class=\"j83agx80 btwxx1t3 lhclo0ds hop8lmos nkwizq5d scwd0bx6 roh60bw9\">\n<div class=\"rq0escxv hkbzh7o3 jwdofwj8 n8tt0mok r8blr3vg hyh9befq\">\n<div class=\"do00u71z l9j0dhe7 k4urcfbm\">\n<div class=\"ecm0bbzt e5nlhep0 a8c37x1j\">\n<div class=\"kvgmc6g5 cxmmr5t8 oygrvhab hcukyx3x c1et5uql\">\n<div class=\"gmail-kvgmc6g5 gmail-cxmmr5t8 gmail-oygrvhab gmail-hcukyx3x gmail-c1et5uql gmail-ii04i59q\">\n<div class=\"page-title-head hgroup\">\n<div class=\"page-title-head hgroup\">\n<div class=\"b654a4as d2edcug0\">\n<div class=\"j83agx80 btwxx1t3 lhclo0ds hop8lmos nkwizq5d scwd0bx6 roh60bw9\">\n<div class=\"rq0escxv hkbzh7o3 jwdofwj8 n8tt0mok r8blr3vg hyh9befq\">\n<div class=\"do00u71z l9j0dhe7 k4urcfbm\">\n<div>\n<div class=\"page-title-head hgroup\">\n<div class=\"page-title-head hgroup\">\n<div class=\"page-title-head hgroup\">\n<div class=\"page-title-head hgroup\">\n<div class=\"b654a4as d2edcug0\">\n<div class=\"page-title-head hgroup\">\n<div class=\"page-title-head hgroup\">\n<div class=\"page-title-head hgroup\">\n<div class=\"page-title-head hgroup\">\n<div class=\"b654a4as d2edcug0\">\n<div class=\"page-title-head hgroup\">\n<div class=\"page-title-head hgroup\">\n<div class=\"page-title-head hgroup\">\n<div class=\"page-title-head hgroup\">\n<div class=\"page-title-head hgroup\">\n<div class=\"page-title-head hgroup\">\n<div class=\"page-title-head hgroup\">\n<div class=\"page-title-head hgroup\">\n<div class=\"page-title-head hgroup\">\n<div class=\"b654a4as d2edcug0\">\n<div class=\"page-title-head hgroup\">\n<div class=\"page-title-head hgroup\">\n<div class=\"page-title-head hgroup\">\n<div class=\"page-title-head hgroup\">\n<div class=\"b654a4as d2edcug0\">\n<div>\n<div class=\"page-title-head hgroup\">\n<div class=\"page-title-head hgroup\">\n<div class=\"page-title-head hgroup\">\n<div class=\"page-title-head hgroup\">\n<div class=\"page-title-head hgroup\">\n<div>\n<div>\n<div>\n<div class=\"mkdf-post-text\">\n<div class=\"mkdf-post-text-inner\">\n<div class=\"mkdf-post-text-main\">\n<div class=\"mkdf-post-text\">\n<div class=\"mkdf-post-text-inner\">\n<div class=\"mkdf-post-text-main\">\n<div class=\"mkdf-post-text\">\n<div class=\"mkdf-post-text-inner\">\n<div class=\"mkdf-post-text-main\">\n<div class=\"page-title-head hgroup\">\n<div class=\"page-title-head hgroup\">\n<div class=\"mkdf-post-text\">\n<div class=\"mkdf-post-text-inner\">\n<div class=\"mkdf-post-text-main\">\n<div class=\"mkdf-post-text\">\n<div class=\"mkdf-post-text-inner\">\n<div class=\"mkdf-post-text-main\">\n<div class=\"page-title-head hgroup\">\n<div class=\"page-title-head hgroup\">\n<div class=\"page-title-head hgroup\">\n<div class=\"page-title-head hgroup\">\n<div class=\"b654a4as d2edcug0\">\n<div class=\"page-title-head hgroup\">\n<div class=\"page-title-head hgroup\">\n<div class=\"page-title-head hgroup\">\n<div class=\"page-title-head hgroup\">\n<div class=\"b654a4as d2edcug0\">\n<div class=\"page-title-head hgroup\">\n<div class=\"page-title-head hgroup\">\n<div class=\"page-title-head hgroup\">\n<div class=\"page-title-head hgroup\">\n<div class=\"b654a4as d2edcug0\">\n<h2><span style=\"color: #800080;\">I RACCONTI DI PAOLO SOPPELSA\u00a0<\/span><\/h2>\n<p><strong>PENSIERI DI MONTAGNA<\/strong><\/p>\n<p><em><strong>AUDIO<\/strong><\/em><\/p>\n<audio class=\"wp-audio-shortcode\" id=\"audio-268647-19\" preload=\"none\" style=\"width: 100%;\" controls=\"controls\"><source type=\"audio\/mpeg\" src=\"https:\/\/www.radiopiu.net\/wordpress\/wp-content\/uploads\/2022\/04\/PAOLO-SOPPELSA-PENSIERI-DI-MONTAGNA.mp3?_=19\" \/><a href=\"https:\/\/www.radiopiu.net\/wordpress\/wp-content\/uploads\/2022\/04\/PAOLO-SOPPELSA-PENSIERI-DI-MONTAGNA.mp3\">https:\/\/www.radiopiu.net\/wordpress\/wp-content\/uploads\/2022\/04\/PAOLO-SOPPELSA-PENSIERI-DI-MONTAGNA.mp3<\/a><\/audio>\n<p>&nbsp;<\/p>\n<p><a class=\"dt-pswp-item\" href=\"https:\/\/www.radiopiu.net\/wordpress\/wp-content\/uploads\/2022\/04\/e7af707b-0083-49a5-b2f6-16869582fb9e.jpg\" data-dt-img-description=\"\" data-large_image_width=\"1600\" data-large_image_height=\"1200\"><img loading=\"lazy\" decoding=\"async\" class=\"size-thumbnail wp-image-268597 alignleft\" src=\"https:\/\/www.radiopiu.net\/wordpress\/wp-content\/uploads\/2022\/04\/e7af707b-0083-49a5-b2f6-16869582fb9e-150x150.jpg\" alt=\"\" width=\"150\" height=\"150\" \/><\/a>C&#8217;\u00e8 stato un tempo in cui il mio andare in montagna era salire in auto e partire di buon&#8217;ora, salire una cima, scenderla e poi ritornare a casa. Era bello, c&#8217;era soddisfazione, ma sentivo che non era tutto. Era quasi come se quel raggiungere vette e valicare forcelle fosse solamente un collezionare una quota, un aggiungere all&#8217;elenco riportato su un quaderno il nome di un&#8217;altra montagna da raccontare il luned\u00ec ai colleghi, perch\u00e9 a quel tempo i social non erano ancora in voga come oggi e le foto rimanevano solamente nell&#8217;hard disk del PC. Sentivo che la montagna non poteva essere soltanto un conoscere altitudini, numeri dei sentieri e dislivelli; passavano gli anni e questo modo di andare mi appariva sempre pi\u00f9 come uno sterile esercizio fisico fine a se stesso. A volte avevo l&#8217;impressione di essere una sorta di turista in escursione a casa mia; guardavo senza vedere, camminavo in fretta senza cercare. C&#8217;ero nato e ci stavo vivendo ai piedi di queste splendide montagne, ma mi sembrava di non viverle appieno. Poi con il tempo ho capito; era il mio vissuto a bussare, era quell&#8217;esperienza di intere estati e fine settimana vissuti di fronte e sotto il Pelsa, a farmi finalmente osservare con occhi nuovi questo mondo che era il mio mondo. No, non poteva essere solamente salire una cima o scrivere una frase o un nome e una data sul libro di un rifugio. No, la montagna era soprattutto quel modo di vivere che mi avevano fatto conoscere quelli che c&#8217;erano prima; la montagna era s\u00ec le cime dove ogni tanto salire per diletto, ma era soprattutto i paesi, le frazioni sparse, i tabi\u00e0 sempre pi\u00f9 vuoti, i prati che si stavano trasformando in bosco e i dialetti che nel corso degli anni vedevano scomparire troppi vocaboli. La montagna erano i torrenti, il cui perenne scorrere crea la musica dolce che accompagna le notti, ma \u00e8 pure il rombo imponente dell&#8217;acqua che intimorisce durante le brentane autunnali. La montagna \u00e8 i lunghi e silenziosi inverni, con le stufe a legna roventi, perch\u00e9 lass\u00f9 il metano non \u00e8 ancora arrivato, e le &#8220;pile de legne&#8221;, costruite perfettamente a piombo, che a primavera languono. La montagna \u00e8 la neve da spalare la mattina al buio per poter uscire di casa, \u00e8 il disseppellire la macchina che serve per andare a lavorare, perch\u00e9 nelle frazioni alte e non solo, i mezzi pubblici non possono arrivare; \u00e8 anche l&#8217;unica strada chiusa causa incendio, che costringe a tragitti raddoppiati per raggiungere la scuola o il luogo di lavoro. Il mio vissuto mi stava facendo notare che la montagna non \u00e8 soltanto il giorno di sole, perfetto per andare a camminare e se piove o minaccia di piovere si resta a casa o si va al centro commerciale; \u00e8 anche e soprattutto i giorni di pioggia e silenzi, le giornate che passano lente; e solitamente queste sono le classiche giornate delle cosiddette &#8220;stagioni morte&#8221;; che poi in montagna, per chi la vive stabilmente, non esiste la &#8220;stagione morta&#8221;, perch\u00e9 da fare ce n&#8217;\u00e8 sempre, in quanto ogni stagione \u00e8 figlia della precedente e madre della successiva e occorre il &#8220;saper fare&#8221; che hanno insegnato i vecchi; anche se oggi c&#8217;\u00e8 lo spaccalegna e il &#8220;manarin&#8221; lo si usa meno di un tempo. La montagna \u00e8 la sua gente che ancora la abita e la presidia nonostante le fatiche e i sacrifici economici. Perch\u00e9 vivere in montagna \u00e8 costoso; il privilegio di ammirare la parete nord del Civetta o l&#8217;imponente sagoma del Pelmo richiede un prezzo anche salato da pagare. Andare in montagna senza almeno immaginare di viverla, \u00e8 un andare a met\u00e0; \u00e8 soltanto un conoscere nomi di vette e vallate che diventano utili soltanto come didascalia in calce alla foto da pubblicare su Instagram. \u00c8 importante il chiedersi il perch\u00e9 quella cima si chiama cos\u00ec o l&#8217;origine di quel cognome particolare. \u00c8 utile ragionare sul perch\u00e9 le travi dei tabi\u00e0 sono in legno di larice e perch\u00e9 gli orti sono recintati con palizzate alte tre metri. Questa nel tempo \u00e8 diventata la &#8220;mia&#8221; montagna; stava l\u00ec nascosta dietro i miei vent&#8217;anni, poi, anno dopo anno, stagione dopo stagione, si \u00e8 svelata e si sta tuttora svelando, insegnandomi ogni giorno qualcosa di nuovo e bello\u2026Magiche Dolomiti!!<\/p>\n<p><strong>LA RACCOLTA COMPLETA<\/strong><\/p>\n<blockquote class=\"wp-embedded-content\" data-secret=\"DPS982mqbB\"><p><a href=\"https:\/\/www.radiopiu.net\/wordpress\/i-racconti-di-paolo-soppelsa\/\">I racconti di Paolo Soppelsa<\/a><\/p><\/blockquote>\n<p><iframe loading=\"lazy\" class=\"wp-embedded-content\" sandbox=\"allow-scripts\" security=\"restricted\" style=\"position: absolute; clip: rect(1px, 1px, 1px, 1px);\" title=\"&#8220;I racconti di Paolo Soppelsa&#8221; &#8212; Radio Pi\u00f9\" src=\"https:\/\/www.radiopiu.net\/wordpress\/i-racconti-di-paolo-soppelsa\/embed\/#?secret=k6OUS5v4oA#?secret=DPS982mqbB\" data-secret=\"DPS982mqbB\" width=\"600\" height=\"338\" frameborder=\"0\" marginwidth=\"0\" marginheight=\"0\" scrolling=\"no\"><\/iframe><\/p>\n<p>&nbsp;<\/p>\n<hr \/>\n<p>&nbsp;<\/p>\n<blockquote class=\"wp-embedded-content\" data-secret=\"dFJxP0aiqu\"><p><a href=\"https:\/\/www.radiopiu.net\/wordpress\/da-ieri-alla-radio-in-palinsesto-loris-e-maurizio-con-la-grande-musica\/\">IL BLUES ALLA RADIO &#8230; COME NON L&#8217;AVETE MAI SENTITO PRIMA<\/a><\/p><\/blockquote>\n<p><iframe loading=\"lazy\" class=\"wp-embedded-content\" sandbox=\"allow-scripts\" security=\"restricted\" style=\"position: absolute; clip: rect(1px, 1px, 1px, 1px);\" title=\"&#8220;IL BLUES ALLA RADIO &#8230; COME NON L&#8217;AVETE MAI SENTITO PRIMA&#8221; &#8212; Radio Pi\u00f9\" src=\"https:\/\/www.radiopiu.net\/wordpress\/da-ieri-alla-radio-in-palinsesto-loris-e-maurizio-con-la-grande-musica\/embed\/#?secret=7uXFjOkcHx#?secret=dFJxP0aiqu\" data-secret=\"dFJxP0aiqu\" width=\"600\" height=\"338\" frameborder=\"0\" marginwidth=\"0\" marginheight=\"0\" scrolling=\"no\"><\/iframe><\/p>\n<p>&nbsp;<\/p>\n<hr \/>\n<p>&nbsp;<\/p>\n<\/div>\n<\/div>\n<\/div>\n<\/div>\n<\/div>\n<\/div>\n<\/div>\n<\/div>\n<\/div>\n<\/div>\n<\/div>\n<\/div>\n<\/div>\n<\/div>\n<\/div>\n<\/div>\n<\/div>\n<\/div>\n<\/div>\n<\/div>\n<\/div>\n<\/div>\n<\/div>\n<\/div>\n<\/div>\n<\/div>\n<\/div>\n<\/div>\n<\/div>\n<\/div>\n<\/div>\n<\/div>\n<\/div>\n<\/div>\n<\/div>\n<\/div>\n<\/div>\n<\/div>\n<\/div>\n<\/div>\n<\/div>\n<\/div>\n<\/div>\n<\/div>\n<\/div>\n<\/div>\n<\/div>\n<\/div>\n<\/div>\n<\/div>\n<\/div>\n<\/div>\n<\/div>\n<\/div>\n<\/div>\n<\/div>\n<\/div>\n<\/div>\n<\/div>\n<\/div>\n<\/div>\n<\/div>\n<\/div>\n<\/div>\n<\/div>\n<\/div>\n<\/div>\n<\/div>\n<\/div>\n<\/div>\n<\/div>\n<\/div>\n<\/div>\n<\/div>\n<\/div>\n<\/div>\n<\/div>\n<\/div>\n<\/div>\n<\/div>\n<\/div>\n<\/div>\n<\/div>\n<\/div>\n<\/div>\n<\/div>\n<\/div>\n<\/div>\n<\/div>\n<\/div>\n<\/div>\n<\/div>\n<\/div>\n<\/div>\n<\/div>\n<\/div>\n<\/div>\n<\/div>\n<\/div>\n<\/div>\n<\/div>\n<\/div>\n<\/div>\n<\/div>\n<\/div>\n<\/div>\n<\/div>\n<\/div>\n<\/div>\n<\/div>\n<\/div>\n<\/div>\n<\/div>\n<\/div>\n<\/div>\n<\/div>\n<p><a href=\"https:\/\/www.radiopiu.net\/wordpress\/giornale-radiopiu-26-settembre-2018-direttore-mirko-mezzacasa\/viabilita-2\/\" rel=\"attachment wp-att-61954\"><img loading=\"lazy\" decoding=\"async\" class=\"aligncenter wp-image-61954 size-full\" src=\"https:\/\/www.radiopiu.net\/wordpress\/wp-content\/uploads\/2018\/09\/viabilita.jpeg\" sizes=\"auto, (max-width: 800px) 100vw, 800px\" srcset=\"https:\/\/www.radiopiu.net\/wordpress\/wp-content\/uploads\/2018\/09\/viabilita.jpeg 800w, https:\/\/www.radiopiu.net\/wordpress\/wp-content\/uploads\/2018\/09\/viabilita-300x38.jpeg 300w, https:\/\/www.radiopiu.net\/wordpress\/wp-content\/uploads\/2018\/09\/viabilita-768x96.jpeg 768w\" alt=\"\" width=\"800\" height=\"100\" \/><\/a><\/p>\n<\/div>\n<\/div>\n<\/div>\n<\/div>\n<\/div>\n<\/div>\n<\/div>\n<\/div>\n<\/div>\n<\/div>\n<\/div>\n<\/div>\n<\/div>\n<\/div>\n<\/div>\n<\/div>\n<\/div>\n<\/div>\n<\/div>\n<\/div>\n<\/div>\n<\/div>\n<\/div>\n<\/div>\n<\/div>\n<\/div>\n<\/div>\n<\/div>\n<\/div>\n<\/div>\n<\/div>\n<\/div>\n<\/div>\n<\/div>\n<\/div>\n<\/div>\n<\/div>\n<\/div>\n<\/div>\n<\/div>\n<\/div>\n<\/div>\n<\/div>\n<\/div>\n<\/div>\n<\/div>\n<\/div>\n<\/div>\n<\/div>\n<\/div>\n<\/div>\n<\/div>\n<\/div>\n<\/div>\n<\/div>\n<\/div>\n<\/div>\n<\/div>\n<\/div>\n<\/div>\n<\/div>\n<\/div>\n<\/div>\n<\/div>\n<\/div>\n<\/div>\n<\/div>\n<\/div>\n<\/div>\n<\/div>\n<\/div>\n<\/div>\n<\/div>\n<\/div>\n<\/div>\n<\/div>\n<\/div>\n<\/div>\n<div>\n<div class=\"page-title-head hgroup\">\n<div class=\"page-title-head hgroup\">\n<div class=\"b654a4as d2edcug0\">\n<div class=\"j83agx80 btwxx1t3 lhclo0ds hop8lmos nkwizq5d scwd0bx6 roh60bw9\">\n<div class=\"rq0escxv hkbzh7o3 jwdofwj8 n8tt0mok r8blr3vg hyh9befq\">\n<div class=\"do00u71z l9j0dhe7 k4urcfbm\">\n<div class=\"ecm0bbzt e5nlhep0 a8c37x1j\">\n<div class=\"kvgmc6g5 cxmmr5t8 oygrvhab hcukyx3x c1et5uql\">\n<div class=\"gmail-kvgmc6g5 gmail-cxmmr5t8 gmail-oygrvhab gmail-hcukyx3x gmail-c1et5uql gmail-ii04i59q\">\n<div class=\"page-title-head hgroup\">\n<div class=\"page-title-head hgroup\">\n<div class=\"b654a4as d2edcug0\">\n<div class=\"j83agx80 btwxx1t3 lhclo0ds hop8lmos nkwizq5d scwd0bx6 roh60bw9\">\n<div class=\"rq0escxv hkbzh7o3 jwdofwj8 n8tt0mok r8blr3vg hyh9befq\">\n<div class=\"do00u71z l9j0dhe7 k4urcfbm\">\n<div class=\"page-title-head hgroup\">\n<div class=\"page-title-head hgroup\">\n<div class=\"page-title-head hgroup\">\n<div class=\"page-title-head hgroup\">\n<div class=\"b654a4as d2edcug0\">\n<div class=\"page-title-head hgroup\">\n<div class=\"page-title-head hgroup\">\n<div class=\"page-title-head hgroup\">\n<div class=\"page-title-head hgroup\">\n<div class=\"b654a4as d2edcug0\">\n<div class=\"page-title-head hgroup\">\n<div class=\"page-title-head hgroup\">\n<div class=\"page-title-head hgroup\">\n<div class=\"page-title-head hgroup\">\n<div class=\"page-title-head hgroup\">\n<div class=\"page-title-head hgroup\">\n<div class=\"page-title-head hgroup\">\n<div class=\"page-title-head hgroup\">\n<div class=\"page-title-head hgroup\">\n<div class=\"b654a4as d2edcug0\">\n<div class=\"page-title-head hgroup\">\n<div class=\"page-title-head hgroup\">\n<div class=\"page-title-head hgroup\">\n<div class=\"page-title-head hgroup\">\n<div class=\"b654a4as d2edcug0\">\n<div class=\"page-title-head hgroup\">\n<div class=\"page-title-head hgroup\">\n<div class=\"page-title-head hgroup\">\n<div class=\"page-title-head hgroup\">\n<div class=\"page-title-head hgroup\">\n<div class=\"mkdf-post-text\">\n<div class=\"mkdf-post-text-inner\">\n<div class=\"mkdf-post-text-main\">\n<div class=\"mkdf-post-text\">\n<div class=\"mkdf-post-text-inner\">\n<div class=\"mkdf-post-text-main\">\n<div class=\"mkdf-post-text\">\n<div class=\"mkdf-post-text-inner\">\n<div class=\"mkdf-post-text-main\">\n<div class=\"page-title-head hgroup\">\n<div class=\"page-title-head hgroup\">\n<div class=\"mkdf-post-text\">\n<div class=\"mkdf-post-text-inner\">\n<div class=\"mkdf-post-text-main\">\n<div class=\"mkdf-post-text\">\n<div class=\"mkdf-post-text-inner\">\n<div class=\"mkdf-post-text-main\">\n<div class=\"page-title-head hgroup\">\n<div class=\"page-title-head hgroup\">\n<div class=\"page-title-head hgroup\">\n<div class=\"page-title-head hgroup\">\n<div class=\"b654a4as d2edcug0\">\n<div class=\"page-title-head hgroup\">\n<div class=\"page-title-head hgroup\">\n<div class=\"page-title-head hgroup\">\n<div class=\"page-title-head hgroup\">\n<div class=\"b654a4as d2edcug0\">\n<div class=\"page-title-head hgroup\">\n<div class=\"page-title-head hgroup\">\n<div class=\"page-title-head hgroup\">\n<div class=\"page-title-head hgroup\">\n<div class=\"b654a4as d2edcug0\">\n<div class=\"ecm0bbzt e5nlhep0 a8c37x1j\">\n<div class=\"kvgmc6g5 cxmmr5t8 oygrvhab hcukyx3x c1et5uql\">\n<div class=\"gmail-kvgmc6g5 gmail-cxmmr5t8 gmail-oygrvhab gmail-hcukyx3x gmail-c1et5uql gmail-ii04i59q\">\n<div class=\"page-title-head hgroup\">\n<div class=\"page-title-head hgroup\">\n<div class=\"b654a4as d2edcug0\">\n<div class=\"j83agx80 btwxx1t3 lhclo0ds hop8lmos nkwizq5d scwd0bx6 roh60bw9\">\n<div class=\"rq0escxv hkbzh7o3 jwdofwj8 n8tt0mok r8blr3vg hyh9befq\">\n<div class=\"do00u71z l9j0dhe7 k4urcfbm\">\n<div class=\"page-title-head hgroup\">\n<div class=\"page-title-head hgroup\">\n<div class=\"page-title-head hgroup\">\n<div class=\"page-title-head hgroup\">\n<div class=\"b654a4as d2edcug0\">\n<div class=\"page-title-head hgroup\">\n<div class=\"page-title-head hgroup\">\n<div class=\"page-title-head hgroup\">\n<div class=\"page-title-head hgroup\">\n<div class=\"b654a4as d2edcug0\">\n<div class=\"page-title-head hgroup\">\n<div class=\"page-title-head hgroup\">\n<div class=\"page-title-head hgroup\">\n<div class=\"page-title-head hgroup\">\n<div class=\"page-title-head hgroup\">\n<div class=\"page-title-head hgroup\">\n<div class=\"page-title-head hgroup\">\n<div class=\"page-title-head hgroup\">\n<div class=\"page-title-head hgroup\">\n<div class=\"b654a4as d2edcug0\">\n<div class=\"page-title-head hgroup\">\n<div class=\"page-title-head hgroup\">\n<div class=\"page-title-head hgroup\">\n<div class=\"page-title-head hgroup\">\n<div class=\"b654a4as d2edcug0\">\n<div class=\"page-title-head hgroup\">\n<div class=\"page-title-head hgroup\">\n<div class=\"page-title-head hgroup\">\n<div class=\"page-title-head hgroup\">\n<div class=\"page-title-head hgroup\">\n<div class=\"mkdf-post-text\">\n<div class=\"mkdf-post-text-inner\">\n<div class=\"mkdf-post-text-main\">\n<div class=\"mkdf-post-text\">\n<div class=\"mkdf-post-text-inner\">\n<div class=\"mkdf-post-text-main\">\n<div class=\"mkdf-post-text\">\n<div class=\"mkdf-post-text-inner\">\n<div class=\"mkdf-post-text-main\">\n<div class=\"page-title-head hgroup\">\n<div class=\"page-title-head hgroup\">\n<div class=\"mkdf-post-text\">\n<div class=\"mkdf-post-text-inner\">\n<div class=\"mkdf-post-text-main\">\n<div class=\"mkdf-post-text\">\n<div class=\"mkdf-post-text-inner\">\n<div class=\"mkdf-post-text-main\">\n<div class=\"page-title-head hgroup\">\n<div class=\"page-title-head hgroup\">\n<div class=\"page-title-head hgroup\">\n<div class=\"page-title-head hgroup\">\n<div class=\"b654a4as d2edcug0\">\n<div class=\"page-title-head hgroup\">\n<div class=\"page-title-head hgroup\">\n<div class=\"page-title-head hgroup\">\n<div class=\"page-title-head hgroup\">\n<div class=\"b654a4as d2edcug0\">\n<div class=\"page-title-head hgroup\">\n<div class=\"page-title-head hgroup\">\n<div class=\"page-title-head hgroup\">\n<div class=\"page-title-head hgroup\">\n<div class=\"b654a4as d2edcug0\">\n<p>&nbsp;<\/p>\n<p>&nbsp;<\/p>\n<blockquote class=\"wp-embedded-content\" data-secret=\"Ds0vLVVyLS\"><p><a href=\"https:\/\/www.radiopiu.net\/wordpress\/viabilita\/\">viabilita<\/a><\/p><\/blockquote>\n<p><iframe loading=\"lazy\" class=\"wp-embedded-content\" sandbox=\"allow-scripts\" security=\"restricted\" style=\"position: absolute; clip: rect(1px, 1px, 1px, 1px);\" title=\"&#8220;viabilita&#8221; &#8212; Radio Pi\u00f9\" src=\"https:\/\/www.radiopiu.net\/wordpress\/viabilita\/embed\/#?secret=dDH6aPv1Jr#?secret=Ds0vLVVyLS\" data-secret=\"Ds0vLVVyLS\" width=\"600\" height=\"338\" frameborder=\"0\" marginwidth=\"0\" marginheight=\"0\" scrolling=\"no\"><\/iframe><\/p>\n<\/div>\n<\/div>\n<\/div>\n<\/div>\n<\/div>\n<\/div>\n<\/div>\n<\/div>\n<\/div>\n<\/div>\n<\/div>\n<\/div>\n<\/div>\n<\/div>\n<\/div>\n<\/div>\n<\/div>\n<\/div>\n<\/div>\n<\/div>\n<\/div>\n<\/div>\n<\/div>\n<\/div>\n<\/div>\n<\/div>\n<\/div>\n<\/div>\n<\/div>\n<\/div>\n<\/div>\n<\/div>\n<\/div>\n<\/div>\n<\/div>\n<\/div>\n<\/div>\n<\/div>\n<\/div>\n<\/div>\n<\/div>\n<\/div>\n<\/div>\n<\/div>\n<\/div>\n<\/div>\n<\/div>\n<\/div>\n<\/div>\n<\/div>\n<\/div>\n<\/div>\n<\/div>\n<\/div>\n<\/div>\n<\/div>\n<\/div>\n<\/div>\n<\/div>\n<\/div>\n<\/div>\n<\/div>\n<\/div>\n<\/div>\n<\/div>\n<\/div>\n<\/div>\n<\/div>\n<\/div>\n<\/div>\n<\/div>\n<\/div>\n<\/div>\n<\/div>\n<\/div>\n<\/div>\n<\/div>\n<\/div>\n<\/div>\n<\/div>\n<\/div>\n<\/div>\n<\/div>\n<\/div>\n<\/div>\n<\/div>\n<\/div>\n<\/div>\n<\/div>\n<\/div>\n<\/div>\n<\/div>\n<\/div>\n<\/div>\n<\/div>\n<\/div>\n<\/div>\n<\/div>\n<\/div>\n<\/div>\n<\/div>\n<\/div>\n<\/div>\n<\/div>\n<\/div>\n<\/div>\n<\/div>\n<\/div>\n<\/div>\n<\/div>\n<\/div>\n<\/div>\n<\/div>\n<\/div>\n<\/div>\n<\/div>\n<\/div>\n<\/div>\n<\/div>\n<\/div>\n<\/div>\n<\/div>\n<\/div>\n<\/div>\n<\/div>\n<\/div>\n<\/div>\n<\/div>\n<\/div>\n<\/div>\n<\/div>\n<\/div>\n<\/div>\n<\/div>\n<\/div>\n<\/div>\n<\/div>\n<\/div>\n<\/div>\n<\/div>\n<\/div>\n<\/div>\n<\/div>\n<\/div>\n<\/div>\n<\/div>\n<\/div>\n<\/div>\n<\/div>\n<p>&nbsp;<\/p>\n<div>\n<div class=\"page-title-head hgroup\">\n<div class=\"page-title-head hgroup\">\n<div class=\"b654a4as d2edcug0\">\n<div class=\"j83agx80 btwxx1t3 lhclo0ds hop8lmos nkwizq5d scwd0bx6 roh60bw9\">\n<div class=\"rq0escxv hkbzh7o3 jwdofwj8 n8tt0mok r8blr3vg hyh9befq\">\n<div class=\"do00u71z l9j0dhe7 k4urcfbm\">\n<div class=\"page-title-head hgroup\">\n<div class=\"page-title-head hgroup\">\n<div class=\"b654a4as d2edcug0\">\n<div class=\"j83agx80 btwxx1t3 lhclo0ds hop8lmos nkwizq5d scwd0bx6 roh60bw9\">\n<div class=\"rq0escxv hkbzh7o3 jwdofwj8 n8tt0mok r8blr3vg hyh9befq\">\n<div class=\"do00u71z l9j0dhe7 k4urcfbm\">\n<div class=\"ecm0bbzt e5nlhep0 a8c37x1j\">\n<div class=\"kvgmc6g5 cxmmr5t8 oygrvhab hcukyx3x c1et5uql\">\n<div class=\"gmail-kvgmc6g5 gmail-cxmmr5t8 gmail-oygrvhab gmail-hcukyx3x gmail-c1et5uql gmail-ii04i59q\">\n<div class=\"page-title-head hgroup\">\n<div class=\"page-title-head hgroup\">\n<div class=\"b654a4as d2edcug0\">\n<div class=\"j83agx80 btwxx1t3 lhclo0ds hop8lmos nkwizq5d scwd0bx6 roh60bw9\">\n<div class=\"rq0escxv hkbzh7o3 jwdofwj8 n8tt0mok r8blr3vg hyh9befq\">\n<div class=\"do00u71z l9j0dhe7 k4urcfbm\">\n<div class=\"page-title-head hgroup\">\n<div class=\"page-title-head hgroup\">\n<div class=\"b654a4as d2edcug0\">\n<div class=\"j83agx80 btwxx1t3 lhclo0ds hop8lmos nkwizq5d scwd0bx6 roh60bw9\">\n<div class=\"rq0escxv hkbzh7o3 jwdofwj8 n8tt0mok r8blr3vg hyh9befq\">\n<div class=\"do00u71z l9j0dhe7 k4urcfbm\">\n<div>\n<div class=\"page-title-head hgroup\">\n<div class=\"page-title-head hgroup\">\n<div class=\"b654a4as d2edcug0\">\n<div class=\"j83agx80 btwxx1t3 lhclo0ds hop8lmos nkwizq5d scwd0bx6 roh60bw9\">\n<div class=\"rq0escxv hkbzh7o3 jwdofwj8 n8tt0mok r8blr3vg hyh9befq\">\n<div class=\"do00u71z l9j0dhe7 k4urcfbm\">\n<div class=\"ecm0bbzt e5nlhep0 a8c37x1j\">\n<div class=\"kvgmc6g5 cxmmr5t8 oygrvhab hcukyx3x c1et5uql\">\n<div class=\"gmail-kvgmc6g5 gmail-cxmmr5t8 gmail-oygrvhab gmail-hcukyx3x gmail-c1et5uql gmail-ii04i59q\">\n<div class=\"page-title-head hgroup\">\n<div class=\"page-title-head hgroup\">\n<div class=\"b654a4as d2edcug0\">\n<div class=\"j83agx80 btwxx1t3 lhclo0ds hop8lmos nkwizq5d scwd0bx6 roh60bw9\">\n<div class=\"rq0escxv hkbzh7o3 jwdofwj8 n8tt0mok r8blr3vg hyh9befq\">\n<div class=\"do00u71z l9j0dhe7 k4urcfbm\">\n<div class=\"page-title-head hgroup\">\n<div class=\"page-title-head hgroup\">\n<div class=\"page-title-head hgroup\">\n<div class=\"page-title-head hgroup\">\n<div class=\"b654a4as d2edcug0\">\n<div class=\"page-title-head hgroup\">\n<div class=\"page-title-head hgroup\">\n<div class=\"page-title-head hgroup\">\n<div class=\"page-title-head hgroup\">\n<div class=\"b654a4as d2edcug0\">\n<div class=\"page-title-head hgroup\">\n<div class=\"page-title-head hgroup\">\n<div class=\"page-title-head hgroup\">\n<div class=\"page-title-head hgroup\">\n<div class=\"page-title-head hgroup\">\n<div class=\"page-title-head hgroup\">\n<div class=\"page-title-head hgroup\">\n<div class=\"page-title-head hgroup\">\n<div class=\"page-title-head hgroup\">\n<div class=\"b654a4as d2edcug0\">\n<div class=\"page-title-head hgroup\">\n<div class=\"page-title-head hgroup\">\n<div class=\"page-title-head hgroup\">\n<div class=\"page-title-head hgroup\">\n<div class=\"b654a4as d2edcug0\">\n<div class=\"page-title-head hgroup\">\n<div class=\"page-title-head hgroup\">\n<div class=\"page-title-head hgroup\">\n<div class=\"page-title-head hgroup\">\n<div class=\"page-title-head hgroup\">\n<div class=\"mkdf-post-text\">\n<div class=\"mkdf-post-text-inner\">\n<div class=\"mkdf-post-text-main\">\n<div class=\"mkdf-post-text\">\n<div class=\"mkdf-post-text-inner\">\n<div class=\"mkdf-post-text-main\">\n<div class=\"mkdf-post-text\">\n<div class=\"mkdf-post-text-inner\">\n<div class=\"mkdf-post-text-main\">\n<div class=\"page-title-head hgroup\">\n<div class=\"page-title-head hgroup\">\n<div class=\"mkdf-post-text\">\n<div class=\"mkdf-post-text-inner\">\n<div class=\"mkdf-post-text-main\">\n<div class=\"mkdf-post-text\">\n<div class=\"mkdf-post-text-inner\">\n<div class=\"mkdf-post-text-main\">\n<div class=\"page-title-head hgroup\">\n<div class=\"page-title-head hgroup\">\n<div class=\"page-title-head hgroup\">\n<div class=\"page-title-head hgroup\">\n<div class=\"b654a4as d2edcug0\">\n<div class=\"page-title-head hgroup\">\n<div class=\"page-title-head hgroup\">\n<div class=\"page-title-head hgroup\">\n<div class=\"page-title-head hgroup\">\n<div class=\"b654a4as d2edcug0\">\n<div class=\"page-title-head hgroup\">\n<div class=\"page-title-head hgroup\">\n<div class=\"page-title-head hgroup\">\n<div class=\"page-title-head hgroup\">\n<div class=\"b654a4as d2edcug0\">\n<div class=\"ecm0bbzt e5nlhep0 a8c37x1j\">\n<div class=\"kvgmc6g5 cxmmr5t8 oygrvhab hcukyx3x c1et5uql\">\n<div class=\"gmail-kvgmc6g5 gmail-cxmmr5t8 gmail-oygrvhab gmail-hcukyx3x gmail-c1et5uql gmail-ii04i59q\">\n<div class=\"page-title-head hgroup\">\n<div class=\"page-title-head hgroup\">\n<div class=\"b654a4as d2edcug0\">\n<div class=\"j83agx80 btwxx1t3 lhclo0ds hop8lmos nkwizq5d scwd0bx6 roh60bw9\">\n<div class=\"rq0escxv hkbzh7o3 jwdofwj8 n8tt0mok r8blr3vg hyh9befq\">\n<div class=\"do00u71z l9j0dhe7 k4urcfbm\">\n<div class=\"page-title-head hgroup\">\n<div class=\"page-title-head hgroup\">\n<div class=\"page-title-head hgroup\">\n<div class=\"page-title-head hgroup\">\n<div class=\"b654a4as d2edcug0\">\n<div class=\"page-title-head hgroup\">\n<div class=\"page-title-head hgroup\">\n<div class=\"page-title-head hgroup\">\n<div class=\"page-title-head hgroup\">\n<div class=\"b654a4as d2edcug0\">\n<div class=\"page-title-head hgroup\">\n<div class=\"page-title-head hgroup\">\n<div class=\"page-title-head hgroup\">\n<div class=\"page-title-head hgroup\">\n<div class=\"page-title-head hgroup\">\n<div class=\"page-title-head hgroup\">\n<div class=\"page-title-head hgroup\">\n<div class=\"page-title-head hgroup\">\n<div class=\"page-title-head hgroup\">\n<div class=\"b654a4as d2edcug0\">\n<div class=\"page-title-head hgroup\">\n<div class=\"page-title-head hgroup\">\n<div class=\"page-title-head hgroup\">\n<div class=\"page-title-head hgroup\">\n<div class=\"b654a4as d2edcug0\">\n<div class=\"page-title-head hgroup\">\n<div class=\"page-title-head hgroup\">\n<div class=\"page-title-head hgroup\">\n<div class=\"page-title-head hgroup\">\n<div class=\"page-title-head hgroup\">\n<div class=\"mkdf-post-text\">\n<div class=\"mkdf-post-text-inner\">\n<div class=\"mkdf-post-text-main\">\n<div class=\"mkdf-post-text\">\n<div class=\"mkdf-post-text-inner\">\n<div class=\"mkdf-post-text-main\">\n<div class=\"mkdf-post-text\">\n<div class=\"mkdf-post-text-inner\">\n<div class=\"mkdf-post-text-main\">\n<div class=\"page-title-head hgroup\">\n<div class=\"page-title-head hgroup\">\n<div class=\"mkdf-post-text\">\n<div class=\"mkdf-post-text-inner\">\n<div class=\"mkdf-post-text-main\">\n<div class=\"mkdf-post-text\">\n<div class=\"mkdf-post-text-inner\">\n<div class=\"mkdf-post-text-main\">\n<div class=\"page-title-head hgroup\">\n<div class=\"page-title-head hgroup\">\n<div class=\"page-title-head hgroup\">\n<div class=\"page-title-head hgroup\">\n<div class=\"b654a4as d2edcug0\">\n<div class=\"page-title-head hgroup\">\n<div class=\"page-title-head hgroup\">\n<div class=\"page-title-head hgroup\">\n<div class=\"page-title-head hgroup\">\n<div class=\"b654a4as d2edcug0\">\n<div class=\"page-title-head hgroup\">\n<div class=\"page-title-head hgroup\">\n<div class=\"page-title-head hgroup\">\n<div class=\"page-title-head hgroup\">\n<div class=\"b654a4as d2edcug0\">\n<hr \/>\n<p>&nbsp;<\/p>\n<\/div>\n<div class=\"b654a4as d2edcug0\">\n<div class=\"ecm0bbzt e5nlhep0 a8c37x1j\">\n<div class=\"kvgmc6g5 cxmmr5t8 oygrvhab hcukyx3x c1et5uql\">\n<div class=\"gmail-kvgmc6g5 gmail-cxmmr5t8 gmail-oygrvhab gmail-hcukyx3x gmail-c1et5uql gmail-ii04i59q\">\n<div>\n<div class=\"page-title-head hgroup\">\n<div class=\"page-title-head hgroup\">\n<div class=\"b654a4as d2edcug0\">\n<div class=\"j83agx80 btwxx1t3 lhclo0ds hop8lmos nkwizq5d scwd0bx6 roh60bw9\">\n<div class=\"rq0escxv hkbzh7o3 jwdofwj8 n8tt0mok r8blr3vg hyh9befq\">\n<div class=\"do00u71z l9j0dhe7 k4urcfbm\">\n<div>\n<div class=\"page-title-head hgroup\">\n<div class=\"page-title-head hgroup\">\n<div class=\"page-title-head hgroup\">\n<div class=\"page-title-head hgroup\">\n<div class=\"b654a4as d2edcug0\">\n<div class=\"page-title-head hgroup\">\n<div class=\"page-title-head hgroup\">\n<div class=\"page-title-head hgroup\">\n<div class=\"page-title-head hgroup\">\n<div class=\"b654a4as d2edcug0\">\n<div class=\"page-title-head hgroup\">\n<div class=\"page-title-head hgroup\">\n<div class=\"page-title-head hgroup\">\n<div class=\"page-title-head hgroup\">\n<div class=\"page-title-head hgroup\">\n<div class=\"mkdf-post-text\">\n<div class=\"mkdf-post-text-inner\">\n<div class=\"mkdf-post-text-main\">\n<div class=\"mkdf-post-text\">\n<div class=\"mkdf-post-text-inner\">\n<div class=\"mkdf-post-text-main\">\n<div class=\"mkdf-post-text\">\n<div class=\"mkdf-post-text-inner\">\n<div class=\"mkdf-post-text-main\">\n<div class=\"page-title-head hgroup\">\n<div class=\"page-title-head hgroup\">\n<div class=\"mkdf-post-text\">\n<div class=\"mkdf-post-text-inner\">\n<div class=\"mkdf-post-text-main\">\n<div class=\"mkdf-post-text\">\n<div class=\"mkdf-post-text-inner\">\n<div class=\"mkdf-post-text-main\">\n<div>\n<div class=\"page-title-head hgroup\">\n<div class=\"page-title-head hgroup\">\n<div>\n<div class=\"page-title-head hgroup\">\n<div class=\"page-title-head hgroup\">\n<div class=\"b654a4as d2edcug0\">\n<div>\n<div class=\"page-title-head hgroup\" style=\"text-align: left;\">\n<div class=\"page-title-head hgroup\">\n<div dir=\"auto\">\n<p><a class=\"dt-pswp-item pspw-wrap-ready\" href=\"https:\/\/i0.wp.com\/www.radiopiu.net\/wordpress\/wp-content\/uploads\/2018\/09\/WhatsApp-Image-2018-09-20-at-16.04.06.jpeg?ssl=1\" data-dt-img-description=\"\" data-large_image_width=\"800\" data-large_image_height=\"100\"><img loading=\"lazy\" decoding=\"async\" class=\"aligncenter wp-image-61378 size-full jetpack-lazy-image jetpack-lazy-image--handled\" src=\"https:\/\/i0.wp.com\/www.radiopiu.net\/wordpress\/wp-content\/uploads\/2018\/09\/WhatsApp-Image-2018-09-20-at-16.04.06.jpeg?resize=800%2C100&amp;ssl=1\" sizes=\"auto, (max-width: 800px) 100vw, 800px\" srcset=\"https:\/\/i0.wp.com\/www.radiopiu.net\/wordpress\/wp-content\/uploads\/2018\/09\/WhatsApp-Image-2018-09-20-at-16.04.06.jpeg?w=800&amp;ssl=1 800w, https:\/\/i0.wp.com\/www.radiopiu.net\/wordpress\/wp-content\/uploads\/2018\/09\/WhatsApp-Image-2018-09-20-at-16.04.06.jpeg?resize=300%2C38&amp;ssl=1 300w, https:\/\/i0.wp.com\/www.radiopiu.net\/wordpress\/wp-content\/uploads\/2018\/09\/WhatsApp-Image-2018-09-20-at-16.04.06.jpeg?resize=768%2C96&amp;ssl=1 768w\" alt=\"\" width=\"800\" height=\"100\" data-lazy-loaded=\"1\" \/><\/a><\/p>\n<\/div>\n<\/div>\n<\/div>\n<\/div>\n<\/div>\n<\/div>\n<\/div>\n<\/div>\n<\/div>\n<\/div>\n<\/div>\n<\/div>\n<\/div>\n<\/div>\n<\/div>\n<\/div>\n<\/div>\n<\/div>\n<\/div>\n<\/div>\n<\/div>\n<\/div>\n<\/div>\n<\/div>\n<\/div>\n<\/div>\n<\/div>\n<\/div>\n<\/div>\n<\/div>\n<\/div>\n<\/div>\n<\/div>\n<\/div>\n<\/div>\n<\/div>\n<\/div>\n<\/div>\n<\/div>\n<\/div>\n<\/div>\n<\/div>\n<\/div>\n<\/div>\n<\/div>\n<\/div>\n<\/div>\n<\/div>\n<\/div>\n<\/div>\n<\/div>\n<\/div>\n<\/div>\n<\/div>\n<\/div>\n<\/div>\n<\/div>\n<\/div>\n<\/div>\n<\/div>\n<\/div>\n<\/div>\n<\/div>\n<\/div>\n<\/div>\n<\/div>\n<\/div>\n<\/div>\n<\/div>\n<\/div>\n<\/div>\n<\/div>\n<\/div>\n<\/div>\n<\/div>\n<\/div>\n<\/div>\n<\/div>\n<\/div>\n<\/div>\n<\/div>\n<\/div>\n<\/div>\n<\/div>\n<\/div>\n<\/div>\n<\/div>\n<\/div>\n<\/div>\n<\/div>\n<\/div>\n<\/div>\n<\/div>\n<\/div>\n<\/div>\n<\/div>\n<\/div>\n<\/div>\n<\/div>\n<\/div>\n<\/div>\n<\/div>\n<\/div>\n<\/div>\n<\/div>\n<\/div>\n<\/div>\n<\/div>\n<\/div>\n<\/div>\n<\/div>\n<\/div>\n<\/div>\n<\/div>\n<\/div>\n<\/div>\n<\/div>\n<\/div>\n<\/div>\n<\/div>\n<\/div>\n<\/div>\n<\/div>\n<\/div>\n<\/div>\n<\/div>\n<\/div>\n<\/div>\n<\/div>\n<\/div>\n<\/div>\n<\/div>\n<\/div>\n<\/div>\n<\/div>\n<\/div>\n<\/div>\n<\/div>\n<\/div>\n<\/div>\n<\/div>\n<\/div>\n<\/div>\n<\/div>\n<\/div>\n<\/div>\n<\/div>\n<\/div>\n<\/div>\n<\/div>\n<\/div>\n<\/div>\n<\/div>\n<\/div>\n<\/div>\n<\/div>\n<\/div>\n<\/div>\n<\/div>\n<\/div>\n<\/div>\n<\/div>\n<\/div>\n<\/div>\n<\/div>\n<\/div>\n<\/div>\n<\/div>\n<\/div>\n<\/div>\n<\/div>\n<\/div>\n<\/div>\n<\/div>\n<\/div>\n<\/div>\n<\/div>\n<\/div>\n<\/div>\n<\/div>\n<\/div>\n<\/div>\n<\/div>\n<\/div>\n<\/div>\n<\/div>\n<\/div>\n<\/div>\n<\/div>\n<\/div>\n<\/div>\n<\/div>\n<\/div>\n<\/div>\n<\/div>\n<\/div>\n<\/div>\n<\/div>\n<\/div>\n<\/div>\n<\/div>\n<\/div>\n<\/div>\n<\/div>\n<\/div>\n<\/div>\n<\/div>\n<\/div>\n<\/div>\n<\/div>\n<\/div>\n<\/div>\n<\/div>\n<\/div>\n<\/div>\n<\/div>\n<\/div>\n<\/div>\n<\/div>\n<\/div>\n<\/div>\n<\/div>\n<\/div>\n<\/div>\n<\/div>\n<\/div>\n<\/div>\n<\/div>\n<\/div>\n<\/div>\n<\/div>\n<p>&nbsp;<\/p>\n<p><center><b>Martedi 5<\/b><\/center><b>Tempo atteso: <\/b>Tempo stabile e ben soleggiato con cielo terso, aria limpida e ottima visibilit\u00e0. Non escluso del tutto qualche nebbia notturna o qualche banco di nubi basse mattutine in Valbelluna, in rapido dissolvimento dopo il sorgere del sole. Ritorno della mitezza diurna a bassa quota e ancora un po&#8217; fresco in alta quota.<br \/>\n<b>Precipitazioni: <\/b>Assenti (0%).<br \/>\n<b>Temperature: <\/b>In generale aumento, eccetto calo delle minime nei fondovalle per irraggiamento notturno. Previste punte di 13\/15\u00b0C nei fondovalle prealpini e di 8\/10\u00b0C a 1000\/1200 m. Su Prealpi a 1500 m min -1\u00b0C max 7\u00b0C, a 2000 m min -3\u00b0C, max 3\u00b0C. Su Dolomiti a 2000 m min -4\u00b0C max 4\u00b0C, 3000 m min -6\u00b0C max -3\u00b0C.<br \/>\n<b>Venti: <\/b>Nelle valli deboli a regime di brezza, a tratti moderati per brezze di monte su alcuni settori prealpini di notte e rinforzi pomeridiani in alcune valli meridiane; in quota deboli\/moderati da nord-ovest, a tratti tesi a 3000 m, a 5-10 km\/h a 2000 m e 20-35 km\/h a 3000 m.<\/p>\n<hr \/>\n<p><center><b>Mercoledi 6<\/b><\/center><b>Tempo atteso: <\/b>Al mattino persiste il tempo stabile e soleggiato, mentre ci sar\u00e0 una crescente nuvolosit\u00e0 stratiforme nel corso del pomeriggio fino a cielo molto nuvoloso. Come per marted\u00ec il contesto termico sar\u00e0 un po&#8217; pi\u00f9 in linea con la norma, seppur con valori ancora un po&#8217; al di sotto della media.<br \/>\n<b>Precipitazioni: <\/b>Assenti (0%).<br \/>\n<b>Temperature: <\/b>Minime in aumento e massime pressoch\u00e9 stazionarie. Previste punte identiche a marted\u00ec sia nei fondovalle che in quota. Su Prealpi a 1500 m min 2\u00b0C max 7\u00b0C, a 2000 m min 0\u00b0C, max 3\u00b0C. Su Dolomiti a 2000 m min -1\u00b0C max 4\u00b0C, 3000 m min -5\u00b0C max -4\u00b0C.<br \/>\n<b>Venti: <\/b>Nelle valli perlopi\u00f9 deboli a regime di brezza, salvo locali e temporanei rinforzi; in quota perlopi\u00f9 deboli e solo a tratti moderati da sud-ovest, verso sera tendenti a disporsi da nord-ovest, a 5-10 km\/h a 2000 m e 15-20 km\/h a 3000 m.<\/p>\n<hr \/>\n<p><center><b>Giovedi 7<\/b><\/center>Tra l&#8217;alba e le prime ore del mattino lunghi tratti soleggiati e cielo sereno, ma dalle ore centrali in poi probabili velatura del cielo per ingresso di nubi alte. Da met\u00e0 pomeriggio in poi intensificarsi della nuvolosit\u00e0 per nubi stratiformi medie fino a cielo coperto. Temperature minime in calo e massime in lieve ripresa. In quota venti deboli\/moderati nord-occidentali al mattino e da sud-ovest al pomeriggio; nelle valli perlopi\u00f9 deboli o a tratti e localmente moderati per brezze.<\/p>\n<hr \/>\n<p><center><b>Venerdi 8<\/b><\/center>Nuvolosit\u00e0 in aumento, inizialmente alta e medio-alta stratiforme. Nel corso del pomeriggio ulteriore intensificazione della copertura nuvolosa ed entro il tardo pomeriggio\/sera probabili prime deboli precipitazioni sparse, nevose oltre i 2000-2200 m. Temperature in contenuto generale aumento, salvo stazionariet\u00e0 delle massime nelle valli. Venti moderati da sud-ovest in quota, perlopi\u00f9 deboli di direzione variabile nelle valli. Previsore: R.L.Th.<\/p>\n<p>&nbsp;<\/p>\n<hr \/>\n<p>&nbsp;<\/p>\n<p><img loading=\"lazy\" decoding=\"async\" class=\"wp-image-60761 size-full aligncenter\" src=\"https:\/\/www.radiopiu.net\/wordpress\/wp-content\/uploads\/2018\/09\/sport.jpg\" alt=\"\" width=\"800\" height=\"100\" srcset=\"https:\/\/www.radiopiu.net\/wordpress\/wp-content\/uploads\/2018\/09\/sport.jpg 800w, https:\/\/www.radiopiu.net\/wordpress\/wp-content\/uploads\/2018\/09\/sport-300x38.jpg 300w, https:\/\/www.radiopiu.net\/wordpress\/wp-content\/uploads\/2018\/09\/sport-768x96.jpg 768w\" sizes=\"auto, (max-width: 800px) 100vw, 800px\" \/><\/p>\n<p>&nbsp;<\/p>\n<p><strong><span style=\"color: #0000ff;\">\u00a0PALLAVOLO\u00a0\u00a0<\/span><\/strong><\/p>\n<blockquote>\n<h3>UN FINE SETTIMANA DA INCORNICIARE PER IL VOLLEY CLUB AGORDINO<\/h3>\n<\/blockquote>\n<p><strong><a class=\"dt-pswp-item\" href=\"https:\/\/www.radiopiu.net\/wordpress\/wp-content\/uploads\/2022\/04\/VOLLEY-CLUB-AGORDINO.jpg\" data-dt-img-description=\"\" data-large_image_width=\"500\" data-large_image_height=\"512\"><img loading=\"lazy\" decoding=\"async\" class=\"size-thumbnail wp-image-268787 alignleft\" src=\"https:\/\/www.radiopiu.net\/wordpress\/wp-content\/uploads\/2022\/04\/VOLLEY-CLUB-AGORDINO-150x150.jpg\" alt=\"\" width=\"150\" height=\"150\" \/><\/a>AGORDO<\/strong> Lo si pu\u00f2 definire un fine settimana perfetto quello del Volley Club Agordino. La societ\u00e0 di Agordo si \u00e8 presentata con tre squadre in campo ed ha vinto tutte e tre le partite in programma. La prima squadra ha giocato in trasferta ed ha vinto 3 a 1 contro il Mareno. Una vittoria che assicura la seconda posizione in classifica alla squadra di Seconda Divisione, compagine allenata da Livio De Nardin. Il fine settimana appena trascorso \u00e8 stato caratterizzato dall&#8217;esordio delle due squadre giovanili allenate da Michele Zamenego che hanno ben figurato alla prima di campionato. L&#8217;Under 14 ha battuto il Sedico con un secco 3 a 0 mentre l&#8217;Under 16 ha superato il Cadore senza lasciare per strada un set, anche in questo caso il risultato di 3 a 0. Un esordio che fa ben sperare anche per le giovani pallavoliste agordine.<\/p>\n<p>&nbsp;<\/p>\n<p>&nbsp;<\/p>\n<blockquote>\n<h3>UN&#8217;ALTRA SCONFITTA PER LA PALLAVOLO BELLUNO, LA SALVEZZA SI DECIDERA&#8217; SOLO ALL&#8217;ULTIMA GIORNATA.<\/h3>\n<\/blockquote>\n<div class=\"moz-text-html\" lang=\"x-unicode\">\n<div dir=\"ltr\">\n<p><b><a class=\"dt-pswp-item\" href=\"https:\/\/www.radiopiu.net\/wordpress\/wp-content\/uploads\/2022\/04\/Portomaggiore_DRL_1.jpg\" data-dt-img-description=\"\" data-large_image_width=\"874\" data-large_image_height=\"493\"><img loading=\"lazy\" decoding=\"async\" class=\"wp-image-268663 alignleft\" src=\"https:\/\/www.radiopiu.net\/wordpress\/wp-content\/uploads\/2022\/04\/Portomaggiore_DRL_1-300x169.jpg\" alt=\"\" width=\"270\" height=\"152\" srcset=\"https:\/\/www.radiopiu.net\/wordpress\/wp-content\/uploads\/2022\/04\/Portomaggiore_DRL_1-300x169.jpg 300w, https:\/\/www.radiopiu.net\/wordpress\/wp-content\/uploads\/2022\/04\/Portomaggiore_DRL_1-768x433.jpg 768w, https:\/\/www.radiopiu.net\/wordpress\/wp-content\/uploads\/2022\/04\/Portomaggiore_DRL_1.jpg 874w\" sizes=\"auto, (max-width: 270px) 100vw, 270px\" \/><\/a>PORTOMAGGIORE- BELLUNO 3-1 <\/b><b>PARZIALI: <\/b>25-20, 25-22, 25-27, 25-19. <b>BELLUNO:<\/b> Maccabruni 2, De Santis 5, Graziani 18, Ostuzzi 9, Piazzetta 11, Mozzato 6; Martinez (L), Gionchetti 7, Paganin. N.e. Galliani, Guolla, Della Vecchia, Milani, Pierobon (L). Allenatore: D. Poletto.<span class=\"gmail-Apple-converted-space\"> \u00a0<\/span><b>ARBITRI: <\/b>Marco Laghi e Paolo Scotti. <span class=\"gmail-Apple-converted-space\">\u00a0<\/span><\/p>\n<p>La Da Rold Logistics Belluno si giocher\u00e0 la permanenza in Serie A3 nel turno conclusivo di stagione regolare. Perch\u00e9 a Portomaggiore matura la sesta sconfitta di fila<\/p>\n<\/div>\n<\/div>\n<p><strong>L&#8217;INTERVISTA ALL&#8217;ALLENATORE LUIGI SCHIAVON\u00a0<\/strong><\/p>\n<div style=\"width: 848px;\" class=\"wp-video\"><video class=\"wp-video-shortcode\" id=\"video-268647-1\" width=\"848\" height=\"480\" preload=\"metadata\" controls=\"controls\"><source type=\"video\/mp4\" src=\"https:\/\/www.radiopiu.net\/wordpress\/wp-content\/uploads\/2022\/04\/WhatsApp-Video-2022-04-04-at-09.25.14.mp4?_=1\" \/><a href=\"https:\/\/www.radiopiu.net\/wordpress\/wp-content\/uploads\/2022\/04\/WhatsApp-Video-2022-04-04-at-09.25.14.mp4\">https:\/\/www.radiopiu.net\/wordpress\/wp-content\/uploads\/2022\/04\/WhatsApp-Video-2022-04-04-at-09.25.14.mp4<\/a><\/video><\/div>\n<p>&nbsp;<\/p>\n<hr \/>\n<p>&nbsp;<\/p>\n<p><span style=\"color: #0000ff;\"><strong>VOLTEGGIO EQUESTRE<\/strong><\/span><\/p>\n<blockquote>\n<h3>GLI ATLETI DI PR RANCH CENTRANO IL BERSAGLIO, FINE SETTIMANA DA RICORDARE<\/h3>\n<\/blockquote>\n<p><strong>AGORDO<\/strong> Nel fine settimana tre atleti del PR Ranch hanno gareggiato a \u00a0Portogruaro alla prima gara Fise del 2022,\u00a0 competizione\u00a0 interregionale, trampolino di lancio per i campionati italiani e coppa Italia di volteggio equestre. Risultato centrato dall&#8217;intero trio: Alessandro Oldrati,\u00a0 Irene De Toni e Aurora Zuanel. Irene ed Alessandro hanno gareggiato in\u00a0 catetoria L fascia 2 portando a casa il primo posto.\u00a0 I due agordini assieme agli altri componenti della squadra hanno avuto qualche sbavatura nell&#8217; esecuzione tecnica dovuta alla grande tensione per la prima uscita in gara federale. Molto buono il libero dove hanno potuto esprimere al meglio il lato artistico del loro star wors con primo posto e qualifica.\u00a0 Per Aurora Zuanel l&#8217;atleta pi\u00f9 &#8220;matura&#8221;(11anni) e tutta la squadra\u00a0 un salto di categoria e un bellissimo secondo posto da festeggiare.\u00a0 Non sono mancati i brividi per la\u00a0 troppa esuberanza del bellissimo Renoir cavallo nero pece con la primavera negli zoccoli, ma le\u00a0 Harry Potter non si sono scoraggiate e hanno eseguito il loro libero col sorriso e nonostante qualche piccola incertezza hanno chiuso al secondo posto e le qualifiche per i prossimi impegni nazionali.\u00a0<em> &#8220;Anche questa Domenica\u00a0 &#8211; dice Donatella Dai pra del\u00a0 PR RANCH &#8211; che gemellati con il centro I\u00a0 Prati di Padova hanno fatto del loro meglio in questo sport che unisce forza elasticit\u00e0 temperamento equilibrio e interpretazione in squadra con un bellissimo amico di taglia grande molto grande. Da sottolineare l&#8217; impegno dei nostri atleti che si allenano 3 volte a settimana e dei genitori che li supportano ( e trasportano),\u00a0 ogni 15 giorni scendono a Padova\u00a0 per allenarsi con gli altri componenti delle due squadre , ma i frutti\u00a0 si vedono e sono dolcissimi&#8221;\u00a0<\/em><\/p>\n\n\t\t\t<style type='text\/css'>\n\t\t\t\t#gallery-7 {\n\t\t\t\t\tmargin: auto;\n\t\t\t\t}\n\t\t\t\t#gallery-7 .gallery-item {\n\t\t\t\t\tfloat: left;\n\t\t\t\t\tmargin-top: 10px;\n\t\t\t\t\ttext-align: center;\n\t\t\t\t\twidth: 25%;\n\t\t\t\t}\n\t\t\t\t#gallery-7 img {\n\t\t\t\t\tborder: 2px solid #cfcfcf;\n\t\t\t\t}\n\t\t\t\t#gallery-7 .gallery-caption {\n\t\t\t\t\tmargin-left: 0;\n\t\t\t\t}\n\t\t\t\t\/* see gallery_shortcode() in wp-includes\/media.php *\/\n\t\t\t<\/style>\n\t\t<div id='gallery-7' class='dt-gallery-container gallery galleryid-268647 gallery-columns-4 gallery-size-thumbnail'><dl class='gallery-item'>\n\t\t\t\t<dt class='gallery-icon landscape'>\n\t\t\t\t\t<a class=\"rollover rollover-zoom dt-pswp-item\" title=\"d393fa6b-5000-4275-88d4-3cd484a1f7cd\" data-dt-img-description=\"\" data-large_image_width=\"1024\" data-large_image_height=\"768\"href='https:\/\/www.radiopiu.net\/wordpress\/wp-content\/uploads\/2022\/04\/d393fa6b-5000-4275-88d4-3cd484a1f7cd.jpg'><img loading=\"lazy\" decoding=\"async\" width=\"150\" height=\"150\" src=\"https:\/\/www.radiopiu.net\/wordpress\/wp-content\/uploads\/2022\/04\/d393fa6b-5000-4275-88d4-3cd484a1f7cd-150x150.jpg\" class=\"attachment-thumbnail size-thumbnail\" alt=\"\" \/><\/a>\n\t\t\t\t<\/dt><\/dl><dl class='gallery-item'>\n\t\t\t\t<dt class='gallery-icon landscape'>\n\t\t\t\t\t<a class=\"rollover rollover-zoom dt-pswp-item\" title=\"78d42568-f8ac-4bfa-93c2-32a5b9b6c22d\" data-dt-img-description=\"\" data-large_image_width=\"2048\" data-large_image_height=\"1536\"href='https:\/\/www.radiopiu.net\/wordpress\/wp-content\/uploads\/2022\/04\/78d42568-f8ac-4bfa-93c2-32a5b9b6c22d.jpg'><img loading=\"lazy\" decoding=\"async\" width=\"150\" height=\"150\" src=\"https:\/\/www.radiopiu.net\/wordpress\/wp-content\/uploads\/2022\/04\/78d42568-f8ac-4bfa-93c2-32a5b9b6c22d-150x150.jpg\" class=\"attachment-thumbnail size-thumbnail\" alt=\"\" \/><\/a>\n\t\t\t\t<\/dt><\/dl><dl class='gallery-item'>\n\t\t\t\t<dt class='gallery-icon portrait'>\n\t\t\t\t\t<a class=\"rollover rollover-zoom dt-pswp-item\" title=\"cd54f349-41b1-41af-aa22-b3651da83ddd\" data-dt-img-description=\"\" data-large_image_width=\"1536\" data-large_image_height=\"2048\"href='https:\/\/www.radiopiu.net\/wordpress\/wp-content\/uploads\/2022\/04\/cd54f349-41b1-41af-aa22-b3651da83ddd.jpg'><img loading=\"lazy\" decoding=\"async\" width=\"150\" height=\"150\" src=\"https:\/\/www.radiopiu.net\/wordpress\/wp-content\/uploads\/2022\/04\/cd54f349-41b1-41af-aa22-b3651da83ddd-150x150.jpg\" class=\"attachment-thumbnail size-thumbnail\" alt=\"\" \/><\/a>\n\t\t\t\t<\/dt><\/dl><dl class='gallery-item'>\n\t\t\t\t<dt class='gallery-icon landscape'>\n\t\t\t\t\t<a class=\"rollover rollover-zoom dt-pswp-item\" title=\"a3cdd5bb-2d57-4ac4-aba1-40840c474e83\" data-dt-img-description=\"\" data-large_image_width=\"1600\" data-large_image_height=\"1201\"href='https:\/\/www.radiopiu.net\/wordpress\/wp-content\/uploads\/2022\/04\/a3cdd5bb-2d57-4ac4-aba1-40840c474e83.jpg'><img loading=\"lazy\" decoding=\"async\" width=\"150\" height=\"150\" src=\"https:\/\/www.radiopiu.net\/wordpress\/wp-content\/uploads\/2022\/04\/a3cdd5bb-2d57-4ac4-aba1-40840c474e83-150x150.jpg\" class=\"attachment-thumbnail size-thumbnail\" alt=\"\" \/><\/a>\n\t\t\t\t<\/dt><\/dl><br style=\"clear: both\" \/>\n\t\t\t<\/div>\n\n<div style=\"width: 640px;\" class=\"wp-video\"><video class=\"wp-video-shortcode\" id=\"video-268647-2\" width=\"640\" height=\"304\" preload=\"metadata\" controls=\"controls\"><source type=\"video\/mp4\" src=\"https:\/\/www.radiopiu.net\/wordpress\/wp-content\/uploads\/2022\/04\/WhatsApp-Video-2022-04-04-at-06.47.48.mp4?_=2\" \/><a href=\"https:\/\/www.radiopiu.net\/wordpress\/wp-content\/uploads\/2022\/04\/WhatsApp-Video-2022-04-04-at-06.47.48.mp4\">https:\/\/www.radiopiu.net\/wordpress\/wp-content\/uploads\/2022\/04\/WhatsApp-Video-2022-04-04-at-06.47.48.mp4<\/a><\/video><\/div>\n<div style=\"width: 640px;\" class=\"wp-video\"><video class=\"wp-video-shortcode\" id=\"video-268647-3\" width=\"640\" height=\"304\" preload=\"metadata\" controls=\"controls\"><source type=\"video\/mp4\" src=\"https:\/\/www.radiopiu.net\/wordpress\/wp-content\/uploads\/2022\/04\/WhatsApp-Video-2022-04-04-at-06.47.48-1.mp4?_=3\" \/><a href=\"https:\/\/www.radiopiu.net\/wordpress\/wp-content\/uploads\/2022\/04\/WhatsApp-Video-2022-04-04-at-06.47.48-1.mp4\">https:\/\/www.radiopiu.net\/wordpress\/wp-content\/uploads\/2022\/04\/WhatsApp-Video-2022-04-04-at-06.47.48-1.mp4<\/a><\/video><\/div>\n<p>&nbsp;<\/p>\n<p>\u200b<\/p>\n<\/div>\n<\/div>\n<\/div>\n<\/div>\n<\/div>\n<\/div>\n<\/div>\n<\/div>\n<\/div>\n<\/div>\n<\/div>\n<\/div>\n<\/div>\n<\/div>\n<\/div>\n<\/div>\n<\/div>\n<\/div>\n<\/div>\n<\/div>\n<\/div>\n<\/div>\n<\/div>\n<\/div>\n<\/div>\n<\/div>\n<\/div>\n<\/div>\n<\/div>\n<\/div>\n<\/div>\n<\/div>\n<\/div>\n<\/div>\n<\/div>\n<\/div>\n<\/div>\n<\/div>\n<\/div>\n<\/div>\n<\/div>\n<\/div>\n<\/div>\n<\/div>\n<\/div>\n<\/div>\n<\/div>\n<\/div>\n<\/div>\n<\/div>\n<\/div>\n<\/div>\n<\/div>\n<\/div>\n<\/div>\n<\/div>\n<\/div>\n<\/div>\n<\/div>\n<\/div>\n<\/div>\n<\/div>\n<\/div>\n<\/div>\n<\/div>\n<\/div>\n<\/div>\n<\/div>\n<\/div>\n<\/div>\n<\/div>\n<\/div>\n<\/div>\n<\/div>\n<\/div>\n<\/div>\n<\/div>\n<\/div>\n<\/div>\n<\/div>\n<\/div>\n<\/div>\n<\/div>\n<\/div>\n<\/div>\n<\/div>\n<\/div>\n<\/div>\n<\/div>\n<\/div>\n<\/div>\n<\/div>\n<\/div>\n<\/div>\n<\/div>\n<\/div>\n<\/div>\n<\/div>\n<\/div>\n<\/div>\n<\/div>\n<\/div>\n<\/div>\n<\/div>\n<\/div>\n<\/div>\n<\/div>\n<\/div>\n<\/div>\n<\/div>\n<\/div>\n<\/div>\n","protected":false},"excerpt":{"rendered":"<p>INFORMAZIONE il canale su TELEGRAM informazione di prima\u00a0 mano e in tempo reale. iscriviti ed aiutaci a farlo conoscere\u00a0 &nbsp; &nbsp; SOSPIROLO VICINO ALLA FAMIGLIA CHE HA PERSO TUTTO NELL&#8217;INCENDIO SOSPIROLO DI DAMIANO TORMEN AUDIO &nbsp; &nbsp; &nbsp; ACQUA NON POTABILE IN ALCUNE ZONE DI CENCENIGHE Gestione Servizi Pubblici informa che a CENCENIGHE AGORDINO nelle&hellip;<\/p>\n","protected":false},"author":4,"featured_media":268767,"comment_status":"closed","ping_status":"closed","sticky":false,"template":"","format":"standard","meta":{"_monsterinsights_skip_tracking":false,"_monsterinsights_sitenote_active":false,"_monsterinsights_sitenote_note":"","_monsterinsights_sitenote_category":0,"footnotes":""},"categories":[51,86,49],"tags":[],"class_list":["post-268647","post","type-post","status-publish","format-standard","has-post-thumbnail","hentry","category-evidenza-top","category-gr","category-news-18","category-51","category-86","category-49","description-off"],"img_url":"https:\/\/www.radiopiu.net\/wordpress\/wp-content\/uploads\/2022\/04\/DSC_6888-1-scaled.jpg","_links":{"self":[{"href":"https:\/\/www.radiopiu.net\/wordpress\/wp-json\/wp\/v2\/posts\/268647","targetHints":{"allow":["GET"]}}],"collection":[{"href":"https:\/\/www.radiopiu.net\/wordpress\/wp-json\/wp\/v2\/posts"}],"about":[{"href":"https:\/\/www.radiopiu.net\/wordpress\/wp-json\/wp\/v2\/types\/post"}],"author":[{"embeddable":true,"href":"https:\/\/www.radiopiu.net\/wordpress\/wp-json\/wp\/v2\/users\/4"}],"replies":[{"embeddable":true,"href":"https:\/\/www.radiopiu.net\/wordpress\/wp-json\/wp\/v2\/comments?post=268647"}],"version-history":[{"count":0,"href":"https:\/\/www.radiopiu.net\/wordpress\/wp-json\/wp\/v2\/posts\/268647\/revisions"}],"wp:featuredmedia":[{"embeddable":true,"href":"https:\/\/www.radiopiu.net\/wordpress\/wp-json\/wp\/v2\/media\/268767"}],"wp:attachment":[{"href":"https:\/\/www.radiopiu.net\/wordpress\/wp-json\/wp\/v2\/media?parent=268647"}],"wp:term":[{"taxonomy":"category","embeddable":true,"href":"https:\/\/www.radiopiu.net\/wordpress\/wp-json\/wp\/v2\/categories?post=268647"},{"taxonomy":"post_tag","embeddable":true,"href":"https:\/\/www.radiopiu.net\/wordpress\/wp-json\/wp\/v2\/tags?post=268647"}],"curies":[{"name":"wp","href":"https:\/\/api.w.org\/{rel}","templated":true}]}}