{"id":268727,"date":"2022-04-05T05:43:17","date_gmt":"2022-04-05T03:43:17","guid":{"rendered":"https:\/\/www.radiopiu.net\/wordpress\/?p=268727"},"modified":"2022-04-05T06:38:00","modified_gmt":"2022-04-05T04:38:00","slug":"la-guerra-delle-carte-bollate-combattuta-in-germania-dal-gelatiere-zoldano-roberto-pr","status":"publish","type":"post","link":"https:\/\/www.radiopiu.net\/wordpress\/la-guerra-delle-carte-bollate-combattuta-in-germania-dal-gelatiere-zoldano-roberto-pr\/","title":{"rendered":"LA \u201cGUERRA DELLE CARTE BOLLATE\u201d COMBATTUTA IN GERMANIA DAL GELATIERE ZOLDANO ROBERTO PRA"},"content":{"rendered":"<p><strong>di RENATO BONA<\/strong><\/p>\n<p>A Nel libro \u201cPiccole grandi storie di emigranti\u201d, opera di: Ivano Pocchiesa, Mario Fornaro ed Aduo Vio, che lo hanno realizzato con Media diffusion editrice e l\u2019agenzia Polaris, foto di Bepi Zanfron, Dario Fontanive, Renato Idi, Aldo Pellencin, degli autori e-o dei protagonisti dei vari capitoli c\u2019\u00e8, fra gli altri, il racconto della \u201cguerra delle carte bollate\u201d, dopo quella vera, di un gelatiere zoldano cui, senza colpa alcuna, il nazismo sequestro la gelateria che conduceva a Lipsia. \u201cLa sua odissea \u00e8 cominciata coi gelati ed \u00e8 terminata con le carte bollate\u201d. Nel capitolo a lui dedicato comincia con queste sconcertanti parole la narrazione della vicenda che ha avuto per protagonista Roberto Pra, classe 1912, gelatiere zoldano, nativo di Dozza, emigrante fin da bambino. La si pu\u00f2 leggere nel pregevole \u201cPiccole e grandi storie di Emigranti\u201d, realizzato nel 1991 da Pocchiesa, Fornaro e Vio, tre amici di chi stende queste note convinto di trovare il consenso di quanti non possono reperire il volume. Torniamo a Roberto Pra, titolare nel 1939 di una gelateria in Germania, a Lipsia, coinvolto suo malgrado come altri suoi colleghi, in quanto \u2018proprietario di beni\u2019, \u201cnel cataclisma scatenato dal nazismo e dal fascismo fino all\u2019epilogo del 1945 con le bombe atomiche del Giappone. Si ricorda quindi che quando nel 1939 aveva inaugurato la sua bella gelateria \u201csperava s\u00ec nel suo negozio, nell\u2019Adolf Hitlerstrasse numero 62: non erano l\u00e0 per mangiare il gelato ma per\u2026 prendersi tutta la gelateria!\u201d. Pocchiesa-Fornaro-Vio spiegano quindi che: \u201cLo fecero con buone maniere, sequestrandogli tutto, e con la proverbiale precisione teutonica, redigendo anche un impeccabile verbale in cui erano annotati tutti i beni requisiti: in totale si trattava di 12.968 marchi e 14 pfenning. Inoltre gli venivano \u2018congelati\u2019 anche i 304 Reichsmark (marchi) depositati all\u2019Allgemeine Deutsch Credit-Anstalt-Depositenkasse a Leipzig\u201d. Dopo varie romanzesche vicissitudini, Roberto Pra era rientrato in Italia, ovviamente con le ricevute di esproprio. E siccome il tempo \u00e8 galantuomo, a Germania riunificata dopo il crollo del \u201cMuro di Berlino\u201d \u00e8 stato riaperto il termine per chiedere i \u201crimborsi di guerra\u201d e &#8211; commentano gli autori del libro . l\u2019occasione \u00e8 stata propizia a Roberto Pra, 79 anni, per un \u201camarcord\u201d sui tempi felici\u201d. Pagine di vita vissuta, con il nostro che aveva iniziato a vendere gelati a Finale Ligure, \u201ccon il classico carrettino degli ambulanti\u201d: molte ore di lavoro, tanti sacrifici ma anche la professionalit\u00e0 ed il successo. Ricordi, dicevamo; quello di Zara, ad esempio, quando la citt\u00e0 era punto franco, e lui vedeva arrivare le bianche navi che solcavano il mare\u2026 tra i suoi ospiti, il mitico Balbo \u201cdi cui conserva una fotografia nella quale un suo bambino \u00e8 in braccio al gerarca fascista\u201d. Ma anche altri golosi del suo ottino gelato; il pilota Stoppani, mito dell\u2019aviazione di quegli anni, il colonnello Franchini, il generale Messe\u2026 Dopo gli otto anni di Zara si trasfer\u00ec in Germania: alla domanda perch\u00e9 proprio in quel Paese, spieg\u00f2 che si era sposato ed il suocero, Giovan Battista Faghera, era a Lipsia dal 1913\u2026 La conclusione di questo racconto breve che ha avuto per protagonista il gelatiere zoldano \u00e8 cos\u00ec sintetizzata da Ivano Pocchiesa, Mario Fornaro ed Aduo Vio; \u201cOggi la parola ai documenti, alle fotocopie, ai consolati\u2026 Roberto Pra \u00e8 identificato nelle carte bollate, con la \u201cposizione n. 132\u2026\u201d. Sarebbe bello conoscere, se c\u2019\u00e8 stata, e quale, la fine di questa storia.<\/p>\n\n\t\t\t<style type='text\/css'>\n\t\t\t\t#gallery-1 {\n\t\t\t\t\tmargin: auto;\n\t\t\t\t}\n\t\t\t\t#gallery-1 .gallery-item {\n\t\t\t\t\tfloat: left;\n\t\t\t\t\tmargin-top: 10px;\n\t\t\t\t\ttext-align: center;\n\t\t\t\t\twidth: 33%;\n\t\t\t\t}\n\t\t\t\t#gallery-1 img {\n\t\t\t\t\tborder: 2px solid #cfcfcf;\n\t\t\t\t}\n\t\t\t\t#gallery-1 .gallery-caption {\n\t\t\t\t\tmargin-left: 0;\n\t\t\t\t}\n\t\t\t\t\/* see gallery_shortcode() in wp-includes\/media.php *\/\n\t\t\t<\/style>\n\t\t<div id='gallery-1' class='dt-gallery-container gallery galleryid-268727 gallery-columns-3 gallery-size-thumbnail'><dl class='gallery-item'>\n\t\t\t\t<dt class='gallery-icon portrait'>\n\t\t\t\t\t<a class=\"rollover rollover-zoom dt-pswp-item\" title=\"277706190_1043591016246295_5346177616274873692_n\" data-dt-img-description=\"\" data-large_image_width=\"155\" data-large_image_height=\"240\"href='https:\/\/www.radiopiu.net\/wordpress\/wp-content\/uploads\/2022\/04\/277706190_1043591016246295_5346177616274873692_n.jpg'><img loading=\"lazy\" decoding=\"async\" width=\"150\" height=\"150\" src=\"https:\/\/www.radiopiu.net\/wordpress\/wp-content\/uploads\/2022\/04\/277706190_1043591016246295_5346177616274873692_n-150x150.jpg\" class=\"attachment-thumbnail size-thumbnail\" alt=\"\" \/><\/a>\n\t\t\t\t<\/dt><\/dl><dl class='gallery-item'>\n\t\t\t\t<dt class='gallery-icon landscape'>\n\t\t\t\t\t<a class=\"rollover rollover-zoom dt-pswp-item\" title=\"277717524_313876087346355_2467235404512756853_n\" data-dt-img-description=\"\" data-large_image_width=\"350\" data-large_image_height=\"200\"href='https:\/\/www.radiopiu.net\/wordpress\/wp-content\/uploads\/2022\/04\/277717524_313876087346355_2467235404512756853_n.jpg'><img loading=\"lazy\" decoding=\"async\" width=\"150\" height=\"150\" src=\"https:\/\/www.radiopiu.net\/wordpress\/wp-content\/uploads\/2022\/04\/277717524_313876087346355_2467235404512756853_n-150x150.jpg\" class=\"attachment-thumbnail size-thumbnail\" alt=\"\" \/><\/a>\n\t\t\t\t<\/dt><\/dl><dl class='gallery-item'>\n\t\t\t\t<dt class='gallery-icon landscape'>\n\t\t\t\t\t<a class=\"rollover rollover-zoom dt-pswp-item\" title=\"277832752_1349798525495388_6448475239648294056_n\" data-dt-img-description=\"\" data-large_image_width=\"320\" data-large_image_height=\"202\"href='https:\/\/www.radiopiu.net\/wordpress\/wp-content\/uploads\/2022\/04\/277832752_1349798525495388_6448475239648294056_n-1.jpg'><img loading=\"lazy\" decoding=\"async\" width=\"150\" height=\"150\" src=\"https:\/\/www.radiopiu.net\/wordpress\/wp-content\/uploads\/2022\/04\/277832752_1349798525495388_6448475239648294056_n-1-150x150.jpg\" class=\"attachment-thumbnail size-thumbnail\" alt=\"\" \/><\/a>\n\t\t\t\t<\/dt><\/dl><br style=\"clear: both\" \/><dl class='gallery-item'>\n\t\t\t\t<dt class='gallery-icon landscape'>\n\t\t\t\t\t<a class=\"rollover rollover-zoom dt-pswp-item\" title=\"277611425_691528698760605_3985571475202377622_n\" data-dt-img-description=\"\" data-large_image_width=\"339\" data-large_image_height=\"206\"href='https:\/\/www.radiopiu.net\/wordpress\/wp-content\/uploads\/2022\/04\/277611425_691528698760605_3985571475202377622_n.jpg'><img loading=\"lazy\" decoding=\"async\" width=\"150\" height=\"150\" src=\"https:\/\/www.radiopiu.net\/wordpress\/wp-content\/uploads\/2022\/04\/277611425_691528698760605_3985571475202377622_n-150x150.jpg\" class=\"attachment-thumbnail size-thumbnail\" alt=\"\" \/><\/a>\n\t\t\t\t<\/dt><\/dl><dl class='gallery-item'>\n\t\t\t\t<dt class='gallery-icon landscape'>\n\t\t\t\t\t<a class=\"rollover rollover-zoom dt-pswp-item\" title=\"277707743_2276764022492457_1462239738281189182_n\" data-dt-img-description=\"\" data-large_image_width=\"280\" data-large_image_height=\"204\"href='https:\/\/www.radiopiu.net\/wordpress\/wp-content\/uploads\/2022\/04\/277707743_2276764022492457_1462239738281189182_n.jpg'><img loading=\"lazy\" decoding=\"async\" width=\"150\" height=\"150\" src=\"https:\/\/www.radiopiu.net\/wordpress\/wp-content\/uploads\/2022\/04\/277707743_2276764022492457_1462239738281189182_n-150x150.jpg\" class=\"attachment-thumbnail size-thumbnail\" alt=\"\" \/><\/a>\n\t\t\t\t<\/dt><\/dl><dl class='gallery-item'>\n\t\t\t\t<dt class='gallery-icon landscape'>\n\t\t\t\t\t<a class=\"rollover rollover-zoom dt-pswp-item\" title=\"277688369_983676775855717_7032727167834208345_n\" data-dt-img-description=\"\" data-large_image_width=\"264\" data-large_image_height=\"206\"href='https:\/\/www.radiopiu.net\/wordpress\/wp-content\/uploads\/2022\/04\/277688369_983676775855717_7032727167834208345_n.jpg'><img loading=\"lazy\" decoding=\"async\" width=\"150\" height=\"150\" src=\"https:\/\/www.radiopiu.net\/wordpress\/wp-content\/uploads\/2022\/04\/277688369_983676775855717_7032727167834208345_n-150x150.jpg\" class=\"attachment-thumbnail size-thumbnail\" alt=\"\" \/><\/a>\n\t\t\t\t<\/dt><\/dl><br style=\"clear: both\" \/><dl class='gallery-item'>\n\t\t\t\t<dt class='gallery-icon '>\n\t\t\t\t\t<a class=\"rollover rollover-zoom dt-pswp-item\" title=\"277257445_300899905344653_1038346659440267695_n\" data-dt-img-description=\"\" data-large_image_width=\"0\" data-large_image_height=\"0\"href='https:\/\/www.radiopiu.net\/wordpress\/wp-content\/uploads\/2022\/04\/277257445_300899905344653_1038346659440267695_n.jpg'><img loading=\"lazy\" decoding=\"async\" width=\"1\" height=\"1\" src=\"https:\/\/www.radiopiu.net\/wordpress\/wp-content\/uploads\/2022\/04\/277257445_300899905344653_1038346659440267695_n.jpg\" class=\"attachment-thumbnail size-thumbnail\" alt=\"\" \/><\/a>\n\t\t\t\t<\/dt><\/dl><dl class='gallery-item'>\n\t\t\t\t<dt class='gallery-icon landscape'>\n\t\t\t\t\t<a class=\"rollover rollover-zoom dt-pswp-item\" title=\"277616142_1021476915123091_1340526982235463717_n\" data-dt-img-description=\"\" data-large_image_width=\"224\" data-large_image_height=\"206\"href='https:\/\/www.radiopiu.net\/wordpress\/wp-content\/uploads\/2022\/04\/277616142_1021476915123091_1340526982235463717_n-1.jpg'><img loading=\"lazy\" decoding=\"async\" width=\"150\" height=\"150\" src=\"https:\/\/www.radiopiu.net\/wordpress\/wp-content\/uploads\/2022\/04\/277616142_1021476915123091_1340526982235463717_n-1-150x150.jpg\" class=\"attachment-thumbnail size-thumbnail\" alt=\"\" \/><\/a>\n\t\t\t\t<\/dt><\/dl><dl class='gallery-item'>\n\t\t\t\t<dt class='gallery-icon landscape'>\n\t\t\t\t\t<a class=\"rollover rollover-zoom dt-pswp-item\" title=\"277822201_357929366349260_4623774876808580329_n\" data-dt-img-description=\"\" data-large_image_width=\"346\" data-large_image_height=\"206\"href='https:\/\/www.radiopiu.net\/wordpress\/wp-content\/uploads\/2022\/04\/277822201_357929366349260_4623774876808580329_n.jpg'><img loading=\"lazy\" decoding=\"async\" width=\"150\" height=\"150\" src=\"https:\/\/www.radiopiu.net\/wordpress\/wp-content\/uploads\/2022\/04\/277822201_357929366349260_4623774876808580329_n-150x150.jpg\" class=\"attachment-thumbnail size-thumbnail\" alt=\"\" \/><\/a>\n\t\t\t\t<\/dt><\/dl><br style=\"clear: both\" \/>\n\t\t\t<\/div>\n\n<p>NELLE FOTO (riproduzioni dal libro\u201dPiccole Grandi storie di emigranti\u201d): immagine piuttosto scura di Roberto Pra con i capelli imbiancati; eccolo, a sinistra, con i suoceri \u201cTita Faghera\u201d e la moglie Caterina Serafin nella gelateria del suocero Gio Batta (Titta) Faghera; la licenza rilasciata a Roberto Pra nel 1939; l\u2019inventario dettagliato dei beni che gli furono sequestrati; Nortingen, Germania: il gelatiere e moglie davanti ad uno dei locali posseduti; ancora i due all\u2019interno della gelateria \u201cPra Obertor\u201d; il libretto dei risparmi; avviata al ministero del Tesoro la pratica per il rimborso dei danni subiti sotto il nazismo da Pra; corrispondenza col ministero italiano.<\/p>\n","protected":false},"excerpt":{"rendered":"<p>di RENATO BONA A Nel libro \u201cPiccole grandi storie di emigranti\u201d, opera di: Ivano Pocchiesa, Mario Fornaro ed Aduo Vio, che lo hanno realizzato con Media diffusion editrice e l\u2019agenzia Polaris, foto di Bepi Zanfron, Dario Fontanive, Renato Idi, Aldo Pellencin, degli autori e-o dei protagonisti dei vari capitoli c\u2019\u00e8, fra gli altri, il racconto&hellip;<\/p>\n","protected":false},"author":4,"featured_media":268730,"comment_status":"closed","ping_status":"closed","sticky":false,"template":"","format":"standard","meta":{"_monsterinsights_skip_tracking":false,"_monsterinsights_sitenote_active":false,"_monsterinsights_sitenote_note":"","_monsterinsights_sitenote_category":0,"footnotes":""},"categories":[51,49],"tags":[],"class_list":["post-268727","post","type-post","status-publish","format-standard","has-post-thumbnail","hentry","category-evidenza-top","category-news-18","category-51","category-49","description-off"],"img_url":"https:\/\/www.radiopiu.net\/wordpress\/wp-content\/uploads\/2022\/04\/277832752_1349798525495388_6448475239648294056_n.jpg","_links":{"self":[{"href":"https:\/\/www.radiopiu.net\/wordpress\/wp-json\/wp\/v2\/posts\/268727","targetHints":{"allow":["GET"]}}],"collection":[{"href":"https:\/\/www.radiopiu.net\/wordpress\/wp-json\/wp\/v2\/posts"}],"about":[{"href":"https:\/\/www.radiopiu.net\/wordpress\/wp-json\/wp\/v2\/types\/post"}],"author":[{"embeddable":true,"href":"https:\/\/www.radiopiu.net\/wordpress\/wp-json\/wp\/v2\/users\/4"}],"replies":[{"embeddable":true,"href":"https:\/\/www.radiopiu.net\/wordpress\/wp-json\/wp\/v2\/comments?post=268727"}],"version-history":[{"count":0,"href":"https:\/\/www.radiopiu.net\/wordpress\/wp-json\/wp\/v2\/posts\/268727\/revisions"}],"wp:featuredmedia":[{"embeddable":true,"href":"https:\/\/www.radiopiu.net\/wordpress\/wp-json\/wp\/v2\/media\/268730"}],"wp:attachment":[{"href":"https:\/\/www.radiopiu.net\/wordpress\/wp-json\/wp\/v2\/media?parent=268727"}],"wp:term":[{"taxonomy":"category","embeddable":true,"href":"https:\/\/www.radiopiu.net\/wordpress\/wp-json\/wp\/v2\/categories?post=268727"},{"taxonomy":"post_tag","embeddable":true,"href":"https:\/\/www.radiopiu.net\/wordpress\/wp-json\/wp\/v2\/tags?post=268727"}],"curies":[{"name":"wp","href":"https:\/\/api.w.org\/{rel}","templated":true}]}}