{"id":268746,"date":"2022-04-04T11:57:53","date_gmt":"2022-04-04T09:57:53","guid":{"rendered":"https:\/\/www.radiopiu.net\/wordpress\/?p=268746"},"modified":"2022-04-04T14:50:19","modified_gmt":"2022-04-04T12:50:19","slug":"incontro-zaia_malago-con-il-violino-di-zanon","status":"publish","type":"post","link":"https:\/\/www.radiopiu.net\/wordpress\/incontro-zaia_malago-con-il-violino-di-zanon\/","title":{"rendered":"INCONTRO ZAIA_MALAGO&#8217; CON IL VIOLINO DI ZANON"},"content":{"rendered":"<blockquote>\n<h3><em style=\"font-size: 14px; font-weight: normal;\"><strong>\u00a0SIGLATO ACCORDO REGIONE VENETO-COMMISSARIO STRAORDINARIO-DIPARTIMENTO DELLO SPORT PER PISTA DA BOB A CORTINA. ZAIA, \u201cOPERA FINANZIATA E CANTIERABILE. COSI\u2019 SI ACCELERA\u201d<\/strong><\/em><\/h3>\n<\/blockquote>\n<p><strong>VENEZIA<\/strong> E\u2019 stato sottoscritto oggi\u00a0 l\u2019Accordo tra la Regione del Veneto, il Commissario straordinario Luigi Valerio Sant\u2019Andrea e il Dipartimento per lo sport per la realizzazione dell\u2019intervento di riqualificazione dell\u2019impianto di bob \u2018Eugenio Monti\u2019 a Cortina d\u2019Ampezzo, in vista delle Olimpiadi invernali del 2026. Lo ha annunciato il Presidente della Regione Veneto, Luca Zaia, oggi a Venezia, nel corso dell\u2019incontro con gli atleti olimpici e paralimpici del Veneto. <em>\u201cCos\u00ec facendo \u2013 ha detto con soddisfazione Zaia \u2013 abbiamo superato i ritardi determinatisi in relazione alla pandemia. Consegniamo alla struttura commissariale un\u2019opera gi\u00e0 finanziata e cantierabile, cos\u00ec da poter assicurare un iter pi\u00f9 veloce ed efficace, che dar\u00e0 accelerazione ad un\u2019opera strategica per il territorio e di valorizzazione della montagna veneta in occasione dei giochi di Milano Cortina 2026\u201d. \u201cCon questo schema d\u2019accordo acceleriamo la corsa verso Milano Cortina 2026 \u2013 prosegue il Governatore \u2013 frutto della sinergia tra soggetti pubblici. Una collaborazione che in Veneto vede la Provincia di Belluno e il Comune di Cortina al fianco della Regione e che oggi, con questo ulteriore accordo, conferma l\u2019importanza strategica dell\u2019impianto di Cortina. Il bob, assieme alle discipline veloci di slittino e skeleton, rappresentano un\u2019opportunit\u00e0 di promozione per il Veneto e per l\u2019intero territorio nazionale solo se troveranno la loro casa nella \u2018Eugenio Monti\u2019. Primo impianto al mondo dedicato anche alla disciplina paralimpica del bob, che non solo torner\u00e0 a vivere ma sono certo diventer\u00e0 un impianto di riferimento europeo per gli sport invernali e per le Federazioni Nazionali\u201d.<\/em><\/p>\n<p>&nbsp;<\/p>\n<p>&nbsp;<\/p>\n<p>https:\/\/www.facebook.com\/zaiaufficiale\/videos\/1507182386418899<\/p>\n<p>&nbsp;<\/p>\n<p>&nbsp;<\/p>\n","protected":false},"excerpt":{"rendered":"<p>\u00a0SIGLATO ACCORDO REGIONE VENETO-COMMISSARIO STRAORDINARIO-DIPARTIMENTO DELLO SPORT PER PISTA DA BOB A CORTINA. ZAIA, \u201cOPERA FINANZIATA E CANTIERABILE. COSI\u2019 SI ACCELERA\u201d VENEZIA E\u2019 stato sottoscritto oggi\u00a0 l\u2019Accordo tra la Regione del Veneto, il Commissario straordinario Luigi Valerio Sant\u2019Andrea e il Dipartimento per lo sport per la realizzazione dell\u2019intervento di riqualificazione dell\u2019impianto di bob \u2018Eugenio Monti\u2019&hellip;<\/p>\n","protected":false},"author":4,"featured_media":268747,"comment_status":"closed","ping_status":"closed","sticky":false,"template":"","format":"standard","meta":{"_monsterinsights_skip_tracking":false,"_monsterinsights_sitenote_active":false,"_monsterinsights_sitenote_note":"","_monsterinsights_sitenote_category":0,"footnotes":""},"categories":[51,49],"tags":[],"class_list":["post-268746","post","type-post","status-publish","format-standard","has-post-thumbnail","hentry","category-evidenza-top","category-news-18","category-51","category-49","description-off"],"img_url":"https:\/\/www.radiopiu.net\/wordpress\/wp-content\/uploads\/2022\/04\/VIOLLL.jpg","_links":{"self":[{"href":"https:\/\/www.radiopiu.net\/wordpress\/wp-json\/wp\/v2\/posts\/268746","targetHints":{"allow":["GET"]}}],"collection":[{"href":"https:\/\/www.radiopiu.net\/wordpress\/wp-json\/wp\/v2\/posts"}],"about":[{"href":"https:\/\/www.radiopiu.net\/wordpress\/wp-json\/wp\/v2\/types\/post"}],"author":[{"embeddable":true,"href":"https:\/\/www.radiopiu.net\/wordpress\/wp-json\/wp\/v2\/users\/4"}],"replies":[{"embeddable":true,"href":"https:\/\/www.radiopiu.net\/wordpress\/wp-json\/wp\/v2\/comments?post=268746"}],"version-history":[{"count":0,"href":"https:\/\/www.radiopiu.net\/wordpress\/wp-json\/wp\/v2\/posts\/268746\/revisions"}],"wp:featuredmedia":[{"embeddable":true,"href":"https:\/\/www.radiopiu.net\/wordpress\/wp-json\/wp\/v2\/media\/268747"}],"wp:attachment":[{"href":"https:\/\/www.radiopiu.net\/wordpress\/wp-json\/wp\/v2\/media?parent=268746"}],"wp:term":[{"taxonomy":"category","embeddable":true,"href":"https:\/\/www.radiopiu.net\/wordpress\/wp-json\/wp\/v2\/categories?post=268746"},{"taxonomy":"post_tag","embeddable":true,"href":"https:\/\/www.radiopiu.net\/wordpress\/wp-json\/wp\/v2\/tags?post=268746"}],"curies":[{"name":"wp","href":"https:\/\/api.w.org\/{rel}","templated":true}]}}