{"id":268772,"date":"2022-04-05T05:50:26","date_gmt":"2022-04-05T03:50:26","guid":{"rendered":"https:\/\/www.radiopiu.net\/wordpress\/?p=268772"},"modified":"2022-04-05T05:57:18","modified_gmt":"2022-04-05T03:57:18","slug":"firmato-laccordo-riconosciuti-gli-arretrati-per-i-tempi-di-vestizione","status":"publish","type":"post","link":"https:\/\/www.radiopiu.net\/wordpress\/firmato-laccordo-riconosciuti-gli-arretrati-per-i-tempi-di-vestizione\/","title":{"rendered":"FIRMATO L&#8217;ACCORDO, RICONOSCIUTI GLI ARRETRATI PER I TEMPI DI VESTIZIONE"},"content":{"rendered":"<p><strong><a class=\"dt-pswp-item\" href=\"https:\/\/www.radiopiu.net\/wordpress\/wp-content\/uploads\/2022\/04\/da-sx-Comacchio-Zuglian-De-Boni-Zingales-min-scaled.jpg\" data-dt-img-description=\"\" data-large_image_width=\"2560\" data-large_image_height=\"1920\"><img loading=\"lazy\" decoding=\"async\" class=\"alignleft wp-image-268773 \" src=\"https:\/\/www.radiopiu.net\/wordpress\/wp-content\/uploads\/2022\/04\/da-sx-Comacchio-Zuglian-De-Boni-Zingales-min-300x225.jpg\" alt=\"\" width=\"279\" height=\"209\" srcset=\"https:\/\/www.radiopiu.net\/wordpress\/wp-content\/uploads\/2022\/04\/da-sx-Comacchio-Zuglian-De-Boni-Zingales-min-300x225.jpg 300w, https:\/\/www.radiopiu.net\/wordpress\/wp-content\/uploads\/2022\/04\/da-sx-Comacchio-Zuglian-De-Boni-Zingales-min-1024x768.jpg 1024w, https:\/\/www.radiopiu.net\/wordpress\/wp-content\/uploads\/2022\/04\/da-sx-Comacchio-Zuglian-De-Boni-Zingales-min-768x576.jpg 768w, https:\/\/www.radiopiu.net\/wordpress\/wp-content\/uploads\/2022\/04\/da-sx-Comacchio-Zuglian-De-Boni-Zingales-min-1536x1152.jpg 1536w, https:\/\/www.radiopiu.net\/wordpress\/wp-content\/uploads\/2022\/04\/da-sx-Comacchio-Zuglian-De-Boni-Zingales-min-2048x1536.jpg 2048w\" sizes=\"auto, (max-width: 279px) 100vw, 279px\" \/><\/a>BELLUNO<\/strong> E&#8217; stato firmato\u00a0<span style=\"color: #000000; font-family: Helvetica;\"> l\u2019accordo per il riconoscimento degli arretrati dei tempi di vestizione e svestizione per tutti i lavoratori del comparto della ULSS 1 Dolomiti. Una battaglia portata avanti dalla Cisl FP\u00a0 nel marzo 2019. <\/span><span style=\"color: #000000; font-family: Helvetica;\">La causa, dopo vari rinvii legati alla pandemia, ha avuto i suoi esiti, permettendo la sottoscrizione di due accordi per un valore totale di 1 milione 180 mila euro. <\/span><span style=\"color: #000000; font-family: Helvetica;\">Il primo accordo, quello per il quale la Cisl FP \u00e8 maggiormente soddisfatta perch\u00e9 il risultato va al di l\u00e0 di ogni pi\u00f9 rosea previsione, coinvolge circa 2.000 dipendenti, ai quali \u00e8 stato riconosciuto un anno di retroattivit\u00e0 del tempo di vestizione\/svestizione per un totale di 760 mila euro pari a 50 mila ore. La media \u00e8 di 385 euro per lavoratore.\u00a0<\/span><span style=\"color: #000000; font-family: Helvetica;\">L\u2019altro accordo riguarda i circa 300 dipendenti che avevano aderito all\u2019iniziativa della Cisl FP, diffidando l\u2019azienda. Per loro l\u2019accordo ha un valore di 420 mila euro pari a 27.500 ore e prevede il riconoscimento di 4 anni di retroattivit\u00e0. Si tratta di 1.500 euro in media a testa recuperati.<\/span><\/p>\n<p><strong>IL SERVIZIO DI MORENO GIOLI<\/strong><\/p>\n<audio class=\"wp-audio-shortcode\" id=\"audio-268772-1\" preload=\"none\" style=\"width: 100%;\" controls=\"controls\"><source type=\"audio\/mpeg\" src=\"https:\/\/www.radiopiu.net\/wordpress\/wp-content\/uploads\/2022\/04\/GIOLI-CISL.mp3?_=1\" \/><a href=\"https:\/\/www.radiopiu.net\/wordpress\/wp-content\/uploads\/2022\/04\/GIOLI-CISL.mp3\">https:\/\/www.radiopiu.net\/wordpress\/wp-content\/uploads\/2022\/04\/GIOLI-CISL.mp3<\/a><\/audio>\n<p>&nbsp;<\/p>\n<p><strong>MARIO DE BONI, SEGRETARIO GENERALE CISL FP BELLUNO TREVISO<\/strong><\/p>\n<audio class=\"wp-audio-shortcode\" id=\"audio-268772-2\" preload=\"none\" style=\"width: 100%;\" controls=\"controls\"><source type=\"audio\/mpeg\" src=\"https:\/\/www.radiopiu.net\/wordpress\/wp-content\/uploads\/2022\/04\/MARIO-DE-BONI-CISL.mp3?_=2\" \/><a href=\"https:\/\/www.radiopiu.net\/wordpress\/wp-content\/uploads\/2022\/04\/MARIO-DE-BONI-CISL.mp3\">https:\/\/www.radiopiu.net\/wordpress\/wp-content\/uploads\/2022\/04\/MARIO-DE-BONI-CISL.mp3<\/a><\/audio>\n<p>&nbsp;<\/p>\n<p>&nbsp;<\/p>\n<p>***<\/p>\n","protected":false},"excerpt":{"rendered":"<p>BELLUNO E&#8217; stato firmato\u00a0 l\u2019accordo per il riconoscimento degli arretrati dei tempi di vestizione e svestizione per tutti i lavoratori del comparto della ULSS 1 Dolomiti. Una battaglia portata avanti dalla Cisl FP\u00a0 nel marzo 2019. La causa, dopo vari rinvii legati alla pandemia, ha avuto i suoi esiti, permettendo la sottoscrizione di due accordi&hellip;<\/p>\n","protected":false},"author":4,"featured_media":268773,"comment_status":"closed","ping_status":"closed","sticky":false,"template":"","format":"standard","meta":{"_monsterinsights_skip_tracking":false,"_monsterinsights_sitenote_active":false,"_monsterinsights_sitenote_note":"","_monsterinsights_sitenote_category":0,"footnotes":""},"categories":[51,49],"tags":[],"class_list":["post-268772","post","type-post","status-publish","format-standard","has-post-thumbnail","hentry","category-evidenza-top","category-news-18","category-51","category-49","description-off"],"img_url":"https:\/\/www.radiopiu.net\/wordpress\/wp-content\/uploads\/2022\/04\/da-sx-Comacchio-Zuglian-De-Boni-Zingales-min-scaled.jpg","_links":{"self":[{"href":"https:\/\/www.radiopiu.net\/wordpress\/wp-json\/wp\/v2\/posts\/268772","targetHints":{"allow":["GET"]}}],"collection":[{"href":"https:\/\/www.radiopiu.net\/wordpress\/wp-json\/wp\/v2\/posts"}],"about":[{"href":"https:\/\/www.radiopiu.net\/wordpress\/wp-json\/wp\/v2\/types\/post"}],"author":[{"embeddable":true,"href":"https:\/\/www.radiopiu.net\/wordpress\/wp-json\/wp\/v2\/users\/4"}],"replies":[{"embeddable":true,"href":"https:\/\/www.radiopiu.net\/wordpress\/wp-json\/wp\/v2\/comments?post=268772"}],"version-history":[{"count":0,"href":"https:\/\/www.radiopiu.net\/wordpress\/wp-json\/wp\/v2\/posts\/268772\/revisions"}],"wp:featuredmedia":[{"embeddable":true,"href":"https:\/\/www.radiopiu.net\/wordpress\/wp-json\/wp\/v2\/media\/268773"}],"wp:attachment":[{"href":"https:\/\/www.radiopiu.net\/wordpress\/wp-json\/wp\/v2\/media?parent=268772"}],"wp:term":[{"taxonomy":"category","embeddable":true,"href":"https:\/\/www.radiopiu.net\/wordpress\/wp-json\/wp\/v2\/categories?post=268772"},{"taxonomy":"post_tag","embeddable":true,"href":"https:\/\/www.radiopiu.net\/wordpress\/wp-json\/wp\/v2\/tags?post=268772"}],"curies":[{"name":"wp","href":"https:\/\/api.w.org\/{rel}","templated":true}]}}