{"id":268777,"date":"2022-04-05T05:47:59","date_gmt":"2022-04-05T03:47:59","guid":{"rendered":"https:\/\/www.radiopiu.net\/wordpress\/?p=268777"},"modified":"2022-04-05T05:58:08","modified_gmt":"2022-04-05T03:58:08","slug":"dillo-a-radio-piu-parcheggio-peppino-impastato-a-tamonich","status":"publish","type":"post","link":"https:\/\/www.radiopiu.net\/wordpress\/dillo-a-radio-piu-parcheggio-peppino-impastato-a-tamonich\/","title":{"rendered":"DILLO A RADIO PIU&#8217;&#8230; PARCHEGGIO PEPPINO IMPASTATO A TAMONICH"},"content":{"rendered":"<p><strong>AGORDO<\/strong> Al parcheggio Peppino Impastato a Tamonich (nei pressi del polo scolastico Umberto Follador servito dalla scalinata che porta in centro)\u00a0 da un po&#8217; di tempo \u00e8 stata installata una cartellonistica provvisoria, diventata definitiva nonostante il &#8220;Drive In&#8221; per tamponi e vaccini non svolga pi\u00f9 (fortunatamente) il servizio assicurato per molti mesi in piena pandemia. L&#8217;osservazione di un nostro ascoltatore-lettore \u00e8 sicuramente lecita.<\/p>\n<blockquote><p><em>Da quando hanno posizionato il &#8220;Drive In&#8221; i sensi di marcia sono stati modificati,\u00a0 oltre che mal interpretati\u00a0 sono pure pericolosi. Infatti i cartelli \u201cprovvisori\u201d ma ancora al loro posto sono divergenti rispetto alla segnaletica ufficiale. Laddove indicano l\u2019uscita vi \u00e8 il corretto senso di marcia in entrata. Mi \u00e8 capitato di assistere a delle banali discussioni sulla ragione della precedenza e da l\u00ec \u00e8 nato lo spunto per esternare questa mia osservazione. Penso anche sia parere comune degli ascoltatori che utilizzano tale parcheggio e che la loro condivisione \u00e8 certamente pi\u00f9 concreta delle foto allegate. Nei mercoled\u00ec di mercato, poi \u00e8 anche peggio. Sarebbe opportuno che \u00a0quei cartelli &#8220;provvisori&#8221; nelle giornate, ormai pi\u00f9 frequenti, di chiusura del &#8220;Drive In&#8221;, venissero tolti, ritornando ai sensi di circolazione corretti come la segnaletica stradale indica.<\/em><\/p>\n<p><em>Lettera firmata<\/em><\/p><\/blockquote>\n<p>GALLERIA FOTOGRAFICA CHIARIFICATRICE.<\/p>\n\n\t\t\t<style type='text\/css'>\n\t\t\t\t#gallery-1 {\n\t\t\t\t\tmargin: auto;\n\t\t\t\t}\n\t\t\t\t#gallery-1 .gallery-item {\n\t\t\t\t\tfloat: left;\n\t\t\t\t\tmargin-top: 10px;\n\t\t\t\t\ttext-align: center;\n\t\t\t\t\twidth: 33%;\n\t\t\t\t}\n\t\t\t\t#gallery-1 img {\n\t\t\t\t\tborder: 2px solid #cfcfcf;\n\t\t\t\t}\n\t\t\t\t#gallery-1 .gallery-caption {\n\t\t\t\t\tmargin-left: 0;\n\t\t\t\t}\n\t\t\t\t\/* see gallery_shortcode() in wp-includes\/media.php *\/\n\t\t\t<\/style>\n\t\t<div id='gallery-1' class='dt-gallery-container gallery galleryid-268777 gallery-columns-3 gallery-size-thumbnail'><dl class='gallery-item'>\n\t\t\t\t<dt class='gallery-icon landscape'>\n\t\t\t\t\t<a class=\"rollover rollover-zoom dt-pswp-item\" title=\"TMC5\" data-dt-img-description=\"\" data-large_image_width=\"2560\" data-large_image_height=\"1211\"href='https:\/\/www.radiopiu.net\/wordpress\/wp-content\/uploads\/2022\/04\/TMC5-1-scaled.jpg'><img loading=\"lazy\" decoding=\"async\" width=\"150\" height=\"150\" src=\"https:\/\/www.radiopiu.net\/wordpress\/wp-content\/uploads\/2022\/04\/TMC5-1-150x150.jpg\" class=\"attachment-thumbnail size-thumbnail\" alt=\"\" \/><\/a>\n\t\t\t\t<\/dt><\/dl><dl class='gallery-item'>\n\t\t\t\t<dt class='gallery-icon portrait'>\n\t\t\t\t\t<a class=\"rollover rollover-zoom dt-pswp-item\" title=\"TMC3\" data-dt-img-description=\"\" data-large_image_width=\"1211\" data-large_image_height=\"2560\"href='https:\/\/www.radiopiu.net\/wordpress\/wp-content\/uploads\/2022\/04\/TMC3-1-scaled.jpg'><img loading=\"lazy\" decoding=\"async\" width=\"150\" height=\"150\" src=\"https:\/\/www.radiopiu.net\/wordpress\/wp-content\/uploads\/2022\/04\/TMC3-1-150x150.jpg\" class=\"attachment-thumbnail size-thumbnail\" alt=\"\" \/><\/a>\n\t\t\t\t<\/dt><\/dl><dl class='gallery-item'>\n\t\t\t\t<dt class='gallery-icon landscape'>\n\t\t\t\t\t<a class=\"rollover rollover-zoom dt-pswp-item\" title=\"TMC4\" data-dt-img-description=\"\" data-large_image_width=\"2560\" data-large_image_height=\"1439\"href='https:\/\/www.radiopiu.net\/wordpress\/wp-content\/uploads\/2022\/04\/TMC4-scaled.jpg'><img loading=\"lazy\" decoding=\"async\" width=\"150\" height=\"150\" src=\"https:\/\/www.radiopiu.net\/wordpress\/wp-content\/uploads\/2022\/04\/TMC4-150x150.jpg\" class=\"attachment-thumbnail size-thumbnail\" alt=\"\" \/><\/a>\n\t\t\t\t<\/dt><\/dl><br style=\"clear: both\" \/><dl class='gallery-item'>\n\t\t\t\t<dt class='gallery-icon landscape'>\n\t\t\t\t\t<a class=\"rollover rollover-zoom dt-pswp-item\" title=\"TMC2\" data-dt-img-description=\"\" data-large_image_width=\"2511\" data-large_image_height=\"1835\"href='https:\/\/www.radiopiu.net\/wordpress\/wp-content\/uploads\/2022\/04\/TMC2.jpg'><img loading=\"lazy\" decoding=\"async\" width=\"150\" height=\"150\" src=\"https:\/\/www.radiopiu.net\/wordpress\/wp-content\/uploads\/2022\/04\/TMC2-150x150.jpg\" class=\"attachment-thumbnail size-thumbnail\" alt=\"\" \/><\/a>\n\t\t\t\t<\/dt><\/dl><dl class='gallery-item'>\n\t\t\t\t<dt class='gallery-icon landscape'>\n\t\t\t\t\t<a class=\"rollover rollover-zoom dt-pswp-item\" title=\"TMC 1\" data-dt-img-description=\"\" data-large_image_width=\"2525\" data-large_image_height=\"1535\"href='https:\/\/www.radiopiu.net\/wordpress\/wp-content\/uploads\/2022\/04\/TMC-1.jpg'><img loading=\"lazy\" decoding=\"async\" width=\"150\" height=\"150\" src=\"https:\/\/www.radiopiu.net\/wordpress\/wp-content\/uploads\/2022\/04\/TMC-1-150x150.jpg\" class=\"attachment-thumbnail size-thumbnail\" alt=\"\" \/><\/a>\n\t\t\t\t<\/dt><\/dl>\n\t\t\t\t<br style='clear: both' \/>\n\t\t\t<\/div>\n\n<p>&nbsp;<\/p>\n","protected":false},"excerpt":{"rendered":"<p>AGORDO Al parcheggio Peppino Impastato a Tamonich (nei pressi del polo scolastico Umberto Follador servito dalla scalinata che porta in centro)\u00a0 da un po&#8217; di tempo \u00e8 stata installata una cartellonistica provvisoria, diventata definitiva nonostante il &#8220;Drive In&#8221; per tamponi e vaccini non svolga pi\u00f9 (fortunatamente) il servizio assicurato per molti mesi in piena pandemia.&hellip;<\/p>\n","protected":false},"author":4,"featured_media":268782,"comment_status":"closed","ping_status":"closed","sticky":false,"template":"","format":"standard","meta":{"_monsterinsights_skip_tracking":false,"_monsterinsights_sitenote_active":false,"_monsterinsights_sitenote_note":"","_monsterinsights_sitenote_category":0,"footnotes":""},"categories":[51,49],"tags":[],"class_list":["post-268777","post","type-post","status-publish","format-standard","has-post-thumbnail","hentry","category-evidenza-top","category-news-18","category-51","category-49","description-off"],"img_url":"https:\/\/www.radiopiu.net\/wordpress\/wp-content\/uploads\/2022\/04\/TMC-1.jpg","_links":{"self":[{"href":"https:\/\/www.radiopiu.net\/wordpress\/wp-json\/wp\/v2\/posts\/268777","targetHints":{"allow":["GET"]}}],"collection":[{"href":"https:\/\/www.radiopiu.net\/wordpress\/wp-json\/wp\/v2\/posts"}],"about":[{"href":"https:\/\/www.radiopiu.net\/wordpress\/wp-json\/wp\/v2\/types\/post"}],"author":[{"embeddable":true,"href":"https:\/\/www.radiopiu.net\/wordpress\/wp-json\/wp\/v2\/users\/4"}],"replies":[{"embeddable":true,"href":"https:\/\/www.radiopiu.net\/wordpress\/wp-json\/wp\/v2\/comments?post=268777"}],"version-history":[{"count":0,"href":"https:\/\/www.radiopiu.net\/wordpress\/wp-json\/wp\/v2\/posts\/268777\/revisions"}],"wp:featuredmedia":[{"embeddable":true,"href":"https:\/\/www.radiopiu.net\/wordpress\/wp-json\/wp\/v2\/media\/268782"}],"wp:attachment":[{"href":"https:\/\/www.radiopiu.net\/wordpress\/wp-json\/wp\/v2\/media?parent=268777"}],"wp:term":[{"taxonomy":"category","embeddable":true,"href":"https:\/\/www.radiopiu.net\/wordpress\/wp-json\/wp\/v2\/categories?post=268777"},{"taxonomy":"post_tag","embeddable":true,"href":"https:\/\/www.radiopiu.net\/wordpress\/wp-json\/wp\/v2\/tags?post=268777"}],"curies":[{"name":"wp","href":"https:\/\/api.w.org\/{rel}","templated":true}]}}