{"id":268817,"date":"2022-04-05T05:40:53","date_gmt":"2022-04-05T03:40:53","guid":{"rendered":"https:\/\/www.radiopiu.net\/wordpress\/?p=268817"},"modified":"2022-04-05T06:01:03","modified_gmt":"2022-04-05T04:01:03","slug":"fabio-folli-uno-di-noi","status":"publish","type":"post","link":"https:\/\/www.radiopiu.net\/wordpress\/fabio-folli-uno-di-noi\/","title":{"rendered":"FABIO FOLLI&#8230;UNO DI NOI"},"content":{"rendered":"<p><strong><a class=\"dt-pswp-item\" href=\"https:\/\/www.radiopiu.net\/wordpress\/wp-content\/uploads\/2022\/04\/277246730_3211991682404636_7269101633670153335_n.jpg\" data-dt-img-description=\"\" data-large_image_width=\"839\" data-large_image_height=\"540\"><img loading=\"lazy\" decoding=\"async\" class=\"wp-image-268820  alignleft\" src=\"https:\/\/www.radiopiu.net\/wordpress\/wp-content\/uploads\/2022\/04\/277246730_3211991682404636_7269101633670153335_n-300x193.jpg\" alt=\"\" width=\"222\" height=\"143\" srcset=\"https:\/\/www.radiopiu.net\/wordpress\/wp-content\/uploads\/2022\/04\/277246730_3211991682404636_7269101633670153335_n-300x193.jpg 300w, https:\/\/www.radiopiu.net\/wordpress\/wp-content\/uploads\/2022\/04\/277246730_3211991682404636_7269101633670153335_n-768x494.jpg 768w, https:\/\/www.radiopiu.net\/wordpress\/wp-content\/uploads\/2022\/04\/277246730_3211991682404636_7269101633670153335_n.jpg 839w\" sizes=\"auto, (max-width: 222px) 100vw, 222px\" \/><\/a>AGORDO<\/strong> E&#8217; stata una giornata dura, in continuazione con un periodo duro per Nadia soprattutto e per i cari di Fabio, saliti tra le Dolomiti da Rho. Per molti di noi \u00e8 stata un&#8217;altra giornata amara di questa vita, un miscuglio di dolore, brividi, ricordi e qualche sorriso,\u00a0 perch\u00e9 in questa storia di momenti belli ce ne sono stati, per Fabio e la sua Curva del Milano, per Nadia tra i ragazzi e le ragazze del Nucleo Disagiato, i tifosi dell&#8217;Alleghe che rimarranno nella storia. Ci siamo &#8220;odiati&#8221; sul ghiaccio, o meglio non ci siamo voluti molto bene, quando necessario pur di difendere i nostri colori sono volate parole grosse, ognuno ne ha avute per l&#8217;altro, fa parte del gioco. Poi la vita ti piega ed esce il vero uomo, quello forgiato nello sport, che ha perso tante ore di sonno per raggiungere uno stadio dal centro della Lombardia all&#8217;altra parte d&#8217;Italia. Che innamorato della sua squadra ha conosciuto gente e tradizioni diverse fino ad innamorarsi e rimanere folgorato sulla via del De Toni. Sono gi\u00e0 due le occasioni dove l&#8217;uomo, quello vero, ha dato il meglio di se. Ventuno anni fa con Sabrina, da Milano le carezze al cuore sono arrivate immediate e vi assicuro che avevano fatto molto bene. Quei fiori sulla tomba, quei messaggi del cuore stampati con i colori della Curva del Milano sono impressi nei nostri ricordi. Vent&#8217;anni fa la conferma, quando da Bolzano un manipolo di scatenati non ha esitato a mettere al bando Sabrina con toni offensivi, spade nel cuore per chi resta. E anche qui dalla Curva del Milano si era alzato il vento dei sentimenti. Forse Fabio c&#8217;eri anche tu dietro quello striscione &#8220;Chi non ha rispetto per la morte&#8230;&#8221;, non te l&#8217;ho mai chiesto ma ogni volta che ti ho guardato negli occhi mi veniva in mente quella sera, quella curva, quei sentimenti. Per questo oggi gli occhi hanno faticato a non diventare lucidi, come sicuramente sarebbe successo anche a te. Alleghe-Milano, storie d&#8217;altri tempi. Agordino Curva del Milano una realt\u00e0 fatta di sciarpe che anche oggi si sono incrociate, una realt\u00e0 che non sar\u00e0 mai dimenticata.<br \/>\n<strong>foto Gli Ultras Milano per Fabio, i ragazzi del basket milanese ricordano il Ragiunat durante la trasferta a Sassari<\/strong><\/p>\n<p>mirko<\/p>\n<p>&nbsp;<\/p>\n<p>..<\/p>\n","protected":false},"excerpt":{"rendered":"<p>AGORDO E&#8217; stata una giornata dura, in continuazione con un periodo duro per Nadia soprattutto e per i cari di Fabio, saliti tra le Dolomiti da Rho. Per molti di noi \u00e8 stata un&#8217;altra giornata amara di questa vita, un miscuglio di dolore, brividi, ricordi e qualche sorriso,\u00a0 perch\u00e9 in questa storia di momenti belli&hellip;<\/p>\n","protected":false},"author":4,"featured_media":268819,"comment_status":"closed","ping_status":"closed","sticky":false,"template":"","format":"standard","meta":{"_monsterinsights_skip_tracking":false,"_monsterinsights_sitenote_active":false,"_monsterinsights_sitenote_note":"","_monsterinsights_sitenote_category":0,"footnotes":""},"categories":[51,49],"tags":[],"class_list":["post-268817","post","type-post","status-publish","format-standard","has-post-thumbnail","hentry","category-evidenza-top","category-news-18","category-51","category-49","description-off"],"img_url":"https:\/\/www.radiopiu.net\/wordpress\/wp-content\/uploads\/2022\/04\/12523068_1665189067084913_3984772094101558894_n.jpg","_links":{"self":[{"href":"https:\/\/www.radiopiu.net\/wordpress\/wp-json\/wp\/v2\/posts\/268817","targetHints":{"allow":["GET"]}}],"collection":[{"href":"https:\/\/www.radiopiu.net\/wordpress\/wp-json\/wp\/v2\/posts"}],"about":[{"href":"https:\/\/www.radiopiu.net\/wordpress\/wp-json\/wp\/v2\/types\/post"}],"author":[{"embeddable":true,"href":"https:\/\/www.radiopiu.net\/wordpress\/wp-json\/wp\/v2\/users\/4"}],"replies":[{"embeddable":true,"href":"https:\/\/www.radiopiu.net\/wordpress\/wp-json\/wp\/v2\/comments?post=268817"}],"version-history":[{"count":0,"href":"https:\/\/www.radiopiu.net\/wordpress\/wp-json\/wp\/v2\/posts\/268817\/revisions"}],"wp:featuredmedia":[{"embeddable":true,"href":"https:\/\/www.radiopiu.net\/wordpress\/wp-json\/wp\/v2\/media\/268819"}],"wp:attachment":[{"href":"https:\/\/www.radiopiu.net\/wordpress\/wp-json\/wp\/v2\/media?parent=268817"}],"wp:term":[{"taxonomy":"category","embeddable":true,"href":"https:\/\/www.radiopiu.net\/wordpress\/wp-json\/wp\/v2\/categories?post=268817"},{"taxonomy":"post_tag","embeddable":true,"href":"https:\/\/www.radiopiu.net\/wordpress\/wp-json\/wp\/v2\/tags?post=268817"}],"curies":[{"name":"wp","href":"https:\/\/api.w.org\/{rel}","templated":true}]}}