{"id":268851,"date":"2022-04-05T05:46:35","date_gmt":"2022-04-05T03:46:35","guid":{"rendered":"https:\/\/www.radiopiu.net\/wordpress\/?p=268851"},"modified":"2022-04-05T08:32:36","modified_gmt":"2022-04-05T06:32:36","slug":"comuni-di-rivamonte-e-la-valle-con-universita-e-follador-per-il-recupero-di-valle-imperina","status":"publish","type":"post","link":"https:\/\/www.radiopiu.net\/wordpress\/comuni-di-rivamonte-e-la-valle-con-universita-e-follador-per-il-recupero-di-valle-imperina\/","title":{"rendered":"COMUNI DI RIVAMONTE E LA VALLE CON UNIVERSITA&#8217; E FOLLADOR PER IL RECUPERO DI VALLE IMPERINA"},"content":{"rendered":"<p><strong><a class=\"dt-pswp-item\" href=\"https:\/\/www.radiopiu.net\/wordpress\/wp-content\/uploads\/2022\/02\/valle-imperina.jpg\" data-dt-img-description=\"\" data-large_image_width=\"1164\" data-large_image_height=\"779\"><img loading=\"lazy\" decoding=\"async\" class=\"size-thumbnail wp-image-261097 alignleft\" src=\"https:\/\/www.radiopiu.net\/wordpress\/wp-content\/uploads\/2022\/02\/valle-imperina-150x150.jpg\" alt=\"\" width=\"150\" height=\"150\" \/><\/a>RIVAMONTE<\/strong> C&#8217;\u00e8 veramente da sperare che sia la volta buona, i precedenti non aiutano perche&#8217; nel sito di Valle Imperina sono stati spesi milioni di lire di fondi europei negli anni Novanta, sembrava che da un anno all&#8217;altro dovesse diventare il tocca sana del turismo della Conca Agordina. Fino ad oggi \u00e8 stato un fallimento totale e Vaia non c&#8217;entra, \u00e8 arrivato dopo, dopo che le strutture non sono mai decollate, le gallerie mai aperte e le gestioni dell&#8217;Ostello sono un esempio da non citare alla storia, non ad esempio. Milioni di lire spesi, parolone dei politici di turno ma alla fine strucca-strucca di risultati ne abbiamo visti ben pochi e poche economie in ricaduta sul territorio e chi lo abita. Ora si spenderanno milioni di euro del Pnrr, incrociamo le dita, a pochi mesi dalle elezioni che interesser\u00e0 anche il Comune di Rivamonte e forse il sindaco uscente Nino Deon (che non si \u00e8 ancora ricandidato alla carica di primo cittadino) \u00e8 una notizia interessante, ma che conta saranno i fatti, come racconter\u00e0 la storia citando politici e amministratori di oggi. (mm)<\/p>\n<p>DI GIANNI SANTOMASO\u00a0 Corriere Alpi<\/p>\n<audio class=\"wp-audio-shortcode\" id=\"audio-268851-1\" preload=\"none\" style=\"width: 100%;\" controls=\"controls\"><source type=\"audio\/mpeg\" src=\"https:\/\/www.radiopiu.net\/wordpress\/wp-content\/uploads\/2022\/04\/gianni-riva.mp3?_=1\" \/><a href=\"https:\/\/www.radiopiu.net\/wordpress\/wp-content\/uploads\/2022\/04\/gianni-riva.mp3\">https:\/\/www.radiopiu.net\/wordpress\/wp-content\/uploads\/2022\/04\/gianni-riva.mp3<\/a><\/audio>\n<p>&nbsp;<\/p>\n<p>&nbsp;<\/p>\n<p>***<\/p>\n","protected":false},"excerpt":{"rendered":"<p>RIVAMONTE C&#8217;\u00e8 veramente da sperare che sia la volta buona, i precedenti non aiutano perche&#8217; nel sito di Valle Imperina sono stati spesi milioni di lire di fondi europei negli anni Novanta, sembrava che da un anno all&#8217;altro dovesse diventare il tocca sana del turismo della Conca Agordina. Fino ad oggi \u00e8 stato un fallimento&hellip;<\/p>\n","protected":false},"author":4,"featured_media":170177,"comment_status":"closed","ping_status":"closed","sticky":false,"template":"","format":"standard","meta":{"_monsterinsights_skip_tracking":false,"_monsterinsights_sitenote_active":false,"_monsterinsights_sitenote_note":"","_monsterinsights_sitenote_category":0,"footnotes":""},"categories":[51,49],"tags":[],"class_list":["post-268851","post","type-post","status-publish","format-standard","has-post-thumbnail","hentry","category-evidenza-top","category-news-18","category-51","category-49","description-off"],"img_url":"https:\/\/www.radiopiu.net\/wordpress\/wp-content\/uploads\/2020\/11\/36_Valle-Imperina.jpg","_links":{"self":[{"href":"https:\/\/www.radiopiu.net\/wordpress\/wp-json\/wp\/v2\/posts\/268851","targetHints":{"allow":["GET"]}}],"collection":[{"href":"https:\/\/www.radiopiu.net\/wordpress\/wp-json\/wp\/v2\/posts"}],"about":[{"href":"https:\/\/www.radiopiu.net\/wordpress\/wp-json\/wp\/v2\/types\/post"}],"author":[{"embeddable":true,"href":"https:\/\/www.radiopiu.net\/wordpress\/wp-json\/wp\/v2\/users\/4"}],"replies":[{"embeddable":true,"href":"https:\/\/www.radiopiu.net\/wordpress\/wp-json\/wp\/v2\/comments?post=268851"}],"version-history":[{"count":0,"href":"https:\/\/www.radiopiu.net\/wordpress\/wp-json\/wp\/v2\/posts\/268851\/revisions"}],"wp:featuredmedia":[{"embeddable":true,"href":"https:\/\/www.radiopiu.net\/wordpress\/wp-json\/wp\/v2\/media\/170177"}],"wp:attachment":[{"href":"https:\/\/www.radiopiu.net\/wordpress\/wp-json\/wp\/v2\/media?parent=268851"}],"wp:term":[{"taxonomy":"category","embeddable":true,"href":"https:\/\/www.radiopiu.net\/wordpress\/wp-json\/wp\/v2\/categories?post=268851"},{"taxonomy":"post_tag","embeddable":true,"href":"https:\/\/www.radiopiu.net\/wordpress\/wp-json\/wp\/v2\/tags?post=268851"}],"curies":[{"name":"wp","href":"https:\/\/api.w.org\/{rel}","templated":true}]}}