{"id":268876,"date":"2022-04-05T05:44:08","date_gmt":"2022-04-05T03:44:08","guid":{"rendered":"https:\/\/www.radiopiu.net\/wordpress\/?p=268876"},"modified":"2022-04-05T05:59:11","modified_gmt":"2022-04-05T03:59:11","slug":"veicoli-immatricolati-allestero-le-nuove-norme","status":"publish","type":"post","link":"https:\/\/www.radiopiu.net\/wordpress\/veicoli-immatricolati-allestero-le-nuove-norme\/","title":{"rendered":"VEICOLI IMMATRICOLATI ALL&#8217;ESTERO, LE NUOVE NORME"},"content":{"rendered":"<div dir=\"auto\"><strong><img loading=\"lazy\" decoding=\"async\" class=\"alignleft\" src=\"https:\/\/www.radiopiu.net\/wordpress\/wp-content\/uploads\/2022\/04\/th-2.jpg\" width=\"190\" height=\"100\" \/>VAL DI ZOLDO<\/strong> Il sindaco Camillo De Pellegrin,\u00a0 da un paese dedito all&#8217;emigrazione ha informato i suoi concittadini, soprattutto coloro che vivono all&#8217;estero delle\u00a0 nuove norme per la circolazione dei veicoli immatricolati all&#8217;estero.<\/div>\n<div dir=\"auto\">I veicoli\u00a0 vanno nazionalizzati entro tre mesi dall&#8217;acquisizione della residenza in Italia. In sede di prima applicazione, per chi era gi\u00e0 residente in Italia al 1\u00b0 febbraio, il termine per il cambio targa \u00e8 il 1\u00b0 maggio. \u00a0In alternativa alla re immatricolazione <a class=\"dt-pswp-item\" href=\"https:\/\/www.radiopiu.net\/wordpress\/wp-content\/uploads\/2022\/04\/28056423_1570743069705719_9091845138820201561_n.jpg\" data-dt-img-description=\"\" data-large_image_width=\"960\" data-large_image_height=\"959\"><img loading=\"lazy\" decoding=\"async\" class=\"size-thumbnail wp-image-268878 alignright\" src=\"https:\/\/www.radiopiu.net\/wordpress\/wp-content\/uploads\/2022\/04\/28056423_1570743069705719_9091845138820201561_n-150x150.jpg\" alt=\"\" width=\"150\" height=\"150\" srcset=\"https:\/\/www.radiopiu.net\/wordpress\/wp-content\/uploads\/2022\/04\/28056423_1570743069705719_9091845138820201561_n-150x150.jpg 150w, https:\/\/www.radiopiu.net\/wordpress\/wp-content\/uploads\/2022\/04\/28056423_1570743069705719_9091845138820201561_n-300x300.jpg 300w, https:\/\/www.radiopiu.net\/wordpress\/wp-content\/uploads\/2022\/04\/28056423_1570743069705719_9091845138820201561_n-768x767.jpg 768w, https:\/\/www.radiopiu.net\/wordpress\/wp-content\/uploads\/2022\/04\/28056423_1570743069705719_9091845138820201561_n.jpg 960w\" sizes=\"auto, (max-width: 150px) 100vw, 150px\" \/><\/a>con targa italiana: se anagraficamente residente in Italia ma per lavoro in un paese limitrofo o confinante e il veicolo \u00e8 in propriet\u00e0 immatricolato all&#8217;estero deve essere registrare al REVE del PRA, gestito da ACI, Una volta registrato pu\u00f2 essere condotto in Italia anche da familiari conviventi in Italia. Per chi \u00e8 \u00a0residente anagraficamente in Italia e conduce per pi\u00f9 di 30 giorni anche non consecutivi in un anno un veicolo immatricolato all&#8217;estero di propriet\u00e0 di altri deve avere a bordo del veicolo il documento, con data certa, da cui risulti titolo e la durata della disponibilit\u00e0 del veicolo, inoltre, deve registrarlo al REVE. Una volta registrato pu\u00f2 essere condotto in Italia da chiunque. <em>&#8220;Permangono alcuni dubbi applicativi &#8211; conclude il sindaco zoldano &#8211;\u00a0 in particolare non \u00e8 chiaro se la registrazione al REVE da parte dei proprietari lavoratori all&#8217;estero consenta la guida del veicolo da parte dei soli familiari conviventi o da parte di chiunque; in ogni caso ne andranno chiariti gli eventuali presupposti&#8221;.<\/em><\/p>\n<p>__<\/p><\/div>\n","protected":false},"excerpt":{"rendered":"<p>VAL DI ZOLDO Il sindaco Camillo De Pellegrin,\u00a0 da un paese dedito all&#8217;emigrazione ha informato i suoi concittadini, soprattutto coloro che vivono all&#8217;estero delle\u00a0 nuove norme per la circolazione dei veicoli immatricolati all&#8217;estero. I veicoli\u00a0 vanno nazionalizzati entro tre mesi dall&#8217;acquisizione della residenza in Italia. In sede di prima applicazione, per chi era gi\u00e0 residente&hellip;<\/p>\n","protected":false},"author":4,"featured_media":268877,"comment_status":"closed","ping_status":"closed","sticky":false,"template":"","format":"standard","meta":{"_monsterinsights_skip_tracking":false,"_monsterinsights_sitenote_active":false,"_monsterinsights_sitenote_note":"","_monsterinsights_sitenote_category":0,"footnotes":""},"categories":[51,49],"tags":[],"class_list":["post-268876","post","type-post","status-publish","format-standard","has-post-thumbnail","hentry","category-evidenza-top","category-news-18","category-51","category-49","description-off"],"img_url":"https:\/\/www.radiopiu.net\/wordpress\/wp-content\/uploads\/2022\/04\/th-2.jpg","_links":{"self":[{"href":"https:\/\/www.radiopiu.net\/wordpress\/wp-json\/wp\/v2\/posts\/268876","targetHints":{"allow":["GET"]}}],"collection":[{"href":"https:\/\/www.radiopiu.net\/wordpress\/wp-json\/wp\/v2\/posts"}],"about":[{"href":"https:\/\/www.radiopiu.net\/wordpress\/wp-json\/wp\/v2\/types\/post"}],"author":[{"embeddable":true,"href":"https:\/\/www.radiopiu.net\/wordpress\/wp-json\/wp\/v2\/users\/4"}],"replies":[{"embeddable":true,"href":"https:\/\/www.radiopiu.net\/wordpress\/wp-json\/wp\/v2\/comments?post=268876"}],"version-history":[{"count":0,"href":"https:\/\/www.radiopiu.net\/wordpress\/wp-json\/wp\/v2\/posts\/268876\/revisions"}],"wp:featuredmedia":[{"embeddable":true,"href":"https:\/\/www.radiopiu.net\/wordpress\/wp-json\/wp\/v2\/media\/268877"}],"wp:attachment":[{"href":"https:\/\/www.radiopiu.net\/wordpress\/wp-json\/wp\/v2\/media?parent=268876"}],"wp:term":[{"taxonomy":"category","embeddable":true,"href":"https:\/\/www.radiopiu.net\/wordpress\/wp-json\/wp\/v2\/categories?post=268876"},{"taxonomy":"post_tag","embeddable":true,"href":"https:\/\/www.radiopiu.net\/wordpress\/wp-json\/wp\/v2\/tags?post=268876"}],"curies":[{"name":"wp","href":"https:\/\/api.w.org\/{rel}","templated":true}]}}