{"id":268946,"date":"2022-04-05T23:59:34","date_gmt":"2022-04-05T21:59:34","guid":{"rendered":"https:\/\/www.radiopiu.net\/wordpress\/?p=268946"},"modified":"2022-04-06T06:03:47","modified_gmt":"2022-04-06T04:03:47","slug":"lagordina-perde-con-la-capolista-arsie-mancano-pochi-punti-alla-salvezza-matematica","status":"publish","type":"post","link":"https:\/\/www.radiopiu.net\/wordpress\/lagordina-perde-con-la-capolista-arsie-mancano-pochi-punti-alla-salvezza-matematica\/","title":{"rendered":"L&#8217;AGORDINA PERDE CON LA CAPOLISTA ARSIE&#8217;. MANCANO POCHI PUNTI ALLA SALVEZZA MATEMATICA"},"content":{"rendered":"<p><strong><a class=\"dt-pswp-item\" href=\"https:\/\/www.radiopiu.net\/wordpress\/wp-content\/uploads\/2019\/09\/AGORDINA-CALCIO.jpeg\" data-dt-img-description=\"\" data-large_image_width=\"225\" data-large_image_height=\"225\"><img loading=\"lazy\" decoding=\"async\" class=\"size-thumbnail wp-image-97575 alignleft\" src=\"https:\/\/www.radiopiu.net\/wordpress\/wp-content\/uploads\/2019\/09\/AGORDINA-CALCIO-150x150.jpeg\" alt=\"\" width=\"150\" height=\"150\" srcset=\"https:\/\/www.radiopiu.net\/wordpress\/wp-content\/uploads\/2019\/09\/AGORDINA-CALCIO-150x150.jpeg 150w, https:\/\/www.radiopiu.net\/wordpress\/wp-content\/uploads\/2019\/09\/AGORDINA-CALCIO.jpeg 225w\" sizes=\"auto, (max-width: 150px) 100vw, 150px\" \/><\/a>AGORDO<\/strong> L&#8217;Agordina di Marco Lorenzi torna dalla trasferta in terra feltrina con l&#8217;amaro in bocca. Non \u00e8 andata bene per la compagine di Agordo che contro la capolista Arsi\u00e8 non \u00e8 riuscita a racimolare punti. Una sfida con gli agordini che passano in vantaggio per due volte per poi farsi riprendere dai padroni di casa. Nel finale decisiva la rete dell&#8217;Arsi\u00e8 e l&#8217;espulsione per proteste di Zannoni che ha lasciato l&#8217;Agordina in dieci nei minuti cruciali della sfida valida per la Seconda Categoria girone T del Veneto. Domenica prossima di nuovo in trasferta la squadra di Lorenzi che andr\u00e0 a giocare il derby contro il Sospirolo, un avversario in difficolt\u00e0 che nelle ultime partite non ha brillato. Un&#8217;occasione per aggiungere punti in classifica, una vittoria vorrebbe dire salvezza matematica.<\/p>\n<p><strong>SEBASTIANO MIANA, GIOCATORE DELL&#8217;AGORDINA<\/strong><\/p>\n<audio class=\"wp-audio-shortcode\" id=\"audio-268946-1\" preload=\"none\" style=\"width: 100%;\" controls=\"controls\"><source type=\"audio\/mpeg\" src=\"https:\/\/www.radiopiu.net\/wordpress\/wp-content\/uploads\/2022\/04\/SEBASTIANO-MIANA-ARSIE.mp3?_=1\" \/><a href=\"https:\/\/www.radiopiu.net\/wordpress\/wp-content\/uploads\/2022\/04\/SEBASTIANO-MIANA-ARSIE.mp3\">https:\/\/www.radiopiu.net\/wordpress\/wp-content\/uploads\/2022\/04\/SEBASTIANO-MIANA-ARSIE.mp3<\/a><\/audio>\n<p>&nbsp;<\/p>\n<p>&nbsp;<\/p>\n<p>*****<\/p>\n","protected":false},"excerpt":{"rendered":"<p>AGORDO L&#8217;Agordina di Marco Lorenzi torna dalla trasferta in terra feltrina con l&#8217;amaro in bocca. Non \u00e8 andata bene per la compagine di Agordo che contro la capolista Arsi\u00e8 non \u00e8 riuscita a racimolare punti. Una sfida con gli agordini che passano in vantaggio per due volte per poi farsi riprendere dai padroni di casa.&hellip;<\/p>\n","protected":false},"author":4,"featured_media":162226,"comment_status":"closed","ping_status":"closed","sticky":false,"template":"","format":"standard","meta":{"_monsterinsights_skip_tracking":false,"_monsterinsights_sitenote_active":false,"_monsterinsights_sitenote_note":"","_monsterinsights_sitenote_category":0,"footnotes":""},"categories":[104,49],"tags":[],"class_list":["post-268946","post","type-post","status-publish","format-standard","has-post-thumbnail","hentry","category-evidenza_3","category-news-18","category-104","category-49","description-off"],"img_url":"https:\/\/www.radiopiu.net\/wordpress\/wp-content\/uploads\/2020\/09\/calcio-2020.jpg","_links":{"self":[{"href":"https:\/\/www.radiopiu.net\/wordpress\/wp-json\/wp\/v2\/posts\/268946","targetHints":{"allow":["GET"]}}],"collection":[{"href":"https:\/\/www.radiopiu.net\/wordpress\/wp-json\/wp\/v2\/posts"}],"about":[{"href":"https:\/\/www.radiopiu.net\/wordpress\/wp-json\/wp\/v2\/types\/post"}],"author":[{"embeddable":true,"href":"https:\/\/www.radiopiu.net\/wordpress\/wp-json\/wp\/v2\/users\/4"}],"replies":[{"embeddable":true,"href":"https:\/\/www.radiopiu.net\/wordpress\/wp-json\/wp\/v2\/comments?post=268946"}],"version-history":[{"count":0,"href":"https:\/\/www.radiopiu.net\/wordpress\/wp-json\/wp\/v2\/posts\/268946\/revisions"}],"wp:featuredmedia":[{"embeddable":true,"href":"https:\/\/www.radiopiu.net\/wordpress\/wp-json\/wp\/v2\/media\/162226"}],"wp:attachment":[{"href":"https:\/\/www.radiopiu.net\/wordpress\/wp-json\/wp\/v2\/media?parent=268946"}],"wp:term":[{"taxonomy":"category","embeddable":true,"href":"https:\/\/www.radiopiu.net\/wordpress\/wp-json\/wp\/v2\/categories?post=268946"},{"taxonomy":"post_tag","embeddable":true,"href":"https:\/\/www.radiopiu.net\/wordpress\/wp-json\/wp\/v2\/tags?post=268946"}],"curies":[{"name":"wp","href":"https:\/\/api.w.org\/{rel}","templated":true}]}}