{"id":268995,"date":"2022-04-06T05:57:25","date_gmt":"2022-04-06T03:57:25","guid":{"rendered":"https:\/\/www.radiopiu.net\/wordpress\/?p=268995"},"modified":"2022-04-06T05:58:56","modified_gmt":"2022-04-06T03:58:56","slug":"possibile-riapertura-della-sp-251-da-lunedi-prossimo","status":"publish","type":"post","link":"https:\/\/www.radiopiu.net\/wordpress\/possibile-riapertura-della-sp-251-da-lunedi-prossimo\/","title":{"rendered":"POSSIBILE RIAPERTURA DELLA SP 251 DA LUNEDI&#8217; PROSSIMO"},"content":{"rendered":"<p><strong><a class=\"dt-pswp-item\" href=\"https:\/\/www.radiopiu.net\/wordpress\/wp-content\/uploads\/2022\/04\/277759942_348026507366028_8204121446505774110_n-1.jpg\" data-dt-img-description=\"\" data-large_image_width=\"1206\" data-large_image_height=\"859\"><img loading=\"lazy\" decoding=\"async\" class=\"size-thumbnail wp-image-268996 alignleft\" src=\"https:\/\/www.radiopiu.net\/wordpress\/wp-content\/uploads\/2022\/04\/277759942_348026507366028_8204121446505774110_n-1-150x150.jpg\" alt=\"\" width=\"150\" height=\"150\" \/><\/a>REDAZIONE<\/strong> In una nota pervenuta nel pomeriggio al sindaco di Val Di Zoldo Camillo De Pellegrin, Veneto Strade ha comunicato che le opere indispensabili alla sicurezza della SP 251 dovrebbero essere completate entro luned\u00ec 11 aprile. La Societ\u00e0 ha garantito un costante aggiornamento sull&#8217;andamento degli interventi e sulle tempistiche di riapertura. &#8220;\u00c8 stata inoltre accolta &#8211; dice il sindaco &#8211;\u00a0 la richiesta del Comune Val di Zoldo di aprire un tavolo di confronto sulle problematiche della viabilit\u00e0 in oggetto. Il primo incontro si terr\u00e0 venerd\u00ec prossimo in Prefettura&#8221;.<\/p>\n<p>&nbsp;<\/p>\n<p>&nbsp;<\/p>\n<p>&nbsp;<\/p>\n<p>*****<\/p>\n","protected":false},"excerpt":{"rendered":"<p>REDAZIONE In una nota pervenuta nel pomeriggio al sindaco di Val Di Zoldo Camillo De Pellegrin, Veneto Strade ha comunicato che le opere indispensabili alla sicurezza della SP 251 dovrebbero essere completate entro luned\u00ec 11 aprile. La Societ\u00e0 ha garantito un costante aggiornamento sull&#8217;andamento degli interventi e sulle tempistiche di riapertura. &#8220;\u00c8 stata inoltre accolta&hellip;<\/p>\n","protected":false},"author":4,"featured_media":268996,"comment_status":"closed","ping_status":"closed","sticky":false,"template":"","format":"standard","meta":{"_monsterinsights_skip_tracking":false,"_monsterinsights_sitenote_active":false,"_monsterinsights_sitenote_note":"","_monsterinsights_sitenote_category":0,"footnotes":""},"categories":[51,49],"tags":[],"class_list":["post-268995","post","type-post","status-publish","format-standard","has-post-thumbnail","hentry","category-evidenza-top","category-news-18","category-51","category-49","description-off"],"img_url":"https:\/\/www.radiopiu.net\/wordpress\/wp-content\/uploads\/2022\/04\/277759942_348026507366028_8204121446505774110_n-1.jpg","_links":{"self":[{"href":"https:\/\/www.radiopiu.net\/wordpress\/wp-json\/wp\/v2\/posts\/268995","targetHints":{"allow":["GET"]}}],"collection":[{"href":"https:\/\/www.radiopiu.net\/wordpress\/wp-json\/wp\/v2\/posts"}],"about":[{"href":"https:\/\/www.radiopiu.net\/wordpress\/wp-json\/wp\/v2\/types\/post"}],"author":[{"embeddable":true,"href":"https:\/\/www.radiopiu.net\/wordpress\/wp-json\/wp\/v2\/users\/4"}],"replies":[{"embeddable":true,"href":"https:\/\/www.radiopiu.net\/wordpress\/wp-json\/wp\/v2\/comments?post=268995"}],"version-history":[{"count":0,"href":"https:\/\/www.radiopiu.net\/wordpress\/wp-json\/wp\/v2\/posts\/268995\/revisions"}],"wp:featuredmedia":[{"embeddable":true,"href":"https:\/\/www.radiopiu.net\/wordpress\/wp-json\/wp\/v2\/media\/268996"}],"wp:attachment":[{"href":"https:\/\/www.radiopiu.net\/wordpress\/wp-json\/wp\/v2\/media?parent=268995"}],"wp:term":[{"taxonomy":"category","embeddable":true,"href":"https:\/\/www.radiopiu.net\/wordpress\/wp-json\/wp\/v2\/categories?post=268995"},{"taxonomy":"post_tag","embeddable":true,"href":"https:\/\/www.radiopiu.net\/wordpress\/wp-json\/wp\/v2\/tags?post=268995"}],"curies":[{"name":"wp","href":"https:\/\/api.w.org\/{rel}","templated":true}]}}