{"id":269007,"date":"2022-04-07T06:00:58","date_gmt":"2022-04-07T04:00:58","guid":{"rendered":"https:\/\/www.radiopiu.net\/wordpress\/?p=269007"},"modified":"2022-04-07T13:44:18","modified_gmt":"2022-04-07T11:44:18","slug":"giornale-radiopiu-07-aprile-2022-direttore-mirko-mezzacasa","status":"publish","type":"post","link":"https:\/\/www.radiopiu.net\/wordpress\/giornale-radiopiu-07-aprile-2022-direttore-mirko-mezzacasa\/","title":{"rendered":"GIORNALE RADIOPIU 07 APRILE 2022 DIRETTORE MIRKO MEZZACASA"},"content":{"rendered":"<h3 class=\"kvgmc6g5 cxmmr5t8 oygrvhab hcukyx3x c1et5uql\"><span style=\"color: #0000ff;\"><strong>INFORMAZIONE il canale su TELEGRAM informazione di prima\u00a0 <\/strong><\/span><span style=\"color: #0000ff;\"><strong>mano e in tempo reale. iscriviti ed aiutaci a farlo conoscere\u00a0<\/strong><\/span><\/h3>\n<p>&nbsp;<\/p>\n<hr \/>\n<p>&nbsp;<\/p>\n<blockquote>\n<h3>SOSPIROLO VICINO ALLA FAMIGLIA CHE HA PERSO TUTTO NELL&#8217;INCENDIO<\/h3>\n<\/blockquote>\n<p><strong><a class=\"dt-pswp-item\" href=\"https:\/\/www.radiopiu.net\/wordpress\/wp-content\/uploads\/2022\/03\/9a1da76c-b566-412f-979e-bbe44161dcc6.jpg\" data-dt-img-description=\"\" data-large_image_width=\"720\" data-large_image_height=\"504\"><img loading=\"lazy\" decoding=\"async\" class=\"wp-image-267797 alignleft\" src=\"https:\/\/www.radiopiu.net\/wordpress\/wp-content\/uploads\/2022\/03\/9a1da76c-b566-412f-979e-bbe44161dcc6-300x210.jpg\" alt=\"\" width=\"181\" height=\"127\" srcset=\"https:\/\/www.radiopiu.net\/wordpress\/wp-content\/uploads\/2022\/03\/9a1da76c-b566-412f-979e-bbe44161dcc6-300x210.jpg 300w, https:\/\/www.radiopiu.net\/wordpress\/wp-content\/uploads\/2022\/03\/9a1da76c-b566-412f-979e-bbe44161dcc6.jpg 720w\" sizes=\"auto, (max-width: 181px) 100vw, 181px\" \/><\/a>SOSPIROLO<\/strong><\/p>\n<p><strong>DI DAMIANO TORMEN<\/strong><\/p>\n<p><strong>AUDIO<\/strong><\/p>\n<audio class=\"wp-audio-shortcode\" id=\"audio-269007-1\" preload=\"none\" style=\"width: 100%;\" controls=\"controls\"><source type=\"audio\/mpeg\" src=\"https:\/\/www.radiopiu.net\/wordpress\/wp-content\/uploads\/2022\/04\/DAMIANO.mp3?_=1\" \/><a href=\"https:\/\/www.radiopiu.net\/wordpress\/wp-content\/uploads\/2022\/04\/DAMIANO.mp3\">https:\/\/www.radiopiu.net\/wordpress\/wp-content\/uploads\/2022\/04\/DAMIANO.mp3<\/a><\/audio>\n<p>&nbsp;<\/p>\n<p>&nbsp;<\/p>\n<hr \/>\n<p>&nbsp;<\/p>\n<blockquote>\n<h3>ACQUA NON POTABILE IN ALCUNE ZONE DI CENCENIGHE<\/h3>\n<\/blockquote>\n<p><a class=\"dt-pswp-item\" href=\"https:\/\/www.radiopiu.net\/wordpress\/wp-content\/uploads\/2018\/08\/ACQUA.jpeg\" data-dt-img-description=\"\" data-large_image_width=\"1280\" data-large_image_height=\"768\"><img loading=\"lazy\" decoding=\"async\" class=\"wp-image-57052 alignleft\" src=\"https:\/\/www.radiopiu.net\/wordpress\/wp-content\/uploads\/2018\/08\/ACQUA-300x180.jpeg\" alt=\"\" width=\"140\" height=\"84\" srcset=\"https:\/\/www.radiopiu.net\/wordpress\/wp-content\/uploads\/2018\/08\/ACQUA-300x180.jpeg 300w, https:\/\/www.radiopiu.net\/wordpress\/wp-content\/uploads\/2018\/08\/ACQUA-768x461.jpeg 768w, https:\/\/www.radiopiu.net\/wordpress\/wp-content\/uploads\/2018\/08\/ACQUA-1024x614.jpeg 1024w, https:\/\/www.radiopiu.net\/wordpress\/wp-content\/uploads\/2018\/08\/ACQUA.jpeg 1280w\" sizes=\"auto, (max-width: 140px) 100vw, 140px\" \/><\/a>Gestione Servizi Pubblici informa che a CENCENIGHE AGORDINO nelle LOCALITA&#8217; FAE&#8217;, VARE BASSE E LUXOTTICA, l&#8217;acqua erogata dall&#8217;acquedotto non \u00e8 potabile e pu\u00f2 essere usata per scopi alimentari SOLO PREVIA bollitura. GSP ha, comunque, gi\u00e0 adottato le necessarie misure per la disinfezione dell&#8217;acqua presente nei serbatoi e nella rete idrica con l&#8217;aggiunta di cloro.<\/p>\n<p>&nbsp;<\/p>\n<p>&nbsp;<\/p>\n<hr \/>\n<p>&nbsp;<\/p>\n<blockquote>\n<h3>LA PROVINCIA VARA LA MANOVRA, UN MILIONE DI EURO PER LA PROVINCIALE PER LO ZOLDANO<\/h3>\n<\/blockquote>\n<p><strong><img loading=\"lazy\" decoding=\"async\" class=\"alignleft\" src=\"https:\/\/www.radiopiu.net\/wordpress\/wp-content\/uploads\/2022\/04\/277438105_344224604412885_2096933545420667546_n.jpg\" width=\"212\" height=\"96\" \/><\/strong><\/p>\n<p><strong>BELLUNO<\/strong> \u00a0La Provincia di Belluno ha varato una \u201cmanovra\u201d per la Sp 251 della Val di Zoldo: disposto 1 milione di euro per la strada chiusa in seguito alle operazioni di spegnimento degli incendi delle scorse settimane. Le risorse in questione sono un anticipo rispetto agli stanziamenti disponibili per la viabilit\u00e0 provinciale. Si tratta di risorse che derivano da capitoli di spesa della Provincia e che di conseguenza devono essere tolte da altre destinazioni, visto che la dotazione finanziaria dell\u2019ente non \u00e8 infinita. La Provincia chieder\u00e0 allo Stato di ristorare questo milione di euro, che viene anticipato per accelerare il pi\u00f9 possibile le operazioni di riapertura. La somma \u00e8 gi\u00e0 stata comunicata a Veneto strade e servir\u00e0 per gli interventi di somma urgenza; in particolare, per le operazioni di messa in sicurezza del versante a monte della provinciale, nel tratto interessato dagli incendi.<\/p>\n<p><strong>IL PRESIDENTE DELLA PROVINCIA DI BELLUNO ROBERTO PADRIN<\/strong><\/p>\n<audio class=\"wp-audio-shortcode\" id=\"audio-269007-2\" preload=\"none\" style=\"width: 100%;\" controls=\"controls\"><source type=\"audio\/mpeg\" src=\"https:\/\/www.radiopiu.net\/wordpress\/wp-content\/uploads\/2022\/04\/PADRIN-SP-251.mp3?_=2\" \/><a href=\"https:\/\/www.radiopiu.net\/wordpress\/wp-content\/uploads\/2022\/04\/PADRIN-SP-251.mp3\">https:\/\/www.radiopiu.net\/wordpress\/wp-content\/uploads\/2022\/04\/PADRIN-SP-251.mp3<\/a><\/audio>\n<p>&nbsp;<\/p>\n<blockquote>\n<h3><b>RIAPERTURA DELLA PROVINCIALE 251, IL PREFETTO CONVOCA IL TAVOLO DI LAVORO<\/b><\/h3>\n<\/blockquote>\n<p><b>BELLUNO\u00a0<\/b>Si terr\u00e0 a Palazzo dei Rettori, venerd\u00ec\u00a0 alle 15.30, la riunione del tavolo di lavoro convocato \u2013 su richiesta di Veneto Strade e del Sindaco di Val di Zoldo \u2013 dal Prefetto di Belluno, Mariano Savastano, in vista della riapertura al transito della SP 251. Nel corso dell\u2019incontro saranno illustrati gli esiti dell\u2019analisi specialistica commissionata da Veneto Strade, dai quali emerge una diffusa situazione di rischio ed alcune criticit\u00e0 puntuali insistenti lungo il tratto di strada in questione, recentemente interessato da un vasto incendio boschivo. Conseguentemente, saranno esaminate le misure da assumere a tutela della pubblica incolumit\u00e0 e della circolazione stradale, connessi alla riapertura della strada ed alla realizzazione degli interventi di mitigazione del rischio e messa in sicurezza dell\u2019importante arteria stradale. Alla riunione sono stati invitati a partecipare gli Assessori Regionali alle Infrastrutture e alla Protezione Civile, il Presidente della Provincia e Sindaco di Longarone, il Sindaco di Val di Zoldo, i vertici delle Forze di Polizia, dei Vigili del Fuoco, del SUEM, i rappresentanti di Veneto Strade ed E-Distribuzione<\/p>\n<p>&nbsp;<\/p>\n<blockquote>\n<h3>POSSIBILE RIAPERTURA DELLA SP 251 DA LUNEDI\u2019 PROSSIMO<\/h3>\n<\/blockquote>\n<p><strong class=\"photoswipe-wrapper\"><a class=\"dt-pswp-item pspw-wrap-ready\" href=\"https:\/\/www.radiopiu.net\/wordpress\/wp-content\/uploads\/2022\/04\/277759942_348026507366028_8204121446505774110_n-1.jpg\" data-dt-img-description=\"\" data-large_image_width=\"1206\" data-large_image_height=\"859\"><img loading=\"lazy\" decoding=\"async\" class=\"size-thumbnail wp-image-268996 alignleft\" src=\"https:\/\/www.radiopiu.net\/wordpress\/wp-content\/uploads\/2022\/04\/277759942_348026507366028_8204121446505774110_n-1-150x150.jpg\" alt=\"\" width=\"150\" height=\"150\" \/><\/a> <\/strong><\/p>\n<p><strong class=\"photoswipe-wrapper\">\u00a0<\/strong><\/p>\n<p><strong class=\"photoswipe-wrapper\">REDAZIONE<\/strong> Veneto Strade ha comunicato che le opere indispensabili alla sicurezza della SP 251 dovrebbero essere completate entro luned\u00ec 11 aprile. La Societ\u00e0 ha garantito un costante aggiornamento sull\u2019andamento degli interventi e sulle tempistiche di riapertura.<\/p>\n<p>&nbsp;<\/p>\n<p>&nbsp;<\/p>\n<p><strong>\u00a0 \u00a0<\/strong><\/p>\n<hr \/>\n<p>&nbsp;<\/p>\n<p>Firmato l&#8217;accordo ed \u00e8 ufficiale: Acc diventa LuVe. C&#8217;\u00e8 voluta una notte intera per risolvere il problema, infatti la segreteria provinciale della Fiom martedi al momento della firma dell&#8217;accordo si era ritirata in un chiaro &#8220;non so&#8221;.\u00a0 La notte non ha cambiato l&#8217;opinione di Stefano Bona che alla fine la firma non ha voluto metterla su quell&#8217;accordo. Chi immaginava un ulteriore stappo della bottiglia per festeggiare \u00e8 rimasto a bocca uscita, c&#8217;\u00e8 stato poco da festeggiare senza l&#8217;unanimit\u00e0 del voto. Questi sono inoltre giorni cruciali anche per la Diab di Longarone e il 14 aprile si conosceranno anche le sorti della Ideal di Trichiana<\/p>\n<blockquote>\n<h3>ACC, D&#8217;INCA&#8217;: &#8220;CON L&#8217;ACCORDO C&#8217;E&#8217; UN NUOVO INIZIO PER MEL&#8221;<\/h3>\n<\/blockquote>\n<p><strong><a class=\"dt-pswp-item\" href=\"https:\/\/www.radiopiu.net\/wordpress\/wp-content\/uploads\/2021\/02\/dinca.jpg\" data-dt-img-description=\"\" data-large_image_width=\"1080\" data-large_image_height=\"1079\"><img loading=\"lazy\" decoding=\"async\" class=\"wp-image-190918 size-thumbnail alignleft\" src=\"https:\/\/www.radiopiu.net\/wordpress\/wp-content\/uploads\/2021\/02\/dinca-150x150.jpg\" alt=\"\" width=\"150\" height=\"150\" srcset=\"https:\/\/www.radiopiu.net\/wordpress\/wp-content\/uploads\/2021\/02\/dinca-150x150.jpg 150w, https:\/\/www.radiopiu.net\/wordpress\/wp-content\/uploads\/2021\/02\/dinca-300x300.jpg 300w, https:\/\/www.radiopiu.net\/wordpress\/wp-content\/uploads\/2021\/02\/dinca-1024x1024.jpg 1024w, https:\/\/www.radiopiu.net\/wordpress\/wp-content\/uploads\/2021\/02\/dinca-768x767.jpg 768w, https:\/\/www.radiopiu.net\/wordpress\/wp-content\/uploads\/2021\/02\/dinca.jpg 1080w\" sizes=\"auto, (max-width: 150px) 100vw, 150px\" \/><\/a>ROMA<\/strong> \u201c<em>L\u2019accordo raggiunto apre un nuovo scenario per lo stabilimento di Mel: ora si guarda al futuro grazie a Lu.Ve., un gruppo che crede nel territorio bellunese e nell\u2019opportunit\u00e0 offerta dal sito produttivo in cui si continuer\u00e0 a lavorare. Da sempre l\u2019interesse dell\u2019attuale Governo e del Governo Conte \u00e8 stato quello di salvaguardare il tessuto di Borgo Valbelluna, mettendo al centro la qualit\u00e0 del lavoro e l\u2019alta professionalit\u00e0 di tutti i dipendenti<\/em>. <em>In questo lungo e difficile percorso c\u2019\u00e8 stato un forte e intenso lavoro di squadra che ha visto coinvolte le istituzioni e le organizzazioni sindacali in ogni sede competente si \u00e8 cercato di risolvere tutte le problematiche che hanno interessato lo stabilimento fin da quando la precedente propriet\u00e0 cinese aveva deciso di abbandonare la fabbrica. I passaggi necessari per arrivare alla conclusione di questa delicata vertenza sono stati molti, e non certo semplici: io stesso mi sono interessato per trovare la possibilit\u00e0 di costruire il percorso che ha portato all\u2019amministrazione straordinaria. Un risultato che oggi permette di proiettare la nostra comunit\u00e0 su nuovi scenari, con un gruppo industriale solido e determinato ad affrontare una nuova sfida<\/em>\u201d\u201d.<\/p>\n<p>&nbsp;<\/p>\n<p>&nbsp;<\/p>\n<hr \/>\n<p>&nbsp;<\/p>\n<blockquote>\n<h3>E&#8217; MANCATA LINDA LUCCHINI, PER I PEDAVENESI SUOR GIANNA<\/h3>\n<\/blockquote>\n<p><strong><img loading=\"lazy\" decoding=\"async\" class=\"alignleft\" src=\"https:\/\/www.radiopiu.net\/wordpress\/wp-content\/uploads\/2022\/04\/SUORA.jpg\" width=\"135\" height=\"103\" \/>PEDAVENA<\/strong> E&#8217; mancata a Verona suor Gianna (Linda Lucchini) per tanti anni in servizio alla scuola materna &#8220;Ai caduti&#8221; ed alla casa di riposo di Arsi\u00e8. L&#8217;annuncio della scomparsa sulla pagina facebook della pastorale pedavenese. Gli ultimi giorni li ha trascorsi a Verona nella casa delle Sorelle della Misericordia. Oltre che dell&#8217;asilo, suor Gianna si prendeva cura con dedizione della chiesa parrocchiale, dove aiutava nella preparazione del necessario per le celebrazioni. \u00abTanti pedavenesi ora adulti che sono stati all&#8217;asilo sono affezionati a suor Gianna e la ricordano con affetto\u00bb, sottolinea il parroco, don Alberto Ganz.<\/p>\n<p>&nbsp;<\/p>\n<hr \/>\n<p>&nbsp;<\/p>\n<blockquote>\n<h3>A FUOCO UNA CANNA FUMARIA A SANTA FOSCA<\/h3>\n<\/blockquote>\n<p><strong><a class=\"dt-pswp-item\" href=\"https:\/\/www.radiopiu.net\/wordpress\/wp-content\/uploads\/2022\/04\/9f7573e7-d4c7-4ae8-aeab-1d7cb59415d4.jpg\" data-dt-img-description=\"\" data-large_image_width=\"2016\" data-large_image_height=\"1512\"><img loading=\"lazy\" decoding=\"async\" class=\"size-thumbnail wp-image-269152 alignleft\" src=\"https:\/\/www.radiopiu.net\/wordpress\/wp-content\/uploads\/2022\/04\/9f7573e7-d4c7-4ae8-aeab-1d7cb59415d4-150x150.jpg\" alt=\"\" width=\"150\" height=\"150\" \/><\/a>\u00a0<\/strong><\/p>\n<p><strong>SELVA DI CADORE<\/strong> Pompieri volontari di Selva di Cadore e Vigili del Fuoco permanenti di Agordo in azione ieri mattina a Selva Di Cadore nella frazione di Santa Fosca. Un intervento di un paio d&#8217;ore per evitare il peggio in seguito all&#8217;incendio di una canna fumaria. I pompieri hanno spento, pulito e controllato la canna fumaria. Fortunatamente nessun ferito e nessun danno<\/p>\n<p>&nbsp;<\/p>\n<p>&nbsp;<\/p>\n<hr \/>\n<p>&nbsp;<\/p>\n<blockquote>\n<h3>FURGONE FUORI STRADA, VIGILI DEL FUOCO IN AIUTO<\/h3>\n<\/blockquote>\n<p><strong><a class=\"dt-pswp-item\" href=\"https:\/\/www.radiopiu.net\/wordpress\/wp-content\/uploads\/2020\/05\/VIGILI-DEL-FUOCO-LOGO.png\" data-dt-img-description=\"\" data-large_image_width=\"1200\" data-large_image_height=\"1200\"><img loading=\"lazy\" decoding=\"async\" class=\"size-thumbnail wp-image-138743 alignleft\" src=\"https:\/\/www.radiopiu.net\/wordpress\/wp-content\/uploads\/2020\/05\/VIGILI-DEL-FUOCO-LOGO-150x150.png\" alt=\"\" width=\"150\" height=\"150\" srcset=\"https:\/\/www.radiopiu.net\/wordpress\/wp-content\/uploads\/2020\/05\/VIGILI-DEL-FUOCO-LOGO-150x150.png 150w, https:\/\/www.radiopiu.net\/wordpress\/wp-content\/uploads\/2020\/05\/VIGILI-DEL-FUOCO-LOGO-300x300.png 300w, https:\/\/www.radiopiu.net\/wordpress\/wp-content\/uploads\/2020\/05\/VIGILI-DEL-FUOCO-LOGO-1024x1024.png 1024w, https:\/\/www.radiopiu.net\/wordpress\/wp-content\/uploads\/2020\/05\/VIGILI-DEL-FUOCO-LOGO-768x768.png 768w, https:\/\/www.radiopiu.net\/wordpress\/wp-content\/uploads\/2020\/05\/VIGILI-DEL-FUOCO-LOGO.png 1200w\" sizes=\"auto, (max-width: 150px) 100vw, 150px\" \/><\/a> <\/strong><\/p>\n<p><strong>VAL DI ZOLDO<\/strong> Nel pomeriggio di ieri i Vigili del Fuoco permanenti di Agordo sono stati allertati per un furgone uscito fuori strada. I pompieri sono arrivati sul luogo dell&#8217;incidente con due mezzi ed hanno rimesso in carreggiata il mezzo. Nessun ferito e nessun danno rilevato dai Vigili del fuoco che hanno terminato l&#8217;intervento dopo circa un&#8217;ora.<\/p>\n<p>Subito dopo un altro recupero mezzo per i Vigili del Fuoco di Agordo e i volontari di Zoldo che sono intervenuti per recuperare un&#8217;auto incastrata nella neve su una strada silvo pastorale. Intervento durato due ore circa, non si sono registrati danni o feriti anche in questo caso.<\/p>\n<p>&nbsp;<\/p>\n<p>&nbsp;<\/p>\n<hr \/>\n<p>&nbsp;<\/p>\n<p>&nbsp;<\/p>\n<blockquote>\n<h3>ADDESTRARSI OGGI PER ESSERE PRONTI DOMANI<\/h3>\n<\/blockquote>\n<div class=\"kvgmc6g5 cxmmr5t8 oygrvhab hcukyx3x c1et5uql ii04i59q\">\n<div dir=\"auto\"><strong>ALLEGHE<\/strong> Il motto scelto dai pompieri volontari di Caprile non fa una piega, l&#8217;importanza dell&#8217;essere sempre pronti al servizio delle comunit\u00e0 e\u00a0 la loro presenza sul territorio \u00e8 stato pi\u00f9 volte sottolineata, fondamentale e indispensabile, soprattutto in zone disagiate di montagna lontano dal Comando di Belluno, ma anche dai distaccamenti\u00a0 di fondovalle. Per questo non mancano i\u00a0 consueti addestramenti mensile. In quello d&#8217;inizio aprile \u00e8 stato simulato il soccorso a una persona in una abitazione con una percentuale di ossigeno nell&#8217;aria insufficiente; per garantire la sicurezza degli operatori abbiamo utilizzato gli autoprotettori delle vie respiratorie. Al termine della prova che ha visto alternarsi diverse squadre, i pompieri di Caprile hanno\u00a0 controllato le diverse attrezzature della A.P.S.<\/div>\n<\/div>\n<div class=\"cxmmr5t8 oygrvhab hcukyx3x c1et5uql o9v6fnle ii04i59q\">\n<div dir=\"auto\">\n\n\t\t\t<style type='text\/css'>\n\t\t\t\t#gallery-1 {\n\t\t\t\t\tmargin: auto;\n\t\t\t\t}\n\t\t\t\t#gallery-1 .gallery-item {\n\t\t\t\t\tfloat: left;\n\t\t\t\t\tmargin-top: 10px;\n\t\t\t\t\ttext-align: center;\n\t\t\t\t\twidth: 33%;\n\t\t\t\t}\n\t\t\t\t#gallery-1 img {\n\t\t\t\t\tborder: 2px solid #cfcfcf;\n\t\t\t\t}\n\t\t\t\t#gallery-1 .gallery-caption {\n\t\t\t\t\tmargin-left: 0;\n\t\t\t\t}\n\t\t\t\t\/* see gallery_shortcode() in wp-includes\/media.php *\/\n\t\t\t<\/style>\n\t\t<div id='gallery-1' class='dt-gallery-container gallery galleryid-269007 gallery-columns-3 gallery-size-thumbnail'><dl class='gallery-item'>\n\t\t\t\t<dt class='gallery-icon landscape'>\n\t\t\t\t\t<a class=\"rollover rollover-zoom dt-pswp-item\" title=\"277816759_1373578883070189_6002347532273843170_n\" data-dt-img-description=\"\" data-large_image_width=\"2000\" data-large_image_height=\"1500\"href='https:\/\/www.radiopiu.net\/wordpress\/wp-content\/uploads\/2022\/04\/277816759_1373578883070189_6002347532273843170_n.jpg'><img loading=\"lazy\" decoding=\"async\" width=\"150\" height=\"150\" src=\"https:\/\/www.radiopiu.net\/wordpress\/wp-content\/uploads\/2022\/04\/277816759_1373578883070189_6002347532273843170_n-150x150.jpg\" class=\"attachment-thumbnail size-thumbnail\" alt=\"\" \/><\/a>\n\t\t\t\t<\/dt><\/dl><dl class='gallery-item'>\n\t\t\t\t<dt class='gallery-icon portrait'>\n\t\t\t\t\t<a class=\"rollover rollover-zoom dt-pswp-item\" title=\"277759023_1373579193070158_5610986686293235104_n\" data-dt-img-description=\"\" data-large_image_width=\"1532\" data-large_image_height=\"2048\"href='https:\/\/www.radiopiu.net\/wordpress\/wp-content\/uploads\/2022\/04\/277759023_1373579193070158_5610986686293235104_n.jpg'><img loading=\"lazy\" decoding=\"async\" width=\"150\" height=\"150\" src=\"https:\/\/www.radiopiu.net\/wordpress\/wp-content\/uploads\/2022\/04\/277759023_1373579193070158_5610986686293235104_n-150x150.jpg\" class=\"attachment-thumbnail size-thumbnail\" alt=\"\" \/><\/a>\n\t\t\t\t<\/dt><\/dl><dl class='gallery-item'>\n\t\t\t\t<dt class='gallery-icon portrait'>\n\t\t\t\t\t<a class=\"rollover rollover-zoom dt-pswp-item\" title=\"277747309_1373579049736839_8639865240824725247_n\" data-dt-img-description=\"\" data-large_image_width=\"1532\" data-large_image_height=\"2048\"href='https:\/\/www.radiopiu.net\/wordpress\/wp-content\/uploads\/2022\/04\/277747309_1373579049736839_8639865240824725247_n.jpg'><img loading=\"lazy\" decoding=\"async\" width=\"150\" height=\"150\" src=\"https:\/\/www.radiopiu.net\/wordpress\/wp-content\/uploads\/2022\/04\/277747309_1373579049736839_8639865240824725247_n-150x150.jpg\" class=\"attachment-thumbnail size-thumbnail\" alt=\"\" \/><\/a>\n\t\t\t\t<\/dt><\/dl><br style=\"clear: both\" \/>\n\t\t\t<\/div>\n\n<\/div>\n<p>&nbsp;<\/p>\n<\/div>\n<p>&nbsp;<\/p>\n<hr \/>\n<p>&nbsp;<\/p>\n<blockquote>\n<h3>DIECI ANNI, TANTI CE NE SONO VOLUTI PER RIOTTENERE LA PATENTE<\/h3>\n<\/blockquote>\n<p><strong><img loading=\"lazy\" decoding=\"async\" class=\"alignleft\" src=\"https:\/\/www.radiopiu.net\/wordpress\/wp-content\/uploads\/2022\/04\/test-337369_960_720.jpg\" width=\"240\" height=\"180\" \/>BELLUNO<\/strong> Dieci anni fa, nel 2011 il ritiro della patente, allora l&#8217;uomo aveva 60 anni. Era incorso in un incidente stradale e al controllo con l&#8217;etilometro scattarono le conseguenze: sanzione e ritiro del documento di guida. Ci sono voluti 10 anni per tornare in possesso di quella patente, l&#8217;uomo infatti mai \u00e8 riuscito ad entrare in confidenza con il computer. A risolvere il problema ci ha pensato\u00a0 l&#8217;avvocato di fiducia Francesco De Bona, che ha impugnato con successo il provvedimento emesso dall&#8217;allora Prefetto. Il Corriere delle Alpi oggi entra nel merito della\u00a0 motivazione della sentenza favorevole: a distanza di tutto questo tempo, erano venute meno sia la funzione repressiva che quella di deterrenza della sanzione. Erano entrambe ormai prescritte. Nel marzo 2011 l&#8217;uomo aveva tamponato una vettura e i poliziotti constatarono che aveva nel sangue 1,6 grammi di alcol che ha aperto le porte al processo per guida di stato di ebbrezza.<\/p>\n<p>&nbsp;<\/p>\n<hr \/>\n<p>&nbsp;<\/p>\n<blockquote>\n<h3>QUANDO LE CESSIONI BONARIE COSTRINGONO AD ADIRE A VIE LEGALI<\/h3>\n<\/blockquote>\n<p><b><a class=\"dt-pswp-item\" href=\"https:\/\/www.radiopiu.net\/wordpress\/wp-content\/uploads\/2022\/04\/155f123e-ac85-4de4-8175-550d4ee5303a.jpg\" data-dt-img-description=\"\" data-large_image_width=\"1600\" data-large_image_height=\"900\"><img loading=\"lazy\" decoding=\"async\" class=\"wp-image-269134 alignleft\" src=\"https:\/\/www.radiopiu.net\/wordpress\/wp-content\/uploads\/2022\/04\/155f123e-ac85-4de4-8175-550d4ee5303a-300x169.jpg\" alt=\"\" width=\"195\" height=\"110\" srcset=\"https:\/\/www.radiopiu.net\/wordpress\/wp-content\/uploads\/2022\/04\/155f123e-ac85-4de4-8175-550d4ee5303a-300x169.jpg 300w, https:\/\/www.radiopiu.net\/wordpress\/wp-content\/uploads\/2022\/04\/155f123e-ac85-4de4-8175-550d4ee5303a-1024x576.jpg 1024w, https:\/\/www.radiopiu.net\/wordpress\/wp-content\/uploads\/2022\/04\/155f123e-ac85-4de4-8175-550d4ee5303a-768x432.jpg 768w, https:\/\/www.radiopiu.net\/wordpress\/wp-content\/uploads\/2022\/04\/155f123e-ac85-4de4-8175-550d4ee5303a-1536x864.jpg 1536w, https:\/\/www.radiopiu.net\/wordpress\/wp-content\/uploads\/2022\/04\/155f123e-ac85-4de4-8175-550d4ee5303a.jpg 1600w\" sizes=\"auto, (max-width: 195px) 100vw, 195px\" \/><\/a>AGORDO <\/b>Tito Paolo Caldart era proprietario di un terreno alle porte di Agordo, in localit\u00e0 Pragrande, ma un giorno \u00e8 arrivato l&#8217;ingegnere per conto\u00a0 di Veneto Strade che gli ha spiegato che l\u00ec sarebbe stata realizzata una grande rotatoria futuro per la viabilit\u00e0 agordina, ovvero l&#8217;ingresso alla tangenziale (Pragrande Brugnach via Polane), oppure al centro della citt\u00e0 lungo la storica regionale 203 agordina. Era il 2012 quando Tito Caldart non ha opposto resistenza, piuttosto \u00e8 sceso a patti con i tecnici incaricati firmando la famosa <em>&#8220;cessione bonaria&#8221;<\/em> ovvero un esproprio per pubblica utilit\u00e0 al quale corrisponde un importo concordato e contro firmato. Inoltre nei patti era stato previsto un transito pedonale, assicurato fino ad un&#8217;eventuale lottizzazione futura dei terreni, (mai andato in porto) per l&#8217;accesso alla propiet\u00e0 sopra la nuova viabilit\u00e0. Dopo dieci anni la rotonda \u00e8 stata realizzata, ma non \u00e8 stato definito l&#8217;atto di compravendita o il decreto di esproprio,\u00a0 quindi non risulta saldata la quota relativa alla cessione bonaria (dopo un acconto d&#8217;inizio lavori). Al proprietario dei terreni mai \u00e8 stata data comunicazione di fine lavori con la quantificazione delle cifre spettanti per le occupazioni temporanee e non \u00e8 mai stata realizzata la famosa viabilt\u00e0 pedonale sostitutiva dell&#8217;allora sentiero che permetteva l&#8217;accesso alle altre propriet\u00e0. Per questi motivi Tito Paolo Caldart si \u00e8 rivolto ad un legale risultando il cantiere in stato di &#8220;abbandono&#8221; e\u00a0 la rotatoria funzionante con occupazione del bene.<em> &#8220;Vorrei capire &#8211; conclude Caldart &#8211; quali sono le intenzioni di Veneto Strade per rendere completamente conforme l&#8217;accordo stipulato a suo tempo, o in caso contrario che mi venissero almeno comunicati i motivi che ostacolano la conclusione dell&#8217;iter. Spero che nel frattempo quei terreni non diventino edificabili con un nuovo prg perch\u00e9 oltre al danno si aggiungerebbe la beffa di una tassazione non di poco conto su un terreno dove oggi transitano i veicoli per l&#8217;Agordino, il novo mappale tutt&#8217;ora \u00e8 a me intestato&#8221;.<\/em><\/p>\n<p><strong>di Gianni Santomaso CorriereAlpi<\/strong><\/p>\n<audio class=\"wp-audio-shortcode\" id=\"audio-269007-3\" preload=\"none\" style=\"width: 100%;\" controls=\"controls\"><source type=\"audio\/mpeg\" src=\"https:\/\/www.radiopiu.net\/wordpress\/wp-content\/uploads\/2022\/04\/GIANNI-ROTATORIA-PRAGRANDE-TITO-PAOLO-CALDART.mp3?_=3\" \/><a href=\"https:\/\/www.radiopiu.net\/wordpress\/wp-content\/uploads\/2022\/04\/GIANNI-ROTATORIA-PRAGRANDE-TITO-PAOLO-CALDART.mp3\">https:\/\/www.radiopiu.net\/wordpress\/wp-content\/uploads\/2022\/04\/GIANNI-ROTATORIA-PRAGRANDE-TITO-PAOLO-CALDART.mp3<\/a><\/audio>\n<p>&nbsp;<\/p>\n<p>&nbsp;<\/p>\n<hr \/>\n<p>&nbsp;<\/p>\n<blockquote>\n<h3>POSTE: GRANDI UTILI E POCHI LAVORATORI, NEL FUTURO PROSSIMO POSSIBILI &#8220;GIORNI DI LOTTA&#8221;<\/h3>\n<\/blockquote>\n<p><strong><a class=\"dt-pswp-item\" href=\"https:\/\/www.radiopiu.net\/wordpress\/wp-content\/uploads\/2021\/11\/20211125_103957-scaled.jpg\" data-dt-img-description=\"\" data-large_image_width=\"2560\" data-large_image_height=\"1213\"><img loading=\"lazy\" decoding=\"async\" class=\"alignleft wp-image-245023 \" src=\"https:\/\/www.radiopiu.net\/wordpress\/wp-content\/uploads\/2021\/11\/20211125_103957-300x142.jpg\" alt=\"\" width=\"199\" height=\"94\" srcset=\"https:\/\/www.radiopiu.net\/wordpress\/wp-content\/uploads\/2021\/11\/20211125_103957-300x142.jpg 300w, https:\/\/www.radiopiu.net\/wordpress\/wp-content\/uploads\/2021\/11\/20211125_103957-1024x485.jpg 1024w, https:\/\/www.radiopiu.net\/wordpress\/wp-content\/uploads\/2021\/11\/20211125_103957-768x364.jpg 768w, https:\/\/www.radiopiu.net\/wordpress\/wp-content\/uploads\/2021\/11\/20211125_103957-1536x728.jpg 1536w, https:\/\/www.radiopiu.net\/wordpress\/wp-content\/uploads\/2021\/11\/20211125_103957-2048x970.jpg 2048w\" sizes=\"auto, (max-width: 199px) 100vw, 199px\" \/><\/a>REDAZIONE<\/strong> Lo stato di emergenza covid \u00e8 terminato con il 1 aprile e dopo un lungo periodo ad operativit\u00e0 ridotta gli uffici dovrebbero tornare alla normalit\u00e0, ma non sar\u00e0 semplice perch\u00e9 normalit\u00e0 significa anche personale adeguato dopo la progressiva\u00a0 riduzione degli organici: pensionamenti, esodi incentivati, dimissioni volontarie a cui Poste ha risposto con risicate campagne di assunzioni, quasi sempre con contratti part-time. E&#8217; chiaro si tratta di\u00a0 una logica di forte riduzione dei costi a pieno discapito del servizio,\u00a0 le code e le attese degli utenti, dentro e fuori gli uffici ne sono la testimonianza. Eppure Poste denuncia ogni anno resoconti economici in forte utile, generati sicuramente dalla capillarit\u00e0 di sportelli nel territorio nazionale e dall&#8217; abnegazione dei propri dipendenti che, nonostante un caos operativo ormai stabile e perpetuo, continuano a garantire presenza e prestazioni in crescita.<\/p>\n<p>Luca Bof (Rsu) e Mauro De Carli (Cgil Fp) denunciano\u00a0<em> &#8220;Il ritorno alla normalit\u00e0 del post emergenza Covid sembra sempre pi\u00f9 a rischio l&#8217; apertura di tutti gli sportelli presenti in provincia, proprio per la carenza strutturale di operatori di Poste Italiane&#8221;\u00a0<\/em>Una denuncia che parte da una provincia orograficamente difficile dove gli uffici sono indispensabili e per questo la richiesta all&#8217; azienda di rispondere al grido d&#8217;allarme dei suoi lavoratori e ai disagi dell&#8217; utenza con un nuovo piano di recupero del turn-over. <em>&#8220;La carenza di personale comporta, per i lavoratori di Poste\u00a0 &#8211; dice Mauro De Carli &#8211;\u00a0 continui distacchi da un ufficio all&#8217;altro, estrema difficolt\u00e0 nella fruizione delle ferie che vengono sistematicamente variate nonostante una programmazione stilata obbligatoriamente ad inizio anno. L&#8217;azienda invita i propri dipendenti a svolgere i necessari corsi di formazione fuori dall&#8217; orario di lavoro, richiede sempre pi\u00f9 frequentemente prestazioni straordinarie&#8221;.\u00a0<\/em>Sono dinamiche comuni a tutta la Regione,\u00a0 particolarmente pesanti in provincia di Belluno: su 100 uffici 66 sono mono peratore. <em>\u201cI distacchi da ufficio a ufficio, sono decisamente pi\u00f9 impattanti vista la particolarit\u00e0 montana del nostro territorio\u00a0 \u00a0&#8211; dice\u00a0 Luca Bof &#8211; delegato RSU-Poste per Belluno &#8211;\u00a0 chiedo maggiore rispetto del lavoro dei dipendenti\u00a0 di Poste con un vero piano di assunzioni che possa coprire definitivamente l&#8217; annosa carenza di personale. <\/em><em>Il tentativo di soluzione di questa storica vertenza tra la\u00a0 CGIL e Poste Italiane non ha trovato aperture da parte dell\u2019azienda e quindi, una volta espletata la procedura di \u201craffreddamento\u201d si potr\u00e0 decidere di rendere visibile la protesta dei lavoratrici\/ori con un\u2019iniziativa di lotta&#8221;.<\/em><\/p>\n<p>&nbsp;<\/p>\n<hr \/>\n<p>&nbsp;<\/p>\n<blockquote>\n<h3>VERSO LE ELEZIONI, TERZO MANDATO\u00a0 PER I SINDACI DEI\u00a0 COMUNI PIU&#8217; PICCOLI<\/h3>\n<\/blockquote>\n<p><strong><a class=\"dt-pswp-item\" href=\"https:\/\/www.radiopiu.net\/wordpress\/wp-content\/uploads\/2022\/04\/mario-de-bon.jpg\" data-dt-img-description=\"\" data-large_image_width=\"173\" data-large_image_height=\"132\"><img loading=\"lazy\" decoding=\"async\" class=\"size-full wp-image-269215 alignright\" src=\"https:\/\/www.radiopiu.net\/wordpress\/wp-content\/uploads\/2022\/04\/mario-de-bon.jpg\" alt=\"\" width=\"173\" height=\"132\" \/><\/a>REDAZIONE<\/strong> E&#8217; ufficiale i sindaci dei Comuni fino a 5mila abitanti potranno candidarsi per tre mandati consecutivi. La riforma potrebbe approvare a breve la stessa norma anche per i Comuni fino a 15 mila abitanti. Da qualche anno il terzo mandato era possibile solo nei municipi pi\u00f9 piccoli, quelli fino a 3 mila abitanti dove \u00e8\u00a0 sempre pi\u00f9 difficile trovare candidati disponibili ad impegnarsi. In vista delle occasioni del\u00a0 12 giugno nel Bellunese non vi sono casi di questo tipo. Nei\u00a0 Comuni fino a 5 mila abitanti (e sopra i 3 mila), a giugno si voter\u00e0 in quattro localit\u00e0 e in tutti i casi i sindaci uscenti hanno fatto un solo mandato. Tra due anni a Limana\u00a0 Milena De Zanet\u00a0 potrebbe candidarsi per il terzo mandato. Tra un anno\u00a0 toccher\u00e0 a Mario De Bon (foto) a Sospirolo, ma ha gi\u00e0 fatto sapere che a queste condizioni non ci pensa nemmeno, tanto \u00e8 difficile fare il sindaco oggi. Stesse parole usate di recente da Michele Costa che non si ripresenter\u00e0 alle elezioni di Falcade dove l&#8217;unica certezza per ora \u00e8 il candidato Mauro Salvaterra che dovr\u00e0 vedersela con il quorum, oppure dovr\u00e0 organizzarsi con la famosa lista &#8220;civetta&#8221; per evitare il commissariamento del Comune visto che il limite da superare \u00e8 di nuovo il 5% degli aventi diritti al voto.<\/p>\n<p>&nbsp;<\/p>\n<p>&nbsp;<\/p>\n<hr \/>\n<p>&nbsp;<\/p>\n<blockquote>\n<h3><a class=\"dt-pswp-item\" href=\"https:\/\/www.radiopiu.net\/wordpress\/wp-content\/uploads\/2022\/04\/th-3.jpg\" data-dt-img-description=\"\" data-large_image_width=\"122\" data-large_image_height=\"177\"><img loading=\"lazy\" decoding=\"async\" class=\" wp-image-269091 alignleft\" src=\"https:\/\/www.radiopiu.net\/wordpress\/wp-content\/uploads\/2022\/04\/th-3-122x150.jpg\" alt=\"\" width=\"107\" height=\"132\" \/><\/a>SABATO LA CONSEGNA DELLE BORSE DI STUDIO NEL RICORDO DI DARIO, FABRIZIO, MARCO E STEFANO<\/h3>\n<\/blockquote>\n<p><strong>BELLUNO<\/strong> Si terr\u00e0 sabato\u00a0 a Castion la premiazione del concorso per l\u2019assegnazione di\u00a0 due\u00a0 borse di studio intitolate alla memoria di Dario, Fabrizio, Marco e Stefano.\u00a0 Dolomiti Emergency Onlus, in collaborazione con il Suem 118 e il Soccorso Alpino Bellunese, in seguito all\u2019iniziativa ed al finanziamento di 1000 euro devoluto da Fabio Bristot \u201cRufus\u201d e Katia Tormen, autori del racconto \u201cFALCO I-REMS, ha\u00a0 bandito il concorso aggiungendo al fondo altri 1000 euro. Le borse di studio interessano laureati, studiosi, studenti, ricercatori degli Atenei italiani.\u00a0 Premio riservato a quanti abbiano conseguito\u00a0 il titolo di studio con una tesi sull\u2019argomento: &#8220;soluzione alla problematica degli ostacoli al volo per la navigazione aerea anche a bassa quota&#8221;.<\/p>\n<p>&nbsp;<\/p>\n<p>&nbsp;<\/p>\n<div class=\"cxmmr5t8 oygrvhab hcukyx3x c1et5uql o9v6fnle ii04i59q\">\n<hr \/>\n<p>&nbsp;<\/p>\n<blockquote>\n<h3>CESSATO IL PERICOLO DI VALANGHE<\/h3>\n<\/blockquote>\n<p><strong><a class=\"dt-pswp-item\" href=\"https:\/\/www.radiopiu.net\/wordpress\/wp-content\/uploads\/2022\/04\/protezione-civile.jpg\" data-dt-img-description=\"\" data-large_image_width=\"135\" data-large_image_height=\"93\"><img loading=\"lazy\" decoding=\"async\" class=\" wp-image-269110 alignleft\" src=\"https:\/\/www.radiopiu.net\/wordpress\/wp-content\/uploads\/2022\/04\/protezione-civile.jpg\" alt=\"\" width=\"116\" height=\"80\" \/><\/a>VENEZIA\u00a0<\/strong> In riferimento alla dichiarazione dello Stato di Attenzione,\u00a0 considerata la situazione nivometeorologica sul territorio regionale, come da Bollettino Neve e Valanghe, emesso dal Centro Valanghe di Arabba, il centro funzionale decentrato della Protezione Civile dichiara cessata la fase operativa di attenzione e il ritorno alla normalit\u00e0\u00a0 per il territorio antropizzato delle zone Mont-1 e Mont-2.\u00a0 Rimane attivo il servizio di reperibilit\u00e0 al Numero Verde 800 990 009 per la segnalazione di ogni eventuale situazione di<br \/>\nemergenza.<\/p>\n<p>&nbsp;<\/p>\n<hr \/>\n<p>&nbsp;<\/p>\n<blockquote>\n<h3>DOMANI\u00a0 IN LOCALITA&#8217; MERCH SARANNO FATTI BRILLARE MASSI CICLOPICI, DISPOSTA L&#8217;ORDINANZA DI SGOMBERO DELLE ABITAZIONI<\/h3>\n<\/blockquote>\n<p><strong>VOLTAGO <\/strong>Domani dalle 10 alle 15 le abitazioni a Chiral in Via Domadore saranno sgomberate per motivi di sicurezza. Una necessit\u00e0 per la ditta di Trento che dovr\u00e0 far brillare alcuni ciclopici blocchi lungo il versante Merch a monte della frazione di Frassen\u00e8, I blocchi saranno fatti esplodere, questo impone l&#8217;evacuazione delle abitazioni come predisposto dall&#8217;ordinanza del sindaco Giuseppe Schena. Sono interessate le abitazioni di via Domadore (localit\u00e0 Chiral) civici 43 A\/B, 44, 46, 48A\/B, 50, 52, 53 e 56. Sar\u00e0 altres\u00ec interdetto al traffico pedonale e veicolare l&#8217;area interessata ai lavori, ovvero il tratto di strada sillvo pastorale Frassen\u00e9-RIfugio Scarpa. Sar\u00e0 a carico e a cura della ditta il mantenimento delle condizioni di sicurezza e la tutela della pubblica incolumit\u00e0 con attivo presidio in loco<\/p>\n<a href=\"https:\/\/www.radiopiu.net\/wordpress\/wp-content\/uploads\/2022\/04\/planim.ordinanza.pdf\" class=\"pdfemb-viewer\" style=\"\" data-width=\"max\" data-height=\"max\" data-toolbar=\"top\" data-toolbar-fixed=\"on\">planim.ordinanza<\/a>\n<p>&nbsp;<\/p>\n<hr \/>\n<p>&nbsp;<\/p>\n<blockquote>\n<h3>DOPO GLI ATTI VANDALICI IL CAMPO SINTETICO DI TAIBON RIAPRE DOMENICA, PER TUTTI<\/h3>\n<\/blockquote>\n<p><strong><a class=\"dt-pswp-item\" href=\"https:\/\/www.radiopiu.net\/wordpress\/wp-content\/uploads\/2022\/04\/ANTIMO.jpg\" data-dt-img-description=\"\" data-large_image_width=\"148\" data-large_image_height=\"186\"><img loading=\"lazy\" decoding=\"async\" class=\"size-medium wp-image-269196 alignleft\" src=\"https:\/\/www.radiopiu.net\/wordpress\/wp-content\/uploads\/2022\/04\/ANTIMO.jpg\" alt=\"\" width=\"148\" height=\"186\" \/><\/a><\/strong><\/p>\n<p><strong>TAIBON<\/strong> Gli operai di Taibon stanno lavorando al campo sportivo di Taibon per\u00a0 ripristinare le reti di recinzione tagliate in maniera dolosa, fatto che ha comportato la chiusura dell&#8217;impianto. Il &#8220;bene comune&#8221; riaprir\u00e0 con l&#8217;invito ai ragazzi, genitori e nonni a vigilare e intervenire con insegnamenti se necessario perch\u00e9 quanto visto nelle scorse settimane non si ripeta. La notizia ufficializzata dal Presidente del Gruppo Sportivo Taibon, Antimo Savaris<\/p>\n<p>&nbsp;<\/p>\n<p>&nbsp;<\/p>\n<p>AUDIO<\/p>\n<audio class=\"wp-audio-shortcode\" id=\"audio-269007-4\" preload=\"none\" style=\"width: 100%;\" controls=\"controls\"><source type=\"audio\/mpeg\" src=\"https:\/\/www.radiopiu.net\/wordpress\/wp-content\/uploads\/2022\/04\/ANTIMO-SAVARIS.mp3?_=4\" \/><a href=\"https:\/\/www.radiopiu.net\/wordpress\/wp-content\/uploads\/2022\/04\/ANTIMO-SAVARIS.mp3\">https:\/\/www.radiopiu.net\/wordpress\/wp-content\/uploads\/2022\/04\/ANTIMO-SAVARIS.mp3<\/a><\/audio>\n<p>&nbsp;<\/p>\n<p>&nbsp;<\/p>\n<hr \/>\n<blockquote>\n<h3><\/h3>\n<h3>FERRERO IL PIU&#8217; RICCO TRA I 52 MILIARDARI D&#8217;ITALIA, LEONARDO DEL VECCHIO AL SECONDO POSTO<\/h3>\n<\/blockquote>\n<p><b><img loading=\"lazy\" decoding=\"async\" class=\"alignleft\" src=\"https:\/\/www.radiopiu.net\/wordpress\/wp-content\/uploads\/2021\/10\/delvecchio-156498.jpg\" width=\"309\" height=\"162\" \/>AGORDO\u00a0 <\/b><em>Forbes.it<\/em>\u00a0calcola il patrimonio di Ferrero, il cui gruppo ha fatturato 14 miliardi di dollari nel 2021, in 36,2 miliardi: 1,1 in pi\u00f9 rispetto a un anno fa e 2,9 in pi\u00f9 di fine 2021. Nella classifica degli europei pi\u00f9 ricchi, dominata da Bernard Arnault, Ferrero ha invece perso due posizioni: dal settimo posto dell\u2019aprile 2021 all\u2019attuale nono. Il suo vantaggio sul secondo italiano in classifica,\u00a0Leonardo Del Vecchio, \u00e8 diminuito in un anno da 10 a 8,9 miliardi. La fortuna del presidente di EssilorLuxottica, la 52esima al mondo, \u00e8 passata infatti da 25,1 a 27,3 miliardi. Il divario si era per\u00f2 azzerato sul finire del 2021, quando Del Vecchio era stato anche\u00a0<a href=\"https:\/\/forbes.it\/2021\/11\/19\/leonardo-del-vecchio-supera-giovanni-ferrero-ricco-italia\/\" target=\"_blank\" rel=\"noopener\">la persona pi\u00f9 ricca<\/a> d\u2019Italia per alcuni giorni. Sale sul podio, con un patrimonio di 7,8 miliardi di dollari, anche\u00a0<strong>Giorgio Armani<\/strong>, che recupera due posizioni rispetto a un anno fa e tre rispetto a dicembre. Armani precede\u00a0<strong>Silvio Berlusconi<\/strong>\u00a0(7,1 miliardi), a sua volta in risalita rispetto ad aprile 2021 (era sesto) e a alla fine dell\u2019anno scorso (quinto).<\/p>\n<p>&nbsp;<\/p>\n<\/div>\n<hr \/>\n<p>&nbsp;<\/p>\n<blockquote class=\"wp-embedded-content\" data-secret=\"3VqyIgfSiM\"><p><a href=\"https:\/\/www.radiopiu.net\/wordpress\/aggnazionaleaprile06\/\">CORONAVIRUS: AGGIORNAMENTO NAZIONALE  06 APRILE 2022<\/a><\/p><\/blockquote>\n<p><iframe loading=\"lazy\" class=\"wp-embedded-content\" sandbox=\"allow-scripts\" security=\"restricted\" style=\"position: absolute; clip: rect(1px, 1px, 1px, 1px);\" title=\"&#8220;CORONAVIRUS: AGGIORNAMENTO NAZIONALE  06 APRILE 2022&#8221; &#8212; Radio Pi\u00f9\" src=\"https:\/\/www.radiopiu.net\/wordpress\/aggnazionaleaprile06\/embed\/#?secret=xGeWjeu0bT#?secret=3VqyIgfSiM\" data-secret=\"3VqyIgfSiM\" width=\"600\" height=\"338\" frameborder=\"0\" marginwidth=\"0\" marginheight=\"0\" scrolling=\"no\"><\/iframe><\/p>\n<p>&nbsp;<\/p>\n<blockquote class=\"wp-embedded-content\" data-secret=\"GGv6NlsdBd\"><p><a href=\"https:\/\/www.radiopiu.net\/wordpress\/aggazzeroaprilea06\/\">I RICOVERI CONTINUANO AD AUMENTARE, MA NON LE TERAPIE INTENSIVE SOTTO QUOTA 50 PAZIENTI<\/a><\/p><\/blockquote>\n<p><iframe loading=\"lazy\" class=\"wp-embedded-content\" sandbox=\"allow-scripts\" security=\"restricted\" style=\"position: absolute; clip: rect(1px, 1px, 1px, 1px);\" title=\"&#8220;I RICOVERI CONTINUANO AD AUMENTARE, MA NON LE TERAPIE INTENSIVE SOTTO QUOTA 50 PAZIENTI&#8221; &#8212; Radio Pi\u00f9\" src=\"https:\/\/www.radiopiu.net\/wordpress\/aggazzeroaprilea06\/embed\/#?secret=Wujyjl2VOt#?secret=GGv6NlsdBd\" data-secret=\"GGv6NlsdBd\" width=\"600\" height=\"338\" frameborder=\"0\" marginwidth=\"0\" marginheight=\"0\" scrolling=\"no\"><\/iframe><\/p>\n<h2 dir=\"auto\">I GRAFICI DI TIZIANO DE COL<\/h2>\n\n\t\t\t<style type='text\/css'>\n\t\t\t\t#gallery-2 {\n\t\t\t\t\tmargin: auto;\n\t\t\t\t}\n\t\t\t\t#gallery-2 .gallery-item {\n\t\t\t\t\tfloat: left;\n\t\t\t\t\tmargin-top: 10px;\n\t\t\t\t\ttext-align: center;\n\t\t\t\t\twidth: 16%;\n\t\t\t\t}\n\t\t\t\t#gallery-2 img {\n\t\t\t\t\tborder: 2px solid #cfcfcf;\n\t\t\t\t}\n\t\t\t\t#gallery-2 .gallery-caption {\n\t\t\t\t\tmargin-left: 0;\n\t\t\t\t}\n\t\t\t\t\/* see gallery_shortcode() in wp-includes\/media.php *\/\n\t\t\t<\/style>\n\t\t<div id='gallery-2' class='dt-gallery-container gallery galleryid-269007 gallery-columns-6 gallery-size-thumbnail'><dl class='gallery-item'>\n\t\t\t\t<dt class='gallery-icon landscape'>\n\t\t\t\t\t<a class=\"rollover rollover-zoom dt-pswp-item\" title=\"74aec036-2f06-4e15-8377-d095fe197cb4\" data-dt-img-description=\"\" data-large_image_width=\"592\" data-large_image_height=\"368\"href='https:\/\/www.radiopiu.net\/wordpress\/wp-content\/uploads\/2022\/04\/74aec036-2f06-4e15-8377-d095fe197cb4.jpg'><img loading=\"lazy\" decoding=\"async\" width=\"150\" height=\"150\" src=\"https:\/\/www.radiopiu.net\/wordpress\/wp-content\/uploads\/2022\/04\/74aec036-2f06-4e15-8377-d095fe197cb4-150x150.jpg\" class=\"attachment-thumbnail size-thumbnail\" alt=\"\" \/><\/a>\n\t\t\t\t<\/dt><\/dl><dl class='gallery-item'>\n\t\t\t\t<dt class='gallery-icon landscape'>\n\t\t\t\t\t<a class=\"rollover rollover-zoom dt-pswp-item\" title=\"4c4d92fc-8f62-4b26-9e46-c6ead34d2ec0\" data-dt-img-description=\"\" data-large_image_width=\"605\" data-large_image_height=\"359\"href='https:\/\/www.radiopiu.net\/wordpress\/wp-content\/uploads\/2022\/04\/4c4d92fc-8f62-4b26-9e46-c6ead34d2ec0.jpg'><img loading=\"lazy\" decoding=\"async\" width=\"150\" height=\"150\" src=\"https:\/\/www.radiopiu.net\/wordpress\/wp-content\/uploads\/2022\/04\/4c4d92fc-8f62-4b26-9e46-c6ead34d2ec0-150x150.jpg\" class=\"attachment-thumbnail size-thumbnail\" alt=\"\" \/><\/a>\n\t\t\t\t<\/dt><\/dl><dl class='gallery-item'>\n\t\t\t\t<dt class='gallery-icon landscape'>\n\t\t\t\t\t<a class=\"rollover rollover-zoom dt-pswp-item\" title=\"eafc7020-bae8-4118-9030-23bf355b1085\" data-dt-img-description=\"\" data-large_image_width=\"618\" data-large_image_height=\"377\"href='https:\/\/www.radiopiu.net\/wordpress\/wp-content\/uploads\/2022\/04\/eafc7020-bae8-4118-9030-23bf355b1085.jpg'><img loading=\"lazy\" decoding=\"async\" width=\"150\" height=\"150\" src=\"https:\/\/www.radiopiu.net\/wordpress\/wp-content\/uploads\/2022\/04\/eafc7020-bae8-4118-9030-23bf355b1085-150x150.jpg\" class=\"attachment-thumbnail size-thumbnail\" alt=\"\" \/><\/a>\n\t\t\t\t<\/dt><\/dl><dl class='gallery-item'>\n\t\t\t\t<dt class='gallery-icon landscape'>\n\t\t\t\t\t<a class=\"rollover rollover-zoom dt-pswp-item\" title=\"a10d3962-c379-4aaf-8c43-413c94c6c2e3\" data-dt-img-description=\"\" data-large_image_width=\"606\" data-large_image_height=\"356\"href='https:\/\/www.radiopiu.net\/wordpress\/wp-content\/uploads\/2022\/04\/a10d3962-c379-4aaf-8c43-413c94c6c2e3.jpg'><img loading=\"lazy\" decoding=\"async\" width=\"150\" height=\"150\" src=\"https:\/\/www.radiopiu.net\/wordpress\/wp-content\/uploads\/2022\/04\/a10d3962-c379-4aaf-8c43-413c94c6c2e3-150x150.jpg\" class=\"attachment-thumbnail size-thumbnail\" alt=\"\" \/><\/a>\n\t\t\t\t<\/dt><\/dl><dl class='gallery-item'>\n\t\t\t\t<dt class='gallery-icon landscape'>\n\t\t\t\t\t<a class=\"rollover rollover-zoom dt-pswp-item\" title=\"30a8c066-1103-4b2e-9fb7-6046b3146e06\" data-dt-img-description=\"\" data-large_image_width=\"610\" data-large_image_height=\"369\"href='https:\/\/www.radiopiu.net\/wordpress\/wp-content\/uploads\/2022\/04\/30a8c066-1103-4b2e-9fb7-6046b3146e06.jpg'><img loading=\"lazy\" decoding=\"async\" width=\"150\" height=\"150\" src=\"https:\/\/www.radiopiu.net\/wordpress\/wp-content\/uploads\/2022\/04\/30a8c066-1103-4b2e-9fb7-6046b3146e06-150x150.jpg\" class=\"attachment-thumbnail size-thumbnail\" alt=\"\" \/><\/a>\n\t\t\t\t<\/dt><\/dl><dl class='gallery-item'>\n\t\t\t\t<dt class='gallery-icon landscape'>\n\t\t\t\t\t<a class=\"rollover rollover-zoom dt-pswp-item\" title=\"d6a16142-204f-4a7f-ab13-274b6ea25d7c\" data-dt-img-description=\"\" data-large_image_width=\"614\" data-large_image_height=\"366\"href='https:\/\/www.radiopiu.net\/wordpress\/wp-content\/uploads\/2022\/04\/d6a16142-204f-4a7f-ab13-274b6ea25d7c.jpg'><img loading=\"lazy\" decoding=\"async\" width=\"150\" height=\"150\" src=\"https:\/\/www.radiopiu.net\/wordpress\/wp-content\/uploads\/2022\/04\/d6a16142-204f-4a7f-ab13-274b6ea25d7c-150x150.jpg\" class=\"attachment-thumbnail size-thumbnail\" alt=\"\" \/><\/a>\n\t\t\t\t<\/dt><\/dl><br style=\"clear: both\" \/>\n\t\t\t<\/div>\n\n<p>&nbsp;<\/p>\n<hr \/>\n<p>&nbsp;<\/p>\n<blockquote>\n<h3>EMERGENZA UCRAINA IN VENETO, AGGIORNAMENTO<\/h3>\n<p><em>L\u2019importo complessivo delle donazioni versato sul conto corrente regionale dedicato ha raggiunto quota euro 687.146,65 da 3.054 donatori<\/em><\/p><\/blockquote>\n<p><strong><a class=\"dt-pswp-item\" href=\"https:\/\/www.radiopiu.net\/wordpress\/wp-content\/uploads\/2022\/03\/UCRAINA-PUGNO.jpg\" data-dt-img-description=\"\" data-large_image_width=\"1920\" data-large_image_height=\"1276\"><img loading=\"lazy\" decoding=\"async\" class=\" wp-image-264404 alignleft\" src=\"https:\/\/www.radiopiu.net\/wordpress\/wp-content\/uploads\/2022\/03\/UCRAINA-PUGNO-150x150.jpg\" alt=\"\" width=\"106\" height=\"106\" \/><\/a>VENEZIA<\/strong> Il numero degli arrivi registrato in Veneto dalle Prefetture \u00e8 pari a 11.459 profughi provenienti dall\u2019Ucraina dei quali 234 minori non accompagnati. Le Tessere Sanitarie Temporanee rilasciate sono 11.379, in provincia di Belluno 1.008. I tamponi effettuati complessivamente sono stati 21.207 (+255) con un tasso di positivit\u00e0 al 3,5%.\u00a0 Le vaccinazioni effettuate sono complessivamente 3.681. I profughi ospitati negli hub di prima accoglienza della Regione del Veneto sono complessivamente 218. Per quanto riguarda la disponibilit\u00e0 a offrire ospitalit\u00e0 a chi fugge dal conflitto in Ucraina, le persone che hanno compilato il form della Regione del Veneto per la disponibilit\u00e0 ad offrire alloggio sono 5.306 per un\u2019offerta complessiva di 12.406 posti letto.<\/p>\n<p>&nbsp;<\/p>\n<hr \/>\n<p>&nbsp;<\/p>\n<blockquote>\n<h3>ACCOGLIENZA UCRAINI, DOPO L&#8217;APPELLO DI ADDAMIANO SI RIUNISCE LA TERZA COMMISSIONE<\/h3>\n<\/blockquote>\n<p><strong><a href=\"https:\/\/www.radiopiu.net\/wordpress\/wp-content\/uploads\/2022\/04\/hands-7064414_960_720.webp\"><img loading=\"lazy\" decoding=\"async\" class=\"size-thumbnail wp-image-269114 alignleft\" src=\"https:\/\/www.radiopiu.net\/wordpress\/wp-content\/uploads\/2022\/04\/hands-7064414_960_720-150x150.webp\" alt=\"\" width=\"150\" height=\"150\" \/><\/a>BELLUNO<\/strong> Sono 400 i profughi ucraini in citt\u00e0, la gran parte (460) accolti in famiglia, gli altri nella ex caserma dei vigili del fuoco, tra questi una donna incinta a 16 bambini. Lo ha comunicato il sindaco ed assessore competente in occasione del tavolo della Terza Commissione consigliare permanente convocato dopo la richiesta dello scorso 16 marzo del consigliere Raffaele Addamiano. In discussione due problemi importanti, l&#8217;inserimento nel mondo del lavoro (2 i profughi attualmente impiegati alla Sersa come infermieri) e il problema della lingua primo fattore di integrazione<em> &#8220;Per questo &#8211; ha detto Addamiano &#8211;\u00a0 ho sollecitato l&#8217;istituzione di corsi di lingua italiana a seconda delle diverse et\u00e0&#8221;.\u00a0<\/em>Altra importante tematica la convenzione Prefettura-Comune non ancora sottoscritta.<\/p>\n<p><strong>IL CONSIGLIERE ADDAMIANO<\/strong><\/p>\n<audio class=\"wp-audio-shortcode\" id=\"audio-269007-5\" preload=\"none\" style=\"width: 100%;\" controls=\"controls\"><source type=\"audio\/mpeg\" src=\"https:\/\/www.radiopiu.net\/wordpress\/wp-content\/uploads\/2022\/04\/addamiano.mp3?_=5\" \/><a href=\"https:\/\/www.radiopiu.net\/wordpress\/wp-content\/uploads\/2022\/04\/addamiano.mp3\">https:\/\/www.radiopiu.net\/wordpress\/wp-content\/uploads\/2022\/04\/addamiano.mp3<\/a><\/audio>\n<p>&nbsp;<\/p>\n<hr \/>\n<p>\u200b<\/p>\n<h3>\u00a0LA CULTURA CHE MANCA SULLE STRADE<\/h3>\n<blockquote>\n<p style=\"margin: 0px; text-align: justify; font-style: normal; font-variant-caps: normal; font-weight: normal; font-stretch: normal; font-size: 14px; line-height: normal; font-family: Helvetica; color: #1a1a1a;\"><em>&#8220;De Menech: \u00abL\u2019ennesima vittima in bicicletta faccia riflettere, <span style=\"font-size: 10pt;\">sensibilizzare l\u2019opinione pubblica e le istituzioni ad affrontare il tema non solo quando la cronaca nera ci mette di fronte alla tragedia di cinque figli che perdono un genitore&#8221;.<\/span><\/em><\/p>\n<p style=\"margin: 0px; text-align: justify; font-style: normal; font-variant-caps: normal; font-weight: normal; font-stretch: normal; font-size: 10px; line-height: normal; font-family: Helvetica; color: #000000;\">\n<\/blockquote>\n<p><strong> <img loading=\"lazy\" decoding=\"async\" class=\"alignleft\" src=\"https:\/\/www.radiopiu.net\/wordpress\/wp-content\/uploads\/2022\/03\/ROGER.jpg\" width=\"239\" height=\"179\" \/>ROMA <\/strong>L\u2019ultimo incidente mortale, venerd\u00ec mattina, \u00e8 costato la vita a Serigne Balla Gaye, padre di cinque figli. Mentre andava al lavoro in bicicletta alle 7 del mattino \u00e8 stato investito da un\u2019auto tra Sedico e il Ponte di San Felice. A gennaio un altro lavoratore, Alberto De Villa, aveva perso la vita in un incidente analogo a Sedico. Il Deputato Roger De Menech sottolinea come si stiano investendo molte risorse per le infrastrutture, in Italia, nel Veneto e nel Bellunese. Fondi per rifare strade, costruire varianti, mettere in sicurezza tratti di viabilit\u00e0, opere necessarie e attese da tempo, cos\u00ec come il piano nazionale per la ciclabili che anche nella nostra provincia si sta faticosamente realizzando. Forse \u00e8 giunto il momento di spendere tempo e finanziamenti per diffondere una cultura della mobilit\u00e0 orientata alla condivisione della strada. Il Deputato ha chiesto alla Provincia di Belluno di promuovere\u00a0 un piano di comunicazione e una campagna rivolta a tutti, agli automobilisti, ai ciclisti e a i pedoni che abbia come punto focale il rispetto.<\/p>\n<p><strong>IL DEPUTATO ROGER DE MENECH\u00a0<\/strong><\/p>\n<div style=\"width: 848px;\" class=\"wp-video\"><video class=\"wp-video-shortcode\" id=\"video-269007-1\" width=\"848\" height=\"480\" preload=\"metadata\" controls=\"controls\"><source type=\"video\/mp4\" src=\"https:\/\/www.radiopiu.net\/wordpress\/wp-content\/uploads\/2022\/04\/WhatsApp-Video-2022-04-06-at-12.15.02.mp4?_=1\" \/><a href=\"https:\/\/www.radiopiu.net\/wordpress\/wp-content\/uploads\/2022\/04\/WhatsApp-Video-2022-04-06-at-12.15.02.mp4\">https:\/\/www.radiopiu.net\/wordpress\/wp-content\/uploads\/2022\/04\/WhatsApp-Video-2022-04-06-at-12.15.02.mp4<\/a><\/video><\/div>\n<p>&nbsp;<\/p>\n<hr \/>\n<p>&nbsp;<\/p>\n<blockquote>\n<h3>ENERGIE RINNOVABILI, PER BADOLE BISOGNA INCREMENTARE LA PRODUZIONE DI BIOMETANO<\/h3>\n<\/blockquote>\n<p><strong>ROMA<\/strong> Per la crisi energetica, incrementare la produzione di biometano attraverso l\u2019utilizzo dei soa di terza categoria: \u00e8 il deputato bellunese della Lega Mirco Badole il primo firmatario dell\u2019emendamento al decreto Energia depositato nei giorni scorsi e poi sottoscritto dal gruppo parlamentare della Lega.<\/p>\n<p><strong>IL DEPUTATO DELLA LEGA MIRCO BADOLE<\/strong><\/p>\n<audio class=\"wp-audio-shortcode\" id=\"audio-269007-6\" preload=\"none\" style=\"width: 100%;\" controls=\"controls\"><source type=\"audio\/mpeg\" src=\"https:\/\/www.radiopiu.net\/wordpress\/wp-content\/uploads\/2022\/04\/BADOLE-BIOMETANO.mp3?_=6\" \/><a href=\"https:\/\/www.radiopiu.net\/wordpress\/wp-content\/uploads\/2022\/04\/BADOLE-BIOMETANO.mp3\">https:\/\/www.radiopiu.net\/wordpress\/wp-content\/uploads\/2022\/04\/BADOLE-BIOMETANO.mp3<\/a><\/audio>\n<p>&nbsp;<\/p>\n<hr \/>\n<p>&nbsp;<\/p>\n<blockquote>\n<h3>IL CIRCOLO AUSER &#8220;EL BROI&#8221; RIMANE UNA CERTEZZA, LO AFFERMA IL PRESIDENTE PIETRO URPI NELL&#8217;ASSEMBLEA ANNUALE<\/h3>\n<\/blockquote>\n<p><strong>AGORDO<\/strong><\/p>\n<p>di Gianni Santomaso<\/p>\n<audio class=\"wp-audio-shortcode\" id=\"audio-269007-7\" preload=\"none\" style=\"width: 100%;\" controls=\"controls\"><source type=\"audio\/mpeg\" src=\"https:\/\/www.radiopiu.net\/wordpress\/wp-content\/uploads\/2022\/04\/GIANNI-ASSEMBLEA-AUSER.mp3?_=7\" \/><a href=\"https:\/\/www.radiopiu.net\/wordpress\/wp-content\/uploads\/2022\/04\/GIANNI-ASSEMBLEA-AUSER.mp3\">https:\/\/www.radiopiu.net\/wordpress\/wp-content\/uploads\/2022\/04\/GIANNI-ASSEMBLEA-AUSER.mp3<\/a><\/audio>\n<p>&nbsp;<\/p>\n\n\t\t\t<style type='text\/css'>\n\t\t\t\t#gallery-3 {\n\t\t\t\t\tmargin: auto;\n\t\t\t\t}\n\t\t\t\t#gallery-3 .gallery-item {\n\t\t\t\t\tfloat: left;\n\t\t\t\t\tmargin-top: 10px;\n\t\t\t\t\ttext-align: center;\n\t\t\t\t\twidth: 50%;\n\t\t\t\t}\n\t\t\t\t#gallery-3 img {\n\t\t\t\t\tborder: 2px solid #cfcfcf;\n\t\t\t\t}\n\t\t\t\t#gallery-3 .gallery-caption {\n\t\t\t\t\tmargin-left: 0;\n\t\t\t\t}\n\t\t\t\t\/* see gallery_shortcode() in wp-includes\/media.php *\/\n\t\t\t<\/style>\n\t\t<div id='gallery-3' class='dt-gallery-container gallery galleryid-269007 gallery-columns-2 gallery-size-thumbnail'><dl class='gallery-item'>\n\t\t\t\t<dt class='gallery-icon landscape'>\n\t\t\t\t\t<a class=\"rollover rollover-zoom dt-pswp-item\" title=\"0\" data-dt-img-description=\"\" data-large_image_width=\"1476\" data-large_image_height=\"791\"href='https:\/\/www.radiopiu.net\/wordpress\/wp-content\/uploads\/2022\/04\/0.jpg'><img loading=\"lazy\" decoding=\"async\" width=\"150\" height=\"150\" src=\"https:\/\/www.radiopiu.net\/wordpress\/wp-content\/uploads\/2022\/04\/0-150x150.jpg\" class=\"attachment-thumbnail size-thumbnail\" alt=\"\" \/><\/a>\n\t\t\t\t<\/dt><\/dl><dl class='gallery-item'>\n\t\t\t\t<dt class='gallery-icon landscape'>\n\t\t\t\t\t<a class=\"rollover rollover-zoom dt-pswp-item\" title=\"0-1\" data-dt-img-description=\"\" data-large_image_width=\"1476\" data-large_image_height=\"984\"href='https:\/\/www.radiopiu.net\/wordpress\/wp-content\/uploads\/2022\/04\/0-1.jpg'><img loading=\"lazy\" decoding=\"async\" width=\"150\" height=\"150\" src=\"https:\/\/www.radiopiu.net\/wordpress\/wp-content\/uploads\/2022\/04\/0-1-150x150.jpg\" class=\"attachment-thumbnail size-thumbnail\" alt=\"\" \/><\/a>\n\t\t\t\t<\/dt><\/dl><br style=\"clear: both\" \/>\n\t\t\t<\/div>\n\n<p>&nbsp;<\/p>\n<p><strong>L&#8217;INTERVISTA ALLA RADIO\u00a0<\/strong><\/p>\n<audio class=\"wp-audio-shortcode\" id=\"audio-269007-8\" preload=\"none\" style=\"width: 100%;\" controls=\"controls\"><source type=\"audio\/mpeg\" src=\"https:\/\/www.radiopiu.net\/wordpress\/wp-content\/uploads\/2022\/04\/pietro-urpi-2022.mp3?_=8\" \/><a href=\"https:\/\/www.radiopiu.net\/wordpress\/wp-content\/uploads\/2022\/04\/pietro-urpi-2022.mp3\">https:\/\/www.radiopiu.net\/wordpress\/wp-content\/uploads\/2022\/04\/pietro-urpi-2022.mp3<\/a><\/audio>\n<p>&nbsp;<\/p>\n<hr \/>\n<p>&nbsp;<\/p>\n<blockquote>\n<h3><strong>IL LAVORO IN AGRICOLTURA: NEGLI ANNI DI PANDEMIA MANTENUTI I LIVELLI OCCUPAZIONALI<\/strong><\/h3>\n<\/blockquote>\n<p><strong><a class=\"dt-pswp-item\" href=\"https:\/\/www.radiopiu.net\/wordpress\/wp-content\/uploads\/2022\/04\/VENETO-LAVORO.jpg\" data-dt-img-description=\"\" data-large_image_width=\"246\" data-large_image_height=\"133\"><img loading=\"lazy\" decoding=\"async\" class=\"wp-image-269109 alignleft\" src=\"https:\/\/www.radiopiu.net\/wordpress\/wp-content\/uploads\/2022\/04\/VENETO-LAVORO.jpg\" alt=\"\" width=\"174\" height=\"94\" \/><\/a>VENEZIA<\/strong> Negli ultimi dieci anni l\u2019occupazione in agricoltura ha registrato una crescita costante, frenata soltanto dall\u2019insorgere della pandemia da Covid-19, che non ha tuttavia comportato una brusca caduta dei livelli occupazionali. La quota di lavoro irregolare rimane per\u00f2 superiore a quella registrata in altri settori. Il settore agricolo ha vissuto negli ultimi anni in Veneto una costante crescita del numero di occupati, posizioni lavorative e ore lavorate, che solo nell\u2019ultimo anno di pandemia, a causa del rallentamento dell\u2019attivit\u00e0 produttiva in alcuni ambiti, ha registrato una parziale frenata. Il numero degli occupati \u00e8 infatti passato dai 65 mila del 2010 ai 73 mila del 2020, con una larga quota di lavoratori indipendenti. Anche la domanda di lavoro dipendente ha evidenziato un trend di progressiva crescita, passando dalle circa 49.500 assunzioni del 2010 alle 80.500 del 2020, salvo poi ridimensionarsi nel 2021 a quota 73 mila. Si tratta quasi esclusivamente di contratti a tempo determinato (98%) e in larga parte di rapporti di lavoro stagionali (circa 65%), come lecito attendersi considerata la ciclicit\u00e0 produttiva del settore, con picchi di assunzione concentrati nei mesi di gennaio, agosto e settembre.<\/p>\n<p>&nbsp;<\/p>\n<hr \/>\n<p>&nbsp;<\/p>\n<blockquote>\n<h3>ATTIVIT\u00c0 FISICA: 86% DEI BELLUNESI \u00c8 ATTIVO<\/h3>\n<\/blockquote>\n<p><strong><a class=\"dt-pswp-item\" href=\"https:\/\/www.radiopiu.net\/wordpress\/wp-content\/uploads\/2022\/04\/running.jpg\" data-dt-img-description=\"\" data-large_image_width=\"1920\" data-large_image_height=\"1280\"><img loading=\"lazy\" decoding=\"async\" class=\"size-thumbnail wp-image-269150 alignleft\" src=\"https:\/\/www.radiopiu.net\/wordpress\/wp-content\/uploads\/2022\/04\/running-150x150.jpg\" alt=\"\" width=\"150\" height=\"150\" \/><\/a>BELLUNO <\/strong>Ieri la giornata mondiale dell\u2019attivit\u00e0 fisica per sensibilizzare i cittadini di tutte le et\u00e0 sull\u2019importanza di adottare uno stile di vita attivo e la pratica di regolare attivit\u00e0 fisica. I cittadini in Ulss 1 Dolomiti sembrano praticare pi\u00f9 attivit\u00e0 fisica rispetto alla media nazionale: secondo i dati raccolti nell\u2019ambito del Progetto Passi, ben il 47% della popolazione risulta parzialmente attivo e il 39% attivo, mentre solo un 14% risulta sedentario. La percentuale di sedentariet\u00e0, infatti, sembra essere in diminuzione nel corso degli anni. L\u2019attivit\u00e0 fisica \u00e8 importante per la salute psicofisica e migliora il benessere complessivo. Uno stile di vita attivo contribuisce, infatti, a contrastare il rischio di insorgenza di malattie croniche e migliora l\u2019umore. Si consideri, ad esempio, che tra le persone sedentarie, il 21% dichiara di essere iperteso, un altro 21% di essere in sovrappeso e il 26% di avere sintomi di depressione. Anche il fumo risulta essere un fattore di rischio correlato alla sedentariet\u00e0: il 18% delle persone sedentarie dichiara, infatti, di essere fumatore. L\u2019ulss Dolomiti \u00e8 impegnata nel promuovere l\u2019attivit\u00e0 fisica fin dalla tenera et\u00e0 con i progetti Pedibus e \u201cCorro Lontano perch\u00e9 mangio sano\u201d e con la promozione delle Palestre della salute per favorire il movimento a tutte le et\u00e0.<\/p>\n<p>&nbsp;<\/p>\n<p>&nbsp;<\/p>\n<hr \/>\n<p>&nbsp;<\/p>\n<blockquote>\n<h3><a class=\"dt-pswp-item\" href=\"https:\/\/www.radiopiu.net\/wordpress\/wp-content\/uploads\/2022\/04\/Ottici-Pieve-di-Cadore_2.jpg\" data-dt-img-description=\"\" data-large_image_width=\"1024\" data-large_image_height=\"768\"><img loading=\"lazy\" decoding=\"async\" class=\"wp-image-269111 alignleft\" src=\"https:\/\/www.radiopiu.net\/wordpress\/wp-content\/uploads\/2022\/04\/Ottici-Pieve-di-Cadore_2-300x225.jpg\" alt=\"\" width=\"189\" height=\"142\" srcset=\"https:\/\/www.radiopiu.net\/wordpress\/wp-content\/uploads\/2022\/04\/Ottici-Pieve-di-Cadore_2-300x225.jpg 300w, https:\/\/www.radiopiu.net\/wordpress\/wp-content\/uploads\/2022\/04\/Ottici-Pieve-di-Cadore_2-768x576.jpg 768w, https:\/\/www.radiopiu.net\/wordpress\/wp-content\/uploads\/2022\/04\/Ottici-Pieve-di-Cadore_2.jpg 1024w\" sizes=\"auto, (max-width: 189px) 100vw, 189px\" \/><\/a>PROVINCIA IN SOPRALLUOGO NEGLI ISTITUTI DEL CENTRO CADORE<\/h3>\n<\/blockquote>\n<p><strong>BELLUNO<\/strong> La Provincia con la consigliera provinciale delegata all\u2019edilizia scolastica Lucia Da Rold,\u00a0 ha\u00a0 iniziato il tour negli istituti superiori di competenza della Provincia, insieme ai tecnici di Palazzo Piloni. Ieri tappa all\u2019Istituto Enrico Fermi,\u00a0 nelle scuole di Santo Stefano di Cadore, con l\u2019Ipsia Mobile-Arredamento e l\u2019Istituto tecnico-economico. Poi la visita ha fatto tappa a Pieve, per la scuola degli ottici e la sede centrale dell\u2019Istituto Fermi. Nelle prossime settimane i sopralluoghi passeranno a Feltre e nell\u2019Agordino, per poi concludersi a Cortina-San Vito e negli istituti cittadini del capoluogo.<\/p>\n<p><strong>LA CONSIGLIERA PROVINCIALE LUCIA DA ROLD<\/strong><\/p>\n<audio class=\"wp-audio-shortcode\" id=\"audio-269007-9\" preload=\"none\" style=\"width: 100%;\" controls=\"controls\"><source type=\"audio\/mpeg\" src=\"https:\/\/www.radiopiu.net\/wordpress\/wp-content\/uploads\/2022\/04\/lucia-da-rold-scuole-provincia.mp3?_=9\" \/><a href=\"https:\/\/www.radiopiu.net\/wordpress\/wp-content\/uploads\/2022\/04\/lucia-da-rold-scuole-provincia.mp3\">https:\/\/www.radiopiu.net\/wordpress\/wp-content\/uploads\/2022\/04\/lucia-da-rold-scuole-provincia.mp3<\/a><\/audio>\n<p>&nbsp;<\/p>\n<hr \/>\n<blockquote>\n<h3><\/h3>\n<h3>ASPIAG SERVICE E LA QUESTURA DI BELLUNO INSIEME CONTRO LE TRUFFE<\/h3>\n<\/blockquote>\n<p><a class=\"dt-pswp-item\" href=\"https:\/\/www.radiopiu.net\/wordpress\/wp-content\/uploads\/2022\/04\/Al-centro-da-SX_G.-Maggese-Questore-di-Belluno_G.Taliana-Direttore-Regio...-1.jpeg\" data-dt-img-description=\"\" data-large_image_width=\"1600\" data-large_image_height=\"1200\"><img loading=\"lazy\" decoding=\"async\" class=\"alignleft wp-image-269097 \" src=\"https:\/\/www.radiopiu.net\/wordpress\/wp-content\/uploads\/2022\/04\/Al-centro-da-SX_G.-Maggese-Questore-di-Belluno_G.Taliana-Direttore-Regio...-1-300x225.jpeg\" alt=\"\" width=\"185\" height=\"139\" srcset=\"https:\/\/www.radiopiu.net\/wordpress\/wp-content\/uploads\/2022\/04\/Al-centro-da-SX_G.-Maggese-Questore-di-Belluno_G.Taliana-Direttore-Regio...-1-300x225.jpeg 300w, https:\/\/www.radiopiu.net\/wordpress\/wp-content\/uploads\/2022\/04\/Al-centro-da-SX_G.-Maggese-Questore-di-Belluno_G.Taliana-Direttore-Regio...-1-1024x768.jpeg 1024w, https:\/\/www.radiopiu.net\/wordpress\/wp-content\/uploads\/2022\/04\/Al-centro-da-SX_G.-Maggese-Questore-di-Belluno_G.Taliana-Direttore-Regio...-1-768x576.jpeg 768w, https:\/\/www.radiopiu.net\/wordpress\/wp-content\/uploads\/2022\/04\/Al-centro-da-SX_G.-Maggese-Questore-di-Belluno_G.Taliana-Direttore-Regio...-1-1536x1152.jpeg 1536w, https:\/\/www.radiopiu.net\/wordpress\/wp-content\/uploads\/2022\/04\/Al-centro-da-SX_G.-Maggese-Questore-di-Belluno_G.Taliana-Direttore-Regio...-1.jpeg 1600w\" sizes=\"auto, (max-width: 185px) 100vw, 185px\" \/><\/a><strong>BELLUNO\u00a0<\/strong> Presentata la nuova campagna \u201cTRUFFE Impariamo a riconoscere il problema per agire in sicurezza\u201d promossa dalla Aspiag Service\u00a0 in collaborazione con la Polizia di Stato con particolare attenzione alle fasce pi\u00f9 vulnerabili. Online, al telefono o di persona: con l\u2019aumento dei canali a disposizione crescono anche gli episodi di truffa ai danni dei cittadini e in particolare degli anziani. A partire dal 12 aprile i punti vendita\u00a0 saranno i luoghi dove sar\u00e0 diffusa la campagna attraverso opuscoli informativi che hanno il compito di creare consapevolezza, fornire indicazioni pratiche e ricordare i numeri utili a cui rivolgersi per denunciare una truffa. Nel volantino trova inoltre spazio la promozione di YouPol, l\u2019APP della Polizia di Stato, che permette alle vittime di fare segnalazioni, anche in forma anonima, e ricevere indicazioni per gestire la situazione e procedere in sicurezza. Giuseppe Maggese, Questore di Belluno, ha dichiarato: <em>&#8220;La proficua collaborazione consentir\u00e0, ancora una volta, di rafforzare il dialogo con i cittadini, fornendo loro indicazioni utili per non essere vittime di questo fenomeno cos\u00ec odioso, e di essere informati sui contatti a cui chiedere eventualmente aiuto in caso di necessit\u00e0. La presenza degli operatori di polizia all\u2019interno dei punti vendita, nell\u2019ambito di giornate appositamente dedicate, consentir\u00e0 quindi alla cittadinanza di avere di persona informazioni e consigli per difendersi dalle truffe e dai raggiri\u201c.<\/em><\/p>\n<p>&nbsp;<\/p>\n<p>&nbsp;<\/p>\n<hr \/>\n<p>&nbsp;<\/p>\n<blockquote>\n<h3><strong>OK SENATO A 26 GENNAIO GIORNATA DEGLI ALPINI. SARA\u2019 UNA GRANDE FESTA DI GRATITUDINE\u00a0<\/strong><\/h3>\n<\/blockquote>\n<p><strong><a class=\"dt-pswp-item\" href=\"https:\/\/www.radiopiu.net\/wordpress\/wp-content\/uploads\/2022\/01\/messa-ricordo-alpini-morti-in-russia-gennaio-1943.jpg\" data-dt-img-description=\"\" data-large_image_width=\"768\" data-large_image_height=\"1024\"><img loading=\"lazy\" decoding=\"async\" class=\" wp-image-256879 alignleft\" src=\"https:\/\/www.radiopiu.net\/wordpress\/wp-content\/uploads\/2022\/01\/messa-ricordo-alpini-morti-in-russia-gennaio-1943-150x150.jpg\" alt=\"\" width=\"108\" height=\"108\" \/><\/a>VENEZIA\u00a0<\/strong> Nel giornale radio di ieri abbiamo dato l&#8217;anticipazione comunicata dal Ministro Federico D&#8217;Inc\u00e0, nelle ore successive ha preso la parola sul tema anche il Presidente della Regione Luca Zaia. <em>&#8220;Per il Veneto, il 26 gennaio sar\u00e0 per sempre una giornata storica. Siamo la patria degli Alpini, fanno parte della nostra cultura, della nostra storia, della nostra societ\u00e0, storica e presente. Dico spesso che se non ci fossero bisognerebbe inventarli. Lo diremo con il cuore pieno di gratitudine anche ogni 26 gennaio. In guerra in difesa della libert\u00e0, in pace in aiuto alla gente in difficolt\u00e0 per eventi calamitosi \u2013 aggiunge Zaia \u2013 una penna nera \u00e8 stata sempre la prima a svettare e l\u2019ultima ad arretrare. I caduti della guerra, sulle trincee della Marmolada o del Lagazuoi, ci hanno tramandato esempi fulgidi di eroismo e di attaccamento alla libert\u00e0; in tempo di pace non c\u2019\u00e8 stata una sola situazione di pericolo e difficolt\u00e0 per la gente, terremoti, alluvioni, crisi di ogni genere, nella quale un gruppo di Alpini non sia stato il primo ad arrivare e l\u2019ultimo ad andare via. Non amarli \u00e8 impossibile, onorarli come meritano, anche con una decisione istituzionale, \u00e8 sacrosanto\u201d.<\/em><\/p>\n<blockquote>\n<h3>IERI ALLA RADIO<\/h3>\n<\/blockquote>\n<p><strong>ROMA<\/strong> La dichiarazione del Ministro Federico D&#8217;Inca&#8217; \u201c <em>Il Senato ha approvato definitivamente l\u2019istituzione della Giornata nazionale degli Alpini. Questo appuntamento che si celebrer\u00e0 il 26 gennaio, \u00e8 un segno di riconoscenza nei confronti degli Alpini, per il loro sacrificio, per il coraggio e per i valori che da sempre portano alle nostre comunit\u00e0: parliamo di impegno, solidariet\u00e0, volontariato e fratellanza. Sono sempre stati al fianco dei cittadini e dei nostri territori facendosi trovare in prima linea. Personalmente li ringrazio per l\u2019attenzione che hanno sempre dimostrato nei difficili momenti che ha attraversato il Veneto, sia durante le emergenze legate al maltempo, sia in occasione della pandemia\u201d.<\/em><\/p>\n<p><strong>ROMA<\/strong> La dichiarazione del Deputato Dario Bond <em>\u201cNon solo il 26 gennaio, ma tutti i giorni ammiriamo e apprezziamo l\u2019impegno delle penne nere. Gli Alpini sono sempre in prima linea nei luoghi e nei momenti del bisogno, portatori di pace e solidariet\u00e0. Tutti ricordiamo la loro presenza attiva nei disastri dei terremoti, nelle missioni umanitarie, nei servizi di supporto nelle fasi della pandemia. Riconoscere loro una giornata \u00e8 quindi motivo di orgoglio e segno di riconoscenza. Dovremmo trovare la modalit\u00e0 per fare in modo che le loro attivit\u00e0 di Protezione Civile continuino nelle giovani generazioni per le quali sono un grande esempio di impegno civico\u201d.<\/em><\/p>\n<p>&nbsp;<\/p>\n<hr \/>\n<p>&nbsp;<\/p>\n<blockquote>\n<h3>IL CORTILE DELLA SCUOLA: UNO SPAZIO DA VIVERE<\/h3>\n<\/blockquote>\n<h3><em>Grazie ad una collaborazione consolidata nel tempo tra Scuole e Comune<\/em><\/h3>\n<p><strong>ROCCA PIETORE <\/strong>Nato da un\u2019intuizione della responsabile dell\u2019ufficio Tecnico Comunale, l&#8217;ingegner\u00a0 Cristina Sanvido e sviluppato dalle maestre della Scuola Primaria, sta prendendo forma il progetto \u201cIl cortile della scuola: uno spazio da vivere\u201d, finanziato dal Comune. Nelle mattinate del 4 e 5 aprile l\u2019ingegner Nicola Canal ha tenuto delle lezioni teoriche e pratiche di educazione stradale, coinvolgendo gli alunni in un entusiasmante percorso in bicicletta, sotto il controllo attento della Guardia Comunale Nicole Pianezze che sottolineava i comportamenti corretti e segnalava le infrazioni al codice della strada. Poi\u00a0la progettazione e realizzazione di un percorso stradale con tanto di incroci, rotatorie e segnaletica orizzontale, che sar\u00e0 dipinto sull\u2019asfalto del cortile, prevedendo anche gli spazi per alcuni giochi della tradizione. Il cortile diventer\u00e0 cos\u00ec un luogo in cui imparare e giocare in orario scolastico, ma anche occasione di incontro per i bambini al di fuori del tempo della scuola.<\/p>\n\n\t\t\t<style type='text\/css'>\n\t\t\t\t#gallery-4 {\n\t\t\t\t\tmargin: auto;\n\t\t\t\t}\n\t\t\t\t#gallery-4 .gallery-item {\n\t\t\t\t\tfloat: left;\n\t\t\t\t\tmargin-top: 10px;\n\t\t\t\t\ttext-align: center;\n\t\t\t\t\twidth: 25%;\n\t\t\t\t}\n\t\t\t\t#gallery-4 img {\n\t\t\t\t\tborder: 2px solid #cfcfcf;\n\t\t\t\t}\n\t\t\t\t#gallery-4 .gallery-caption {\n\t\t\t\t\tmargin-left: 0;\n\t\t\t\t}\n\t\t\t\t\/* see gallery_shortcode() in wp-includes\/media.php *\/\n\t\t\t<\/style>\n\t\t<div id='gallery-4' class='dt-gallery-container gallery galleryid-269007 gallery-columns-4 gallery-size-thumbnail'><dl class='gallery-item'>\n\t\t\t\t<dt class='gallery-icon landscape'>\n\t\t\t\t\t<a class=\"rollover rollover-zoom dt-pswp-item\" title=\"62b44a8b-a91a-456c-b077-27a8d6bf7084\" data-dt-img-description=\"\" data-large_image_width=\"1156\" data-large_image_height=\"867\"href='https:\/\/www.radiopiu.net\/wordpress\/wp-content\/uploads\/2022\/04\/62b44a8b-a91a-456c-b077-27a8d6bf7084.jpg'><img loading=\"lazy\" decoding=\"async\" width=\"150\" height=\"150\" src=\"https:\/\/www.radiopiu.net\/wordpress\/wp-content\/uploads\/2022\/04\/62b44a8b-a91a-456c-b077-27a8d6bf7084-150x150.jpg\" class=\"attachment-thumbnail size-thumbnail\" alt=\"\" \/><\/a>\n\t\t\t\t<\/dt><\/dl><dl class='gallery-item'>\n\t\t\t\t<dt class='gallery-icon portrait'>\n\t\t\t\t\t<a class=\"rollover rollover-zoom dt-pswp-item\" title=\"bb6887b0-f8d9-4288-8198-ea529a908af6\" data-dt-img-description=\"\" data-large_image_width=\"768\" data-large_image_height=\"1024\"href='https:\/\/www.radiopiu.net\/wordpress\/wp-content\/uploads\/2022\/04\/bb6887b0-f8d9-4288-8198-ea529a908af6.jpg'><img loading=\"lazy\" decoding=\"async\" width=\"150\" height=\"150\" src=\"https:\/\/www.radiopiu.net\/wordpress\/wp-content\/uploads\/2022\/04\/bb6887b0-f8d9-4288-8198-ea529a908af6-150x150.jpg\" class=\"attachment-thumbnail size-thumbnail\" alt=\"\" \/><\/a>\n\t\t\t\t<\/dt><\/dl><dl class='gallery-item'>\n\t\t\t\t<dt class='gallery-icon landscape'>\n\t\t\t\t\t<a class=\"rollover rollover-zoom dt-pswp-item\" title=\"85fb0fe3-d964-4600-afad-099496bd930d\" data-dt-img-description=\"\" data-large_image_width=\"1600\" data-large_image_height=\"1200\"href='https:\/\/www.radiopiu.net\/wordpress\/wp-content\/uploads\/2022\/04\/85fb0fe3-d964-4600-afad-099496bd930d.jpg'><img loading=\"lazy\" decoding=\"async\" width=\"150\" height=\"150\" src=\"https:\/\/www.radiopiu.net\/wordpress\/wp-content\/uploads\/2022\/04\/85fb0fe3-d964-4600-afad-099496bd930d-150x150.jpg\" class=\"attachment-thumbnail size-thumbnail\" alt=\"\" \/><\/a>\n\t\t\t\t<\/dt><\/dl><dl class='gallery-item'>\n\t\t\t\t<dt class='gallery-icon portrait'>\n\t\t\t\t\t<a class=\"rollover rollover-zoom dt-pswp-item\" title=\"b0757914-9b38-47f4-ba0e-4ced35371ca4\" data-dt-img-description=\"\" data-large_image_width=\"768\" data-large_image_height=\"1024\"href='https:\/\/www.radiopiu.net\/wordpress\/wp-content\/uploads\/2022\/04\/b0757914-9b38-47f4-ba0e-4ced35371ca4.jpg'><img loading=\"lazy\" decoding=\"async\" width=\"150\" height=\"150\" src=\"https:\/\/www.radiopiu.net\/wordpress\/wp-content\/uploads\/2022\/04\/b0757914-9b38-47f4-ba0e-4ced35371ca4-150x150.jpg\" class=\"attachment-thumbnail size-thumbnail\" alt=\"\" \/><\/a>\n\t\t\t\t<\/dt><\/dl><br style=\"clear: both\" \/>\n\t\t\t<\/div>\n\n<p>&nbsp;<\/p>\n<hr \/>\n<p>&nbsp;<\/p>\n<blockquote>\n<h3>IL MATTONE IN VENETO, DALL&#8217;IMPORTANTE OSSERVATORIO IMMOBILIARE.IT, BELLUNO LA PIU&#8217; CARA<\/h3>\n<\/blockquote>\n<p><b><a class=\"dt-pswp-item\" href=\"https:\/\/www.radiopiu.net\/wordpress\/wp-content\/uploads\/2022\/04\/casa_vendita-scaled.jpeg\" data-dt-img-description=\"house model and house key on table\" data-large_image_width=\"2560\" data-large_image_height=\"834\"><img loading=\"lazy\" decoding=\"async\" class=\"wp-image-269073 alignleft\" src=\"https:\/\/www.radiopiu.net\/wordpress\/wp-content\/uploads\/2022\/04\/casa_vendita-300x98.jpeg\" alt=\"\" width=\"208\" height=\"68\" srcset=\"https:\/\/www.radiopiu.net\/wordpress\/wp-content\/uploads\/2022\/04\/casa_vendita-300x98.jpeg 300w, https:\/\/www.radiopiu.net\/wordpress\/wp-content\/uploads\/2022\/04\/casa_vendita-1024x333.jpeg 1024w, https:\/\/www.radiopiu.net\/wordpress\/wp-content\/uploads\/2022\/04\/casa_vendita-768x250.jpeg 768w, https:\/\/www.radiopiu.net\/wordpress\/wp-content\/uploads\/2022\/04\/casa_vendita-1536x500.jpeg 1536w, https:\/\/www.radiopiu.net\/wordpress\/wp-content\/uploads\/2022\/04\/casa_vendita-2048x667.jpeg 2048w\" sizes=\"auto, (max-width: 208px) 100vw, 208px\" \/><\/a>MILANO <\/b>Inizio anno\u00a0 positivo per il mattone in Veneto, con prezzi stabili o in leggero aumento sia nel settore delle compravendite che in quello delle locazioni. Questo \u00e8 quanto rilevato da <a href=\"https:\/\/www.immobiliare.it\/\">Immobiliare.it<\/a>,\u00a0 nell\u2019Osservatorio trimestrale sul settore residenziale. In particolare, se i prezzi di vendita aumentano percentualmente di 0,7 punti e si attestano a una media di 1.995 euro al metro quadro, quelli di locazione nel confronto con il trimestre precedente crescono dell\u20191,7% e sono pari a 10 euro\/mq. <strong>I trend regionali<\/strong> Nel comparto delle compravendite lo stock di abitazioni invendute nella regione \u00e8 calato di circa il 6% rispetto al trimestre precedente, in conseguenza di una domanda in crescita di oltre il 16%. Anche il quadro delle locazioni \u00e8 in ripresa: infatti lo stock di case disponibili in regione segna un -3,5% mentre la richiesta di immobili in affitto si attesta sul +8,3% nello stesso periodo, segno che molte abitazioni sono state locate con successo e il mercato si presenta reattivo. <strong>I trend delle compravendite<\/strong> per citt\u00e0 e province Quando si analizza l\u2019andamento dei prezzi medi richiesti da chi vende casa nei comuni e nelle province venete si nota come la maggioranza delle province e dei comuni si attestino su una sostanziale stabilit\u00e0. Trend negativo invece per il comune e la provincia di Belluno \u2013 la pi\u00f9 cara della regione \u2013 che perdono rispettivamente il 2,8% e il 3,2%. La domanda \u00e8 in forte crescita in tutti i territori considerati, con il picco del +36,8% nella provincia di Belluno, con uno stock di immobili in offerta in calo ovunque tranne che nella citt\u00e0 di Verona (al +6,5%). <strong>I trend nel comparto della locazione<\/strong> I trend rilevati raccontano di un mercato delle locazioni che apre il 2022 in positivo. Partendo dai prezzi, stabili o in aumento in tutta la regione, che registrano una crescita a doppia cifra nelle province di Belluno e di Venezia (+14,4% e +10,9% rispettivamente). Non a caso la provincia di Belluno, ricca di attrattive turistiche, tocca la cifra record di 18,8 euro\/mq per una casa in affitto. Lo stop inferto dal Covid al comparto sembra essere stato superato: lo stock si \u00e8 infatti fortemente ridotto quasi ovunque mentre nell\u2019ultimo trimestre la domanda ha subito una forte accelerazione. Fa eccezione Padova, comune e provincia, dove invece il trend \u00e8 di segno inverso: la domanda \u00e8 sensibilmente scesa, -33,5% per la citt\u00e0, mentre lo stock di immobili disponibili per l\u2019affitto \u00e8 salito, +25% in citt\u00e0.<\/p>\n<p>&nbsp;<\/p>\n<hr \/>\n<p>&nbsp;<\/p>\n<blockquote>\n<h3>IRPEF E IMU, ARGOMENTI DA CONSIGLIO COMUNALE<\/h3>\n<\/blockquote>\n<p><strong>SAN TOMASO<\/strong> Oggi alle 20 consiglio comunale, in discussione piano di illuminazione per il contenimento dell&#8217;inquimento luminoso; approvazione bilancio\u00a0 di esercizio e previsione dell&#8217;azienda Asca; prelevamento dal fondo di riserva.<\/p>\n<p><strong>\u00a0LIVINALLONGO<\/strong> Domani alle 18.30 consiglio comunale convocato dal sindaco Leandro Grones. All&#8217;ordine del giorno l&#8217;approvazione delle aliquote Imu e Irpef, verifica delle aree fabbricabili, approvazione del programma triennale delle opere pubbliche, aggiornamento del documento programmatico e approvazione dei regolamenti per le video conferenze e il godimento dei beni comunali d&#8217;uso civico.<\/p>\n<p><strong>FALCADE<\/strong> Consiglio comunale domenica alle 15, all&#8217;ordine del giorno approvazione programmi per l&#8217;affidamento di incarichi esterni; approvazione piano delle alienazioni immobiliari; imposta imu aliquote 2022-24; approvazione del documento unico di programmazione.<\/p>\n<p>&nbsp;<\/p>\n<hr \/>\n<p>&nbsp;<\/p>\n<blockquote>\n<h3>PROSEGUE IL PROGETTO \u201cAGE MANAGEMENT\u201d CON DUE CORSI PER LAVORATORI<\/h3>\n<\/blockquote>\n<p><strong>BELLUNO<\/strong> Due appuntamenti (\u201cProject management\u201d e \u201cGestione dei conflitti\u201d)\u00a0 con i corsi di formazione gratuiti, riservati a lavoratori al di fuori dell\u2019orario di lavoro, grazie all\u2019impegno del Csv Belluno Treviso; c\u2019\u00e8 tempo per iscriversi fino a venerd\u00ec 15 aprile. Possono partecipare lavoratori impiegati part time o full time presso datori di lavoro di imprese private, ma anche titolari d&#8217;impresa, coadiuvanti, liberi professionisti e lavoratori autonomi. Non c&#8217;\u00e8 un limite d\u2019et\u00e0 (la precedenza sar\u00e0 riservata a over 54 e ai residenti nelle provincie di Belluno e Treviso). L&#8217;unico vincolo \u00e8 la residenza in Veneto. Per partecipare \u00e8 necessario inviare la propria manifestazione di interesse specificando il corso al quale si intende partecipare entro venerd\u00ec 15 aprile all\u2019indirizzo europa@csvbelluno.it.<\/p>\n<p>&nbsp;<\/p>\n<hr \/>\n<p>&nbsp;<\/p>\n<div class=\"column\">\n<p><strong>ARABBA.. SCIARE FINO A PASQUA<\/strong><\/p>\n<blockquote>\n<div class=\"\">\n<div class=\"\"><i class=\"\">Ma chi l&#8217;ha detto che a Pasqua \u00e8 troppo tardi per sciare? Ad Arabba \u00e8 possibile! Gli impianti di Porta Vescovo e del Passo Pordoi sono aperti tutti i giorni fino a\u00a0<span dir=\"ltr\">luned\u00ec 18 aprile<\/span>\u00a0compreso, per permettere a tutti gli amanti dello sci di farsi un&#8217;ultima sciata anche con l&#8217;arrivo della primavera! Piste vere per sciatori veri, ma anche un&#8217;ultima occasione per passare una giornata in quota tra le vette pi\u00f9 affascinanti delle Dolomiti.\u00a0<\/i><i class=\"\">Info e prezzi su\u00a0<a class=\"\" href=\"http:\/\/www.arabba.it\/\">www.arabba.it<\/a>\u00a0<\/i><\/div>\n<\/div>\n<\/blockquote>\n<p>&nbsp;<\/p>\n<p>&nbsp;<\/p>\n<hr \/>\n<p>&nbsp;<\/p>\n<blockquote>\n<h3>LA CURA DEL VERDE PUBBLICO, CHIAMATA A RACCOLTA DEI CITTADINI<\/h3>\n<\/blockquote>\n<p><img loading=\"lazy\" decoding=\"async\" class=\"alignleft\" src=\"https:\/\/www.radiopiu.net\/wordpress\/wp-content\/uploads\/2021\/10\/th-4.jpg\" width=\"151\" height=\"113\" \/><strong>SEDICO<\/strong><\/p>\n<p>DI DAMIANO TORMEN<\/p>\n<p><strong>AUDIO<\/strong><\/p>\n<audio class=\"wp-audio-shortcode\" id=\"audio-269007-10\" preload=\"none\" style=\"width: 100%;\" controls=\"controls\"><source type=\"audio\/mpeg\" src=\"https:\/\/www.radiopiu.net\/wordpress\/wp-content\/uploads\/2022\/04\/damiano-1.mp3?_=10\" \/><a href=\"https:\/\/www.radiopiu.net\/wordpress\/wp-content\/uploads\/2022\/04\/damiano-1.mp3\">https:\/\/www.radiopiu.net\/wordpress\/wp-content\/uploads\/2022\/04\/damiano-1.mp3<\/a><\/audio>\n<p>&nbsp;<\/p>\n<hr \/>\n<p>&nbsp;<\/p>\n<blockquote>\n<h3>ANCHE UNO SCIOPERO DI TRE MESI A VALLE IMPERINA DEGLI OPERAI PER MIGLIORI CONDIZIONI NEL LAVORO<\/h3>\n<\/blockquote>\n<p><strong>di Renato Bona<\/strong><\/p>\n<p>Il Corriere delle Alpi ha recentemente pubblicato a firma di Gianni Santomaso un interessante servizio su Valle Imperina, spiegando che c\u2019\u00e8 un progetto da due milioni e 80 mila euro per la rigenerazione del sito minerario, da attuare da parte del Comune di Rivamonte con 14 interventi, in collaborazione con le Universit\u00e0, l\u2019istituto Follador di Agordo ed il comune di La Valle Agordina, non trascurando i disabili visivi e uditivi per i quali sono previsti brevi percorsi per consentire la visita alle miniere. La notizia ci offre il destro per tornare su \u201cUna miniera veneta. Valle Imperina dal 1886 al 1962\u201d, di Marco Orlandi, pregevole libro edito nell\u2019ottobre 1980 dalla benemerita Nuovi Sentieri Editore di Bepi Pellegrinon, e stampato dalla bellunese Tipografia Piave. Soffermandoci sulle condizioni dei lavoratori fino alla chiusura avvenuta di fatto l\u20198 settembre del 1972, sancita dal decreto ministeriale che porta la data ufficiale del 2 settembre 1963, l\u2019autore Marco Orlandi ricorda che: \u201csecondo una pianta organica risalente al 1851, i lavori della miniera dovevano essere eseguiti da 465 operai, divisi in due categorie, 265 addetti al sotterraneo e 205 alle fucine. Di frequente, per\u00f2, la mole del lavoro richiedeva la presenza di cosiddetti \u2018temporari\u2019, che arrivavano a raggiungere, talvolta, anche le 200 unit\u00e0\u201d. I lavoratori provenivano in maggior parte da Rivamonte ed Agordo e in parte modesta dai paesi circostanti. Venivano ripartiti in compagnie, controllate ognuna da un capo operaio; gli operai ordinari percepivano un compenso fisso, gli altri a seconda del lavoro svolto: quello nel sotterraneo durava solitamente 16 ore, tranne le feste, con le compagnie che si succedevano le une alle altre in turni di 8 ore. Dopo il 1866 non venne pi\u00f9 assunto alcun operaio alle fucine che non avesse compiuto i 14 anni mentre in precedenza erano ammessi al lavoro anche ragazzini di 8-10 anni; andavano via via riducendosi i lavoratori del sotterraneo di meno di 20 anni. Oltre agli operai vi erano 13 impiegati e lo stabilimento aveva il proprio medico che, pagato dall\u2019erario, percepiva 60 centesimi per ogni visita, pagati dalla Cassa Infermi che era alimentata dalla sottrazione di circa l\u20191 per cento delle paghe del personale stabile. E se un operaio veniva colpito da malattia che non gli consentiva la prosecuzione del lavoro veniva messo \u201cin provvisione\u201d che consisteva in un terzo dell\u2019ultima paga per quanti avevano solo 8 anni di servizio, e paga intera per 40 anni o pi\u00f9 di lavoro. Nello scorrere del tempo si registra il nascere delle prime forme di organizzazione operaia s\u00ec che \u201cil malessere fra i lavoratori della miniera di Rivamonte pot\u00e9 finalmente uscire dallo stadio di lamentela individuale e trovare espressione collettiva nella Cassa Soccorso Operai che era sorta come Cassa di confraternita per gli operai infermi\u201d. In tal modo assumeva il ruolo di portavoce delle rivendicazioni operaie tanto che nel 1911 sar\u00e0 punto di riferimento di uno dei maggiori scioperi che la storia dell\u2019epoca abbia registrato\u201d. Si protrasse infatti per ben tre mesi e provoc\u00f2 danni ingentissimi alla miniera, causando un allagamento pressoch\u00e9 totale, dovuto alla mancanza degli addetti all\u2019eduzione delle acque, e il franamento conseguente ai cantieri\u201d. Cessato lo sciopero occorsero altri tre mesi per la riapertura della miniera. Ma\u2026 \u201cFu proprio in conseguenza di questo sciopero che la Societ\u00e0 Montecatini, da poco proprietaria dello stabilimento, si rese protagonista del sequestro di tutto il capitale della Cassa Soccorso Operai. Cui gli operai si opposero il 25 marzo 1912 scrivendo al Regio Capitanato Montanistico, anche a favore dei molti compagni licenziati a seguito della riduzione dei lavori. Per fortuna nonostante Tribunale di Belluno e Corte d\u2019appello di Venezia fossero gi\u00e0 stati chiamati in causa, fu trovata un\u2019intesa, il sequestro giudiziario fu revocato e l\u2019assemblea generale dei soci della Cassa Soccorso Operai deliber\u00f2 il pagamento delle spese giudiziarie e dei legali e la concessione di sussidi straordinari agli operai. Le lamentele per le condizioni di lavoro restavano precarie e nel 1931 la miniera rimase chiusa per un lungo periodo e ci\u00f2 provoc\u00f2 mancanza di lavoro per tutti gli operai del giacimento. L\u2019autore a questo punto sottolineva che \u201cancora innumerevoli sono state le vicissitudini superate dai minatori di Rivamonte nell\u2019arco di tanti secoli\u201d e concludeva: \u201cIl decreto ministeriale del 2 settembre 1963 sanc\u00ec ufficialmente la chiusura dei battenti della miniera\u2026 e la fine non solo di un\u2019attivit\u00e0 economica plurisecolare nell\u2019industria bellunese, ma anche e soprattutto l\u2019estinguersi di un mondo, se pur ristretto, nel quale per secoli gli abitanti di quei monti identificarono la possibilit\u00e0 di sopravvivere e portare a casa il pane per le loro famiglie. Pi\u00f9 di 400 operai furono impiegati, in media, negli ultimi due secoli, nello sfruttamento della miniera: per loro essa rappresent\u00f2 l\u2019alternativa all\u2019emigrazione e alla sofferenza di un lavoro saltuario\u201d.<\/p>\n\n\t\t\t<style type='text\/css'>\n\t\t\t\t#gallery-5 {\n\t\t\t\t\tmargin: auto;\n\t\t\t\t}\n\t\t\t\t#gallery-5 .gallery-item {\n\t\t\t\t\tfloat: left;\n\t\t\t\t\tmargin-top: 10px;\n\t\t\t\t\ttext-align: center;\n\t\t\t\t\twidth: 25%;\n\t\t\t\t}\n\t\t\t\t#gallery-5 img {\n\t\t\t\t\tborder: 2px solid #cfcfcf;\n\t\t\t\t}\n\t\t\t\t#gallery-5 .gallery-caption {\n\t\t\t\t\tmargin-left: 0;\n\t\t\t\t}\n\t\t\t\t\/* see gallery_shortcode() in wp-includes\/media.php *\/\n\t\t\t<\/style>\n\t\t<div id='gallery-5' class='dt-gallery-container gallery galleryid-269007 gallery-columns-4 gallery-size-thumbnail'><dl class='gallery-item'>\n\t\t\t\t<dt class='gallery-icon landscape'>\n\t\t\t\t\t<a class=\"rollover rollover-zoom dt-pswp-item\" title=\"277844228_446323040627519_6326916465285636111_n\" data-dt-img-description=\"\" data-large_image_width=\"561\" data-large_image_height=\"403\"href='https:\/\/www.radiopiu.net\/wordpress\/wp-content\/uploads\/2022\/04\/277844228_446323040627519_6326916465285636111_n.jpg'><img loading=\"lazy\" decoding=\"async\" width=\"150\" height=\"150\" src=\"https:\/\/www.radiopiu.net\/wordpress\/wp-content\/uploads\/2022\/04\/277844228_446323040627519_6326916465285636111_n-150x150.jpg\" class=\"attachment-thumbnail size-thumbnail\" alt=\"\" \/><\/a>\n\t\t\t\t<\/dt><\/dl><dl class='gallery-item'>\n\t\t\t\t<dt class='gallery-icon landscape'>\n\t\t\t\t\t<a class=\"rollover rollover-zoom dt-pswp-item\" title=\"277854383_1046886249238109_6477194306101797065_n\" data-dt-img-description=\"\" data-large_image_width=\"651\" data-large_image_height=\"403\"href='https:\/\/www.radiopiu.net\/wordpress\/wp-content\/uploads\/2022\/04\/277854383_1046886249238109_6477194306101797065_n.jpg'><img loading=\"lazy\" decoding=\"async\" width=\"150\" height=\"150\" src=\"https:\/\/www.radiopiu.net\/wordpress\/wp-content\/uploads\/2022\/04\/277854383_1046886249238109_6477194306101797065_n-150x150.jpg\" class=\"attachment-thumbnail size-thumbnail\" alt=\"\" \/><\/a>\n\t\t\t\t<\/dt><\/dl><dl class='gallery-item'>\n\t\t\t\t<dt class='gallery-icon landscape'>\n\t\t\t\t\t<a class=\"rollover rollover-zoom dt-pswp-item\" title=\"277914885_1026818641604610_3009415188907286102_n\" data-dt-img-description=\"\" data-large_image_width=\"549\" data-large_image_height=\"403\"href='https:\/\/www.radiopiu.net\/wordpress\/wp-content\/uploads\/2022\/04\/277914885_1026818641604610_3009415188907286102_n.jpg'><img loading=\"lazy\" decoding=\"async\" width=\"150\" height=\"150\" src=\"https:\/\/www.radiopiu.net\/wordpress\/wp-content\/uploads\/2022\/04\/277914885_1026818641604610_3009415188907286102_n-150x150.jpg\" class=\"attachment-thumbnail size-thumbnail\" alt=\"\" \/><\/a>\n\t\t\t\t<\/dt><\/dl><dl class='gallery-item'>\n\t\t\t\t<dt class='gallery-icon landscape'>\n\t\t\t\t\t<a class=\"rollover rollover-zoom dt-pswp-item\" title=\"277927506_396963615762660_6688884479066021890_n\" data-dt-img-description=\"\" data-large_image_width=\"592\" data-large_image_height=\"403\"href='https:\/\/www.radiopiu.net\/wordpress\/wp-content\/uploads\/2022\/04\/277927506_396963615762660_6688884479066021890_n.jpg'><img loading=\"lazy\" decoding=\"async\" width=\"150\" height=\"150\" src=\"https:\/\/www.radiopiu.net\/wordpress\/wp-content\/uploads\/2022\/04\/277927506_396963615762660_6688884479066021890_n-150x150.jpg\" class=\"attachment-thumbnail size-thumbnail\" alt=\"\" \/><\/a>\n\t\t\t\t<\/dt><\/dl><br style=\"clear: both\" \/><dl class='gallery-item'>\n\t\t\t\t<dt class='gallery-icon portrait'>\n\t\t\t\t\t<a class=\"rollover rollover-zoom dt-pswp-item\" title=\"277963138_779436536360541_6223118047114517162_n\" data-dt-img-description=\"\" data-large_image_width=\"300\" data-large_image_height=\"417\"href='https:\/\/www.radiopiu.net\/wordpress\/wp-content\/uploads\/2022\/04\/277963138_779436536360541_6223118047114517162_n.jpg'><img loading=\"lazy\" decoding=\"async\" width=\"150\" height=\"150\" src=\"https:\/\/www.radiopiu.net\/wordpress\/wp-content\/uploads\/2022\/04\/277963138_779436536360541_6223118047114517162_n-150x150.jpg\" class=\"attachment-thumbnail size-thumbnail\" alt=\"\" \/><\/a>\n\t\t\t\t<\/dt><\/dl><dl class='gallery-item'>\n\t\t\t\t<dt class='gallery-icon landscape'>\n\t\t\t\t\t<a class=\"rollover rollover-zoom dt-pswp-item\" title=\"277756889_1128180894671539_6437951529872285427_n\" data-dt-img-description=\"\" data-large_image_width=\"732\" data-large_image_height=\"403\"href='https:\/\/www.radiopiu.net\/wordpress\/wp-content\/uploads\/2022\/04\/277756889_1128180894671539_6437951529872285427_n.jpg'><img loading=\"lazy\" decoding=\"async\" width=\"150\" height=\"150\" src=\"https:\/\/www.radiopiu.net\/wordpress\/wp-content\/uploads\/2022\/04\/277756889_1128180894671539_6437951529872285427_n-150x150.jpg\" class=\"attachment-thumbnail size-thumbnail\" alt=\"\" \/><\/a>\n\t\t\t\t<\/dt><\/dl><dl class='gallery-item'>\n\t\t\t\t<dt class='gallery-icon landscape'>\n\t\t\t\t\t<a class=\"rollover rollover-zoom dt-pswp-item\" title=\"277855798_1645045435856955_146566395241717439_n\" data-dt-img-description=\"\" data-large_image_width=\"651\" data-large_image_height=\"403\"href='https:\/\/www.radiopiu.net\/wordpress\/wp-content\/uploads\/2022\/04\/277855798_1645045435856955_146566395241717439_n.jpg'><img loading=\"lazy\" decoding=\"async\" width=\"150\" height=\"150\" src=\"https:\/\/www.radiopiu.net\/wordpress\/wp-content\/uploads\/2022\/04\/277855798_1645045435856955_146566395241717439_n-150x150.jpg\" class=\"attachment-thumbnail size-thumbnail\" alt=\"\" \/><\/a>\n\t\t\t\t<\/dt><\/dl><dl class='gallery-item'>\n\t\t\t\t<dt class='gallery-icon landscape'>\n\t\t\t\t\t<a class=\"rollover rollover-zoom dt-pswp-item\" title=\"275422345_978009009509495_812534356115479586_n\" data-dt-img-description=\"\" data-large_image_width=\"565\" data-large_image_height=\"403\"href='https:\/\/www.radiopiu.net\/wordpress\/wp-content\/uploads\/2022\/04\/275422345_978009009509495_812534356115479586_n.jpg'><img loading=\"lazy\" decoding=\"async\" width=\"150\" height=\"150\" src=\"https:\/\/www.radiopiu.net\/wordpress\/wp-content\/uploads\/2022\/04\/275422345_978009009509495_812534356115479586_n-150x150.jpg\" class=\"attachment-thumbnail size-thumbnail\" alt=\"\" \/><\/a>\n\t\t\t\t<\/dt><\/dl><br style=\"clear: both\" \/>\n\t\t\t<\/div>\n\n<p>&nbsp;<\/p>\n<p>NELLE FOTO (riproduzioni dai libri, entrambi editi da Nuovi Sentieri, di Marco Orlandi \u201cUna miniera veneta\u201d e \u201cRiva de na \u00f2lta\u201d con testo di Raffaello Verdani e fotografie di Giuliano Laveder e dal libro \u201cRivanonte\u201d edito dalla Parrocchia): il servizio di Gianni Santomaso pubblicato sul Corriere delle Alpi con l\u2019annuncio di progetti d\u2019intervento per oltre 2 milioni per la rigenerazione del sito minerario; immagini di varie epoche relative a Valle Imperina; gruppi di minatori, prevalentemente di Rivamonte; primo maggio degli anni \u201950: \u201cA \u2018Vallimperina\u2019 la vita era ancora fiorente e si trovava modo di far festa nonostante il duro lavoro nel sottosuolo\u201d.<\/p>\n<p>&nbsp;<\/p>\n<hr \/>\n<p>&nbsp;<\/p>\n<blockquote>\n<h3>MARCO DAL FARRA LIVE A CASTION<\/h3>\n<\/blockquote>\n<blockquote>\n<h3><a class=\"dt-pswp-item\" href=\"https:\/\/www.radiopiu.net\/wordpress\/wp-content\/uploads\/2022\/03\/275973347_368646675168912_1644384999887910771_n.jpg\" data-dt-img-description=\"\" data-large_image_width=\"2048\" data-large_image_height=\"1152\"><img loading=\"lazy\" decoding=\"async\" class=\" wp-image-265916 alignleft\" src=\"https:\/\/www.radiopiu.net\/wordpress\/wp-content\/uploads\/2022\/03\/275973347_368646675168912_1644384999887910771_n-300x169.jpg\" alt=\"\" width=\"203\" height=\"115\" srcset=\"https:\/\/www.radiopiu.net\/wordpress\/wp-content\/uploads\/2022\/03\/275973347_368646675168912_1644384999887910771_n-300x169.jpg 300w, https:\/\/www.radiopiu.net\/wordpress\/wp-content\/uploads\/2022\/03\/275973347_368646675168912_1644384999887910771_n-1024x576.jpg 1024w, https:\/\/www.radiopiu.net\/wordpress\/wp-content\/uploads\/2022\/03\/275973347_368646675168912_1644384999887910771_n-768x432.jpg 768w, https:\/\/www.radiopiu.net\/wordpress\/wp-content\/uploads\/2022\/03\/275973347_368646675168912_1644384999887910771_n-1536x864.jpg 1536w, https:\/\/www.radiopiu.net\/wordpress\/wp-content\/uploads\/2022\/03\/275973347_368646675168912_1644384999887910771_n.jpg 2048w\" sizes=\"auto, (max-width: 203px) 100vw, 203px\" \/><\/a><\/h3>\n<\/blockquote>\n<p><strong>BELLUNO<\/strong> Torna live Marco dal Farra che domenica 10 aprile al teatro San Gaetano di Castion presenter\u00e0 il suo nuovo singolo all&#8217;interno del concerto in programma alle 18. Ingresso libero su prenotazione scrivendo alla mail epoca.label@gmail.com<\/p>\n<p><strong>AUDIO, MARCO DAL FARRA<\/strong><\/p>\n<audio class=\"wp-audio-shortcode\" id=\"audio-269007-11\" preload=\"none\" style=\"width: 100%;\" controls=\"controls\"><source type=\"audio\/mpeg\" src=\"https:\/\/www.radiopiu.net\/wordpress\/wp-content\/uploads\/2022\/03\/MARCO-DAL-FARRA.mp3?_=11\" \/><a href=\"https:\/\/www.radiopiu.net\/wordpress\/wp-content\/uploads\/2022\/03\/MARCO-DAL-FARRA.mp3\">https:\/\/www.radiopiu.net\/wordpress\/wp-content\/uploads\/2022\/03\/MARCO-DAL-FARRA.mp3<\/a><\/audio>\n<p>&nbsp;<\/p>\n<p>&nbsp;<\/p>\n<p>&nbsp;<\/p>\n<hr \/>\n<blockquote>\n<h3><\/h3>\n<h3>LE\u00a0 GIORNATE ECOLOGICHE A CENCENIGHE<\/h3>\n<\/blockquote>\n<p><strong>CENCENIGHE<\/strong> L&#8217;amministrazione comunale di Cencenighe in collaborazione con la Pro Loco ha organizzato per il\u00a0 fine settimana due giornate ecologiche per la raccolta di rifiuti abbandonati. Sabato 9 aprile il ritrovo alle 8 con l&#8217;assegnazione dell&#8217;area di pulizia, alle 13 il pranzo al Nof Fil\u00f2 e subito dopo l&#8217;eventuale prosecuzione dei lavori. Domenica 10 aprile il ritrovo alle 8 con l&#8217;assegnazione dell&#8217;area di pulizia e alle 12 il pranzo sempre al Nof Fil\u00f2. L&#8217;attrezzatura verr\u00e0 fornita da Valpe Ambiente e le immondizie raccolte saranno conferite all&#8217;ecocentro. I bambini che vogliono partecipare alle giornate dovranno essere accompagnati.<\/p>\n<p>&nbsp;<\/p>\n<p>&nbsp;<\/p>\n<hr \/>\n<p>&nbsp;<\/p>\n<blockquote>\n<h3><a class=\"dt-pswp-item\" href=\"https:\/\/www.radiopiu.net\/wordpress\/wp-content\/uploads\/2022\/04\/Fiera-oggetto-ritrovato.jpg\" data-dt-img-description=\"\" data-large_image_width=\"1080\" data-large_image_height=\"810\"><img loading=\"lazy\" decoding=\"async\" class=\" wp-image-269089 alignleft\" src=\"https:\/\/www.radiopiu.net\/wordpress\/wp-content\/uploads\/2022\/04\/Fiera-oggetto-ritrovato-150x150.jpg\" alt=\"\" width=\"99\" height=\"99\" \/><\/a>DOMENICA LA FIERA DELL&#8217;OGGETTO RITROVATO<\/h3>\n<\/blockquote>\n<p><strong>FELTRE <\/strong>Ritorna domenica prossima, 10 aprile, l&#8217;appuntamento con la Fiera dell\u2019Oggetto Ritrovato, il mercatino dell\u2019antiquariato e dell\u2019usato che si svolge nel centro storico. Saranno oltre 80 gli espositori provenienti da tutto il Triveneto che proporranno\u00a0 oggetti usati e d\u2019antiquariato, libri, mobili, lampade, vestiti, ed altri oggetti di interesse, promuovendo anche il riuso.<\/p>\n<p>&nbsp;<\/p>\n<p>&nbsp;<\/p>\n<hr \/>\n<p>&nbsp;<\/p>\n<blockquote>\n<h3>SULLE ORME DI WALK OF FAME CON LA SCUOLA DI AGORDO<\/h3>\n<\/blockquote>\n<p><strong>AGORDO<\/strong> Sabato 9 aprile alle 11:10 nel cortile della scuola secondaria di I grado ad Agordo, gli alunni di terza B e C organizzano &#8220;Walk Of Fame&#8221;, per parlare di pace e di coloro che hanno ricevuto il Nobel. Evento all&#8217;aperto della durata di un&#8217;ora. in caso di maltempo verr\u00e0 spostato a sabato 23 aprile.<\/p>\n<p>&nbsp;<\/p>\n<p>&nbsp;<\/p>\n<hr \/>\n<p>&nbsp;<\/p>\n<blockquote>\n<h3><a class=\"dt-pswp-item\" href=\"https:\/\/www.radiopiu.net\/wordpress\/wp-content\/uploads\/2022\/04\/8d25bfd7-41e9-4990-bdef-82107048e429.jpg\" data-dt-img-description=\"\" data-large_image_width=\"1120\" data-large_image_height=\"1600\"><img loading=\"lazy\" decoding=\"async\" class=\"wp-image-269303 alignleft\" src=\"https:\/\/www.radiopiu.net\/wordpress\/wp-content\/uploads\/2022\/04\/8d25bfd7-41e9-4990-bdef-82107048e429-210x300.jpg\" alt=\"\" width=\"131\" height=\"187\" srcset=\"https:\/\/www.radiopiu.net\/wordpress\/wp-content\/uploads\/2022\/04\/8d25bfd7-41e9-4990-bdef-82107048e429-210x300.jpg 210w, https:\/\/www.radiopiu.net\/wordpress\/wp-content\/uploads\/2022\/04\/8d25bfd7-41e9-4990-bdef-82107048e429-717x1024.jpg 717w, https:\/\/www.radiopiu.net\/wordpress\/wp-content\/uploads\/2022\/04\/8d25bfd7-41e9-4990-bdef-82107048e429-768x1097.jpg 768w, https:\/\/www.radiopiu.net\/wordpress\/wp-content\/uploads\/2022\/04\/8d25bfd7-41e9-4990-bdef-82107048e429-1075x1536.jpg 1075w, https:\/\/www.radiopiu.net\/wordpress\/wp-content\/uploads\/2022\/04\/8d25bfd7-41e9-4990-bdef-82107048e429.jpg 1120w\" sizes=\"auto, (max-width: 131px) 100vw, 131px\" \/><\/a>UNA SERATA DI TEATRO ORGANIZZATA DAL CIRCOLO DEI SARDI NEL BELLUNESE<\/h3>\n<\/blockquote>\n<p><strong>BELLUNO\u00a0<\/strong>Sabato alle 20:45 presso il Centro Diocesano Giovanni XXII di Belluno \u00e8 in programma lo spettacolo teatrale di Elisa Pistis dal titolo &#8220;Mistero Buffo&#8221;, scritto da Dario Fo e Franca Rame. Per informazioni 388 6458895 o via mail a robertoangus2@gmail.com<\/p>\n<p>&nbsp;<\/p>\n<p>&nbsp;<\/p>\n<p>&nbsp;<\/p>\n<\/div>\n<div class=\"column\">\n<hr \/>\n<p>&nbsp;<\/p>\n<blockquote>\n<blockquote>\n<h3>L&#8217;OPERA DELLA CONFRATERNITA DELLA BEATA VERGINE DELLA SALUTE, REALTA&#8217; ANCHE IN TEMPI DI COVID<\/h3>\n<\/blockquote>\n<p><strong><a class=\"dt-pswp-item\" href=\"https:\/\/www.radiopiu.net\/wordpress\/wp-content\/uploads\/2022\/04\/d69f19f3-ed1d-4011-b825-85d12ddd581f.jpg\" data-dt-img-description=\"\" data-large_image_width=\"805\" data-large_image_height=\"1024\"><img loading=\"lazy\" decoding=\"async\" class=\"size-thumbnail wp-image-269001 alignleft\" src=\"https:\/\/www.radiopiu.net\/wordpress\/wp-content\/uploads\/2022\/04\/d69f19f3-ed1d-4011-b825-85d12ddd581f-150x150.jpg\" alt=\"\" width=\"150\" height=\"150\" \/><\/a>AGORDO<\/strong><\/p>\n<p>Con la collaborazione di Paolo Chissal\u00e8<\/p>\n<p>&nbsp;<\/p><\/blockquote>\n<p>&nbsp;<\/p>\n<p>&nbsp;<\/p>\n<p>&nbsp;<\/p>\n<p>&nbsp;<\/p>\n<hr \/>\n<p>&nbsp;<\/p>\n<blockquote>\n<h3>ALBERTO MANZI AL TEATRO COMUNALE, SABATO CON TIB TEATRO<\/h3>\n<\/blockquote>\n<p><strong><img loading=\"lazy\" decoding=\"async\" class=\"alignleft\" src=\"https:\/\/www.radiopiu.net\/wordpress\/wp-content\/uploads\/2022\/01\/manzi.png\" width=\"137\" height=\"131\" \/>REDAZIONE<\/strong> Una serata dedicata al pensiero e al lavoro di Alberto Manzi, maestro ed educatore, figura fondamentale per il rinnovamento della pedagogia, a 25 anni dalla sua scomparsa, quella che TIB Teatro, in collaborazione con Scuole in Rete e Movimento di Cooperazione Educativa &#8211; gruppo territoriale di Belluno, proporr\u00e0 sabato 9 aprile 2022 al Teatro comunale di Belluno. Alle\u00a0 20:00 l\u2019incontro \u201cNon \u00e8 mai troppo tardi per scriversi la vita\u201d,<\/p>\n<h3><a href=\"https:\/\/www.radiopiu.net\/wordpress\/giornale-radiopiu-06-ottobre-2021-direttore-mirko-mezzacasa\/th-208\/\" rel=\"attachment wp-att-235503\"><img loading=\"lazy\" decoding=\"async\" class=\"wp-image-235503 alignright\" src=\"https:\/\/www.radiopiu.net\/wordpress\/wp-content\/uploads\/2021\/10\/th-5.jpg\" alt=\"\" width=\"91\" height=\"73\" \/><\/a><\/h3>\n<p>Ospiti Alessandra Falconi, referente del Centro Studi Alberto Manzi di Bologna, Daniela Nicosia (foto), autore e regista dello spettacolo, Franco Chemello per Scuole in Rete<\/p>\n<p><strong>LA DIRETTRICE ARTISTICA DANIELA NICOSIA<\/strong><\/p>\n<audio class=\"wp-audio-shortcode\" id=\"audio-269007-12\" preload=\"none\" style=\"width: 100%;\" controls=\"controls\"><source type=\"audio\/mpeg\" src=\"https:\/\/www.radiopiu.net\/wordpress\/wp-content\/uploads\/2022\/04\/ANNALISA.mp3?_=12\" \/><a href=\"https:\/\/www.radiopiu.net\/wordpress\/wp-content\/uploads\/2022\/04\/ANNALISA.mp3\">https:\/\/www.radiopiu.net\/wordpress\/wp-content\/uploads\/2022\/04\/ANNALISA.mp3<\/a><\/audio>\n<p>&nbsp;<\/p>\n<p><strong>Per informazioni e prenotazioni: Tib Teatro 0437 950555 \u2013 351 7834551 \u2013 info@tibteatro.it\u00a0<\/strong><\/p>\n<p>&nbsp;<\/p>\n<p>&nbsp;<\/p>\n<hr \/>\n<p>&nbsp;<\/p>\n<h2><span style=\"color: #ff0000;\">IERI ALLA RADIO<\/span><\/h2>\n<h2>ALLO ZERO TERMICO: La Fitoterapia delle Dolomiti\u00a0 TERZA PARTE<\/h2>\n<blockquote><p><em><img loading=\"lazy\" decoding=\"async\" class=\"alignleft\" src=\"https:\/\/www.radiopiu.net\/wordpress\/wp-content\/uploads\/2022\/02\/IMG_20210727_120017-scaled.jpg\" width=\"159\" height=\"119\" \/>ZERO TERMICO E\u2019 UN VIAGGIO ALLA SCOPERTA DEL NOSTRO TERRITORIO, DALLA VOCE DEI PROTAGONISTI. TURISMO, SPORT, EVENTI, CULTURA, INTRATTENIMENTO. DAL LUNEDI\u2019 AL VENERDI ALLE 15.10 ALLE 20.30. ZERO TERMICO. UN APPUNTAMENTO IN COLLABORAZIONE CON: SPORT 203. LA NATURALE PORTA D\u2019INGRESSO\u2026.VERSO LO ZERO TERMICO. LOCALITA\u2019 LE CAMPE STRADA AGORDO BELLUNO. ABBIGLIAMENTO E ATTREZZATURA\u2026.DEDICATI A CHI AMA LA MONTAGNA.<\/em><\/p><\/blockquote>\n<p><strong>di Claudio Fontanive PUNTATA 21, <\/strong><strong>NICOLA DE ZORDI E GALVANO DOTTA<\/strong><\/p>\n<p><span style=\"color: #ff0000;\"><strong>TERZA\u00a0 PARTE<\/strong><\/span> 06 APRILE\u00a0 2022<\/p>\n<p>AUDIO<\/p>\n<audio class=\"wp-audio-shortcode\" id=\"audio-269007-13\" preload=\"none\" style=\"width: 100%;\" controls=\"controls\"><source type=\"audio\/mpeg\" src=\"https:\/\/www.radiopiu.net\/wordpress\/wp-content\/uploads\/2022\/04\/galvano-dotta-sam-6-aprile.mp3?_=13\" \/><a href=\"https:\/\/www.radiopiu.net\/wordpress\/wp-content\/uploads\/2022\/04\/galvano-dotta-sam-6-aprile.mp3\">https:\/\/www.radiopiu.net\/wordpress\/wp-content\/uploads\/2022\/04\/galvano-dotta-sam-6-aprile.mp3<\/a><\/audio>\n<p>&nbsp;<\/p>\n<p>&nbsp;<\/p>\n<hr \/>\n<p>&nbsp;<\/p>\n<div>\n<div class=\"b654a4as d2edcug0\">\n<div class=\"rq0escxv hkbzh7o3 jwdofwj8 n8tt0mok r8blr3vg hyh9befq\">\n<p><a class=\"dt-pswp-item\" href=\"https:\/\/www.radiopiu.net\/wordpress\/wp-content\/uploads\/2020\/10\/pp.jpg\" data-dt-img-description=\"\" data-large_image_width=\"640\" data-large_image_height=\"640\"><img loading=\"lazy\" decoding=\"async\" class=\"wp-image-163678 alignleft\" src=\"https:\/\/www.radiopiu.net\/wordpress\/wp-content\/uploads\/2020\/10\/pp-300x300.jpg\" alt=\"\" width=\"106\" height=\"106\" srcset=\"https:\/\/www.radiopiu.net\/wordpress\/wp-content\/uploads\/2020\/10\/pp-300x300.jpg 300w, https:\/\/www.radiopiu.net\/wordpress\/wp-content\/uploads\/2020\/10\/pp-150x150.jpg 150w, https:\/\/www.radiopiu.net\/wordpress\/wp-content\/uploads\/2020\/10\/pp-125x125.jpg 125w, https:\/\/www.radiopiu.net\/wordpress\/wp-content\/uploads\/2020\/10\/pp-200x200.jpg 200w, https:\/\/www.radiopiu.net\/wordpress\/wp-content\/uploads\/2020\/10\/pp-80x80.jpg 80w, https:\/\/www.radiopiu.net\/wordpress\/wp-content\/uploads\/2020\/10\/pp-480x480.jpg 480w, https:\/\/www.radiopiu.net\/wordpress\/wp-content\/uploads\/2020\/10\/pp.jpg 640w\" sizes=\"auto, (max-width: 106px) 100vw, 106px\" \/><\/a><\/p>\n<\/div>\n<\/div>\n<\/div>\n<div>\n<div class=\"page-title-head hgroup\">\n<div class=\"page-title-head hgroup\">\n<div class=\"b654a4as d2edcug0\">\n<div class=\"j83agx80 btwxx1t3 lhclo0ds hop8lmos nkwizq5d scwd0bx6 roh60bw9\">\n<div class=\"rq0escxv hkbzh7o3 jwdofwj8 n8tt0mok r8blr3vg hyh9befq\">\n<div class=\"do00u71z l9j0dhe7 k4urcfbm\">\n<h2><span style=\"color: #000080;\">DON CESARE, IL PENSIERO DEL GIORNO. ALLA RADIO ALLE 7 DEL MATTINO E ALLE 19.30 DELLA SERA.\u00a0<\/span><\/h2>\n<p>&nbsp;<\/p>\n<\/div>\n<\/div>\n<\/div>\n<\/div>\n<\/div>\n<\/div>\n<\/div>\n<audio class=\"wp-audio-shortcode\" id=\"audio-269007-14\" preload=\"none\" style=\"width: 100%;\" controls=\"controls\"><source type=\"audio\/mpeg\" src=\"https:\/\/www.radiopiu.net\/wordpress\/wp-content\/uploads\/2022\/04\/cesare-2.mp3?_=14\" \/><a href=\"https:\/\/www.radiopiu.net\/wordpress\/wp-content\/uploads\/2022\/04\/cesare-2.mp3\">https:\/\/www.radiopiu.net\/wordpress\/wp-content\/uploads\/2022\/04\/cesare-2.mp3<\/a><\/audio>\n<p>&nbsp;<\/p>\n<hr \/>\n<p>&nbsp;<\/p>\n<blockquote class=\"wp-embedded-content\" data-secret=\"zDQuDUGJZ2\"><p><a href=\"https:\/\/www.radiopiu.net\/wordpress\/39anni1a\/\">39 ANNI DI RADIO&#8230; PAGINA DI STORIA, LEONARDO DEL VECCHIO IN CONSIGLIO COMUNALE<\/a><\/p><\/blockquote>\n<p><iframe loading=\"lazy\" class=\"wp-embedded-content\" sandbox=\"allow-scripts\" security=\"restricted\" style=\"position: absolute; clip: rect(1px, 1px, 1px, 1px);\" title=\"&#8220;39 ANNI DI RADIO&#8230; PAGINA DI STORIA, LEONARDO DEL VECCHIO IN CONSIGLIO COMUNALE&#8221; &#8212; Radio Pi\u00f9\" src=\"https:\/\/www.radiopiu.net\/wordpress\/39anni1a\/embed\/#?secret=jJHoqQ6Hu7#?secret=zDQuDUGJZ2\" data-secret=\"zDQuDUGJZ2\" width=\"600\" height=\"338\" frameborder=\"0\" marginwidth=\"0\" marginheight=\"0\" scrolling=\"no\"><\/iframe><\/p>\n<p>&nbsp;<\/p>\n<hr \/>\n<p>&nbsp;<\/p>\n<h3 class=\"kvgmc6g5 cxmmr5t8 oygrvhab hcukyx3x c1et5uql\"><span style=\"color: #0000ff;\"><strong>INFORMAZIONE il canale su TELEGRAM informazione di prima mano e in tempo reale. iscriviti ed aiutaci a farlo conoscere\u00a0 \u00a0<\/strong><\/span><\/h3>\n<blockquote>\n<h3><a class=\"dt-pswp-item\" href=\"https:\/\/www.radiopiu.net\/wordpress\/wp-content\/uploads\/2022\/04\/primavera.jpg\" data-dt-img-description=\"The yellow daffodil (Narcissus) blooming in the garden\" data-large_image_width=\"800\" data-large_image_height=\"533\"><img loading=\"lazy\" decoding=\"async\" class=\"size-thumbnail wp-image-268711 alignleft\" src=\"https:\/\/www.radiopiu.net\/wordpress\/wp-content\/uploads\/2022\/04\/primavera-150x150.jpg\" alt=\"\" width=\"150\" height=\"150\" \/><\/a>ZERO IN CONDOTTA&#8230; IL LUNEDI LA SCUOLA ALLA RADIO<\/h3>\n<\/blockquote>\n<p><strong>TUTTI I LUNEDI ALLE 10,30 E 1900, LA DOMENICA ALLE 8 007 IN CONDOTTA, LA SCUOLA CON LA PROF. MARIA ROSA SALMAZO E CLAUDIO FONTANIVE, IN PODCAST TUTTE LE PUNTATE DELLE ULTIME STAGIONI.\u00a0<\/strong><\/p>\n<p><em><strong>PUNTATA DEL 04 APRILE 2022<\/strong><\/em><\/p>\n<audio class=\"wp-audio-shortcode\" id=\"audio-269007-15\" preload=\"none\" style=\"width: 100%;\" controls=\"controls\"><source type=\"audio\/mpeg\" src=\"https:\/\/www.radiopiu.net\/wordpress\/wp-content\/uploads\/2022\/04\/007-condotta-4-aprile.mp3?_=15\" \/><a href=\"https:\/\/www.radiopiu.net\/wordpress\/wp-content\/uploads\/2022\/04\/007-condotta-4-aprile.mp3\">https:\/\/www.radiopiu.net\/wordpress\/wp-content\/uploads\/2022\/04\/007-condotta-4-aprile.mp3<\/a><\/audio>\n<p>&nbsp;<\/p>\n<p><strong>LA RACCOLTA COMPLETA\u00a0<\/strong><\/p>\n<blockquote class=\"wp-embedded-content\" data-secret=\"Hvg8do13Hu\"><p><a href=\"https:\/\/www.radiopiu.net\/wordpress\/007incondotta-9\/\">007 in condotta<\/a><\/p><\/blockquote>\n<p><iframe loading=\"lazy\" class=\"wp-embedded-content\" sandbox=\"allow-scripts\" security=\"restricted\" style=\"position: absolute; clip: rect(1px, 1px, 1px, 1px);\" title=\"&#8220;007 in condotta&#8221; &#8212; Radio Pi\u00f9\" src=\"https:\/\/www.radiopiu.net\/wordpress\/007incondotta-9\/embed\/#?secret=syraojmLbi#?secret=Hvg8do13Hu\" data-secret=\"Hvg8do13Hu\" width=\"600\" height=\"338\" frameborder=\"0\" marginwidth=\"0\" marginheight=\"0\" scrolling=\"no\"><\/iframe><\/p>\n<p>&nbsp;<\/p>\n<hr \/>\n<p>&nbsp;<\/p>\n<div class=\"do00u71z l9j0dhe7 k4urcfbm\">\n<div class=\"page-title-head hgroup\">\n<div class=\"page-title-head hgroup\">\n<div class=\"b654a4as d2edcug0\">\n<div class=\"j83agx80 btwxx1t3 lhclo0ds hop8lmos nkwizq5d scwd0bx6 roh60bw9\">\n<div class=\"rq0escxv hkbzh7o3 jwdofwj8 n8tt0mok r8blr3vg hyh9befq\">\n<div class=\"do00u71z l9j0dhe7 k4urcfbm\">\n<div class=\"page-title-head hgroup\">\n<div class=\"page-title-head hgroup\">\n<div class=\"b654a4as d2edcug0\">\n<div class=\"j83agx80 btwxx1t3 lhclo0ds hop8lmos nkwizq5d scwd0bx6 roh60bw9\">\n<div class=\"rq0escxv hkbzh7o3 jwdofwj8 n8tt0mok r8blr3vg hyh9befq\">\n<div class=\"do00u71z l9j0dhe7 k4urcfbm\">\n<div class=\"ecm0bbzt e5nlhep0 a8c37x1j\">\n<div class=\"kvgmc6g5 cxmmr5t8 oygrvhab hcukyx3x c1et5uql\">\n<div class=\"gmail-kvgmc6g5 gmail-cxmmr5t8 gmail-oygrvhab gmail-hcukyx3x gmail-c1et5uql gmail-ii04i59q\">\n<div class=\"page-title-head hgroup\">\n<div class=\"page-title-head hgroup\">\n<div class=\"b654a4as d2edcug0\">\n<div class=\"j83agx80 btwxx1t3 lhclo0ds hop8lmos nkwizq5d scwd0bx6 roh60bw9\">\n<div class=\"rq0escxv hkbzh7o3 jwdofwj8 n8tt0mok r8blr3vg hyh9befq\">\n<div class=\"do00u71z l9j0dhe7 k4urcfbm\">\n<div class=\"page-title-head hgroup\">\n<div class=\"page-title-head hgroup\">\n<div class=\"b654a4as d2edcug0\">\n<div class=\"j83agx80 btwxx1t3 lhclo0ds hop8lmos nkwizq5d scwd0bx6 roh60bw9\">\n<div class=\"rq0escxv hkbzh7o3 jwdofwj8 n8tt0mok r8blr3vg hyh9befq\">\n<div class=\"do00u71z l9j0dhe7 k4urcfbm\">\n<div class=\"page-title-head hgroup\">\n<div class=\"page-title-head hgroup\">\n<div class=\"b654a4as d2edcug0\">\n<div class=\"j83agx80 btwxx1t3 lhclo0ds hop8lmos nkwizq5d scwd0bx6 roh60bw9\">\n<div class=\"rq0escxv hkbzh7o3 jwdofwj8 n8tt0mok r8blr3vg hyh9befq\">\n<div class=\"do00u71z l9j0dhe7 k4urcfbm\">\n<div class=\"ecm0bbzt e5nlhep0 a8c37x1j\">\n<div class=\"kvgmc6g5 cxmmr5t8 oygrvhab hcukyx3x c1et5uql\">\n<div class=\"gmail-kvgmc6g5 gmail-cxmmr5t8 gmail-oygrvhab gmail-hcukyx3x gmail-c1et5uql gmail-ii04i59q\">\n<div class=\"page-title-head hgroup\">\n<div class=\"page-title-head hgroup\">\n<div class=\"b654a4as d2edcug0\">\n<div class=\"j83agx80 btwxx1t3 lhclo0ds hop8lmos nkwizq5d scwd0bx6 roh60bw9\">\n<div class=\"rq0escxv hkbzh7o3 jwdofwj8 n8tt0mok r8blr3vg hyh9befq\">\n<div class=\"do00u71z l9j0dhe7 k4urcfbm\">\n<blockquote>\n<h3><span style=\"color: #ff0000;\">IN VIVO VERSO, SETTIMA STAGIONE CON BRUNELLA MORO, DAL LUNEDI AL VENERDI ALLE 7.10, 10.10 E 18.50\u00a0\u00a0<\/span><\/h3>\n<\/blockquote>\n<p>&nbsp;<\/p>\n<blockquote>\n<h3>NUOVA VITA di PAOLO DE TOFFOL<\/h3>\n<p>&nbsp;<\/p><\/blockquote>\n<p>AUDIO<\/p>\n<audio class=\"wp-audio-shortcode\" id=\"audio-269007-16\" preload=\"none\" style=\"width: 100%;\" controls=\"controls\"><source type=\"audio\/mpeg\" src=\"https:\/\/www.radiopiu.net\/wordpress\/wp-content\/uploads\/2022\/04\/03-PAOLO-DE-TOFFOL-NUOVA-VITA.mp3?_=16\" \/><a href=\"https:\/\/www.radiopiu.net\/wordpress\/wp-content\/uploads\/2022\/04\/03-PAOLO-DE-TOFFOL-NUOVA-VITA.mp3\">https:\/\/www.radiopiu.net\/wordpress\/wp-content\/uploads\/2022\/04\/03-PAOLO-DE-TOFFOL-NUOVA-VITA.mp3<\/a><\/audio>\n<p>&nbsp;<\/p>\n<p><strong><a class=\"dt-pswp-item\" href=\"https:\/\/www.radiopiu.net\/wordpress\/wp-content\/uploads\/2022\/04\/3-PAOLO-DE-TOFFOL.jpg\" data-dt-img-description=\"\" data-large_image_width=\"1686\" data-large_image_height=\"1992\"><img loading=\"lazy\" decoding=\"async\" class=\"size-thumbnail wp-image-268678 alignleft\" src=\"https:\/\/www.radiopiu.net\/wordpress\/wp-content\/uploads\/2022\/04\/3-PAOLO-DE-TOFFOL-150x150.jpg\" alt=\"\" width=\"150\" height=\"150\" \/><\/a>NUOVA VITA<\/strong><\/p>\n<p>Pupille dilatate sulla soglia dell\u2019oltre,<br \/>\ndietro la schiena un mondo che non ha mai convinto;<br \/>\nla strada segnata dall\u2019orrore nel punto del non ritorno<br \/>\nno, non fa per me.<br \/>\nEmbrione dei miei sogni<br \/>\naccarezzami i pensieri.<br \/>\nCon poche lacrime scivoler\u00f2 nel nuovo.<br \/>\nIl seme \u00e8 gi\u00e0 piantato,<br \/>\nlo sento premere nello stomaco.<br \/>\nIl salto non sar\u00e0 nel buio se ci teniamo per mano<br \/>\nNon precipiteremo al suolo se ci amiamo.<\/p>\n<p><strong>LA RACCOLTA COMPLETA\u00a0<\/strong><\/p>\n<blockquote class=\"wp-embedded-content\" data-secret=\"v9Y9Gg9VKZ\"><p><a href=\"https:\/\/www.radiopiu.net\/wordpress\/in-vivo-verso\/\">In Vivo Verso<\/a><\/p><\/blockquote>\n<p><iframe loading=\"lazy\" class=\"wp-embedded-content\" sandbox=\"allow-scripts\" security=\"restricted\" style=\"position: absolute; clip: rect(1px, 1px, 1px, 1px);\" title=\"&#8220;In Vivo Verso&#8221; &#8212; Radio Pi\u00f9\" src=\"https:\/\/www.radiopiu.net\/wordpress\/in-vivo-verso\/embed\/#?secret=VSkPELcwEE#?secret=v9Y9Gg9VKZ\" data-secret=\"v9Y9Gg9VKZ\" width=\"600\" height=\"338\" frameborder=\"0\" marginwidth=\"0\" marginheight=\"0\" scrolling=\"no\"><\/iframe><\/p>\n<p>&nbsp;<\/p>\n<hr \/>\n<p>&nbsp;<\/p>\n<h2><span style=\"color: #808000;\">GOCCE DI FILOSOFIA 173 DI CHIARA CAU<\/span><\/h2>\n<p>AUDIO<\/p>\n<audio class=\"wp-audio-shortcode\" id=\"audio-269007-17\" preload=\"none\" style=\"width: 100%;\" controls=\"controls\"><source type=\"audio\/mpeg\" src=\"https:\/\/www.radiopiu.net\/wordpress\/wp-content\/uploads\/2022\/04\/FI3.mp3?_=17\" \/><a href=\"https:\/\/www.radiopiu.net\/wordpress\/wp-content\/uploads\/2022\/04\/FI3.mp3\">https:\/\/www.radiopiu.net\/wordpress\/wp-content\/uploads\/2022\/04\/FI3.mp3<\/a><\/audio>\n<p>&nbsp;<\/p>\n<p><strong>LA RACCOLTA COMPLETA<\/strong><\/p>\n<blockquote class=\"wp-embedded-content\" data-secret=\"ONM4ptcZh5\"><p><a href=\"https:\/\/www.radiopiu.net\/wordpress\/gocce-filosofia\/\">Gocce di filosofia, PRIMA E SECONDA STAGIONE 2022<\/a><\/p><\/blockquote>\n<p><iframe loading=\"lazy\" class=\"wp-embedded-content\" sandbox=\"allow-scripts\" security=\"restricted\" style=\"position: absolute; clip: rect(1px, 1px, 1px, 1px);\" title=\"&#8220;Gocce di filosofia, PRIMA E SECONDA STAGIONE 2022&#8221; &#8212; Radio Pi\u00f9\" src=\"https:\/\/www.radiopiu.net\/wordpress\/gocce-filosofia\/embed\/#?secret=kUzRqwRaiA#?secret=ONM4ptcZh5\" data-secret=\"ONM4ptcZh5\" width=\"600\" height=\"338\" frameborder=\"0\" marginwidth=\"0\" marginheight=\"0\" scrolling=\"no\"><\/iframe><\/p>\n<p>&nbsp;<\/p>\n<hr \/>\n<p>&nbsp;<\/p>\n<p>&nbsp;<\/p>\n<p><span style=\"color: #0000ff;\">MUSICA PIU&#8217;\u00a0<\/span><\/p>\n<p><a href=\"https:\/\/www.radiopiu.net\/wordpress\/giornale-radiopiu-20-settembre-2021-direttore-mirko-mezzacasa\/pp-79\/\" rel=\"attachment wp-att-232921\"><img loading=\"lazy\" decoding=\"async\" class=\"wp-image-232921 alignleft\" src=\"https:\/\/www.radiopiu.net\/wordpress\/wp-content\/uploads\/2021\/09\/pp-1-300x300.jpg\" alt=\"\" width=\"135\" height=\"135\" srcset=\"https:\/\/www.radiopiu.net\/wordpress\/wp-content\/uploads\/2021\/09\/pp-1-300x300.jpg 300w, https:\/\/www.radiopiu.net\/wordpress\/wp-content\/uploads\/2021\/09\/pp-1-150x150.jpg 150w, https:\/\/www.radiopiu.net\/wordpress\/wp-content\/uploads\/2021\/09\/pp-1.jpg 640w\" sizes=\"auto, (max-width: 135px) 100vw, 135px\" \/><\/a><\/p>\n<div class=\"mkdf-post-text\">\n<div class=\"mkdf-post-text-inner\">\n<div class=\"mkdf-post-text-main\">\n<div class=\"mkdf-post-text\">\n<div class=\"mkdf-post-text-inner\">\n<div class=\"mkdf-post-text-main\">\n<div class=\"mkdf-post-text\">\n<div class=\"mkdf-post-text-inner\">\n<div class=\"mkdf-post-text-main\">\n<div class=\"page-title-head hgroup\">\n<div class=\"page-title-head hgroup\">\n<div class=\"mkdf-post-text\">\n<div class=\"mkdf-post-text-inner\">\n<div class=\"mkdf-post-text-main\">\n<div class=\"mkdf-post-text\">\n<div class=\"mkdf-post-text-inner\">\n<div class=\"mkdf-post-text-main\">\n<div class=\"page-title-head hgroup\">\n<div class=\"page-title-head hgroup\">\n<div class=\"page-title-head hgroup\">\n<div class=\"page-title-head hgroup\">\n<div class=\"b654a4as d2edcug0\">\n<div class=\"page-title-head hgroup\">\n<div class=\"page-title-head hgroup\">\n<div class=\"page-title-head hgroup\">\n<div class=\"page-title-head hgroup\">\n<div class=\"b654a4as d2edcug0\">\n<div class=\"page-title-head hgroup\">\n<div class=\"page-title-head hgroup\">\n<div class=\"page-title-head hgroup\">\n<div class=\"page-title-head hgroup\">\n<div class=\"b654a4as d2edcug0\">\n<div class=\"mkdf-post-text\">\n<div class=\"mkdf-post-text-inner\">\n<div class=\"mkdf-post-text-main\">\n<div class=\"mkdf-post-text\">\n<div class=\"mkdf-post-text-inner\">\n<div class=\"mkdf-post-text-main\">\n<div class=\"mkdf-post-text\">\n<div class=\"mkdf-post-text-inner\">\n<div class=\"mkdf-post-text-main\">\n<div class=\"page-title-head hgroup\">\n<div class=\"page-title-head hgroup\">\n<div class=\"mkdf-post-text\">\n<div class=\"mkdf-post-text-inner\">\n<div class=\"mkdf-post-text-main\">\n<div class=\"mkdf-post-text\">\n<div class=\"mkdf-post-text-inner\">\n<div class=\"mkdf-post-text-main\">\n<div class=\"page-title-head hgroup\">\n<div class=\"page-title-head hgroup\">\n<div class=\"page-title-head hgroup\">\n<div class=\"page-title-head hgroup\">\n<div class=\"b654a4as d2edcug0\">\n<div class=\"page-title-head hgroup\">\n<div class=\"page-title-head hgroup\">\n<div class=\"page-title-head hgroup\">\n<div class=\"page-title-head hgroup\">\n<div class=\"b654a4as d2edcug0\">\n<div class=\"page-title-head hgroup\">\n<div class=\"page-title-head hgroup\">\n<div class=\"page-title-head hgroup\">\n<div class=\"page-title-head hgroup\">\n<div class=\"b654a4as d2edcug0\">\n<div><\/div>\n<div><\/div>\n<div>\n<p><strong>MUSICA ALLA RADIO, IL PROGRAMMA DI LORIS SCUSSEL &#8220;COLLAGE OPERAZIONE NOSTALGIA&#8221; DAL LUNEDI AL VENERDI ALLE 16.00\u00a0 E ALLE 23\u00a0<\/strong><\/p>\n<p>&nbsp;<\/p>\n<p><em><strong>PUNTATA 578 DEL 06 APRILE 2022<\/strong><\/em><\/p>\n<audio class=\"wp-audio-shortcode\" id=\"audio-269007-18\" preload=\"none\" style=\"width: 100%;\" controls=\"controls\"><source type=\"audio\/mpeg\" src=\"https:\/\/www.radiopiu.net\/wordpress\/wp-content\/uploads\/2022\/04\/Collage-578.mp3?_=18\" \/><a href=\"https:\/\/www.radiopiu.net\/wordpress\/wp-content\/uploads\/2022\/04\/Collage-578.mp3\">https:\/\/www.radiopiu.net\/wordpress\/wp-content\/uploads\/2022\/04\/Collage-578.mp3<\/a><\/audio>\n<p>&nbsp;<\/p>\n<\/div>\n<p><strong><a class=\"dt-pswp-item\" href=\"https:\/\/www.radiopiu.net\/wordpress\/wp-content\/uploads\/2022\/04\/minuetto-Mia-Martini.jpg\" data-dt-img-description=\"\" data-large_image_width=\"222\" data-large_image_height=\"222\"><img loading=\"lazy\" decoding=\"async\" class=\" wp-image-268528 alignleft\" src=\"https:\/\/www.radiopiu.net\/wordpress\/wp-content\/uploads\/2022\/04\/minuetto-Mia-Martini-150x150.jpg\" alt=\"\" width=\"98\" height=\"98\" srcset=\"https:\/\/www.radiopiu.net\/wordpress\/wp-content\/uploads\/2022\/04\/minuetto-Mia-Martini-150x150.jpg 150w, https:\/\/www.radiopiu.net\/wordpress\/wp-content\/uploads\/2022\/04\/minuetto-Mia-Martini.jpg 222w\" sizes=\"auto, (max-width: 98px) 100vw, 98px\" \/><\/a><\/strong><\/p>\n<p><strong>di Loris Scussel<\/strong><\/p>\n<p>Saranno le voci femminili italiane ad aprire la programmazione di Collage operazione nostalgia in una settimana caratterizzata dai successi internazionali in mezzo ai quali mercoled\u00ec troveranno spazio alcuni brani a tema con la parola \u201cgiorno\u201d nel titolo. Collage andr\u00e0 in onda come sempre dal luned\u00ec al venerd\u00ec alle 16,00 e alle 23,00.<\/p>\n<p>&nbsp;<\/p>\n<p>&nbsp;<\/p>\n<hr \/>\n<p>&nbsp;<\/p>\n<h2><span style=\"color: #0000ff;\">SALUTE &amp; SOCIETA&#8217;<\/span><\/h2>\n<p><strong>LA RACCOLTA COMPLETA<\/strong><\/p>\n<blockquote class=\"wp-embedded-content\" data-secret=\"g4ilc06mZu\"><p><a href=\"https:\/\/www.radiopiu.net\/wordpress\/saluteesocieta\/\">Salute e Societ\u00e0<\/a><\/p><\/blockquote>\n<p><iframe loading=\"lazy\" class=\"wp-embedded-content\" sandbox=\"allow-scripts\" security=\"restricted\" style=\"position: absolute; clip: rect(1px, 1px, 1px, 1px);\" title=\"&#8220;Salute e Societ\u00e0&#8221; &#8212; Radio Pi\u00f9\" src=\"https:\/\/www.radiopiu.net\/wordpress\/saluteesocieta\/embed\/#?secret=YUhU8gx3Ey#?secret=g4ilc06mZu\" data-secret=\"g4ilc06mZu\" width=\"600\" height=\"338\" frameborder=\"0\" marginwidth=\"0\" marginheight=\"0\" scrolling=\"no\"><\/iframe><\/p>\n<p>&nbsp;<\/p>\n<hr \/>\n<\/div>\n<\/div>\n<\/div>\n<\/div>\n<\/div>\n<\/div>\n<\/div>\n<\/div>\n<\/div>\n<\/div>\n<\/div>\n<\/div>\n<\/div>\n<\/div>\n<\/div>\n<\/div>\n<\/div>\n<\/div>\n<\/div>\n<\/div>\n<\/div>\n<\/div>\n<\/div>\n<\/div>\n<\/div>\n<\/div>\n<\/div>\n<\/div>\n<\/div>\n<\/div>\n<\/div>\n<\/div>\n<\/div>\n<\/div>\n<\/div>\n<\/div>\n<\/div>\n<\/div>\n<\/div>\n<\/div>\n<\/div>\n<\/div>\n<\/div>\n<\/div>\n<\/div>\n<\/div>\n<\/div>\n<\/div>\n<\/div>\n<\/div>\n<\/div>\n<\/div>\n<\/div>\n<\/div>\n<\/div>\n<\/div>\n<\/div>\n<\/div>\n<\/div>\n<\/div>\n<\/div>\n<\/div>\n<\/div>\n<\/div>\n<p>&nbsp;<\/p>\n<blockquote>\n<h3><span style=\"color: #0000ff;\">INFORMAZIONE il canale su TELEGRAM informazione di prima mano e in tempo reale. iscriviti ed aiutaci a farlo conoscere\u00a0\u00a0<\/span><\/h3>\n<\/blockquote>\n<div>\n<div class=\"page-title-head hgroup\">\n<div class=\"page-title-head hgroup\">\n<div class=\"page-title-head hgroup\">\n<div class=\"page-title-head hgroup\">\n<div class=\"b654a4as d2edcug0\">\n<div class=\"page-title-head hgroup\">\n<div class=\"page-title-head hgroup\">\n<div class=\"page-title-head hgroup\">\n<div class=\"page-title-head hgroup\">\n<div class=\"b654a4as d2edcug0\">\n<div class=\"page-title-head hgroup\">\n<div class=\"page-title-head hgroup\">\n<div class=\"page-title-head hgroup\">\n<div class=\"page-title-head hgroup\">\n<div class=\"page-title-head hgroup\">\n<div class=\"page-title-head hgroup\">\n<div class=\"page-title-head hgroup\">\n<div class=\"page-title-head hgroup\">\n<div class=\"page-title-head hgroup\">\n<div class=\"b654a4as d2edcug0\">\n<div class=\"page-title-head hgroup\">\n<div class=\"page-title-head hgroup\">\n<div class=\"page-title-head hgroup\">\n<div class=\"page-title-head hgroup\">\n<div class=\"b654a4as d2edcug0\">\n<div>\n<p>&nbsp;<\/p>\n<\/div>\n<div>\n<div class=\"page-title-head hgroup\">\n<div class=\"page-title-head hgroup\">\n<div class=\"page-title-head hgroup\">\n<div class=\"page-title-head hgroup\">\n<div class=\"page-title-head hgroup\">\n<div class=\"b654a4as d2edcug0\">\n<div>\n<hr \/>\n<\/div>\n<\/div>\n<div>\n<div>\n<p>&nbsp;<\/p>\n<\/div>\n<div>\n<div class=\"mkdf-post-text\">\n<div class=\"mkdf-post-text-inner\">\n<div class=\"mkdf-post-text-main\">\n<div class=\"mkdf-post-text\">\n<div class=\"mkdf-post-text-inner\">\n<div class=\"mkdf-post-text-main\">\n<div class=\"mkdf-post-text\">\n<div class=\"mkdf-post-text-inner\">\n<div class=\"mkdf-post-text-main\">\n<div class=\"page-title-head hgroup\">\n<div class=\"page-title-head hgroup\">\n<div class=\"mkdf-post-text\">\n<div class=\"mkdf-post-text-inner\">\n<div class=\"mkdf-post-text-main\">\n<div class=\"mkdf-post-text\">\n<div class=\"mkdf-post-text-inner\">\n<div class=\"mkdf-post-text-main\">\n<div class=\"page-title-head hgroup\">\n<div class=\"page-title-head hgroup\">\n<div class=\"page-title-head hgroup\">\n<div class=\"page-title-head hgroup\">\n<div class=\"b654a4as d2edcug0\">\n<div class=\"page-title-head hgroup\">\n<div class=\"page-title-head hgroup\">\n<div class=\"page-title-head hgroup\">\n<div class=\"page-title-head hgroup\">\n<div class=\"b654a4as d2edcug0\">\n<div class=\"page-title-head hgroup\">\n<div class=\"page-title-head hgroup\">\n<div class=\"page-title-head hgroup\">\n<div class=\"page-title-head hgroup\">\n<div>\n<div class=\"page-title-head hgroup\">\n<div class=\"page-title-head hgroup\">\n<div class=\"b654a4as d2edcug0\">\n<div class=\"j83agx80 btwxx1t3 lhclo0ds hop8lmos nkwizq5d scwd0bx6 roh60bw9\">\n<div class=\"rq0escxv hkbzh7o3 jwdofwj8 n8tt0mok r8blr3vg hyh9befq\">\n<div class=\"do00u71z l9j0dhe7 k4urcfbm\">\n<div class=\"ecm0bbzt e5nlhep0 a8c37x1j\">\n<div class=\"kvgmc6g5 cxmmr5t8 oygrvhab hcukyx3x c1et5uql\">\n<div class=\"gmail-kvgmc6g5 gmail-cxmmr5t8 gmail-oygrvhab gmail-hcukyx3x gmail-c1et5uql gmail-ii04i59q\">\n<div class=\"page-title-head hgroup\">\n<div class=\"page-title-head hgroup\">\n<div class=\"b654a4as d2edcug0\">\n<div class=\"j83agx80 btwxx1t3 lhclo0ds hop8lmos nkwizq5d scwd0bx6 roh60bw9\">\n<div class=\"rq0escxv hkbzh7o3 jwdofwj8 n8tt0mok r8blr3vg hyh9befq\">\n<div class=\"do00u71z l9j0dhe7 k4urcfbm\">\n<div class=\"page-title-head hgroup\">\n<div class=\"page-title-head hgroup\">\n<div class=\"page-title-head hgroup\">\n<div class=\"page-title-head hgroup\">\n<div class=\"b654a4as d2edcug0\">\n<div class=\"page-title-head hgroup\">\n<div class=\"page-title-head hgroup\">\n<div class=\"page-title-head hgroup\">\n<div class=\"page-title-head hgroup\">\n<div class=\"b654a4as d2edcug0\">\n<div class=\"page-title-head hgroup\">\n<div class=\"page-title-head hgroup\">\n<div class=\"page-title-head hgroup\">\n<div class=\"page-title-head hgroup\">\n<div class=\"page-title-head hgroup\">\n<div class=\"page-title-head hgroup\">\n<div class=\"page-title-head hgroup\">\n<div class=\"page-title-head hgroup\">\n<div class=\"page-title-head hgroup\">\n<div class=\"b654a4as d2edcug0\">\n<div class=\"page-title-head hgroup\">\n<div class=\"page-title-head hgroup\">\n<div class=\"page-title-head hgroup\">\n<div class=\"page-title-head hgroup\">\n<div class=\"b654a4as d2edcug0\">\n<div class=\"page-title-head hgroup\">\n<div class=\"page-title-head hgroup\">\n<div class=\"page-title-head hgroup\">\n<div class=\"page-title-head hgroup\">\n<div class=\"page-title-head hgroup\">\n<div class=\"mkdf-post-text\">\n<div class=\"mkdf-post-text-inner\">\n<div class=\"mkdf-post-text-main\">\n<div class=\"mkdf-post-text\">\n<div class=\"mkdf-post-text-inner\">\n<div class=\"mkdf-post-text-main\">\n<div class=\"mkdf-post-text\">\n<div class=\"mkdf-post-text-inner\">\n<div class=\"mkdf-post-text-main\">\n<div class=\"page-title-head hgroup\">\n<div class=\"page-title-head hgroup\">\n<div class=\"mkdf-post-text\">\n<div class=\"mkdf-post-text-inner\">\n<div class=\"mkdf-post-text-main\">\n<div class=\"mkdf-post-text\">\n<div class=\"mkdf-post-text-inner\">\n<div class=\"mkdf-post-text-main\">\n<div class=\"page-title-head hgroup\">\n<div class=\"page-title-head hgroup\">\n<div class=\"page-title-head hgroup\">\n<div class=\"page-title-head hgroup\">\n<div class=\"b654a4as d2edcug0\">\n<div class=\"page-title-head hgroup\">\n<div class=\"page-title-head hgroup\">\n<div class=\"page-title-head hgroup\">\n<div class=\"page-title-head hgroup\">\n<div class=\"b654a4as d2edcug0\">\n<div class=\"page-title-head hgroup\">\n<div class=\"page-title-head hgroup\">\n<div class=\"page-title-head hgroup\">\n<div class=\"page-title-head hgroup\">\n<div class=\"b654a4as d2edcug0\">\n<div>\n<div>\n<p><strong>DUE MINUTI UN LIBRO, TUTTI I GIORNI ALLA RADIO ALLE 9.40 E ALLE 17.50\u00a0\u00a0<\/strong><\/p>\n<div>\n<div>\n<p><strong>LA RACCOLTA COMPLETA\u00a0\u00a0<\/strong><\/p>\n<\/div>\n<\/div>\n<\/div>\n<div class=\"mkdf-post-text\">\n<div class=\"mkdf-post-text-inner\">\n<div class=\"mkdf-post-text-main\">\n<div class=\"mkdf-post-text\">\n<div class=\"mkdf-post-text-inner\">\n<div class=\"mkdf-post-text-main\">\n<div class=\"mkdf-post-text\">\n<div class=\"mkdf-post-text-inner\">\n<div class=\"mkdf-post-text-main\">\n<div class=\"page-title-head hgroup\">\n<div class=\"page-title-head hgroup\">\n<div class=\"mkdf-post-text\">\n<div class=\"mkdf-post-text-inner\">\n<div class=\"mkdf-post-text-main\">\n<div class=\"mkdf-post-text\">\n<div class=\"mkdf-post-text-inner\">\n<div class=\"mkdf-post-text-main\">\n<div class=\"page-title-head hgroup\">\n<div class=\"page-title-head hgroup\">\n<div class=\"page-title-head hgroup\">\n<div class=\"page-title-head hgroup\">\n<div class=\"b654a4as d2edcug0\">\n<div class=\"page-title-head hgroup\">\n<div class=\"page-title-head hgroup\">\n<div class=\"page-title-head hgroup\">\n<div class=\"page-title-head hgroup\">\n<div class=\"b654a4as d2edcug0\">\n<div class=\"page-title-head hgroup\">\n<div class=\"page-title-head hgroup\">\n<div class=\"page-title-head hgroup\">\n<div class=\"page-title-head hgroup\">\n<div class=\"b654a4as d2edcug0\">\n<div>\n<blockquote class=\"wp-embedded-content\" data-secret=\"mgKGcpFqWm\"><p><a href=\"https:\/\/www.radiopiu.net\/wordpress\/due-minuti-un-libro\/\">Due minuti un libro<\/a><\/p><\/blockquote>\n<p><iframe loading=\"lazy\" class=\"wp-embedded-content\" sandbox=\"allow-scripts\" security=\"restricted\" style=\"position: absolute; clip: rect(1px, 1px, 1px, 1px);\" title=\"&#8220;Due minuti un libro&#8221; &#8212; Radio Pi\u00f9\" src=\"https:\/\/www.radiopiu.net\/wordpress\/due-minuti-un-libro\/embed\/#?secret=EdYphNS1x1#?secret=mgKGcpFqWm\" data-secret=\"mgKGcpFqWm\" width=\"600\" height=\"338\" frameborder=\"0\" marginwidth=\"0\" marginheight=\"0\" scrolling=\"no\"><\/iframe><\/p>\n<p>&nbsp;<\/p>\n<\/div>\n<div>\n<hr \/>\n<p>&nbsp;<\/p>\n<\/div>\n<h2><span style=\"color: #808000;\">L&#8217;ALMANACCO LADINO\u00a0\u00a0<\/span><\/h2>\n<p><strong>LA RACCOLTA<\/strong><\/p>\n<blockquote class=\"wp-embedded-content\" data-secret=\"WI98yHN8Pl\"><p><a href=\"https:\/\/www.radiopiu.net\/wordpress\/almanacco-ladino\/\">Almanacco Ladino<\/a><\/p><\/blockquote>\n<p><iframe loading=\"lazy\" class=\"wp-embedded-content\" sandbox=\"allow-scripts\" security=\"restricted\" style=\"position: absolute; clip: rect(1px, 1px, 1px, 1px);\" title=\"&#8220;Almanacco Ladino&#8221; &#8212; Radio Pi\u00f9\" src=\"https:\/\/www.radiopiu.net\/wordpress\/almanacco-ladino\/embed\/#?secret=oSi2p5e3Rc#?secret=WI98yHN8Pl\" data-secret=\"WI98yHN8Pl\" width=\"600\" height=\"338\" frameborder=\"0\" marginwidth=\"0\" marginheight=\"0\" scrolling=\"no\"><\/iframe><\/p>\n<p>&nbsp;<\/p>\n<hr \/>\n<h2><span style=\"color: #33cccc;\">LA RASSEGNA STAMPA DA L&#8217;AMICO DEL POPOLO<\/span><\/h2>\n<p><strong><a class=\"dt-pswp-item\" href=\"https:\/\/www.radiopiu.net\/wordpress\/wp-content\/uploads\/2020\/11\/cai.jpeg\" data-dt-img-description=\"\" data-large_image_width=\"225\" data-large_image_height=\"225\"><img loading=\"lazy\" decoding=\"async\" class=\"size-thumbnail wp-image-174710 alignleft\" src=\"https:\/\/www.radiopiu.net\/wordpress\/wp-content\/uploads\/2020\/11\/cai-150x150.jpeg\" alt=\"\" width=\"150\" height=\"150\" srcset=\"https:\/\/www.radiopiu.net\/wordpress\/wp-content\/uploads\/2020\/11\/cai-150x150.jpeg 150w, https:\/\/www.radiopiu.net\/wordpress\/wp-content\/uploads\/2020\/11\/cai.jpeg 225w\" sizes=\"auto, (max-width: 150px) 100vw, 150px\" \/><\/a>di Gianni Santomaso<\/strong><\/p>\n<p>OSPITE: Dario Dell&#8217;Osbel, presidente della sezione agordina del Cai<\/p>\n<audio class=\"wp-audio-shortcode\" id=\"audio-269007-19\" preload=\"none\" style=\"width: 100%;\" controls=\"controls\"><source type=\"audio\/mpeg\" src=\"https:\/\/www.radiopiu.net\/wordpress\/wp-content\/uploads\/2022\/04\/RASSEGNA-GIANNI.mp3?_=19\" \/><a href=\"https:\/\/www.radiopiu.net\/wordpress\/wp-content\/uploads\/2022\/04\/RASSEGNA-GIANNI.mp3\">https:\/\/www.radiopiu.net\/wordpress\/wp-content\/uploads\/2022\/04\/RASSEGNA-GIANNI.mp3<\/a><\/audio>\n<p>&nbsp;<\/p>\n<p><strong>LA RACCOLTA COMPLETA<\/strong><\/p>\n<blockquote class=\"wp-embedded-content\" data-secret=\"jNRXdhl5w0\"><p><a href=\"https:\/\/www.radiopiu.net\/wordpress\/rassegna-stampa-di-gianni-santomaso\/\">Rassegna stampa da l&#8217;amico del popolo &#8211; di Gianni Santomaso<\/a><\/p><\/blockquote>\n<p><iframe loading=\"lazy\" class=\"wp-embedded-content\" sandbox=\"allow-scripts\" security=\"restricted\" style=\"position: absolute; clip: rect(1px, 1px, 1px, 1px);\" title=\"&#8220;Rassegna stampa da l&#8217;amico del popolo &#8211; di Gianni Santomaso&#8221; &#8212; Radio Pi\u00f9\" src=\"https:\/\/www.radiopiu.net\/wordpress\/rassegna-stampa-di-gianni-santomaso\/embed\/#?secret=eoH1yGmKLC#?secret=jNRXdhl5w0\" data-secret=\"jNRXdhl5w0\" width=\"600\" height=\"338\" frameborder=\"0\" marginwidth=\"0\" marginheight=\"0\" scrolling=\"no\"><\/iframe><\/p>\n<p>&nbsp;<\/p>\n<hr \/>\n<p>&nbsp;<\/p>\n<div>\n<div class=\"page-title-head hgroup\">\n<div class=\"page-title-head hgroup\">\n<div class=\"b654a4as d2edcug0\">\n<div class=\"j83agx80 btwxx1t3 lhclo0ds hop8lmos nkwizq5d scwd0bx6 roh60bw9\">\n<div class=\"rq0escxv hkbzh7o3 jwdofwj8 n8tt0mok r8blr3vg hyh9befq\">\n<div class=\"do00u71z l9j0dhe7 k4urcfbm\">\n<div class=\"ecm0bbzt e5nlhep0 a8c37x1j\">\n<div class=\"kvgmc6g5 cxmmr5t8 oygrvhab hcukyx3x c1et5uql\">\n<div class=\"gmail-kvgmc6g5 gmail-cxmmr5t8 gmail-oygrvhab gmail-hcukyx3x gmail-c1et5uql gmail-ii04i59q\">\n<div class=\"page-title-head hgroup\">\n<div class=\"page-title-head hgroup\">\n<div class=\"b654a4as d2edcug0\">\n<div class=\"j83agx80 btwxx1t3 lhclo0ds hop8lmos nkwizq5d scwd0bx6 roh60bw9\">\n<div class=\"rq0escxv hkbzh7o3 jwdofwj8 n8tt0mok r8blr3vg hyh9befq\">\n<div class=\"do00u71z l9j0dhe7 k4urcfbm\">\n<div class=\"page-title-head hgroup\">\n<div class=\"page-title-head hgroup\">\n<div class=\"page-title-head hgroup\">\n<div class=\"page-title-head hgroup\">\n<div class=\"b654a4as d2edcug0\">\n<div class=\"page-title-head hgroup\">\n<div class=\"page-title-head hgroup\">\n<div class=\"page-title-head hgroup\">\n<div class=\"page-title-head hgroup\">\n<div class=\"b654a4as d2edcug0\">\n<div class=\"page-title-head hgroup\">\n<div class=\"page-title-head hgroup\">\n<div class=\"page-title-head hgroup\">\n<div class=\"page-title-head hgroup\">\n<div class=\"page-title-head hgroup\">\n<div class=\"page-title-head hgroup\">\n<div class=\"page-title-head hgroup\">\n<div class=\"page-title-head hgroup\">\n<div class=\"page-title-head hgroup\">\n<div class=\"b654a4as d2edcug0\">\n<div class=\"page-title-head hgroup\">\n<div class=\"page-title-head hgroup\">\n<div class=\"page-title-head hgroup\">\n<div class=\"page-title-head hgroup\">\n<div class=\"b654a4as d2edcug0\">\n<div class=\"page-title-head hgroup\">\n<div class=\"page-title-head hgroup\">\n<div class=\"page-title-head hgroup\">\n<div class=\"page-title-head hgroup\">\n<div class=\"page-title-head hgroup\">\n<div class=\"mkdf-post-text\">\n<div class=\"mkdf-post-text-inner\">\n<div class=\"mkdf-post-text-main\">\n<div class=\"mkdf-post-text\">\n<div class=\"mkdf-post-text-inner\">\n<div class=\"mkdf-post-text-main\">\n<div class=\"mkdf-post-text\">\n<div class=\"mkdf-post-text-inner\">\n<div class=\"mkdf-post-text-main\">\n<div class=\"page-title-head hgroup\">\n<div class=\"page-title-head hgroup\">\n<div class=\"mkdf-post-text\">\n<div class=\"mkdf-post-text-inner\">\n<div class=\"mkdf-post-text-main\">\n<div class=\"mkdf-post-text\">\n<div class=\"mkdf-post-text-inner\">\n<div class=\"mkdf-post-text-main\">\n<div class=\"page-title-head hgroup\">\n<div class=\"page-title-head hgroup\">\n<div class=\"page-title-head hgroup\">\n<div class=\"page-title-head hgroup\">\n<div class=\"b654a4as d2edcug0\">\n<div class=\"page-title-head hgroup\">\n<div class=\"page-title-head hgroup\">\n<div class=\"page-title-head hgroup\">\n<div class=\"page-title-head hgroup\">\n<div class=\"b654a4as d2edcug0\">\n<div class=\"page-title-head hgroup\">\n<div class=\"page-title-head hgroup\">\n<div class=\"page-title-head hgroup\">\n<div class=\"page-title-head hgroup\">\n<div class=\"b654a4as d2edcug0\">\n<h2><span style=\"color: #800080;\">I RACCONTI DI PAOLO SOPPELSA\u00a0<\/span><\/h2>\n<p><strong>LA RACCOLTA COMPLETA<\/strong><\/p>\n<blockquote class=\"wp-embedded-content\" data-secret=\"XUD8NY9caL\"><p><a href=\"https:\/\/www.radiopiu.net\/wordpress\/i-racconti-di-paolo-soppelsa\/\">I racconti di Paolo Soppelsa<\/a><\/p><\/blockquote>\n<p><iframe loading=\"lazy\" class=\"wp-embedded-content\" sandbox=\"allow-scripts\" security=\"restricted\" style=\"position: absolute; clip: rect(1px, 1px, 1px, 1px);\" title=\"&#8220;I racconti di Paolo Soppelsa&#8221; &#8212; Radio Pi\u00f9\" src=\"https:\/\/www.radiopiu.net\/wordpress\/i-racconti-di-paolo-soppelsa\/embed\/#?secret=KDGjVO3sIy#?secret=XUD8NY9caL\" data-secret=\"XUD8NY9caL\" width=\"600\" height=\"338\" frameborder=\"0\" marginwidth=\"0\" marginheight=\"0\" scrolling=\"no\"><\/iframe><\/p>\n<p>&nbsp;<\/p>\n<hr \/>\n<p>&nbsp;<\/p>\n<\/div>\n<\/div>\n<\/div>\n<\/div>\n<\/div>\n<\/div>\n<\/div>\n<\/div>\n<\/div>\n<\/div>\n<\/div>\n<\/div>\n<\/div>\n<\/div>\n<\/div>\n<\/div>\n<\/div>\n<\/div>\n<\/div>\n<\/div>\n<\/div>\n<\/div>\n<\/div>\n<\/div>\n<\/div>\n<\/div>\n<\/div>\n<\/div>\n<\/div>\n<\/div>\n<\/div>\n<\/div>\n<\/div>\n<\/div>\n<\/div>\n<\/div>\n<\/div>\n<\/div>\n<\/div>\n<\/div>\n<\/div>\n<\/div>\n<\/div>\n<\/div>\n<\/div>\n<\/div>\n<\/div>\n<\/div>\n<\/div>\n<\/div>\n<\/div>\n<\/div>\n<\/div>\n<\/div>\n<\/div>\n<\/div>\n<\/div>\n<\/div>\n<\/div>\n<\/div>\n<\/div>\n<\/div>\n<\/div>\n<\/div>\n<\/div>\n<\/div>\n<\/div>\n<\/div>\n<\/div>\n<\/div>\n<\/div>\n<\/div>\n<\/div>\n<\/div>\n<\/div>\n<\/div>\n<\/div>\n<\/div>\n<\/div>\n<\/div>\n<\/div>\n<\/div>\n<\/div>\n<\/div>\n<\/div>\n<\/div>\n<\/div>\n<\/div>\n<\/div>\n<\/div>\n<\/div>\n<\/div>\n<\/div>\n<\/div>\n<\/div>\n<\/div>\n<\/div>\n<\/div>\n<\/div>\n<\/div>\n<\/div>\n<\/div>\n<\/div>\n<\/div>\n<\/div>\n<\/div>\n<\/div>\n<\/div>\n<\/div>\n<\/div>\n<\/div>\n<p><a href=\"https:\/\/www.radiopiu.net\/wordpress\/giornale-radiopiu-26-settembre-2018-direttore-mirko-mezzacasa\/viabilita-2\/\" rel=\"attachment wp-att-61954\"><img loading=\"lazy\" decoding=\"async\" class=\"aligncenter wp-image-61954 size-full\" src=\"https:\/\/www.radiopiu.net\/wordpress\/wp-content\/uploads\/2018\/09\/viabilita.jpeg\" sizes=\"auto, (max-width: 800px) 100vw, 800px\" srcset=\"https:\/\/www.radiopiu.net\/wordpress\/wp-content\/uploads\/2018\/09\/viabilita.jpeg 800w, https:\/\/www.radiopiu.net\/wordpress\/wp-content\/uploads\/2018\/09\/viabilita-300x38.jpeg 300w, https:\/\/www.radiopiu.net\/wordpress\/wp-content\/uploads\/2018\/09\/viabilita-768x96.jpeg 768w\" alt=\"\" width=\"800\" height=\"100\" \/><\/a><\/p>\n<\/div>\n<\/div>\n<\/div>\n<\/div>\n<\/div>\n<\/div>\n<\/div>\n<\/div>\n<\/div>\n<\/div>\n<\/div>\n<\/div>\n<\/div>\n<\/div>\n<\/div>\n<\/div>\n<\/div>\n<\/div>\n<\/div>\n<\/div>\n<\/div>\n<\/div>\n<\/div>\n<\/div>\n<\/div>\n<\/div>\n<\/div>\n<\/div>\n<\/div>\n<\/div>\n<\/div>\n<\/div>\n<\/div>\n<\/div>\n<\/div>\n<\/div>\n<\/div>\n<\/div>\n<\/div>\n<\/div>\n<\/div>\n<\/div>\n<\/div>\n<\/div>\n<\/div>\n<\/div>\n<\/div>\n<\/div>\n<\/div>\n<\/div>\n<\/div>\n<\/div>\n<\/div>\n<\/div>\n<\/div>\n<\/div>\n<\/div>\n<\/div>\n<\/div>\n<\/div>\n<\/div>\n<\/div>\n<\/div>\n<\/div>\n<\/div>\n<\/div>\n<\/div>\n<\/div>\n<\/div>\n<\/div>\n<\/div>\n<\/div>\n<\/div>\n<\/div>\n<\/div>\n<\/div>\n<\/div>\n<\/div>\n<div>\n<div class=\"page-title-head hgroup\">\n<div class=\"page-title-head hgroup\">\n<div class=\"b654a4as d2edcug0\">\n<div class=\"j83agx80 btwxx1t3 lhclo0ds hop8lmos nkwizq5d scwd0bx6 roh60bw9\">\n<div class=\"rq0escxv hkbzh7o3 jwdofwj8 n8tt0mok r8blr3vg hyh9befq\">\n<div class=\"do00u71z l9j0dhe7 k4urcfbm\">\n<div class=\"ecm0bbzt e5nlhep0 a8c37x1j\">\n<div class=\"kvgmc6g5 cxmmr5t8 oygrvhab hcukyx3x c1et5uql\">\n<div class=\"gmail-kvgmc6g5 gmail-cxmmr5t8 gmail-oygrvhab gmail-hcukyx3x gmail-c1et5uql gmail-ii04i59q\">\n<div class=\"page-title-head hgroup\">\n<div class=\"page-title-head hgroup\">\n<div class=\"b654a4as d2edcug0\">\n<div class=\"j83agx80 btwxx1t3 lhclo0ds hop8lmos nkwizq5d scwd0bx6 roh60bw9\">\n<div class=\"rq0escxv hkbzh7o3 jwdofwj8 n8tt0mok r8blr3vg hyh9befq\">\n<div class=\"do00u71z l9j0dhe7 k4urcfbm\">\n<div class=\"page-title-head hgroup\">\n<div class=\"page-title-head hgroup\">\n<div class=\"page-title-head hgroup\">\n<div class=\"page-title-head hgroup\">\n<div class=\"b654a4as d2edcug0\">\n<div class=\"page-title-head hgroup\">\n<div class=\"page-title-head hgroup\">\n<div class=\"page-title-head hgroup\">\n<div class=\"page-title-head hgroup\">\n<div class=\"b654a4as d2edcug0\">\n<div class=\"page-title-head hgroup\">\n<div class=\"page-title-head hgroup\">\n<div class=\"page-title-head hgroup\">\n<div class=\"page-title-head hgroup\">\n<div class=\"page-title-head hgroup\">\n<div class=\"page-title-head hgroup\">\n<div class=\"page-title-head hgroup\">\n<div class=\"page-title-head hgroup\">\n<div class=\"page-title-head hgroup\">\n<div class=\"b654a4as d2edcug0\">\n<div class=\"page-title-head hgroup\">\n<div class=\"page-title-head hgroup\">\n<div class=\"page-title-head hgroup\">\n<div class=\"page-title-head hgroup\">\n<div class=\"b654a4as d2edcug0\">\n<div class=\"page-title-head hgroup\">\n<div class=\"page-title-head hgroup\">\n<div class=\"page-title-head hgroup\">\n<div class=\"page-title-head hgroup\">\n<div class=\"page-title-head hgroup\">\n<div class=\"mkdf-post-text\">\n<div class=\"mkdf-post-text-inner\">\n<div class=\"mkdf-post-text-main\">\n<div class=\"mkdf-post-text\">\n<div class=\"mkdf-post-text-inner\">\n<div class=\"mkdf-post-text-main\">\n<div class=\"mkdf-post-text\">\n<div class=\"mkdf-post-text-inner\">\n<div class=\"mkdf-post-text-main\">\n<div class=\"page-title-head hgroup\">\n<div class=\"page-title-head hgroup\">\n<div class=\"mkdf-post-text\">\n<div class=\"mkdf-post-text-inner\">\n<div class=\"mkdf-post-text-main\">\n<div class=\"mkdf-post-text\">\n<div class=\"mkdf-post-text-inner\">\n<div class=\"mkdf-post-text-main\">\n<div class=\"page-title-head hgroup\">\n<div class=\"page-title-head hgroup\">\n<div class=\"page-title-head hgroup\">\n<div class=\"page-title-head hgroup\">\n<div class=\"b654a4as d2edcug0\">\n<div class=\"page-title-head hgroup\">\n<div class=\"page-title-head hgroup\">\n<div class=\"page-title-head hgroup\">\n<div class=\"page-title-head hgroup\">\n<div class=\"b654a4as d2edcug0\">\n<div class=\"page-title-head hgroup\">\n<div class=\"page-title-head hgroup\">\n<div class=\"page-title-head hgroup\">\n<div class=\"page-title-head hgroup\">\n<div class=\"b654a4as d2edcug0\">\n<div class=\"ecm0bbzt e5nlhep0 a8c37x1j\">\n<div class=\"kvgmc6g5 cxmmr5t8 oygrvhab hcukyx3x c1et5uql\">\n<div class=\"gmail-kvgmc6g5 gmail-cxmmr5t8 gmail-oygrvhab gmail-hcukyx3x gmail-c1et5uql gmail-ii04i59q\">\n<div class=\"page-title-head hgroup\">\n<div class=\"page-title-head hgroup\">\n<div class=\"b654a4as d2edcug0\">\n<div class=\"j83agx80 btwxx1t3 lhclo0ds hop8lmos nkwizq5d scwd0bx6 roh60bw9\">\n<div class=\"rq0escxv hkbzh7o3 jwdofwj8 n8tt0mok r8blr3vg hyh9befq\">\n<div class=\"do00u71z l9j0dhe7 k4urcfbm\">\n<div class=\"page-title-head hgroup\">\n<div class=\"page-title-head hgroup\">\n<div class=\"page-title-head hgroup\">\n<div class=\"page-title-head hgroup\">\n<div class=\"b654a4as d2edcug0\">\n<div class=\"page-title-head hgroup\">\n<div class=\"page-title-head hgroup\">\n<div class=\"page-title-head hgroup\">\n<div class=\"page-title-head hgroup\">\n<div class=\"b654a4as d2edcug0\">\n<div class=\"page-title-head hgroup\">\n<div class=\"page-title-head hgroup\">\n<div class=\"page-title-head hgroup\">\n<div class=\"page-title-head hgroup\">\n<div class=\"page-title-head hgroup\">\n<div class=\"page-title-head hgroup\">\n<div class=\"page-title-head hgroup\">\n<div class=\"page-title-head hgroup\">\n<div class=\"page-title-head hgroup\">\n<div class=\"b654a4as d2edcug0\">\n<div class=\"page-title-head hgroup\">\n<div class=\"page-title-head hgroup\">\n<div class=\"page-title-head hgroup\">\n<div class=\"page-title-head hgroup\">\n<div class=\"b654a4as d2edcug0\">\n<div class=\"page-title-head hgroup\">\n<div class=\"page-title-head hgroup\">\n<div class=\"page-title-head hgroup\">\n<div class=\"page-title-head hgroup\">\n<div class=\"page-title-head hgroup\">\n<div class=\"mkdf-post-text\">\n<div class=\"mkdf-post-text-inner\">\n<div class=\"mkdf-post-text-main\">\n<div class=\"mkdf-post-text\">\n<div class=\"mkdf-post-text-inner\">\n<div class=\"mkdf-post-text-main\">\n<div class=\"mkdf-post-text\">\n<div class=\"mkdf-post-text-inner\">\n<div class=\"mkdf-post-text-main\">\n<div class=\"page-title-head hgroup\">\n<div class=\"page-title-head hgroup\">\n<div class=\"mkdf-post-text\">\n<div class=\"mkdf-post-text-inner\">\n<div class=\"mkdf-post-text-main\">\n<div class=\"mkdf-post-text\">\n<div class=\"mkdf-post-text-inner\">\n<div class=\"mkdf-post-text-main\">\n<div class=\"page-title-head hgroup\">\n<div class=\"page-title-head hgroup\">\n<div class=\"page-title-head hgroup\">\n<div class=\"page-title-head hgroup\">\n<div class=\"b654a4as d2edcug0\">\n<div class=\"page-title-head hgroup\">\n<div class=\"page-title-head hgroup\">\n<div class=\"page-title-head hgroup\">\n<div class=\"page-title-head hgroup\">\n<div class=\"b654a4as d2edcug0\">\n<div class=\"page-title-head hgroup\">\n<div class=\"page-title-head hgroup\">\n<div class=\"page-title-head hgroup\">\n<div class=\"page-title-head hgroup\">\n<div class=\"b654a4as d2edcug0\">\n<p>&nbsp;<\/p>\n<blockquote class=\"wp-embedded-content\" data-secret=\"rXp6RWwcgm\"><p><a href=\"https:\/\/www.radiopiu.net\/wordpress\/viabilita\/\">viabilita<\/a><\/p><\/blockquote>\n<p><iframe loading=\"lazy\" class=\"wp-embedded-content\" sandbox=\"allow-scripts\" security=\"restricted\" style=\"position: absolute; clip: rect(1px, 1px, 1px, 1px);\" title=\"&#8220;viabilita&#8221; &#8212; Radio Pi\u00f9\" src=\"https:\/\/www.radiopiu.net\/wordpress\/viabilita\/embed\/#?secret=WENZE6y6hZ#?secret=rXp6RWwcgm\" data-secret=\"rXp6RWwcgm\" width=\"600\" height=\"338\" frameborder=\"0\" marginwidth=\"0\" marginheight=\"0\" scrolling=\"no\"><\/iframe><\/p>\n<\/div>\n<\/div>\n<\/div>\n<\/div>\n<\/div>\n<\/div>\n<\/div>\n<\/div>\n<\/div>\n<\/div>\n<\/div>\n<\/div>\n<\/div>\n<\/div>\n<\/div>\n<\/div>\n<\/div>\n<\/div>\n<\/div>\n<\/div>\n<\/div>\n<\/div>\n<\/div>\n<\/div>\n<\/div>\n<\/div>\n<\/div>\n<\/div>\n<\/div>\n<\/div>\n<\/div>\n<\/div>\n<\/div>\n<\/div>\n<\/div>\n<\/div>\n<\/div>\n<\/div>\n<\/div>\n<\/div>\n<\/div>\n<\/div>\n<\/div>\n<\/div>\n<\/div>\n<\/div>\n<\/div>\n<\/div>\n<\/div>\n<\/div>\n<\/div>\n<\/div>\n<\/div>\n<\/div>\n<\/div>\n<\/div>\n<\/div>\n<\/div>\n<\/div>\n<\/div>\n<\/div>\n<\/div>\n<\/div>\n<\/div>\n<\/div>\n<\/div>\n<\/div>\n<\/div>\n<\/div>\n<\/div>\n<\/div>\n<\/div>\n<\/div>\n<\/div>\n<\/div>\n<\/div>\n<\/div>\n<\/div>\n<\/div>\n<\/div>\n<\/div>\n<\/div>\n<\/div>\n<\/div>\n<\/div>\n<\/div>\n<\/div>\n<\/div>\n<\/div>\n<\/div>\n<\/div>\n<\/div>\n<\/div>\n<\/div>\n<\/div>\n<\/div>\n<\/div>\n<\/div>\n<\/div>\n<\/div>\n<\/div>\n<\/div>\n<\/div>\n<\/div>\n<\/div>\n<\/div>\n<\/div>\n<\/div>\n<\/div>\n<\/div>\n<\/div>\n<\/div>\n<\/div>\n<\/div>\n<\/div>\n<\/div>\n<\/div>\n<\/div>\n<\/div>\n<\/div>\n<\/div>\n<\/div>\n<\/div>\n<\/div>\n<\/div>\n<\/div>\n<\/div>\n<\/div>\n<\/div>\n<\/div>\n<\/div>\n<\/div>\n<\/div>\n<\/div>\n<\/div>\n<\/div>\n<\/div>\n<\/div>\n<\/div>\n<\/div>\n<\/div>\n<\/div>\n<\/div>\n<\/div>\n<\/div>\n<\/div>\n<\/div>\n<\/div>\n<\/div>\n<p>&nbsp;<\/p>\n<div>\n<div class=\"page-title-head hgroup\">\n<div class=\"page-title-head hgroup\">\n<div class=\"b654a4as d2edcug0\">\n<div class=\"j83agx80 btwxx1t3 lhclo0ds hop8lmos nkwizq5d scwd0bx6 roh60bw9\">\n<div class=\"rq0escxv hkbzh7o3 jwdofwj8 n8tt0mok r8blr3vg hyh9befq\">\n<div class=\"do00u71z l9j0dhe7 k4urcfbm\">\n<div class=\"page-title-head hgroup\">\n<div class=\"page-title-head hgroup\">\n<div class=\"b654a4as d2edcug0\">\n<div class=\"j83agx80 btwxx1t3 lhclo0ds hop8lmos nkwizq5d scwd0bx6 roh60bw9\">\n<div class=\"rq0escxv hkbzh7o3 jwdofwj8 n8tt0mok r8blr3vg hyh9befq\">\n<div class=\"do00u71z l9j0dhe7 k4urcfbm\">\n<div class=\"ecm0bbzt e5nlhep0 a8c37x1j\">\n<div class=\"kvgmc6g5 cxmmr5t8 oygrvhab hcukyx3x c1et5uql\">\n<div class=\"gmail-kvgmc6g5 gmail-cxmmr5t8 gmail-oygrvhab gmail-hcukyx3x gmail-c1et5uql gmail-ii04i59q\">\n<div class=\"page-title-head hgroup\">\n<div class=\"page-title-head hgroup\">\n<div class=\"b654a4as d2edcug0\">\n<div class=\"j83agx80 btwxx1t3 lhclo0ds hop8lmos nkwizq5d scwd0bx6 roh60bw9\">\n<div class=\"rq0escxv hkbzh7o3 jwdofwj8 n8tt0mok r8blr3vg hyh9befq\">\n<div class=\"do00u71z l9j0dhe7 k4urcfbm\">\n<div class=\"page-title-head hgroup\">\n<div class=\"page-title-head hgroup\">\n<div class=\"b654a4as d2edcug0\">\n<div class=\"j83agx80 btwxx1t3 lhclo0ds hop8lmos nkwizq5d scwd0bx6 roh60bw9\">\n<div class=\"rq0escxv hkbzh7o3 jwdofwj8 n8tt0mok r8blr3vg hyh9befq\">\n<div class=\"do00u71z l9j0dhe7 k4urcfbm\">\n<div>\n<div class=\"page-title-head hgroup\">\n<div class=\"page-title-head hgroup\">\n<div class=\"b654a4as d2edcug0\">\n<div class=\"j83agx80 btwxx1t3 lhclo0ds hop8lmos nkwizq5d scwd0bx6 roh60bw9\">\n<div class=\"rq0escxv hkbzh7o3 jwdofwj8 n8tt0mok r8blr3vg hyh9befq\">\n<div class=\"do00u71z l9j0dhe7 k4urcfbm\">\n<div class=\"ecm0bbzt e5nlhep0 a8c37x1j\">\n<div class=\"kvgmc6g5 cxmmr5t8 oygrvhab hcukyx3x c1et5uql\">\n<div class=\"gmail-kvgmc6g5 gmail-cxmmr5t8 gmail-oygrvhab gmail-hcukyx3x gmail-c1et5uql gmail-ii04i59q\">\n<div class=\"page-title-head hgroup\">\n<div class=\"page-title-head hgroup\">\n<div class=\"b654a4as d2edcug0\">\n<div class=\"j83agx80 btwxx1t3 lhclo0ds hop8lmos nkwizq5d scwd0bx6 roh60bw9\">\n<div class=\"rq0escxv hkbzh7o3 jwdofwj8 n8tt0mok r8blr3vg hyh9befq\">\n<div class=\"do00u71z l9j0dhe7 k4urcfbm\">\n<div class=\"page-title-head hgroup\">\n<div class=\"page-title-head hgroup\">\n<div class=\"page-title-head hgroup\">\n<div class=\"page-title-head hgroup\">\n<div class=\"b654a4as d2edcug0\">\n<div class=\"page-title-head hgroup\">\n<div class=\"page-title-head hgroup\">\n<div class=\"page-title-head hgroup\">\n<div class=\"page-title-head hgroup\">\n<div class=\"b654a4as d2edcug0\">\n<div class=\"page-title-head hgroup\">\n<div class=\"page-title-head hgroup\">\n<div class=\"page-title-head hgroup\">\n<div class=\"page-title-head hgroup\">\n<div class=\"page-title-head hgroup\">\n<div class=\"page-title-head hgroup\">\n<div class=\"page-title-head hgroup\">\n<div class=\"page-title-head hgroup\">\n<div class=\"page-title-head hgroup\">\n<div class=\"b654a4as d2edcug0\">\n<div class=\"page-title-head hgroup\">\n<div class=\"page-title-head hgroup\">\n<div class=\"page-title-head hgroup\">\n<div class=\"page-title-head hgroup\">\n<div class=\"b654a4as d2edcug0\">\n<div class=\"page-title-head hgroup\">\n<div class=\"page-title-head hgroup\">\n<div class=\"page-title-head hgroup\">\n<div class=\"page-title-head hgroup\">\n<div class=\"page-title-head hgroup\">\n<div class=\"mkdf-post-text\">\n<div class=\"mkdf-post-text-inner\">\n<div class=\"mkdf-post-text-main\">\n<div class=\"mkdf-post-text\">\n<div class=\"mkdf-post-text-inner\">\n<div class=\"mkdf-post-text-main\">\n<div class=\"mkdf-post-text\">\n<div class=\"mkdf-post-text-inner\">\n<div class=\"mkdf-post-text-main\">\n<div class=\"page-title-head hgroup\">\n<div class=\"page-title-head hgroup\">\n<div class=\"mkdf-post-text\">\n<div class=\"mkdf-post-text-inner\">\n<div class=\"mkdf-post-text-main\">\n<div class=\"mkdf-post-text\">\n<div class=\"mkdf-post-text-inner\">\n<div class=\"mkdf-post-text-main\">\n<div class=\"page-title-head hgroup\">\n<div class=\"page-title-head hgroup\">\n<div class=\"page-title-head hgroup\">\n<div class=\"page-title-head hgroup\">\n<div class=\"b654a4as d2edcug0\">\n<div class=\"page-title-head hgroup\">\n<div class=\"page-title-head hgroup\">\n<div class=\"page-title-head hgroup\">\n<div class=\"page-title-head hgroup\">\n<div class=\"b654a4as d2edcug0\">\n<div class=\"page-title-head hgroup\">\n<div class=\"page-title-head hgroup\">\n<div class=\"page-title-head hgroup\">\n<div class=\"page-title-head hgroup\">\n<div class=\"b654a4as d2edcug0\">\n<div class=\"ecm0bbzt e5nlhep0 a8c37x1j\">\n<div class=\"kvgmc6g5 cxmmr5t8 oygrvhab hcukyx3x c1et5uql\">\n<div class=\"gmail-kvgmc6g5 gmail-cxmmr5t8 gmail-oygrvhab gmail-hcukyx3x gmail-c1et5uql gmail-ii04i59q\">\n<div class=\"page-title-head hgroup\">\n<div class=\"page-title-head hgroup\">\n<div class=\"b654a4as d2edcug0\">\n<div class=\"j83agx80 btwxx1t3 lhclo0ds hop8lmos nkwizq5d scwd0bx6 roh60bw9\">\n<div class=\"rq0escxv hkbzh7o3 jwdofwj8 n8tt0mok r8blr3vg hyh9befq\">\n<div class=\"do00u71z l9j0dhe7 k4urcfbm\">\n<div class=\"page-title-head hgroup\">\n<div class=\"page-title-head hgroup\">\n<div class=\"page-title-head hgroup\">\n<div class=\"page-title-head hgroup\">\n<div class=\"b654a4as d2edcug0\">\n<div class=\"page-title-head hgroup\">\n<div class=\"page-title-head hgroup\">\n<div class=\"page-title-head hgroup\">\n<div class=\"page-title-head hgroup\">\n<div class=\"b654a4as d2edcug0\">\n<div class=\"page-title-head hgroup\">\n<div class=\"page-title-head hgroup\">\n<div class=\"page-title-head hgroup\">\n<div class=\"page-title-head hgroup\">\n<div class=\"page-title-head hgroup\">\n<div class=\"page-title-head hgroup\">\n<div class=\"page-title-head hgroup\">\n<div class=\"page-title-head hgroup\">\n<div class=\"page-title-head hgroup\">\n<div class=\"b654a4as d2edcug0\">\n<div class=\"page-title-head hgroup\">\n<div class=\"page-title-head hgroup\">\n<div class=\"page-title-head hgroup\">\n<div class=\"page-title-head hgroup\">\n<div class=\"b654a4as d2edcug0\">\n<div class=\"page-title-head hgroup\">\n<div class=\"page-title-head hgroup\">\n<div class=\"page-title-head hgroup\">\n<div class=\"page-title-head hgroup\">\n<div class=\"page-title-head hgroup\">\n<div class=\"mkdf-post-text\">\n<div class=\"mkdf-post-text-inner\">\n<div class=\"mkdf-post-text-main\">\n<div class=\"mkdf-post-text\">\n<div class=\"mkdf-post-text-inner\">\n<div class=\"mkdf-post-text-main\">\n<div class=\"mkdf-post-text\">\n<div class=\"mkdf-post-text-inner\">\n<div class=\"mkdf-post-text-main\">\n<div class=\"page-title-head hgroup\">\n<div class=\"page-title-head hgroup\">\n<div class=\"mkdf-post-text\">\n<div class=\"mkdf-post-text-inner\">\n<div class=\"mkdf-post-text-main\">\n<div class=\"mkdf-post-text\">\n<div class=\"mkdf-post-text-inner\">\n<div class=\"mkdf-post-text-main\">\n<div class=\"page-title-head hgroup\">\n<div class=\"page-title-head hgroup\">\n<div class=\"page-title-head hgroup\">\n<div class=\"page-title-head hgroup\">\n<div class=\"b654a4as d2edcug0\">\n<div class=\"page-title-head hgroup\">\n<div class=\"page-title-head hgroup\">\n<div class=\"page-title-head hgroup\">\n<div class=\"page-title-head hgroup\">\n<div class=\"b654a4as d2edcug0\">\n<div class=\"page-title-head hgroup\">\n<div class=\"page-title-head hgroup\">\n<div class=\"page-title-head hgroup\">\n<div class=\"page-title-head hgroup\">\n<div class=\"b654a4as d2edcug0\">\n<hr \/>\n<p>&nbsp;<\/p>\n<\/div>\n<div class=\"b654a4as d2edcug0\">\n<div class=\"ecm0bbzt e5nlhep0 a8c37x1j\">\n<div class=\"kvgmc6g5 cxmmr5t8 oygrvhab hcukyx3x c1et5uql\">\n<div class=\"gmail-kvgmc6g5 gmail-cxmmr5t8 gmail-oygrvhab gmail-hcukyx3x gmail-c1et5uql gmail-ii04i59q\">\n<div>\n<div class=\"page-title-head hgroup\">\n<div class=\"page-title-head hgroup\">\n<div class=\"b654a4as d2edcug0\">\n<div class=\"j83agx80 btwxx1t3 lhclo0ds hop8lmos nkwizq5d scwd0bx6 roh60bw9\">\n<div class=\"rq0escxv hkbzh7o3 jwdofwj8 n8tt0mok r8blr3vg hyh9befq\">\n<div class=\"do00u71z l9j0dhe7 k4urcfbm\">\n<div>\n<div class=\"page-title-head hgroup\">\n<div class=\"page-title-head hgroup\">\n<div class=\"page-title-head hgroup\">\n<div class=\"page-title-head hgroup\">\n<div class=\"b654a4as d2edcug0\">\n<div class=\"page-title-head hgroup\">\n<div class=\"page-title-head hgroup\">\n<div class=\"page-title-head hgroup\">\n<div class=\"page-title-head hgroup\">\n<div class=\"b654a4as d2edcug0\">\n<div class=\"page-title-head hgroup\">\n<div class=\"page-title-head hgroup\">\n<div class=\"page-title-head hgroup\">\n<div class=\"page-title-head hgroup\">\n<div class=\"page-title-head hgroup\">\n<div class=\"mkdf-post-text\">\n<div class=\"mkdf-post-text-inner\">\n<div class=\"mkdf-post-text-main\">\n<div class=\"mkdf-post-text\">\n<div class=\"mkdf-post-text-inner\">\n<div class=\"mkdf-post-text-main\">\n<div class=\"mkdf-post-text\">\n<div class=\"mkdf-post-text-inner\">\n<div class=\"mkdf-post-text-main\">\n<div class=\"page-title-head hgroup\">\n<div class=\"page-title-head hgroup\">\n<div class=\"mkdf-post-text\">\n<div class=\"mkdf-post-text-inner\">\n<div class=\"mkdf-post-text-main\">\n<div class=\"mkdf-post-text\">\n<div class=\"mkdf-post-text-inner\">\n<div class=\"mkdf-post-text-main\">\n<div>\n<div class=\"page-title-head hgroup\">\n<div class=\"page-title-head hgroup\">\n<div>\n<div class=\"page-title-head hgroup\">\n<div class=\"page-title-head hgroup\">\n<div class=\"b654a4as d2edcug0\">\n<div>\n<div class=\"page-title-head hgroup\" style=\"text-align: left;\">\n<div class=\"page-title-head hgroup\">\n<div dir=\"auto\">\n<p><a class=\"dt-pswp-item pspw-wrap-ready\" href=\"https:\/\/i0.wp.com\/www.radiopiu.net\/wordpress\/wp-content\/uploads\/2018\/09\/WhatsApp-Image-2018-09-20-at-16.04.06.jpeg?ssl=1\" data-dt-img-description=\"\" data-large_image_width=\"800\" data-large_image_height=\"100\"><img loading=\"lazy\" decoding=\"async\" class=\"aligncenter wp-image-61378 size-full jetpack-lazy-image jetpack-lazy-image--handled\" src=\"https:\/\/i0.wp.com\/www.radiopiu.net\/wordpress\/wp-content\/uploads\/2018\/09\/WhatsApp-Image-2018-09-20-at-16.04.06.jpeg?resize=800%2C100&amp;ssl=1\" sizes=\"auto, (max-width: 800px) 100vw, 800px\" srcset=\"https:\/\/i0.wp.com\/www.radiopiu.net\/wordpress\/wp-content\/uploads\/2018\/09\/WhatsApp-Image-2018-09-20-at-16.04.06.jpeg?w=800&amp;ssl=1 800w, https:\/\/i0.wp.com\/www.radiopiu.net\/wordpress\/wp-content\/uploads\/2018\/09\/WhatsApp-Image-2018-09-20-at-16.04.06.jpeg?resize=300%2C38&amp;ssl=1 300w, https:\/\/i0.wp.com\/www.radiopiu.net\/wordpress\/wp-content\/uploads\/2018\/09\/WhatsApp-Image-2018-09-20-at-16.04.06.jpeg?resize=768%2C96&amp;ssl=1 768w\" alt=\"\" width=\"800\" height=\"100\" data-lazy-loaded=\"1\" \/><\/a><\/p>\n<\/div>\n<\/div>\n<\/div>\n<\/div>\n<\/div>\n<\/div>\n<\/div>\n<\/div>\n<\/div>\n<\/div>\n<\/div>\n<\/div>\n<\/div>\n<\/div>\n<\/div>\n<\/div>\n<\/div>\n<\/div>\n<\/div>\n<\/div>\n<\/div>\n<\/div>\n<\/div>\n<\/div>\n<\/div>\n<\/div>\n<\/div>\n<\/div>\n<\/div>\n<\/div>\n<\/div>\n<\/div>\n<\/div>\n<\/div>\n<\/div>\n<\/div>\n<\/div>\n<\/div>\n<\/div>\n<\/div>\n<\/div>\n<\/div>\n<\/div>\n<\/div>\n<\/div>\n<\/div>\n<\/div>\n<\/div>\n<\/div>\n<\/div>\n<\/div>\n<\/div>\n<\/div>\n<\/div>\n<\/div>\n<\/div>\n<\/div>\n<\/div>\n<\/div>\n<\/div>\n<\/div>\n<\/div>\n<\/div>\n<\/div>\n<\/div>\n<\/div>\n<\/div>\n<\/div>\n<\/div>\n<\/div>\n<\/div>\n<\/div>\n<\/div>\n<\/div>\n<\/div>\n<\/div>\n<\/div>\n<\/div>\n<\/div>\n<\/div>\n<\/div>\n<\/div>\n<\/div>\n<\/div>\n<\/div>\n<\/div>\n<\/div>\n<\/div>\n<\/div>\n<\/div>\n<\/div>\n<\/div>\n<\/div>\n<\/div>\n<\/div>\n<\/div>\n<\/div>\n<\/div>\n<\/div>\n<\/div>\n<\/div>\n<\/div>\n<\/div>\n<\/div>\n<\/div>\n<\/div>\n<\/div>\n<\/div>\n<\/div>\n<\/div>\n<\/div>\n<\/div>\n<\/div>\n<\/div>\n<\/div>\n<\/div>\n<\/div>\n<\/div>\n<\/div>\n<\/div>\n<\/div>\n<\/div>\n<\/div>\n<\/div>\n<\/div>\n<\/div>\n<\/div>\n<\/div>\n<\/div>\n<\/div>\n<\/div>\n<\/div>\n<\/div>\n<\/div>\n<\/div>\n<\/div>\n<\/div>\n<\/div>\n<\/div>\n<\/div>\n<\/div>\n<\/div>\n<\/div>\n<\/div>\n<\/div>\n<\/div>\n<\/div>\n<\/div>\n<\/div>\n<\/div>\n<\/div>\n<\/div>\n<\/div>\n<\/div>\n<\/div>\n<\/div>\n<\/div>\n<\/div>\n<\/div>\n<\/div>\n<\/div>\n<\/div>\n<\/div>\n<\/div>\n<\/div>\n<\/div>\n<\/div>\n<\/div>\n<\/div>\n<\/div>\n<\/div>\n<\/div>\n<\/div>\n<\/div>\n<\/div>\n<\/div>\n<\/div>\n<\/div>\n<\/div>\n<\/div>\n<\/div>\n<\/div>\n<\/div>\n<\/div>\n<\/div>\n<\/div>\n<\/div>\n<\/div>\n<\/div>\n<\/div>\n<\/div>\n<\/div>\n<\/div>\n<\/div>\n<\/div>\n<\/div>\n<\/div>\n<\/div>\n<\/div>\n<\/div>\n<\/div>\n<\/div>\n<\/div>\n<\/div>\n<\/div>\n<\/div>\n<\/div>\n<\/div>\n<\/div>\n<\/div>\n<\/div>\n<\/div>\n<\/div>\n<\/div>\n<\/div>\n<\/div>\n<\/div>\n<\/div>\n<\/div>\n<\/div>\n<\/div>\n<\/div>\n<\/div>\n<\/div>\n<\/div>\n<\/div>\n<\/div>\n<\/div>\n<\/div>\n<\/div>\n<\/div>\n<p>&nbsp;<\/p>\n<p><strong>gioved\u00ec 7.<\/strong>\u00a0Tra l&#8217;alba e le ore centrali del giorno tempo variabile con tratti soleggiati e annuvolamenti irregolari, maggiore nuvolosit\u00e0 per nubi basse sulle Prealpi. Al pomeriggio aumento della nuvolosit\u00e0 fino a cielo coperto e non saranno da escludere locali deboli fenomeni, specie sulle Dolomiti. Nonostante la copertura nuvolosa, il flusso da sud-ovest consentir\u00e0 di conservare un livello termico relativamente mite.<br \/>\n<strong>Precipitazioni.<\/strong>\u00a0Al mattino assenti (0%), al pomeriggio qualche sporadico piovasco, specie sulle Dolomiti, e pressoch\u00e9 assenti sulle Prealpi. Non escluso qualche fiocco oltre i 1900-2000 m.<br \/>\n<strong>Temperature.<\/strong>\u00a0Minime stazionarie in quota e in rialzo nelle valli, massime in aumento, previste punte di 13\/14\u00b0C nei fondovalle prealpini e di 8\/11\u00b0C a 1000\/1200 m. Su Prealpi a 1500 m min 3\u00b0C max 10\u00b0C, a 2000 m min 0\u00b0C, max 5\u00b0C. Su Dolomiti a 2000 m min -1\u00b0C max 5\u00b0C, 3000 m min -6\u00b0C max -3\u00b0C.<br \/>\n<strong>Venti.<\/strong>\u00a0Nelle valli perlopi\u00f9 deboli a regime di brezza, salvo locali e temporanei rinforzi; in quota moderati nord-occidentali al mattino, in netto rinforzo fino forti da sud-ovest al pomeriggio, a 10-25 km\/h a 2000 m e 25-50 km\/h a 3000 m.<\/p>\n<p><strong>venerd\u00ec 8.<\/strong>\u00a0Nuvolosit\u00e0 in aumento, inizialmente alta e medio-alta stratiforme. Poi nel corso del pomeriggio ulteriore intensificazione della copertura nuvolosa, spesso associata a un lieve e temporaneo peggioramento delle condizioni meteo. Nel contempo si verificher\u00e0 un repentino richiamo di aria assai mite, maggiormente avvertito in quota.<br \/>\n<strong>Precipitazioni.<\/strong>\u00a0Probabilit\u00e0 bassa al mattino (0\/10%). Al pomeriggio e sopratutto in serata crescente rischio di precipitazioni sparse (60\/70%), nevose oltre i 2200-2400 m.<br \/>\n<strong>Temperature.<\/strong>\u00a0Minime in leggero calo, almeno nelle valli; massime in generale ripresa. Su Prealpi a 1500 m min 6\u00b0C max 11\u00b0C, a 2000 m min 4\u00b0C, max 7\u00b0C. Su Dolomiti a 2000 m min 3\u00b0C max 6\u00b0C, 3000 m min -4\u00b0C max -2\u00b0C.<br \/>\n<strong>Venti.<\/strong>\u00a0Nelle valli perlopi\u00f9 deboli di direzione variabile; in quota venti inizialmente tesi da ovest nord-ovest, poi moderati da sud-ovest, prima di tornare a essere forti dal pomeriggio in poi, a 15-30 km\/h a 2000 m e 25-70 km\/h a 3000 m.<\/p>\n<p><strong>sabato 9.<\/strong>\u00a0Il tempo peggiorer\u00e0 gradualmente fino a risultare instabile sulla fascia prealpina, con il limite neve che scender\u00e0 dai 1700-1800 m iniziali fino a 1100\/1300 m, mentre la rapida rotazione delle correnti dai quadranti settentrionali potrebbe impedire il verificarsi dell&#8217;instabilit\u00e0 sulle Dolomiti, salvo qualche burrasca di neve in quota. Temperature in diminuzione con minime alla sera (a 3000 m -4\u00b0C all&#8217;alba e -12\u00b0C alla sera), eccetto rialzo delle minime del mattino nelle valli. Venti perlopi\u00f9 deboli di direzione variabile nelle valli, salvo episodi di Foehn nelle valli dolomitiche; in alta quota moderati da ovest nottetempo, poi in graduale rinforzo fino a forti da nord.<\/p>\n<p><strong>domenica 10.<\/strong>\u00a0Netto miglioramento del tempo con sole, cielo sereno e aria nitida. Le uniche e limitate insidie potranno essere qualche banco di nubi basse mattutine in Valbelluna e lo sviluppo di qualche modesto cumulo a ridosso delle cime durante le ore pi\u00f9 calde. Temperature in generale calo; eccetto ripresa delle massime in quota. Venti deboli a regime di brezza nelle valli, con qualche locale e consueto rinforzo in alcuni settori; inizialmente tesi\/forti da nord nord-ovest in quota, in graduale attenuazione nel corso della giornata. Previsore: R.L.Th.<\/p>\n<p>&nbsp;<\/p>\n<hr \/>\n<p>&nbsp;<\/p>\n<p><img loading=\"lazy\" decoding=\"async\" class=\"wp-image-60761 size-full aligncenter\" src=\"https:\/\/www.radiopiu.net\/wordpress\/wp-content\/uploads\/2018\/09\/sport.jpg\" alt=\"\" width=\"800\" height=\"100\" srcset=\"https:\/\/www.radiopiu.net\/wordpress\/wp-content\/uploads\/2018\/09\/sport.jpg 800w, https:\/\/www.radiopiu.net\/wordpress\/wp-content\/uploads\/2018\/09\/sport-300x38.jpg 300w, https:\/\/www.radiopiu.net\/wordpress\/wp-content\/uploads\/2018\/09\/sport-768x96.jpg 768w\" sizes=\"auto, (max-width: 800px) 100vw, 800px\" \/><\/p>\n<p>&nbsp;<\/p>\n<h3><span style=\"color: #0000ff;\"><strong>CALCIO<\/strong><\/span><\/h3>\n<blockquote>\n<h3>GLI ALLIEVI DELL&#8217;AGORDINA CAMBIANO ALLENATORE, ALLA GUIDA RENATO ORZETTI<\/h3>\n<\/blockquote>\n<p><strong><a class=\"dt-pswp-item\" href=\"https:\/\/www.radiopiu.net\/wordpress\/wp-content\/uploads\/2019\/09\/AGORDINA-CALCIO.jpeg\" data-dt-img-description=\"\" data-large_image_width=\"225\" data-large_image_height=\"225\"><img loading=\"lazy\" decoding=\"async\" class=\"size-thumbnail wp-image-97575 alignleft\" src=\"https:\/\/www.radiopiu.net\/wordpress\/wp-content\/uploads\/2019\/09\/AGORDINA-CALCIO-150x150.jpeg\" alt=\"\" width=\"150\" height=\"150\" srcset=\"https:\/\/www.radiopiu.net\/wordpress\/wp-content\/uploads\/2019\/09\/AGORDINA-CALCIO-150x150.jpeg 150w, https:\/\/www.radiopiu.net\/wordpress\/wp-content\/uploads\/2019\/09\/AGORDINA-CALCIO.jpeg 225w\" sizes=\"auto, (max-width: 150px) 100vw, 150px\" \/><\/a>AGORDO<\/strong> Cambio alla guida degli Allievi Regionali dell&#8217;Agordina Calcio. Da marted\u00ec sera Alessandro Cima non \u00e8 pi\u00f9 il coach dei ragazzi agordini. Una collaborazione che si chiude a poche giornate dal termine del campionato regionale. A partire da ieri alla guida della squadra giovanile di Agordo \u00e8 arrivato Renato Orzetti che accompagner\u00e0 i ragazzi fino alla fine della stagione. Nello staff rimane Giacomo Fossen, che conosce alla perfezione tutte le dinamiche interne ed ha fatto da assistente alla squadra fin dalla prima giornata. Per la precisione mancano 5 giornate alla fine della stagione per gli Allievi dell&#8217;Agordina. Un campionato difficile con gli agordini che dopo 21 partite giocate hanno racimolato solo 12 punti e in questo momento stanno lottando per evitare i playout.<\/p>\n<p>&nbsp;<\/p>\n<p>&nbsp;<\/p>\n<hr \/>\n<p>&nbsp;<\/p>\n<h3><span style=\"color: #0000ff;\"><strong>PALLAVOLO\u00a0<\/strong><\/span><\/h3>\n<blockquote>\n<h3><a class=\"dt-pswp-item\" href=\"https:\/\/www.radiopiu.net\/wordpress\/wp-content\/uploads\/2022\/04\/CANDEAGIO.jpg\" data-dt-img-description=\"\" data-large_image_width=\"347\" data-large_image_height=\"297\"><img loading=\"lazy\" decoding=\"async\" class=\"size-thumbnail wp-image-269088 alignright\" src=\"https:\/\/www.radiopiu.net\/wordpress\/wp-content\/uploads\/2022\/04\/CANDEAGIO-150x150.jpg\" alt=\"\" width=\"150\" height=\"150\" \/><\/a>PER CANDEAGO INTERVENTO ALLA SPALLA RIUSCITO<\/h3>\n<\/blockquote>\n<p><strong>BELLUNO<\/strong> L\u2019intervento alla spalla \u00e8 perfettamente riuscito. E Giovanni Candeago pu\u00f2 guardare al futuro con rinnovata fiducia.<span class=\"gmail-Apple-converted-space\">\u00a0<\/span>Lo schiacciatore della Pallavolo Belluno \u00e8 stato operato luned\u00ec, la lesione non ha interessato il muscolo deltoide, ma \u201csolo\u201d il tendine. Questo significa che, fra una settimana, inizier\u00e0 gi\u00e0 a muovere la spalla. E a quel punto potr\u00e0 decollare il percorso di riabilitazione.<span class=\"gmail-Apple-converted-space\"> \u00a0<\/span>Ora la speranza \u00e8 che il conto con la malasorte sia definitivamente saldato.<span class=\"gmail-Apple-converted-space\"> E che Candeago possa tornare sul parquet per offrire il suo contributo ai rinoceronti.\u00a0\u00a0<\/span><\/p>\n<p>&nbsp;<\/p>\n<p>&nbsp;<\/p>\n<hr \/>\n<p>&nbsp;<\/p>\n<h3><span style=\"color: #0000ff;\"><strong>HOCKEY SU GHIACCIO<\/strong><\/span><\/h3>\n<blockquote>\n<h3>CONTINUA IL MONDIALE UNDER 18 DELLA NAZIONALE FEMMINILE IN UNGHERIA<\/h3>\n<\/blockquote>\n<p><strong><a class=\"dt-pswp-item\" href=\"https:\/\/www.radiopiu.net\/wordpress\/wp-content\/uploads\/2022\/04\/fc262b43-f27f-803b-430e-c44313375b1c.jpg\" data-dt-img-description=\"\" data-large_image_width=\"1152\" data-large_image_height=\"563\"><img loading=\"lazy\" decoding=\"async\" class=\"wp-image-269178 alignleft\" src=\"https:\/\/www.radiopiu.net\/wordpress\/wp-content\/uploads\/2022\/04\/fc262b43-f27f-803b-430e-c44313375b1c-300x147.jpg\" alt=\"\" width=\"196\" height=\"96\" srcset=\"https:\/\/www.radiopiu.net\/wordpress\/wp-content\/uploads\/2022\/04\/fc262b43-f27f-803b-430e-c44313375b1c-300x147.jpg 300w, https:\/\/www.radiopiu.net\/wordpress\/wp-content\/uploads\/2022\/04\/fc262b43-f27f-803b-430e-c44313375b1c-1024x500.jpg 1024w, https:\/\/www.radiopiu.net\/wordpress\/wp-content\/uploads\/2022\/04\/fc262b43-f27f-803b-430e-c44313375b1c-768x375.jpg 768w, https:\/\/www.radiopiu.net\/wordpress\/wp-content\/uploads\/2022\/04\/fc262b43-f27f-803b-430e-c44313375b1c.jpg 1152w\" sizes=\"auto, (max-width: 196px) 100vw, 196px\" \/><\/a>GYOR (UNGHERIA) <\/strong>Dopo aver superato l&#8217;importante sfida contro la Norvegia, e perso contro la capolista Giappone, terzo incontro per le Azzurrine ai Mondiali di Gyor in Ungheria. E\u2019 in pieno svolgimento a Gyor in Ungheria, il Mondiale Under 18 Femminile di Prima Divisione \u2013 Gruppo A. L\u2019Italia U18 F. occupa il quarto posto in classifica dopo che nelle prime due giornate la rappresentativa di coach Max Fedrizzi ha conquistato una fondamentale vittoria all\u2019esordio contro la Norvegia per 3 a 2 ai rigori, ed una secca sconfitta, invece, contro l\u2019attuale capolista del mondiale il Giappone per 3 a 0.<\/p>\n<\/div>\n<\/div>\n<\/div>\n<\/div>\n<\/div>\n<\/div>\n<\/div>\n<\/div>\n<\/div>\n<\/div>\n<\/div>\n<\/div>\n<\/div>\n<\/div>\n<\/div>\n<\/div>\n<\/div>\n<\/div>\n<\/div>\n<\/div>\n<\/div>\n<\/div>\n<\/div>\n<\/div>\n<\/div>\n<\/div>\n<\/div>\n<\/div>\n<\/div>\n<\/div>\n<\/div>\n<\/div>\n<\/div>\n<\/div>\n<\/div>\n<\/div>\n<\/div>\n<\/div>\n<\/div>\n<\/div>\n<\/div>\n<\/div>\n<\/div>\n<\/div>\n<\/div>\n<\/div>\n<\/div>\n<\/div>\n<\/div>\n<\/div>\n<\/div>\n<\/div>\n<\/div>\n<\/div>\n<\/div>\n<\/div>\n<\/div>\n<\/div>\n<\/div>\n<\/div>\n<\/div>\n<\/div>\n<\/div>\n<\/div>\n<\/div>\n<\/div>\n<\/div>\n<\/div>\n<\/div>\n<\/div>\n<\/div>\n<\/div>\n<\/div>\n<\/div>\n<\/div>\n<\/div>\n<\/div>\n<\/div>\n<\/div>\n<\/div>\n<\/div>\n<\/div>\n<\/div>\n<\/div>\n<\/div>\n<\/div>\n<\/div>\n<\/div>\n<\/div>\n<\/div>\n<\/div>\n<\/div>\n<\/div>\n<\/div>\n<\/div>\n<\/div>\n<\/div>\n<\/div>\n<\/div>\n<\/div>\n<\/div>\n<\/div>\n<\/div>\n<\/div>\n<\/div>\n<\/div>\n<\/div>\n<\/div>\n<\/div>\n","protected":false},"excerpt":{"rendered":"<p>INFORMAZIONE il canale su TELEGRAM informazione di prima\u00a0 mano e in tempo reale. iscriviti ed aiutaci a farlo conoscere\u00a0 &nbsp; &nbsp; SOSPIROLO VICINO ALLA FAMIGLIA CHE HA PERSO TUTTO NELL&#8217;INCENDIO SOSPIROLO DI DAMIANO TORMEN AUDIO &nbsp; &nbsp; &nbsp; ACQUA NON POTABILE IN ALCUNE ZONE DI CENCENIGHE Gestione Servizi Pubblici informa che a CENCENIGHE AGORDINO nelle&hellip;<\/p>\n","protected":false},"author":4,"featured_media":269218,"comment_status":"closed","ping_status":"closed","sticky":false,"template":"","format":"standard","meta":{"_monsterinsights_skip_tracking":false,"_monsterinsights_sitenote_active":false,"_monsterinsights_sitenote_note":"","_monsterinsights_sitenote_category":0,"footnotes":""},"categories":[51,86,49],"tags":[],"class_list":["post-269007","post","type-post","status-publish","format-standard","has-post-thumbnail","hentry","category-evidenza-top","category-gr","category-news-18","category-51","category-86","category-49","description-off"],"img_url":"https:\/\/www.radiopiu.net\/wordpress\/wp-content\/uploads\/2022\/04\/277306096_342638744571471_8333084937584275250_n.jpg","_links":{"self":[{"href":"https:\/\/www.radiopiu.net\/wordpress\/wp-json\/wp\/v2\/posts\/269007","targetHints":{"allow":["GET"]}}],"collection":[{"href":"https:\/\/www.radiopiu.net\/wordpress\/wp-json\/wp\/v2\/posts"}],"about":[{"href":"https:\/\/www.radiopiu.net\/wordpress\/wp-json\/wp\/v2\/types\/post"}],"author":[{"embeddable":true,"href":"https:\/\/www.radiopiu.net\/wordpress\/wp-json\/wp\/v2\/users\/4"}],"replies":[{"embeddable":true,"href":"https:\/\/www.radiopiu.net\/wordpress\/wp-json\/wp\/v2\/comments?post=269007"}],"version-history":[{"count":0,"href":"https:\/\/www.radiopiu.net\/wordpress\/wp-json\/wp\/v2\/posts\/269007\/revisions"}],"wp:featuredmedia":[{"embeddable":true,"href":"https:\/\/www.radiopiu.net\/wordpress\/wp-json\/wp\/v2\/media\/269218"}],"wp:attachment":[{"href":"https:\/\/www.radiopiu.net\/wordpress\/wp-json\/wp\/v2\/media?parent=269007"}],"wp:term":[{"taxonomy":"category","embeddable":true,"href":"https:\/\/www.radiopiu.net\/wordpress\/wp-json\/wp\/v2\/categories?post=269007"},{"taxonomy":"post_tag","embeddable":true,"href":"https:\/\/www.radiopiu.net\/wordpress\/wp-json\/wp\/v2\/tags?post=269007"}],"curies":[{"name":"wp","href":"https:\/\/api.w.org\/{rel}","templated":true}]}}