{"id":269018,"date":"2022-04-06T05:15:53","date_gmt":"2022-04-06T03:15:53","guid":{"rendered":"https:\/\/www.radiopiu.net\/wordpress\/?p=269018"},"modified":"2022-04-06T06:03:01","modified_gmt":"2022-04-06T04:03:01","slug":"a-chernihiv-il-secondo-carico-umanitario-dallagordino","status":"publish","type":"post","link":"https:\/\/www.radiopiu.net\/wordpress\/a-chernihiv-il-secondo-carico-umanitario-dallagordino\/","title":{"rendered":"A CHERNIHIV IL SECONDO CARICO UMANITARIO DALL&#8217;AGORDINO"},"content":{"rendered":"<p><strong>CANALE D&#8217;AGORDO<\/strong> Il secondo carico di aiuti umanitari partito dalla Fondazione Papa Luciani di Canale d&#8217;Agordo \u00e8 arrivato a destinazione a Chernihiv. Ne ha dato notizia Loris Serafini. &#8220;I russi hanno lasciato la citt\u00e0 da alcuni giorni, \u00e8 stato ricostruito il ponte e il Tir ha potuto portare i pacchi umanitari alla popolazione duramente colpita dalla guerra.<\/p>\n<p>&nbsp;<\/p>\n\n\t\t\t<style type='text\/css'>\n\t\t\t\t#gallery-1 {\n\t\t\t\t\tmargin: auto;\n\t\t\t\t}\n\t\t\t\t#gallery-1 .gallery-item {\n\t\t\t\t\tfloat: left;\n\t\t\t\t\tmargin-top: 10px;\n\t\t\t\t\ttext-align: center;\n\t\t\t\t\twidth: 25%;\n\t\t\t\t}\n\t\t\t\t#gallery-1 img {\n\t\t\t\t\tborder: 2px solid #cfcfcf;\n\t\t\t\t}\n\t\t\t\t#gallery-1 .gallery-caption {\n\t\t\t\t\tmargin-left: 0;\n\t\t\t\t}\n\t\t\t\t\/* see gallery_shortcode() in wp-includes\/media.php *\/\n\t\t\t<\/style>\n\t\t<div id='gallery-1' class='dt-gallery-container gallery galleryid-269018 gallery-columns-4 gallery-size-thumbnail'><dl class='gallery-item'>\n\t\t\t\t<dt class='gallery-icon portrait'>\n\t\t\t\t\t<a class=\"rollover\" href='https:\/\/www.radiopiu.net\/wordpress\/a-chernihiv-il-secondo-carico-umanitario-dallagordino\/01e5f5ea-81e0-4a02-a829-d9646ebb0abf\/'><img loading=\"lazy\" decoding=\"async\" width=\"150\" height=\"150\" src=\"https:\/\/www.radiopiu.net\/wordpress\/wp-content\/uploads\/2022\/04\/01e5f5ea-81e0-4a02-a829-d9646ebb0abf-150x150.jpg\" class=\"attachment-thumbnail size-thumbnail\" alt=\"\" \/><\/a>\n\t\t\t\t<\/dt><\/dl><dl class='gallery-item'>\n\t\t\t\t<dt class='gallery-icon portrait'>\n\t\t\t\t\t<a class=\"rollover\" href='https:\/\/www.radiopiu.net\/wordpress\/giornale-radiopiu-06-aprile-2022-direttore-mirko-mezzacasa\/092b90ee-dfec-4c01-b2b2-7b57d86c6abf\/'><img loading=\"lazy\" decoding=\"async\" width=\"150\" height=\"150\" src=\"https:\/\/www.radiopiu.net\/wordpress\/wp-content\/uploads\/2022\/04\/092b90ee-dfec-4c01-b2b2-7b57d86c6abf-150x150.jpg\" class=\"attachment-thumbnail size-thumbnail\" alt=\"\" \/><\/a>\n\t\t\t\t<\/dt><\/dl><dl class='gallery-item'>\n\t\t\t\t<dt class='gallery-icon portrait'>\n\t\t\t\t\t<a class=\"rollover\" href='https:\/\/www.radiopiu.net\/wordpress\/giornale-radiopiu-06-aprile-2022-direttore-mirko-mezzacasa\/458094c6-2bef-4dbd-8c4e-9735c4961e9e\/'><img loading=\"lazy\" decoding=\"async\" width=\"150\" height=\"150\" src=\"https:\/\/www.radiopiu.net\/wordpress\/wp-content\/uploads\/2022\/04\/458094c6-2bef-4dbd-8c4e-9735c4961e9e-150x150.jpg\" class=\"attachment-thumbnail size-thumbnail\" alt=\"\" \/><\/a>\n\t\t\t\t<\/dt><\/dl><dl class='gallery-item'>\n\t\t\t\t<dt class='gallery-icon portrait'>\n\t\t\t\t\t<a class=\"rollover\" href='https:\/\/www.radiopiu.net\/wordpress\/giornale-radiopiu-06-aprile-2022-direttore-mirko-mezzacasa\/d756c51d-bf7e-4da9-bcd5-97e3b67aefa1\/'><img loading=\"lazy\" decoding=\"async\" width=\"150\" height=\"150\" src=\"https:\/\/www.radiopiu.net\/wordpress\/wp-content\/uploads\/2022\/04\/d756c51d-bf7e-4da9-bcd5-97e3b67aefa1-150x150.jpg\" class=\"attachment-thumbnail size-thumbnail\" alt=\"\" \/><\/a>\n\t\t\t\t<\/dt><\/dl><br style=\"clear: both\" \/><dl class='gallery-item'>\n\t\t\t\t<dt class='gallery-icon portrait'>\n\t\t\t\t\t<a class=\"rollover\" href='https:\/\/www.radiopiu.net\/wordpress\/giornale-radiopiu-06-aprile-2022-direttore-mirko-mezzacasa\/263ed3f2-f0eb-4917-b122-f50b594bb34a\/'><img loading=\"lazy\" decoding=\"async\" width=\"150\" height=\"150\" src=\"https:\/\/www.radiopiu.net\/wordpress\/wp-content\/uploads\/2022\/04\/263ed3f2-f0eb-4917-b122-f50b594bb34a-150x150.jpg\" class=\"attachment-thumbnail size-thumbnail\" alt=\"\" \/><\/a>\n\t\t\t\t<\/dt><\/dl><dl class='gallery-item'>\n\t\t\t\t<dt class='gallery-icon portrait'>\n\t\t\t\t\t<a class=\"rollover\" href='https:\/\/www.radiopiu.net\/wordpress\/giornale-radiopiu-06-aprile-2022-direttore-mirko-mezzacasa\/34f2fb74-5d6f-463c-bbde-36d717ef5ed9\/'><img loading=\"lazy\" decoding=\"async\" width=\"150\" height=\"150\" src=\"https:\/\/www.radiopiu.net\/wordpress\/wp-content\/uploads\/2022\/04\/34f2fb74-5d6f-463c-bbde-36d717ef5ed9-150x150.jpg\" class=\"attachment-thumbnail size-thumbnail\" alt=\"\" \/><\/a>\n\t\t\t\t<\/dt><\/dl><dl class='gallery-item'>\n\t\t\t\t<dt class='gallery-icon portrait'>\n\t\t\t\t\t<a class=\"rollover\" href='https:\/\/www.radiopiu.net\/wordpress\/giornale-radiopiu-06-aprile-2022-direttore-mirko-mezzacasa\/2a8d2cc8-f603-49e9-bad6-2ed2cee4e987\/'><img loading=\"lazy\" decoding=\"async\" width=\"150\" height=\"150\" src=\"https:\/\/www.radiopiu.net\/wordpress\/wp-content\/uploads\/2022\/04\/2a8d2cc8-f603-49e9-bad6-2ed2cee4e987-150x150.jpg\" class=\"attachment-thumbnail size-thumbnail\" alt=\"\" \/><\/a>\n\t\t\t\t<\/dt><\/dl>\n\t\t\t\t<br style='clear: both' \/>\n\t\t\t<\/div>\n\n<p>&nbsp;<\/p>\n<p>____<\/p>\n","protected":false},"excerpt":{"rendered":"<p>CANALE D&#8217;AGORDO Il secondo carico di aiuti umanitari partito dalla Fondazione Papa Luciani di Canale d&#8217;Agordo \u00e8 arrivato a destinazione a Chernihiv. Ne ha dato notizia Loris Serafini. &#8220;I russi hanno lasciato la citt\u00e0 da alcuni giorni, \u00e8 stato ricostruito il ponte e il Tir ha potuto portare i pacchi umanitari alla popolazione duramente colpita&hellip;<\/p>\n","protected":false},"author":4,"featured_media":269023,"comment_status":"closed","ping_status":"closed","sticky":false,"template":"","format":"standard","meta":{"_monsterinsights_skip_tracking":false,"_monsterinsights_sitenote_active":false,"_monsterinsights_sitenote_note":"","_monsterinsights_sitenote_category":0,"footnotes":""},"categories":[104,49],"tags":[],"class_list":["post-269018","post","type-post","status-publish","format-standard","has-post-thumbnail","hentry","category-evidenza_3","category-news-18","category-104","category-49","description-off"],"img_url":"https:\/\/www.radiopiu.net\/wordpress\/wp-content\/uploads\/2022\/04\/092b90ee-dfec-4c01-b2b2-7b57d86c6abf.jpg","_links":{"self":[{"href":"https:\/\/www.radiopiu.net\/wordpress\/wp-json\/wp\/v2\/posts\/269018","targetHints":{"allow":["GET"]}}],"collection":[{"href":"https:\/\/www.radiopiu.net\/wordpress\/wp-json\/wp\/v2\/posts"}],"about":[{"href":"https:\/\/www.radiopiu.net\/wordpress\/wp-json\/wp\/v2\/types\/post"}],"author":[{"embeddable":true,"href":"https:\/\/www.radiopiu.net\/wordpress\/wp-json\/wp\/v2\/users\/4"}],"replies":[{"embeddable":true,"href":"https:\/\/www.radiopiu.net\/wordpress\/wp-json\/wp\/v2\/comments?post=269018"}],"version-history":[{"count":0,"href":"https:\/\/www.radiopiu.net\/wordpress\/wp-json\/wp\/v2\/posts\/269018\/revisions"}],"wp:featuredmedia":[{"embeddable":true,"href":"https:\/\/www.radiopiu.net\/wordpress\/wp-json\/wp\/v2\/media\/269023"}],"wp:attachment":[{"href":"https:\/\/www.radiopiu.net\/wordpress\/wp-json\/wp\/v2\/media?parent=269018"}],"wp:term":[{"taxonomy":"category","embeddable":true,"href":"https:\/\/www.radiopiu.net\/wordpress\/wp-json\/wp\/v2\/categories?post=269018"},{"taxonomy":"post_tag","embeddable":true,"href":"https:\/\/www.radiopiu.net\/wordpress\/wp-json\/wp\/v2\/tags?post=269018"}],"curies":[{"name":"wp","href":"https:\/\/api.w.org\/{rel}","templated":true}]}}