{"id":269072,"date":"2022-04-07T05:48:50","date_gmt":"2022-04-07T03:48:50","guid":{"rendered":"https:\/\/www.radiopiu.net\/wordpress\/?p=269072"},"modified":"2022-04-07T06:11:41","modified_gmt":"2022-04-07T04:11:41","slug":"il-mattone-invb","status":"publish","type":"post","link":"https:\/\/www.radiopiu.net\/wordpress\/il-mattone-invb\/","title":{"rendered":"IL MATTONE IN VENETO, DALL&#8217;IMPORTANTE OSSERVATORIO IMMOBILIARE.IT, BELLUNO LA PIU&#8217; CARA"},"content":{"rendered":"<p><b><a class=\"dt-pswp-item\" href=\"https:\/\/www.radiopiu.net\/wordpress\/wp-content\/uploads\/2022\/04\/casa_vendita-scaled.jpeg\" data-dt-img-description=\"house model and house key on table\" data-large_image_width=\"2560\" data-large_image_height=\"834\"><img loading=\"lazy\" decoding=\"async\" class=\"wp-image-269073 alignleft\" src=\"https:\/\/www.radiopiu.net\/wordpress\/wp-content\/uploads\/2022\/04\/casa_vendita-300x98.jpeg\" alt=\"\" width=\"285\" height=\"93\" srcset=\"https:\/\/www.radiopiu.net\/wordpress\/wp-content\/uploads\/2022\/04\/casa_vendita-300x98.jpeg 300w, https:\/\/www.radiopiu.net\/wordpress\/wp-content\/uploads\/2022\/04\/casa_vendita-1024x333.jpeg 1024w, https:\/\/www.radiopiu.net\/wordpress\/wp-content\/uploads\/2022\/04\/casa_vendita-768x250.jpeg 768w, https:\/\/www.radiopiu.net\/wordpress\/wp-content\/uploads\/2022\/04\/casa_vendita-1536x500.jpeg 1536w, https:\/\/www.radiopiu.net\/wordpress\/wp-content\/uploads\/2022\/04\/casa_vendita-2048x667.jpeg 2048w\" sizes=\"auto, (max-width: 285px) 100vw, 285px\" \/><\/a>MILANO <\/b>Inizio anno\u00a0 positivo per il mattone in Veneto, con prezzi stabili o in leggero aumento sia nel settore delle compravendite che in quello delle locazioni. Questo \u00e8 quanto rilevato da <a href=\"https:\/\/www.immobiliare.it\/\">Immobiliare.it<\/a>,\u00a0 nell\u2019Osservatorio trimestrale sul settore residenziale. In particolare, se i prezzi di vendita aumentano percentualmente di 0,7 punti e si attestano a una media di 1.995 euro al metro quadro, quelli di locazione nel confronto con il trimestre precedente crescono dell\u20191,7% e sono pari a 10 euro\/mq. <strong>I trend regionali<\/strong> Nel comparto delle compravendite lo stock di abitazioni invendute nella regione \u00e8 calato di circa il 6% rispetto al trimestre precedente, in conseguenza di una domanda in crescita di oltre il 16%. Anche il quadro delle locazioni \u00e8 in ripresa: infatti lo stock di case disponibili in regione segna un -3,5% mentre la richiesta di immobili in affitto si attesta sul +8,3% nello stesso periodo, segno che molte abitazioni sono state locate con successo e il mercato si presenta reattivo. <strong>I trend delle compravendite<\/strong> per citt\u00e0 e province Quando si analizza l\u2019andamento dei prezzi medi richiesti da chi vende casa nei comuni e nelle province venete si nota come la maggioranza delle province e dei comuni si attestino su una sostanziale stabilit\u00e0. Trend negativo invece per il comune e la provincia di Belluno \u2013 la pi\u00f9 cara della regione \u2013 che perdono rispettivamente il 2,8% e il 3,2%. La domanda \u00e8 in forte crescita in tutti i territori considerati, con il picco del +36,8% nella provincia di Belluno, con uno stock di immobili in offerta in calo ovunque tranne che nella citt\u00e0 di Verona (al +6,5%). <strong>I trend nel comparto della locazione<\/strong> I trend rilevati raccontano di un mercato delle locazioni che apre il 2022 in positivo. Partendo dai prezzi, stabili o in aumento in tutta la regione, che registrano una crescita a doppia cifra nelle province di Belluno e di Venezia (+14,4% e +10,9% rispettivamente). Non a caso la provincia di Belluno, ricca di attrattive turistiche, tocca la cifra record di 18,8 euro\/mq per una casa in affitto. Lo stop inferto dal Covid al comparto sembra essere stato superato: lo stock si \u00e8 infatti fortemente ridotto quasi ovunque mentre nell\u2019ultimo trimestre la domanda ha subito una forte accelerazione. Fa eccezione Padova, comune e provincia, dove invece il trend \u00e8 di segno inverso: la domanda \u00e8 sensibilmente scesa, -33,5% per la citt\u00e0, mentre lo stock di immobili disponibili per l\u2019affitto \u00e8 salito, +25% in citt\u00e0.<\/p>\n<p>&nbsp;<\/p>\n<p>***<\/p>\n","protected":false},"excerpt":{"rendered":"<p>MILANO Inizio anno\u00a0 positivo per il mattone in Veneto, con prezzi stabili o in leggero aumento sia nel settore delle compravendite che in quello delle locazioni. Questo \u00e8 quanto rilevato da Immobiliare.it,\u00a0 nell\u2019Osservatorio trimestrale sul settore residenziale. In particolare, se i prezzi di vendita aumentano percentualmente di 0,7 punti e si attestano a una media&hellip;<\/p>\n","protected":false},"author":4,"featured_media":269073,"comment_status":"closed","ping_status":"closed","sticky":false,"template":"","format":"standard","meta":{"_monsterinsights_skip_tracking":false,"_monsterinsights_sitenote_active":false,"_monsterinsights_sitenote_note":"","_monsterinsights_sitenote_category":0,"footnotes":""},"categories":[51,49],"tags":[],"class_list":["post-269072","post","type-post","status-publish","format-standard","has-post-thumbnail","hentry","category-evidenza-top","category-news-18","category-51","category-49","description-off"],"img_url":"https:\/\/www.radiopiu.net\/wordpress\/wp-content\/uploads\/2022\/04\/casa_vendita-scaled.jpeg","_links":{"self":[{"href":"https:\/\/www.radiopiu.net\/wordpress\/wp-json\/wp\/v2\/posts\/269072","targetHints":{"allow":["GET"]}}],"collection":[{"href":"https:\/\/www.radiopiu.net\/wordpress\/wp-json\/wp\/v2\/posts"}],"about":[{"href":"https:\/\/www.radiopiu.net\/wordpress\/wp-json\/wp\/v2\/types\/post"}],"author":[{"embeddable":true,"href":"https:\/\/www.radiopiu.net\/wordpress\/wp-json\/wp\/v2\/users\/4"}],"replies":[{"embeddable":true,"href":"https:\/\/www.radiopiu.net\/wordpress\/wp-json\/wp\/v2\/comments?post=269072"}],"version-history":[{"count":0,"href":"https:\/\/www.radiopiu.net\/wordpress\/wp-json\/wp\/v2\/posts\/269072\/revisions"}],"wp:featuredmedia":[{"embeddable":true,"href":"https:\/\/www.radiopiu.net\/wordpress\/wp-json\/wp\/v2\/media\/269073"}],"wp:attachment":[{"href":"https:\/\/www.radiopiu.net\/wordpress\/wp-json\/wp\/v2\/media?parent=269072"}],"wp:term":[{"taxonomy":"category","embeddable":true,"href":"https:\/\/www.radiopiu.net\/wordpress\/wp-json\/wp\/v2\/categories?post=269072"},{"taxonomy":"post_tag","embeddable":true,"href":"https:\/\/www.radiopiu.net\/wordpress\/wp-json\/wp\/v2\/tags?post=269072"}],"curies":[{"name":"wp","href":"https:\/\/api.w.org\/{rel}","templated":true}]}}