{"id":269083,"date":"2022-04-07T05:47:11","date_gmt":"2022-04-07T03:47:11","guid":{"rendered":"https:\/\/www.radiopiu.net\/wordpress\/?p=269083"},"modified":"2022-04-07T06:13:27","modified_gmt":"2022-04-07T04:13:27","slug":"poste-lavoratori","status":"publish","type":"post","link":"https:\/\/www.radiopiu.net\/wordpress\/poste-lavoratori\/","title":{"rendered":"POSTE: GRANDI UTILI E POCHI LAVORATORI,  NEL FUTURO PROSSIMO POSSIBILI &#8220;GIORNI DI LOTTA&#8221;"},"content":{"rendered":"<p><strong><a class=\"dt-pswp-item\" href=\"https:\/\/www.radiopiu.net\/wordpress\/wp-content\/uploads\/2021\/11\/20211125_103957-scaled.jpg\" data-dt-img-description=\"\" data-large_image_width=\"2560\" data-large_image_height=\"1213\"><img loading=\"lazy\" decoding=\"async\" class=\"alignleft wp-image-245023 size-medium\" src=\"https:\/\/www.radiopiu.net\/wordpress\/wp-content\/uploads\/2021\/11\/20211125_103957-300x142.jpg\" alt=\"\" width=\"300\" height=\"142\" srcset=\"https:\/\/www.radiopiu.net\/wordpress\/wp-content\/uploads\/2021\/11\/20211125_103957-300x142.jpg 300w, https:\/\/www.radiopiu.net\/wordpress\/wp-content\/uploads\/2021\/11\/20211125_103957-1024x485.jpg 1024w, https:\/\/www.radiopiu.net\/wordpress\/wp-content\/uploads\/2021\/11\/20211125_103957-768x364.jpg 768w, https:\/\/www.radiopiu.net\/wordpress\/wp-content\/uploads\/2021\/11\/20211125_103957-1536x728.jpg 1536w, https:\/\/www.radiopiu.net\/wordpress\/wp-content\/uploads\/2021\/11\/20211125_103957-2048x970.jpg 2048w\" sizes=\"auto, (max-width: 300px) 100vw, 300px\" \/><\/a>REDAZIONE<\/strong> Lo stato di emergenza covid \u00e8 terminato con il 1 aprile e dopo un lungo periodo ad operativit\u00e0 ridotta gli uffici dovrebbero tornare alla normalit\u00e0, ma non sar\u00e0 semplice perch\u00e9 normalit\u00e0 significa anche personale adeguato dopo la progressiva\u00a0 riduzione degli organici: pensionamenti, esodi incentivati, dimissioni volontarie a cui Poste ha risposto con risicate campagne di assunzioni, quasi sempre con contratti part-time. E&#8217; chiaro si tratta di\u00a0 una logica di forte riduzione dei costi a pieno discapito del servizio,\u00a0 le code e le attese degli utenti, dentro e fuori gli uffici ne sono la testimonianza. Eppure Poste denuncia ogni anno resoconti economici in forte utile, generati sicuramente dalla capillarit\u00e0 di sportelli nel territorio nazionale e dall&#8217; abnegazione dei propri dipendenti che, nonostante un caos operativo ormai stabile e perpetuo, continuano a garantire presenza e prestazioni in crescita.<\/p>\n<p>Luca Bof (Rsu) e Mauro De Carli (Cgil Fp) denunciano\u00a0<em> &#8220;Il ritorno alla normalit\u00e0 del post emergenza Covid sembra sempre pi\u00f9 a rischio l&#8217; apertura di tutti gli sportelli presenti in provincia, proprio per la carenza strutturale di operatori di Poste Italiane&#8221;\u00a0<\/em>Una denuncia che parte da una provincia orograficamente difficile dove gli uffici sono indispensabili e per questo la richiesta all&#8217; azienda di rispondere al grido d&#8217;allarme dei suoi lavoratori e ai disagi dell&#8217; utenza con un nuovo piano di recupero del turn-over. <em>&#8220;La carenza di personale comporta, per i lavoratori di Poste\u00a0 &#8211; dice Mauro De Carli &#8211;\u00a0 continui distacchi da un ufficio all&#8217;altro, estrema difficolt\u00e0 nella fruizione delle ferie che vengono sistematicamente variate nonostante una programmazione stilata obbligatoriamente ad inizio anno. L&#8217;azienda invita i propri dipendenti a svolgere i necessari corsi di formazione fuori dall&#8217; orario di lavoro, richiede sempre pi\u00f9 frequentemente prestazioni straordinarie&#8221;.\u00a0<\/em>Sono dinamiche comuni a tutta la Regione,\u00a0 particolarmente pesanti in provincia di Belluno: su 100 uffici 66 sono mono peratore. <em>\u201cI distacchi da ufficio a ufficio, sono decisamente pi\u00f9 impattanti vista la particolarit\u00e0 montana del nostro territorio\u00a0 \u00a0&#8211; dice\u00a0 Luca Bof &#8211; delegato RSU-Poste per Belluno &#8211;\u00a0 chiedo maggiore rispetto del lavoro dei dipendenti\u00a0 di Poste con un vero piano di assunzioni che possa coprire definitivamente l&#8217; annosa carenza di personale. <\/em><em>Il tentativo di soluzione di questa storica vertenza tra la\u00a0 CGIL e Poste Italiane non ha trovato aperture da parte dell\u2019azienda e quindi, una volta espletata la procedura di \u201craffreddamento\u201d si potr\u00e0 decidere di rendere visibile la protesta dei lavoratrici\/ori con un\u2019iniziativa di lotta&#8221;.<\/em><\/p>\n<p>&nbsp;<\/p>\n<hr \/>\n<p>&nbsp;<\/p>\n","protected":false},"excerpt":{"rendered":"<p>REDAZIONE Lo stato di emergenza covid \u00e8 terminato con il 1 aprile e dopo un lungo periodo ad operativit\u00e0 ridotta gli uffici dovrebbero tornare alla normalit\u00e0, ma non sar\u00e0 semplice perch\u00e9 normalit\u00e0 significa anche personale adeguato dopo la progressiva\u00a0 riduzione degli organici: pensionamenti, esodi incentivati, dimissioni volontarie a cui Poste ha risposto con risicate campagne&hellip;<\/p>\n","protected":false},"author":4,"featured_media":245022,"comment_status":"closed","ping_status":"closed","sticky":false,"template":"","format":"standard","meta":{"_monsterinsights_skip_tracking":false,"_monsterinsights_sitenote_active":false,"_monsterinsights_sitenote_note":"","_monsterinsights_sitenote_category":0,"footnotes":""},"categories":[104,49],"tags":[],"class_list":["post-269083","post","type-post","status-publish","format-standard","has-post-thumbnail","hentry","category-evidenza_3","category-news-18","category-104","category-49","description-off"],"img_url":"https:\/\/www.radiopiu.net\/wordpress\/wp-content\/uploads\/2021\/11\/20211125_111618-1-scaled.jpg","_links":{"self":[{"href":"https:\/\/www.radiopiu.net\/wordpress\/wp-json\/wp\/v2\/posts\/269083","targetHints":{"allow":["GET"]}}],"collection":[{"href":"https:\/\/www.radiopiu.net\/wordpress\/wp-json\/wp\/v2\/posts"}],"about":[{"href":"https:\/\/www.radiopiu.net\/wordpress\/wp-json\/wp\/v2\/types\/post"}],"author":[{"embeddable":true,"href":"https:\/\/www.radiopiu.net\/wordpress\/wp-json\/wp\/v2\/users\/4"}],"replies":[{"embeddable":true,"href":"https:\/\/www.radiopiu.net\/wordpress\/wp-json\/wp\/v2\/comments?post=269083"}],"version-history":[{"count":0,"href":"https:\/\/www.radiopiu.net\/wordpress\/wp-json\/wp\/v2\/posts\/269083\/revisions"}],"wp:featuredmedia":[{"embeddable":true,"href":"https:\/\/www.radiopiu.net\/wordpress\/wp-json\/wp\/v2\/media\/245022"}],"wp:attachment":[{"href":"https:\/\/www.radiopiu.net\/wordpress\/wp-json\/wp\/v2\/media?parent=269083"}],"wp:term":[{"taxonomy":"category","embeddable":true,"href":"https:\/\/www.radiopiu.net\/wordpress\/wp-json\/wp\/v2\/categories?post=269083"},{"taxonomy":"post_tag","embeddable":true,"href":"https:\/\/www.radiopiu.net\/wordpress\/wp-json\/wp\/v2\/tags?post=269083"}],"curies":[{"name":"wp","href":"https:\/\/api.w.org\/{rel}","templated":true}]}}