{"id":269093,"date":"2022-04-07T05:56:09","date_gmt":"2022-04-07T03:56:09","guid":{"rendered":"https:\/\/www.radiopiu.net\/wordpress\/?p=269093"},"modified":"2022-04-07T06:13:14","modified_gmt":"2022-04-07T04:13:14","slug":"provzl","status":"publish","type":"post","link":"https:\/\/www.radiopiu.net\/wordpress\/provzl\/","title":{"rendered":"LA PROVINCIA ANTICIPA LE RISORSE PER GLI INTERVENTI DI SOMMA URGENZA"},"content":{"rendered":"<h3><\/h3>\n<p><strong> <img loading=\"lazy\" decoding=\"async\" class=\"alignleft\" src=\"https:\/\/www.radiopiu.net\/wordpress\/wp-content\/uploads\/2022\/04\/277438105_344224604412885_2096933545420667546_n.jpg\" width=\"244\" height=\"110\" \/>BELLUNO<\/strong> \u00a0La Provincia di Belluno ha varato una \u201cmanovra\u201d per la Sp 251 della Val di Zoldo: disposto 1 milione di euro per la strada chiusa in seguito alle operazioni di spegnimento degli incendi delle scorse settimane. Le risorse in questione sono un anticipo rispetto agli stanziamenti disponibili per la viabilit\u00e0 provinciale. Si tratta di risorse che derivano da capitoli di spesa della Provincia e che di conseguenza devono essere tolte da altre destinazioni, visto che la dotazione finanziaria dell\u2019ente non \u00e8 infinita. La Provincia chieder\u00e0 allo Stato di ristorare questo milione di euro, che viene anticipato per accelerare il pi\u00f9 possibile le operazioni di riapertura. La somma \u00e8 gi\u00e0 stata comunicata a Veneto strade e servir\u00e0 per gli interventi di somma urgenza; in particolare, per le operazioni di messa in sicurezza del versante a monte della provinciale, nel tratto interessato dagli incendi.<\/p>\n<p><strong>IL PRESIDENTE DELLA PROVINCIA DI BELLUNO ROBERTO PADRIN<\/strong><\/p>\n<audio class=\"wp-audio-shortcode\" id=\"audio-269093-1\" preload=\"none\" style=\"width: 100%;\" controls=\"controls\"><source type=\"audio\/mpeg\" src=\"https:\/\/www.radiopiu.net\/wordpress\/wp-content\/uploads\/2022\/04\/PADRIN-SP-251.mp3?_=1\" \/><a href=\"https:\/\/www.radiopiu.net\/wordpress\/wp-content\/uploads\/2022\/04\/PADRIN-SP-251.mp3\">https:\/\/www.radiopiu.net\/wordpress\/wp-content\/uploads\/2022\/04\/PADRIN-SP-251.mp3<\/a><\/audio>\n<p>&nbsp;<\/p>\n<blockquote>\n<h3><b>RIAPERTURA DELLA PROVINCIALE 251, IL PREFETTO CONVOCA IL TAVOLO DI LAVORO<\/b><\/h3>\n<\/blockquote>\n<p><b>BELLUNO <\/b>Si terr\u00e0 a Palazzo dei Rettori, venerd\u00ec\u00a0 alle 15.30, la riunione del tavolo di lavoro convocato &#8211; su richiesta di Veneto Strade e del Sindaco di Val di Zoldo &#8211; dal Prefetto di Belluno, Mariano Savastano, in vista della riapertura al transito della SP 251. Nel corso dell\u2019incontro saranno illustrati gli esiti dell\u2019analisi specialistica commissionata da Veneto Strade, dai quali emerge una diffusa situazione di rischio ed alcune criticit\u00e0 puntuali insistenti lungo il tratto di strada in questione, recentemente interessato da un vasto incendio boschivo. Conseguentemente, saranno esaminate le misure da assumere a tutela della pubblica incolumit\u00e0 e della circolazione stradale, connessi alla riapertura della strada ed alla realizzazione degli interventi di mitigazione del rischio e messa in sicurezza dell\u2019importante arteria stradale. Alla riunione sono stati invitati a partecipare gli Assessori Regionali alle Infrastrutture e alla Protezione Civile, il Presidente della Provincia e Sindaco di Longarone, il Sindaco di Val di Zoldo, i vertici delle Forze di Polizia, dei Vigili del Fuoco, del SUEM, i rappresentanti di Veneto Strade ed E-Distribuzione<\/p>\n<p>&nbsp;<\/p>\n<blockquote>\n<h3>POSSIBILE RIAPERTURA DELLA SP 251 DA LUNEDI&#8217; PROSSIMO<\/h3>\n<\/blockquote>\n<p><strong><a class=\"dt-pswp-item\" href=\"https:\/\/www.radiopiu.net\/wordpress\/wp-content\/uploads\/2022\/04\/277759942_348026507366028_8204121446505774110_n-1.jpg\" data-dt-img-description=\"\" data-large_image_width=\"1206\" data-large_image_height=\"859\"><img loading=\"lazy\" decoding=\"async\" class=\"size-thumbnail wp-image-268996 alignleft\" src=\"https:\/\/www.radiopiu.net\/wordpress\/wp-content\/uploads\/2022\/04\/277759942_348026507366028_8204121446505774110_n-1-150x150.jpg\" alt=\"\" width=\"150\" height=\"150\" \/><\/a>REDAZIONE<\/strong> In una nota pervenuta ieri pomeriggio al sindaco di Val Di Zoldo Camillo De Pellegrin, Veneto Strade ha comunicato che le opere indispensabili alla sicurezza della SP 251 dovrebbero essere completate entro luned\u00ec 11 aprile. La Societ\u00e0 ha garantito un costante aggiornamento sull&#8217;andamento degli interventi e sulle tempistiche di riapertura. &#8220;\u00c8 stata inoltre accolta &#8211; dice il sindaco &#8211;\u00a0 la richiesta del Comune Val di Zoldo di aprire un tavolo di confronto sulle problematiche della viabilit\u00e0 in oggetto. Il primo incontro si terr\u00e0 venerd\u00ec prossimo in Prefettura&#8221;.<\/p>\n<p>&nbsp;<\/p>\n<p>&nbsp;<\/p>\n<p>&nbsp;<\/p>\n","protected":false},"excerpt":{"rendered":"<p>BELLUNO \u00a0La Provincia di Belluno ha varato una \u201cmanovra\u201d per la Sp 251 della Val di Zoldo: disposto 1 milione di euro per la strada chiusa in seguito alle operazioni di spegnimento degli incendi delle scorse settimane. Le risorse in questione sono un anticipo rispetto agli stanziamenti disponibili per la viabilit\u00e0 provinciale. Si tratta di&hellip;<\/p>\n","protected":false},"author":4,"featured_media":269094,"comment_status":"closed","ping_status":"closed","sticky":false,"template":"","format":"standard","meta":{"_monsterinsights_skip_tracking":false,"_monsterinsights_sitenote_active":false,"_monsterinsights_sitenote_note":"","_monsterinsights_sitenote_category":0,"footnotes":""},"categories":[51,49],"tags":[],"class_list":["post-269093","post","type-post","status-publish","format-standard","has-post-thumbnail","hentry","category-evidenza-top","category-news-18","category-51","category-49","description-off"],"img_url":"https:\/\/www.radiopiu.net\/wordpress\/wp-content\/uploads\/2022\/04\/277438105_344224604412885_2096933545420667546_n.jpg","_links":{"self":[{"href":"https:\/\/www.radiopiu.net\/wordpress\/wp-json\/wp\/v2\/posts\/269093","targetHints":{"allow":["GET"]}}],"collection":[{"href":"https:\/\/www.radiopiu.net\/wordpress\/wp-json\/wp\/v2\/posts"}],"about":[{"href":"https:\/\/www.radiopiu.net\/wordpress\/wp-json\/wp\/v2\/types\/post"}],"author":[{"embeddable":true,"href":"https:\/\/www.radiopiu.net\/wordpress\/wp-json\/wp\/v2\/users\/4"}],"replies":[{"embeddable":true,"href":"https:\/\/www.radiopiu.net\/wordpress\/wp-json\/wp\/v2\/comments?post=269093"}],"version-history":[{"count":0,"href":"https:\/\/www.radiopiu.net\/wordpress\/wp-json\/wp\/v2\/posts\/269093\/revisions"}],"wp:featuredmedia":[{"embeddable":true,"href":"https:\/\/www.radiopiu.net\/wordpress\/wp-json\/wp\/v2\/media\/269094"}],"wp:attachment":[{"href":"https:\/\/www.radiopiu.net\/wordpress\/wp-json\/wp\/v2\/media?parent=269093"}],"wp:term":[{"taxonomy":"category","embeddable":true,"href":"https:\/\/www.radiopiu.net\/wordpress\/wp-json\/wp\/v2\/categories?post=269093"},{"taxonomy":"post_tag","embeddable":true,"href":"https:\/\/www.radiopiu.net\/wordpress\/wp-json\/wp\/v2\/tags?post=269093"}],"curies":[{"name":"wp","href":"https:\/\/api.w.org\/{rel}","templated":true}]}}