{"id":269096,"date":"2022-04-06T14:23:37","date_gmt":"2022-04-06T12:23:37","guid":{"rendered":"https:\/\/www.radiopiu.net\/wordpress\/?p=269096"},"modified":"2022-04-06T14:26:47","modified_gmt":"2022-04-06T12:26:47","slug":"la-cultura-che-manca-sulle-strade","status":"publish","type":"post","link":"https:\/\/www.radiopiu.net\/wordpress\/la-cultura-che-manca-sulle-strade\/","title":{"rendered":"LA CULTURA CHE MANCA SULLE STRADE"},"content":{"rendered":"<blockquote>\n<p style=\"margin: 0px; text-align: justify; font-style: normal; font-variant-caps: normal; font-weight: normal; font-stretch: normal; font-size: 14px; line-height: normal; font-family: Helvetica; color: #1a1a1a;\"><em>&#8220;De Menech: \u00abL\u2019ennesima vittima in bicicletta faccia riflettere, <span style=\"font-size: 10pt;\">\u00a0sensibilizzare l\u2019opinione pubblica e le istituzioni ad affrontare il tema non solo quando la cronaca nera ci mette di fronte alla tragedia di cinque figli che perdono un genitore&#8221;.<\/span><\/em><\/p>\n<p style=\"margin: 0px; text-align: justify; font-style: normal; font-variant-caps: normal; font-weight: normal; font-stretch: normal; font-size: 10px; line-height: normal; font-family: Helvetica; color: #000000;\">\n<\/blockquote>\n<p><strong> <img loading=\"lazy\" decoding=\"async\" class=\"alignleft\" src=\"https:\/\/www.radiopiu.net\/wordpress\/wp-content\/uploads\/2022\/03\/ROGER.jpg\" width=\"239\" height=\"179\" \/>ROMA <\/strong>L\u2019ultimo incidente mortale, venerd\u00ec mattina, \u00e8 costato la vita a Serigne Balla Gaye, padre di cinque figli. Mentre andava al lavoro in bicicletta alle 7 del mattino \u00e8 stato investito da un\u2019auto tra Sedico e il Ponte di San Felice. A gennaio un altro lavoratore, Alberto De Villa, aveva perso la vita in un incidente analogo a Sedico. Il Deputato Roger De Menech sottolinea come si stiano investendo molte risorse per le infrastrutture, in Italia, nel Veneto e nel Bellunese. Fondi per rifare strade, costruire varianti, mettere in sicurezza tratti di viabilit\u00e0, opere necessarie e attese da tempo, cos\u00ec come il piano nazionale per la ciclabili che anche nella nostra provincia si sta faticosamente realizzando. Forse \u00e8 giunto il momento di spendere tempo e finanziamenti per diffondere una cultura della mobilit\u00e0 orientata alla condivisione della strada. Il Deputato ha chiesto alla Provincia di Belluno di promuovere\u00a0 un piano di comunicazione e una campagna rivolta a tutti, agli automobilisti, ai ciclisti e a i pedoni che abbia come punto focale il rispetto.<\/p>\n<p><strong>IL DEPUTATO ROGER DE MENECH\u00a0<\/strong><\/p>\n<div style=\"width: 848px;\" class=\"wp-video\"><video class=\"wp-video-shortcode\" id=\"video-269096-1\" width=\"848\" height=\"480\" preload=\"metadata\" controls=\"controls\"><source type=\"video\/mp4\" src=\"https:\/\/www.radiopiu.net\/wordpress\/wp-content\/uploads\/2022\/04\/WhatsApp-Video-2022-04-06-at-12.15.02.mp4?_=1\" \/><a href=\"https:\/\/www.radiopiu.net\/wordpress\/wp-content\/uploads\/2022\/04\/WhatsApp-Video-2022-04-06-at-12.15.02.mp4\">https:\/\/www.radiopiu.net\/wordpress\/wp-content\/uploads\/2022\/04\/WhatsApp-Video-2022-04-06-at-12.15.02.mp4<\/a><\/video><\/div>\n<p>&nbsp;<\/p>\n","protected":false},"excerpt":{"rendered":"<p>&#8220;De Menech: \u00abL\u2019ennesima vittima in bicicletta faccia riflettere, \u00a0sensibilizzare l\u2019opinione pubblica e le istituzioni ad affrontare il tema non solo quando la cronaca nera ci mette di fronte alla tragedia di cinque figli che perdono un genitore&#8221;. ROMA L\u2019ultimo incidente mortale, venerd\u00ec mattina, \u00e8 costato la vita a Serigne Balla Gaye, padre di cinque figli.&hellip;<\/p>\n","protected":false},"author":4,"featured_media":265353,"comment_status":"closed","ping_status":"closed","sticky":false,"template":"","format":"standard","meta":{"_monsterinsights_skip_tracking":false,"_monsterinsights_sitenote_active":false,"_monsterinsights_sitenote_note":"","_monsterinsights_sitenote_category":0,"footnotes":""},"categories":[49],"tags":[],"class_list":["post-269096","post","type-post","status-publish","format-standard","has-post-thumbnail","hentry","category-news-18","category-49","description-off"],"img_url":"https:\/\/www.radiopiu.net\/wordpress\/wp-content\/uploads\/2022\/03\/ROGER.jpg","_links":{"self":[{"href":"https:\/\/www.radiopiu.net\/wordpress\/wp-json\/wp\/v2\/posts\/269096","targetHints":{"allow":["GET"]}}],"collection":[{"href":"https:\/\/www.radiopiu.net\/wordpress\/wp-json\/wp\/v2\/posts"}],"about":[{"href":"https:\/\/www.radiopiu.net\/wordpress\/wp-json\/wp\/v2\/types\/post"}],"author":[{"embeddable":true,"href":"https:\/\/www.radiopiu.net\/wordpress\/wp-json\/wp\/v2\/users\/4"}],"replies":[{"embeddable":true,"href":"https:\/\/www.radiopiu.net\/wordpress\/wp-json\/wp\/v2\/comments?post=269096"}],"version-history":[{"count":0,"href":"https:\/\/www.radiopiu.net\/wordpress\/wp-json\/wp\/v2\/posts\/269096\/revisions"}],"wp:featuredmedia":[{"embeddable":true,"href":"https:\/\/www.radiopiu.net\/wordpress\/wp-json\/wp\/v2\/media\/265353"}],"wp:attachment":[{"href":"https:\/\/www.radiopiu.net\/wordpress\/wp-json\/wp\/v2\/media?parent=269096"}],"wp:term":[{"taxonomy":"category","embeddable":true,"href":"https:\/\/www.radiopiu.net\/wordpress\/wp-json\/wp\/v2\/categories?post=269096"},{"taxonomy":"post_tag","embeddable":true,"href":"https:\/\/www.radiopiu.net\/wordpress\/wp-json\/wp\/v2\/tags?post=269096"}],"curies":[{"name":"wp","href":"https:\/\/api.w.org\/{rel}","templated":true}]}}