{"id":269116,"date":"2022-04-06T23:59:02","date_gmt":"2022-04-06T21:59:02","guid":{"rendered":"https:\/\/www.radiopiu.net\/wordpress\/?p=269116"},"modified":"2022-04-06T15:30:30","modified_gmt":"2022-04-06T13:30:30","slug":"gli-allievi-dellagordina-cambiano-allenatore-alla-guida-renato-orzetti","status":"publish","type":"post","link":"https:\/\/www.radiopiu.net\/wordpress\/gli-allievi-dellagordina-cambiano-allenatore-alla-guida-renato-orzetti\/","title":{"rendered":"GLI ALLIEVI DELL&#8217;AGORDINA CAMBIANO ALLENATORE, ALLA GUIDA RENATO ORZETTI"},"content":{"rendered":"<p><strong><a class=\"dt-pswp-item\" href=\"https:\/\/www.radiopiu.net\/wordpress\/wp-content\/uploads\/2019\/09\/AGORDINA-CALCIO.jpeg\" data-dt-img-description=\"\" data-large_image_width=\"225\" data-large_image_height=\"225\"><img loading=\"lazy\" decoding=\"async\" class=\"size-thumbnail wp-image-97575 alignleft\" src=\"https:\/\/www.radiopiu.net\/wordpress\/wp-content\/uploads\/2019\/09\/AGORDINA-CALCIO-150x150.jpeg\" alt=\"\" width=\"150\" height=\"150\" srcset=\"https:\/\/www.radiopiu.net\/wordpress\/wp-content\/uploads\/2019\/09\/AGORDINA-CALCIO-150x150.jpeg 150w, https:\/\/www.radiopiu.net\/wordpress\/wp-content\/uploads\/2019\/09\/AGORDINA-CALCIO.jpeg 225w\" sizes=\"auto, (max-width: 150px) 100vw, 150px\" \/><\/a>AGORDO<\/strong> Cambio alla guida degli Allievi Regionali dell&#8217;Agordina Calcio. Da marted\u00ec sera Alessandro Cima non \u00e8 pi\u00f9 il coach dei ragazzi agordini. Una collaborazione che si chiude a poche giornate dal termine del campionato regionale. A partire da ieri alla guida della squadra giovanile di Agordo \u00e8 arrivato Renato Orzetti che accompagner\u00e0 i ragazzi fino alla fine della stagione. Nello staff rimane Giacomo Fossen, che conosce alla perfezione tutte le dinamiche interne ed ha fatto da assistente alla squadra fin dalla prima giornata. Per la precisione mancano 5 giornate alla fine della stagione per gli Allievi dell&#8217;Agordina. Un campionato difficile con gli agordini che dopo 21 partite giocate hanno racimolato solo 12 punti e in questo momento stanno lottando per evitare i playout.<\/p>\n<p>&nbsp;<\/p>\n<p>&nbsp;<\/p>\n<p>******<\/p>\n","protected":false},"excerpt":{"rendered":"<p>AGORDO Cambio alla guida degli Allievi Regionali dell&#8217;Agordina Calcio. Da marted\u00ec sera Alessandro Cima non \u00e8 pi\u00f9 il coach dei ragazzi agordini. Una collaborazione che si chiude a poche giornate dal termine del campionato regionale. A partire da ieri alla guida della squadra giovanile di Agordo \u00e8 arrivato Renato Orzetti che accompagner\u00e0 i ragazzi fino&hellip;<\/p>\n","protected":false},"author":4,"featured_media":97575,"comment_status":"closed","ping_status":"closed","sticky":false,"template":"","format":"standard","meta":{"_monsterinsights_skip_tracking":false,"_monsterinsights_sitenote_active":false,"_monsterinsights_sitenote_note":"","_monsterinsights_sitenote_category":0,"footnotes":""},"categories":[49],"tags":[],"class_list":["post-269116","post","type-post","status-publish","format-standard","has-post-thumbnail","hentry","category-news-18","category-49","description-off"],"img_url":"https:\/\/www.radiopiu.net\/wordpress\/wp-content\/uploads\/2019\/09\/AGORDINA-CALCIO.jpeg","_links":{"self":[{"href":"https:\/\/www.radiopiu.net\/wordpress\/wp-json\/wp\/v2\/posts\/269116","targetHints":{"allow":["GET"]}}],"collection":[{"href":"https:\/\/www.radiopiu.net\/wordpress\/wp-json\/wp\/v2\/posts"}],"about":[{"href":"https:\/\/www.radiopiu.net\/wordpress\/wp-json\/wp\/v2\/types\/post"}],"author":[{"embeddable":true,"href":"https:\/\/www.radiopiu.net\/wordpress\/wp-json\/wp\/v2\/users\/4"}],"replies":[{"embeddable":true,"href":"https:\/\/www.radiopiu.net\/wordpress\/wp-json\/wp\/v2\/comments?post=269116"}],"version-history":[{"count":0,"href":"https:\/\/www.radiopiu.net\/wordpress\/wp-json\/wp\/v2\/posts\/269116\/revisions"}],"wp:featuredmedia":[{"embeddable":true,"href":"https:\/\/www.radiopiu.net\/wordpress\/wp-json\/wp\/v2\/media\/97575"}],"wp:attachment":[{"href":"https:\/\/www.radiopiu.net\/wordpress\/wp-json\/wp\/v2\/media?parent=269116"}],"wp:term":[{"taxonomy":"category","embeddable":true,"href":"https:\/\/www.radiopiu.net\/wordpress\/wp-json\/wp\/v2\/categories?post=269116"},{"taxonomy":"post_tag","embeddable":true,"href":"https:\/\/www.radiopiu.net\/wordpress\/wp-json\/wp\/v2\/tags?post=269116"}],"curies":[{"name":"wp","href":"https:\/\/api.w.org\/{rel}","templated":true}]}}