{"id":269131,"date":"2022-04-07T05:59:41","date_gmt":"2022-04-07T03:59:41","guid":{"rendered":"https:\/\/www.radiopiu.net\/wordpress\/?p=269131"},"modified":"2022-04-07T08:36:49","modified_gmt":"2022-04-07T06:36:49","slug":"quando-le-cessioni-bonarie-costringono-ad-adire-a-vie-legali","status":"publish","type":"post","link":"https:\/\/www.radiopiu.net\/wordpress\/quando-le-cessioni-bonarie-costringono-ad-adire-a-vie-legali\/","title":{"rendered":"QUANDO LE CESSIONI BONARIE COSTRINGONO AD ADIRE A VIE LEGALI"},"content":{"rendered":"<p><b><a class=\"dt-pswp-item\" href=\"https:\/\/www.radiopiu.net\/wordpress\/wp-content\/uploads\/2022\/04\/155f123e-ac85-4de4-8175-550d4ee5303a.jpg\" data-dt-img-description=\"\" data-large_image_width=\"1600\" data-large_image_height=\"900\"><img loading=\"lazy\" decoding=\"async\" class=\"wp-image-269134 size-medium alignleft\" src=\"https:\/\/www.radiopiu.net\/wordpress\/wp-content\/uploads\/2022\/04\/155f123e-ac85-4de4-8175-550d4ee5303a-300x169.jpg\" alt=\"\" width=\"300\" height=\"169\" srcset=\"https:\/\/www.radiopiu.net\/wordpress\/wp-content\/uploads\/2022\/04\/155f123e-ac85-4de4-8175-550d4ee5303a-300x169.jpg 300w, https:\/\/www.radiopiu.net\/wordpress\/wp-content\/uploads\/2022\/04\/155f123e-ac85-4de4-8175-550d4ee5303a-1024x576.jpg 1024w, https:\/\/www.radiopiu.net\/wordpress\/wp-content\/uploads\/2022\/04\/155f123e-ac85-4de4-8175-550d4ee5303a-768x432.jpg 768w, https:\/\/www.radiopiu.net\/wordpress\/wp-content\/uploads\/2022\/04\/155f123e-ac85-4de4-8175-550d4ee5303a-1536x864.jpg 1536w, https:\/\/www.radiopiu.net\/wordpress\/wp-content\/uploads\/2022\/04\/155f123e-ac85-4de4-8175-550d4ee5303a.jpg 1600w\" sizes=\"auto, (max-width: 300px) 100vw, 300px\" \/><\/a>AGORDO<\/b> Tito Paolo Caldart era proprietario di un terreno alle porte di Agordo, in localit\u00e0 Pragrande, ma un giorno \u00e8 arrivato l&#8217;ingegnere per conto\u00a0 di Veneto Strade che gli ha spiegato che l\u00ec sarebbe stata realizzata una grande rotatoria futuro per la viabilit\u00e0 agordina, ovvero l&#8217;ingresso alla tangenziale (Pragrande Brugnach via Polane), oppure al centro della citt\u00e0 lungo la storica regionale 203 agordina. Era il 2012 quando Tito Caldart non ha opposto resistenza, piuttosto \u00e8 sceso a patti con i tecnici incaricati firmando la famosa <em>&#8220;cessione bonaria&#8221;<\/em> ovvero un esproprio per pubblica utilit\u00e0 al quale corrisponde un importo concordato e contro firmato. Inoltre nei patti era stato previsto un transito pedonale, assicurato fino ad un&#8217;eventuale lottizzazione futura dei terreni, (mai andato in porto) per l&#8217;accesso alla propiet\u00e0 sopra la nuova viabilit\u00e0. Dopo dieci anni la rotonda \u00e8 stata realizzata, ma non \u00e8 stato definito l&#8217;atto di compravendita o il decreto di esproprio,\u00a0 quindi non risulta saldata la quota relativa alla cessione bonaria (dopo un acconto d&#8217;inizio lavori). Al proprietario dei terreni mai \u00e8 stata data comunicazione di fine lavori con la quantificazione delle cifre spettanti per le occupazioni temporanee e non \u00e8 mai stata realizzata la famosa viabilt\u00e0 pedonale sostitutiva dell&#8217;allora sentiero che permetteva l&#8217;accesso alle altre propriet\u00e0. Per questi motivi Tito Paolo Caldart si \u00e8 rivolto ad un legale risultando il cantiere in stato di &#8220;abbandono&#8221; e\u00a0 la rotatoria funzionante con occupazione del bene.<em> &#8220;Vorrei capire &#8211; conclude Caldart &#8211; quali sono le intenzioni di Veneto Strade per rendere completamente conforme l&#8217;accordo stipulato a suo tempo, o in caso contrario che mi venissero almeno comunicati i motivi che ostacolano la conclusione dell&#8217;iter. Spero che nel frattempo quei terreni non diventino edificabili con un nuovo prg perch\u00e9 oltre al danno si aggiungerebbe la beffa di una tassazione non di poco conto su un terreno dove oggi transitano i veicoli per l&#8217;Agordino, il novo mappale tutt&#8217;ora \u00e8 a me intestato&#8221;.<\/em><b><br \/>\n<\/b><\/p>\n<p>&nbsp;<\/p>\n<p>&nbsp;<\/p>\n<p>___<\/p>\n","protected":false},"excerpt":{"rendered":"<p>AGORDO Tito Paolo Caldart era proprietario di un terreno alle porte di Agordo, in localit\u00e0 Pragrande, ma un giorno \u00e8 arrivato l&#8217;ingegnere per conto\u00a0 di Veneto Strade che gli ha spiegato che l\u00ec sarebbe stata realizzata una grande rotatoria futuro per la viabilit\u00e0 agordina, ovvero l&#8217;ingresso alla tangenziale (Pragrande Brugnach via Polane), oppure al centro&hellip;<\/p>\n","protected":false},"author":4,"featured_media":269134,"comment_status":"closed","ping_status":"closed","sticky":false,"template":"","format":"standard","meta":{"_monsterinsights_skip_tracking":false,"_monsterinsights_sitenote_active":false,"_monsterinsights_sitenote_note":"","_monsterinsights_sitenote_category":0,"footnotes":""},"categories":[51,49],"tags":[],"class_list":["post-269131","post","type-post","status-publish","format-standard","has-post-thumbnail","hentry","category-evidenza-top","category-news-18","category-51","category-49","description-off"],"img_url":"https:\/\/www.radiopiu.net\/wordpress\/wp-content\/uploads\/2022\/04\/155f123e-ac85-4de4-8175-550d4ee5303a.jpg","_links":{"self":[{"href":"https:\/\/www.radiopiu.net\/wordpress\/wp-json\/wp\/v2\/posts\/269131","targetHints":{"allow":["GET"]}}],"collection":[{"href":"https:\/\/www.radiopiu.net\/wordpress\/wp-json\/wp\/v2\/posts"}],"about":[{"href":"https:\/\/www.radiopiu.net\/wordpress\/wp-json\/wp\/v2\/types\/post"}],"author":[{"embeddable":true,"href":"https:\/\/www.radiopiu.net\/wordpress\/wp-json\/wp\/v2\/users\/4"}],"replies":[{"embeddable":true,"href":"https:\/\/www.radiopiu.net\/wordpress\/wp-json\/wp\/v2\/comments?post=269131"}],"version-history":[{"count":0,"href":"https:\/\/www.radiopiu.net\/wordpress\/wp-json\/wp\/v2\/posts\/269131\/revisions"}],"wp:featuredmedia":[{"embeddable":true,"href":"https:\/\/www.radiopiu.net\/wordpress\/wp-json\/wp\/v2\/media\/269134"}],"wp:attachment":[{"href":"https:\/\/www.radiopiu.net\/wordpress\/wp-json\/wp\/v2\/media?parent=269131"}],"wp:term":[{"taxonomy":"category","embeddable":true,"href":"https:\/\/www.radiopiu.net\/wordpress\/wp-json\/wp\/v2\/categories?post=269131"},{"taxonomy":"post_tag","embeddable":true,"href":"https:\/\/www.radiopiu.net\/wordpress\/wp-json\/wp\/v2\/tags?post=269131"}],"curies":[{"name":"wp","href":"https:\/\/api.w.org\/{rel}","templated":true}]}}