{"id":269181,"date":"2022-04-07T05:53:49","date_gmt":"2022-04-07T03:53:49","guid":{"rendered":"https:\/\/www.radiopiu.net\/wordpress\/?p=269181"},"modified":"2022-04-07T06:10:06","modified_gmt":"2022-04-07T04:10:06","slug":"acc-dinca-con-laccordo-ce-un-nuovo-inizio-per-mel","status":"publish","type":"post","link":"https:\/\/www.radiopiu.net\/wordpress\/acc-dinca-con-laccordo-ce-un-nuovo-inizio-per-mel\/","title":{"rendered":"ACC, D&#8217;INCA&#8217;: &#8220;CON L&#8217;ACCORDO C&#8217;E&#8217; UN NUOVO INIZIO PER MEL&#8221;"},"content":{"rendered":"<blockquote><p><em>Firmato l&#8217;accordo ed \u00e8 ufficiale: Acc diventa LuVe. C&#8217;\u00e8 voluta una notte intera per risolvere il problema, infatti la segreteria provinciale della Fiom martedi al momento della firma dell&#8217;accordo si era ritirata in un chiaro &#8220;non so&#8221;.\u00a0 La notte non ha cambiato l&#8217;opinione di Stefano Bona che alla fine la firma non ha voluto metterla su quell&#8217;accordo. Chi immaginava un ulteriore stappo della bottiglia per festeggiare \u00e8 rimasto a bocca uscita, c&#8217;\u00e8 stato poco da festeggiare senza l&#8217;unanimit\u00e0 del voto. Questi sono inoltre giorni cruciali anche per la Diab di Longarone e il 14 aprile si conosceranno anche le sorti della Ideal di Trichiana<\/em><\/p><\/blockquote>\n<p>&nbsp;<\/p>\n<p><strong><a class=\"dt-pswp-item\" href=\"https:\/\/www.radiopiu.net\/wordpress\/wp-content\/uploads\/2021\/02\/dinca.jpg\" data-dt-img-description=\"\" data-large_image_width=\"1080\" data-large_image_height=\"1079\"><img loading=\"lazy\" decoding=\"async\" class=\"wp-image-190918 size-thumbnail alignleft\" src=\"https:\/\/www.radiopiu.net\/wordpress\/wp-content\/uploads\/2021\/02\/dinca-150x150.jpg\" alt=\"\" width=\"150\" height=\"150\" srcset=\"https:\/\/www.radiopiu.net\/wordpress\/wp-content\/uploads\/2021\/02\/dinca-150x150.jpg 150w, https:\/\/www.radiopiu.net\/wordpress\/wp-content\/uploads\/2021\/02\/dinca-300x300.jpg 300w, https:\/\/www.radiopiu.net\/wordpress\/wp-content\/uploads\/2021\/02\/dinca-1024x1024.jpg 1024w, https:\/\/www.radiopiu.net\/wordpress\/wp-content\/uploads\/2021\/02\/dinca-768x767.jpg 768w, https:\/\/www.radiopiu.net\/wordpress\/wp-content\/uploads\/2021\/02\/dinca.jpg 1080w\" sizes=\"auto, (max-width: 150px) 100vw, 150px\" \/><\/a>ROMA<\/strong> \u201c<em>L\u2019accordo raggiunto oggi apre un nuovo scenario per lo stabilimento di Mel: ora si guarda al futuro grazie a Lu.Ve., un gruppo che crede nel territorio bellunese e nell\u2019opportunit\u00e0 offerta dal sito produttivo in cui si continuer\u00e0 a lavorare. Da sempre l\u2019interesse dell\u2019attuale Governo e del Governo Conte \u00e8 stato quello di salvaguardare il tessuto di Borgo Valbelluna, mettendo al centro la qualit\u00e0 del lavoro e l\u2019alta professionalit\u00e0 di tutti i dipendenti<\/em>\u201d. Lo dichiara Federico D\u2019Inc\u00e0, Ministro per i Rapporti con il Parlamento, in seguito all\u2019accordo raggiunto per la cessione dello stabilimento Acc di Borgo Valbelluna a Lu.Ve. \u201c<em>In questo lungo e difficile percorso c\u2019\u00e8 stato un forte e intenso lavoro di squadra che ha visto coinvolte le istituzioni e le organizzazioni sindacali \u2013 osserva il Ministro D\u2019Inc\u00e0, che aggiunge &#8211; in ogni sede competente si \u00e8 cercato di risolvere tutte le problematiche che hanno interessato lo stabilimento fin da quando la precedente propriet\u00e0 cinese aveva deciso di abbandonare la fabbrica. I passaggi necessari per arrivare alla conclusione di questa delicata vertenza sono stati molti, e non certo semplici: io stesso mi sono interessato per trovare la possibilit\u00e0 di costruire il percorso che ha portato all\u2019amministrazione straordinaria. Un risultato che oggi permette di proiettare la nostra comunit\u00e0 su nuovi scenari, con un gruppo industriale solido e determinato ad affrontare una nuova sfida<\/em>\u201d. \u201c<em>Ringrazio chi ha sempre creduto nel futuro del sito di Mel, senza mai abbandonare i lavoratori che, nel corso degli anni, hanno difeso con grande passione la propria azienda \u2013 conclude il Ministro per i Rapporti con il Parlamento<\/em>\u201d.<\/p>\n<p>&nbsp;<\/p>\n<p>&nbsp;<\/p>\n<p>******<\/p>\n","protected":false},"excerpt":{"rendered":"<p>Firmato l&#8217;accordo ed \u00e8 ufficiale: Acc diventa LuVe. C&#8217;\u00e8 voluta una notte intera per risolvere il problema, infatti la segreteria provinciale della Fiom martedi al momento della firma dell&#8217;accordo si era ritirata in un chiaro &#8220;non so&#8221;.\u00a0 La notte non ha cambiato l&#8217;opinione di Stefano Bona che alla fine la firma non ha voluto metterla&hellip;<\/p>\n","protected":false},"author":4,"featured_media":190918,"comment_status":"closed","ping_status":"closed","sticky":false,"template":"","format":"standard","meta":{"_monsterinsights_skip_tracking":false,"_monsterinsights_sitenote_active":false,"_monsterinsights_sitenote_note":"","_monsterinsights_sitenote_category":0,"footnotes":""},"categories":[51,49],"tags":[],"class_list":["post-269181","post","type-post","status-publish","format-standard","has-post-thumbnail","hentry","category-evidenza-top","category-news-18","category-51","category-49","description-off"],"img_url":"https:\/\/www.radiopiu.net\/wordpress\/wp-content\/uploads\/2021\/02\/dinca.jpg","_links":{"self":[{"href":"https:\/\/www.radiopiu.net\/wordpress\/wp-json\/wp\/v2\/posts\/269181","targetHints":{"allow":["GET"]}}],"collection":[{"href":"https:\/\/www.radiopiu.net\/wordpress\/wp-json\/wp\/v2\/posts"}],"about":[{"href":"https:\/\/www.radiopiu.net\/wordpress\/wp-json\/wp\/v2\/types\/post"}],"author":[{"embeddable":true,"href":"https:\/\/www.radiopiu.net\/wordpress\/wp-json\/wp\/v2\/users\/4"}],"replies":[{"embeddable":true,"href":"https:\/\/www.radiopiu.net\/wordpress\/wp-json\/wp\/v2\/comments?post=269181"}],"version-history":[{"count":0,"href":"https:\/\/www.radiopiu.net\/wordpress\/wp-json\/wp\/v2\/posts\/269181\/revisions"}],"wp:featuredmedia":[{"embeddable":true,"href":"https:\/\/www.radiopiu.net\/wordpress\/wp-json\/wp\/v2\/media\/190918"}],"wp:attachment":[{"href":"https:\/\/www.radiopiu.net\/wordpress\/wp-json\/wp\/v2\/media?parent=269181"}],"wp:term":[{"taxonomy":"category","embeddable":true,"href":"https:\/\/www.radiopiu.net\/wordpress\/wp-json\/wp\/v2\/categories?post=269181"},{"taxonomy":"post_tag","embeddable":true,"href":"https:\/\/www.radiopiu.net\/wordpress\/wp-json\/wp\/v2\/tags?post=269181"}],"curies":[{"name":"wp","href":"https:\/\/api.w.org\/{rel}","templated":true}]}}