{"id":269201,"date":"2022-04-07T05:57:23","date_gmt":"2022-04-07T03:57:23","guid":{"rendered":"https:\/\/www.radiopiu.net\/wordpress\/?p=269201"},"modified":"2022-04-07T08:24:11","modified_gmt":"2022-04-07T06:24:11","slug":"leonardo-secondo","status":"publish","type":"post","link":"https:\/\/www.radiopiu.net\/wordpress\/leonardo-secondo\/","title":{"rendered":"FERRERO IL PIU&#8217; RICCO TRA I 52 MILIARDARI D&#8217;ITALIA,  LEONARDO DEL VECCHIO AL SECONDO POSTO"},"content":{"rendered":"<p><b><img loading=\"lazy\" decoding=\"async\" class=\"alignleft\" src=\"https:\/\/www.radiopiu.net\/wordpress\/wp-content\/uploads\/2021\/10\/delvecchio-156498.jpg\" width=\"309\" height=\"162\" \/>AGORDO\u00a0 <\/b><em>Forbes.it<\/em>\u00a0calcola il patrimonio di Ferrero, il cui gruppo ha fatturato 14 miliardi di dollari nel 2021, in 36,2 miliardi: 1,1 in pi\u00f9 rispetto a un anno fa e 2,9 in pi\u00f9 di fine 2021. Nella classifica degli europei pi\u00f9 ricchi, dominata da Bernard Arnault, Ferrero ha invece perso due posizioni: dal settimo posto dell\u2019aprile 2021 all\u2019attuale nono. Il suo vantaggio sul secondo italiano in classifica,\u00a0Leonardo Del Vecchio, \u00e8 diminuito in un anno da 10 a 8,9 miliardi. La fortuna del presidente di EssilorLuxottica, la 52esima al mondo, \u00e8 passata infatti da 25,1 a 27,3 miliardi. Il divario si era per\u00f2 azzerato sul finire del 2021, quando Del Vecchio era stato anche\u00a0<a href=\"https:\/\/forbes.it\/2021\/11\/19\/leonardo-del-vecchio-supera-giovanni-ferrero-ricco-italia\/\" target=\"_blank\" rel=\"noopener\">la persona pi\u00f9 ricca<\/a> d\u2019Italia per alcuni giorni. Sale sul podio, con un patrimonio di 7,8 miliardi di dollari, anche\u00a0<strong>Giorgio Armani<\/strong>, che recupera due posizioni rispetto a un anno fa e tre rispetto a dicembre. Armani precede\u00a0<strong>Silvio Berlusconi<\/strong>\u00a0(7,1 miliardi), a sua volta in risalita rispetto ad aprile 2021 (era sesto) e a alla fine dell\u2019anno scorso (quinto).<\/p>\n<p>DA FORBES.IT LA CLASSIFICA DEI PIU&#8217; RICCHI D&#8217;ITALIA<\/p>\n<p><strong>1 | Giovanni Ferrero<\/strong><br \/>\nPatrimonio: 36,2 miliardi<\/p>\n<p><strong>2 | Leonardo Del Vecchio e famiglia<\/strong><br \/>\nPatrimonio: 27,3 miliardi<\/p>\n<p><strong>3 | Giorgio Armani<\/strong><br \/>\nPatrimonio: 7,8 miliardi<\/p>\n<p><strong>4 | Silvio Berlusconi e famiglia<\/strong><br \/>\nPatrimonio: 7,1 miliardi<\/p>\n<p><strong>5 | Massimiliana Landini Aleotti e famiglia<\/strong><br \/>\nPatrimonio: 5,4 miliardi<\/p>\n<p><strong>6 | Giuseppe De\u2019 Longhi e famiglia<\/strong><br \/>\nPatrimonio: 4,4 miliardi<\/p>\n<p><strong>7 | Piero Ferrari<\/strong><br \/>\nPatrimonio: 4,2 miliardi<\/p>\n<p><strong>8 | Augusto &amp; Giorgio Perfetti<\/strong><br \/>\nPatrimonio: 4,1 miliardi<\/p>\n<p><strong>9 | Patrizio Bertelli<\/strong><br \/>\nPatrimonio: 4 miliardi<\/p>\n<p><strong>10 | Miuccia Prada<\/strong><br \/>\nPatrimonio: 4 miliardi<\/p>\n<p><strong>11 | Francesco Gaetano Caltagirone<\/strong><br \/>\nPatrimonio: 3,9 miliardi<\/p>\n<p><strong>12 | Paolo &amp; Gianfelice Mario Rocca<\/strong><br \/>\nPatrimonio: 3,9 miliardi<\/p>\n<p><strong>13 | Luca Garavoglia<\/strong><br \/>\nPatrimonio: 3,8 miliardi<\/p>\n<p><strong>14 | Susan Carol Holland<\/strong><br \/>\nPatrimonio: 3,8 miliardi<\/p>\n<p><strong>15 | Sergio Stevanato e famiglia<\/strong><br \/>\nPatrimonio: 3,8 miliardi<\/p>\n<p><strong>16 | Gustavo Denegri<\/strong><br \/>\nPatrimonio: 3,7 miliardi<\/p>\n<p><strong>17 | Renzo Rosso e famiglia<\/strong><br \/>\nPatrimonio: 3,5 miliardi<\/p>\n<p><strong>18 | Giuseppe Crippa e famiglia<\/strong><br \/>\nPatrimonio: 3,2 miliardi<\/p>\n<p><strong>19 | Alessandra Garavoglia<\/strong><br \/>\nPatrimonio: 3,1 miliardi<\/p>\n<p><strong>20 | Remo Ruffini<\/strong><br \/>\nPatrimonio: 3 miliardi<\/p>\n<p><strong>21 | Isabella Seragnoli<\/strong><br \/>\nPatrimonio: 2,8 miliardi<\/p>\n<p><strong>22 | Giuliana Benetton<\/strong><br \/>\nPatrimonio: 2,7 miliardi<\/p>\n<p><strong>23 | Luciano Benetton<\/strong><br \/>\nPatrimonio: 2,7 miliardi<\/p>\n<p><strong>24 | Federico De Nora<\/strong><br \/>\nPatrimonio: 2,6 miliardi<\/p>\n<p><strong>25 | Alberto Bombassei<\/strong><br \/>\nPatrimonio: 2,1 miliardi<\/p>\n<p><strong>26 | John Elkann<\/strong><br \/>\nPatrimonio: 2,1 miliardi<\/p>\n<p><strong>27 | Brunello Cucinelli<\/strong><br \/>\nPatrimonio: 2 miliardi<\/p>\n<p><strong>28 | Maria Franca Fissolo<\/strong><br \/>\nPatrimonio: 2 miliardi<\/p>\n<p><strong>29 | Nicola Bulgari<\/strong><br \/>\nPatrimonio: 1,9 miliardi<\/p>\n<p><strong>30 | Romano Minozzi<\/strong><br \/>\nPatrimonio: 1,9 miliardi<\/p>\n<p><strong>31| Mario Moretti Polegato<\/strong><br \/>\nPatrimonio: 1,7 miliardi<\/p>\n<p><strong>32 | Alberto Prada<\/strong><br \/>\nPatrimonio: 1,7 miliardi<\/p>\n<p><strong>33 | Marina Prada<\/strong><br \/>\nPatrimonio: 1,7 miliardi<\/p>\n<p><strong>34 | Paolo Bulgari<\/strong><br \/>\nPatrimonio: 1,5 miliardi<\/p>\n<p><strong>35 | Giuliana Caprotti<\/strong><br \/>\nPatrimonio: 1,5 miliardi<\/p>\n<p><strong>36 | Marina Caprotti<\/strong><br \/>\nPatrimonio: 1,5 miliardi<\/p>\n<p><strong>37 | Domenico Dolce<\/strong><br \/>\nPatrimonio: 1,5 miliardi<\/p>\n<p><strong>38 | Stefano Gabbana<\/strong><br \/>\nPatrimonio: 1,5 miliardi<\/p>\n<p><strong>39 | Manfredi Lefebvre d\u2019Ovidio<\/strong><br \/>\nPatrimonio: 1,5 miliardi<\/p>\n<p><strong>40 | Massimo Moratti<\/strong><br \/>\nPatrimonio: 1,5 miliardi<\/p>\n<p><strong>41 | Nerio Alessandri<\/strong><br \/>\nPatrimonio: 1,4 miliardi<\/p>\n<p><strong>42 | Sabrina Benetton<\/strong><br \/>\nPatrimonio: 1,4 miliardi<\/p>\n<p><strong>43 | Diego Della Valle<\/strong><br \/>\nPatrimonio: 1,4 miliardi<\/p>\n<p><strong>44 | Antonio Percassi<\/strong><br \/>\nPatrimonio: 1,4 miliardi<\/p>\n<p><strong>45 | Lina Tombolato<\/strong><br \/>\nPatrimonio: 1,4 miliardi<\/p>\n<p><strong>46 | Barbara Benetton<\/strong><br \/>\nPatrimonio: 1,3 miliardi<\/p>\n<p><strong>47 | Simona Giorgetta<\/strong><br \/>\nPatrimonio: 1,3 miliardi<\/p>\n<p><strong>48 | Marco Squinzi<\/strong><br \/>\nPatrimonio: 1,3 miliardi<\/p>\n<p><strong>49 | Veronica Squinzi<\/strong><br \/>\nPatrimonio: 1,3 miliardi<\/p>\n<p><strong>50 | Sandro Veronesi<\/strong><br \/>\nPatrimonio: 1,3 miliardi<\/p>\n<p><strong>51 | Luigi Cremonini<\/strong><br \/>\nPatrimonio: 1,2 miliardi<\/p>\n<p><strong>52 | Stefania Triva<\/strong><br \/>\nPatrimonio: 1,2 miliardi<\/p>\n<p>&nbsp;<\/p>\n<p>___<\/p>\n","protected":false},"excerpt":{"rendered":"<p>AGORDO\u00a0 Forbes.it\u00a0calcola il patrimonio di Ferrero, il cui gruppo ha fatturato 14 miliardi di dollari nel 2021, in 36,2 miliardi: 1,1 in pi\u00f9 rispetto a un anno fa e 2,9 in pi\u00f9 di fine 2021. Nella classifica degli europei pi\u00f9 ricchi, dominata da Bernard Arnault, Ferrero ha invece perso due posizioni: dal settimo posto dell\u2019aprile&hellip;<\/p>\n","protected":false},"author":4,"featured_media":237988,"comment_status":"closed","ping_status":"closed","sticky":false,"template":"","format":"standard","meta":{"_monsterinsights_skip_tracking":false,"_monsterinsights_sitenote_active":false,"_monsterinsights_sitenote_note":"","_monsterinsights_sitenote_category":0,"footnotes":""},"categories":[104,49],"tags":[],"class_list":["post-269201","post","type-post","status-publish","format-standard","has-post-thumbnail","hentry","category-evidenza_3","category-news-18","category-104","category-49","description-off"],"img_url":"https:\/\/www.radiopiu.net\/wordpress\/wp-content\/uploads\/2021\/10\/delvecchio-156498.jpg","_links":{"self":[{"href":"https:\/\/www.radiopiu.net\/wordpress\/wp-json\/wp\/v2\/posts\/269201","targetHints":{"allow":["GET"]}}],"collection":[{"href":"https:\/\/www.radiopiu.net\/wordpress\/wp-json\/wp\/v2\/posts"}],"about":[{"href":"https:\/\/www.radiopiu.net\/wordpress\/wp-json\/wp\/v2\/types\/post"}],"author":[{"embeddable":true,"href":"https:\/\/www.radiopiu.net\/wordpress\/wp-json\/wp\/v2\/users\/4"}],"replies":[{"embeddable":true,"href":"https:\/\/www.radiopiu.net\/wordpress\/wp-json\/wp\/v2\/comments?post=269201"}],"version-history":[{"count":0,"href":"https:\/\/www.radiopiu.net\/wordpress\/wp-json\/wp\/v2\/posts\/269201\/revisions"}],"wp:featuredmedia":[{"embeddable":true,"href":"https:\/\/www.radiopiu.net\/wordpress\/wp-json\/wp\/v2\/media\/237988"}],"wp:attachment":[{"href":"https:\/\/www.radiopiu.net\/wordpress\/wp-json\/wp\/v2\/media?parent=269201"}],"wp:term":[{"taxonomy":"category","embeddable":true,"href":"https:\/\/www.radiopiu.net\/wordpress\/wp-json\/wp\/v2\/categories?post=269201"},{"taxonomy":"post_tag","embeddable":true,"href":"https:\/\/www.radiopiu.net\/wordpress\/wp-json\/wp\/v2\/tags?post=269201"}],"curies":[{"name":"wp","href":"https:\/\/api.w.org\/{rel}","templated":true}]}}