{"id":269250,"date":"2022-04-07T10:20:38","date_gmt":"2022-04-07T08:20:38","guid":{"rendered":"https:\/\/www.radiopiu.net\/wordpress\/?p=269250"},"modified":"2022-04-07T10:31:36","modified_gmt":"2022-04-07T08:31:36","slug":"arrivederci-di-alberta-foccardi","status":"publish","type":"post","link":"https:\/\/www.radiopiu.net\/wordpress\/arrivederci-di-alberta-foccardi\/","title":{"rendered":"ARRIVEDERCI di ALBERTA FOCCARDI"},"content":{"rendered":"<p><strong>AUDIO<\/strong><\/p>\n<audio class=\"wp-audio-shortcode\" id=\"audio-269250-1\" preload=\"none\" style=\"width: 100%;\" controls=\"controls\"><source type=\"audio\/mpeg\" src=\"https:\/\/www.radiopiu.net\/wordpress\/wp-content\/uploads\/2022\/04\/04-ALBERTA-FOCCARDI-ARRIVEDERCI-LAGHETTO-LAIVAZ.mp3?_=1\" \/><a href=\"https:\/\/www.radiopiu.net\/wordpress\/wp-content\/uploads\/2022\/04\/04-ALBERTA-FOCCARDI-ARRIVEDERCI-LAGHETTO-LAIVAZ.mp3\">https:\/\/www.radiopiu.net\/wordpress\/wp-content\/uploads\/2022\/04\/04-ALBERTA-FOCCARDI-ARRIVEDERCI-LAGHETTO-LAIVAZ.mp3<\/a><\/audio>\n<p>&nbsp;<\/p>\n<p>&nbsp;<\/p>\n<p><strong><img loading=\"lazy\" decoding=\"async\" class=\"alignleft\" src=\"https:\/\/www.radiopiu.net\/wordpress\/wp-content\/uploads\/2022\/04\/LAivaz.jpg\" width=\"211\" height=\"157\" \/>ARRIVEDERCI<\/strong><\/p>\n<p>Mi son nascosta dietro le nuvole<br \/>\nnon voglio ascoltare, vedere<br \/>\nil vento rispetta il mio riflettere.<br \/>\nArriver\u00e0 il sole<br \/>\nle nuvole disperder\u00e0<br \/>\nil mio laghetto rivedr\u00f2.<br \/>\nLaghetto Laivaz sorridente invitante<br \/>\ncompari, le nuvole scompaiono.<br \/>\nAscolto la tua voce sussurrarmi:<br \/>\n-Ricordi quante foto, poesie, incontri<br \/>\nabbracci affettuosi con i tuoi nipotini?<br \/>\nLaghetto Laivaz, rugiada del mattino,<br \/>\nvorrei essere l\u00ec<br \/>\nessere seduta sulla panchina<br \/>\nper anni mia amica<br \/>\nanni goduti con la consapevolezza<br \/>\nche la bellezza e l\u2019amore che ci circonda<br \/>\nsono un dono immenso<br \/>\nche pace infonde nell\u2019anima.<br \/>\nLaghetto ritorner\u00f2 e abbraccer\u00f2.<\/p>\n<p>LA RACCOLTA COMPLETA<\/p>\n<blockquote class=\"wp-embedded-content\" data-secret=\"bIqrdNmrb6\"><p><a href=\"https:\/\/www.radiopiu.net\/wordpress\/in-vivo-verso\/\">In Vivo Verso<\/a><\/p><\/blockquote>\n<p><iframe loading=\"lazy\" class=\"wp-embedded-content\" sandbox=\"allow-scripts\" security=\"restricted\" style=\"position: absolute; clip: rect(1px, 1px, 1px, 1px);\" title=\"&#8220;In Vivo Verso&#8221; &#8212; Radio Pi\u00f9\" src=\"https:\/\/www.radiopiu.net\/wordpress\/in-vivo-verso\/embed\/#?secret=50wMGjWGnJ#?secret=bIqrdNmrb6\" data-secret=\"bIqrdNmrb6\" width=\"600\" height=\"338\" frameborder=\"0\" marginwidth=\"0\" marginheight=\"0\" scrolling=\"no\"><\/iframe><\/p>\n","protected":false},"excerpt":{"rendered":"<p>AUDIO &nbsp; &nbsp; ARRIVEDERCI Mi son nascosta dietro le nuvole non voglio ascoltare, vedere il vento rispetta il mio riflettere. Arriver\u00e0 il sole le nuvole disperder\u00e0 il mio laghetto rivedr\u00f2. Laghetto Laivaz sorridente invitante compari, le nuvole scompaiono. Ascolto la tua voce sussurrarmi: -Ricordi quante foto, poesie, incontri abbracci affettuosi con i tuoi nipotini? Laghetto&hellip;<\/p>\n","protected":false},"author":4,"featured_media":269251,"comment_status":"closed","ping_status":"closed","sticky":false,"template":"","format":"standard","meta":{"_monsterinsights_skip_tracking":false,"_monsterinsights_sitenote_active":false,"_monsterinsights_sitenote_note":"","_monsterinsights_sitenote_category":0,"footnotes":""},"categories":[22,49],"tags":[],"class_list":["post-269250","post","type-post","status-publish","format-standard","has-post-thumbnail","hentry","category-invivoverso","category-news-18","category-22","category-49","description-off"],"img_url":"https:\/\/www.radiopiu.net\/wordpress\/wp-content\/uploads\/2022\/04\/LAivaz.jpg","_links":{"self":[{"href":"https:\/\/www.radiopiu.net\/wordpress\/wp-json\/wp\/v2\/posts\/269250","targetHints":{"allow":["GET"]}}],"collection":[{"href":"https:\/\/www.radiopiu.net\/wordpress\/wp-json\/wp\/v2\/posts"}],"about":[{"href":"https:\/\/www.radiopiu.net\/wordpress\/wp-json\/wp\/v2\/types\/post"}],"author":[{"embeddable":true,"href":"https:\/\/www.radiopiu.net\/wordpress\/wp-json\/wp\/v2\/users\/4"}],"replies":[{"embeddable":true,"href":"https:\/\/www.radiopiu.net\/wordpress\/wp-json\/wp\/v2\/comments?post=269250"}],"version-history":[{"count":0,"href":"https:\/\/www.radiopiu.net\/wordpress\/wp-json\/wp\/v2\/posts\/269250\/revisions"}],"wp:featuredmedia":[{"embeddable":true,"href":"https:\/\/www.radiopiu.net\/wordpress\/wp-json\/wp\/v2\/media\/269251"}],"wp:attachment":[{"href":"https:\/\/www.radiopiu.net\/wordpress\/wp-json\/wp\/v2\/media?parent=269250"}],"wp:term":[{"taxonomy":"category","embeddable":true,"href":"https:\/\/www.radiopiu.net\/wordpress\/wp-json\/wp\/v2\/categories?post=269250"},{"taxonomy":"post_tag","embeddable":true,"href":"https:\/\/www.radiopiu.net\/wordpress\/wp-json\/wp\/v2\/tags?post=269250"}],"curies":[{"name":"wp","href":"https:\/\/api.w.org\/{rel}","templated":true}]}}