{"id":269271,"date":"2022-04-08T05:49:48","date_gmt":"2022-04-08T03:49:48","guid":{"rendered":"https:\/\/www.radiopiu.net\/wordpress\/?p=269271"},"modified":"2022-04-08T06:10:16","modified_gmt":"2022-04-08T04:10:16","slug":"e-morto-il-lupo-investito-in-val-di-zoldo","status":"publish","type":"post","link":"https:\/\/www.radiopiu.net\/wordpress\/e-morto-il-lupo-investito-in-val-di-zoldo\/","title":{"rendered":"E&#8217; MORTO IL LUPO INVESTITO IN VAL DI ZOLDO"},"content":{"rendered":"<div>\n<p><span style=\"font-family: arial, sans-serif; font-size: large;\"><b><img loading=\"lazy\" decoding=\"async\" class=\"alignleft\" src=\"https:\/\/www.radiopiu.net\/wordpress\/wp-content\/uploads\/2022\/04\/IMG_3713-scaled.jpg\" width=\"220\" height=\"165\" \/>BELLUNO\u00a0 <\/b><\/span><span style=\"font-size: large;\">La Polizia Provinciale ha provveduto al recupero di un lupo, investito lungo la Sp 347 del Passo Duran. Si tratta di un esemplare maschio giovane. L\u2019incidente \u00e8 avvenuto nella notte tra marted\u00ec e mercoled\u00ec (5 e 6 aprile), in localit\u00e0 Fornesighe.\u00a0 <\/span><span style=\"font-family: arial, sans-serif; font-size: large;\">Ad avvisare la Polizia Provinciale \u00e8 stato un automobilista residente in Val di Zoldo, che ha allertato per conoscenza personale un agente, comunicandogli di aver investito con l\u2019auto un animale, con ogni probabilit\u00e0 un lupo. L\u2019agente, resosi disponibile e autorizzato dal comandante, si \u00e8 recato immediatamente sul posto dove ha potuto constatare la morte dell\u2019animale e ha confermato che si trattava di un esemplare della specie lupo (canis lupus), di sesso maschile. <\/span><span style=\"font-family: arial, sans-serif; font-size: large;\">La dinamica dell\u2019incidente \u00e8 stata ricostruita a partire dalla testimonianza dall\u2019automobilista coinvolto: mentre percorreva la strada provinciale 347, provenendo dalla 251 della Val di Zoldo, in direzione del passo Duran, a un centinaio di metri dall\u2019abitato di Fornesighe, \u00e8 sbucato improvvisamente da dietro un paramassi un animale che il conducente non \u00e8 riuscito a evitare, nonostante la moderata velocit\u00e0 in quel tratto di strada particolarmente tortuoso. Nell\u2019istante dell\u2019urto l\u2019automobilista non ha avuto nemmeno il tempo di rendersi conto di che animale si trattasse. L\u2019uomo si \u00e8 fermato immediatamente per verificare l\u2019accaduto e ha potuto appurare che si trattava di un lupo; a quel punto ha allertato il personale della Polizia Provinciale, richiedendone l\u2019intervento, come previsto dalla normativa vigente.<\/span><\/p>\n<blockquote><p><em><span style=\"font-family: arial, sans-serif; font-size: large;\">La carcassa dell\u2019animale \u00e8 stata rimossa dalla strada e la mattina successiva, al comando di Polizia Provinciale, sono stati eseguiti i primi sommari rilievi. Gli agenti esperti di fauna selvatica hanno confermato che si trattava di un maschio giovane, probabilmente nato nel 2021, di quasi 42 chilogrammi<\/span><\/em><\/p><\/blockquote>\n<\/div>\n","protected":false},"excerpt":{"rendered":"<p>BELLUNO\u00a0 La Polizia Provinciale ha provveduto al recupero di un lupo, investito lungo la Sp 347 del Passo Duran. Si tratta di un esemplare maschio giovane. L\u2019incidente \u00e8 avvenuto nella notte tra marted\u00ec e mercoled\u00ec (5 e 6 aprile), in localit\u00e0 Fornesighe.\u00a0 Ad avvisare la Polizia Provinciale \u00e8 stato un automobilista residente in Val di&hellip;<\/p>\n","protected":false},"author":4,"featured_media":269272,"comment_status":"closed","ping_status":"closed","sticky":false,"template":"","format":"standard","meta":{"_monsterinsights_skip_tracking":false,"_monsterinsights_sitenote_active":false,"_monsterinsights_sitenote_note":"","_monsterinsights_sitenote_category":0,"footnotes":""},"categories":[51,49],"tags":[],"class_list":["post-269271","post","type-post","status-publish","format-standard","has-post-thumbnail","hentry","category-evidenza-top","category-news-18","category-51","category-49","description-off"],"img_url":"https:\/\/www.radiopiu.net\/wordpress\/wp-content\/uploads\/2022\/04\/IMG_3713-scaled.jpg","_links":{"self":[{"href":"https:\/\/www.radiopiu.net\/wordpress\/wp-json\/wp\/v2\/posts\/269271","targetHints":{"allow":["GET"]}}],"collection":[{"href":"https:\/\/www.radiopiu.net\/wordpress\/wp-json\/wp\/v2\/posts"}],"about":[{"href":"https:\/\/www.radiopiu.net\/wordpress\/wp-json\/wp\/v2\/types\/post"}],"author":[{"embeddable":true,"href":"https:\/\/www.radiopiu.net\/wordpress\/wp-json\/wp\/v2\/users\/4"}],"replies":[{"embeddable":true,"href":"https:\/\/www.radiopiu.net\/wordpress\/wp-json\/wp\/v2\/comments?post=269271"}],"version-history":[{"count":0,"href":"https:\/\/www.radiopiu.net\/wordpress\/wp-json\/wp\/v2\/posts\/269271\/revisions"}],"wp:featuredmedia":[{"embeddable":true,"href":"https:\/\/www.radiopiu.net\/wordpress\/wp-json\/wp\/v2\/media\/269272"}],"wp:attachment":[{"href":"https:\/\/www.radiopiu.net\/wordpress\/wp-json\/wp\/v2\/media?parent=269271"}],"wp:term":[{"taxonomy":"category","embeddable":true,"href":"https:\/\/www.radiopiu.net\/wordpress\/wp-json\/wp\/v2\/categories?post=269271"},{"taxonomy":"post_tag","embeddable":true,"href":"https:\/\/www.radiopiu.net\/wordpress\/wp-json\/wp\/v2\/tags?post=269271"}],"curies":[{"name":"wp","href":"https:\/\/api.w.org\/{rel}","templated":true}]}}