{"id":269338,"date":"2022-04-06T18:07:53","date_gmt":"2022-04-06T16:07:53","guid":{"rendered":"https:\/\/www.radiopiu.net\/wordpress\/?p=269338"},"modified":"2022-04-08T08:10:43","modified_gmt":"2022-04-08T06:10:43","slug":"operaigosaldopaolo","status":"publish","type":"post","link":"https:\/\/www.radiopiu.net\/wordpress\/operaigosaldopaolo\/","title":{"rendered":"COMUNITA&#8217; SCONVOLTA A GOSALDO PER LA MORTE DI PAOLO"},"content":{"rendered":"<blockquote>\n<h3>COMUNITA&#8217; SCONVOLTA A GOSALDO PER LA MORTE DI PAOLO<\/h3>\n<p><em>era sulla linea di quell&#8217;impianto quando il verricello ha ceduto di schianto, spezzandosi. L&#8217;uomo, boscaiolo per conto della ditta &#8220;Dalla Santa Federico&#8221; di Fiera di Primiero, \u00e8 stato investito in pieno dal carico e poi dal gancio. Marcon \u00e8 morto praticamente sul colpo.<\/em><\/p><\/blockquote>\n<p><strong><a class=\"dt-pswp-item\" href=\"https:\/\/www.radiopiu.net\/wordpress\/wp-content\/uploads\/2022\/04\/B73B17CE-6E2E-41C9-B69F-42A9C7E17BE0.jpeg\" data-dt-img-description=\"\" data-large_image_width=\"788\" data-large_image_height=\"841\"><img loading=\"lazy\" decoding=\"async\" class=\"size-thumbnail wp-image-269370 alignleft\" src=\"https:\/\/www.radiopiu.net\/wordpress\/wp-content\/uploads\/2022\/04\/B73B17CE-6E2E-41C9-B69F-42A9C7E17BE0-150x150.jpeg\" alt=\"\" width=\"150\" height=\"150\" \/><\/a>GOSALDO<\/strong> Dramma nei boschi\u00a0 a Gosaldo in localit\u00e0\u00a0 Troi delle Caore in prossimit\u00e0 di Corde Mole-Val Zoca (tra Rivamonte e Gosaldo lungo la provinciale 3), Paolo Marcon \u00e8 stato travolto da un albero\u00a0 mentre stava operando con l&#8217;ausilio di un verricello,\u00a0 quando sono arrivati i soccorsi purtroppo per l&#8217;operaio di una ditta di lavori boschivi del\u00a0 vicino Primiero,\u00a0 non c&#8217;era pi\u00f9 nulla da fare. Poco dopo mezzogiorno, i Vigili del Fuoco sono intervenuti in una zona <a class=\"dt-pswp-item\" href=\"https:\/\/www.radiopiu.net\/wordpress\/wp-content\/uploads\/2022\/04\/918a91d3-5e94-45d3-8ad6-3be1ecca3109.jpg\" data-dt-img-description=\"\" data-large_image_width=\"1280\" data-large_image_height=\"786\"><img loading=\"lazy\" decoding=\"async\" class=\"wp-image-269340 size-medium alignright\" src=\"https:\/\/www.radiopiu.net\/wordpress\/wp-content\/uploads\/2022\/04\/918a91d3-5e94-45d3-8ad6-3be1ecca3109-300x184.jpg\" alt=\"\" width=\"300\" height=\"184\" srcset=\"https:\/\/www.radiopiu.net\/wordpress\/wp-content\/uploads\/2022\/04\/918a91d3-5e94-45d3-8ad6-3be1ecca3109-300x184.jpg 300w, https:\/\/www.radiopiu.net\/wordpress\/wp-content\/uploads\/2022\/04\/918a91d3-5e94-45d3-8ad6-3be1ecca3109-1024x629.jpg 1024w, https:\/\/www.radiopiu.net\/wordpress\/wp-content\/uploads\/2022\/04\/918a91d3-5e94-45d3-8ad6-3be1ecca3109-768x472.jpg 768w, https:\/\/www.radiopiu.net\/wordpress\/wp-content\/uploads\/2022\/04\/918a91d3-5e94-45d3-8ad6-3be1ecca3109.jpg 1280w\" sizes=\"auto, (max-width: 300px) 100vw, 300px\" \/><\/a>impervia\u00a0 per soccorrere Paolo Marcon,\u00a0 58 anni di Gosaldo, abitava in via Croce Rossa,\u00a0 vittima dell&#8217;incidente mortale\u00a0 durante i lavori di taglio del bosco. I pompieri accorsi da Agordo, hanno messo in sicurezza il luogo mentre il medico, nonostante gli immediati soccorsi, non ha potuto che constatarne il\u00a0 decesso.<\/p>\n<p>Sul posto il personale dello Spisal e i Carabinieri della vicina stazione di Gosaldo con i colleghi di Agordo. La salma \u00e8 stata recuperata dall&#8217;elicottero Drago 71 del reparto volo dei Vigili del Fuoco di Venezia, che \u00e8 poi atterrato a campo sportivo del paese, dove la salma \u00e8 stata messa a disposizione dell\u2019autorit\u00e0 giudiziaria. Paolo Marcon lavorava per la ditta lavori boschivi di Fiera di Primiero, in passato era stato alle dipendenze del Comune per lavori a tempo indeterminato nel corso della stagione estiva, persona nota a Gosaldo Paol &#8220;zavat&#8221; con una grande passione per la pesca, l&#8217;arte, il suo paese, lascia la moglie e tre figlie. Il sindaco Stefano Da Zanche esprime le pi\u00f9 sentite condoglianze alla famiglia, a nome dell&#8217;intera comunit\u00e0 di Gosaldo.<\/p>\n<p><strong>di Gianni Santomaso dal Corriere delle Alpi<\/strong><\/p>\n<audio class=\"wp-audio-shortcode\" id=\"audio-269338-1\" preload=\"none\" style=\"width: 100%;\" controls=\"controls\"><source type=\"audio\/mpeg\" src=\"https:\/\/www.radiopiu.net\/wordpress\/wp-content\/uploads\/2022\/04\/GIANNI-PAOLO-MARCON.mp3?_=1\" \/><a href=\"https:\/\/www.radiopiu.net\/wordpress\/wp-content\/uploads\/2022\/04\/GIANNI-PAOLO-MARCON.mp3\">https:\/\/www.radiopiu.net\/wordpress\/wp-content\/uploads\/2022\/04\/GIANNI-PAOLO-MARCON.mp3<\/a><\/audio>\n<p>&nbsp;<\/p>\n<p><strong><a class=\"dt-pswp-item\" href=\"https:\/\/www.radiopiu.net\/wordpress\/wp-content\/uploads\/2020\/05\/VENETO-STRADE.png\" data-dt-img-description=\"\" data-large_image_width=\"400\" data-large_image_height=\"400\"><img loading=\"lazy\" decoding=\"async\" class=\"size-thumbnail wp-image-135574 alignleft\" src=\"https:\/\/www.radiopiu.net\/wordpress\/wp-content\/uploads\/2020\/05\/VENETO-STRADE-150x150.png\" alt=\"\" width=\"150\" height=\"150\" srcset=\"https:\/\/www.radiopiu.net\/wordpress\/wp-content\/uploads\/2020\/05\/VENETO-STRADE-150x150.png 150w, https:\/\/www.radiopiu.net\/wordpress\/wp-content\/uploads\/2020\/05\/VENETO-STRADE-300x300.png 300w, https:\/\/www.radiopiu.net\/wordpress\/wp-content\/uploads\/2020\/05\/VENETO-STRADE.png 400w\" sizes=\"auto, (max-width: 150px) 100vw, 150px\" \/><\/a> <\/strong><\/p>\n<p><strong> LA STRADA PROVINCIALE 3 RIVAMONTE-GOSALDO RIMANE CHIUSA FINO A NUOVO ORDINE<\/strong><\/p>\n<p><strong>\u00a0<\/strong><strong>SEDICO<\/strong> Veneto Strade nel pomeriggio ha comunicato la chiusura della provinciale 3 al chilometro 11 in seguito al drammatico incidente sul lavoro che ha portato alla morte di Paolo Marcon, il 58enne di Gosaldo alle dipendente della ditta Dalla Santa di Fiera di Primiero. Accanto alla strada, infatti, insiste il cantiere dove si \u00e8 verificato il drammatico incidente. Per questo motivo la zona \u00e8 stata messa sotto sequestro e rimarr\u00e0 interdetta almeno fino a domani in attesa che gli inquirenti possano condurre e concludere le indagini. Gosaldo \u00e8 raggiungibile da Voltago-Frassen\u00e8 da Forcella Aurine quindi lungo la 347 del Duran e Cereda, anche chi scende dal Primiero pu\u00f2 raggiungere Agordo solo da questa strada.<\/p>\n<p>***<\/p>\n<p>&nbsp;<\/p>\n<p>&nbsp;<\/p>\n<p>*****<\/p>\n","protected":false},"excerpt":{"rendered":"<p>COMUNITA&#8217; SCONVOLTA A GOSALDO PER LA MORTE DI PAOLO era sulla linea di quell&#8217;impianto quando il verricello ha ceduto di schianto, spezzandosi. L&#8217;uomo, boscaiolo per conto della ditta &#8220;Dalla Santa Federico&#8221; di Fiera di Primiero, \u00e8 stato investito in pieno dal carico e poi dal gancio. Marcon \u00e8 morto praticamente sul colpo. GOSALDO Dramma nei&hellip;<\/p>\n","protected":false},"author":4,"featured_media":269370,"comment_status":"closed","ping_status":"closed","sticky":false,"template":"","format":"standard","meta":{"_monsterinsights_skip_tracking":false,"_monsterinsights_sitenote_active":false,"_monsterinsights_sitenote_note":"","_monsterinsights_sitenote_category":0,"footnotes":""},"categories":[49],"tags":[],"class_list":["post-269338","post","type-post","status-publish","format-standard","has-post-thumbnail","hentry","category-news-18","category-49","description-off"],"img_url":"https:\/\/www.radiopiu.net\/wordpress\/wp-content\/uploads\/2022\/04\/B73B17CE-6E2E-41C9-B69F-42A9C7E17BE0.jpeg","_links":{"self":[{"href":"https:\/\/www.radiopiu.net\/wordpress\/wp-json\/wp\/v2\/posts\/269338","targetHints":{"allow":["GET"]}}],"collection":[{"href":"https:\/\/www.radiopiu.net\/wordpress\/wp-json\/wp\/v2\/posts"}],"about":[{"href":"https:\/\/www.radiopiu.net\/wordpress\/wp-json\/wp\/v2\/types\/post"}],"author":[{"embeddable":true,"href":"https:\/\/www.radiopiu.net\/wordpress\/wp-json\/wp\/v2\/users\/4"}],"replies":[{"embeddable":true,"href":"https:\/\/www.radiopiu.net\/wordpress\/wp-json\/wp\/v2\/comments?post=269338"}],"version-history":[{"count":1,"href":"https:\/\/www.radiopiu.net\/wordpress\/wp-json\/wp\/v2\/posts\/269338\/revisions"}],"predecessor-version":[{"id":481587,"href":"https:\/\/www.radiopiu.net\/wordpress\/wp-json\/wp\/v2\/posts\/269338\/revisions\/481587"}],"wp:featuredmedia":[{"embeddable":true,"href":"https:\/\/www.radiopiu.net\/wordpress\/wp-json\/wp\/v2\/media\/269370"}],"wp:attachment":[{"href":"https:\/\/www.radiopiu.net\/wordpress\/wp-json\/wp\/v2\/media?parent=269338"}],"wp:term":[{"taxonomy":"category","embeddable":true,"href":"https:\/\/www.radiopiu.net\/wordpress\/wp-json\/wp\/v2\/categories?post=269338"},{"taxonomy":"post_tag","embeddable":true,"href":"https:\/\/www.radiopiu.net\/wordpress\/wp-json\/wp\/v2\/tags?post=269338"}],"curies":[{"name":"wp","href":"https:\/\/api.w.org\/{rel}","templated":true}]}}