{"id":269344,"date":"2022-04-09T17:00:08","date_gmt":"2022-04-09T15:00:08","guid":{"rendered":"https:\/\/www.radiopiu.net\/wordpress\/?p=269344"},"modified":"2022-04-09T17:04:24","modified_gmt":"2022-04-09T15:04:24","slug":"la-strada-provinciale-3-rivamonte-gosaldo-rimane-chiusa","status":"publish","type":"post","link":"https:\/\/www.radiopiu.net\/wordpress\/la-strada-provinciale-3-rivamonte-gosaldo-rimane-chiusa\/","title":{"rendered":"LA STRADA PROVINCIALE 3 RIVAMONTE-GOSALDO RIMANE CHIUSA FINO A MARTEDI&#8217;"},"content":{"rendered":"<p><strong><a class=\"dt-pswp-item\" href=\"https:\/\/www.radiopiu.net\/wordpress\/wp-content\/uploads\/2020\/05\/VENETO-STRADE.png\" data-dt-img-description=\"\" data-large_image_width=\"400\" data-large_image_height=\"400\"><img loading=\"lazy\" decoding=\"async\" class=\"size-thumbnail wp-image-135574 alignleft\" src=\"https:\/\/www.radiopiu.net\/wordpress\/wp-content\/uploads\/2020\/05\/VENETO-STRADE-150x150.png\" alt=\"\" width=\"150\" height=\"150\" srcset=\"https:\/\/www.radiopiu.net\/wordpress\/wp-content\/uploads\/2020\/05\/VENETO-STRADE-150x150.png 150w, https:\/\/www.radiopiu.net\/wordpress\/wp-content\/uploads\/2020\/05\/VENETO-STRADE-300x300.png 300w, https:\/\/www.radiopiu.net\/wordpress\/wp-content\/uploads\/2020\/05\/VENETO-STRADE.png 400w\" sizes=\"auto, (max-width: 150px) 100vw, 150px\" \/><\/a> <\/strong><\/p>\n<p><strong>\u00a0<\/strong><\/p>\n<p><strong>\u00a0<\/strong><strong>SEDICO<\/strong> Veneto Strade ribadisce la chiusura della provinciale 3 al chilometro 11 in seguito al drammatico incidente sul lavoro che ha portato alla morte di Paolo Marcon, il 58enne di Gosaldo alle dipendente della ditta Dalla Santa di Fiera di Primiero. Accanto alla strada, infatti, insiste il cantiere dove si \u00e8 verificato il drammatico incidente. Per questo motivo la zona \u00e8 stata messa sotto sequestro e rimarr\u00e0 interdetta almeno fino a marted\u00ec. Gosaldo \u00e8 raggiungibile da Voltago-Frassen\u00e8 da Forcella Aurine quindi lungo la 347 del Duran e Cereda, anche chi scende dal Primiero pu\u00f2 raggiungere Agordo solo da questa strada.<\/p>\n<p>&nbsp;<\/p>\n<p>&nbsp;<\/p>\n<p>&nbsp;<\/p>\n<p>****<\/p>\n","protected":false},"excerpt":{"rendered":"<p>\u00a0 \u00a0SEDICO Veneto Strade ribadisce la chiusura della provinciale 3 al chilometro 11 in seguito al drammatico incidente sul lavoro che ha portato alla morte di Paolo Marcon, il 58enne di Gosaldo alle dipendente della ditta Dalla Santa di Fiera di Primiero. Accanto alla strada, infatti, insiste il cantiere dove si \u00e8 verificato il drammatico&hellip;<\/p>\n","protected":false},"author":4,"featured_media":135574,"comment_status":"closed","ping_status":"closed","sticky":false,"template":"","format":"standard","meta":{"_monsterinsights_skip_tracking":false,"_monsterinsights_sitenote_active":false,"_monsterinsights_sitenote_note":"","_monsterinsights_sitenote_category":0,"footnotes":""},"categories":[51,49],"tags":[],"class_list":["post-269344","post","type-post","status-publish","format-standard","has-post-thumbnail","hentry","category-evidenza-top","category-news-18","category-51","category-49","description-off"],"img_url":"https:\/\/www.radiopiu.net\/wordpress\/wp-content\/uploads\/2020\/05\/VENETO-STRADE.png","_links":{"self":[{"href":"https:\/\/www.radiopiu.net\/wordpress\/wp-json\/wp\/v2\/posts\/269344","targetHints":{"allow":["GET"]}}],"collection":[{"href":"https:\/\/www.radiopiu.net\/wordpress\/wp-json\/wp\/v2\/posts"}],"about":[{"href":"https:\/\/www.radiopiu.net\/wordpress\/wp-json\/wp\/v2\/types\/post"}],"author":[{"embeddable":true,"href":"https:\/\/www.radiopiu.net\/wordpress\/wp-json\/wp\/v2\/users\/4"}],"replies":[{"embeddable":true,"href":"https:\/\/www.radiopiu.net\/wordpress\/wp-json\/wp\/v2\/comments?post=269344"}],"version-history":[{"count":0,"href":"https:\/\/www.radiopiu.net\/wordpress\/wp-json\/wp\/v2\/posts\/269344\/revisions"}],"wp:featuredmedia":[{"embeddable":true,"href":"https:\/\/www.radiopiu.net\/wordpress\/wp-json\/wp\/v2\/media\/135574"}],"wp:attachment":[{"href":"https:\/\/www.radiopiu.net\/wordpress\/wp-json\/wp\/v2\/media?parent=269344"}],"wp:term":[{"taxonomy":"category","embeddable":true,"href":"https:\/\/www.radiopiu.net\/wordpress\/wp-json\/wp\/v2\/categories?post=269344"},{"taxonomy":"post_tag","embeddable":true,"href":"https:\/\/www.radiopiu.net\/wordpress\/wp-json\/wp\/v2\/tags?post=269344"}],"curies":[{"name":"wp","href":"https:\/\/api.w.org\/{rel}","templated":true}]}}