{"id":269496,"date":"2022-04-08T11:48:23","date_gmt":"2022-04-08T09:48:23","guid":{"rendered":"https:\/\/www.radiopiu.net\/wordpress\/?p=269496"},"modified":"2022-04-09T06:18:50","modified_gmt":"2022-04-09T04:18:50","slug":"acc-il-giorno-dopo-parlano-i-sindacalisti-della-cisl-e-della-cgil","status":"publish","type":"post","link":"https:\/\/www.radiopiu.net\/wordpress\/acc-il-giorno-dopo-parlano-i-sindacalisti-della-cisl-e-della-cgil\/","title":{"rendered":"ACC, IL GIORNO DOPO PARLANO I SINDACALISTI DELLA CISL e DELLA CGIL"},"content":{"rendered":"<blockquote>\n<blockquote>\n<h3>ASSORBIMENTO LAVORATORI ACC NELLA NUOVA FABBRICA DI SEST<\/h3>\n<\/blockquote>\n<p><strong>L&#8217;OPINIONE DI Mauro De Carli, Fiom Cgil<\/strong><\/p>\n<p><strong>ALLA RADIO<\/strong><\/p><\/blockquote>\n<audio class=\"wp-audio-shortcode\" id=\"audio-269496-1\" preload=\"none\" style=\"width: 100%;\" controls=\"controls\"><source type=\"audio\/mpeg\" src=\"https:\/\/www.radiopiu.net\/wordpress\/wp-content\/uploads\/2022\/04\/mauro.mp3?_=1\" \/><a href=\"https:\/\/www.radiopiu.net\/wordpress\/wp-content\/uploads\/2022\/04\/mauro.mp3\">https:\/\/www.radiopiu.net\/wordpress\/wp-content\/uploads\/2022\/04\/mauro.mp3<\/a><\/audio>\n<p>&nbsp;<\/p>\n<blockquote>\n<blockquote><p><em><a class=\"dt-pswp-item\" href=\"https:\/\/www.radiopiu.net\/wordpress\/wp-content\/uploads\/2020\/04\/Mauro_De_Carli_CGIL-e1606926296575.jpg\" data-dt-img-description=\"\" data-large_image_width=\"1654\" data-large_image_height=\"1102\"><img loading=\"lazy\" decoding=\"async\" class=\" wp-image-130310 alignleft\" src=\"https:\/\/www.radiopiu.net\/wordpress\/wp-content\/uploads\/2020\/04\/Mauro_De_Carli_CGIL-e1606926296575-300x200.jpg\" alt=\"\" width=\"224\" height=\"149\" srcset=\"https:\/\/www.radiopiu.net\/wordpress\/wp-content\/uploads\/2020\/04\/Mauro_De_Carli_CGIL-e1606926296575-300x200.jpg 300w, https:\/\/www.radiopiu.net\/wordpress\/wp-content\/uploads\/2020\/04\/Mauro_De_Carli_CGIL-e1606926296575-1024x682.jpg 1024w, https:\/\/www.radiopiu.net\/wordpress\/wp-content\/uploads\/2020\/04\/Mauro_De_Carli_CGIL-e1606926296575-768x512.jpg 768w, https:\/\/www.radiopiu.net\/wordpress\/wp-content\/uploads\/2020\/04\/Mauro_De_Carli_CGIL-e1606926296575-1536x1023.jpg 1536w, https:\/\/www.radiopiu.net\/wordpress\/wp-content\/uploads\/2020\/04\/Mauro_De_Carli_CGIL-e1606926296575.jpg 1654w\" sizes=\"auto, (max-width: 224px) 100vw, 224px\" \/><\/a>Come possiamo fidarci di una ricollocazione dei lavoratori della vecchia ACC sostenuta dal sistema industriale del territorio se l\u2019accordo che doveva farlo in primis, \u00e8 cosi\u2019 complicato da attuare che rischia di far mantenere quei lavoratori per anni dentro gli ammortizzatori sociali?\u00a0 Il rischio \u00e8 che la loro ricollocazione sia solo delegata alla task force con tempi e soluzioni oggi assolutamente imprevedibili. A parole gli imprenditori bellunesi\u00a0 hanno dichiarato che non avrebbero problemi ad assumere maestranze anche over 50 e che il mercato del lavoro bellunese \u00e8 oggi percorso da grande mobilit\u00e0 perch\u00e9 non ha capienza di lavoratori disponibili. I lavoratori ACC sono indispensabili quindi per lo sviluppo del sistema industriale e meritano di essere trattati meglio di come invece lo stia facendo il sistema industriale stesso.\u00a0 \u00a0Non abbiamo problemi a dichiarare che continueremo, come Fiom Cgil,\u00a0 a favorire il processo di reindustrializzazione dello stabilimento ex ACC, come quello di costruire per i dipendenti ACC tutte le prospettive di collocazione, dentro \u00a0lo stabilimento o fuori nel territorio. Non lo facciamo legandolo ad alcun vincolo ma perch\u00e9 crediamo intelligente e necessaria la collaborazione tra le parti, sperando che si voglia effettivamente costruire un futuro per questa provincia.\u00a0<\/em><\/p>\n<p>&nbsp;<\/p><\/blockquote>\n<\/blockquote>\n<hr \/>\n<blockquote><p>&nbsp;<\/p>\n<h3>FIOM CGIL. ACC: LA NOSTRA POSIZIONE SULL&#8217;ACCORDO<\/h3>\n<\/blockquote>\n<div class=\"page\" title=\"Page 1\">\n<div class=\"layoutArea\">\n<div class=\"column\">\n<blockquote><p><em><a class=\"dt-pswp-item\" href=\"https:\/\/www.radiopiu.net\/wordpress\/wp-content\/uploads\/2021\/02\/FIOM-CGIL.png\" data-dt-img-description=\"\" data-large_image_width=\"432\" data-large_image_height=\"131\"><img loading=\"lazy\" decoding=\"async\" class=\"wp-image-189413 size-medium alignleft\" src=\"https:\/\/www.radiopiu.net\/wordpress\/wp-content\/uploads\/2021\/02\/FIOM-CGIL-300x91.png\" alt=\"\" width=\"300\" height=\"91\" srcset=\"https:\/\/www.radiopiu.net\/wordpress\/wp-content\/uploads\/2021\/02\/FIOM-CGIL-300x91.png 300w, https:\/\/www.radiopiu.net\/wordpress\/wp-content\/uploads\/2021\/02\/FIOM-CGIL.png 432w\" sizes=\"auto, (max-width: 300px) 100vw, 300px\" \/><\/a>Dal primo giorno della lunga, impegnativa e sofferta vertenza della Acc Wanbao di Mel che ha portato alla definitiva interruzione della sua produzione tipica (i compressori per frigoriferi domestici, che l&#8217;hanno portata ad essere nel recente passato leader europea), il nostro primo ed inderogabile impegno e\u0300 stato quello di mantenere l&#8217;unita\u0300 e la solidarieta\u0300 tra tutte\/i le lavoratrici e i lavoratori con il preciso obbiettivo di dare a tutte\/i una soluzione occupazionale sicura. <\/em><em>A piu\u0300 di due anni di distanza, a seguito di una lotta intensa e pervasiva durante la quale la generosa capacita\u0300 di mobilitazione non e\u0300 mai venuta meno, si e\u0300 arrivati all\u2019ipotesi di cessione del compendio aziendale al gruppo Lu.Ve. in qualita\u0300 di unici interessati ad un\u2019offerta vincolante di acquisto avanzata al commissario straordinario Maurizio Castro. La trattativa con il gruppo Lu.Ve. ci ha visti impegnati fino all&#8217;ultimo minuto utile nel tentativo di addivenire ad un accordo condiviso che garantisse in modo chiaro ed inequivocabile un futuro occupazionale alle nostre donne e ai nostri uomini. Cosi\u0300 non e\u0300 stato e la scelta di non firmare l&#8217;accordo e\u0300 coerente con quanto da noi sempre sostenuto e rivendicato. E\u0300 necessario sottolineare come la Lu.Ve. trarra\u0300 grande giovamento da questo accordo che contiene, a nostro avviso, molteplici punti che non ci convincono. Su questo frangente siamo disponibili ad un confronto con quanti pensano che, invece, sia un\u2019intesa utile che tenga davvero in considerazione lavoratrici e lavoratori. <\/em><em>L&#8217;accordo pone vincoli e condizioni tutte a vantaggio di Lu.Ve. e non garantisce soluzioni occupazionali per tutte\/i. <\/em><em>La Fiom di Belluno continuera\u0300 a garantire il sostegno pieno ed incondizionato in primis alle nostre RSU, firmatarie dell&#8217;accordo, e a tutte le lavoratrici e i lavoratori dell\u2019ormai ex Acc, vanto della storia industriale e manifatturiera della provincia di Belluno, rivendicando sin d&#8217;ora la piena legittimita\u0300 della nostra decisione il totale coerenza con quanto sempre sostenuto.<\/em><\/p>\n<p><em><strong>Stefano Bona Seg.Gen.Fiom Cgil Belluno<\/strong><\/em><\/p><\/blockquote>\n<p>&nbsp;<\/p>\n<hr \/>\n<p>&nbsp;<\/p>\n<\/div>\n<\/div>\n<\/div>\n<blockquote>\n<h3>CISL E UIL HANNO DIMOSTRATO SERIETA&#8217;, NON LASCIAMO I LAVORATORI AL LORO DESTINO<\/h3>\n<p><span style=\"color: #000000; font-family: Helvetica;\">Zuglian \u201c<i>A chi non ha firmato l\u2019accordo e ci accusa di volercene intestare i meriti diciamo di non preoccuparsi,\u00a0<\/i><i>non cerchiamo la gloria,\u00a0 a noi basta avere gli spazi per potere lavorare e insieme ai lavoratori trovare soluzioni affinch\u00e9 sia vero che nessuno resti indietro: l\u2019unico fallimento che un sindacato non pu\u00f2 accettare \u00e8 quello di non rappresentare pi\u00f9 il mondo del lavoro\u201d.\u00a0<\/i><\/span><\/p><\/blockquote>\n<p><strong><a class=\"dt-pswp-item\" href=\"https:\/\/www.radiopiu.net\/wordpress\/wp-content\/uploads\/2021\/02\/Lovisotto.jpeg\" data-dt-img-description=\"\" data-large_image_width=\"1488\" data-large_image_height=\"1984\"><img loading=\"lazy\" decoding=\"async\" class=\" wp-image-190432 alignleft\" src=\"https:\/\/www.radiopiu.net\/wordpress\/wp-content\/uploads\/2021\/02\/Lovisotto-150x150.jpeg\" alt=\"\" width=\"105\" height=\"105\" \/><\/a><\/strong><\/p>\n<p>&nbsp;<\/p>\n<p><strong>ALLA RADIO<\/strong><\/p>\n<p><strong>ALESSIO LOVISOTTO\u00a0Fim Cisl Belluno Treviso<\/strong><\/p>\n<audio class=\"wp-audio-shortcode\" id=\"audio-269496-2\" preload=\"none\" style=\"width: 100%;\" controls=\"controls\"><source type=\"audio\/mpeg\" src=\"https:\/\/www.radiopiu.net\/wordpress\/wp-content\/uploads\/2022\/04\/LOVISETTO.mp3?_=2\" \/><a href=\"https:\/\/www.radiopiu.net\/wordpress\/wp-content\/uploads\/2022\/04\/LOVISETTO.mp3\">https:\/\/www.radiopiu.net\/wordpress\/wp-content\/uploads\/2022\/04\/LOVISETTO.mp3<\/a><\/audio>\n<p>&nbsp;<\/p>\n<p>&nbsp;<\/p>\n<p><strong><img loading=\"lazy\" decoding=\"async\" class=\"alignleft\" src=\"https:\/\/www.radiopiu.net\/wordpress\/wp-content\/uploads\/2021\/11\/2087-2021-manifestazione-valbelluna_acc-e-ideal-standard.jpg\" width=\"207\" height=\"155\" \/>BORGO VALBELLUNA\u00a0<\/strong> <span style=\"color: #000000; font-family: Helvetica;\">\u201c<i>La Rsu della Acc, insieme alla Fim Cisl e alla Uilm, ha dimostrato seriet\u00e0, coraggio, pazienza e determinazione in questa lunga e alterna vertenza.\u00a0 Hanno dimostrato di saper cogliere la sfida e di capire quando era l&#8217;ultimo momento per chiudere con un salvataggio dei lavoratori che per un lungo tempo hanno sopportato le ansie e le paure dentro alle false promesse di salvataggi statali. VDire che si poteva fare altro \u00e8 da critici d&#8217;arte non da sindacalisti<\/i>\u201d. Questo il commento di Alessio Lovisotto, segretario generale della Fim Cisl Belluno Treviso, il giorno successivo alle assemblee con i 249 dipendenti di Acc. Mauro Zuglian, il sindacalista della Fim aggiunge &#8220;<i>Un fallimento c\u2019\u00e8 stato. L\u2019Italia perde per sempre un pezzo importante della filiera dell\u2019elettrodomestico domestico: il compressore.\u00a0 A Borgo Valbelluna rimane il rimpianto e uno stabilimento vuoto e tante storie da ricordare Zanussi, Electrolux, Acc, Wanbao. A tener viva questa storia 250 dipendenti e nessuna organizzazione sindacale pu\u00f2 permettersi di lasciarli al loro destino. Il gruppo Lu-Ve riapre lo stabilimento e lo riassegna nuove produzioni: gli scambiatori\u201d. <\/i><\/span><span style=\"color: #000000; font-family: Helvetica;\">L\u2019accordo sindacale firmato in Regione per la Fim territoriale d\u00e0 inizio a nuove opportunit\u00e0. Ai 150 dipendenti che entreranno in Sest verr\u00e0 riconosciuta la stessa anzianit\u00e0 di servizio e la stessa retribuzione e verr\u00e0 valutato il mantenimento dell\u2019inquadramento di origine in base alla mansione a cui il lavoratore sar\u00e0 destinato. P<\/span><span style=\"color: #000000; font-family: Helvetica;\">er i 100 esclusi dall\u2019ingresso in Sest si apre un fitto programma di ricollocamento che vede impegnati tutti i firmatari dell\u2019accordo: Sindacati, Confindustria, Regione Veneto e la stessa Sest, che offre in via privilegiata l\u2019assunzione ai dipendenti Acc presso i propri stabilimenti se l\u2019aumento dei volumi produttivi richiedesse pi\u00f9 manodopera di quella prevista.<\/span><i><\/i><i><\/i><\/p>\n<p>&nbsp;<\/p>\n<p>&nbsp;<\/p>\n<p>&#8212;<\/p>\n<p>&nbsp;<\/p>\n","protected":false},"excerpt":{"rendered":"<p>ASSORBIMENTO LAVORATORI ACC NELLA NUOVA FABBRICA DI SEST L&#8217;OPINIONE DI Mauro De Carli, Fiom Cgil ALLA RADIO &nbsp; Come possiamo fidarci di una ricollocazione dei lavoratori della vecchia ACC sostenuta dal sistema industriale del territorio se l\u2019accordo che doveva farlo in primis, \u00e8 cosi\u2019 complicato da attuare che rischia di far mantenere quei lavoratori per&hellip;<\/p>\n","protected":false},"author":4,"featured_media":242705,"comment_status":"closed","ping_status":"closed","sticky":false,"template":"","format":"standard","meta":{"_monsterinsights_skip_tracking":false,"_monsterinsights_sitenote_active":false,"_monsterinsights_sitenote_note":"","_monsterinsights_sitenote_category":0,"footnotes":""},"categories":[51,49],"tags":[],"class_list":["post-269496","post","type-post","status-publish","format-standard","has-post-thumbnail","hentry","category-evidenza-top","category-news-18","category-51","category-49","description-off"],"img_url":"https:\/\/www.radiopiu.net\/wordpress\/wp-content\/uploads\/2021\/11\/2087-2021-manifestazione-valbelluna_acc-e-ideal-standard.jpg","_links":{"self":[{"href":"https:\/\/www.radiopiu.net\/wordpress\/wp-json\/wp\/v2\/posts\/269496","targetHints":{"allow":["GET"]}}],"collection":[{"href":"https:\/\/www.radiopiu.net\/wordpress\/wp-json\/wp\/v2\/posts"}],"about":[{"href":"https:\/\/www.radiopiu.net\/wordpress\/wp-json\/wp\/v2\/types\/post"}],"author":[{"embeddable":true,"href":"https:\/\/www.radiopiu.net\/wordpress\/wp-json\/wp\/v2\/users\/4"}],"replies":[{"embeddable":true,"href":"https:\/\/www.radiopiu.net\/wordpress\/wp-json\/wp\/v2\/comments?post=269496"}],"version-history":[{"count":0,"href":"https:\/\/www.radiopiu.net\/wordpress\/wp-json\/wp\/v2\/posts\/269496\/revisions"}],"wp:featuredmedia":[{"embeddable":true,"href":"https:\/\/www.radiopiu.net\/wordpress\/wp-json\/wp\/v2\/media\/242705"}],"wp:attachment":[{"href":"https:\/\/www.radiopiu.net\/wordpress\/wp-json\/wp\/v2\/media?parent=269496"}],"wp:term":[{"taxonomy":"category","embeddable":true,"href":"https:\/\/www.radiopiu.net\/wordpress\/wp-json\/wp\/v2\/categories?post=269496"},{"taxonomy":"post_tag","embeddable":true,"href":"https:\/\/www.radiopiu.net\/wordpress\/wp-json\/wp\/v2\/tags?post=269496"}],"curies":[{"name":"wp","href":"https:\/\/api.w.org\/{rel}","templated":true}]}}