{"id":269513,"date":"2022-04-09T05:49:33","date_gmt":"2022-04-09T03:49:33","guid":{"rendered":"https:\/\/www.radiopiu.net\/wordpress\/?p=269513"},"modified":"2022-04-09T06:13:00","modified_gmt":"2022-04-09T04:13:00","slug":"dopo-lincidente-mortale-di-gosaldo-salza-di-nuovo-il-grido-di-allarme-sulle-condizioni-di-sicurezza-del-lavoro","status":"publish","type":"post","link":"https:\/\/www.radiopiu.net\/wordpress\/dopo-lincidente-mortale-di-gosaldo-salza-di-nuovo-il-grido-di-allarme-sulle-condizioni-di-sicurezza-del-lavoro\/","title":{"rendered":"DOPO L&#8217;INCIDENTE MORTALE DI GOSALDO S&#8217;ALZA DI NUOVO IL GRIDO DI ALLARME SULLE CONDIZIONI DI SICUREZZA DEL LAVORO"},"content":{"rendered":"<p><strong><a class=\"dt-pswp-item\" href=\"https:\/\/www.radiopiu.net\/wordpress\/wp-content\/uploads\/2022\/04\/th-5.jpg\" data-dt-img-description=\"\" data-large_image_width=\"319\" data-large_image_height=\"179\"><img loading=\"lazy\" decoding=\"async\" class=\"size-thumbnail wp-image-269515 alignleft\" src=\"https:\/\/www.radiopiu.net\/wordpress\/wp-content\/uploads\/2022\/04\/th-5-150x150.jpg\" alt=\"\" width=\"150\" height=\"150\" \/><\/a>BELLUNO<\/strong> Il dramma di Paolo Marcon, travolto da un albero mentre stava lavorando nel cantiere post Vaia a Gosaldo porta Sebastiano Grosselle, segretario generale Flai Cgil di Belluno a \u00a0rinnovare il grido di allarme rispetto alle condizioni di sicurezza del lavoro in questo settore.<br \/>\nA ottobre dell\u2019anno scorso sono accaduti due gravi infortuni, di cui uno mortale, che si sommano agli altri occorsi nel contesto dei lavori di esbosco nelle foreste colpite dalla tempesta Vaia che ha pesantemente colpito il nostro territorio. Grosselle parte da un punto fisso non con riferimento all&#8217;episodio di ieri ma in generale, affermando che questi tragici eventi non sono\u00a0 sempre frutto di fatalit\u00e0 imprevedibili su cui non si possa fare nulla, piuttosto spesso conseguenza della mancanza di un\u2019opportuna prevenzione e di un\u2019organizzazione del lavoro non adeguata ai fattori di rischio. &#8220;<em>Su questi aspetti &#8211; dice-\u00a0 si pu\u00f2 e si deve fare molto di pi\u00f9 e meglio e in questo senso lavoreremo affinch\u00e9 sia invertita una tendenza tragica e non accettabile.<\/em><\/p>\n<p><strong>ALLA RADIO<\/strong><\/p>\n<audio class=\"wp-audio-shortcode\" id=\"audio-269513-1\" preload=\"none\" style=\"width: 100%;\" controls=\"controls\"><source type=\"audio\/mpeg\" src=\"https:\/\/www.radiopiu.net\/wordpress\/wp-content\/uploads\/2022\/04\/grosselle.mp3?_=1\" \/><a href=\"https:\/\/www.radiopiu.net\/wordpress\/wp-content\/uploads\/2022\/04\/grosselle.mp3\">https:\/\/www.radiopiu.net\/wordpress\/wp-content\/uploads\/2022\/04\/grosselle.mp3<\/a><\/audio>\n<p>&nbsp;<\/p>\n<p>***<\/p>\n<p>&nbsp;<\/p>\n<p>&nbsp;<\/p>\n<hr \/>\n<p>&nbsp;<\/p>\n","protected":false},"excerpt":{"rendered":"<p>BELLUNO Il dramma di Paolo Marcon, travolto da un albero mentre stava lavorando nel cantiere post Vaia a Gosaldo porta Sebastiano Grosselle, segretario generale Flai Cgil di Belluno a \u00a0rinnovare il grido di allarme rispetto alle condizioni di sicurezza del lavoro in questo settore. A ottobre dell\u2019anno scorso sono accaduti due gravi infortuni, di cui&hellip;<\/p>\n","protected":false},"author":4,"featured_media":269515,"comment_status":"closed","ping_status":"closed","sticky":false,"template":"","format":"standard","meta":{"_monsterinsights_skip_tracking":false,"_monsterinsights_sitenote_active":false,"_monsterinsights_sitenote_note":"","_monsterinsights_sitenote_category":0,"footnotes":""},"categories":[51,49],"tags":[],"class_list":["post-269513","post","type-post","status-publish","format-standard","has-post-thumbnail","hentry","category-evidenza-top","category-news-18","category-51","category-49","description-off"],"img_url":"https:\/\/www.radiopiu.net\/wordpress\/wp-content\/uploads\/2022\/04\/th-5.jpg","_links":{"self":[{"href":"https:\/\/www.radiopiu.net\/wordpress\/wp-json\/wp\/v2\/posts\/269513","targetHints":{"allow":["GET"]}}],"collection":[{"href":"https:\/\/www.radiopiu.net\/wordpress\/wp-json\/wp\/v2\/posts"}],"about":[{"href":"https:\/\/www.radiopiu.net\/wordpress\/wp-json\/wp\/v2\/types\/post"}],"author":[{"embeddable":true,"href":"https:\/\/www.radiopiu.net\/wordpress\/wp-json\/wp\/v2\/users\/4"}],"replies":[{"embeddable":true,"href":"https:\/\/www.radiopiu.net\/wordpress\/wp-json\/wp\/v2\/comments?post=269513"}],"version-history":[{"count":0,"href":"https:\/\/www.radiopiu.net\/wordpress\/wp-json\/wp\/v2\/posts\/269513\/revisions"}],"wp:featuredmedia":[{"embeddable":true,"href":"https:\/\/www.radiopiu.net\/wordpress\/wp-json\/wp\/v2\/media\/269515"}],"wp:attachment":[{"href":"https:\/\/www.radiopiu.net\/wordpress\/wp-json\/wp\/v2\/media?parent=269513"}],"wp:term":[{"taxonomy":"category","embeddable":true,"href":"https:\/\/www.radiopiu.net\/wordpress\/wp-json\/wp\/v2\/categories?post=269513"},{"taxonomy":"post_tag","embeddable":true,"href":"https:\/\/www.radiopiu.net\/wordpress\/wp-json\/wp\/v2\/tags?post=269513"}],"curies":[{"name":"wp","href":"https:\/\/api.w.org\/{rel}","templated":true}]}}