{"id":269519,"date":"2022-04-11T05:38:15","date_gmt":"2022-04-11T03:38:15","guid":{"rendered":"https:\/\/www.radiopiu.net\/wordpress\/?p=269519"},"modified":"2022-04-11T05:51:38","modified_gmt":"2022-04-11T03:51:38","slug":"gli-appassionati-sul-percorso-del-rally-bellunese","status":"publish","type":"post","link":"https:\/\/www.radiopiu.net\/wordpress\/gli-appassionati-sul-percorso-del-rally-bellunese\/","title":{"rendered":"GLI APPASSIONATI SUL PERCORSO DEL RALLY BELLUNESE, RISPETTANDO IL CODICE DELLA STRADA"},"content":{"rendered":"<p>&nbsp;<\/p>\n<p>&nbsp;<\/p>\n<div class=\"dati1w0a hv4rvrfc osnr6wyh\">\n<div class=\"btwxx1t3 j83agx80 cwj9ozl2\">\n<div class=\"j83agx80 cbu4d94t ew0dbk1b irj2b8pg\">\n<div class=\"qzhwtbm6 knvmm38d\">\n<h3 class=\"gmql0nx0 l94mrbxd p1ri9a11 lzcic4wl aahdfvyu hzawbc8m\"><span class=\"nc684nl6\"><strong><a class=\"dt-pswp-item\" href=\"https:\/\/www.radiopiu.net\/wordpress\/wp-content\/uploads\/2022\/04\/277750502_1652669951749324_3016127683562558979_n.jpg\" data-dt-img-description=\"\" data-large_image_width=\"600\" data-large_image_height=\"450\"><img loading=\"lazy\" decoding=\"async\" class=\"wp-image-269931 alignleft\" src=\"https:\/\/www.radiopiu.net\/wordpress\/wp-content\/uploads\/2022\/04\/277750502_1652669951749324_3016127683562558979_n-300x225.jpg\" alt=\"\" width=\"200\" height=\"150\" srcset=\"https:\/\/www.radiopiu.net\/wordpress\/wp-content\/uploads\/2022\/04\/277750502_1652669951749324_3016127683562558979_n-300x225.jpg 300w, https:\/\/www.radiopiu.net\/wordpress\/wp-content\/uploads\/2022\/04\/277750502_1652669951749324_3016127683562558979_n.jpg 600w\" sizes=\"auto, (max-width: 200px) 100vw, 200px\" \/><\/a>BL Racing asd<\/strong> <\/span>Grazie !!! Ai gestori del ristorate all&#8217; Oais di Limana, che a fine giro delle P.S. in solidariet\u00e0 con la mancata effettuazione del Rally Bellunese ci hanno offerto l&#8217;aperitivo.Noi c&#8217;eravamo.<\/h3>\n<\/div>\n<\/div>\n<\/div>\n<\/div>\n<p>&nbsp;<\/p>\n<p>&nbsp;<\/p>\n<p>&nbsp;<\/p>\n<p>&nbsp;<\/p>\n<p><a class=\"dt-pswp-item\" href=\"https:\/\/www.radiopiu.net\/wordpress\/wp-content\/uploads\/2022\/04\/277977378_1833110946879358_7875760907775416577_n.jpg\" data-dt-img-description=\"\" data-large_image_width=\"2048\" data-large_image_height=\"1536\"><img loading=\"lazy\" decoding=\"async\" class=\" wp-image-269816 alignleft\" src=\"https:\/\/www.radiopiu.net\/wordpress\/wp-content\/uploads\/2022\/04\/277977378_1833110946879358_7875760907775416577_n-300x225.jpg\" alt=\"\" width=\"163\" height=\"122\" srcset=\"https:\/\/www.radiopiu.net\/wordpress\/wp-content\/uploads\/2022\/04\/277977378_1833110946879358_7875760907775416577_n-300x225.jpg 300w, https:\/\/www.radiopiu.net\/wordpress\/wp-content\/uploads\/2022\/04\/277977378_1833110946879358_7875760907775416577_n-1024x768.jpg 1024w, https:\/\/www.radiopiu.net\/wordpress\/wp-content\/uploads\/2022\/04\/277977378_1833110946879358_7875760907775416577_n-768x576.jpg 768w, https:\/\/www.radiopiu.net\/wordpress\/wp-content\/uploads\/2022\/04\/277977378_1833110946879358_7875760907775416577_n-1536x1152.jpg 1536w, https:\/\/www.radiopiu.net\/wordpress\/wp-content\/uploads\/2022\/04\/277977378_1833110946879358_7875760907775416577_n.jpg 2048w\" sizes=\"auto, (max-width: 163px) 100vw, 163px\" \/><\/a><\/p>\n<p>Equipaggi e appassionati del Rally Bellunese si sono ritrovati questa mattina per percorrere le prove speciali e le strade di trasferimento rispettando il codice della strada<\/p>\n<p><strong>CHRISTOPHER &#8220;CICCIO&#8221; DAVARE<\/strong><\/p>\n<audio class=\"wp-audio-shortcode\" id=\"audio-269519-1\" preload=\"none\" style=\"width: 100%;\" controls=\"controls\"><source type=\"audio\/mpeg\" src=\"https:\/\/www.radiopiu.net\/wordpress\/wp-content\/uploads\/2022\/04\/CHRISTOPHER-DAVARE-RALLY.mp3?_=1\" \/><a href=\"https:\/\/www.radiopiu.net\/wordpress\/wp-content\/uploads\/2022\/04\/CHRISTOPHER-DAVARE-RALLY.mp3\">https:\/\/www.radiopiu.net\/wordpress\/wp-content\/uploads\/2022\/04\/CHRISTOPHER-DAVARE-RALLY.mp3<\/a><\/audio>\n<p>&nbsp;<\/p>\n<p><strong>DAVIDE CIBIEN, PILOTA<\/strong><\/p>\n<audio class=\"wp-audio-shortcode\" id=\"audio-269519-2\" preload=\"none\" style=\"width: 100%;\" controls=\"controls\"><source type=\"audio\/mpeg\" src=\"https:\/\/www.radiopiu.net\/wordpress\/wp-content\/uploads\/2022\/04\/DAVIDE-CIBIEN.mp3?_=2\" \/><a href=\"https:\/\/www.radiopiu.net\/wordpress\/wp-content\/uploads\/2022\/04\/DAVIDE-CIBIEN.mp3\">https:\/\/www.radiopiu.net\/wordpress\/wp-content\/uploads\/2022\/04\/DAVIDE-CIBIEN.mp3<\/a><\/audio>\n<p><strong>\u00a0<\/strong><\/p>\n<p><strong>SILVIA MOSENA, PILOTA-NAVIGATRICE<\/strong>, Il 37\u00b0 Rally Bellunese\u00a0 sarebbe stato il 202\u00b0 della sua carriera,\u00a0 licenza Aci csai dal 2003.<\/p>\n<audio class=\"wp-audio-shortcode\" id=\"audio-269519-3\" preload=\"none\" style=\"width: 100%;\" controls=\"controls\"><source type=\"audio\/mpeg\" src=\"https:\/\/www.radiopiu.net\/wordpress\/wp-content\/uploads\/2022\/04\/silvia.mp3?_=3\" \/><a href=\"https:\/\/www.radiopiu.net\/wordpress\/wp-content\/uploads\/2022\/04\/silvia.mp3\">https:\/\/www.radiopiu.net\/wordpress\/wp-content\/uploads\/2022\/04\/silvia.mp3<\/a><\/audio>\n<p>&nbsp;<\/p>\n<p><strong>OMAR BURIGO, PILOTA<\/strong><\/p>\n<audio class=\"wp-audio-shortcode\" id=\"audio-269519-4\" preload=\"none\" style=\"width: 100%;\" controls=\"controls\"><source type=\"audio\/mpeg\" src=\"https:\/\/www.radiopiu.net\/wordpress\/wp-content\/uploads\/2022\/04\/BURIGO.mp3?_=4\" \/><a href=\"https:\/\/www.radiopiu.net\/wordpress\/wp-content\/uploads\/2022\/04\/BURIGO.mp3\">https:\/\/www.radiopiu.net\/wordpress\/wp-content\/uploads\/2022\/04\/BURIGO.mp3<\/a><\/audio>\n<p>&nbsp;<\/p>\n<p>Riceviamo a pubblichiamo non una sterile polemica ma una riflessione di chi ha la passione per i\u00a0 rally nel sangue, fin da quando attendeva il passaggio delle auto con il padre,\u00a0 tanti anni fa nello sterrato di Pianezze, quando le 131 Abarth schizzavano sassi e nuvole di sabbia ancora impresse indelebili nelle orecchie e negli occhi\u2026<\/p>\n<p><strong>di Annalisa Dal Mas<\/strong><\/p>\n<p><a class=\"dt-pswp-item\" href=\"https:\/\/www.radiopiu.net\/wordpress\/wp-content\/uploads\/2022\/04\/156258973_305036771464235_3975443048195970454_n.jpg\" data-dt-img-description=\"\" data-large_image_width=\"557\" data-large_image_height=\"557\"><img loading=\"lazy\" decoding=\"async\" class=\"size-thumbnail wp-image-269520 alignleft\" src=\"https:\/\/www.radiopiu.net\/wordpress\/wp-content\/uploads\/2022\/04\/156258973_305036771464235_3975443048195970454_n-150x150.jpg\" alt=\"\" width=\"150\" height=\"150\" srcset=\"https:\/\/www.radiopiu.net\/wordpress\/wp-content\/uploads\/2022\/04\/156258973_305036771464235_3975443048195970454_n-150x150.jpg 150w, https:\/\/www.radiopiu.net\/wordpress\/wp-content\/uploads\/2022\/04\/156258973_305036771464235_3975443048195970454_n-300x300.jpg 300w, https:\/\/www.radiopiu.net\/wordpress\/wp-content\/uploads\/2022\/04\/156258973_305036771464235_3975443048195970454_n.jpg 557w\" sizes=\"auto, (max-width: 150px) 100vw, 150px\" \/><\/a><em>Da l\u00ec sono seguite centinaia di trasferte e di passeggiate nei vari parchi assistenza, nottate a bivaccare nelle ps alla ricerca dei migliori punti di osservazione con le pi\u00f9 improbabili compagnie. Chi non vive il rally queste emozioni non pu\u00f2 capirle e come mio debutto da aspirante fotoreporter avrei voluto cercare di raccontarlo nel miglior modo possibile. Avrei voluto iniziare col rally di casa, quello pi\u00f9 atteso da noi bellunesi, quello che, pi\u00f9 o meno tutti, abbiamo sognato di fare almeno una volta nella vita. Perch\u00e9 in Valbelluna il rally bellunese \u00e8 un\u2019istituzione sacra, come la festa di Natale o di Pasqua. Un evento atteso dagli appassionati come l\u2019arrivo di San Nicol\u00f2. Nel 2006 c\u2019ero anche io seduta su un sedile di destra, e l\u2019emozione era tanta, l\u2019adrenalina a mille, e descriverla a parole non \u00e8 possibile. Avrei voluto provare a raccontarvi le emozioni dei protagonisti con le immagini, ma a poche, pochissime ore dall\u2019inizio \u00e8 giunta impietosa la sentenza del rinvio a data da destinarsi, per motivi di pubblica sicurezza. Tristemente e amaramente ne abbiamo preso tutti atto, come una coltellata inferta dal nostro migliore amico. Lo Stato, o la Prefettura, o il Comitato Pubblica Sicurezza hanno deciso che c\u2019\u00e8 qualcosa\u00a0 su cui dubitare. Nessuna assunzione di\u00a0 responsabilit\u00e0 nel concedere il nulla osta. Non importa la mole di lavoro, di tempo, di denaro sborsato e da sborsare lo stesso, stampe dei roadbook, adesivi, volantini, telefonate, carte, investimenti,\u00a0 caparre contrattuali, consulenze, equipaggi che hanno anticipato denaro per noleggi e pernottamenti, adeguamento dell\u2019equipaggiamento, tasse d\u2019iscrizione e per lo shakedown, licenze csai fatte solo per questa occasione. No non importa. Nessuna mediazione n\u00e9 soluzione in extremis. Peccato veramente, questo \u00e8 un mio accorato appello alle Istituzioni nel non lasciar morire il motorsport in provincia, cercando di approfondire e aiutare a risolvere quei nodi contestati, in simbiosi con i pochi appassionati rimasti in provincia, per cercare di rilanciare la storia e la tradizione del Rally nel bellunese. Non \u00e8 una polemica n\u00e9 vuole esserlo, ne sono state fatte fin troppe di sterili ed ignoranti, ma questa altro non \u00e8 che una lunga riflessione fatta con, ahim\u00e8, rassegnazione. Perch\u00e9 stavolta temo sia arrivata la goccia che ha fatto traboccare il vaso, dopo due anni di crisi anche per lo sport non doveva proprio finire in questo modo.<\/em><\/p>\n<p>___<\/p>\n<p>&nbsp;<\/p>\n","protected":false},"excerpt":{"rendered":"<p>&nbsp; &nbsp; BL Racing asd Grazie !!! Ai gestori del ristorate all&#8217; Oais di Limana, che a fine giro delle P.S. in solidariet\u00e0 con la mancata effettuazione del Rally Bellunese ci hanno offerto l&#8217;aperitivo.Noi c&#8217;eravamo. &nbsp; &nbsp; &nbsp; &nbsp; Equipaggi e appassionati del Rally Bellunese si sono ritrovati questa mattina per percorrere le prove speciali&hellip;<\/p>\n","protected":false},"author":4,"featured_media":269816,"comment_status":"closed","ping_status":"closed","sticky":false,"template":"","format":"standard","meta":{"_monsterinsights_skip_tracking":false,"_monsterinsights_sitenote_active":false,"_monsterinsights_sitenote_note":"","_monsterinsights_sitenote_category":0,"footnotes":""},"categories":[104,49],"tags":[],"class_list":["post-269519","post","type-post","status-publish","format-standard","has-post-thumbnail","hentry","category-evidenza_3","category-news-18","category-104","category-49","description-off"],"img_url":"https:\/\/www.radiopiu.net\/wordpress\/wp-content\/uploads\/2022\/04\/277977378_1833110946879358_7875760907775416577_n.jpg","_links":{"self":[{"href":"https:\/\/www.radiopiu.net\/wordpress\/wp-json\/wp\/v2\/posts\/269519","targetHints":{"allow":["GET"]}}],"collection":[{"href":"https:\/\/www.radiopiu.net\/wordpress\/wp-json\/wp\/v2\/posts"}],"about":[{"href":"https:\/\/www.radiopiu.net\/wordpress\/wp-json\/wp\/v2\/types\/post"}],"author":[{"embeddable":true,"href":"https:\/\/www.radiopiu.net\/wordpress\/wp-json\/wp\/v2\/users\/4"}],"replies":[{"embeddable":true,"href":"https:\/\/www.radiopiu.net\/wordpress\/wp-json\/wp\/v2\/comments?post=269519"}],"version-history":[{"count":0,"href":"https:\/\/www.radiopiu.net\/wordpress\/wp-json\/wp\/v2\/posts\/269519\/revisions"}],"wp:featuredmedia":[{"embeddable":true,"href":"https:\/\/www.radiopiu.net\/wordpress\/wp-json\/wp\/v2\/media\/269816"}],"wp:attachment":[{"href":"https:\/\/www.radiopiu.net\/wordpress\/wp-json\/wp\/v2\/media?parent=269519"}],"wp:term":[{"taxonomy":"category","embeddable":true,"href":"https:\/\/www.radiopiu.net\/wordpress\/wp-json\/wp\/v2\/categories?post=269519"},{"taxonomy":"post_tag","embeddable":true,"href":"https:\/\/www.radiopiu.net\/wordpress\/wp-json\/wp\/v2\/tags?post=269519"}],"curies":[{"name":"wp","href":"https:\/\/api.w.org\/{rel}","templated":true}]}}