{"id":269610,"date":"2022-04-11T05:45:28","date_gmt":"2022-04-11T03:45:28","guid":{"rendered":"https:\/\/www.radiopiu.net\/wordpress\/?p=269610"},"modified":"2022-04-11T09:33:05","modified_gmt":"2022-04-11T07:33:05","slug":"giornale-radiopiu-11-aprile-2022-direttore-mirko-mezzacasa","status":"publish","type":"post","link":"https:\/\/www.radiopiu.net\/wordpress\/giornale-radiopiu-11-aprile-2022-direttore-mirko-mezzacasa\/","title":{"rendered":"GIORNALE RADIOPIU 11 APRILE 2022 DIRETTORE MIRKO MEZZACASA"},"content":{"rendered":"<h3 class=\"kvgmc6g5 cxmmr5t8 oygrvhab hcukyx3x c1et5uql\"><span style=\"color: #0000ff;\"><strong><img loading=\"lazy\" decoding=\"async\" class=\"alignleft\" src=\"https:\/\/www.radiopiu.net\/wordpress\/wp-content\/uploads\/2022\/04\/0b3adb8d-41ae-4758-9ccc-de407a69f22d.jpg\" width=\"200\" height=\"133\" \/>INFORMAZIONE il canale su TELEGRAM informazione di prima\u00a0 <\/strong><\/span><span style=\"color: #0000ff;\"><strong>mano e in tempo reale. iscriviti ed aiutaci a farlo conoscere\u00a0<\/strong><\/span><\/h3>\n<p><strong>FOTO COPERTINA DI LUCA ZANFRON, IERI SERA IL CONCERTO A CASTION DI MAT ANDRICH E MATTEO V DAL FARRA CON LA PRESENTAZIONE DEL NUOVO SINGOLO. LA DIRETTA SUL SITO DI RADIO PIU<\/strong><\/p>\n<p>&nbsp;<\/p>\n<hr \/>\n<p>&nbsp;<\/p>\n<blockquote>\n<h2 class=\"entry-title\"><span style=\"color: #ff0000;\">OGGI ALLE 12 RIAPRE LA 251 LONGARONE-ZOLDO<\/span><\/h2>\n<\/blockquote>\n<p dir=\"auto\"><strong>Veneto Strade comunica che la viabilit\u00e0 nella tratta Mezzocanale \u2013 Igne verr\u00e0 riaperta alle ore 12.00 di oggi 11\/04\/2022.\u00a0 I ragazzi delle scuole superiori potranno pertanto rientrare con la corriera che effettuer\u00e0 i soliti <em class=\"photoswipe-wrapper\"><a class=\"dt-pswp-item pspw-wrap-ready\" href=\"https:\/\/www.radiopiu.net\/wordpress\/wp-content\/uploads\/2022\/04\/28056423_1570743069705719_9091845138820201561_n-1.jpg\" data-dt-img-description=\"\" data-large_image_width=\"206\" data-large_image_height=\"206\"><img loading=\"lazy\" decoding=\"async\" class=\"wp-image-269825 alignleft\" src=\"https:\/\/www.radiopiu.net\/wordpress\/wp-content\/uploads\/2022\/04\/28056423_1570743069705719_9091845138820201561_n-1.jpg\" sizes=\"auto, (max-width: 76px) 100vw, 76px\" srcset=\"https:\/\/www.radiopiu.net\/wordpress\/wp-content\/uploads\/2022\/04\/28056423_1570743069705719_9091845138820201561_n-1.jpg 206w, https:\/\/www.radiopiu.net\/wordpress\/wp-content\/uploads\/2022\/04\/28056423_1570743069705719_9091845138820201561_n-1-150x150.jpg 150w\" alt=\"\" width=\"76\" height=\"76\" \/><\/a><\/em>orari.<\/strong><\/p>\n<p dir=\"auto\"><em><strong>\u201cLa notizia \u00e8 sicuramente buona \u2013 dice il sindaco Camillo De Pellegrin \u2013\u00a0 ma dobbiamo continuare a lavorare tutti insieme affinch\u00e9 vengano presi impegni per gli interventi definitivi di messa in sicurezza, anche in ragione del protocollo che prevede la chiusura temporanea in caso di allerta meteo arancione \u00a0per fenomeni piovosi\u201d\u00a0<\/strong><\/em><\/p>\n<hr \/>\n<blockquote>\n<h3><\/h3>\n<\/blockquote>\n<p><strong>\u00a0<\/strong><strong>LUNEDI SENZ&#8217;ACQUA IN VIA DEGLI ARTIGIANI A FALCADE\u00a0<\/strong><\/p>\n<p>Gestione Servizi Pubblici informa che, per lavori alla rete idrica comunale, lunedi dalle\u00a0 08 fino a FINE LAVORI verr\u00e0 sospesa l\u2019erogazione dell\u2019acqua a FALCADE, in via DEGLI ARTIGIANI.<\/p>\n<p>&nbsp;<\/p>\n<p>&nbsp;<\/p>\n<hr \/>\n<p>&nbsp;<\/p>\n<blockquote>\n<h3>OGGI A GOSALDO L\u2019ABBRACCIO ALLA FAMIGLIA DI PAOLO MARCON<\/h3>\n<\/blockquote>\n<p><strong><a class=\"dt-pswp-item\" href=\"https:\/\/www.radiopiu.net\/wordpress\/wp-content\/uploads\/2022\/04\/42825234_10214673043931200_2526880133847973888_n.jpg\" data-dt-img-description=\"\" data-large_image_width=\"718\" data-large_image_height=\"719\"><img loading=\"lazy\" decoding=\"async\" class=\"wp-image-269738 size-thumbnail alignleft\" src=\"https:\/\/www.radiopiu.net\/wordpress\/wp-content\/uploads\/2022\/04\/42825234_10214673043931200_2526880133847973888_n-150x150.jpg\" alt=\"\" width=\"150\" height=\"150\" srcset=\"https:\/\/www.radiopiu.net\/wordpress\/wp-content\/uploads\/2022\/04\/42825234_10214673043931200_2526880133847973888_n-150x150.jpg 150w, https:\/\/www.radiopiu.net\/wordpress\/wp-content\/uploads\/2022\/04\/42825234_10214673043931200_2526880133847973888_n-300x300.jpg 300w, https:\/\/www.radiopiu.net\/wordpress\/wp-content\/uploads\/2022\/04\/42825234_10214673043931200_2526880133847973888_n.jpg 718w\" sizes=\"auto, (max-width: 150px) 100vw, 150px\" \/><\/a> <\/strong><\/p>\n<p><strong>\u00a0<\/strong><strong>GOSALDO<\/strong>\u00a0 Stefania, Giulia, Marina, le tre figlie di Paolo Marcon sono nei pensieri dell\u2019intera comunit\u00e0 di Gosaldo, ma anche di una vallata attonita dopo il grave incidente sul lavoro occorso al loro padre, Paolo \u201cZavat\u201d Marcon. Per tutti l\u2019occasione di un abbraccio oggi, alle 14.30 quando si terranno i funerali nella chiesa di Gosaldo. \u201cGrazie fin d\u2019ora a quanti gli hanno voluto bene\u201d \u00e8 il messaggio delle tre figlie unitamente ai generi, ai nipoti Ryan, Noah, Nathalie.<\/p>\n<p>&nbsp;<\/p>\n<p>&nbsp;<\/p>\n<hr \/>\n<p>&nbsp;<\/p>\n<blockquote>\n<h3>PAOLA FAVERO TRAVOLTA DA UNA VALANGA IN TURCHIA<\/h3>\n<\/blockquote>\n<p><strong><a class=\"dt-pswp-item\" href=\"https:\/\/www.radiopiu.net\/wordpress\/wp-content\/uploads\/2022\/04\/paola-favero-768x431-1.jpg\" data-dt-img-description=\"\" data-large_image_width=\"768\" data-large_image_height=\"431\"><img loading=\"lazy\" decoding=\"async\" class=\" wp-image-269929 alignleft\" src=\"https:\/\/www.radiopiu.net\/wordpress\/wp-content\/uploads\/2022\/04\/paola-favero-768x431-1-300x168.jpg\" alt=\"\" width=\"227\" height=\"127\" srcset=\"https:\/\/www.radiopiu.net\/wordpress\/wp-content\/uploads\/2022\/04\/paola-favero-768x431-1-300x168.jpg 300w, https:\/\/www.radiopiu.net\/wordpress\/wp-content\/uploads\/2022\/04\/paola-favero-768x431-1.jpg 768w\" sizes=\"auto, (max-width: 227px) 100vw, 227px\" \/><\/a>REDAZIONE<\/strong> Paola Favero, gi\u00e0 capo della Forestale in provincia e nota scrittrice \u00e8 viva, ma se l&#8217;\u00e8 vista brutta. Deve la vita a Mario Vielmo, conosciuto alpinista italiano. Entrambi facevano parte di una spedizione in Turchia. Paola Favero di Vittorio Veneto \u00e8 stata inghiottita da una valanga sul monte Baset lo scorso 30 marzo mentre scendeva con gli sci. Favero ha fatto conoscere quanto le \u00e8 capitato, solo al rientro, per evitare preoccupazioni. E&#8217; viva grazie all&#8217;arva e alla capacit\u00e0 di Mario Vielmo di usarlo bene e di intervenire nel modo pi\u00f9 rapido ed efficace possibile dopo che la Favero era stata trascinata dalla valanga per 250\/300 metri di dislivello e giaceva sotto un metro di neve completamente sommersa a testa in gi\u00f9. Mario Vielmo l&#8217;ha dissepolta scavando con le mani aprendogli\u00a0 la bocca e liberandola dalla neve. Si \u00e8 svegliata solo dopo vari minuti.<\/p>\n<p>&nbsp;<\/p>\n<hr \/>\n<p>&nbsp;<\/p>\n<blockquote>\n<h3>ATTENZIONE ALTA A SOSPIROLO E DINTORNI DOPO GLI ULTIMI FURTI<\/h3>\n<\/blockquote>\n<p><a class=\"dt-pswp-item\" href=\"https:\/\/www.radiopiu.net\/wordpress\/wp-content\/uploads\/2022\/04\/278248927_3202943629988401_6562791920366775280_n.jpg\" data-dt-img-description=\"\" data-large_image_width=\"1080\" data-large_image_height=\"497\"><img loading=\"lazy\" decoding=\"async\" class=\"alignnone size-medium wp-image-269933\" src=\"https:\/\/www.radiopiu.net\/wordpress\/wp-content\/uploads\/2022\/04\/278248927_3202943629988401_6562791920366775280_n-300x138.jpg\" alt=\"\" width=\"300\" height=\"138\" srcset=\"https:\/\/www.radiopiu.net\/wordpress\/wp-content\/uploads\/2022\/04\/278248927_3202943629988401_6562791920366775280_n-300x138.jpg 300w, https:\/\/www.radiopiu.net\/wordpress\/wp-content\/uploads\/2022\/04\/278248927_3202943629988401_6562791920366775280_n-1024x471.jpg 1024w, https:\/\/www.radiopiu.net\/wordpress\/wp-content\/uploads\/2022\/04\/278248927_3202943629988401_6562791920366775280_n-768x353.jpg 768w, https:\/\/www.radiopiu.net\/wordpress\/wp-content\/uploads\/2022\/04\/278248927_3202943629988401_6562791920366775280_n.jpg 1080w\" sizes=\"auto, (max-width: 300px) 100vw, 300px\" \/><\/a><\/p>\n<p><strong>SOSPIROLO<\/strong> Il post pubblicato\u00a0 da Desiree Frezza sulla pagina facebook &#8220;sei di Sospirolo se&#8221; ha attirato l&#8217;attenzione dell&#8217;intera provincia. Uno dei post pi\u00f9 visualizzati e divenuto presto virale nel fine settimana.\u00a0<strong> Sopralluoghi pre furto?<\/strong> Oppure scatti perch\u00e9 l&#8217;abitazione era interessante? Facile presumere si tratti del primo caso visto che il fotografo del venerdi in fretta e furia ha preso la via pi\u00f9 breve per la fuga. Casualit\u00e0 &#8211; o meno &#8211; vuole che proprio negli ultimi giorni tra Mas e Sospirolo non siano mancati n\u00e8 i furti nelle abitazioni (riusciti o tentati), n\u00e8 le spaccate dei finestrini delle auto.<\/p>\n<p>&nbsp;<\/p>\n<p>&nbsp;<\/p>\n<hr \/>\n<p>&nbsp;<\/p>\n<blockquote>\n<h3>PRESENTATO LO STUDIO DI FATTIBILITA&#8217; DEL CENTRO DI PROTEZIONE CIVILE A ROCCA PIETORE<\/h3>\n<\/blockquote>\n<p><strong>di Gianni Santomaso<\/strong><\/p>\n<audio class=\"wp-audio-shortcode\" id=\"audio-269610-1\" preload=\"none\" style=\"width: 100%;\" controls=\"controls\"><source type=\"audio\/mpeg\" src=\"https:\/\/www.radiopiu.net\/wordpress\/wp-content\/uploads\/2022\/04\/GIANNI-PROT-CIVILE-ROCCA.mp3?_=1\" \/><a href=\"https:\/\/www.radiopiu.net\/wordpress\/wp-content\/uploads\/2022\/04\/GIANNI-PROT-CIVILE-ROCCA.mp3\">https:\/\/www.radiopiu.net\/wordpress\/wp-content\/uploads\/2022\/04\/GIANNI-PROT-CIVILE-ROCCA.mp3<\/a><\/audio>\n<p>&nbsp;<\/p>\n<p><strong>ROCCA PIETORE<\/strong> Venerd\u00ec sera alla sala del Teaz di Rocca Pietore \u00e8 stato presentato lo studio di fattibilit\u00e0 del Centro di Protezione Civile con elipiazzola di atterraggio anche notturno dell&#8217;elicottero. Presente tutto il consiglio comunale e i rappresentanti delle associazioni interessate. I volontari dei Vigili del Fuoco, dell&#8217;Ambulanza, del Soccorso Alpino e del nuovo Gruppo ANA comunale di Protezione Civile hanno potuto seguire l&#8217;interessante presentazione del professionista che ha redatto la fattibilit\u00e0. Opera ambiziosa quanto importante che nasce come prima ipotesi di elipiazzola ancora dalle amministrazioni di Rocca e Alleghe allora guidate da Maurizio De Cassan e Giuseppe Pezz\u00e9, i quali avevano individuato la zona di Congiuo come l&#8217;unica adatta sui due Comuni all&#8217;atterraggio in completa sicurezza dell&#8217;elicottero. Idea poi presa in mano dalla prima amministrazione De Bernardin che aveva predisposto una prima analisi di fattibilit\u00e0 pet concorrere ad un bando sul Fondo Comuni di Confine, purtroppo non finanziato. Ora, grazie alle importanti donazioni post Vaia e a due annualit\u00e0 del Fondo Comuni Confinanti l&#8217;idea sta prendendo seriamente corpo e lo si \u00e8 dimostrato ieri sera con uno studio che va ben oltre la fattibilit\u00e0. Il computo economico dell&#8217;opera, dopo le prime analisi, si aggira sui 2 milioni e mezzo di euro. Cifra che il Comune ha gi\u00e0 nelle sue disponibilit\u00e0, grazie appunto alle consistenti e importantissime donazioni post Vaia arrivate a Rocca. Ci sembra questa la risposta giusta per ringraziare quanti hanno voluto aiutarci nella ripresa di un territorio duramente colpito dell&#8217;ormai famoso uragano dell&#8217;ottobre 2018. Il nuovo Centro ospiter\u00e0 quindi una ampia caserma dei Vigili del Fuoco Volontari, una autorimessa per i mezzi sgombera neve comunali, che nelle emergenze sono indiscutibilmente i primi mezzi operativi di Protezione Civile in grado di intervenire, la nuova sede per i Volontari dell&#8217;ormai quarantennale associazione Ambulanza e quella per il neonato Gruppo ANA di PC. Alle autorimesse si aggiungono anche una sala riunione operativa e una sala radio per ospitare il COC (Centro Operativo Comunale) il quale durante l&#8217;emergenza Vaia era ospitato in municipio, dimostrando tutta la sua insufficienza e carenza operativa. A questo si aggiungono i necessari depositi, servizi igienici, alloggi notturni e chiaramente locali tecnici per gli impianti di riscaldamento che si ipotizzano a biomassa magari con l&#8217;aiuto del fotovoltaico. L&#8217;elipiazzola \u00e8 stata pensata con illuminazione e serpentine elettriche di riscaldamento per permettere l&#8217;atterraggio di emergenza in tutte le stagioni, compresa quella invernale. Il Centro diventer\u00e0 punto importante per l&#8217;intero Alto Cordevole e sar\u00e0 collegato al costruendo Centro Provinciale CCS di Protezione Civile di Belluno.<\/p>\n<p><strong>IL SINDACO DI ROCCA PIETORE ANDREA DE BERNARDIN<\/strong><\/p>\n<audio class=\"wp-audio-shortcode\" id=\"audio-269610-2\" preload=\"none\" style=\"width: 100%;\" controls=\"controls\"><source type=\"audio\/mpeg\" src=\"https:\/\/www.radiopiu.net\/wordpress\/wp-content\/uploads\/2022\/04\/DE-BERNARDIN-PROTEZIONE-CIVILE.mp3?_=2\" \/><a href=\"https:\/\/www.radiopiu.net\/wordpress\/wp-content\/uploads\/2022\/04\/DE-BERNARDIN-PROTEZIONE-CIVILE.mp3\">https:\/\/www.radiopiu.net\/wordpress\/wp-content\/uploads\/2022\/04\/DE-BERNARDIN-PROTEZIONE-CIVILE.mp3<\/a><\/audio>\n<p>&nbsp;<\/p>\n\n\t\t\t<style type='text\/css'>\n\t\t\t\t#gallery-1 {\n\t\t\t\t\tmargin: auto;\n\t\t\t\t}\n\t\t\t\t#gallery-1 .gallery-item {\n\t\t\t\t\tfloat: left;\n\t\t\t\t\tmargin-top: 10px;\n\t\t\t\t\ttext-align: center;\n\t\t\t\t\twidth: 25%;\n\t\t\t\t}\n\t\t\t\t#gallery-1 img {\n\t\t\t\t\tborder: 2px solid #cfcfcf;\n\t\t\t\t}\n\t\t\t\t#gallery-1 .gallery-caption {\n\t\t\t\t\tmargin-left: 0;\n\t\t\t\t}\n\t\t\t\t\/* see gallery_shortcode() in wp-includes\/media.php *\/\n\t\t\t<\/style>\n\t\t<div id='gallery-1' class='dt-gallery-container gallery galleryid-269610 gallery-columns-4 gallery-size-medium'><dl class='gallery-item'>\n\t\t\t\t<dt class='gallery-icon landscape'>\n\t\t\t\t\t<a class=\"rollover rollover-zoom dt-pswp-item\" title=\"86d04bd0-68e8-4089-a7fc-a4caf3040985\" data-dt-img-description=\"\" data-large_image_width=\"2048\" data-large_image_height=\"1536\"href='https:\/\/www.radiopiu.net\/wordpress\/wp-content\/uploads\/2022\/04\/86d04bd0-68e8-4089-a7fc-a4caf3040985.jpg'><img loading=\"lazy\" decoding=\"async\" width=\"300\" height=\"225\" src=\"https:\/\/www.radiopiu.net\/wordpress\/wp-content\/uploads\/2022\/04\/86d04bd0-68e8-4089-a7fc-a4caf3040985-300x225.jpg\" class=\"attachment-medium size-medium\" alt=\"\" srcset=\"https:\/\/www.radiopiu.net\/wordpress\/wp-content\/uploads\/2022\/04\/86d04bd0-68e8-4089-a7fc-a4caf3040985-300x225.jpg 300w, https:\/\/www.radiopiu.net\/wordpress\/wp-content\/uploads\/2022\/04\/86d04bd0-68e8-4089-a7fc-a4caf3040985-1024x768.jpg 1024w, https:\/\/www.radiopiu.net\/wordpress\/wp-content\/uploads\/2022\/04\/86d04bd0-68e8-4089-a7fc-a4caf3040985-768x576.jpg 768w, https:\/\/www.radiopiu.net\/wordpress\/wp-content\/uploads\/2022\/04\/86d04bd0-68e8-4089-a7fc-a4caf3040985-1536x1152.jpg 1536w, https:\/\/www.radiopiu.net\/wordpress\/wp-content\/uploads\/2022\/04\/86d04bd0-68e8-4089-a7fc-a4caf3040985.jpg 2048w\" sizes=\"auto, (max-width: 300px) 100vw, 300px\" \/><\/a>\n\t\t\t\t<\/dt><\/dl><dl class='gallery-item'>\n\t\t\t\t<dt class='gallery-icon landscape'>\n\t\t\t\t\t<a class=\"rollover rollover-zoom dt-pswp-item\" title=\"612bfc54-c66d-4ef8-8fd9-13e5a553ca33\" data-dt-img-description=\"\" data-large_image_width=\"2048\" data-large_image_height=\"1536\"href='https:\/\/www.radiopiu.net\/wordpress\/wp-content\/uploads\/2022\/04\/612bfc54-c66d-4ef8-8fd9-13e5a553ca33.jpg'><img loading=\"lazy\" decoding=\"async\" width=\"300\" height=\"225\" src=\"https:\/\/www.radiopiu.net\/wordpress\/wp-content\/uploads\/2022\/04\/612bfc54-c66d-4ef8-8fd9-13e5a553ca33-300x225.jpg\" class=\"attachment-medium size-medium\" alt=\"\" srcset=\"https:\/\/www.radiopiu.net\/wordpress\/wp-content\/uploads\/2022\/04\/612bfc54-c66d-4ef8-8fd9-13e5a553ca33-300x225.jpg 300w, https:\/\/www.radiopiu.net\/wordpress\/wp-content\/uploads\/2022\/04\/612bfc54-c66d-4ef8-8fd9-13e5a553ca33-1024x768.jpg 1024w, https:\/\/www.radiopiu.net\/wordpress\/wp-content\/uploads\/2022\/04\/612bfc54-c66d-4ef8-8fd9-13e5a553ca33-768x576.jpg 768w, https:\/\/www.radiopiu.net\/wordpress\/wp-content\/uploads\/2022\/04\/612bfc54-c66d-4ef8-8fd9-13e5a553ca33-1536x1152.jpg 1536w, https:\/\/www.radiopiu.net\/wordpress\/wp-content\/uploads\/2022\/04\/612bfc54-c66d-4ef8-8fd9-13e5a553ca33.jpg 2048w\" sizes=\"auto, (max-width: 300px) 100vw, 300px\" \/><\/a>\n\t\t\t\t<\/dt><\/dl><dl class='gallery-item'>\n\t\t\t\t<dt class='gallery-icon landscape'>\n\t\t\t\t\t<a class=\"rollover rollover-zoom dt-pswp-item\" title=\"1ad39ecf-a6af-4bdb-8d70-6be6203a189a\" data-dt-img-description=\"\" data-large_image_width=\"2048\" data-large_image_height=\"1536\"href='https:\/\/www.radiopiu.net\/wordpress\/wp-content\/uploads\/2022\/04\/1ad39ecf-a6af-4bdb-8d70-6be6203a189a.jpg'><img loading=\"lazy\" decoding=\"async\" width=\"300\" height=\"225\" src=\"https:\/\/www.radiopiu.net\/wordpress\/wp-content\/uploads\/2022\/04\/1ad39ecf-a6af-4bdb-8d70-6be6203a189a-300x225.jpg\" class=\"attachment-medium size-medium\" alt=\"\" srcset=\"https:\/\/www.radiopiu.net\/wordpress\/wp-content\/uploads\/2022\/04\/1ad39ecf-a6af-4bdb-8d70-6be6203a189a-300x225.jpg 300w, https:\/\/www.radiopiu.net\/wordpress\/wp-content\/uploads\/2022\/04\/1ad39ecf-a6af-4bdb-8d70-6be6203a189a-1024x768.jpg 1024w, https:\/\/www.radiopiu.net\/wordpress\/wp-content\/uploads\/2022\/04\/1ad39ecf-a6af-4bdb-8d70-6be6203a189a-768x576.jpg 768w, https:\/\/www.radiopiu.net\/wordpress\/wp-content\/uploads\/2022\/04\/1ad39ecf-a6af-4bdb-8d70-6be6203a189a-1536x1152.jpg 1536w, https:\/\/www.radiopiu.net\/wordpress\/wp-content\/uploads\/2022\/04\/1ad39ecf-a6af-4bdb-8d70-6be6203a189a.jpg 2048w\" sizes=\"auto, (max-width: 300px) 100vw, 300px\" \/><\/a>\n\t\t\t\t<\/dt><\/dl><dl class='gallery-item'>\n\t\t\t\t<dt class='gallery-icon landscape'>\n\t\t\t\t\t<a class=\"rollover rollover-zoom dt-pswp-item\" title=\"3c638a76-c649-482e-826f-8cf7aea51414\" data-dt-img-description=\"\" data-large_image_width=\"2048\" data-large_image_height=\"1536\"href='https:\/\/www.radiopiu.net\/wordpress\/wp-content\/uploads\/2022\/04\/3c638a76-c649-482e-826f-8cf7aea51414.jpg'><img loading=\"lazy\" decoding=\"async\" width=\"300\" height=\"225\" src=\"https:\/\/www.radiopiu.net\/wordpress\/wp-content\/uploads\/2022\/04\/3c638a76-c649-482e-826f-8cf7aea51414-300x225.jpg\" class=\"attachment-medium size-medium\" alt=\"\" srcset=\"https:\/\/www.radiopiu.net\/wordpress\/wp-content\/uploads\/2022\/04\/3c638a76-c649-482e-826f-8cf7aea51414-300x225.jpg 300w, https:\/\/www.radiopiu.net\/wordpress\/wp-content\/uploads\/2022\/04\/3c638a76-c649-482e-826f-8cf7aea51414-1024x768.jpg 1024w, https:\/\/www.radiopiu.net\/wordpress\/wp-content\/uploads\/2022\/04\/3c638a76-c649-482e-826f-8cf7aea51414-768x576.jpg 768w, https:\/\/www.radiopiu.net\/wordpress\/wp-content\/uploads\/2022\/04\/3c638a76-c649-482e-826f-8cf7aea51414-1536x1152.jpg 1536w, https:\/\/www.radiopiu.net\/wordpress\/wp-content\/uploads\/2022\/04\/3c638a76-c649-482e-826f-8cf7aea51414.jpg 2048w\" sizes=\"auto, (max-width: 300px) 100vw, 300px\" \/><\/a>\n\t\t\t\t<\/dt><\/dl><br style=\"clear: both\" \/><dl class='gallery-item'>\n\t\t\t\t<dt class='gallery-icon landscape'>\n\t\t\t\t\t<a class=\"rollover rollover-zoom dt-pswp-item\" title=\"f57e3eec-e7b1-4218-9190-5e3c1551ed56\" data-dt-img-description=\"\" data-large_image_width=\"1024\" data-large_image_height=\"576\"href='https:\/\/www.radiopiu.net\/wordpress\/wp-content\/uploads\/2022\/04\/f57e3eec-e7b1-4218-9190-5e3c1551ed56.jpg'><img loading=\"lazy\" decoding=\"async\" width=\"300\" height=\"169\" src=\"https:\/\/www.radiopiu.net\/wordpress\/wp-content\/uploads\/2022\/04\/f57e3eec-e7b1-4218-9190-5e3c1551ed56-300x169.jpg\" class=\"attachment-medium size-medium\" alt=\"\" srcset=\"https:\/\/www.radiopiu.net\/wordpress\/wp-content\/uploads\/2022\/04\/f57e3eec-e7b1-4218-9190-5e3c1551ed56-300x169.jpg 300w, https:\/\/www.radiopiu.net\/wordpress\/wp-content\/uploads\/2022\/04\/f57e3eec-e7b1-4218-9190-5e3c1551ed56-768x432.jpg 768w, https:\/\/www.radiopiu.net\/wordpress\/wp-content\/uploads\/2022\/04\/f57e3eec-e7b1-4218-9190-5e3c1551ed56.jpg 1024w\" sizes=\"auto, (max-width: 300px) 100vw, 300px\" \/><\/a>\n\t\t\t\t<\/dt><\/dl><dl class='gallery-item'>\n\t\t\t\t<dt class='gallery-icon landscape'>\n\t\t\t\t\t<a class=\"rollover rollover-zoom dt-pswp-item\" title=\"7e78ea0a-0098-4e31-bf4d-3528ddfdbb1d\" data-dt-img-description=\"\" data-large_image_width=\"1024\" data-large_image_height=\"576\"href='https:\/\/www.radiopiu.net\/wordpress\/wp-content\/uploads\/2022\/04\/7e78ea0a-0098-4e31-bf4d-3528ddfdbb1d.jpg'><img loading=\"lazy\" decoding=\"async\" width=\"300\" height=\"169\" src=\"https:\/\/www.radiopiu.net\/wordpress\/wp-content\/uploads\/2022\/04\/7e78ea0a-0098-4e31-bf4d-3528ddfdbb1d-300x169.jpg\" class=\"attachment-medium size-medium\" alt=\"\" srcset=\"https:\/\/www.radiopiu.net\/wordpress\/wp-content\/uploads\/2022\/04\/7e78ea0a-0098-4e31-bf4d-3528ddfdbb1d-300x169.jpg 300w, https:\/\/www.radiopiu.net\/wordpress\/wp-content\/uploads\/2022\/04\/7e78ea0a-0098-4e31-bf4d-3528ddfdbb1d-768x432.jpg 768w, https:\/\/www.radiopiu.net\/wordpress\/wp-content\/uploads\/2022\/04\/7e78ea0a-0098-4e31-bf4d-3528ddfdbb1d.jpg 1024w\" sizes=\"auto, (max-width: 300px) 100vw, 300px\" \/><\/a>\n\t\t\t\t<\/dt><\/dl><dl class='gallery-item'>\n\t\t\t\t<dt class='gallery-icon landscape'>\n\t\t\t\t\t<a class=\"rollover rollover-zoom dt-pswp-item\" title=\"b4b67d9a-c77f-48cb-b69b-2a157aca98d9\" data-dt-img-description=\"\" data-large_image_width=\"1018\" data-large_image_height=\"574\"href='https:\/\/www.radiopiu.net\/wordpress\/wp-content\/uploads\/2022\/04\/b4b67d9a-c77f-48cb-b69b-2a157aca98d9.jpg'><img loading=\"lazy\" decoding=\"async\" width=\"300\" height=\"169\" src=\"https:\/\/www.radiopiu.net\/wordpress\/wp-content\/uploads\/2022\/04\/b4b67d9a-c77f-48cb-b69b-2a157aca98d9-300x169.jpg\" class=\"attachment-medium size-medium\" alt=\"\" srcset=\"https:\/\/www.radiopiu.net\/wordpress\/wp-content\/uploads\/2022\/04\/b4b67d9a-c77f-48cb-b69b-2a157aca98d9-300x169.jpg 300w, https:\/\/www.radiopiu.net\/wordpress\/wp-content\/uploads\/2022\/04\/b4b67d9a-c77f-48cb-b69b-2a157aca98d9-768x433.jpg 768w, https:\/\/www.radiopiu.net\/wordpress\/wp-content\/uploads\/2022\/04\/b4b67d9a-c77f-48cb-b69b-2a157aca98d9.jpg 1018w\" sizes=\"auto, (max-width: 300px) 100vw, 300px\" \/><\/a>\n\t\t\t\t<\/dt><\/dl><dl class='gallery-item'>\n\t\t\t\t<dt class='gallery-icon landscape'>\n\t\t\t\t\t<a class=\"rollover rollover-zoom dt-pswp-item\" title=\"88863ddc-04ab-4f25-9f98-dff14aa33bd3\" data-dt-img-description=\"\" data-large_image_width=\"1024\" data-large_image_height=\"765\"href='https:\/\/www.radiopiu.net\/wordpress\/wp-content\/uploads\/2022\/04\/88863ddc-04ab-4f25-9f98-dff14aa33bd3.jpg'><img loading=\"lazy\" decoding=\"async\" width=\"300\" height=\"224\" src=\"https:\/\/www.radiopiu.net\/wordpress\/wp-content\/uploads\/2022\/04\/88863ddc-04ab-4f25-9f98-dff14aa33bd3-300x224.jpg\" class=\"attachment-medium size-medium\" alt=\"\" srcset=\"https:\/\/www.radiopiu.net\/wordpress\/wp-content\/uploads\/2022\/04\/88863ddc-04ab-4f25-9f98-dff14aa33bd3-300x224.jpg 300w, https:\/\/www.radiopiu.net\/wordpress\/wp-content\/uploads\/2022\/04\/88863ddc-04ab-4f25-9f98-dff14aa33bd3-768x574.jpg 768w, https:\/\/www.radiopiu.net\/wordpress\/wp-content\/uploads\/2022\/04\/88863ddc-04ab-4f25-9f98-dff14aa33bd3.jpg 1024w\" sizes=\"auto, (max-width: 300px) 100vw, 300px\" \/><\/a>\n\t\t\t\t<\/dt><\/dl><br style=\"clear: both\" \/>\n\t\t\t<\/div>\n\n<p>&nbsp;<\/p>\n<hr \/>\n<p>&nbsp;<\/p>\n<blockquote>\n<h3>LA PROVINCIA FINANZIA LA MESSA IN SICUREZZA DELLA VAL DE LE ROAZZE<\/h3>\n<\/blockquote>\n<p><strong><a class=\"dt-pswp-item\" href=\"https:\/\/www.radiopiu.net\/wordpress\/wp-content\/uploads\/2020\/07\/a6f2e1ab-3eee-4bd8-94c2-1e61077f1e91.jpg\" data-dt-img-description=\"\" data-large_image_width=\"960\" data-large_image_height=\"720\"><img loading=\"lazy\" decoding=\"async\" class=\"size-thumbnail wp-image-151435 alignleft\" src=\"https:\/\/www.radiopiu.net\/wordpress\/wp-content\/uploads\/2020\/07\/a6f2e1ab-3eee-4bd8-94c2-1e61077f1e91-150x150.jpg\" alt=\"\" width=\"150\" height=\"150\" \/><\/a>AGORDO<\/strong><\/p>\n<p>di Gianni Santomaso<\/p>\n<audio class=\"wp-audio-shortcode\" id=\"audio-269610-3\" preload=\"none\" style=\"width: 100%;\" controls=\"controls\"><source type=\"audio\/mpeg\" src=\"https:\/\/www.radiopiu.net\/wordpress\/wp-content\/uploads\/2022\/04\/GIANNI-SICUREZZA-IDRO-GEOLOGICA-AGORDO.mp3?_=3\" \/><a href=\"https:\/\/www.radiopiu.net\/wordpress\/wp-content\/uploads\/2022\/04\/GIANNI-SICUREZZA-IDRO-GEOLOGICA-AGORDO.mp3\">https:\/\/www.radiopiu.net\/wordpress\/wp-content\/uploads\/2022\/04\/GIANNI-SICUREZZA-IDRO-GEOLOGICA-AGORDO.mp3<\/a><\/audio>\n<p>&nbsp;<\/p>\n<hr \/>\n<p>&nbsp;<\/p>\n<blockquote>\n<h3 class=\"entry-title\">DELL\u2019ANTONIO RICONFERMATO ALLA GUIDA DEL CNSAS, NEL DIRETTIVO IL BELLUNESE BRISTOT<\/h3>\n<\/blockquote>\n<p><strong><img loading=\"lazy\" decoding=\"async\" class=\"alignleft\" src=\"https:\/\/www.radiopiu.net\/wordpress\/wp-content\/uploads\/2022\/04\/5949437897725818264_121-1024x768-1.webp\" width=\"156\" height=\"117\" \/>MILANO<\/strong><em>\u00a0\u201cAvanti per altri tre anni. Per veder crescere ancora il Soccorso Alpino e Speleologico, con l\u2019obiettivo di essere ancora pi\u00f9 efficienti nell\u2019aiutare la gente della montagna\u201d.<\/em> Sono le prime parole di Maurizio Dellantonio, trentino di Moena, dopo la riconferma alla guida del Soccorso Alpino e Speleologico, avvenuta sabato dopo il voto dell\u2019Assemblea Nazionale, riunita per le tradizionali elezioni triennali delle massime cariche del Corpo. Dellantonio guida l\u2019organizzazione dal 2015, questo che inizia \u00e8 il terzo mandato. Con il presidente sono stati eletti anche i membri della Direzione Nazionale, l\u2019organo di coordinamento e gestione del CNSAS: sono i vicepresidenti Alessandro Molinu (vicario) e Mauro Guiducci (alla guida della componente speleologica) ed i consiglieri Alfonso Ardizzi, Roberto Bolza, Fabio Bristot, Luca Franzese, Pino Giostra, Fabrizio Masella, Corrado Pesci. Presenti all\u2019assemblea nazionale tutti i presidenti regionali e provinciali, affiancati da ulteriori rappresentanti del territorio con diritto di voto.<\/p>\n<p>&nbsp;<\/p>\n<hr \/>\n<p>&nbsp;<\/p>\n<blockquote>\n<h2>CONSIGLIO COMUNALE DI FALCADE, DIRETTA DIFFERITA<\/h2>\n<\/blockquote>\n<p><iframe loading=\"lazy\" title=\"CONSIGLIO COMUNALE DI FALCADE 10 APRILE 2022, ORE 15,00\" width=\"1200\" height=\"675\" src=\"https:\/\/www.youtube.com\/embed\/l9M6nKFSmYk?feature=oembed\" frameborder=\"0\" allow=\"accelerometer; autoplay; clipboard-write; encrypted-media; gyroscope; picture-in-picture\" allowfullscreen><\/iframe><\/p>\n<p>&nbsp;<\/p>\n<hr \/>\n<p>&nbsp;<\/p>\n<blockquote class=\"wp-embedded-content\" data-secret=\"5r0LUKpvAG\"><p><a href=\"https:\/\/www.radiopiu.net\/wordpress\/aggnazionaleaprile10\/\">CORONAVIRUS: AGGIORNAMENTO NAZIONALE  10 APRILE 2022<\/a><\/p><\/blockquote>\n<p><iframe loading=\"lazy\" class=\"wp-embedded-content\" sandbox=\"allow-scripts\" security=\"restricted\" style=\"position: absolute; clip: rect(1px, 1px, 1px, 1px);\" title=\"&#8220;CORONAVIRUS: AGGIORNAMENTO NAZIONALE  10 APRILE 2022&#8221; &#8212; Radio Pi\u00f9\" src=\"https:\/\/www.radiopiu.net\/wordpress\/aggnazionaleaprile10\/embed\/#?secret=A7WpwWNQrm#?secret=5r0LUKpvAG\" data-secret=\"5r0LUKpvAG\" width=\"600\" height=\"338\" frameborder=\"0\" marginwidth=\"0\" marginheight=\"0\" scrolling=\"no\"><\/iframe><\/p>\n<p>&nbsp;<\/p>\n<blockquote class=\"wp-embedded-content\" data-secret=\"eTjDczLTdB\"><p><a href=\"https:\/\/www.radiopiu.net\/wordpress\/aggazzeroaprilea10\/\">SONO 5341 LE NUOVE POSITIVITA&#8217; IN VENETO DELLE ULTIME 24 ORE, 10 DECESSI<\/a><\/p><\/blockquote>\n<p><iframe loading=\"lazy\" class=\"wp-embedded-content\" sandbox=\"allow-scripts\" security=\"restricted\" style=\"position: absolute; clip: rect(1px, 1px, 1px, 1px);\" title=\"&#8220;SONO 5341 LE NUOVE POSITIVITA&#8217; IN VENETO DELLE ULTIME 24 ORE, 10 DECESSI&#8221; &#8212; Radio Pi\u00f9\" src=\"https:\/\/www.radiopiu.net\/wordpress\/aggazzeroaprilea10\/embed\/#?secret=iamWr8lqYI#?secret=eTjDczLTdB\" data-secret=\"eTjDczLTdB\" width=\"600\" height=\"338\" frameborder=\"0\" marginwidth=\"0\" marginheight=\"0\" scrolling=\"no\"><\/iframe><\/p>\n<p>&nbsp;<\/p>\n<h2 dir=\"auto\">I GRAFICI DI TIZIANO DE COL<\/h2>\n\n\t\t\t<style type='text\/css'>\n\t\t\t\t#gallery-2 {\n\t\t\t\t\tmargin: auto;\n\t\t\t\t}\n\t\t\t\t#gallery-2 .gallery-item {\n\t\t\t\t\tfloat: left;\n\t\t\t\t\tmargin-top: 10px;\n\t\t\t\t\ttext-align: center;\n\t\t\t\t\twidth: 16%;\n\t\t\t\t}\n\t\t\t\t#gallery-2 img {\n\t\t\t\t\tborder: 2px solid #cfcfcf;\n\t\t\t\t}\n\t\t\t\t#gallery-2 .gallery-caption {\n\t\t\t\t\tmargin-left: 0;\n\t\t\t\t}\n\t\t\t\t\/* see gallery_shortcode() in wp-includes\/media.php *\/\n\t\t\t<\/style>\n\t\t<div id='gallery-2' class='dt-gallery-container gallery galleryid-269610 gallery-columns-6 gallery-size-thumbnail'><dl class='gallery-item'>\n\t\t\t\t<dt class='gallery-icon landscape'>\n\t\t\t\t\t<a class=\"rollover rollover-zoom dt-pswp-item\" title=\"918b7bcb-bbfe-45cd-8563-37c936ad6b04\" data-dt-img-description=\"\" data-large_image_width=\"591\" data-large_image_height=\"363\"href='https:\/\/www.radiopiu.net\/wordpress\/wp-content\/uploads\/2022\/04\/918b7bcb-bbfe-45cd-8563-37c936ad6b04.jpg'><img loading=\"lazy\" decoding=\"async\" width=\"150\" height=\"150\" src=\"https:\/\/www.radiopiu.net\/wordpress\/wp-content\/uploads\/2022\/04\/918b7bcb-bbfe-45cd-8563-37c936ad6b04-150x150.jpg\" class=\"attachment-thumbnail size-thumbnail\" alt=\"\" \/><\/a>\n\t\t\t\t<\/dt><\/dl><dl class='gallery-item'>\n\t\t\t\t<dt class='gallery-icon landscape'>\n\t\t\t\t\t<a class=\"rollover rollover-zoom dt-pswp-item\" title=\"9acc5b16-45fe-46f1-97e9-c6fddd4e3e73\" data-dt-img-description=\"\" data-large_image_width=\"605\" data-large_image_height=\"369\"href='https:\/\/www.radiopiu.net\/wordpress\/wp-content\/uploads\/2022\/04\/9acc5b16-45fe-46f1-97e9-c6fddd4e3e73.jpg'><img loading=\"lazy\" decoding=\"async\" width=\"150\" height=\"150\" src=\"https:\/\/www.radiopiu.net\/wordpress\/wp-content\/uploads\/2022\/04\/9acc5b16-45fe-46f1-97e9-c6fddd4e3e73-150x150.jpg\" class=\"attachment-thumbnail size-thumbnail\" alt=\"\" \/><\/a>\n\t\t\t\t<\/dt><\/dl><dl class='gallery-item'>\n\t\t\t\t<dt class='gallery-icon landscape'>\n\t\t\t\t\t<a class=\"rollover rollover-zoom dt-pswp-item\" title=\"52b2047e-3728-4bbe-8349-27e187b1bf9f\" data-dt-img-description=\"\" data-large_image_width=\"610\" data-large_image_height=\"361\"href='https:\/\/www.radiopiu.net\/wordpress\/wp-content\/uploads\/2022\/04\/52b2047e-3728-4bbe-8349-27e187b1bf9f.jpg'><img loading=\"lazy\" decoding=\"async\" width=\"150\" height=\"150\" src=\"https:\/\/www.radiopiu.net\/wordpress\/wp-content\/uploads\/2022\/04\/52b2047e-3728-4bbe-8349-27e187b1bf9f-150x150.jpg\" class=\"attachment-thumbnail size-thumbnail\" alt=\"\" \/><\/a>\n\t\t\t\t<\/dt><\/dl><dl class='gallery-item'>\n\t\t\t\t<dt class='gallery-icon landscape'>\n\t\t\t\t\t<a class=\"rollover rollover-zoom dt-pswp-item\" title=\"7694e1d6-1a34-437e-b41b-1ad882efcbd9\" data-dt-img-description=\"\" data-large_image_width=\"620\" data-large_image_height=\"370\"href='https:\/\/www.radiopiu.net\/wordpress\/wp-content\/uploads\/2022\/04\/7694e1d6-1a34-437e-b41b-1ad882efcbd9.jpg'><img loading=\"lazy\" decoding=\"async\" width=\"150\" height=\"150\" src=\"https:\/\/www.radiopiu.net\/wordpress\/wp-content\/uploads\/2022\/04\/7694e1d6-1a34-437e-b41b-1ad882efcbd9-150x150.jpg\" class=\"attachment-thumbnail size-thumbnail\" alt=\"\" \/><\/a>\n\t\t\t\t<\/dt><\/dl><dl class='gallery-item'>\n\t\t\t\t<dt class='gallery-icon landscape'>\n\t\t\t\t\t<a class=\"rollover rollover-zoom dt-pswp-item\" title=\"73e800f7-bc41-428b-a11e-64644489ddd5\" data-dt-img-description=\"\" data-large_image_width=\"606\" data-large_image_height=\"375\"href='https:\/\/www.radiopiu.net\/wordpress\/wp-content\/uploads\/2022\/04\/73e800f7-bc41-428b-a11e-64644489ddd5.jpg'><img loading=\"lazy\" decoding=\"async\" width=\"150\" height=\"150\" src=\"https:\/\/www.radiopiu.net\/wordpress\/wp-content\/uploads\/2022\/04\/73e800f7-bc41-428b-a11e-64644489ddd5-150x150.jpg\" class=\"attachment-thumbnail size-thumbnail\" alt=\"\" \/><\/a>\n\t\t\t\t<\/dt><\/dl><dl class='gallery-item'>\n\t\t\t\t<dt class='gallery-icon landscape'>\n\t\t\t\t\t<a class=\"rollover rollover-zoom dt-pswp-item\" title=\"3370eb0f-ab95-49c2-9882-c27c8fb7eec5\" data-dt-img-description=\"\" data-large_image_width=\"610\" data-large_image_height=\"355\"href='https:\/\/www.radiopiu.net\/wordpress\/wp-content\/uploads\/2022\/04\/3370eb0f-ab95-49c2-9882-c27c8fb7eec5.jpg'><img loading=\"lazy\" decoding=\"async\" width=\"150\" height=\"150\" src=\"https:\/\/www.radiopiu.net\/wordpress\/wp-content\/uploads\/2022\/04\/3370eb0f-ab95-49c2-9882-c27c8fb7eec5-150x150.jpg\" class=\"attachment-thumbnail size-thumbnail\" alt=\"\" \/><\/a>\n\t\t\t\t<\/dt><\/dl><br style=\"clear: both\" \/>\n\t\t\t<\/div>\n\n<p>&nbsp;<\/p>\n<hr \/>\n<p>&nbsp;<\/p>\n<blockquote>\n<h3 class=\"entry-title\">RADIOTERAPIA, TRATTATI IL 30% DEI PAZIENTI IN PIU\u2019<\/h3>\n<\/blockquote>\n<p><strong class=\"photoswipe-wrapper\"><a class=\"dt-pswp-item pspw-wrap-ready\" href=\"https:\/\/www.radiopiu.net\/wordpress\/wp-content\/uploads\/2022\/04\/SAM_3305.jpg\" data-dt-img-description=\"\" data-large_image_width=\"1984\" data-large_image_height=\"1488\"><img loading=\"lazy\" decoding=\"async\" class=\"wp-image-269687 size-medium alignleft\" src=\"https:\/\/www.radiopiu.net\/wordpress\/wp-content\/uploads\/2022\/04\/SAM_3305-300x225.jpg\" sizes=\"auto, (max-width: 300px) 100vw, 300px\" srcset=\"https:\/\/www.radiopiu.net\/wordpress\/wp-content\/uploads\/2022\/04\/SAM_3305-300x225.jpg 300w, https:\/\/www.radiopiu.net\/wordpress\/wp-content\/uploads\/2022\/04\/SAM_3305-1024x768.jpg 1024w, https:\/\/www.radiopiu.net\/wordpress\/wp-content\/uploads\/2022\/04\/SAM_3305-768x576.jpg 768w, https:\/\/www.radiopiu.net\/wordpress\/wp-content\/uploads\/2022\/04\/SAM_3305-1536x1152.jpg 1536w, https:\/\/www.radiopiu.net\/wordpress\/wp-content\/uploads\/2022\/04\/SAM_3305.jpg 1984w\" alt=\"\" width=\"300\" height=\"225\" \/><\/a>BELLUNO\u00a0\u00a0<\/strong>Buone notizie dalla Radioterapia dell\u2019Ulss Dolomiti: nel mese di marzo 2022, rispetto al marzo 2019 (quindi in periodo pre covid), sono stati trattati il 30% di pazienti in pi\u00f9. Non solo, grazie a una innovativa metodica introdotta in ulss Dolomiti dal nuovo primario Alessandro Magli e alle dotazioni tecnologiche dell\u2019unit\u00e0 operativa, sono stati ridotti significativamente i trattamentei necessari per la cura di alcune tipologie di tumore, con un grande vantaggio per i pazienti in termini di tempo e spostamenti. I progressi fatti nell\u2019ambito della cura delle malattie oncologiche, con l\u2019avvento della medicina di precisione, sia in ambito medico che radioterapico, hanno portato ad un miglioramento sia dell\u2019 aspettativa che della qualit\u00e0 della vita dei pazienti. A ci\u00f2 corrisponde il progressivo aumento del fabbisogno di cure oncologiche, che comporta una sfida sempre pi\u00f9 importante per i sistemi sanitari impegnati a\u00a0 garantire a tutti\u00a0 la possibilit\u00e0 di avere accesso a cure oncologiche di alta qualit\u00e0.\u00a0<em>\u201cRecentemente \u2013 spiega Alessandro Magli, Direttore della Radioterapia Oncologica \u2013 abbiamo implementato un percorso di\u00a0 radioterapia stereotassica (SBRT) o radioterapia ablativa stereotattica (SABR), tecnica radioterapica d\u2019avanguardia che consente di somministrare con estrema precisione dosi di radiazioni molto elevate a bersagli tumorali di piccole dimensioni ottenendone la distruzione attraverso la necrosi tumorale. Questa tecnica, grazie alla sue caratteristiche di elevata efficacia e non invasivit\u00e0, trova ad oggi numerose applicazioni cliniche in ambito uro-oncologico, nei tumori primitivi del polmone in stadio iniziale non candidabili a intervento chirurgico e per il trattamento delle metastasi (cerebrali, polmonari, epatiche e lifonodali).\u201d<\/em><\/p>\n<p>&nbsp;<\/p>\n<p>&nbsp;<\/p>\n<hr \/>\n<p>&nbsp;<\/p>\n<blockquote>\n<h3 class=\"entry-title\">IL NUOVO CONSIGLIO D\u2019AMMINISTRAZIONE DELLA CASA DI RIPOSO DI ALANO<\/h3>\n<p><em>Nel\u00a0 2023 Casa Sant\u2019Antonio Abate festegger\u00e0 i suoi 100 anni di attivit\u00e0 al servizio degli anziani fragili e di tutta la comunit\u00e0 di Alano.<\/em><\/p><\/blockquote>\n<p dir=\"ltr\"><strong class=\"photoswipe-wrapper\"><a class=\"dt-pswp-item pspw-wrap-ready\" href=\"https:\/\/www.radiopiu.net\/wordpress\/wp-content\/uploads\/2022\/04\/gazebo_alano_1.jpeg\" data-dt-img-description=\"\" data-large_image_width=\"1600\" data-large_image_height=\"1200\"><img loading=\"lazy\" decoding=\"async\" class=\"wp-image-269692 alignleft\" src=\"https:\/\/www.radiopiu.net\/wordpress\/wp-content\/uploads\/2022\/04\/gazebo_alano_1-300x225.jpeg\" sizes=\"auto, (max-width: 300px) 100vw, 300px\" srcset=\"https:\/\/www.radiopiu.net\/wordpress\/wp-content\/uploads\/2022\/04\/gazebo_alano_1-300x225.jpeg 300w, https:\/\/www.radiopiu.net\/wordpress\/wp-content\/uploads\/2022\/04\/gazebo_alano_1-1024x768.jpeg 1024w, https:\/\/www.radiopiu.net\/wordpress\/wp-content\/uploads\/2022\/04\/gazebo_alano_1-768x576.jpeg 768w, https:\/\/www.radiopiu.net\/wordpress\/wp-content\/uploads\/2022\/04\/gazebo_alano_1-1536x1152.jpeg 1536w, https:\/\/www.radiopiu.net\/wordpress\/wp-content\/uploads\/2022\/04\/gazebo_alano_1.jpeg 1600w\" alt=\"\" width=\"152\" height=\"114\" \/><\/a>ALANO DI PIAVE<\/strong>\u00a0 Nuovo consiglio di amministrazione per la Fondazione Sant\u2019Antonio Abate\u00a0 che gestisce la residenza per anziani, l\u2019ospedale di comunit\u00e0 e la comunit\u00e0 alloggio Casa Nani. Presidente \u00e8 Patrizia Scalabrin, vicentina, manager con 25 anni di esperienza nel settore dell\u2019assistenza anziani \u00e8 anche presidente della Fondazione Santi Antonio e Michele, che gestisce la casa di riposo di Fonzaso; ed \u00e8 consigliera di Uneba Veneto, associazione di categoria del non profit sociosanitario di cui anche Fondazione Sant\u2019Antonio Abate fa parte. In consiglio di amministrazione anche Domenico Scibetta, gi\u00e0 direttore sanitario della Ulss 2 di Feltre dal 2008 al 2013\u00a0 e successivamente direttore generale della Ulss di Padova. Attualmente \u00e8 presidente di Federsanit\u00e0 Anci Venet, \u00a0ha la delega a seguire in prima persona i servizi e le autorizzazioni e accreditamenti. Completa il consiglio di amministrazione, e ne \u00e8 vicepresidentessa, Maria Mondin, gi\u00e0 membro e vice presidente del consiglio uscente, imprenditrice molto apprezzata nel territorio e impegnata nel mondo del volontariato che garantir\u00e0 la continuit\u00e0 dell\u2019organo consiliare. Scalabrin e Scibetta prendono il posto in consiglio di amministrazione del presidente uscente Matteo Segafredo e del consigliere Cesare Baldon. La Fondazione ringrazia il presidente Segafredo e a tutto il CdA uscente per il lavoro svolto in questi anni, segnati da ultimo, dalla fatica della pandemia, augura ai nuovi consiglieri un sereno percorso lavorativo che incrocia le sfide della riforma dei servizi per la non autosufficienza voluta dal Governo Draghi e i bisogni di assistenza sempre pi\u00f9 alti degli anziani che si rivolgono alle strutture residenziali.<\/p>\n<blockquote>\n<p dir=\"ltr\">\n<\/blockquote>\n<hr \/>\n<blockquote>\n<h3 class=\"entry-title\"><\/h3>\n<h3 class=\"entry-title\">LA SANTA MESSA DEL PRECETTO PASQUALE PER LE FORZE DELL&#8217;ORDINE<\/h3>\n<\/blockquote>\n<p class=\"entry-title\"><strong>BELLUNO<\/strong> Ieri mattina Il Vescovo di Belluno &#8211; Feltre Mons. Renato Marangoni ha celebrato, nella Cattedrale di Belluno, la Santa Messa del Precetto pasquale per tutte le Forze di Polizia. Erano presenti il Prefetto di Belluno, il Questore, oltre alle autorit\u00e0 civili e religiose.<\/p>\n\n\t\t\t<style type='text\/css'>\n\t\t\t\t#gallery-3 {\n\t\t\t\t\tmargin: auto;\n\t\t\t\t}\n\t\t\t\t#gallery-3 .gallery-item {\n\t\t\t\t\tfloat: left;\n\t\t\t\t\tmargin-top: 10px;\n\t\t\t\t\ttext-align: center;\n\t\t\t\t\twidth: 33%;\n\t\t\t\t}\n\t\t\t\t#gallery-3 img {\n\t\t\t\t\tborder: 2px solid #cfcfcf;\n\t\t\t\t}\n\t\t\t\t#gallery-3 .gallery-caption {\n\t\t\t\t\tmargin-left: 0;\n\t\t\t\t}\n\t\t\t\t\/* see gallery_shortcode() in wp-includes\/media.php *\/\n\t\t\t<\/style>\n\t\t<div id='gallery-3' class='dt-gallery-container gallery galleryid-269610 gallery-columns-3 gallery-size-thumbnail'><dl class='gallery-item'>\n\t\t\t\t<dt class='gallery-icon landscape'>\n\t\t\t\t\t<a class=\"rollover rollover-zoom dt-pswp-item\" title=\"e40e11d4-de8e-42ec-86bb-bec7ab6cad72\" data-dt-img-description=\"\" data-large_image_width=\"1600\" data-large_image_height=\"1066\"href='https:\/\/www.radiopiu.net\/wordpress\/wp-content\/uploads\/2022\/04\/e40e11d4-de8e-42ec-86bb-bec7ab6cad72.jpg'><img loading=\"lazy\" decoding=\"async\" width=\"150\" height=\"150\" src=\"https:\/\/www.radiopiu.net\/wordpress\/wp-content\/uploads\/2022\/04\/e40e11d4-de8e-42ec-86bb-bec7ab6cad72-150x150.jpg\" class=\"attachment-thumbnail size-thumbnail\" alt=\"\" \/><\/a>\n\t\t\t\t<\/dt><\/dl><dl class='gallery-item'>\n\t\t\t\t<dt class='gallery-icon landscape'>\n\t\t\t\t\t<a class=\"rollover rollover-zoom dt-pswp-item\" title=\"da70430f-0fb5-441e-a4a8-97334131d44b\" data-dt-img-description=\"\" data-large_image_width=\"1600\" data-large_image_height=\"1066\"href='https:\/\/www.radiopiu.net\/wordpress\/wp-content\/uploads\/2022\/04\/da70430f-0fb5-441e-a4a8-97334131d44b.jpg'><img loading=\"lazy\" decoding=\"async\" width=\"150\" height=\"150\" src=\"https:\/\/www.radiopiu.net\/wordpress\/wp-content\/uploads\/2022\/04\/da70430f-0fb5-441e-a4a8-97334131d44b-150x150.jpg\" class=\"attachment-thumbnail size-thumbnail\" alt=\"\" \/><\/a>\n\t\t\t\t<\/dt><\/dl><dl class='gallery-item'>\n\t\t\t\t<dt class='gallery-icon landscape'>\n\t\t\t\t\t<a class=\"rollover rollover-zoom dt-pswp-item\" title=\"8981cbe6-ea63-48f6-92fe-4b82fd5c37bd\" data-dt-img-description=\"\" data-large_image_width=\"1600\" data-large_image_height=\"1066\"href='https:\/\/www.radiopiu.net\/wordpress\/wp-content\/uploads\/2022\/04\/8981cbe6-ea63-48f6-92fe-4b82fd5c37bd.jpg'><img loading=\"lazy\" decoding=\"async\" width=\"150\" height=\"150\" src=\"https:\/\/www.radiopiu.net\/wordpress\/wp-content\/uploads\/2022\/04\/8981cbe6-ea63-48f6-92fe-4b82fd5c37bd-150x150.jpg\" class=\"attachment-thumbnail size-thumbnail\" alt=\"\" \/><\/a>\n\t\t\t\t<\/dt><\/dl><br style=\"clear: both\" \/>\n\t\t\t<\/div>\n\n<p>&nbsp;<\/p>\n<p>&nbsp;<\/p>\n<hr \/>\n<p>&nbsp;<\/p>\n<blockquote>\n<h3 class=\"entry-title\">OTTIMA RISPOSTA DALLA POPOLAZIONE PER LA VERTIK AREA DI SAN TOMASO<\/h3>\n<\/blockquote>\n<p><strong>di Gianni Santomaso<\/strong><\/p>\n<audio class=\"wp-audio-shortcode\" id=\"audio-269610-4\" preload=\"none\" style=\"width: 100%;\" controls=\"controls\"><source type=\"audio\/mpeg\" src=\"https:\/\/www.radiopiu.net\/wordpress\/wp-content\/uploads\/2022\/04\/GIANNI-VERTIK-AREA.mp3?_=4\" \/><a href=\"https:\/\/www.radiopiu.net\/wordpress\/wp-content\/uploads\/2022\/04\/GIANNI-VERTIK-AREA.mp3\">https:\/\/www.radiopiu.net\/wordpress\/wp-content\/uploads\/2022\/04\/GIANNI-VERTIK-AREA.mp3<\/a><\/audio>\n<p>&nbsp;<\/p>\n<p><strong><a class=\"dt-pswp-item\" href=\"https:\/\/www.radiopiu.net\/wordpress\/wp-content\/uploads\/2022\/04\/c95e01c2-23f6-403c-a73f-9d15ae857a8c.jpeg\" data-dt-img-description=\"\" data-large_image_width=\"1600\" data-large_image_height=\"900\"><img loading=\"lazy\" decoding=\"async\" class=\" wp-image-269801 alignleft\" src=\"https:\/\/www.radiopiu.net\/wordpress\/wp-content\/uploads\/2022\/04\/c95e01c2-23f6-403c-a73f-9d15ae857a8c-300x169.jpeg\" alt=\"\" width=\"185\" height=\"104\" srcset=\"https:\/\/www.radiopiu.net\/wordpress\/wp-content\/uploads\/2022\/04\/c95e01c2-23f6-403c-a73f-9d15ae857a8c-300x169.jpeg 300w, https:\/\/www.radiopiu.net\/wordpress\/wp-content\/uploads\/2022\/04\/c95e01c2-23f6-403c-a73f-9d15ae857a8c-1024x576.jpeg 1024w, https:\/\/www.radiopiu.net\/wordpress\/wp-content\/uploads\/2022\/04\/c95e01c2-23f6-403c-a73f-9d15ae857a8c-768x432.jpeg 768w, https:\/\/www.radiopiu.net\/wordpress\/wp-content\/uploads\/2022\/04\/c95e01c2-23f6-403c-a73f-9d15ae857a8c-1536x864.jpeg 1536w, https:\/\/www.radiopiu.net\/wordpress\/wp-content\/uploads\/2022\/04\/c95e01c2-23f6-403c-a73f-9d15ae857a8c.jpeg 1600w\" sizes=\"auto, (max-width: 185px) 100vw, 185px\" \/><\/a>SAN TOMASO\u00a0<\/strong>Da alcuni mesi la Vertik Area di San Tomaso \u00e8 aperta al pubblico e si tirano le somme dopo il primo periodo di lavoro. Sono pi\u00f9 di 4 mila gli ingressi registrati fino ad ora con un buon riscontro dai ragazzi dell&#8217;Agordino che tramite le scuole hanno scoperto lo sport dell&#8217;arrampicata. Non solo gli agordini ma anche gente da fuori provincia \u00e8 arrivata alla palestra di San Tomaso.<\/p>\n<p><strong>IL RIASSUNTO DEI PRIMI MESI DI VERTIKAL A CURA DI VALERIO SCARPA<\/strong><\/p>\n<audio class=\"wp-audio-shortcode\" id=\"audio-269610-5\" preload=\"none\" style=\"width: 100%;\" controls=\"controls\"><source type=\"audio\/mpeg\" src=\"https:\/\/www.radiopiu.net\/wordpress\/wp-content\/uploads\/2022\/04\/VALERIO-SCARPA-SAN-TOMASO.mp3?_=5\" \/><a href=\"https:\/\/www.radiopiu.net\/wordpress\/wp-content\/uploads\/2022\/04\/VALERIO-SCARPA-SAN-TOMASO.mp3\">https:\/\/www.radiopiu.net\/wordpress\/wp-content\/uploads\/2022\/04\/VALERIO-SCARPA-SAN-TOMASO.mp3<\/a><\/audio>\n<p>&nbsp;<\/p>\n<p><strong>MORENO DE VAL, SINDACO DI SAN TOMASO<\/strong><\/p>\n<audio class=\"wp-audio-shortcode\" id=\"audio-269610-6\" preload=\"none\" style=\"width: 100%;\" controls=\"controls\"><source type=\"audio\/mpeg\" src=\"https:\/\/www.radiopiu.net\/wordpress\/wp-content\/uploads\/2022\/04\/MORENO-DE-VAL-VERTIKAL.mp3?_=6\" \/><a href=\"https:\/\/www.radiopiu.net\/wordpress\/wp-content\/uploads\/2022\/04\/MORENO-DE-VAL-VERTIKAL.mp3\">https:\/\/www.radiopiu.net\/wordpress\/wp-content\/uploads\/2022\/04\/MORENO-DE-VAL-VERTIKAL.mp3<\/a><\/audio>\n<p>&nbsp;<\/p>\n<hr \/>\n<p>&nbsp;<\/p>\n<h2><span style=\"color: #ff0000;\"><a class=\"dt-pswp-item\" href=\"https:\/\/www.radiopiu.net\/wordpress\/wp-content\/uploads\/2022\/04\/0-1.png\" data-dt-img-description=\"\" data-large_image_width=\"1588\" data-large_image_height=\"1812\"><img loading=\"lazy\" decoding=\"async\" class=\" wp-image-269833 alignleft\" src=\"https:\/\/www.radiopiu.net\/wordpress\/wp-content\/uploads\/2022\/04\/0-1-263x300.png\" alt=\"\" width=\"156\" height=\"178\" srcset=\"https:\/\/www.radiopiu.net\/wordpress\/wp-content\/uploads\/2022\/04\/0-1-263x300.png 263w, https:\/\/www.radiopiu.net\/wordpress\/wp-content\/uploads\/2022\/04\/0-1-897x1024.png 897w, https:\/\/www.radiopiu.net\/wordpress\/wp-content\/uploads\/2022\/04\/0-1-768x876.png 768w, https:\/\/www.radiopiu.net\/wordpress\/wp-content\/uploads\/2022\/04\/0-1-1346x1536.png 1346w, https:\/\/www.radiopiu.net\/wordpress\/wp-content\/uploads\/2022\/04\/0-1.png 1588w\" sizes=\"auto, (max-width: 156px) 100vw, 156px\" \/><\/a>DAL CORRIERE DELLE ALPI<\/span><\/h2>\n<h3>MICHELA DISALVIO, DALLA PUGLIA ALLA VALLE DEL BIOIS PER LAVORARE IN MALGA<\/h3>\n<p><strong>CANALE D&#8217;AGORDO <\/strong>Come ogni lunedi Gianni Santomaso dalle pagine del Corriere delle Alpi racconta una storia, un personaggio, un pezzo di vita dell\u2019Agordino \u201cVivere l\u2019Agordino\u201d una raccolta spaccato di vita agordina con le immancabili vignette di Erica Andrich<\/p>\n<p><strong>di Gianni Santomaso<\/strong><\/p>\n<p>&nbsp;<\/p>\n<hr \/>\n<p>&nbsp;<\/p>\n<blockquote>\n<h3>BALLI E COREOGRAFIE DA PREMIO PER L&#8217;ADA &#8211; AGORDO<\/h3>\n<\/blockquote>\n<p><strong>AGORDO<\/strong> L&#8217;Associazione Danza Agordina ha incantato la platea di Montebelluna Vicentino. A una settimana dal successo in terra alto atesina (a Bolzano), le ragazze e i ragazzi della societ\u00e0 di Agordo hanno partecipato con successo al concorso regionale\u00a0 &#8220;Trofeo Io Ballo&#8221;. Un&#8217;altra importante soddisfazione per il team guidato da Roberta Reolon che ha firmato\u00a0 con Vanessa Lagan\u00e0 le splendide coreografie. Al concorso l&#8217;Ada si \u00e8 presentata\u00a0 anche con la squadra &#8220;modern 3&#8221;, per tutti \u00e8 stata la prima uscita archiviata con immensa felicit\u00e0, applausi e complimenti per tutti. Vanessa Lagan\u00e0 e Jacopo Mottes hanno messo sullo scaffale il trofeo &#8220;Passo a Due&#8221;, dove non hanno avuto rivali, si sono fatti poi valere (terzo piazzamento) anche nel Contemporaneo. Per entrambi una meritatissima borsa di studio.<em> &#8220;Ci siamo riusciti &#8211; dice un&#8217;emozionata Vanessa dopo il verdetto della giuria &#8211; ci credevamo ma sapevamo anche quanto fosse difficile visto l&#8217;alto livello. Oggi possiamo affermare &#8220;ce l&#8217;abbiamo fatta&#8221;,<\/em><\/p>\n\n\t\t\t<style type='text\/css'>\n\t\t\t\t#gallery-4 {\n\t\t\t\t\tmargin: auto;\n\t\t\t\t}\n\t\t\t\t#gallery-4 .gallery-item {\n\t\t\t\t\tfloat: left;\n\t\t\t\t\tmargin-top: 10px;\n\t\t\t\t\ttext-align: center;\n\t\t\t\t\twidth: 33%;\n\t\t\t\t}\n\t\t\t\t#gallery-4 img {\n\t\t\t\t\tborder: 2px solid #cfcfcf;\n\t\t\t\t}\n\t\t\t\t#gallery-4 .gallery-caption {\n\t\t\t\t\tmargin-left: 0;\n\t\t\t\t}\n\t\t\t\t\/* see gallery_shortcode() in wp-includes\/media.php *\/\n\t\t\t<\/style>\n\t\t<div id='gallery-4' class='dt-gallery-container gallery galleryid-269610 gallery-columns-3 gallery-size-thumbnail'><dl class='gallery-item'>\n\t\t\t\t<dt class='gallery-icon landscape'>\n\t\t\t\t\t<a class=\"rollover rollover-zoom dt-pswp-item\" title=\"Senza nome\" data-dt-img-description=\"\" data-large_image_width=\"578\" data-large_image_height=\"367\"href='https:\/\/www.radiopiu.net\/wordpress\/wp-content\/uploads\/2022\/04\/Senza-nome.png'><img loading=\"lazy\" decoding=\"async\" width=\"150\" height=\"150\" src=\"https:\/\/www.radiopiu.net\/wordpress\/wp-content\/uploads\/2022\/04\/Senza-nome-150x150.png\" class=\"attachment-thumbnail size-thumbnail\" alt=\"\" \/><\/a>\n\t\t\t\t<\/dt><\/dl><dl class='gallery-item'>\n\t\t\t\t<dt class='gallery-icon landscape'>\n\t\t\t\t\t<a class=\"rollover rollover-zoom dt-pswp-item\" title=\"6b5041fe-97bf-4357-b336-7d490e9d9e28\" data-dt-img-description=\"\" data-large_image_width=\"2048\" data-large_image_height=\"1290\"href='https:\/\/www.radiopiu.net\/wordpress\/wp-content\/uploads\/2022\/04\/6b5041fe-97bf-4357-b336-7d490e9d9e28.jpg'><img loading=\"lazy\" decoding=\"async\" width=\"150\" height=\"150\" src=\"https:\/\/www.radiopiu.net\/wordpress\/wp-content\/uploads\/2022\/04\/6b5041fe-97bf-4357-b336-7d490e9d9e28-150x150.jpg\" class=\"attachment-thumbnail size-thumbnail\" alt=\"\" \/><\/a>\n\t\t\t\t<\/dt><\/dl><dl class='gallery-item'>\n\t\t\t\t<dt class='gallery-icon landscape'>\n\t\t\t\t\t<a class=\"rollover rollover-zoom dt-pswp-item\" title=\"9789260a-56aa-4ea8-adc1-620b0b010528\" data-dt-img-description=\"\" data-large_image_width=\"1600\" data-large_image_height=\"1200\"href='https:\/\/www.radiopiu.net\/wordpress\/wp-content\/uploads\/2022\/04\/9789260a-56aa-4ea8-adc1-620b0b010528.jpg'><img loading=\"lazy\" decoding=\"async\" width=\"150\" height=\"150\" src=\"https:\/\/www.radiopiu.net\/wordpress\/wp-content\/uploads\/2022\/04\/9789260a-56aa-4ea8-adc1-620b0b010528-150x150.jpg\" class=\"attachment-thumbnail size-thumbnail\" alt=\"\" \/><\/a>\n\t\t\t\t<\/dt><\/dl><br style=\"clear: both\" \/>\n\t\t\t<\/div>\n\n<p>&nbsp;<\/p>\n<hr \/>\n<p>&nbsp;<\/p>\n<p>&nbsp;<\/p>\n<blockquote>\n<h2>GLI APPASSIONATI SUL PERCORSO DEL RALLY BELLUNESE, RISPETTANDO IL CODICE DELLA STRADA<\/h2>\n<\/blockquote>\n<p><a class=\"dt-pswp-item\" href=\"https:\/\/www.radiopiu.net\/wordpress\/wp-content\/uploads\/2022\/04\/277977378_1833110946879358_7875760907775416577_n.jpg\" data-dt-img-description=\"\" data-large_image_width=\"2048\" data-large_image_height=\"1536\"><img loading=\"lazy\" decoding=\"async\" class=\" wp-image-269816 alignleft\" src=\"https:\/\/www.radiopiu.net\/wordpress\/wp-content\/uploads\/2022\/04\/277977378_1833110946879358_7875760907775416577_n-300x225.jpg\" alt=\"\" width=\"163\" height=\"122\" srcset=\"https:\/\/www.radiopiu.net\/wordpress\/wp-content\/uploads\/2022\/04\/277977378_1833110946879358_7875760907775416577_n-300x225.jpg 300w, https:\/\/www.radiopiu.net\/wordpress\/wp-content\/uploads\/2022\/04\/277977378_1833110946879358_7875760907775416577_n-1024x768.jpg 1024w, https:\/\/www.radiopiu.net\/wordpress\/wp-content\/uploads\/2022\/04\/277977378_1833110946879358_7875760907775416577_n-768x576.jpg 768w, https:\/\/www.radiopiu.net\/wordpress\/wp-content\/uploads\/2022\/04\/277977378_1833110946879358_7875760907775416577_n-1536x1152.jpg 1536w, https:\/\/www.radiopiu.net\/wordpress\/wp-content\/uploads\/2022\/04\/277977378_1833110946879358_7875760907775416577_n.jpg 2048w\" sizes=\"auto, (max-width: 163px) 100vw, 163px\" \/><\/a>Equipaggi e appassionati del Rally Bellunese si sono ritrovati ieri mattina per percorrere le prove speciali e le strade di trasferimento rispettando il codice della strada<\/p>\n<p>&nbsp;<\/p>\n<p>&nbsp;<\/p>\n<p><strong>CHRISTOPHER &#8220;CICCIO&#8221; DAVARE<\/strong><\/p>\n<audio class=\"wp-audio-shortcode\" id=\"audio-269610-7\" preload=\"none\" style=\"width: 100%;\" controls=\"controls\"><source type=\"audio\/mpeg\" src=\"https:\/\/www.radiopiu.net\/wordpress\/wp-content\/uploads\/2022\/04\/CHRISTOPHER-DAVARE-RALLY.mp3?_=7\" \/><a href=\"https:\/\/www.radiopiu.net\/wordpress\/wp-content\/uploads\/2022\/04\/CHRISTOPHER-DAVARE-RALLY.mp3\">https:\/\/www.radiopiu.net\/wordpress\/wp-content\/uploads\/2022\/04\/CHRISTOPHER-DAVARE-RALLY.mp3<\/a><\/audio>\n<p>&nbsp;<\/p>\n<div class=\"dati1w0a hv4rvrfc osnr6wyh\">\n<div class=\"btwxx1t3 j83agx80 cwj9ozl2\">\n<div class=\"j83agx80 cbu4d94t ew0dbk1b irj2b8pg\">\n<div class=\"qzhwtbm6 knvmm38d\">\n<h3 class=\"gmql0nx0 l94mrbxd p1ri9a11 lzcic4wl aahdfvyu hzawbc8m\"><span class=\"nc684nl6\"><strong><a class=\"dt-pswp-item\" href=\"https:\/\/www.radiopiu.net\/wordpress\/wp-content\/uploads\/2022\/04\/277750502_1652669951749324_3016127683562558979_n.jpg\" data-dt-img-description=\"\" data-large_image_width=\"600\" data-large_image_height=\"450\"><img loading=\"lazy\" decoding=\"async\" class=\"wp-image-269931 alignleft\" src=\"https:\/\/www.radiopiu.net\/wordpress\/wp-content\/uploads\/2022\/04\/277750502_1652669951749324_3016127683562558979_n-300x225.jpg\" alt=\"\" width=\"200\" height=\"150\" srcset=\"https:\/\/www.radiopiu.net\/wordpress\/wp-content\/uploads\/2022\/04\/277750502_1652669951749324_3016127683562558979_n-300x225.jpg 300w, https:\/\/www.radiopiu.net\/wordpress\/wp-content\/uploads\/2022\/04\/277750502_1652669951749324_3016127683562558979_n.jpg 600w\" sizes=\"auto, (max-width: 200px) 100vw, 200px\" \/><\/a>BL Racing asd<\/strong> <\/span>Grazie !!! Ai gestori del ristorate all&#8217; Oais di Limana, che a fine giro delle P.S. in solidariet\u00e0 con la mancata effettuazione del Rally Bellunese ci hanno offerto l&#8217;aperitivo.Noi c&#8217;eravamo.<\/h3>\n<\/div>\n<\/div>\n<\/div>\n<\/div>\n<p>&nbsp;<\/p>\n<p>&nbsp;<\/p>\n<p>&nbsp;<\/p>\n<p><strong>DAVIDE CIBIEN, PILOTA<\/strong><\/p>\n<audio class=\"wp-audio-shortcode\" id=\"audio-269610-8\" preload=\"none\" style=\"width: 100%;\" controls=\"controls\"><source type=\"audio\/mpeg\" src=\"https:\/\/www.radiopiu.net\/wordpress\/wp-content\/uploads\/2022\/04\/DAVIDE-CIBIEN.mp3?_=8\" \/><a href=\"https:\/\/www.radiopiu.net\/wordpress\/wp-content\/uploads\/2022\/04\/DAVIDE-CIBIEN.mp3\">https:\/\/www.radiopiu.net\/wordpress\/wp-content\/uploads\/2022\/04\/DAVIDE-CIBIEN.mp3<\/a><\/audio>\n<p><strong>\u00a0<\/strong><\/p>\n<p><strong>SILVIA MOSENA, PILOTA-NAVIGATRICE<\/strong>, Il 37\u00b0 Rally Bellunese\u00a0 sarebbe stato il 202\u00b0 della sua carriera,\u00a0 licenza Aci csai dal 2003.<\/p>\n<audio class=\"wp-audio-shortcode\" id=\"audio-269610-9\" preload=\"none\" style=\"width: 100%;\" controls=\"controls\"><source type=\"audio\/mpeg\" src=\"https:\/\/www.radiopiu.net\/wordpress\/wp-content\/uploads\/2022\/04\/silvia.mp3?_=9\" \/><a href=\"https:\/\/www.radiopiu.net\/wordpress\/wp-content\/uploads\/2022\/04\/silvia.mp3\">https:\/\/www.radiopiu.net\/wordpress\/wp-content\/uploads\/2022\/04\/silvia.mp3<\/a><\/audio>\n<p>&nbsp;<\/p>\n<p><strong>OMAR BURIGO, PILOTA<\/strong><\/p>\n<audio class=\"wp-audio-shortcode\" id=\"audio-269610-10\" preload=\"none\" style=\"width: 100%;\" controls=\"controls\"><source type=\"audio\/mpeg\" src=\"https:\/\/www.radiopiu.net\/wordpress\/wp-content\/uploads\/2022\/04\/BURIGO.mp3?_=10\" \/><a href=\"https:\/\/www.radiopiu.net\/wordpress\/wp-content\/uploads\/2022\/04\/BURIGO.mp3\">https:\/\/www.radiopiu.net\/wordpress\/wp-content\/uploads\/2022\/04\/BURIGO.mp3<\/a><\/audio>\n<p>&nbsp;<\/p>\n<hr \/>\n<div dir=\"auto\"><\/div>\n<blockquote>\n<h3 dir=\"auto\">AGORDO MUSICA: NO ALLA GUERRA<\/h3>\n<\/blockquote>\n<div dir=\"auto\">Non ne parliamo di questa guerra<\/div>\n<div dir=\"auto\">Che sar\u00e0 lunga un&#8217;eternit\u00e0<\/div>\n<div dir=\"auto\">Per conquistare un palmo di terra<\/div>\n<div dir=\"auto\">Quanti fratelli son morti di gi\u00e0<\/div>\n<div dir=\"auto\">Trincea dei razzi, maledizione<\/div>\n<div dir=\"auto\">Quanti fratelli son morti lass\u00f9<\/div>\n<div dir=\"auto\">Finir\u00e0 dunque &#8216;sta flagellazione<\/div>\n<div dir=\"auto\">Di questa guerra non se ne parli pi\u00f9&#8230;<\/div>\n<div dir=\"auto\"><strong>FUOCO E MITRAGLIATRICI (&#8220;Al Tei&#8221; a La Valle Agordina per Musica nell&#8217;Agordino 2017)<\/strong><\/div>\n<p>https:\/\/www.facebook.com\/agordomusica\/videos\/545825060311330<\/p>\n<div class=\"dati1w0a hv4rvrfc osnr6wyh\">\n<div class=\"btwxx1t3 j83agx80 cwj9ozl2\">\n<div class=\"j83agx80 cbu4d94t ew0dbk1b irj2b8pg\">\n<div class=\"qzhwtbm6 knvmm38d\"><\/div>\n<\/div>\n<\/div>\n<\/div>\n<p>&nbsp;<\/p>\n<hr \/>\n<p>&nbsp;<\/p>\n<blockquote>\n<h3 class=\"entry-title\">LA CATTIVA BUROCRAZIA SOTTRAE ALLE IMPRESE VENETE 5 MILIARDI OGNI ANNO<\/h3>\n<\/blockquote>\n<p>Dopo 2 anni di crisi pandemica, a cui si sono aggiunte negli ultimi mesi la difficolt\u00e0 di reperire le materie prime e il caro energia, continua, in maniera altrettanto preoccupante, la stretta dell\u2019oppressione burocratica sugli imprenditori.<\/p>\n<p>A causa dell\u2019eccessivo numero di adempimenti, di permessi e l\u2019espletamento delle pratiche richieste dalla nostra burocrazia, il costo annuo in capo alle imprese venete ammonta a 5 miliardi di euro. A stimarlo \u00e8 l\u2019Ufficio studi della CGIA.<\/p>\n<p>I tempi, i costi e la farraginosit\u00e0 della cattiva burocrazia costituiscono un problema che caratterizza negativamente il nostro Paese, all\u2019interno del quale sono presenti forti differenziazioni tra Nord e Sud, nonch\u00e9 tra regioni a statuto ordinario e regioni a statuto speciale. Nel Mezzogiorno, dove la nostra Pubblica Amministrazione (PA) \u00e8 meno efficiente, la situazione \u00e8 maggiormente critica. Non \u00e8 un caso, infatti, che molti investitori stranieri rifiutano a trasferirsi in Italia proprio per la difficolt\u00e0 di approcciarsi con il nostro sistema burocratico che non ha eguali tra i nostri principali partner europei.<\/p>\n<p>E come segnala l\u2019OCSE, la produttivit\u00e0 media del lavoro delle imprese italiane \u00e8 pi\u00f9 elevata nelle zone dove l\u2019Amministrazione pubblica \u00e8 pi\u00f9 efficiente. Per contro, dove invece \u00e8 pi\u00f9 bassa, la produttivit\u00e0 del settore privato ne risente negativamente. In questo studio, inoltre, si dimostra che l\u2019inefficienza del settore pubblico \u201cproduce\u201d maggiori costi economici alle piccole che alle grandi imprese.\u00a0Da questo punto di vista il Veneto \u00e8 uno dei territori pi\u00f9 virtuosi d\u2019Italia: le performance della nostra PA sono di buona qualit\u00e0.<\/p>\n<p><strong class=\"photoswipe-wrapper\"><a class=\"dt-pswp-item pspw-wrap-ready\" href=\"https:\/\/www.radiopiu.net\/wordpress\/wp-content\/uploads\/2022\/04\/Schermata-2022-04-09-alle-08.53.10.png\" data-dt-img-description=\"\" data-large_image_width=\"1236\" data-large_image_height=\"1196\"><img loading=\"lazy\" decoding=\"async\" class=\"alignleft size-medium wp-image-269675\" src=\"https:\/\/www.radiopiu.net\/wordpress\/wp-content\/uploads\/2022\/04\/Schermata-2022-04-09-alle-08.53.10-300x290.png\" sizes=\"auto, (max-width: 300px) 100vw, 300px\" srcset=\"https:\/\/www.radiopiu.net\/wordpress\/wp-content\/uploads\/2022\/04\/Schermata-2022-04-09-alle-08.53.10-300x290.png 300w, https:\/\/www.radiopiu.net\/wordpress\/wp-content\/uploads\/2022\/04\/Schermata-2022-04-09-alle-08.53.10-1024x991.png 1024w, https:\/\/www.radiopiu.net\/wordpress\/wp-content\/uploads\/2022\/04\/Schermata-2022-04-09-alle-08.53.10-768x743.png 768w, https:\/\/www.radiopiu.net\/wordpress\/wp-content\/uploads\/2022\/04\/Schermata-2022-04-09-alle-08.53.10.png 1236w\" alt=\"\" width=\"300\" height=\"290\" \/><\/a>In Italia la qualit\u00e0 istituzionale del Veneto \u00e8 buona<\/strong><br \/>\nSe, comunque, ci confrontiamo con il resto d\u2019Europa, il gap rimane molto importante. Nel 2021 l\u2019Universit\u00e0 di G\u00f6teborg ha redatto un\u2019indagine sulla percezione della qualit\u00e0, imparzialit\u00e0 e corruzione delle PA in 208 regioni europee. Nel risultato finale il Veneto si colloca al 109\u00b0 posto; in Italia solo la Provincia Autonoma di Trento (al 100\u00b0) e il Friuli Venezia Giulia (al 104\u00b0) fanno meglio di noi. Puglia (190\u00b0), Sicilia (191\u00b0), Basilicata (196\u00b0), Campania (206\u00b0) e Calabria (207\u00b0) si \u201cpiazzano\u201d negli ultimi 20 posti delle graduatoria generale. Fanalino di coda a livello europeo \u00e8 la regione rumena di Bucaresti-Ilfov; quella pi\u00f9 virtuosa tra le 208 monitorate, invece, \u00e8 la finlandese \u01faland. L\u2019indice finale sulla qualit\u00e0 istituzionale redatto dall\u2019Universit\u00e0 di G\u00f6teborg \u00e8 frutto di un mix di quesiti posti ai cittadini che riguardano la qualit\u00e0 dei servizi pubblici, l\u2019imparzialit\u00e0 con la quale questi vengono assegnati e la corruzione. Nello specifico i quesiti convergono su tre servizi pubblici che hanno valenza pi\u00f9 \u201cterritoriale\u201d: istruzione, sanit\u00e0 e pubblica sicurezza; l\u2019indice finale, oltre ai dati delle indagini regionali, tiene conto anche di altri servizi pi\u00f9 generali (ad esempio la giustizia), includendo alcuni indicatori del WGI data della Banca mondiale (dati nazionali) (vedi Tab.1 e Graf. 1).<\/p>\n<p><strong>A rischio il PNRR<\/strong><br \/>\nCon una PA malconcia l\u2019attuazione degli investimenti previsti con il Next Generation EU rischiano di non essere realizzati. In relazione ad una opera pubblica, ad esempio, la capacit\u00e0 di progettare, affidare, eseguire e terminare i lavori in tempi accettabili \u00e8 un problema che in Italia ci trasciniamo da tempo immemorabile. Una legislazione debordante, una burocrazia amministrativa snervante e, in molti casi, con livelli di efficienza imbarazzanti rischiano di compromettere il trasferimento delle risorse economiche previste dal PNRR.<\/p>\n<p><strong>Come migliorare la PA<\/strong><br \/>\nSecondo l\u2019Ufficio studi CGIA, il miglioramento dell\u2019efficienza della macchina pubblica deve svilupparsi secondo tre direttrici:\u00a0innanzitutto attraverso una digitalizzazione\u00a0estesa del rapporto tra PA e imprese, soprattutto attraverso il dialogo tra le banche dati pubbliche;\u00a0standardizzazione\u00a0dei procedimenti e della modulistica;\u00a0riorganizzazione delle competenze\u00a0e riduzione del numero di enti pubblici coinvolti nel medesimo procedimento. In questo modo si creeranno le condizioni per applicare finalmente il principio dell\u2019 \u201conce only\u201d, in base al quale le pubbliche amministrazioni non possono chiedere all\u2019impresa i dati gi\u00e0 in loro possesso. Infine, secondo gli artigiani mestrini, l\u2019impresa deve poter contare su\u00a0norme chiare, senza doversi assumere la responsabilit\u00e0 di interpretazioni incerte, rischiando di essere sanzionata a seguito di controlli da parte di soggetti diversi, non coordinati, o che interpretano in maniera differente la medesima normativa. In sintesi, le imprese chiedono che il rapporto con la PA si semplifichi con una sola istanza, una sola piattaforma informatica, una sola risposta ed un solo controllo. Fondamentale, infine, il\u00a0monitoraggio\u00a0delle semplificazioni gi\u00e0 introdotte, ed\u00a0evitare l\u2019emanazione continua di nuove norme\u00a0che modificano le precedenti, complicando ulteriormente la vita delle imprese.<\/p>\n<p class=\"photoswipe-wrapper\"><a class=\"dt-pswp-item pspw-wrap-ready\" href=\"https:\/\/www.radiopiu.net\/wordpress\/wp-content\/uploads\/2022\/04\/Schermata-2022-04-09-alle-08.53.57.png\" data-dt-img-description=\"\" data-large_image_width=\"1192\" data-large_image_height=\"1488\"><img loading=\"lazy\" decoding=\"async\" class=\"alignleft size-medium wp-image-269674\" src=\"https:\/\/www.radiopiu.net\/wordpress\/wp-content\/uploads\/2022\/04\/Schermata-2022-04-09-alle-08.53.57-240x300.png\" sizes=\"auto, (max-width: 240px) 100vw, 240px\" srcset=\"https:\/\/www.radiopiu.net\/wordpress\/wp-content\/uploads\/2022\/04\/Schermata-2022-04-09-alle-08.53.57-240x300.png 240w, https:\/\/www.radiopiu.net\/wordpress\/wp-content\/uploads\/2022\/04\/Schermata-2022-04-09-alle-08.53.57-820x1024.png 820w, https:\/\/www.radiopiu.net\/wordpress\/wp-content\/uploads\/2022\/04\/Schermata-2022-04-09-alle-08.53.57-768x959.png 768w, https:\/\/www.radiopiu.net\/wordpress\/wp-content\/uploads\/2022\/04\/Schermata-2022-04-09-alle-08.53.57.png 1192w\" alt=\"\" width=\"240\" height=\"300\" \/><\/a><strong>NOTE: l\u2019European Quality of Government Index (EQI) \u2013 2021<\/strong><\/p>\n<p>L\u2019European Quality of Government Index (EQI) \u00e8 il risultato di un\u2019indagine sulla corruzione e la governance a livello regionale in Europa, condotta la prima volta nel 2010 e successivamente nel 2013, nel 2017 e nel 2021. Si tratta della pi\u00f9 grande indagine per misurare la percezione del livello di qualit\u00e0 della pubblica amministrazione che, nel 2021, ha coinvolto oltre 129 mila cittadini di cui quasi 13 mila in Italia.<\/p>\n<p>L\u2019indice finale sulla qualit\u00e0 istituzionale \u00e8 frutto di un mix di quesiti posti ai cittadini che riguardano la qualit\u00e0 dei servizi pubblici, l\u2019imparzialit\u00e0 con la quale questi vengono assegnati e la corruzione. Nello specifico i quesiti convergono su tre servizi pubblici che hanno valenza pi\u00f9 \u201cterritoriale\u201d: istruzione, sanit\u00e0 e pubblica sicurezza; l\u2019indice finale, oltre ai dati delle indagini regionali, tiene conto anche di altri servizi pi\u00f9 generali (ad esempio la giustizia) includendo alcuni indicatori del WGI data della Banca mondiale (dati nazionali).<\/p>\n<p>Le questioni poste ai cittadini europei per la costruzione dell\u2019EQI 2021<\/p>\n<p>TEMA QUALITA\u2019<br \/>\nCome valuta la qualit\u00e0 dell\u2019istruzione pubblica nella sua area<br \/>\nCome valuta la qualit\u00e0 del sistema sanitario nella sua area<br \/>\nCome valuta la qualit\u00e0 delle forze di polizia nella sua area<\/p>\n<p>TEMA IMPARZIALITA\u2019<br \/>\nFavoritismi ad alcuni nella pubblica istruzione (nella sua area)<br \/>\nFavoritismi ad alcuni nel sistema sanitario (nella sua area)<br \/>\nFavoritismi ad alcuni con le forze di polizia (nella sua area)<br \/>\nTutti trattati ugualmente nella pubblica istruzione (nella sua area)<br \/>\nTutti trattati ugualmente nel sistema sanitario (nella sua area)<br \/>\nTutti trattati ugualmente dalle forze di polizia (nella sua area)<br \/>\nLe elezioni sono condotte liberamente (nella sua area)<\/p>\n<p>TEMA CORRUZIONE<br \/>\nLa corruzione \u00e8 prevalente nella pubblica istruzione (nella sua area)<br \/>\nLa corruzione \u00e8 prevalente nel sistema sanitario (nella sua area)<br \/>\nLa corruzione \u00e8 prevalente tra le forze di polizia (nella sua area)<br \/>\nLa popolazione nella mia area deve usare qualche forma di corruzione per ottenere alcuni servizi pubblici di base<br \/>\nLa corruzione nella mia area \u00e8 usata per aver accesso a particolari privilegi<br \/>\nNegli ultimi 12 mesi a lei o a qualcuno che vive nella sua famiglia \u00e8 stato chiesto di pagare tangenti (da parte di un ufficiale pubblico)<br \/>\nNegli ultimi 12 mesi lei o qualcuno che vive nella sua famiglia ha pagato tangenti o offerto doni a qualcuno della PA<\/p>\n<p>&nbsp;<\/p>\n<p>&nbsp;<\/p>\n<hr \/>\n<p>&nbsp;<\/p>\n<blockquote class=\"wp-embedded-content\" data-secret=\"mqAAuvsuJ9\"><p><a href=\"https:\/\/www.radiopiu.net\/wordpress\/il-crollo-delle-creppe-rotte-del-tamer-1791-1792-e-lattuale-dissesto-per-il-crolle-del-tamer-grande\/\">IL CROLLO DELLE CREPPE ROTTE DEL TAMER, 1791-1792 E L&#8217;ATTUALE DISSESTO PER IL CROLLO DEL TAMER GRANDE<\/a><\/p><\/blockquote>\n<p><iframe loading=\"lazy\" class=\"wp-embedded-content\" sandbox=\"allow-scripts\" security=\"restricted\" style=\"position: absolute; clip: rect(1px, 1px, 1px, 1px);\" title=\"&#8220;IL CROLLO DELLE CREPPE ROTTE DEL TAMER, 1791-1792 E L&#8217;ATTUALE DISSESTO PER IL CROLLO DEL TAMER GRANDE&#8221; &#8212; Radio Pi\u00f9\" src=\"https:\/\/www.radiopiu.net\/wordpress\/il-crollo-delle-creppe-rotte-del-tamer-1791-1792-e-lattuale-dissesto-per-il-crolle-del-tamer-grande\/embed\/#?secret=uw1dqfQwQj#?secret=mqAAuvsuJ9\" data-secret=\"mqAAuvsuJ9\" width=\"600\" height=\"338\" frameborder=\"0\" marginwidth=\"0\" marginheight=\"0\" scrolling=\"no\"><\/iframe><\/p>\n<p>&nbsp;<\/p>\n<hr \/>\n<p>&nbsp;<\/p>\n<blockquote>\n<h3>LA PRO LOCO DI CENCENIGHE CERCA PERSONALE<\/h3>\n<\/blockquote>\n<p><strong>CENCENIGHE\u00a0<\/strong>L&#8217;associazione Pro Loco di Cencenighe \u00e8 alla ricerca di personale per sostituire una maternit\u00e0 da met\u00e0 maggio. Contratto part-time di 10-23 ore. Si richiede il diploma di scuola media superiore e la conoscenza della lingua inglese e tedesca oltre che la pratica con il computer e programmi vari. Per informazioni 0437 591549 o scrivere a prolococencenighe@gmail.com<\/p>\n<p>&nbsp;<\/p>\n<p>&nbsp;<\/p>\n<hr \/>\n<p>&nbsp;<\/p>\n<p><strong>ARABBA.. SCIARE FINO A PASQUA<\/strong><\/p>\n<blockquote>\n<div class=\"\">\n<div class=\"\"><i class=\"\">Ma chi l&#8217;ha detto che a Pasqua \u00e8 troppo tardi per sciare? Ad Arabba \u00e8 possibile! Gli impianti di Porta Vescovo e del Passo Pordoi sono aperti tutti i giorni fino a\u00a0<span dir=\"ltr\">luned\u00ec 18 aprile<\/span>\u00a0compreso, per permettere a tutti gli amanti dello sci di farsi un&#8217;ultima sciata anche con l&#8217;arrivo della primavera! Piste vere per sciatori veri, ma anche un&#8217;ultima occasione per passare una giornata in quota tra le vette pi\u00f9 affascinanti delle Dolomiti.\u00a0<\/i><i class=\"\">Info e prezzi su\u00a0<a class=\"\" href=\"http:\/\/www.arabba.it\/\">www.arabba.it<\/a>\u00a0<\/i><\/div>\n<\/div>\n<\/blockquote>\n<p>&nbsp;<\/p>\n<p>&nbsp;<\/p>\n<hr \/>\n<p>&nbsp;<\/p>\n<blockquote>\n<h3>L&#8217;EUROPA NEL CONFRONTO GEOPOLITICO TRA DEMOCRAZIE E AUTORITARISMI<\/h3>\n<\/blockquote>\n<p><strong>BELLUNO<\/strong> L\u2019Associazione Amici delle Scuole in Rete e le Scuole in Rete per un Mondo di Solidariet\u00e0 e Pace presentano domani alle\u00a0 9\u00a0 un incontro\/confronto con prof. Lucio Caracciolo, il massimo esperto di geopolitica in Italia, direttore della rivista italiana di geopolitica Limes. Si tratta di un evento rivolto alle scuole della provincia e fruibile in live streaming o in differita dalla home page del sito delle Scuole in Rete www.studentibelluno.it. E\u2019 invitata anche la cittadinanza che volesse collegarsi, anche se protagonisti del confronto saranno gli studenti delle superiori.<\/p>\n<p>&nbsp;<\/p>\n<p>&nbsp;<\/p>\n<hr \/>\n<p>&nbsp;<\/p>\n<blockquote>\n<h3>SACRA RAPPRESENTAZIONE DEL CALVARIO A TAMBRE<\/h3>\n<\/blockquote>\n<p><strong>TAMBR<\/strong>E Venerdi 15 aprile alle 20.30 in piazza sacra rappresentazione della Via Crucis, un appuntamento che da molti anni si ripete con intensit\u00e0 e coinvolgimento sia dei protagonisti che del pubblico che accorre ad assistere alla rievocazione delle ultime ore della vita di Cristo. La rappresentazione della Via Crucis\u00a0 \u00e8 arricchita da dialoghi dal vivo tra i principali protagonisti, scenografie di grandi dimensioni, costumi curati nei dettagli, un numero considerevole di personaggi, tra cui numerosi sono i giovani e i bambini. Le scene si svolgeranno tra i luoghi pi\u00f9 suggestivi del paese con un itinerario che permette al pubblico di seguire da vicino le varie scene<\/p>\n<p>&nbsp;<\/p>\n<p>&nbsp;<\/p>\n<hr \/>\n<p>&nbsp;<\/p>\n<blockquote>\n<h3>TRE GIORNI DI FESTA A LA VALLE IN OCCASIONE DE L&#8217;OM SELVARECH<\/h3>\n<\/blockquote>\n<p><strong><a class=\"dt-pswp-item\" href=\"https:\/\/www.radiopiu.net\/wordpress\/wp-content\/uploads\/2022\/04\/Schermata-2022-04-10-alle-13.55.47.png\" data-dt-img-description=\"\" data-large_image_width=\"1056\" data-large_image_height=\"480\"><img loading=\"lazy\" decoding=\"async\" class=\" wp-image-269847 alignleft\" src=\"https:\/\/www.radiopiu.net\/wordpress\/wp-content\/uploads\/2022\/04\/Schermata-2022-04-10-alle-13.55.47-300x136.png\" alt=\"\" width=\"201\" height=\"91\" srcset=\"https:\/\/www.radiopiu.net\/wordpress\/wp-content\/uploads\/2022\/04\/Schermata-2022-04-10-alle-13.55.47-300x136.png 300w, https:\/\/www.radiopiu.net\/wordpress\/wp-content\/uploads\/2022\/04\/Schermata-2022-04-10-alle-13.55.47-1024x465.png 1024w, https:\/\/www.radiopiu.net\/wordpress\/wp-content\/uploads\/2022\/04\/Schermata-2022-04-10-alle-13.55.47-768x349.png 768w, https:\/\/www.radiopiu.net\/wordpress\/wp-content\/uploads\/2022\/04\/Schermata-2022-04-10-alle-13.55.47.png 1056w\" sizes=\"auto, (max-width: 201px) 100vw, 201px\" \/><\/a>LA VALLE<\/strong> Saranno tre giorni intensi a La Valle con la Festa del L&#8217;Om Selvarech. La Pro Loco di La valle ha organizzato la festa per il 23-24-25 aprile. Sabato 23 alle 20:30 presso la sala Valmassoni (ex caselo) una serata con William Da Roit e Luca De Zorzi per parlare del giro del mondo con gli sci di fondo. Domenica 24 sotto al tendone in localit\u00e0 Conaggia musica con DJ Jack e il concerto degli RH Negativo. Luned\u00ec 25 si inizia al mattino alle 9:30 con il mercatino artigianale sotto al tendone, alle 10 la gara podistica &#8220;Su e do per i coi&#8221; quarto Memorial Flavio De Cassai, alle 12 apertura stand gastronomico e a seguire la preparazione e la sfilata dei pop de l&#8217;om selvarech. Alle 19 la Cota offerta dalla pro loco, alle 20 la lettura del testamento e a seguire il fal\u00f2 de l&#8217;om selvarech. Serata in musica con Eros e Karin.<\/p>\n<p>&nbsp;<\/p>\n<p>&nbsp;<\/p>\n<hr \/>\n<p>&nbsp;<\/p>\n<blockquote>\n<h3>MARCO DAL FARRA LIVE A CASTION<\/h3>\n<\/blockquote>\n<p><strong><a class=\"dt-pswp-item\" href=\"https:\/\/www.radiopiu.net\/wordpress\/wp-content\/uploads\/2022\/04\/099079f7-501a-46bf-8836-661379d194d6.jpg\" data-dt-img-description=\"\" data-large_image_width=\"1920\" data-large_image_height=\"1080\"><img loading=\"lazy\" decoding=\"async\" class=\" wp-image-269854 alignleft\" src=\"https:\/\/www.radiopiu.net\/wordpress\/wp-content\/uploads\/2022\/04\/099079f7-501a-46bf-8836-661379d194d6-300x169.jpg\" alt=\"\" width=\"208\" height=\"117\" srcset=\"https:\/\/www.radiopiu.net\/wordpress\/wp-content\/uploads\/2022\/04\/099079f7-501a-46bf-8836-661379d194d6-300x169.jpg 300w, https:\/\/www.radiopiu.net\/wordpress\/wp-content\/uploads\/2022\/04\/099079f7-501a-46bf-8836-661379d194d6-1024x576.jpg 1024w, https:\/\/www.radiopiu.net\/wordpress\/wp-content\/uploads\/2022\/04\/099079f7-501a-46bf-8836-661379d194d6-768x432.jpg 768w, https:\/\/www.radiopiu.net\/wordpress\/wp-content\/uploads\/2022\/04\/099079f7-501a-46bf-8836-661379d194d6-1536x864.jpg 1536w, https:\/\/www.radiopiu.net\/wordpress\/wp-content\/uploads\/2022\/04\/099079f7-501a-46bf-8836-661379d194d6.jpg 1920w\" sizes=\"auto, (max-width: 208px) 100vw, 208px\" \/><\/a>BELLUNO<\/strong> Torna live Marco dal Farra al teatro San Gaetano di Castion presenta\u00a0 il suo nuovo singolo all&#8217;interno del concerto<\/p>\n<audio class=\"wp-audio-shortcode\" id=\"audio-269610-11\" preload=\"none\" style=\"width: 100%;\" controls=\"controls\"><source type=\"audio\/mpeg\" src=\"https:\/\/www.radiopiu.net\/wordpress\/wp-content\/uploads\/2022\/03\/MARCO-DAL-FARRA.mp3?_=11\" \/><a href=\"https:\/\/www.radiopiu.net\/wordpress\/wp-content\/uploads\/2022\/03\/MARCO-DAL-FARRA.mp3\">https:\/\/www.radiopiu.net\/wordpress\/wp-content\/uploads\/2022\/03\/MARCO-DAL-FARRA.mp3<\/a><\/audio>\n<p>&nbsp;<\/p>\n<p><strong>PER GUARDARE IL VIDEO DA FACEBOOK <a href=\"https:\/\/www.facebook.com\/marco.baghy.1\/videos\/971346220184033\">CLICCA QUI<\/a><\/strong><\/p>\n<p>&nbsp;<\/p>\n<p><strong>LA FOTOGALLERY<\/strong><\/p>\n\n\t\t\t<style type='text\/css'>\n\t\t\t\t#gallery-5 {\n\t\t\t\t\tmargin: auto;\n\t\t\t\t}\n\t\t\t\t#gallery-5 .gallery-item {\n\t\t\t\t\tfloat: left;\n\t\t\t\t\tmargin-top: 10px;\n\t\t\t\t\ttext-align: center;\n\t\t\t\t\twidth: 25%;\n\t\t\t\t}\n\t\t\t\t#gallery-5 img {\n\t\t\t\t\tborder: 2px solid #cfcfcf;\n\t\t\t\t}\n\t\t\t\t#gallery-5 .gallery-caption {\n\t\t\t\t\tmargin-left: 0;\n\t\t\t\t}\n\t\t\t\t\/* see gallery_shortcode() in wp-includes\/media.php *\/\n\t\t\t<\/style>\n\t\t<div id='gallery-5' class='dt-gallery-container gallery galleryid-269610 gallery-columns-4 gallery-size-thumbnail'><dl class='gallery-item'>\n\t\t\t\t<dt class='gallery-icon landscape'>\n\t\t\t\t\t<a class=\"rollover\" href='https:\/\/www.radiopiu.net\/wordpress\/marco-dal-farra-live-a-castion\/7fe5fad1-f798-49a1-bcb5-c3890e4e58dc\/'><img loading=\"lazy\" decoding=\"async\" width=\"150\" height=\"150\" src=\"https:\/\/www.radiopiu.net\/wordpress\/wp-content\/uploads\/2022\/04\/7fe5fad1-f798-49a1-bcb5-c3890e4e58dc-150x150.jpg\" class=\"attachment-thumbnail size-thumbnail\" alt=\"\" \/><\/a>\n\t\t\t\t<\/dt><\/dl><dl class='gallery-item'>\n\t\t\t\t<dt class='gallery-icon landscape'>\n\t\t\t\t\t<a class=\"rollover\" href='https:\/\/www.radiopiu.net\/wordpress\/marco-dal-farra-live-a-castion\/334cd825-2229-4610-a5fb-c2a64f1ecf7e\/'><img loading=\"lazy\" decoding=\"async\" width=\"150\" height=\"150\" src=\"https:\/\/www.radiopiu.net\/wordpress\/wp-content\/uploads\/2022\/04\/334cd825-2229-4610-a5fb-c2a64f1ecf7e-150x150.jpg\" class=\"attachment-thumbnail size-thumbnail\" alt=\"\" \/><\/a>\n\t\t\t\t<\/dt><\/dl><dl class='gallery-item'>\n\t\t\t\t<dt class='gallery-icon landscape'>\n\t\t\t\t\t<a class=\"rollover\" href='https:\/\/www.radiopiu.net\/wordpress\/marco-dal-farra-live-a-castion\/9c170293-d674-487e-9c66-e47b346f753d\/'><img loading=\"lazy\" decoding=\"async\" width=\"150\" height=\"150\" src=\"https:\/\/www.radiopiu.net\/wordpress\/wp-content\/uploads\/2022\/04\/9c170293-d674-487e-9c66-e47b346f753d-150x150.jpg\" class=\"attachment-thumbnail size-thumbnail\" alt=\"\" \/><\/a>\n\t\t\t\t<\/dt><\/dl><dl class='gallery-item'>\n\t\t\t\t<dt class='gallery-icon landscape'>\n\t\t\t\t\t<a class=\"rollover\" href='https:\/\/www.radiopiu.net\/wordpress\/marco-dal-farra-live-a-castion\/84dfb2a6-a201-4171-bbf7-46c9df0da887\/'><img loading=\"lazy\" decoding=\"async\" width=\"150\" height=\"150\" src=\"https:\/\/www.radiopiu.net\/wordpress\/wp-content\/uploads\/2022\/04\/84dfb2a6-a201-4171-bbf7-46c9df0da887-150x150.jpg\" class=\"attachment-thumbnail size-thumbnail\" alt=\"\" \/><\/a>\n\t\t\t\t<\/dt><\/dl><br style=\"clear: both\" \/><dl class='gallery-item'>\n\t\t\t\t<dt class='gallery-icon landscape'>\n\t\t\t\t\t<a class=\"rollover\" href='https:\/\/www.radiopiu.net\/wordpress\/marco-dal-farra-live-a-castion\/f8b83d1d-0cb1-4167-ba55-52cdf1187225\/'><img loading=\"lazy\" decoding=\"async\" width=\"150\" height=\"150\" src=\"https:\/\/www.radiopiu.net\/wordpress\/wp-content\/uploads\/2022\/04\/f8b83d1d-0cb1-4167-ba55-52cdf1187225-150x150.jpg\" class=\"attachment-thumbnail size-thumbnail\" alt=\"\" \/><\/a>\n\t\t\t\t<\/dt><\/dl><dl class='gallery-item'>\n\t\t\t\t<dt class='gallery-icon landscape'>\n\t\t\t\t\t<a class=\"rollover\" href='https:\/\/www.radiopiu.net\/wordpress\/marco-dal-farra-live-a-castion\/2afcb653-bb2b-4104-aca7-221c80fff38b\/'><img loading=\"lazy\" decoding=\"async\" width=\"150\" height=\"150\" src=\"https:\/\/www.radiopiu.net\/wordpress\/wp-content\/uploads\/2022\/04\/2afcb653-bb2b-4104-aca7-221c80fff38b-150x150.jpg\" class=\"attachment-thumbnail size-thumbnail\" alt=\"\" \/><\/a>\n\t\t\t\t<\/dt><\/dl><dl class='gallery-item'>\n\t\t\t\t<dt class='gallery-icon landscape'>\n\t\t\t\t\t<a class=\"rollover\" href='https:\/\/www.radiopiu.net\/wordpress\/marco-dal-farra-live-a-castion\/0860838d-c6e6-4559-a588-5f1ad2279b3d\/'><img loading=\"lazy\" decoding=\"async\" width=\"150\" height=\"150\" src=\"https:\/\/www.radiopiu.net\/wordpress\/wp-content\/uploads\/2022\/04\/0860838d-c6e6-4559-a588-5f1ad2279b3d-150x150.jpg\" class=\"attachment-thumbnail size-thumbnail\" alt=\"\" \/><\/a>\n\t\t\t\t<\/dt><\/dl><dl class='gallery-item'>\n\t\t\t\t<dt class='gallery-icon landscape'>\n\t\t\t\t\t<a class=\"rollover\" href='https:\/\/www.radiopiu.net\/wordpress\/marco-dal-farra-live-a-castion\/fce6301b-87f7-4d4d-9c4e-084647bb2944\/'><img loading=\"lazy\" decoding=\"async\" width=\"150\" height=\"150\" src=\"https:\/\/www.radiopiu.net\/wordpress\/wp-content\/uploads\/2022\/04\/fce6301b-87f7-4d4d-9c4e-084647bb2944-150x150.jpg\" class=\"attachment-thumbnail size-thumbnail\" alt=\"\" \/><\/a>\n\t\t\t\t<\/dt><\/dl><br style=\"clear: both\" \/><dl class='gallery-item'>\n\t\t\t\t<dt class='gallery-icon landscape'>\n\t\t\t\t\t<a class=\"rollover\" href='https:\/\/www.radiopiu.net\/wordpress\/marco-dal-farra-live-a-castion\/2f280e59-37a7-45d6-90fd-e0b35a8abcd1\/'><img loading=\"lazy\" decoding=\"async\" width=\"150\" height=\"150\" src=\"https:\/\/www.radiopiu.net\/wordpress\/wp-content\/uploads\/2022\/04\/2f280e59-37a7-45d6-90fd-e0b35a8abcd1-150x150.jpg\" class=\"attachment-thumbnail size-thumbnail\" alt=\"\" \/><\/a>\n\t\t\t\t<\/dt><\/dl><dl class='gallery-item'>\n\t\t\t\t<dt class='gallery-icon landscape'>\n\t\t\t\t\t<a class=\"rollover\" href='https:\/\/www.radiopiu.net\/wordpress\/marco-dal-farra-live-a-castion\/6216621e-6346-42a7-8b38-c55f26acf61d\/'><img loading=\"lazy\" decoding=\"async\" width=\"150\" height=\"150\" src=\"https:\/\/www.radiopiu.net\/wordpress\/wp-content\/uploads\/2022\/04\/6216621e-6346-42a7-8b38-c55f26acf61d-150x150.jpg\" class=\"attachment-thumbnail size-thumbnail\" alt=\"\" \/><\/a>\n\t\t\t\t<\/dt><\/dl><dl class='gallery-item'>\n\t\t\t\t<dt class='gallery-icon landscape'>\n\t\t\t\t\t<a class=\"rollover\" href='https:\/\/www.radiopiu.net\/wordpress\/marco-dal-farra-live-a-castion\/8dd7a390-db50-4bcb-b5f8-0fdde4806692\/'><img loading=\"lazy\" decoding=\"async\" width=\"150\" height=\"150\" src=\"https:\/\/www.radiopiu.net\/wordpress\/wp-content\/uploads\/2022\/04\/8dd7a390-db50-4bcb-b5f8-0fdde4806692-150x150.jpg\" class=\"attachment-thumbnail size-thumbnail\" alt=\"\" \/><\/a>\n\t\t\t\t<\/dt><\/dl><dl class='gallery-item'>\n\t\t\t\t<dt class='gallery-icon landscape'>\n\t\t\t\t\t<a class=\"rollover\" href='https:\/\/www.radiopiu.net\/wordpress\/marco-dal-farra-live-a-castion\/9620c551-c190-4659-961c-d8a58ee804cd\/'><img loading=\"lazy\" decoding=\"async\" width=\"150\" height=\"150\" src=\"https:\/\/www.radiopiu.net\/wordpress\/wp-content\/uploads\/2022\/04\/9620c551-c190-4659-961c-d8a58ee804cd-150x150.jpg\" class=\"attachment-thumbnail size-thumbnail\" alt=\"\" \/><\/a>\n\t\t\t\t<\/dt><\/dl><br style=\"clear: both\" \/>\n\t\t\t<\/div>\n\n<p>&nbsp;<\/p>\n<hr \/>\n<p>&nbsp;<\/p>\n<blockquote>\n<h3><a class=\"dt-pswp-item\" href=\"https:\/\/www.radiopiu.net\/wordpress\/wp-content\/uploads\/2022\/04\/Schermata-2022-04-07-alle-15.54.14.png\" data-dt-img-description=\"\" data-large_image_width=\"1068\" data-large_image_height=\"1062\"><img loading=\"lazy\" decoding=\"async\" class=\"wp-image-269336 alignleft\" src=\"https:\/\/www.radiopiu.net\/wordpress\/wp-content\/uploads\/2022\/04\/Schermata-2022-04-07-alle-15.54.14-300x298.png\" alt=\"\" width=\"125\" height=\"124\" srcset=\"https:\/\/www.radiopiu.net\/wordpress\/wp-content\/uploads\/2022\/04\/Schermata-2022-04-07-alle-15.54.14-300x298.png 300w, https:\/\/www.radiopiu.net\/wordpress\/wp-content\/uploads\/2022\/04\/Schermata-2022-04-07-alle-15.54.14-1024x1018.png 1024w, https:\/\/www.radiopiu.net\/wordpress\/wp-content\/uploads\/2022\/04\/Schermata-2022-04-07-alle-15.54.14-150x150.png 150w, https:\/\/www.radiopiu.net\/wordpress\/wp-content\/uploads\/2022\/04\/Schermata-2022-04-07-alle-15.54.14-768x764.png 768w, https:\/\/www.radiopiu.net\/wordpress\/wp-content\/uploads\/2022\/04\/Schermata-2022-04-07-alle-15.54.14.png 1068w\" sizes=\"auto, (max-width: 125px) 100vw, 125px\" \/><\/a>RICCARDO HA LA NUOVA AUTO, IL GRAZIE ALLA SOLIDARIETA&#8217; DEI BELLUNESI<\/h3>\n<\/blockquote>\n<p><strong>IL MESSAGGIO DI AGOSTINO E RICCARDO TEGNER<\/strong><\/p>\n<audio class=\"wp-audio-shortcode\" id=\"audio-269610-12\" preload=\"none\" style=\"width: 100%;\" controls=\"controls\"><source type=\"audio\/mpeg\" src=\"https:\/\/www.radiopiu.net\/wordpress\/wp-content\/uploads\/2022\/04\/AGOSTINO-E-RICCARDO-TEGENR.mp3?_=12\" \/><a href=\"https:\/\/www.radiopiu.net\/wordpress\/wp-content\/uploads\/2022\/04\/AGOSTINO-E-RICCARDO-TEGENR.mp3\">https:\/\/www.radiopiu.net\/wordpress\/wp-content\/uploads\/2022\/04\/AGOSTINO-E-RICCARDO-TEGENR.mp3<\/a><\/audio>\n<p>&nbsp;<\/p>\n<p>&nbsp;<\/p>\n<hr \/>\n<p>&nbsp;<\/p>\n<h2><span style=\"color: #ff6600;\">IL TRAILER DEL FILM &#8220;MALACARNE&#8221; DI LUCIA ZANETTIN<\/span><\/h2>\n<p><iframe loading=\"lazy\" title=\"Trailer Malacarne\" width=\"1200\" height=\"675\" src=\"https:\/\/www.youtube.com\/embed\/_oB79E3K7e8?feature=oembed\" frameborder=\"0\" allow=\"accelerometer; autoplay; clipboard-write; encrypted-media; gyroscope; picture-in-picture\" allowfullscreen><\/iframe><\/p>\n<p>&nbsp;<\/p>\n<hr \/>\n<p>&nbsp;<\/p>\n<h2><span style=\"color: #ff0000;\">IERI ALLA RADIO<\/span><\/h2>\n<h2><strong><a class=\"dt-pswp-item\" href=\"https:\/\/www.radiopiu.net\/wordpress\/wp-content\/uploads\/2020\/12\/DON-GIORGIO-LISE.jpg\" data-dt-img-description=\"\" data-large_image_width=\"1600\" data-large_image_height=\"901\"><img loading=\"lazy\" decoding=\"async\" class=\"size-medium wp-image-177420 alignleft\" src=\"https:\/\/www.radiopiu.net\/wordpress\/wp-content\/uploads\/2020\/12\/DON-GIORGIO-LISE-300x169.jpg\" alt=\"\" width=\"300\" height=\"169\" srcset=\"https:\/\/www.radiopiu.net\/wordpress\/wp-content\/uploads\/2020\/12\/DON-GIORGIO-LISE-300x169.jpg 300w, https:\/\/www.radiopiu.net\/wordpress\/wp-content\/uploads\/2020\/12\/DON-GIORGIO-LISE-1024x577.jpg 1024w, https:\/\/www.radiopiu.net\/wordpress\/wp-content\/uploads\/2020\/12\/DON-GIORGIO-LISE-768x432.jpg 768w, https:\/\/www.radiopiu.net\/wordpress\/wp-content\/uploads\/2020\/12\/DON-GIORGIO-LISE-1536x865.jpg 1536w, https:\/\/www.radiopiu.net\/wordpress\/wp-content\/uploads\/2020\/12\/DON-GIORGIO-LISE.jpg 1600w\" sizes=\"auto, (max-width: 300px) 100vw, 300px\" \/><\/a><span style=\"color: #800080;\">DUE MINUTI PER TE<\/span><\/strong><\/h2>\n<p><strong>APPUNTAMENTO DELLA DOMENICA CON DON GIORGIO LISE<\/strong><\/p>\n<audio class=\"wp-audio-shortcode\" id=\"audio-269610-13\" preload=\"none\" style=\"width: 100%;\" controls=\"controls\"><source type=\"audio\/mpeg\" src=\"https:\/\/www.radiopiu.net\/wordpress\/wp-content\/uploads\/2022\/04\/DON-GIORGIO-1.mp3?_=13\" \/><a href=\"https:\/\/www.radiopiu.net\/wordpress\/wp-content\/uploads\/2022\/04\/DON-GIORGIO-1.mp3\">https:\/\/www.radiopiu.net\/wordpress\/wp-content\/uploads\/2022\/04\/DON-GIORGIO-1.mp3<\/a><\/audio>\n<p>&nbsp;<\/p>\n<hr \/>\n<p>&nbsp;<\/p>\n<div>\n<div class=\"b654a4as d2edcug0\">\n<div class=\"rq0escxv hkbzh7o3 jwdofwj8 n8tt0mok r8blr3vg hyh9befq\">\n<p><a class=\"dt-pswp-item\" href=\"https:\/\/www.radiopiu.net\/wordpress\/wp-content\/uploads\/2020\/10\/pp.jpg\" data-dt-img-description=\"\" data-large_image_width=\"640\" data-large_image_height=\"640\"><img loading=\"lazy\" decoding=\"async\" class=\"wp-image-163678 alignleft\" src=\"https:\/\/www.radiopiu.net\/wordpress\/wp-content\/uploads\/2020\/10\/pp-300x300.jpg\" alt=\"\" width=\"106\" height=\"106\" srcset=\"https:\/\/www.radiopiu.net\/wordpress\/wp-content\/uploads\/2020\/10\/pp-300x300.jpg 300w, https:\/\/www.radiopiu.net\/wordpress\/wp-content\/uploads\/2020\/10\/pp-150x150.jpg 150w, https:\/\/www.radiopiu.net\/wordpress\/wp-content\/uploads\/2020\/10\/pp-125x125.jpg 125w, https:\/\/www.radiopiu.net\/wordpress\/wp-content\/uploads\/2020\/10\/pp-200x200.jpg 200w, https:\/\/www.radiopiu.net\/wordpress\/wp-content\/uploads\/2020\/10\/pp-80x80.jpg 80w, https:\/\/www.radiopiu.net\/wordpress\/wp-content\/uploads\/2020\/10\/pp-480x480.jpg 480w, https:\/\/www.radiopiu.net\/wordpress\/wp-content\/uploads\/2020\/10\/pp.jpg 640w\" sizes=\"auto, (max-width: 106px) 100vw, 106px\" \/><\/a><\/p>\n<\/div>\n<\/div>\n<\/div>\n<div>\n<div class=\"page-title-head hgroup\">\n<div class=\"page-title-head hgroup\">\n<div class=\"b654a4as d2edcug0\">\n<div class=\"j83agx80 btwxx1t3 lhclo0ds hop8lmos nkwizq5d scwd0bx6 roh60bw9\">\n<div class=\"rq0escxv hkbzh7o3 jwdofwj8 n8tt0mok r8blr3vg hyh9befq\">\n<div class=\"do00u71z l9j0dhe7 k4urcfbm\">\n<h2><span style=\"color: #000080;\">DON CESARE, IL PENSIERO DEL GIORNO. ALLA RADIO ALLE 7 DEL MATTINO E ALLE 19.30 DELLA SERA.\u00a0<\/span><\/h2>\n<audio class=\"wp-audio-shortcode\" id=\"audio-269610-14\" preload=\"none\" style=\"width: 100%;\" controls=\"controls\"><source type=\"audio\/mpeg\" src=\"https:\/\/www.radiopiu.net\/wordpress\/wp-content\/uploads\/2022\/04\/CESARE-2.mp3?_=14\" \/><a href=\"https:\/\/www.radiopiu.net\/wordpress\/wp-content\/uploads\/2022\/04\/CESARE-2.mp3\">https:\/\/www.radiopiu.net\/wordpress\/wp-content\/uploads\/2022\/04\/CESARE-2.mp3<\/a><\/audio>\n<\/div>\n<\/div>\n<\/div>\n<\/div>\n<\/div>\n<\/div>\n<\/div>\n<p>&nbsp;<\/p>\n<p>&nbsp;<\/p>\n<hr \/>\n<p>&nbsp;<\/p>\n<h3 class=\"kvgmc6g5 cxmmr5t8 oygrvhab hcukyx3x c1et5uql\"><span style=\"color: #0000ff;\"><strong>INFORMAZIONE il canale su TELEGRAM informazione di prima mano e in tempo reale. iscriviti ed aiutaci a farlo conoscere\u00a0 \u00a0<\/strong><\/span><\/h3>\n<p><strong>LA RACCOLTA COMPLETA\u00a0<\/strong><\/p>\n<blockquote class=\"wp-embedded-content\" data-secret=\"KCWWqh4OlP\"><p><a href=\"https:\/\/www.radiopiu.net\/wordpress\/007incondotta-9\/\">007 in condotta<\/a><\/p><\/blockquote>\n<p><iframe loading=\"lazy\" class=\"wp-embedded-content\" sandbox=\"allow-scripts\" security=\"restricted\" style=\"position: absolute; clip: rect(1px, 1px, 1px, 1px);\" title=\"&#8220;007 in condotta&#8221; &#8212; Radio Pi\u00f9\" src=\"https:\/\/www.radiopiu.net\/wordpress\/007incondotta-9\/embed\/#?secret=07o90ahtyo#?secret=KCWWqh4OlP\" data-secret=\"KCWWqh4OlP\" width=\"600\" height=\"338\" frameborder=\"0\" marginwidth=\"0\" marginheight=\"0\" scrolling=\"no\"><\/iframe><\/p>\n<p>&nbsp;<\/p>\n<hr \/>\n<p>&nbsp;<\/p>\n<div class=\"do00u71z l9j0dhe7 k4urcfbm\">\n<div class=\"page-title-head hgroup\">\n<div class=\"page-title-head hgroup\">\n<div class=\"b654a4as d2edcug0\">\n<div class=\"j83agx80 btwxx1t3 lhclo0ds hop8lmos nkwizq5d scwd0bx6 roh60bw9\">\n<div class=\"rq0escxv hkbzh7o3 jwdofwj8 n8tt0mok r8blr3vg hyh9befq\">\n<div class=\"do00u71z l9j0dhe7 k4urcfbm\">\n<div class=\"page-title-head hgroup\">\n<div class=\"page-title-head hgroup\">\n<div class=\"b654a4as d2edcug0\">\n<div class=\"j83agx80 btwxx1t3 lhclo0ds hop8lmos nkwizq5d scwd0bx6 roh60bw9\">\n<div class=\"rq0escxv hkbzh7o3 jwdofwj8 n8tt0mok r8blr3vg hyh9befq\">\n<div class=\"do00u71z l9j0dhe7 k4urcfbm\">\n<div class=\"ecm0bbzt e5nlhep0 a8c37x1j\">\n<div class=\"kvgmc6g5 cxmmr5t8 oygrvhab hcukyx3x c1et5uql\">\n<div class=\"gmail-kvgmc6g5 gmail-cxmmr5t8 gmail-oygrvhab gmail-hcukyx3x gmail-c1et5uql gmail-ii04i59q\">\n<div class=\"page-title-head hgroup\">\n<div class=\"page-title-head hgroup\">\n<div class=\"b654a4as d2edcug0\">\n<div class=\"j83agx80 btwxx1t3 lhclo0ds hop8lmos nkwizq5d scwd0bx6 roh60bw9\">\n<div class=\"rq0escxv hkbzh7o3 jwdofwj8 n8tt0mok r8blr3vg hyh9befq\">\n<div class=\"do00u71z l9j0dhe7 k4urcfbm\">\n<div class=\"page-title-head hgroup\">\n<div class=\"page-title-head hgroup\">\n<div class=\"b654a4as d2edcug0\">\n<div class=\"j83agx80 btwxx1t3 lhclo0ds hop8lmos nkwizq5d scwd0bx6 roh60bw9\">\n<div class=\"rq0escxv hkbzh7o3 jwdofwj8 n8tt0mok r8blr3vg hyh9befq\">\n<div class=\"do00u71z l9j0dhe7 k4urcfbm\">\n<div class=\"page-title-head hgroup\">\n<div class=\"page-title-head hgroup\">\n<div class=\"b654a4as d2edcug0\">\n<div class=\"j83agx80 btwxx1t3 lhclo0ds hop8lmos nkwizq5d scwd0bx6 roh60bw9\">\n<div class=\"rq0escxv hkbzh7o3 jwdofwj8 n8tt0mok r8blr3vg hyh9befq\">\n<div class=\"do00u71z l9j0dhe7 k4urcfbm\">\n<div class=\"ecm0bbzt e5nlhep0 a8c37x1j\">\n<div class=\"kvgmc6g5 cxmmr5t8 oygrvhab hcukyx3x c1et5uql\">\n<div class=\"gmail-kvgmc6g5 gmail-cxmmr5t8 gmail-oygrvhab gmail-hcukyx3x gmail-c1et5uql gmail-ii04i59q\">\n<div class=\"page-title-head hgroup\">\n<div class=\"page-title-head hgroup\">\n<div class=\"b654a4as d2edcug0\">\n<div class=\"j83agx80 btwxx1t3 lhclo0ds hop8lmos nkwizq5d scwd0bx6 roh60bw9\">\n<div class=\"rq0escxv hkbzh7o3 jwdofwj8 n8tt0mok r8blr3vg hyh9befq\">\n<div class=\"do00u71z l9j0dhe7 k4urcfbm\">\n<blockquote>\n<h3><span style=\"color: #ff0000;\">IN VIVO VERSO, SETTIMA STAGIONE CON BRUNELLA MORO, DAL LUNEDI AL VENERDI ALLE 7.10, 10.10 E 18.50\u00a0\u00a0<\/span><\/h3>\n<\/blockquote>\n<p>&nbsp;<\/p>\n<p><strong>LA RACCOLTA COMPLETA\u00a0<\/strong><\/p>\n<blockquote class=\"wp-embedded-content\" data-secret=\"OaZuI3kBV2\"><p><a href=\"https:\/\/www.radiopiu.net\/wordpress\/in-vivo-verso\/\">In Vivo Verso<\/a><\/p><\/blockquote>\n<p><iframe loading=\"lazy\" class=\"wp-embedded-content\" sandbox=\"allow-scripts\" security=\"restricted\" style=\"position: absolute; clip: rect(1px, 1px, 1px, 1px);\" title=\"&#8220;In Vivo Verso&#8221; &#8212; Radio Pi\u00f9\" src=\"https:\/\/www.radiopiu.net\/wordpress\/in-vivo-verso\/embed\/#?secret=pPZMHDbZ4L#?secret=OaZuI3kBV2\" data-secret=\"OaZuI3kBV2\" width=\"600\" height=\"338\" frameborder=\"0\" marginwidth=\"0\" marginheight=\"0\" scrolling=\"no\"><\/iframe><\/p>\n<p>&nbsp;<\/p>\n<hr \/>\n<p>&nbsp;<\/p>\n<h2><span style=\"color: #808000;\">GOCCE DI FILOSOFIA<\/span><\/h2>\n<p><strong>LA RACCOLTA COMPLETA<\/strong><\/p>\n<blockquote class=\"wp-embedded-content\" data-secret=\"lTRokw9vIm\"><p><a href=\"https:\/\/www.radiopiu.net\/wordpress\/gocce-filosofia\/\">Gocce di filosofia, PRIMA E SECONDA STAGIONE 2022<\/a><\/p><\/blockquote>\n<p><iframe loading=\"lazy\" class=\"wp-embedded-content\" sandbox=\"allow-scripts\" security=\"restricted\" style=\"position: absolute; clip: rect(1px, 1px, 1px, 1px);\" title=\"&#8220;Gocce di filosofia, PRIMA E SECONDA STAGIONE 2022&#8221; &#8212; Radio Pi\u00f9\" src=\"https:\/\/www.radiopiu.net\/wordpress\/gocce-filosofia\/embed\/#?secret=aPLhhYSpQa#?secret=lTRokw9vIm\" data-secret=\"lTRokw9vIm\" width=\"600\" height=\"338\" frameborder=\"0\" marginwidth=\"0\" marginheight=\"0\" scrolling=\"no\"><\/iframe><\/p>\n<p>&nbsp;<\/p>\n<hr \/>\n<p>&nbsp;<\/p>\n<p><span style=\"color: #0000ff;\">MUSICA PIU&#8217;\u00a0<\/span><\/p>\n<p><a href=\"https:\/\/www.radiopiu.net\/wordpress\/giornale-radiopiu-20-settembre-2021-direttore-mirko-mezzacasa\/pp-79\/\" rel=\"attachment wp-att-232921\"><img loading=\"lazy\" decoding=\"async\" class=\"wp-image-232921 alignleft\" src=\"https:\/\/www.radiopiu.net\/wordpress\/wp-content\/uploads\/2021\/09\/pp-1-300x300.jpg\" alt=\"\" width=\"135\" height=\"135\" srcset=\"https:\/\/www.radiopiu.net\/wordpress\/wp-content\/uploads\/2021\/09\/pp-1-300x300.jpg 300w, https:\/\/www.radiopiu.net\/wordpress\/wp-content\/uploads\/2021\/09\/pp-1-150x150.jpg 150w, https:\/\/www.radiopiu.net\/wordpress\/wp-content\/uploads\/2021\/09\/pp-1.jpg 640w\" sizes=\"auto, (max-width: 135px) 100vw, 135px\" \/><\/a><\/p>\n<div class=\"mkdf-post-text\">\n<div class=\"mkdf-post-text-inner\">\n<div class=\"mkdf-post-text-main\">\n<div class=\"mkdf-post-text\">\n<div class=\"mkdf-post-text-inner\">\n<div class=\"mkdf-post-text-main\">\n<div class=\"mkdf-post-text\">\n<div class=\"mkdf-post-text-inner\">\n<div class=\"mkdf-post-text-main\">\n<div class=\"page-title-head hgroup\">\n<div class=\"page-title-head hgroup\">\n<div class=\"mkdf-post-text\">\n<div class=\"mkdf-post-text-inner\">\n<div class=\"mkdf-post-text-main\">\n<div class=\"mkdf-post-text\">\n<div class=\"mkdf-post-text-inner\">\n<div class=\"mkdf-post-text-main\">\n<div class=\"page-title-head hgroup\">\n<div class=\"page-title-head hgroup\">\n<div class=\"page-title-head hgroup\">\n<div class=\"page-title-head hgroup\">\n<div class=\"b654a4as d2edcug0\">\n<div class=\"page-title-head hgroup\">\n<div class=\"page-title-head hgroup\">\n<div class=\"page-title-head hgroup\">\n<div class=\"page-title-head hgroup\">\n<div class=\"b654a4as d2edcug0\">\n<div class=\"page-title-head hgroup\">\n<div class=\"page-title-head hgroup\">\n<div class=\"page-title-head hgroup\">\n<div class=\"page-title-head hgroup\">\n<div class=\"b654a4as d2edcug0\">\n<div class=\"mkdf-post-text\">\n<div class=\"mkdf-post-text-inner\">\n<div class=\"mkdf-post-text-main\">\n<div class=\"mkdf-post-text\">\n<div class=\"mkdf-post-text-inner\">\n<div class=\"mkdf-post-text-main\">\n<div class=\"mkdf-post-text\">\n<div class=\"mkdf-post-text-inner\">\n<div class=\"mkdf-post-text-main\">\n<div class=\"page-title-head hgroup\">\n<div class=\"page-title-head hgroup\">\n<div class=\"mkdf-post-text\">\n<div class=\"mkdf-post-text-inner\">\n<div class=\"mkdf-post-text-main\">\n<div class=\"mkdf-post-text\">\n<div class=\"mkdf-post-text-inner\">\n<div class=\"mkdf-post-text-main\">\n<div class=\"page-title-head hgroup\">\n<div class=\"page-title-head hgroup\">\n<div class=\"page-title-head hgroup\">\n<div class=\"page-title-head hgroup\">\n<div class=\"b654a4as d2edcug0\">\n<div class=\"page-title-head hgroup\">\n<div class=\"page-title-head hgroup\">\n<div class=\"page-title-head hgroup\">\n<div class=\"page-title-head hgroup\">\n<div class=\"b654a4as d2edcug0\">\n<div class=\"page-title-head hgroup\">\n<div class=\"page-title-head hgroup\">\n<div class=\"page-title-head hgroup\">\n<div class=\"page-title-head hgroup\">\n<div class=\"b654a4as d2edcug0\">\n<div><\/div>\n<div><\/div>\n<div>\n<p><strong>MUSICA ALLA RADIO, IL PROGRAMMA DI LORIS SCUSSEL &#8220;COLLAGE OPERAZIONE NOSTALGIA&#8221; DAL LUNEDI AL VENERDI ALLE 16.00\u00a0 E ALLE 23\u00a0<\/strong><\/p>\n<p>&nbsp;<\/p>\n<\/div>\n<p>&nbsp;<\/p>\n<p>&nbsp;<\/p>\n<p><strong><a class=\"dt-pswp-item\" href=\"https:\/\/www.radiopiu.net\/wordpress\/wp-content\/uploads\/2022\/04\/Santana.jpg\" data-dt-img-description=\"\" data-large_image_width=\"223\" data-large_image_height=\"226\"><img loading=\"lazy\" decoding=\"async\" class=\"size-thumbnail wp-image-269805 alignleft\" src=\"https:\/\/www.radiopiu.net\/wordpress\/wp-content\/uploads\/2022\/04\/Santana-150x150.jpg\" alt=\"\" width=\"150\" height=\"150\" \/><\/a>di Loris Scussel<\/strong><\/p>\n<p>Collage aprir\u00e0 la settimana con canzoni di speranza come \u201clove me please love me\u201d\u00a0 \u201ccercate di abbracciare tutto il mondo come noi\u201d e \u201c\u00e8 scoppiata la pace\u201d, marted\u00ec e venerd\u00ec puntate dedicate alla musica internazionale, mercoled\u00ec il tema della trasmissione sar\u00e0 goodbye e arrivederci mentre gioved\u00ec vi faremo ascoltare alcuni artisti che purtroppo non sono mai riuscito ad ascoltare dal vivo. Collage andr\u00e0 in onda dal luned\u00ec al venerd\u00ec alle 16 e alle 23.<\/p>\n<p>&nbsp;<\/p>\n<p>&nbsp;<\/p>\n<hr \/>\n<p>&nbsp;<\/p>\n<h2><span style=\"color: #0000ff;\">SALUTE &amp; SOCIETA&#8217;<\/span><\/h2>\n<p><strong>LA RACCOLTA COMPLETA<\/strong><\/p>\n<blockquote class=\"wp-embedded-content\" data-secret=\"U1gQroIoAJ\"><p><a href=\"https:\/\/www.radiopiu.net\/wordpress\/saluteesocieta\/\">Salute e Societ\u00e0<\/a><\/p><\/blockquote>\n<p><iframe loading=\"lazy\" class=\"wp-embedded-content\" sandbox=\"allow-scripts\" security=\"restricted\" style=\"position: absolute; clip: rect(1px, 1px, 1px, 1px);\" title=\"&#8220;Salute e Societ\u00e0&#8221; &#8212; Radio Pi\u00f9\" src=\"https:\/\/www.radiopiu.net\/wordpress\/saluteesocieta\/embed\/#?secret=RXZitgDgOV#?secret=U1gQroIoAJ\" data-secret=\"U1gQroIoAJ\" width=\"600\" height=\"338\" frameborder=\"0\" marginwidth=\"0\" marginheight=\"0\" scrolling=\"no\"><\/iframe><\/p>\n<p>&nbsp;<\/p>\n<hr \/>\n<\/div>\n<\/div>\n<\/div>\n<\/div>\n<\/div>\n<\/div>\n<\/div>\n<\/div>\n<\/div>\n<\/div>\n<\/div>\n<\/div>\n<\/div>\n<\/div>\n<\/div>\n<\/div>\n<\/div>\n<\/div>\n<\/div>\n<\/div>\n<\/div>\n<\/div>\n<\/div>\n<\/div>\n<\/div>\n<\/div>\n<\/div>\n<\/div>\n<\/div>\n<\/div>\n<\/div>\n<\/div>\n<\/div>\n<\/div>\n<\/div>\n<\/div>\n<\/div>\n<\/div>\n<\/div>\n<\/div>\n<\/div>\n<\/div>\n<\/div>\n<\/div>\n<\/div>\n<\/div>\n<\/div>\n<\/div>\n<\/div>\n<\/div>\n<\/div>\n<\/div>\n<\/div>\n<\/div>\n<\/div>\n<\/div>\n<\/div>\n<\/div>\n<\/div>\n<\/div>\n<\/div>\n<\/div>\n<\/div>\n<\/div>\n<p>&nbsp;<\/p>\n<blockquote>\n<h3><span style=\"color: #0000ff;\">INFORMAZIONE il canale su TELEGRAM informazione di prima mano e in tempo reale. iscriviti ed aiutaci a farlo conoscere\u00a0\u00a0<\/span><\/h3>\n<\/blockquote>\n<div>\n<div class=\"page-title-head hgroup\">\n<div class=\"page-title-head hgroup\">\n<div class=\"page-title-head hgroup\">\n<div class=\"page-title-head hgroup\">\n<div class=\"b654a4as d2edcug0\">\n<div class=\"page-title-head hgroup\">\n<div class=\"page-title-head hgroup\">\n<div class=\"page-title-head hgroup\">\n<div class=\"page-title-head hgroup\">\n<div class=\"b654a4as d2edcug0\">\n<div class=\"page-title-head hgroup\">\n<div class=\"page-title-head hgroup\">\n<div class=\"page-title-head hgroup\">\n<div class=\"page-title-head hgroup\">\n<div class=\"page-title-head hgroup\">\n<div class=\"page-title-head hgroup\">\n<div class=\"page-title-head hgroup\">\n<div class=\"page-title-head hgroup\">\n<div class=\"page-title-head hgroup\">\n<div class=\"b654a4as d2edcug0\">\n<div class=\"page-title-head hgroup\">\n<div class=\"page-title-head hgroup\">\n<div class=\"page-title-head hgroup\">\n<div class=\"page-title-head hgroup\">\n<div class=\"b654a4as d2edcug0\">\n<div>\n<p>&nbsp;<\/p>\n<\/div>\n<div>\n<div class=\"page-title-head hgroup\">\n<div class=\"page-title-head hgroup\">\n<div class=\"page-title-head hgroup\">\n<div class=\"page-title-head hgroup\">\n<div class=\"page-title-head hgroup\">\n<div class=\"b654a4as d2edcug0\">\n<div>\n<hr \/>\n<\/div>\n<\/div>\n<div>\n<div>\n<p>&nbsp;<\/p>\n<\/div>\n<div>\n<div class=\"mkdf-post-text\">\n<div class=\"mkdf-post-text-inner\">\n<div class=\"mkdf-post-text-main\">\n<div class=\"mkdf-post-text\">\n<div class=\"mkdf-post-text-inner\">\n<div class=\"mkdf-post-text-main\">\n<div class=\"mkdf-post-text\">\n<div class=\"mkdf-post-text-inner\">\n<div class=\"mkdf-post-text-main\">\n<div class=\"page-title-head hgroup\">\n<div class=\"page-title-head hgroup\">\n<div class=\"mkdf-post-text\">\n<div class=\"mkdf-post-text-inner\">\n<div class=\"mkdf-post-text-main\">\n<div class=\"mkdf-post-text\">\n<div class=\"mkdf-post-text-inner\">\n<div class=\"mkdf-post-text-main\">\n<div class=\"page-title-head hgroup\">\n<div class=\"page-title-head hgroup\">\n<div class=\"page-title-head hgroup\">\n<div class=\"page-title-head hgroup\">\n<div class=\"b654a4as d2edcug0\">\n<div class=\"page-title-head hgroup\">\n<div class=\"page-title-head hgroup\">\n<div class=\"page-title-head hgroup\">\n<div class=\"page-title-head hgroup\">\n<div class=\"b654a4as d2edcug0\">\n<div class=\"page-title-head hgroup\">\n<div class=\"page-title-head hgroup\">\n<div class=\"page-title-head hgroup\">\n<div class=\"page-title-head hgroup\">\n<div>\n<div class=\"page-title-head hgroup\">\n<div class=\"page-title-head hgroup\">\n<div class=\"b654a4as d2edcug0\">\n<div class=\"j83agx80 btwxx1t3 lhclo0ds hop8lmos nkwizq5d scwd0bx6 roh60bw9\">\n<div class=\"rq0escxv hkbzh7o3 jwdofwj8 n8tt0mok r8blr3vg hyh9befq\">\n<div class=\"do00u71z l9j0dhe7 k4urcfbm\">\n<div class=\"ecm0bbzt e5nlhep0 a8c37x1j\">\n<div class=\"kvgmc6g5 cxmmr5t8 oygrvhab hcukyx3x c1et5uql\">\n<div class=\"gmail-kvgmc6g5 gmail-cxmmr5t8 gmail-oygrvhab gmail-hcukyx3x gmail-c1et5uql gmail-ii04i59q\">\n<div class=\"page-title-head hgroup\">\n<div class=\"page-title-head hgroup\">\n<div class=\"b654a4as d2edcug0\">\n<div class=\"j83agx80 btwxx1t3 lhclo0ds hop8lmos nkwizq5d scwd0bx6 roh60bw9\">\n<div class=\"rq0escxv hkbzh7o3 jwdofwj8 n8tt0mok r8blr3vg hyh9befq\">\n<div class=\"do00u71z l9j0dhe7 k4urcfbm\">\n<div class=\"page-title-head hgroup\">\n<div class=\"page-title-head hgroup\">\n<div class=\"page-title-head hgroup\">\n<div class=\"page-title-head hgroup\">\n<div class=\"b654a4as d2edcug0\">\n<div class=\"page-title-head hgroup\">\n<div class=\"page-title-head hgroup\">\n<div class=\"page-title-head hgroup\">\n<div class=\"page-title-head hgroup\">\n<div class=\"b654a4as d2edcug0\">\n<div class=\"page-title-head hgroup\">\n<div class=\"page-title-head hgroup\">\n<div class=\"page-title-head hgroup\">\n<div class=\"page-title-head hgroup\">\n<div class=\"page-title-head hgroup\">\n<div class=\"page-title-head hgroup\">\n<div class=\"page-title-head hgroup\">\n<div class=\"page-title-head hgroup\">\n<div class=\"page-title-head hgroup\">\n<div class=\"b654a4as d2edcug0\">\n<div class=\"page-title-head hgroup\">\n<div class=\"page-title-head hgroup\">\n<div class=\"page-title-head hgroup\">\n<div class=\"page-title-head hgroup\">\n<div class=\"b654a4as d2edcug0\">\n<div class=\"page-title-head hgroup\">\n<div class=\"page-title-head hgroup\">\n<div class=\"page-title-head hgroup\">\n<div class=\"page-title-head hgroup\">\n<div class=\"page-title-head hgroup\">\n<div class=\"mkdf-post-text\">\n<div class=\"mkdf-post-text-inner\">\n<div class=\"mkdf-post-text-main\">\n<div class=\"mkdf-post-text\">\n<div class=\"mkdf-post-text-inner\">\n<div class=\"mkdf-post-text-main\">\n<div class=\"mkdf-post-text\">\n<div class=\"mkdf-post-text-inner\">\n<div class=\"mkdf-post-text-main\">\n<div class=\"page-title-head hgroup\">\n<div class=\"page-title-head hgroup\">\n<div class=\"mkdf-post-text\">\n<div class=\"mkdf-post-text-inner\">\n<div class=\"mkdf-post-text-main\">\n<div class=\"mkdf-post-text\">\n<div class=\"mkdf-post-text-inner\">\n<div class=\"mkdf-post-text-main\">\n<div class=\"page-title-head hgroup\">\n<div class=\"page-title-head hgroup\">\n<div class=\"page-title-head hgroup\">\n<div class=\"page-title-head hgroup\">\n<div class=\"b654a4as d2edcug0\">\n<div class=\"page-title-head hgroup\">\n<div class=\"page-title-head hgroup\">\n<div class=\"page-title-head hgroup\">\n<div class=\"page-title-head hgroup\">\n<div class=\"b654a4as d2edcug0\">\n<div class=\"page-title-head hgroup\">\n<div class=\"page-title-head hgroup\">\n<div class=\"page-title-head hgroup\">\n<div class=\"page-title-head hgroup\">\n<div class=\"b654a4as d2edcug0\">\n<div>\n<div>\n<p><strong>DUE MINUTI UN LIBRO, TUTTI I GIORNI ALLA RADIO ALLE 9.40 E ALLE 17.50\u00a0\u00a0<\/strong><\/p>\n<div>\n<div>\n<p><strong>LA RACCOLTA COMPLETA\u00a0\u00a0<\/strong><\/p>\n<\/div>\n<\/div>\n<\/div>\n<div class=\"mkdf-post-text\">\n<div class=\"mkdf-post-text-inner\">\n<div class=\"mkdf-post-text-main\">\n<div class=\"mkdf-post-text\">\n<div class=\"mkdf-post-text-inner\">\n<div class=\"mkdf-post-text-main\">\n<div class=\"mkdf-post-text\">\n<div class=\"mkdf-post-text-inner\">\n<div class=\"mkdf-post-text-main\">\n<div class=\"page-title-head hgroup\">\n<div class=\"page-title-head hgroup\">\n<div class=\"mkdf-post-text\">\n<div class=\"mkdf-post-text-inner\">\n<div class=\"mkdf-post-text-main\">\n<div class=\"mkdf-post-text\">\n<div class=\"mkdf-post-text-inner\">\n<div class=\"mkdf-post-text-main\">\n<div class=\"page-title-head hgroup\">\n<div class=\"page-title-head hgroup\">\n<div class=\"page-title-head hgroup\">\n<div class=\"page-title-head hgroup\">\n<div class=\"b654a4as d2edcug0\">\n<div class=\"page-title-head hgroup\">\n<div class=\"page-title-head hgroup\">\n<div class=\"page-title-head hgroup\">\n<div class=\"page-title-head hgroup\">\n<div class=\"b654a4as d2edcug0\">\n<div class=\"page-title-head hgroup\">\n<div class=\"page-title-head hgroup\">\n<div class=\"page-title-head hgroup\">\n<div class=\"page-title-head hgroup\">\n<div class=\"b654a4as d2edcug0\">\n<div>\n<blockquote class=\"wp-embedded-content\" data-secret=\"dQ73B7nRSW\"><p><a href=\"https:\/\/www.radiopiu.net\/wordpress\/due-minuti-un-libro\/\">Due minuti un libro<\/a><\/p><\/blockquote>\n<p><iframe loading=\"lazy\" class=\"wp-embedded-content\" sandbox=\"allow-scripts\" security=\"restricted\" style=\"position: absolute; clip: rect(1px, 1px, 1px, 1px);\" title=\"&#8220;Due minuti un libro&#8221; &#8212; Radio Pi\u00f9\" src=\"https:\/\/www.radiopiu.net\/wordpress\/due-minuti-un-libro\/embed\/#?secret=W8fKbwb4oM#?secret=dQ73B7nRSW\" data-secret=\"dQ73B7nRSW\" width=\"600\" height=\"338\" frameborder=\"0\" marginwidth=\"0\" marginheight=\"0\" scrolling=\"no\"><\/iframe><\/p>\n<p>&nbsp;<\/p>\n<\/div>\n<div>\n<hr \/>\n<p>&nbsp;<\/p>\n<\/div>\n<h2><span style=\"color: #808000;\">L&#8217;ALMANACCO LADINO\u00a0\u00a0<\/span><\/h2>\n<p><strong>LA RACCOLTA<\/strong><\/p>\n<blockquote class=\"wp-embedded-content\" data-secret=\"8IM7oVUWes\"><p><a href=\"https:\/\/www.radiopiu.net\/wordpress\/almanacco-ladino\/\">Almanacco Ladino<\/a><\/p><\/blockquote>\n<p><iframe loading=\"lazy\" class=\"wp-embedded-content\" sandbox=\"allow-scripts\" security=\"restricted\" style=\"position: absolute; clip: rect(1px, 1px, 1px, 1px);\" title=\"&#8220;Almanacco Ladino&#8221; &#8212; Radio Pi\u00f9\" src=\"https:\/\/www.radiopiu.net\/wordpress\/almanacco-ladino\/embed\/#?secret=3Fdx7FoXRS#?secret=8IM7oVUWes\" data-secret=\"8IM7oVUWes\" width=\"600\" height=\"338\" frameborder=\"0\" marginwidth=\"0\" marginheight=\"0\" scrolling=\"no\"><\/iframe><\/p>\n<p>&nbsp;<\/p>\n<hr \/>\n<h2><span style=\"color: #33cccc;\">\u00a0<\/span><\/h2>\n<h2><span style=\"color: #33cccc;\">LA RASSEGNA STAMPA DA L&#8217;AMICO DEL POPOLO<\/span><\/h2>\n<p><strong><a class=\"dt-pswp-item\" href=\"https:\/\/www.radiopiu.net\/wordpress\/wp-content\/uploads\/2021\/04\/CRISTINA-BIEN.jpg\" data-dt-img-description=\"\" data-large_image_width=\"2014\" data-large_image_height=\"2015\"><img loading=\"lazy\" decoding=\"async\" class=\"wp-image-201734 size-thumbnail alignleft\" src=\"https:\/\/www.radiopiu.net\/wordpress\/wp-content\/uploads\/2021\/04\/CRISTINA-BIEN-150x150.jpg\" alt=\"\" width=\"150\" height=\"150\" srcset=\"https:\/\/www.radiopiu.net\/wordpress\/wp-content\/uploads\/2021\/04\/CRISTINA-BIEN-150x150.jpg 150w, https:\/\/www.radiopiu.net\/wordpress\/wp-content\/uploads\/2021\/04\/CRISTINA-BIEN-300x300.jpg 300w, https:\/\/www.radiopiu.net\/wordpress\/wp-content\/uploads\/2021\/04\/CRISTINA-BIEN-1024x1024.jpg 1024w, https:\/\/www.radiopiu.net\/wordpress\/wp-content\/uploads\/2021\/04\/CRISTINA-BIEN-768x768.jpg 768w, https:\/\/www.radiopiu.net\/wordpress\/wp-content\/uploads\/2021\/04\/CRISTINA-BIEN-1536x1536.jpg 1536w, https:\/\/www.radiopiu.net\/wordpress\/wp-content\/uploads\/2021\/04\/CRISTINA-BIEN.jpg 2014w\" sizes=\"auto, (max-width: 150px) 100vw, 150px\" \/><\/a>di Gianni Santomaso<\/strong><\/p>\n<p>OSPITE: Cristina Bien, assessore all&#8217;istruzione e alla cultura del comune di Agordo<\/p>\n<audio class=\"wp-audio-shortcode\" id=\"audio-269610-15\" preload=\"none\" style=\"width: 100%;\" controls=\"controls\"><source type=\"audio\/mpeg\" src=\"https:\/\/www.radiopiu.net\/wordpress\/wp-content\/uploads\/2022\/04\/RASSEGNA-GIANNI-1.mp3?_=15\" \/><a href=\"https:\/\/www.radiopiu.net\/wordpress\/wp-content\/uploads\/2022\/04\/RASSEGNA-GIANNI-1.mp3\">https:\/\/www.radiopiu.net\/wordpress\/wp-content\/uploads\/2022\/04\/RASSEGNA-GIANNI-1.mp3<\/a><\/audio>\n<p>&nbsp;<\/p>\n<p><strong>LA RACCOLTA COMPLETA<\/strong><\/p>\n<blockquote class=\"wp-embedded-content\" data-secret=\"Zt5aqAhASc\"><p><a href=\"https:\/\/www.radiopiu.net\/wordpress\/rassegna-stampa-di-gianni-santomaso\/\">Rassegna stampa da l&#8217;amico del popolo &#8211; di Gianni Santomaso<\/a><\/p><\/blockquote>\n<p><iframe loading=\"lazy\" class=\"wp-embedded-content\" sandbox=\"allow-scripts\" security=\"restricted\" style=\"position: absolute; clip: rect(1px, 1px, 1px, 1px);\" title=\"&#8220;Rassegna stampa da l&#8217;amico del popolo &#8211; di Gianni Santomaso&#8221; &#8212; Radio Pi\u00f9\" src=\"https:\/\/www.radiopiu.net\/wordpress\/rassegna-stampa-di-gianni-santomaso\/embed\/#?secret=H5RlmBNQon#?secret=Zt5aqAhASc\" data-secret=\"Zt5aqAhASc\" width=\"600\" height=\"338\" frameborder=\"0\" marginwidth=\"0\" marginheight=\"0\" scrolling=\"no\"><\/iframe><\/p>\n<p>&nbsp;<\/p>\n<hr \/>\n<p>&nbsp;<\/p>\n<div>\n<div class=\"page-title-head hgroup\">\n<div class=\"page-title-head hgroup\">\n<div class=\"b654a4as d2edcug0\">\n<div class=\"j83agx80 btwxx1t3 lhclo0ds hop8lmos nkwizq5d scwd0bx6 roh60bw9\">\n<div class=\"rq0escxv hkbzh7o3 jwdofwj8 n8tt0mok r8blr3vg hyh9befq\">\n<div class=\"do00u71z l9j0dhe7 k4urcfbm\">\n<div class=\"ecm0bbzt e5nlhep0 a8c37x1j\">\n<div class=\"kvgmc6g5 cxmmr5t8 oygrvhab hcukyx3x c1et5uql\">\n<div class=\"gmail-kvgmc6g5 gmail-cxmmr5t8 gmail-oygrvhab gmail-hcukyx3x gmail-c1et5uql gmail-ii04i59q\">\n<div class=\"page-title-head hgroup\">\n<div class=\"page-title-head hgroup\">\n<div class=\"b654a4as d2edcug0\">\n<div class=\"j83agx80 btwxx1t3 lhclo0ds hop8lmos nkwizq5d scwd0bx6 roh60bw9\">\n<div class=\"rq0escxv hkbzh7o3 jwdofwj8 n8tt0mok r8blr3vg hyh9befq\">\n<div class=\"do00u71z l9j0dhe7 k4urcfbm\">\n<div class=\"page-title-head hgroup\">\n<div class=\"page-title-head hgroup\">\n<div class=\"page-title-head hgroup\">\n<div class=\"page-title-head hgroup\">\n<div class=\"b654a4as d2edcug0\">\n<div class=\"page-title-head hgroup\">\n<div class=\"page-title-head hgroup\">\n<div class=\"page-title-head hgroup\">\n<div class=\"page-title-head hgroup\">\n<div class=\"b654a4as d2edcug0\">\n<div class=\"page-title-head hgroup\">\n<div class=\"page-title-head hgroup\">\n<div class=\"page-title-head hgroup\">\n<div class=\"page-title-head hgroup\">\n<div class=\"page-title-head hgroup\">\n<div class=\"page-title-head hgroup\">\n<div class=\"page-title-head hgroup\">\n<div class=\"page-title-head hgroup\">\n<div class=\"page-title-head hgroup\">\n<div class=\"b654a4as d2edcug0\">\n<div class=\"page-title-head hgroup\">\n<div class=\"page-title-head hgroup\">\n<div class=\"page-title-head hgroup\">\n<div class=\"page-title-head hgroup\">\n<div class=\"b654a4as d2edcug0\">\n<div class=\"page-title-head hgroup\">\n<div class=\"page-title-head hgroup\">\n<div class=\"page-title-head hgroup\">\n<div class=\"page-title-head hgroup\">\n<div class=\"page-title-head hgroup\">\n<div class=\"mkdf-post-text\">\n<div class=\"mkdf-post-text-inner\">\n<div class=\"mkdf-post-text-main\">\n<div class=\"mkdf-post-text\">\n<div class=\"mkdf-post-text-inner\">\n<div class=\"mkdf-post-text-main\">\n<div class=\"mkdf-post-text\">\n<div class=\"mkdf-post-text-inner\">\n<div class=\"mkdf-post-text-main\">\n<div class=\"page-title-head hgroup\">\n<div class=\"page-title-head hgroup\">\n<div class=\"mkdf-post-text\">\n<div class=\"mkdf-post-text-inner\">\n<div class=\"mkdf-post-text-main\">\n<div class=\"mkdf-post-text\">\n<div class=\"mkdf-post-text-inner\">\n<div class=\"mkdf-post-text-main\">\n<div class=\"page-title-head hgroup\">\n<div class=\"page-title-head hgroup\">\n<div class=\"page-title-head hgroup\">\n<div class=\"page-title-head hgroup\">\n<div class=\"b654a4as d2edcug0\">\n<div class=\"page-title-head hgroup\">\n<div class=\"page-title-head hgroup\">\n<div class=\"page-title-head hgroup\">\n<div class=\"page-title-head hgroup\">\n<div class=\"b654a4as d2edcug0\">\n<div class=\"page-title-head hgroup\">\n<div class=\"page-title-head hgroup\">\n<div class=\"page-title-head hgroup\">\n<div class=\"page-title-head hgroup\">\n<div class=\"b654a4as d2edcug0\">\n<h2><span style=\"color: #800080;\">I RACCONTI DI PAOLO SOPPELSA\u00a0<\/span><\/h2>\n<p><strong>LA RACCOLTA COMPLETA<\/strong><\/p>\n<blockquote class=\"wp-embedded-content\" data-secret=\"s4YtCbuezy\"><p><a href=\"https:\/\/www.radiopiu.net\/wordpress\/i-racconti-di-paolo-soppelsa\/\">I racconti di Paolo Soppelsa<\/a><\/p><\/blockquote>\n<p><iframe loading=\"lazy\" class=\"wp-embedded-content\" sandbox=\"allow-scripts\" security=\"restricted\" style=\"position: absolute; clip: rect(1px, 1px, 1px, 1px);\" title=\"&#8220;I racconti di Paolo Soppelsa&#8221; &#8212; Radio Pi\u00f9\" src=\"https:\/\/www.radiopiu.net\/wordpress\/i-racconti-di-paolo-soppelsa\/embed\/#?secret=QrvqHgRy61#?secret=s4YtCbuezy\" data-secret=\"s4YtCbuezy\" width=\"600\" height=\"338\" frameborder=\"0\" marginwidth=\"0\" marginheight=\"0\" scrolling=\"no\"><\/iframe><\/p>\n<p>&nbsp;<\/p>\n<hr \/>\n<p>&nbsp;<\/p>\n<\/div>\n<\/div>\n<\/div>\n<\/div>\n<\/div>\n<\/div>\n<\/div>\n<\/div>\n<\/div>\n<\/div>\n<\/div>\n<\/div>\n<\/div>\n<\/div>\n<\/div>\n<\/div>\n<\/div>\n<\/div>\n<\/div>\n<\/div>\n<\/div>\n<\/div>\n<\/div>\n<\/div>\n<\/div>\n<\/div>\n<\/div>\n<\/div>\n<\/div>\n<\/div>\n<\/div>\n<\/div>\n<\/div>\n<\/div>\n<\/div>\n<\/div>\n<\/div>\n<\/div>\n<\/div>\n<\/div>\n<\/div>\n<\/div>\n<\/div>\n<\/div>\n<\/div>\n<\/div>\n<\/div>\n<\/div>\n<\/div>\n<\/div>\n<\/div>\n<\/div>\n<\/div>\n<\/div>\n<\/div>\n<\/div>\n<\/div>\n<\/div>\n<\/div>\n<\/div>\n<\/div>\n<\/div>\n<\/div>\n<\/div>\n<\/div>\n<\/div>\n<\/div>\n<\/div>\n<\/div>\n<\/div>\n<\/div>\n<\/div>\n<\/div>\n<\/div>\n<\/div>\n<\/div>\n<\/div>\n<\/div>\n<\/div>\n<\/div>\n<\/div>\n<\/div>\n<\/div>\n<\/div>\n<\/div>\n<\/div>\n<\/div>\n<\/div>\n<\/div>\n<\/div>\n<\/div>\n<\/div>\n<\/div>\n<\/div>\n<\/div>\n<\/div>\n<\/div>\n<\/div>\n<\/div>\n<\/div>\n<\/div>\n<\/div>\n<\/div>\n<\/div>\n<\/div>\n<\/div>\n<\/div>\n<\/div>\n<\/div>\n<\/div>\n<\/div>\n<p><a href=\"https:\/\/www.radiopiu.net\/wordpress\/giornale-radiopiu-26-settembre-2018-direttore-mirko-mezzacasa\/viabilita-2\/\" rel=\"attachment wp-att-61954\"><img loading=\"lazy\" decoding=\"async\" class=\"aligncenter wp-image-61954 size-full\" src=\"https:\/\/www.radiopiu.net\/wordpress\/wp-content\/uploads\/2018\/09\/viabilita.jpeg\" sizes=\"auto, (max-width: 800px) 100vw, 800px\" srcset=\"https:\/\/www.radiopiu.net\/wordpress\/wp-content\/uploads\/2018\/09\/viabilita.jpeg 800w, https:\/\/www.radiopiu.net\/wordpress\/wp-content\/uploads\/2018\/09\/viabilita-300x38.jpeg 300w, https:\/\/www.radiopiu.net\/wordpress\/wp-content\/uploads\/2018\/09\/viabilita-768x96.jpeg 768w\" alt=\"\" width=\"800\" height=\"100\" \/><\/a><\/p>\n<\/div>\n<\/div>\n<\/div>\n<\/div>\n<\/div>\n<\/div>\n<\/div>\n<\/div>\n<\/div>\n<\/div>\n<\/div>\n<\/div>\n<\/div>\n<\/div>\n<\/div>\n<\/div>\n<\/div>\n<\/div>\n<\/div>\n<\/div>\n<\/div>\n<\/div>\n<\/div>\n<\/div>\n<\/div>\n<\/div>\n<\/div>\n<\/div>\n<\/div>\n<\/div>\n<\/div>\n<\/div>\n<\/div>\n<\/div>\n<\/div>\n<\/div>\n<\/div>\n<\/div>\n<\/div>\n<\/div>\n<\/div>\n<\/div>\n<\/div>\n<\/div>\n<\/div>\n<\/div>\n<\/div>\n<\/div>\n<\/div>\n<\/div>\n<\/div>\n<\/div>\n<\/div>\n<\/div>\n<\/div>\n<\/div>\n<\/div>\n<\/div>\n<\/div>\n<\/div>\n<\/div>\n<\/div>\n<\/div>\n<\/div>\n<\/div>\n<\/div>\n<\/div>\n<\/div>\n<\/div>\n<\/div>\n<\/div>\n<\/div>\n<\/div>\n<\/div>\n<\/div>\n<\/div>\n<\/div>\n<\/div>\n<div>\n<div class=\"page-title-head hgroup\">\n<div class=\"page-title-head hgroup\">\n<div class=\"b654a4as d2edcug0\">\n<div class=\"j83agx80 btwxx1t3 lhclo0ds hop8lmos nkwizq5d scwd0bx6 roh60bw9\">\n<div class=\"rq0escxv hkbzh7o3 jwdofwj8 n8tt0mok r8blr3vg hyh9befq\">\n<div class=\"do00u71z l9j0dhe7 k4urcfbm\">\n<div class=\"ecm0bbzt e5nlhep0 a8c37x1j\">\n<div class=\"kvgmc6g5 cxmmr5t8 oygrvhab hcukyx3x c1et5uql\">\n<div class=\"gmail-kvgmc6g5 gmail-cxmmr5t8 gmail-oygrvhab gmail-hcukyx3x gmail-c1et5uql gmail-ii04i59q\">\n<div class=\"page-title-head hgroup\">\n<div class=\"page-title-head hgroup\">\n<div class=\"b654a4as d2edcug0\">\n<div class=\"j83agx80 btwxx1t3 lhclo0ds hop8lmos nkwizq5d scwd0bx6 roh60bw9\">\n<div class=\"rq0escxv hkbzh7o3 jwdofwj8 n8tt0mok r8blr3vg hyh9befq\">\n<div class=\"do00u71z l9j0dhe7 k4urcfbm\">\n<div class=\"page-title-head hgroup\">\n<div class=\"page-title-head hgroup\">\n<div class=\"page-title-head hgroup\">\n<div class=\"page-title-head hgroup\">\n<div class=\"b654a4as d2edcug0\">\n<div class=\"page-title-head hgroup\">\n<div class=\"page-title-head hgroup\">\n<div class=\"page-title-head hgroup\">\n<div class=\"page-title-head hgroup\">\n<div class=\"b654a4as d2edcug0\">\n<div class=\"page-title-head hgroup\">\n<div class=\"page-title-head hgroup\">\n<div class=\"page-title-head hgroup\">\n<div class=\"page-title-head hgroup\">\n<div class=\"page-title-head hgroup\">\n<div class=\"page-title-head hgroup\">\n<div class=\"page-title-head hgroup\">\n<div class=\"page-title-head hgroup\">\n<div class=\"page-title-head hgroup\">\n<div class=\"b654a4as d2edcug0\">\n<div class=\"page-title-head hgroup\">\n<div class=\"page-title-head hgroup\">\n<div class=\"page-title-head hgroup\">\n<div class=\"page-title-head hgroup\">\n<div class=\"b654a4as d2edcug0\">\n<div class=\"page-title-head hgroup\">\n<div class=\"page-title-head hgroup\">\n<div class=\"page-title-head hgroup\">\n<div class=\"page-title-head hgroup\">\n<div class=\"page-title-head hgroup\">\n<div class=\"mkdf-post-text\">\n<div class=\"mkdf-post-text-inner\">\n<div class=\"mkdf-post-text-main\">\n<div class=\"mkdf-post-text\">\n<div class=\"mkdf-post-text-inner\">\n<div class=\"mkdf-post-text-main\">\n<div class=\"mkdf-post-text\">\n<div class=\"mkdf-post-text-inner\">\n<div class=\"mkdf-post-text-main\">\n<div class=\"page-title-head hgroup\">\n<div class=\"page-title-head hgroup\">\n<div class=\"mkdf-post-text\">\n<div class=\"mkdf-post-text-inner\">\n<div class=\"mkdf-post-text-main\">\n<div class=\"mkdf-post-text\">\n<div class=\"mkdf-post-text-inner\">\n<div class=\"mkdf-post-text-main\">\n<div class=\"page-title-head hgroup\">\n<div class=\"page-title-head hgroup\">\n<div class=\"page-title-head hgroup\">\n<div class=\"page-title-head hgroup\">\n<div class=\"b654a4as d2edcug0\">\n<div class=\"page-title-head hgroup\">\n<div class=\"page-title-head hgroup\">\n<div class=\"page-title-head hgroup\">\n<div class=\"page-title-head hgroup\">\n<div class=\"b654a4as d2edcug0\">\n<div class=\"page-title-head hgroup\">\n<div class=\"page-title-head hgroup\">\n<div class=\"page-title-head hgroup\">\n<div class=\"page-title-head hgroup\">\n<div class=\"b654a4as d2edcug0\">\n<div class=\"ecm0bbzt e5nlhep0 a8c37x1j\">\n<div class=\"kvgmc6g5 cxmmr5t8 oygrvhab hcukyx3x c1et5uql\">\n<div class=\"gmail-kvgmc6g5 gmail-cxmmr5t8 gmail-oygrvhab gmail-hcukyx3x gmail-c1et5uql gmail-ii04i59q\">\n<div class=\"page-title-head hgroup\">\n<div class=\"page-title-head hgroup\">\n<div class=\"b654a4as d2edcug0\">\n<div class=\"j83agx80 btwxx1t3 lhclo0ds hop8lmos nkwizq5d scwd0bx6 roh60bw9\">\n<div class=\"rq0escxv hkbzh7o3 jwdofwj8 n8tt0mok r8blr3vg hyh9befq\">\n<div class=\"do00u71z l9j0dhe7 k4urcfbm\">\n<div class=\"page-title-head hgroup\">\n<div class=\"page-title-head hgroup\">\n<div class=\"page-title-head hgroup\">\n<div class=\"page-title-head hgroup\">\n<div class=\"b654a4as d2edcug0\">\n<div class=\"page-title-head hgroup\">\n<div class=\"page-title-head hgroup\">\n<div class=\"page-title-head hgroup\">\n<div class=\"page-title-head hgroup\">\n<div class=\"b654a4as d2edcug0\">\n<div class=\"page-title-head hgroup\">\n<div class=\"page-title-head hgroup\">\n<div class=\"page-title-head hgroup\">\n<div class=\"page-title-head hgroup\">\n<div class=\"page-title-head hgroup\">\n<div class=\"page-title-head hgroup\">\n<div class=\"page-title-head hgroup\">\n<div class=\"page-title-head hgroup\">\n<div class=\"page-title-head hgroup\">\n<div class=\"b654a4as d2edcug0\">\n<div class=\"page-title-head hgroup\">\n<div class=\"page-title-head hgroup\">\n<div class=\"page-title-head hgroup\">\n<div class=\"page-title-head hgroup\">\n<div class=\"b654a4as d2edcug0\">\n<div class=\"page-title-head hgroup\">\n<div class=\"page-title-head hgroup\">\n<div class=\"page-title-head hgroup\">\n<div class=\"page-title-head hgroup\">\n<div class=\"page-title-head hgroup\">\n<div class=\"mkdf-post-text\">\n<div class=\"mkdf-post-text-inner\">\n<div class=\"mkdf-post-text-main\">\n<div class=\"mkdf-post-text\">\n<div class=\"mkdf-post-text-inner\">\n<div class=\"mkdf-post-text-main\">\n<div class=\"mkdf-post-text\">\n<div class=\"mkdf-post-text-inner\">\n<div class=\"mkdf-post-text-main\">\n<div class=\"page-title-head hgroup\">\n<div class=\"page-title-head hgroup\">\n<div class=\"mkdf-post-text\">\n<div class=\"mkdf-post-text-inner\">\n<div class=\"mkdf-post-text-main\">\n<div class=\"mkdf-post-text\">\n<div class=\"mkdf-post-text-inner\">\n<div class=\"mkdf-post-text-main\">\n<div class=\"page-title-head hgroup\">\n<div class=\"page-title-head hgroup\">\n<div class=\"page-title-head hgroup\">\n<div class=\"page-title-head hgroup\">\n<div class=\"b654a4as d2edcug0\">\n<div class=\"page-title-head hgroup\">\n<div class=\"page-title-head hgroup\">\n<div class=\"page-title-head hgroup\">\n<div class=\"page-title-head hgroup\">\n<div class=\"b654a4as d2edcug0\">\n<div class=\"page-title-head hgroup\">\n<div class=\"page-title-head hgroup\">\n<div class=\"page-title-head hgroup\">\n<div class=\"page-title-head hgroup\">\n<div class=\"b654a4as d2edcug0\">\n<p>&nbsp;<\/p>\n<blockquote class=\"wp-embedded-content\" data-secret=\"K9iaGlDBSc\"><p><a href=\"https:\/\/www.radiopiu.net\/wordpress\/viabilita\/\">viabilita<\/a><\/p><\/blockquote>\n<p><iframe loading=\"lazy\" class=\"wp-embedded-content\" sandbox=\"allow-scripts\" security=\"restricted\" style=\"position: absolute; clip: rect(1px, 1px, 1px, 1px);\" title=\"&#8220;viabilita&#8221; &#8212; Radio Pi\u00f9\" src=\"https:\/\/www.radiopiu.net\/wordpress\/viabilita\/embed\/#?secret=vRT2Ed0Ycy#?secret=K9iaGlDBSc\" data-secret=\"K9iaGlDBSc\" width=\"600\" height=\"338\" frameborder=\"0\" marginwidth=\"0\" marginheight=\"0\" scrolling=\"no\"><\/iframe><\/p>\n<\/div>\n<\/div>\n<\/div>\n<\/div>\n<\/div>\n<\/div>\n<\/div>\n<\/div>\n<\/div>\n<\/div>\n<\/div>\n<\/div>\n<\/div>\n<\/div>\n<\/div>\n<\/div>\n<\/div>\n<\/div>\n<\/div>\n<\/div>\n<\/div>\n<\/div>\n<\/div>\n<\/div>\n<\/div>\n<\/div>\n<\/div>\n<\/div>\n<\/div>\n<\/div>\n<\/div>\n<\/div>\n<\/div>\n<\/div>\n<\/div>\n<\/div>\n<\/div>\n<\/div>\n<\/div>\n<\/div>\n<\/div>\n<\/div>\n<\/div>\n<\/div>\n<\/div>\n<\/div>\n<\/div>\n<\/div>\n<\/div>\n<\/div>\n<\/div>\n<\/div>\n<\/div>\n<\/div>\n<\/div>\n<\/div>\n<\/div>\n<\/div>\n<\/div>\n<\/div>\n<\/div>\n<\/div>\n<\/div>\n<\/div>\n<\/div>\n<\/div>\n<\/div>\n<\/div>\n<\/div>\n<\/div>\n<\/div>\n<\/div>\n<\/div>\n<\/div>\n<\/div>\n<\/div>\n<\/div>\n<\/div>\n<\/div>\n<\/div>\n<\/div>\n<\/div>\n<\/div>\n<\/div>\n<\/div>\n<\/div>\n<\/div>\n<\/div>\n<\/div>\n<\/div>\n<\/div>\n<\/div>\n<\/div>\n<\/div>\n<\/div>\n<\/div>\n<\/div>\n<\/div>\n<\/div>\n<\/div>\n<\/div>\n<\/div>\n<\/div>\n<\/div>\n<\/div>\n<\/div>\n<\/div>\n<\/div>\n<\/div>\n<\/div>\n<\/div>\n<\/div>\n<\/div>\n<\/div>\n<\/div>\n<\/div>\n<\/div>\n<\/div>\n<\/div>\n<\/div>\n<\/div>\n<\/div>\n<\/div>\n<\/div>\n<\/div>\n<\/div>\n<\/div>\n<\/div>\n<\/div>\n<\/div>\n<\/div>\n<\/div>\n<\/div>\n<\/div>\n<\/div>\n<\/div>\n<\/div>\n<\/div>\n<\/div>\n<\/div>\n<\/div>\n<\/div>\n<\/div>\n<\/div>\n<\/div>\n<\/div>\n<\/div>\n<\/div>\n<\/div>\n<p>&nbsp;<\/p>\n<div>\n<div class=\"page-title-head hgroup\">\n<div class=\"page-title-head hgroup\">\n<div class=\"b654a4as d2edcug0\">\n<div class=\"j83agx80 btwxx1t3 lhclo0ds hop8lmos nkwizq5d scwd0bx6 roh60bw9\">\n<div class=\"rq0escxv hkbzh7o3 jwdofwj8 n8tt0mok r8blr3vg hyh9befq\">\n<div class=\"do00u71z l9j0dhe7 k4urcfbm\">\n<div class=\"page-title-head hgroup\">\n<div class=\"page-title-head hgroup\">\n<div class=\"b654a4as d2edcug0\">\n<div class=\"j83agx80 btwxx1t3 lhclo0ds hop8lmos nkwizq5d scwd0bx6 roh60bw9\">\n<div class=\"rq0escxv hkbzh7o3 jwdofwj8 n8tt0mok r8blr3vg hyh9befq\">\n<div class=\"do00u71z l9j0dhe7 k4urcfbm\">\n<div class=\"ecm0bbzt e5nlhep0 a8c37x1j\">\n<div class=\"kvgmc6g5 cxmmr5t8 oygrvhab hcukyx3x c1et5uql\">\n<div class=\"gmail-kvgmc6g5 gmail-cxmmr5t8 gmail-oygrvhab gmail-hcukyx3x gmail-c1et5uql gmail-ii04i59q\">\n<div class=\"page-title-head hgroup\">\n<div class=\"page-title-head hgroup\">\n<div class=\"b654a4as d2edcug0\">\n<div class=\"j83agx80 btwxx1t3 lhclo0ds hop8lmos nkwizq5d scwd0bx6 roh60bw9\">\n<div class=\"rq0escxv hkbzh7o3 jwdofwj8 n8tt0mok r8blr3vg hyh9befq\">\n<div class=\"do00u71z l9j0dhe7 k4urcfbm\">\n<div class=\"page-title-head hgroup\">\n<div class=\"page-title-head hgroup\">\n<div class=\"b654a4as d2edcug0\">\n<div class=\"j83agx80 btwxx1t3 lhclo0ds hop8lmos nkwizq5d scwd0bx6 roh60bw9\">\n<div class=\"rq0escxv hkbzh7o3 jwdofwj8 n8tt0mok r8blr3vg hyh9befq\">\n<div class=\"do00u71z l9j0dhe7 k4urcfbm\">\n<div>\n<div class=\"page-title-head hgroup\">\n<div class=\"page-title-head hgroup\">\n<div class=\"b654a4as d2edcug0\">\n<div class=\"j83agx80 btwxx1t3 lhclo0ds hop8lmos nkwizq5d scwd0bx6 roh60bw9\">\n<div class=\"rq0escxv hkbzh7o3 jwdofwj8 n8tt0mok r8blr3vg hyh9befq\">\n<div class=\"do00u71z l9j0dhe7 k4urcfbm\">\n<div class=\"ecm0bbzt e5nlhep0 a8c37x1j\">\n<div class=\"kvgmc6g5 cxmmr5t8 oygrvhab hcukyx3x c1et5uql\">\n<div class=\"gmail-kvgmc6g5 gmail-cxmmr5t8 gmail-oygrvhab gmail-hcukyx3x gmail-c1et5uql gmail-ii04i59q\">\n<div class=\"page-title-head hgroup\">\n<div class=\"page-title-head hgroup\">\n<div class=\"b654a4as d2edcug0\">\n<div class=\"j83agx80 btwxx1t3 lhclo0ds hop8lmos nkwizq5d scwd0bx6 roh60bw9\">\n<div class=\"rq0escxv hkbzh7o3 jwdofwj8 n8tt0mok r8blr3vg hyh9befq\">\n<div class=\"do00u71z l9j0dhe7 k4urcfbm\">\n<div class=\"page-title-head hgroup\">\n<div class=\"page-title-head hgroup\">\n<div class=\"page-title-head hgroup\">\n<div class=\"page-title-head hgroup\">\n<div class=\"b654a4as d2edcug0\">\n<div class=\"page-title-head hgroup\">\n<div class=\"page-title-head hgroup\">\n<div class=\"page-title-head hgroup\">\n<div class=\"page-title-head hgroup\">\n<div class=\"b654a4as d2edcug0\">\n<div class=\"page-title-head hgroup\">\n<div class=\"page-title-head hgroup\">\n<div class=\"page-title-head hgroup\">\n<div class=\"page-title-head hgroup\">\n<div class=\"page-title-head hgroup\">\n<div class=\"page-title-head hgroup\">\n<div class=\"page-title-head hgroup\">\n<div class=\"page-title-head hgroup\">\n<div class=\"page-title-head hgroup\">\n<div class=\"b654a4as d2edcug0\">\n<div class=\"page-title-head hgroup\">\n<div class=\"page-title-head hgroup\">\n<div class=\"page-title-head hgroup\">\n<div class=\"page-title-head hgroup\">\n<div class=\"b654a4as d2edcug0\">\n<div class=\"page-title-head hgroup\">\n<div class=\"page-title-head hgroup\">\n<div class=\"page-title-head hgroup\">\n<div class=\"page-title-head hgroup\">\n<div class=\"page-title-head hgroup\">\n<div class=\"mkdf-post-text\">\n<div class=\"mkdf-post-text-inner\">\n<div class=\"mkdf-post-text-main\">\n<div class=\"mkdf-post-text\">\n<div class=\"mkdf-post-text-inner\">\n<div class=\"mkdf-post-text-main\">\n<div class=\"mkdf-post-text\">\n<div class=\"mkdf-post-text-inner\">\n<div class=\"mkdf-post-text-main\">\n<div class=\"page-title-head hgroup\">\n<div class=\"page-title-head hgroup\">\n<div class=\"mkdf-post-text\">\n<div class=\"mkdf-post-text-inner\">\n<div class=\"mkdf-post-text-main\">\n<div class=\"mkdf-post-text\">\n<div class=\"mkdf-post-text-inner\">\n<div class=\"mkdf-post-text-main\">\n<div class=\"page-title-head hgroup\">\n<div class=\"page-title-head hgroup\">\n<div class=\"page-title-head hgroup\">\n<div class=\"page-title-head hgroup\">\n<div class=\"b654a4as d2edcug0\">\n<div class=\"page-title-head hgroup\">\n<div class=\"page-title-head hgroup\">\n<div class=\"page-title-head hgroup\">\n<div class=\"page-title-head hgroup\">\n<div class=\"b654a4as d2edcug0\">\n<div class=\"page-title-head hgroup\">\n<div class=\"page-title-head hgroup\">\n<div class=\"page-title-head hgroup\">\n<div class=\"page-title-head hgroup\">\n<div class=\"b654a4as d2edcug0\">\n<div class=\"ecm0bbzt e5nlhep0 a8c37x1j\">\n<div class=\"kvgmc6g5 cxmmr5t8 oygrvhab hcukyx3x c1et5uql\">\n<div class=\"gmail-kvgmc6g5 gmail-cxmmr5t8 gmail-oygrvhab gmail-hcukyx3x gmail-c1et5uql gmail-ii04i59q\">\n<div class=\"page-title-head hgroup\">\n<div class=\"page-title-head hgroup\">\n<div class=\"b654a4as d2edcug0\">\n<div class=\"j83agx80 btwxx1t3 lhclo0ds hop8lmos nkwizq5d scwd0bx6 roh60bw9\">\n<div class=\"rq0escxv hkbzh7o3 jwdofwj8 n8tt0mok r8blr3vg hyh9befq\">\n<div class=\"do00u71z l9j0dhe7 k4urcfbm\">\n<div class=\"page-title-head hgroup\">\n<div class=\"page-title-head hgroup\">\n<div class=\"page-title-head hgroup\">\n<div class=\"page-title-head hgroup\">\n<div class=\"b654a4as d2edcug0\">\n<div class=\"page-title-head hgroup\">\n<div class=\"page-title-head hgroup\">\n<div class=\"page-title-head hgroup\">\n<div class=\"page-title-head hgroup\">\n<div class=\"b654a4as d2edcug0\">\n<div class=\"page-title-head hgroup\">\n<div class=\"page-title-head hgroup\">\n<div class=\"page-title-head hgroup\">\n<div class=\"page-title-head hgroup\">\n<div class=\"page-title-head hgroup\">\n<div class=\"page-title-head hgroup\">\n<div class=\"page-title-head hgroup\">\n<div class=\"page-title-head hgroup\">\n<div class=\"page-title-head hgroup\">\n<div class=\"b654a4as d2edcug0\">\n<div class=\"page-title-head hgroup\">\n<div class=\"page-title-head hgroup\">\n<div class=\"page-title-head hgroup\">\n<div class=\"page-title-head hgroup\">\n<div class=\"b654a4as d2edcug0\">\n<div class=\"page-title-head hgroup\">\n<div class=\"page-title-head hgroup\">\n<div class=\"page-title-head hgroup\">\n<div class=\"page-title-head hgroup\">\n<div class=\"page-title-head hgroup\">\n<div class=\"mkdf-post-text\">\n<div class=\"mkdf-post-text-inner\">\n<div class=\"mkdf-post-text-main\">\n<div class=\"mkdf-post-text\">\n<div class=\"mkdf-post-text-inner\">\n<div class=\"mkdf-post-text-main\">\n<div class=\"mkdf-post-text\">\n<div class=\"mkdf-post-text-inner\">\n<div class=\"mkdf-post-text-main\">\n<div class=\"page-title-head hgroup\">\n<div class=\"page-title-head hgroup\">\n<div class=\"mkdf-post-text\">\n<div class=\"mkdf-post-text-inner\">\n<div class=\"mkdf-post-text-main\">\n<div class=\"mkdf-post-text\">\n<div class=\"mkdf-post-text-inner\">\n<div class=\"mkdf-post-text-main\">\n<div class=\"page-title-head hgroup\">\n<div class=\"page-title-head hgroup\">\n<div class=\"page-title-head hgroup\">\n<div class=\"page-title-head hgroup\">\n<div class=\"b654a4as d2edcug0\">\n<div class=\"page-title-head hgroup\">\n<div class=\"page-title-head hgroup\">\n<div class=\"page-title-head hgroup\">\n<div class=\"page-title-head hgroup\">\n<div class=\"b654a4as d2edcug0\">\n<div class=\"page-title-head hgroup\">\n<div class=\"page-title-head hgroup\">\n<div class=\"page-title-head hgroup\">\n<div class=\"page-title-head hgroup\">\n<div class=\"b654a4as d2edcug0\">\n<hr \/>\n<p>&nbsp;<\/p>\n<\/div>\n<div class=\"b654a4as d2edcug0\">\n<div class=\"ecm0bbzt e5nlhep0 a8c37x1j\">\n<div class=\"kvgmc6g5 cxmmr5t8 oygrvhab hcukyx3x c1et5uql\">\n<div class=\"gmail-kvgmc6g5 gmail-cxmmr5t8 gmail-oygrvhab gmail-hcukyx3x gmail-c1et5uql gmail-ii04i59q\">\n<div>\n<div class=\"page-title-head hgroup\">\n<div class=\"page-title-head hgroup\">\n<div class=\"b654a4as d2edcug0\">\n<div class=\"j83agx80 btwxx1t3 lhclo0ds hop8lmos nkwizq5d scwd0bx6 roh60bw9\">\n<div class=\"rq0escxv hkbzh7o3 jwdofwj8 n8tt0mok r8blr3vg hyh9befq\">\n<div class=\"do00u71z l9j0dhe7 k4urcfbm\">\n<div>\n<div class=\"page-title-head hgroup\">\n<div class=\"page-title-head hgroup\">\n<div class=\"page-title-head hgroup\">\n<div class=\"page-title-head hgroup\">\n<div class=\"b654a4as d2edcug0\">\n<div class=\"page-title-head hgroup\">\n<div class=\"page-title-head hgroup\">\n<div class=\"page-title-head hgroup\">\n<div class=\"page-title-head hgroup\">\n<div class=\"b654a4as d2edcug0\">\n<div class=\"page-title-head hgroup\">\n<div class=\"page-title-head hgroup\">\n<div class=\"page-title-head hgroup\">\n<div class=\"page-title-head hgroup\">\n<div class=\"page-title-head hgroup\">\n<div class=\"mkdf-post-text\">\n<div class=\"mkdf-post-text-inner\">\n<div class=\"mkdf-post-text-main\">\n<div class=\"mkdf-post-text\">\n<div class=\"mkdf-post-text-inner\">\n<div class=\"mkdf-post-text-main\">\n<div class=\"mkdf-post-text\">\n<div class=\"mkdf-post-text-inner\">\n<div class=\"mkdf-post-text-main\">\n<div class=\"page-title-head hgroup\">\n<div class=\"page-title-head hgroup\">\n<div class=\"mkdf-post-text\">\n<div class=\"mkdf-post-text-inner\">\n<div class=\"mkdf-post-text-main\">\n<div class=\"mkdf-post-text\">\n<div class=\"mkdf-post-text-inner\">\n<div class=\"mkdf-post-text-main\">\n<div>\n<div class=\"page-title-head hgroup\">\n<div class=\"page-title-head hgroup\">\n<div>\n<div class=\"page-title-head hgroup\">\n<div class=\"page-title-head hgroup\">\n<div class=\"b654a4as d2edcug0\">\n<div>\n<div class=\"page-title-head hgroup\" style=\"text-align: left;\">\n<div class=\"page-title-head hgroup\">\n<div dir=\"auto\">\n<p><a class=\"dt-pswp-item pspw-wrap-ready\" href=\"https:\/\/i0.wp.com\/www.radiopiu.net\/wordpress\/wp-content\/uploads\/2018\/09\/WhatsApp-Image-2018-09-20-at-16.04.06.jpeg?ssl=1\" data-dt-img-description=\"\" data-large_image_width=\"800\" data-large_image_height=\"100\"><img loading=\"lazy\" decoding=\"async\" class=\"aligncenter wp-image-61378 size-full jetpack-lazy-image jetpack-lazy-image--handled\" src=\"https:\/\/i0.wp.com\/www.radiopiu.net\/wordpress\/wp-content\/uploads\/2018\/09\/WhatsApp-Image-2018-09-20-at-16.04.06.jpeg?resize=800%2C100&amp;ssl=1\" sizes=\"auto, (max-width: 800px) 100vw, 800px\" srcset=\"https:\/\/i0.wp.com\/www.radiopiu.net\/wordpress\/wp-content\/uploads\/2018\/09\/WhatsApp-Image-2018-09-20-at-16.04.06.jpeg?w=800&amp;ssl=1 800w, https:\/\/i0.wp.com\/www.radiopiu.net\/wordpress\/wp-content\/uploads\/2018\/09\/WhatsApp-Image-2018-09-20-at-16.04.06.jpeg?resize=300%2C38&amp;ssl=1 300w, https:\/\/i0.wp.com\/www.radiopiu.net\/wordpress\/wp-content\/uploads\/2018\/09\/WhatsApp-Image-2018-09-20-at-16.04.06.jpeg?resize=768%2C96&amp;ssl=1 768w\" alt=\"\" width=\"800\" height=\"100\" data-lazy-loaded=\"1\" \/><\/a><\/p>\n<\/div>\n<\/div>\n<\/div>\n<\/div>\n<\/div>\n<\/div>\n<\/div>\n<\/div>\n<\/div>\n<\/div>\n<\/div>\n<\/div>\n<\/div>\n<\/div>\n<\/div>\n<\/div>\n<\/div>\n<\/div>\n<\/div>\n<\/div>\n<\/div>\n<\/div>\n<\/div>\n<\/div>\n<\/div>\n<\/div>\n<\/div>\n<\/div>\n<\/div>\n<\/div>\n<\/div>\n<\/div>\n<\/div>\n<\/div>\n<\/div>\n<\/div>\n<\/div>\n<\/div>\n<\/div>\n<\/div>\n<\/div>\n<\/div>\n<\/div>\n<\/div>\n<\/div>\n<\/div>\n<\/div>\n<\/div>\n<\/div>\n<\/div>\n<\/div>\n<\/div>\n<\/div>\n<\/div>\n<\/div>\n<\/div>\n<\/div>\n<\/div>\n<\/div>\n<\/div>\n<\/div>\n<\/div>\n<\/div>\n<\/div>\n<\/div>\n<\/div>\n<\/div>\n<\/div>\n<\/div>\n<\/div>\n<\/div>\n<\/div>\n<\/div>\n<\/div>\n<\/div>\n<\/div>\n<\/div>\n<\/div>\n<\/div>\n<\/div>\n<\/div>\n<\/div>\n<\/div>\n<\/div>\n<\/div>\n<\/div>\n<\/div>\n<\/div>\n<\/div>\n<\/div>\n<\/div>\n<\/div>\n<\/div>\n<\/div>\n<\/div>\n<\/div>\n<\/div>\n<\/div>\n<\/div>\n<\/div>\n<\/div>\n<\/div>\n<\/div>\n<\/div>\n<\/div>\n<\/div>\n<\/div>\n<\/div>\n<\/div>\n<\/div>\n<\/div>\n<\/div>\n<\/div>\n<\/div>\n<\/div>\n<\/div>\n<\/div>\n<\/div>\n<\/div>\n<\/div>\n<\/div>\n<\/div>\n<\/div>\n<\/div>\n<\/div>\n<\/div>\n<\/div>\n<\/div>\n<\/div>\n<\/div>\n<\/div>\n<\/div>\n<\/div>\n<\/div>\n<\/div>\n<\/div>\n<\/div>\n<\/div>\n<\/div>\n<\/div>\n<\/div>\n<\/div>\n<\/div>\n<\/div>\n<\/div>\n<\/div>\n<\/div>\n<\/div>\n<\/div>\n<\/div>\n<\/div>\n<\/div>\n<\/div>\n<\/div>\n<\/div>\n<\/div>\n<\/div>\n<\/div>\n<\/div>\n<\/div>\n<\/div>\n<\/div>\n<\/div>\n<\/div>\n<\/div>\n<\/div>\n<\/div>\n<\/div>\n<\/div>\n<\/div>\n<\/div>\n<\/div>\n<\/div>\n<\/div>\n<\/div>\n<\/div>\n<\/div>\n<\/div>\n<\/div>\n<\/div>\n<\/div>\n<\/div>\n<\/div>\n<\/div>\n<\/div>\n<\/div>\n<\/div>\n<\/div>\n<\/div>\n<\/div>\n<\/div>\n<\/div>\n<\/div>\n<\/div>\n<\/div>\n<\/div>\n<\/div>\n<\/div>\n<\/div>\n<\/div>\n<\/div>\n<\/div>\n<\/div>\n<\/div>\n<\/div>\n<\/div>\n<\/div>\n<\/div>\n<\/div>\n<\/div>\n<\/div>\n<\/div>\n<\/div>\n<\/div>\n<\/div>\n<\/div>\n<\/div>\n<\/div>\n<\/div>\n<\/div>\n<\/div>\n<\/div>\n<\/div>\n<\/div>\n<\/div>\n<\/div>\n<\/div>\n<\/div>\n<\/div>\n<\/div>\n<\/div>\n<p>&nbsp;<\/p>\n<p><strong>Luned\u00ec 11.<\/strong>\u00a0Tempo ben soleggiato, stabile, con cielo sereno, aria secca e ottima visibilit\u00e0, specie al mattino. Possibile qualche innocuo e temporaneo addensamento durante le ore diurne e qualche foschia nelle ore pi\u00f9 fredde in alcune valli prealpine; nel tardo pomeriggio transito di velature molto sottili, in un contesto che continua a rimanere ben soleggiato.<br \/>\n<strong>Precipitazioni.<\/strong>\u00a0Assenti (0%).<br \/>\n<strong>Temperature.<\/strong>\u00a0In generale lieve o contenuto aumento, salvo rimanere stazionarie in molte valli le minime, che saranno ancora al di sotto dello 0\u00b0C su gran parte delle zone montane. Temperature ancora basse per il periodo con un&#8217;importante escursione termica giornaliera. Su Prealpi a 1500 m min -3\u00b0C, max 5\u00b0C; a 2000 m min -6\u00b0C, max 2\u00b0C. Su Dolomiti a 2000 m min -7\u00b0C, max 6\u00b0C; a 3000 m min -9\u00b0C, max -1\u00b0C.<br \/>\n<strong>Venti.<\/strong>\u00a0Deboli a regime di brezza nelle valli, con qualche locale e moderato rinforzo; in quota in genere moderati in prevalenza da nord-ovest, a 10-15 km\/h a 2000 m e a 20-30 km\/h a 3000 m.<\/p>\n<p><strong>marted\u00ec 12.<\/strong>\u00a0Giornata da soleggiata a parzialmente soleggiata, con cielo inizialmente sereno nottetempo e all&#8217;alba, e con probabile modesto aumento di nuvolosit\u00e0 innocua in seguito, per nubi di tipo alto, pi\u00f9 spesse rispetto a quelle di luned\u00ec, e per qualche addensamento cumuliforme durante le ore pi\u00f9 calde, specie in prossimit\u00e0 delle vette.<br \/>\n<strong>Precipitazioni.<\/strong>\u00a0Assenti (0%).<br \/>\n<strong>Temperature.<\/strong>\u00a0In ulteriore aumento specie le massime e in alta montagna, con clima ancora fresco al mattino mentre quello diurno sar\u00e0 di stampo primaverile a tutte le quota con valori termici superiori alla norma. Su Prealpi a 1500 m min 0\u00b0C, max 6\u00b0C; a 2000 m min -1\u00b0C, max 5\u00b0C. Su Dolomiti a 2000 m min -1\u00b0C, max 9\u00b0C; a 3000 m min -3\u00b0C, max 2\u00b0C.<br \/>\n<strong>Venti.<\/strong>\u00a0Deboli a regime di brezza nelle valli, con qualche locale e moderato rinforzo; in alta montagna deboli o moderati in prevalenza occidentali, a 10-20 km\/h sia a 2000 m che a 3000 m.<\/p>\n<p><strong>mercoled\u00ec 13.<\/strong>\u00a0Cielo generalmente nuvoloso o parzialmente nuvoloso per nubi in prevalenza alte a tratti piuttosto spesse, con alternanza di schiarite e di modesti annuvolamenti e senza precipitazioni. Temperature in ulteriore lieve ripresa, su valori tipicamente primaverili. Venti in quota in genere deboli o moderati in prevalenza dai quadranti meridionali. Possibili foschie e qualche nebbia nelle ore pi\u00f9 fredde in alcune valli prealpine.<\/p>\n<p><strong>gioved\u00ec 14.<\/strong>\u00a0Cielo generalmente nuvoloso per nubi medio-alte, con alternanza di annuvolamenti e schiarite, con schiarite pi\u00f9 frequenti nell&#8217;area dolomitica; precipitazioni assenti. Temperature senza notevoli variazioni, salvo delle locali diminuzioni delle minime. Venti in quota moderati sud-orientali. Previsore: M.Padoan<\/p>\n<p>&nbsp;<\/p>\n<hr \/>\n<p>&nbsp;<\/p>\n<p><img loading=\"lazy\" decoding=\"async\" class=\"wp-image-60761 size-full aligncenter\" src=\"https:\/\/www.radiopiu.net\/wordpress\/wp-content\/uploads\/2018\/09\/sport.jpg\" alt=\"\" width=\"800\" height=\"100\" srcset=\"https:\/\/www.radiopiu.net\/wordpress\/wp-content\/uploads\/2018\/09\/sport.jpg 800w, https:\/\/www.radiopiu.net\/wordpress\/wp-content\/uploads\/2018\/09\/sport-300x38.jpg 300w, https:\/\/www.radiopiu.net\/wordpress\/wp-content\/uploads\/2018\/09\/sport-768x96.jpg 768w\" sizes=\"auto, (max-width: 800px) 100vw, 800px\" \/><\/p>\n<p>&nbsp;<\/p>\n<p><span style=\"color: #0000ff;\"><strong>CALCIO<\/strong><\/span><\/p>\n<blockquote>\n<h3>MATEMATICA SALVEZZA PER L&#8217;AGORDINA, SECONDA VITTORIA IN COPPA PER IL KERALPEN<\/h3>\n<\/blockquote>\n<p><strong><a class=\"dt-pswp-item\" href=\"https:\/\/www.radiopiu.net\/wordpress\/wp-content\/uploads\/2022\/03\/CALCIO-2022.jpg\" data-dt-img-description=\"\" data-large_image_width=\"1920\" data-large_image_height=\"1281\"><img loading=\"lazy\" decoding=\"async\" class=\" wp-image-265514 alignleft\" src=\"https:\/\/www.radiopiu.net\/wordpress\/wp-content\/uploads\/2022\/03\/CALCIO-2022-300x200.jpg\" alt=\"\" width=\"183\" height=\"122\" srcset=\"https:\/\/www.radiopiu.net\/wordpress\/wp-content\/uploads\/2022\/03\/CALCIO-2022-300x200.jpg 300w, https:\/\/www.radiopiu.net\/wordpress\/wp-content\/uploads\/2022\/03\/CALCIO-2022-1024x683.jpg 1024w, https:\/\/www.radiopiu.net\/wordpress\/wp-content\/uploads\/2022\/03\/CALCIO-2022-768x512.jpg 768w, https:\/\/www.radiopiu.net\/wordpress\/wp-content\/uploads\/2022\/03\/CALCIO-2022-1536x1025.jpg 1536w, https:\/\/www.radiopiu.net\/wordpress\/wp-content\/uploads\/2022\/03\/CALCIO-2022.jpg 1920w\" sizes=\"auto, (max-width: 183px) 100vw, 183px\" \/><\/a>SECONDA CATEGORIA GIR. T \/ SOSPIROLESE \u2013 AGORDINA 1-2 \u00a0(Gol Agordina: Fossen, Paganin)<\/strong><\/p>\n<p>Torna a vincere l\u2019Agordina e con i tre punti racimolati a Sospirolo pu\u00f2 tirare un sospiro di sollievo perch\u00e9 la squadra di Lorenzi \u00e8 salva matematicamente. Una partita dalle due facce quella contro la Sospirolese con i padroni di casa che passano in vantaggio nella prima frazione e gli agordini che chiudono la sfida nella ripresa dopo le strigliate di mister Lorenzi. Primi minuti di gara senza tante emozioni. Il gioco staziona a centrocampo e i portieri sono spettatori non paganti. Le squadre si allungano e la Sospirolese ha la meglio. Il punteggio si sblocca al 23\u2019 con Fratta che, servito in profondit\u00e0, scarta il difensore e con freddezza batte il portiere agordino. I ragazzi di Lorenzi sembrano accusare il colpo e soffrono le incursioni avversarie. La squadra di Agordo si sveglia nella parte finale della prima frazione di gioco. Attaccano gli agordini che per\u00f2 non riescono a trovare la rete del pareggio prima del riposo tra primo e secondo tempo. Nella ripresa l\u2019Agordina entra in campo agguerrita e nel giro di pochi minuti capovolge il risultato. Il pareggio arriva da Fossen che batte il portiere in rovesciata. Il vantaggio agordino \u00e8 di Paganin che si scarta mezza difesa prima di calciare in porta e battere l\u2019estremo difensore avversario. Continua spingere la squadra di Lorenzi lasciando ben pochi spazi alla compagine di Sospirolo.<\/p>\n<p>&nbsp;<\/p>\n<p><strong>GIOVANISSIMI PROVINCIALI \/ AGORDINA \u2013 JUVENTINA MUGNAI 4-0<\/strong><\/p>\n<p>Dopo la brutta sconfitta rimediata mercoled\u00ec nel recupero col San Vittore, i ragazzi dell&#8217;Agordina hanno avuto una reazione d&#8217;orgoglio estremamente positiva, offrendo una prestazione completamente diversa: maggiore dinamismo, gioco pi\u00f9 manovrato e soprattutto carattere. Dopo il vantaggio firmato da Cristian Roni e il raddoppio di Marek Chenet, l&#8217;Agordina ha saputo gestire bene il vantaggio non rinunciando a giocare e costruire nuove occasioni che, nel secondo tempo, hanno permesso prima a Manuel Soccol e poi a Martino Ganz, bravo a sfruttare un preciso filtrante di Daniel Mezzacasa, di chiudere la partita.<\/p>\n<p>&nbsp;<\/p>\n<p><strong>ALLIEVI REGIONALI \/ AGORDINA \u2013 BARBISANO 0-1<\/strong><\/p>\n<p>Sconfitta di misura per la formazione allenata da Orzetti che all\u2019Ivano Dorigo di Agordo perde 3 punti nello scontro diretto salvezza con il Barbisano. Ospiti che passano in vantaggio dopo 10\u2019 sull\u2019unico errore difensivo dei padroni di casa. L\u2019agordina ci prova in tutte le maniere per capovolgere il risultato ma le conclusioni non sono state nello specchio della porta. Un match che ha visto gli agordini attaccare per tutta la partita e non sono riusciti ad andare in rete nemmeno in 11 contro 9, dopo due espulsioni per il Barbisano. Ora la salvezza \u00e8 un miraggio a 4 partite dal termine della stagione.<\/p>\n<p>&nbsp;<\/p>\n<p><strong>JUNIORES REGIONALI \/ GIAVERA \u2013 AGORDINA 4-2<\/strong><\/p>\n<p>Sotto il diluvio di Giavera del Montello, la juniores \u00a0perde per 4 reti a 2. L\u2019Agordina parte fortissimo, precisa e aggressiva su ogni contrasto, ma non riesce a incidere sul risultato. Al 18\u2019, un\u2019uscita maldestra dal basso permette a Marian di calciare da fuori e pescare la matta con una traversa-gol. Il secondo tempo parte in salita per i nostri che si ritrovano in inferiorit\u00e0 numerica per una dubbia espulsione di Lorenzo Dall\u2019Acqua. Poco dopo l\u2019Agordina guadagna il calcio di rigore che pu\u00f2 valere il pareggio, ma non viene concretizzato da David Del Chin che calcia forte e poco angolato e permette al portiere di respingere. Sul contropiede l\u2019attaccante del Giavera controlla il pallone (in dubbia posizione di fuorigioco) e mette in mezzo: Daniel Paolin cerca di intercettare in scivolata e sfortunatamente devia il pallone in rete per l\u2019autogol del 2-0. Al 70\u2019 David Del Chin si fa perdonare con un tiro dal limite dell\u2019area che si insacca in porta. Al 74\u2019 Palomba ricevendo da rimessa laterale si gira e segna col mancino. L\u2019Agordina si rende pericolosa con Selle che avanza sulla fascia e mette in mezzo per Del Chin che si gira e conclude a rete, ma colpendo il palo esterno. Al 79\u2019 il Giavera cala il poker. All\u2019 81\u2019 Stefano De Col\u00f2 riceve palla da Del Chin e dal fondo crossa: il portiere tocca solo il pallone e sulla linea arriva Etienne Mezzacasa per il tap-in del 4-2. L\u2019Agordina non molla la presa e continua ad attaccare con Selle che mette in mezzo il pallone una volta per Del Chin che non riesce a concludere ed in un\u2019altra occasione per Chissal\u00e8 che sceglie di aprire il gioco sull\u2019esterno, senza poi ottenere sviluppi vantaggiosi. Verso il 90\u2019 dagli sviluppi di calcio d\u2019angolo ancora Thomas Chissal\u00e8 prova a calciare da fuori area, ma il suo tiro diventa un passaggio per Del Chin che prova a girarsi e calciare da pochi metri dalla porta: il difensore \u00e8, per\u00f2, di diversa opinione e si oppone deviando in angolo (non concesso). Al triplice fischio il risultato \u00e8 4-2 per i locali. A fine partita espulso Lorenzo Tibolla per proteste.<\/p>\n<p>&nbsp;<\/p>\n<p><strong>JUNIORES PROVINCIALI \/ FIORI BARP \u2013 PONTE NELLE ALPI 0-0<\/strong><\/p>\n<p>Termina a reti bianche la sfida tra Fiori Barp e Ponte Nelle Alpi valida per l\u2019ultima giornata del campionato Juniores Provinciale. Partita caratterizzata dal mal tempo pioggia e vento. Pareggio giusto per quello visto sul campo con occasioni per entrambe le squadre, \u00e8 mancato solo il gol ma non le occasioni per entrambe. Da segnalare un palo per gli ospiti. A fine partita grande festa per i giovani del Fiori Barp che si sono aggiudicati il titolo di campioni provinciali con due giornate di anticipo.<\/p>\n<p>&nbsp;<\/p>\n<p><strong>COPPA ITALIA ECCELLENZA FEMMINILE \/ SARONECANEVA \u2013 KERALPEN 1-4 (Gol Keralpen: 2 Conedera, 2 Ceren\u00e0)<\/strong><\/p>\n<p>Seconda vittoria in coppa per il Keralpen che in terra friulana vince e convice agguantando il secondo posto del girone D di Coppa Italia. Con una doppietta di Conedera e una di Ceren\u00e0 le bellunesi calano il poker contro il Saronecaneva. Un match dominato e una vittoria meritata. Dopo una fase di studio abbastanza corta, il Keralpen prende le misure al Saronecaneva e al 15\u2019 le bellunesi si portano in vantaggio. A trovare il gol ci pensa Conedera. Dopo il gol che ha sbloccato la partita si gioca alla pari anche se le occasioni non mancano. Nella ripresa arriva il raddoppio del Keralpen. Bastano pochi minuti e Ceren\u00e0 trova il gol dopo un\u2019azione corale. Ci prende gusto la squadra di Belluno che subito dopo trova la terza rete di giornata ed \u00e8 Ceren\u00e0 che sigla la doppietta personale. Il Saronecaneva accorcia le distanze ma il Keralpen risponde subito con Conedera, anche per lei doppietta personale.<\/p>\n<p>&nbsp;<\/p>\n<p>&nbsp;<\/p>\n<hr \/>\n<p>&nbsp;<\/p>\n<p><span style=\"color: #0000ff;\"><strong>PALLAVOLO\u00a0<\/strong><\/span><\/p>\n<blockquote>\n<h3>PALLAVOLO BELLUNO SALVA, PUR SCONFITTA RIMANE IN A3<\/h3>\n<\/blockquote>\n<p><b><a class=\"dt-pswp-item\" href=\"https:\/\/www.radiopiu.net\/wordpress\/wp-content\/uploads\/2022\/04\/Festa_salvezza_alla_Spes_Arena.jpg\" data-dt-img-description=\"\" data-large_image_width=\"1024\" data-large_image_height=\"768\"><img loading=\"lazy\" decoding=\"async\" class=\"size-medium wp-image-269925 alignleft\" src=\"https:\/\/www.radiopiu.net\/wordpress\/wp-content\/uploads\/2022\/04\/Festa_salvezza_alla_Spes_Arena-300x225.jpg\" alt=\"\" width=\"300\" height=\"225\" srcset=\"https:\/\/www.radiopiu.net\/wordpress\/wp-content\/uploads\/2022\/04\/Festa_salvezza_alla_Spes_Arena-300x225.jpg 300w, https:\/\/www.radiopiu.net\/wordpress\/wp-content\/uploads\/2022\/04\/Festa_salvezza_alla_Spes_Arena-768x576.jpg 768w, https:\/\/www.radiopiu.net\/wordpress\/wp-content\/uploads\/2022\/04\/Festa_salvezza_alla_Spes_Arena.jpg 1024w\" sizes=\"auto, (max-width: 300px) 100vw, 300px\" \/><\/a>BELLUNO-TINET PRATA DI PORDENONE 1-3 <\/b><b>PARZIALI: <\/b>20-25, 22-25, 25-22, 22-25.<span class=\"gmail-Apple-converted-space\"> \u00a0<\/span><b>\u00a0BELLUNO: <\/b>Maccabruni 2, De Santis 1, Graziani 8, Ostuzzi 13, Piazzetta 10, Mozzato; Martinez (L). Gionchetti 2. N.e. Guolla, Paganin, Della Vecchia, Milani, Galliani, Pierobon (L). Allenatore: L. Schiavon.<span class=\"gmail-Apple-converted-space\">\u00a0<\/span><\/p>\n<p>La sconfitta non \u00e8 mai stata cos\u00ec dolce. Perch\u00e9 arriva al termine di una prestazione di alto spessore, contro una corazzata del campionato. Perch\u00e9 la <b>Spes Arena<\/b>, vestita a festa con 650 appassionati, era pi\u00f9 bella di una dama di corte. Ma soprattutto perch\u00e9, qualche chilometro pi\u00f9 a Ovest, \u00e8 maturato un altro passivo: quella di Torino contro Savigliano. E allora saranno proprio i due sestetti piemontesi a giocarsi la permanenza in A3 nei playout, mentre la <b>Da Rold Logistics<\/b> \u00e8 salva. Nonostante le sette sconfitte consecutive, l\u2019ultima delle quali maturata di fronte a una <b>Tinet Prata di Pordenone<\/b> che, come ampiamente previsto, non ha fatto sconti. Anche se al servizio ha sbagliato parecchio: 35 errori complessivi. Alla fine, comunque, \u00e8 festa per tutti. Nessuno escluso: per la Tinet, che supera Pineto e aggancia il secondo posto. E per i rinoceronti, che prenotano una nuova stagione in A3.<\/p>\n<p>&nbsp;<\/p>\n<p>&nbsp;<\/p>\n<blockquote>\n<h3>CONTINUA A VINCERE IL VOLLEY CLUB AGORDINO, SECONDA POSIZIONE IN CLASSIFICA PER LE RAGAZZE DI AGORDO<\/h3>\n<\/blockquote>\n<p><strong><a class=\"dt-pswp-item\" href=\"https:\/\/www.radiopiu.net\/wordpress\/wp-content\/uploads\/2021\/12\/VOLLEY-CLUB-AGORDINO-2021.jpg\" data-dt-img-description=\"\" data-large_image_width=\"1024\" data-large_image_height=\"696\"><img loading=\"lazy\" decoding=\"async\" class=\" wp-image-248367 alignleft\" src=\"https:\/\/www.radiopiu.net\/wordpress\/wp-content\/uploads\/2021\/12\/VOLLEY-CLUB-AGORDINO-2021-300x204.jpg\" alt=\"\" width=\"157\" height=\"107\" srcset=\"https:\/\/www.radiopiu.net\/wordpress\/wp-content\/uploads\/2021\/12\/VOLLEY-CLUB-AGORDINO-2021-300x204.jpg 300w, https:\/\/www.radiopiu.net\/wordpress\/wp-content\/uploads\/2021\/12\/VOLLEY-CLUB-AGORDINO-2021-768x522.jpg 768w, https:\/\/www.radiopiu.net\/wordpress\/wp-content\/uploads\/2021\/12\/VOLLEY-CLUB-AGORDINO-2021.jpg 1024w\" sizes=\"auto, (max-width: 157px) 100vw, 157px\" \/><\/a>VOLLEY CLUB AGORDINO &#8211; BORSOI ODERZO 3-1 (27-25, 22-25, 25-15, 25-19)<\/strong><\/p>\n<p>Continua lo splendido ruolino di marcia del Volley Club Agordino nel campionato di Seconda Divisione che la PalaRova di Agordo vince ancora. A pagarne le spese questa volta sono le trevigiane del Bosoi Oderzo. Ottima prestazione delle ragazze allenate da De Nardin che cedono solo un set alle avversarie chiudendo la gara sul 3 a 1. Prima parte di gara combattuta con le due compagni che giocano punto a punto ma il primo punto della sfida va alle agordine. L&#8217;Oderzo risponde nel secondo parziale ma poi crolla e il Volley Club Agordino fa la voce grossa vincendo il terzo e quarto set con un buon divario. Agordine seconde in classifica nel girone A della Seconda Divisione a soli 3 punti dalla capolista Santa Giustina. Ora quasi un mese di pausa, il Volley Club Agordino torna in campo l&#8217;8 maggio per giocare in trasferta contro il Conegliano.<\/p>\n<p><strong>IL RIASSUNTO DELLA PARTITA A CURA DI MARCO DE BASTIANI<\/strong><\/p>\n<audio class=\"wp-audio-shortcode\" id=\"audio-269610-16\" preload=\"none\" style=\"width: 100%;\" controls=\"controls\"><source type=\"audio\/mpeg\" src=\"https:\/\/www.radiopiu.net\/wordpress\/wp-content\/uploads\/2022\/04\/MARCO-DE-BASTIANI-VOLLEY-AGORDINO.mp3?_=16\" \/><a href=\"https:\/\/www.radiopiu.net\/wordpress\/wp-content\/uploads\/2022\/04\/MARCO-DE-BASTIANI-VOLLEY-AGORDINO.mp3\">https:\/\/www.radiopiu.net\/wordpress\/wp-content\/uploads\/2022\/04\/MARCO-DE-BASTIANI-VOLLEY-AGORDINO.mp3<\/a><\/audio>\n<p>&nbsp;<\/p>\n<p>&nbsp;<\/p>\n<hr \/>\n<p>&nbsp;<\/p>\n<p><span style=\"color: #0000ff;\"><strong>SCI DI FONDO<\/strong><\/span><\/p>\n<blockquote>\n<h3>SI CHIUDE LA STAGIONE DELLE LUNGHE DISTANZE PER LORENZO BUSIN<\/h3>\n<\/blockquote>\n<p><strong><a class=\"dt-pswp-item\" href=\"https:\/\/www.radiopiu.net\/wordpress\/wp-content\/uploads\/2022\/04\/3a4c5132-547c-476e-8983-68ad70c77e9d.jpg\" data-dt-img-description=\"\" data-large_image_width=\"1024\" data-large_image_height=\"732\"><img loading=\"lazy\" decoding=\"async\" class=\" wp-image-269794 alignleft\" src=\"https:\/\/www.radiopiu.net\/wordpress\/wp-content\/uploads\/2022\/04\/3a4c5132-547c-476e-8983-68ad70c77e9d-300x214.jpg\" alt=\"\" width=\"182\" height=\"130\" srcset=\"https:\/\/www.radiopiu.net\/wordpress\/wp-content\/uploads\/2022\/04\/3a4c5132-547c-476e-8983-68ad70c77e9d-300x214.jpg 300w, https:\/\/www.radiopiu.net\/wordpress\/wp-content\/uploads\/2022\/04\/3a4c5132-547c-476e-8983-68ad70c77e9d-768x549.jpg 768w, https:\/\/www.radiopiu.net\/wordpress\/wp-content\/uploads\/2022\/04\/3a4c5132-547c-476e-8983-68ad70c77e9d.jpg 1024w\" sizes=\"auto, (max-width: 182px) 100vw, 182px\" \/><\/a>REDAZIONE<\/strong> Si \u00e8 chiusa la stagione sciictica di Lorenzo Busin che ha partecipato all&#8217;ultima gara del circuito Visma Ski Classic. In Lapponia alla Yllas Levi l&#8217;atleta del Team Internorm Trentino ha chiuso al 41\u00b0 posto assoluto nella gara di 70 km. Una stagione carica di soddisfazioni per il giovane della Valle Del Biois, capace di vincere anche la Voite Bondone Marathon circa un mese fa oltre che ottenere degli ottimi risultati sulle varie gare del circuito Visma, le gran fondo a livello europeo. Ora il meritato riposo in attesa della preparazione per la prossima stagione sugli sci stretti.<em> (foto: Team Internorm Trentino &#8211; Instagram)<\/em><\/p>\n<p>&nbsp;<\/p>\n<p>&nbsp;<\/p>\n<hr \/>\n<p>&nbsp;<\/p>\n<p><span style=\"color: #0000ff;\"><strong>HOCKEY SU GHIACCIO<\/strong><\/span><\/p>\n<blockquote>\n<h3>L&#8217;ITALIA FEMMINILE CEDE ALLA CINA PER 6 A 3 E RIMANE A ZERO PUNTI<\/h3>\n<\/blockquote>\n<p><a class=\"dt-pswp-item\" href=\"https:\/\/www.radiopiu.net\/wordpress\/wp-content\/uploads\/2022\/04\/e113f94d-c5d4-7b8b-6afb-e5467d055711.jpg\" data-dt-img-description=\"\" data-large_image_width=\"1151\" data-large_image_height=\"576\"><img loading=\"lazy\" decoding=\"async\" class=\"size-thumbnail wp-image-269813 alignleft\" src=\"https:\/\/www.radiopiu.net\/wordpress\/wp-content\/uploads\/2022\/04\/e113f94d-c5d4-7b8b-6afb-e5467d055711-150x150.jpg\" alt=\"\" width=\"150\" height=\"150\" \/><\/a>Nella seconda partita dei Mondiali di Katowice arriva la seconda sconfitta per la Nazionale Femminile che rimane ancora a secco di punti dopo il 3:6 contro la capolista Cina. Ancora una volta, come all\u2019esordio contro la Slovenia, la partenza non \u00e8 delle migliori e la Cina si ritrova sul 3:0 dopo 14 minuti di gioco oltre a constatare l\u2019infortunio in porta della Biondi (sostituita dalla Fedel). Poi il match si fa pi\u00f9 equilibrato e l\u2019Italia tenta una faticosa risalita. Anna Caumo, in powerplay, e Valentina Bettarini suonano la riscossa ma la Cina non molla e sempre avanti alla seconda sirena (4:2). \u00a0Nel terzo tempo Rebecca Roccella riporta (quasi) in partita le Azzurre ma poi \u00e8 solo Cina che sancisce la vittoria per 6:3. Per l\u2019Italia la prossima sfida oggi contro \u00a0il Kazakistan alle 16:30.<\/p>\n<p>&nbsp;<\/p>\n<p>&nbsp;<\/p>\n<hr \/>\n<p>&nbsp;<\/p>\n<p><span style=\"color: #0000ff;\"><strong>CORSA CAMPESTRE<\/strong><\/span><\/p>\n<blockquote>\n<h3>SPEDIZIONE TRIONFALE PER L&#8217;ATLETICA AGORDINA A FANO. MANUELA BULF ORO NELLA SUA CATEGORIA E NELLA STAFFETTA<\/h3>\n<\/blockquote>\n<p><strong>AGORDO <\/strong><span class=\"s1\">Fine settimana da applausi per i comitati di Belluno e di Feltre alla <span class=\"s2\">23\u00b0<\/span> edizione del Campionato Nazionale di corsa campestre del Centro Sportivo Italiano, svoltosi il 9 e 10 aprile a Fano (Pesaro Urbino) con la partecipazione di oltre 1200 concorrenti, dei quali il 60 per cento Under 14. I due comitati dolomitici hanno infatti conquistato 7 medaglie a livello individuale e quattro nella gara di staffetta. Presenti nelle diverse categorie 15 atleti dell&#8217;Atletica Agordina che si sono ben comportati nel corso del weekend . Percorsi piuttosto pianeggianti, ma resi pi\u00f9 impegnativi dal forte vento che ha caratterizzato tutto il weekend. Sabato nella campestre in evidenza Manuela Bulf con una gara in solitaria dove ha dominato la sua prova diventando campione nazionale di categoria. Domenica si \u00e8 svolta la staffetta delle regioni, i cui atleti rappresentano la propria provincia e regione e i cui componenti possono essere di societ\u00e0 diverse. Anche in questo caso la staffetta in cui era presente Manuela Bulf \u00e8 risultata vincitrice.<\/span><\/p>\n\n\t\t\t<style type='text\/css'>\n\t\t\t\t#gallery-6 {\n\t\t\t\t\tmargin: auto;\n\t\t\t\t}\n\t\t\t\t#gallery-6 .gallery-item {\n\t\t\t\t\tfloat: left;\n\t\t\t\t\tmargin-top: 10px;\n\t\t\t\t\ttext-align: center;\n\t\t\t\t\twidth: 33%;\n\t\t\t\t}\n\t\t\t\t#gallery-6 img {\n\t\t\t\t\tborder: 2px solid #cfcfcf;\n\t\t\t\t}\n\t\t\t\t#gallery-6 .gallery-caption {\n\t\t\t\t\tmargin-left: 0;\n\t\t\t\t}\n\t\t\t\t\/* see gallery_shortcode() in wp-includes\/media.php *\/\n\t\t\t<\/style>\n\t\t<div id='gallery-6' class='dt-gallery-container gallery galleryid-269610 gallery-columns-3 gallery-size-thumbnail'><dl class='gallery-item'>\n\t\t\t\t<dt class='gallery-icon landscape'>\n\t\t\t\t\t<a class=\"rollover rollover-zoom dt-pswp-item\" title=\"40734ea3-bd4a-44aa-b896-5a85a254e38e\" data-dt-img-description=\"\" data-large_image_width=\"1984\" data-large_image_height=\"1488\"href='https:\/\/www.radiopiu.net\/wordpress\/wp-content\/uploads\/2022\/04\/40734ea3-bd4a-44aa-b896-5a85a254e38e.jpg'><img loading=\"lazy\" decoding=\"async\" width=\"150\" height=\"150\" src=\"https:\/\/www.radiopiu.net\/wordpress\/wp-content\/uploads\/2022\/04\/40734ea3-bd4a-44aa-b896-5a85a254e38e-150x150.jpg\" class=\"attachment-thumbnail size-thumbnail\" alt=\"\" \/><\/a>\n\t\t\t\t<\/dt><\/dl><dl class='gallery-item'>\n\t\t\t\t<dt class='gallery-icon landscape'>\n\t\t\t\t\t<a class=\"rollover rollover-zoom dt-pswp-item\" title=\"69d4a320-3d31-45e2-b8e4-8c1e4e6fc631\" data-dt-img-description=\"\" data-large_image_width=\"1600\" data-large_image_height=\"757\"href='https:\/\/www.radiopiu.net\/wordpress\/wp-content\/uploads\/2022\/04\/69d4a320-3d31-45e2-b8e4-8c1e4e6fc631.jpg'><img loading=\"lazy\" decoding=\"async\" width=\"150\" height=\"150\" src=\"https:\/\/www.radiopiu.net\/wordpress\/wp-content\/uploads\/2022\/04\/69d4a320-3d31-45e2-b8e4-8c1e4e6fc631-150x150.jpg\" class=\"attachment-thumbnail size-thumbnail\" alt=\"\" \/><\/a>\n\t\t\t\t<\/dt><\/dl><dl class='gallery-item'>\n\t\t\t\t<dt class='gallery-icon landscape'>\n\t\t\t\t\t<a class=\"rollover rollover-zoom dt-pswp-item\" title=\"csi belluno e casi feltre - fano camp nazionale cross 10 aprile 2022\" data-dt-img-description=\"\" data-large_image_width=\"2046\" data-large_image_height=\"1365\"href='https:\/\/www.radiopiu.net\/wordpress\/wp-content\/uploads\/2022\/04\/csi-belluno-e-casi-feltre-fano-camp-nazionale-cross-10-aprile-2022.jpeg'><img loading=\"lazy\" decoding=\"async\" width=\"150\" height=\"150\" src=\"https:\/\/www.radiopiu.net\/wordpress\/wp-content\/uploads\/2022\/04\/csi-belluno-e-casi-feltre-fano-camp-nazionale-cross-10-aprile-2022-150x150.jpeg\" class=\"attachment-thumbnail size-thumbnail\" alt=\"\" \/><\/a>\n\t\t\t\t<\/dt><\/dl><br style=\"clear: both\" \/>\n\t\t\t<\/div>\n\n<p>&nbsp;<\/p>\n<hr \/>\n<p>&nbsp;<\/p>\n<p><span style=\"color: #0000ff;\"><strong>SPORT E SOLIDARIETA&#8217;<\/strong><\/span><\/p>\n<blockquote>\n<h3 class=\"entry-title\">GS LA PIAVE 2000, GARA DI SOLIDARIETA&#8217; PER IL DEFIBRILLATORE<\/h3>\n<\/blockquote>\n<p class=\"photoswipe-wrapper\"><strong class=\"photoswipe-wrapper\"><a class=\"dt-pswp-item pspw-wrap-ready\" href=\"https:\/\/www.radiopiu.net\/wordpress\/wp-content\/uploads\/2022\/04\/Cross4b_Linaugurazione-del-defibrillatore.jpg\" data-dt-img-description=\"\" data-large_image_width=\"1280\" data-large_image_height=\"852\"><img loading=\"lazy\" decoding=\"async\" class=\"wp-image-269695 alignleft\" src=\"https:\/\/www.radiopiu.net\/wordpress\/wp-content\/uploads\/2022\/04\/Cross4b_Linaugurazione-del-defibrillatore-300x200.jpg\" sizes=\"auto, (max-width: 300px) 100vw, 300px\" srcset=\"https:\/\/www.radiopiu.net\/wordpress\/wp-content\/uploads\/2022\/04\/Cross4b_Linaugurazione-del-defibrillatore-300x200.jpg 300w, https:\/\/www.radiopiu.net\/wordpress\/wp-content\/uploads\/2022\/04\/Cross4b_Linaugurazione-del-defibrillatore-1024x682.jpg 1024w, https:\/\/www.radiopiu.net\/wordpress\/wp-content\/uploads\/2022\/04\/Cross4b_Linaugurazione-del-defibrillatore-768x511.jpg 768w, https:\/\/www.radiopiu.net\/wordpress\/wp-content\/uploads\/2022\/04\/Cross4b_Linaugurazione-del-defibrillatore.jpg 1280w\" alt=\"\" width=\"161\" height=\"107\" \/><\/a>BORGO VALBELLUNA<\/strong>\u00a0\u00a0Una gara in cui hanno vinto tutti. Perch\u00e9 l\u2019obiettivo non era tagliare per primi il traguardo, ma raccogliere fondi per l\u2019acquisto di un defibrillatore da destinare agli impianti sportivi di Mel. La gara di solidariet\u00e0, lanciata dal Gs La Piave 2000, \u00e8 giunta a buon fine. Il 27 febbraio, in occasione della corsa campestre regionale di Borgo Valbelluna, il defibrillatore \u00e8 stato posizionato nei pressi della rinnovata pista di atletica, in localit\u00e0 La Lora. E l\u2019apparecchiatura \u00e8 stata dedicata a Carlo Alberto Conte, il giovane atleta padovano che qualche settimana prima era stato colpito da un malore, poi purtroppo rivelatosi fatale, al cross di Vittorio Veneto. Il defibrillatore \u00e8 costato 2311,90 euro, cifra che \u00e8 stata raccolta attraverso donazioni da privati e da cinque associazioni del territorio che si sono aggiunte al Gs La Piave 2000: il gruppo frazionale Frontin, il\u00a0<a class=\"dt-pswp-item pspw-wrap-ready\" href=\"https:\/\/www.radiopiu.net\/wordpress\/wp-content\/uploads\/2022\/04\/Tremea_Patrizia_presidente-del-Gs-La-Piave-2000_b.jpg\" data-dt-img-description=\"\" data-large_image_width=\"727\" data-large_image_height=\"1004\"><img loading=\"lazy\" decoding=\"async\" class=\" wp-image-269696 alignright\" src=\"https:\/\/www.radiopiu.net\/wordpress\/wp-content\/uploads\/2022\/04\/Tremea_Patrizia_presidente-del-Gs-La-Piave-2000_b-150x150.jpg\" alt=\"\" width=\"117\" height=\"117\" \/><\/a>Gruppo Castionese, l\u2019ABVS sezione di Trichiana, la Societ\u00e0 Filarmonica Lentiai e il Gruppo Ana Lentiai.<\/p>\n<blockquote><p>\u201c<em>Noi c<\/em><em>\u2019<\/em><em>eravamo quando a Vittorio Veneto Carlo Alberto si \u00e8 sentito male. E questa disgrazia ci ha fatto riflettere sulla necessit\u00e0 di rendere sempre pi\u00f9 sicuri i luoghi dello sport<\/em>\u00a0\u2013 commenta Patrizia Tremea (foto), presidente del Gs La Piave 2000 -.\u00a0<em>Ringraziamo di cuore chi ha partecipato all\u2019iniziativa, che va a beneficio di tutti gli utenti dell\u2019impianto<\/em>\u201d.<\/p><\/blockquote>\n<p>&nbsp;<\/p>\n<p>&nbsp;<\/p>\n<p>&nbsp;<\/p>\n<\/div>\n<\/div>\n<\/div>\n<\/div>\n<\/div>\n<\/div>\n<\/div>\n<\/div>\n<\/div>\n<\/div>\n<\/div>\n<\/div>\n<\/div>\n<\/div>\n<\/div>\n<\/div>\n<\/div>\n<\/div>\n<\/div>\n<\/div>\n<\/div>\n<\/div>\n<\/div>\n<\/div>\n<\/div>\n<\/div>\n<\/div>\n<\/div>\n<\/div>\n<\/div>\n<\/div>\n<\/div>\n<\/div>\n<\/div>\n<\/div>\n<\/div>\n<\/div>\n<\/div>\n<\/div>\n<\/div>\n<\/div>\n<\/div>\n<\/div>\n<\/div>\n<\/div>\n<\/div>\n<\/div>\n<\/div>\n<\/div>\n<\/div>\n<\/div>\n<\/div>\n<\/div>\n<\/div>\n<\/div>\n<\/div>\n<\/div>\n<\/div>\n<\/div>\n<\/div>\n<\/div>\n<\/div>\n<\/div>\n<\/div>\n<\/div>\n<\/div>\n<\/div>\n<\/div>\n<\/div>\n<\/div>\n<\/div>\n<\/div>\n<\/div>\n<\/div>\n<\/div>\n<\/div>\n<\/div>\n<\/div>\n<\/div>\n<\/div>\n<\/div>\n<\/div>\n<\/div>\n<\/div>\n<\/div>\n<\/div>\n<\/div>\n<\/div>\n<\/div>\n<\/div>\n<\/div>\n<\/div>\n<\/div>\n<\/div>\n<\/div>\n<\/div>\n<\/div>\n<\/div>\n<\/div>\n<\/div>\n<\/div>\n<\/div>\n<\/div>\n<\/div>\n<\/div>\n<\/div>\n<\/div>\n<\/div>\n","protected":false},"excerpt":{"rendered":"<p>INFORMAZIONE il canale su TELEGRAM informazione di prima\u00a0 mano e in tempo reale. iscriviti ed aiutaci a farlo conoscere\u00a0 FOTO COPERTINA DI LUCA ZANFRON, IERI SERA IL CONCERTO A CASTION DI MAT ANDRICH E MATTEO V DAL FARRA CON LA PRESENTAZIONE DEL NUOVO SINGOLO. LA DIRETTA SUL SITO DI RADIO PIU &nbsp; &nbsp; OGGI ALLE&hellip;<\/p>\n","protected":false},"author":4,"featured_media":269918,"comment_status":"closed","ping_status":"closed","sticky":false,"template":"","format":"standard","meta":{"_monsterinsights_skip_tracking":false,"_monsterinsights_sitenote_active":false,"_monsterinsights_sitenote_note":"","_monsterinsights_sitenote_category":0,"footnotes":""},"categories":[104,86,49],"tags":[],"class_list":["post-269610","post","type-post","status-publish","format-standard","has-post-thumbnail","hentry","category-evidenza_3","category-gr","category-news-18","category-104","category-86","category-49","description-off"],"img_url":"https:\/\/www.radiopiu.net\/wordpress\/wp-content\/uploads\/2022\/04\/0b3adb8d-41ae-4758-9ccc-de407a69f22d.jpg","_links":{"self":[{"href":"https:\/\/www.radiopiu.net\/wordpress\/wp-json\/wp\/v2\/posts\/269610","targetHints":{"allow":["GET"]}}],"collection":[{"href":"https:\/\/www.radiopiu.net\/wordpress\/wp-json\/wp\/v2\/posts"}],"about":[{"href":"https:\/\/www.radiopiu.net\/wordpress\/wp-json\/wp\/v2\/types\/post"}],"author":[{"embeddable":true,"href":"https:\/\/www.radiopiu.net\/wordpress\/wp-json\/wp\/v2\/users\/4"}],"replies":[{"embeddable":true,"href":"https:\/\/www.radiopiu.net\/wordpress\/wp-json\/wp\/v2\/comments?post=269610"}],"version-history":[{"count":0,"href":"https:\/\/www.radiopiu.net\/wordpress\/wp-json\/wp\/v2\/posts\/269610\/revisions"}],"wp:featuredmedia":[{"embeddable":true,"href":"https:\/\/www.radiopiu.net\/wordpress\/wp-json\/wp\/v2\/media\/269918"}],"wp:attachment":[{"href":"https:\/\/www.radiopiu.net\/wordpress\/wp-json\/wp\/v2\/media?parent=269610"}],"wp:term":[{"taxonomy":"category","embeddable":true,"href":"https:\/\/www.radiopiu.net\/wordpress\/wp-json\/wp\/v2\/categories?post=269610"},{"taxonomy":"post_tag","embeddable":true,"href":"https:\/\/www.radiopiu.net\/wordpress\/wp-json\/wp\/v2\/tags?post=269610"}],"curies":[{"name":"wp","href":"https:\/\/api.w.org\/{rel}","templated":true}]}}