{"id":269691,"date":"2022-04-09T11:03:05","date_gmt":"2022-04-09T09:03:05","guid":{"rendered":"https:\/\/www.radiopiu.net\/wordpress\/?p=269691"},"modified":"2022-04-09T11:03:05","modified_gmt":"2022-04-09T09:03:05","slug":"il-nuovo-consiglio-damministrazione-della-casa-di-riposo-di-alano","status":"publish","type":"post","link":"https:\/\/www.radiopiu.net\/wordpress\/il-nuovo-consiglio-damministrazione-della-casa-di-riposo-di-alano\/","title":{"rendered":"IL NUOVO CONSIGLIO D&#8217;AMMINISTRAZIONE DELLA CASA DI RIPOSO DI ALANO"},"content":{"rendered":"<div>\n<p dir=\"ltr\"><strong><a class=\"dt-pswp-item\" href=\"https:\/\/www.radiopiu.net\/wordpress\/wp-content\/uploads\/2022\/04\/gazebo_alano_1.jpeg\" data-dt-img-description=\"\" data-large_image_width=\"1600\" data-large_image_height=\"1200\"><img loading=\"lazy\" decoding=\"async\" class=\"wp-image-269692 size-medium alignleft\" src=\"https:\/\/www.radiopiu.net\/wordpress\/wp-content\/uploads\/2022\/04\/gazebo_alano_1-300x225.jpeg\" alt=\"\" width=\"300\" height=\"225\" srcset=\"https:\/\/www.radiopiu.net\/wordpress\/wp-content\/uploads\/2022\/04\/gazebo_alano_1-300x225.jpeg 300w, https:\/\/www.radiopiu.net\/wordpress\/wp-content\/uploads\/2022\/04\/gazebo_alano_1-1024x768.jpeg 1024w, https:\/\/www.radiopiu.net\/wordpress\/wp-content\/uploads\/2022\/04\/gazebo_alano_1-768x576.jpeg 768w, https:\/\/www.radiopiu.net\/wordpress\/wp-content\/uploads\/2022\/04\/gazebo_alano_1-1536x1152.jpeg 1536w, https:\/\/www.radiopiu.net\/wordpress\/wp-content\/uploads\/2022\/04\/gazebo_alano_1.jpeg 1600w\" sizes=\"auto, (max-width: 300px) 100vw, 300px\" \/><\/a>ALANO DI PIAVE<\/strong>\u00a0 Nuovo consiglio di amministrazione per la Fondazione Sant\u2019Antonio Abate\u00a0 che gestisce la residenza per anziani, l\u2019ospedale di comunit\u00e0 e la comunit\u00e0 alloggio Casa Nani. Presidente \u00e8 Patrizia Scalabrin, vicentina, manager con 25 anni di esperienza nel settore dell\u2019assistenza anziani \u00e8 anche presidente della Fondazione Santi Antonio e Michele, che gestisce la casa di riposo di Fonzaso; ed \u00e8 consigliera di Uneba Veneto, associazione di categoria del non profit sociosanitario di cui anche Fondazione Sant\u2019Antonio Abate fa parte. In consiglio di amministrazione anche Domenico Scibetta, gi\u00e0 direttore sanitario della Ulss 2 di Feltre dal 2008 al 2013\u00a0 e successivamente direttore generale della Ulss di Padova. Attualmente \u00e8 presidente di Federsanit\u00e0 Anci Venet, \u00a0ha la delega a seguire in prima persona i servizi e le autorizzazioni e accreditamenti. Completa il consiglio di amministrazione, e ne \u00e8 vicepresidentessa, Maria Mondin, gi\u00e0 membro e vice presidente del consiglio uscente, imprenditrice molto apprezzata nel territorio e impegnata nel mondo del volontariato che garantir\u00e0 la continuit\u00e0 dell\u2019organo consiliare. Scalabrin e Scibetta prendono il posto in consiglio di amministrazione del presidente uscente Matteo Segafredo e del consigliere Cesare Baldon. La Fondazione ringrazia il presidente Segafredo e a tutto il CdA uscente per il lavoro svolto in questi anni, segnati da ultimo, dalla fatica della pandemia, augura ai nuovi consiglieri un sereno percorso lavorativo che incrocia le sfide della riforma dei servizi per la non autosufficienza voluta dal Governo Draghi e i bisogni di assistenza sempre pi\u00f9 alti degli anziani che si rivolgono alle strutture residenziali.<\/p>\n<blockquote>\n<p dir=\"ltr\"><em>Nel 1923\u00a0 Casa Sant\u2019Antonio Abate festegger\u00e0 i suoi 100 anni di attivit\u00e0 al servizio degli anziani fragili e di tutta la comunit\u00e0 di Alano.<\/em><\/p>\n<\/blockquote>\n<\/div>\n<div>\n<div><\/div>\n<div><\/div>\n<\/div>\n","protected":false},"excerpt":{"rendered":"<p>ALANO DI PIAVE\u00a0 Nuovo consiglio di amministrazione per la Fondazione Sant\u2019Antonio Abate\u00a0 che gestisce la residenza per anziani, l\u2019ospedale di comunit\u00e0 e la comunit\u00e0 alloggio Casa Nani. Presidente \u00e8 Patrizia Scalabrin, vicentina, manager con 25 anni di esperienza nel settore dell\u2019assistenza anziani \u00e8 anche presidente della Fondazione Santi Antonio e Michele, che gestisce la casa&hellip;<\/p>\n","protected":false},"author":4,"featured_media":269692,"comment_status":"closed","ping_status":"closed","sticky":false,"template":"","format":"standard","meta":{"_monsterinsights_skip_tracking":false,"_monsterinsights_sitenote_active":false,"_monsterinsights_sitenote_note":"","_monsterinsights_sitenote_category":0,"footnotes":""},"categories":[49],"tags":[],"class_list":["post-269691","post","type-post","status-publish","format-standard","has-post-thumbnail","hentry","category-news-18","category-49","description-off"],"img_url":"https:\/\/www.radiopiu.net\/wordpress\/wp-content\/uploads\/2022\/04\/gazebo_alano_1.jpeg","_links":{"self":[{"href":"https:\/\/www.radiopiu.net\/wordpress\/wp-json\/wp\/v2\/posts\/269691","targetHints":{"allow":["GET"]}}],"collection":[{"href":"https:\/\/www.radiopiu.net\/wordpress\/wp-json\/wp\/v2\/posts"}],"about":[{"href":"https:\/\/www.radiopiu.net\/wordpress\/wp-json\/wp\/v2\/types\/post"}],"author":[{"embeddable":true,"href":"https:\/\/www.radiopiu.net\/wordpress\/wp-json\/wp\/v2\/users\/4"}],"replies":[{"embeddable":true,"href":"https:\/\/www.radiopiu.net\/wordpress\/wp-json\/wp\/v2\/comments?post=269691"}],"version-history":[{"count":0,"href":"https:\/\/www.radiopiu.net\/wordpress\/wp-json\/wp\/v2\/posts\/269691\/revisions"}],"wp:featuredmedia":[{"embeddable":true,"href":"https:\/\/www.radiopiu.net\/wordpress\/wp-json\/wp\/v2\/media\/269692"}],"wp:attachment":[{"href":"https:\/\/www.radiopiu.net\/wordpress\/wp-json\/wp\/v2\/media?parent=269691"}],"wp:term":[{"taxonomy":"category","embeddable":true,"href":"https:\/\/www.radiopiu.net\/wordpress\/wp-json\/wp\/v2\/categories?post=269691"},{"taxonomy":"post_tag","embeddable":true,"href":"https:\/\/www.radiopiu.net\/wordpress\/wp-json\/wp\/v2\/tags?post=269691"}],"curies":[{"name":"wp","href":"https:\/\/api.w.org\/{rel}","templated":true}]}}