{"id":269694,"date":"2022-04-09T11:06:47","date_gmt":"2022-04-09T09:06:47","guid":{"rendered":"https:\/\/www.radiopiu.net\/wordpress\/?p=269694"},"modified":"2022-04-09T11:06:47","modified_gmt":"2022-04-09T09:06:47","slug":"gs-la-piave-2000-gara-di-solidarieta-per-il-defibrillatore","status":"publish","type":"post","link":"https:\/\/www.radiopiu.net\/wordpress\/gs-la-piave-2000-gara-di-solidarieta-per-il-defibrillatore\/","title":{"rendered":"GS LA PIAVE 2000, GARA DI SOLIDARIET\u00e0 PER IL DEFIBRILLATORE\u00a0\u00a0\u00a0"},"content":{"rendered":"<p><strong><a class=\"dt-pswp-item\" href=\"https:\/\/www.radiopiu.net\/wordpress\/wp-content\/uploads\/2022\/04\/Cross4b_Linaugurazione-del-defibrillatore.jpg\" data-dt-img-description=\"\" data-large_image_width=\"1280\" data-large_image_height=\"852\"><img loading=\"lazy\" decoding=\"async\" class=\"wp-image-269695 size-medium alignleft\" src=\"https:\/\/www.radiopiu.net\/wordpress\/wp-content\/uploads\/2022\/04\/Cross4b_Linaugurazione-del-defibrillatore-300x200.jpg\" alt=\"\" width=\"300\" height=\"200\" srcset=\"https:\/\/www.radiopiu.net\/wordpress\/wp-content\/uploads\/2022\/04\/Cross4b_Linaugurazione-del-defibrillatore-300x200.jpg 300w, https:\/\/www.radiopiu.net\/wordpress\/wp-content\/uploads\/2022\/04\/Cross4b_Linaugurazione-del-defibrillatore-1024x682.jpg 1024w, https:\/\/www.radiopiu.net\/wordpress\/wp-content\/uploads\/2022\/04\/Cross4b_Linaugurazione-del-defibrillatore-768x511.jpg 768w, https:\/\/www.radiopiu.net\/wordpress\/wp-content\/uploads\/2022\/04\/Cross4b_Linaugurazione-del-defibrillatore.jpg 1280w\" sizes=\"auto, (max-width: 300px) 100vw, 300px\" \/><\/a>BORGO VALBELLUNA<\/strong> \u00a0Una gara in cui hanno vinto tutti. Perch\u00e9 l\u2019obiettivo non era tagliare per primi il traguardo, ma raccogliere fondi per l\u2019acquisto di un defibrillatore da destinare agli impianti sportivi di Mel. La gara di solidariet\u00e0, lanciata dal Gs La Piave 2000, \u00e8 giunta a buon fine. Il 27 febbraio, in occasione della corsa campestre regionale di Borgo Valbelluna, il defibrillatore \u00e8 stato posizionato nei pressi della rinnovata pista di atletica, in localit\u00e0 La Lora. E l\u2019apparecchiatura \u00e8 stata dedicata a Carlo Alberto Conte, il giovane atleta padovano che qualche settimana prima era stato colpito da un malore, poi purtroppo rivelatosi fatale, al cross di Vittorio Veneto. Il defibrillatore \u00e8 costato 2311,90 euro, cifra che \u00e8 stata raccolta attraverso donazioni da privati e da cinque associazioni del territorio che si sono aggiunte al Gs La Piave 2000: il gruppo frazionale Frontin, il <a class=\"dt-pswp-item\" href=\"https:\/\/www.radiopiu.net\/wordpress\/wp-content\/uploads\/2022\/04\/Tremea_Patrizia_presidente-del-Gs-La-Piave-2000_b.jpg\" data-dt-img-description=\"\" data-large_image_width=\"727\" data-large_image_height=\"1004\"><img loading=\"lazy\" decoding=\"async\" class=\"size-thumbnail wp-image-269696 alignright\" src=\"https:\/\/www.radiopiu.net\/wordpress\/wp-content\/uploads\/2022\/04\/Tremea_Patrizia_presidente-del-Gs-La-Piave-2000_b-150x150.jpg\" alt=\"\" width=\"150\" height=\"150\" \/><\/a>Gruppo Castionese, l\u2019ABVS sezione di Trichiana, la Societ\u00e0 Filarmonica Lentiai e il Gruppo Ana Lentiai.<\/p>\n<blockquote><p>\u201c<em>Noi c<\/em><em>\u2019<\/em><em>eravamo quando a Vittorio Veneto Carlo Alberto si \u00e8 sentito male. E questa disgrazia ci ha fatto riflettere sulla necessit\u00e0 di rendere sempre pi\u00f9 sicuri i luoghi dello sport<\/em> &#8211; commenta Patrizia Tremea (foto), presidente del Gs La Piave 2000 -. <em>Ringraziamo di cuore chi ha partecipato all\u2019iniziativa, che va a beneficio di tutti gli utenti dell\u2019impianto<\/em>\u201d.<\/p><\/blockquote>\n<p>&nbsp;<\/p>\n<p>&nbsp;<\/p>\n<p>___<\/p>\n<p>&nbsp;<\/p>\n<p>&nbsp;<\/p>\n","protected":false},"excerpt":{"rendered":"<p>BORGO VALBELLUNA \u00a0Una gara in cui hanno vinto tutti. Perch\u00e9 l\u2019obiettivo non era tagliare per primi il traguardo, ma raccogliere fondi per l\u2019acquisto di un defibrillatore da destinare agli impianti sportivi di Mel. La gara di solidariet\u00e0, lanciata dal Gs La Piave 2000, \u00e8 giunta a buon fine. Il 27 febbraio, in occasione della corsa&hellip;<\/p>\n","protected":false},"author":4,"featured_media":269695,"comment_status":"closed","ping_status":"closed","sticky":false,"template":"","format":"standard","meta":{"_monsterinsights_skip_tracking":false,"_monsterinsights_sitenote_active":false,"_monsterinsights_sitenote_note":"","_monsterinsights_sitenote_category":0,"footnotes":""},"categories":[49],"tags":[],"class_list":["post-269694","post","type-post","status-publish","format-standard","has-post-thumbnail","hentry","category-news-18","category-49","description-off"],"img_url":"https:\/\/www.radiopiu.net\/wordpress\/wp-content\/uploads\/2022\/04\/Cross4b_Linaugurazione-del-defibrillatore.jpg","_links":{"self":[{"href":"https:\/\/www.radiopiu.net\/wordpress\/wp-json\/wp\/v2\/posts\/269694","targetHints":{"allow":["GET"]}}],"collection":[{"href":"https:\/\/www.radiopiu.net\/wordpress\/wp-json\/wp\/v2\/posts"}],"about":[{"href":"https:\/\/www.radiopiu.net\/wordpress\/wp-json\/wp\/v2\/types\/post"}],"author":[{"embeddable":true,"href":"https:\/\/www.radiopiu.net\/wordpress\/wp-json\/wp\/v2\/users\/4"}],"replies":[{"embeddable":true,"href":"https:\/\/www.radiopiu.net\/wordpress\/wp-json\/wp\/v2\/comments?post=269694"}],"version-history":[{"count":0,"href":"https:\/\/www.radiopiu.net\/wordpress\/wp-json\/wp\/v2\/posts\/269694\/revisions"}],"wp:featuredmedia":[{"embeddable":true,"href":"https:\/\/www.radiopiu.net\/wordpress\/wp-json\/wp\/v2\/media\/269695"}],"wp:attachment":[{"href":"https:\/\/www.radiopiu.net\/wordpress\/wp-json\/wp\/v2\/media?parent=269694"}],"wp:term":[{"taxonomy":"category","embeddable":true,"href":"https:\/\/www.radiopiu.net\/wordpress\/wp-json\/wp\/v2\/categories?post=269694"},{"taxonomy":"post_tag","embeddable":true,"href":"https:\/\/www.radiopiu.net\/wordpress\/wp-json\/wp\/v2\/tags?post=269694"}],"curies":[{"name":"wp","href":"https:\/\/api.w.org\/{rel}","templated":true}]}}