{"id":269705,"date":"2022-04-09T14:37:27","date_gmt":"2022-04-09T12:37:27","guid":{"rendered":"https:\/\/www.radiopiu.net\/wordpress\/?p=269705"},"modified":"2022-04-11T05:52:59","modified_gmt":"2022-04-11T03:52:59","slug":"il-crollo-delle-creppe-rotte-del-tamer-1791-1792-e-lattuale-dissesto-per-il-crolle-del-tamer-grande","status":"publish","type":"post","link":"https:\/\/www.radiopiu.net\/wordpress\/il-crollo-delle-creppe-rotte-del-tamer-1791-1792-e-lattuale-dissesto-per-il-crolle-del-tamer-grande\/","title":{"rendered":"IL CROLLO DELLE CREPPE ROTTE DEL TAMER, 1791-1792 E L&#8217;ATTUALE DISSESTO PER IL CROLLO DEL TAMER GRANDE"},"content":{"rendered":"<h2><span style=\"color: #ff0000;\"><b>di\u00a0 Tiziano De Col<\/b><\/span><\/h2>\n<p>Abbiamo gi\u00e0 accennato al crollo delle Creppe Rotte del T\u00e0mer in un precedente articolo, dal titolo \u201cFrana del Monte T\u00e0mer \u2013 Ottobre 1888 \u201c reperibile sul sito di Radio Pi\u00f9 :<\/p>\n<p><span style=\"color: #0000ff;\"><u><a href=\"https:\/\/www.radiopiu.net\/wordpress\/frana-del-monte-tamer-ottobre-1888\/\">https:\/\/www.radiopiu.net\/wordpress\/frana-del-monte-tamer-ottobre-1888\/<\/a><\/u><\/span><\/p>\n<p><a class=\"dt-pswp-item\" href=\"https:\/\/www.radiopiu.net\/wordpress\/wp-content\/uploads\/2022\/04\/e563ab42-eae9-4de9-8512-4b7ab1d6ce0b.jpg\" data-dt-img-description=\"\" data-large_image_width=\"1086\" data-large_image_height=\"1600\"><img loading=\"lazy\" decoding=\"async\" class=\"wp-image-269709 alignleft\" src=\"https:\/\/www.radiopiu.net\/wordpress\/wp-content\/uploads\/2022\/04\/e563ab42-eae9-4de9-8512-4b7ab1d6ce0b-204x300.jpg\" alt=\"\" width=\"231\" height=\"340\" srcset=\"https:\/\/www.radiopiu.net\/wordpress\/wp-content\/uploads\/2022\/04\/e563ab42-eae9-4de9-8512-4b7ab1d6ce0b-204x300.jpg 204w, https:\/\/www.radiopiu.net\/wordpress\/wp-content\/uploads\/2022\/04\/e563ab42-eae9-4de9-8512-4b7ab1d6ce0b-695x1024.jpg 695w, https:\/\/www.radiopiu.net\/wordpress\/wp-content\/uploads\/2022\/04\/e563ab42-eae9-4de9-8512-4b7ab1d6ce0b-768x1131.jpg 768w, https:\/\/www.radiopiu.net\/wordpress\/wp-content\/uploads\/2022\/04\/e563ab42-eae9-4de9-8512-4b7ab1d6ce0b-1043x1536.jpg 1043w, https:\/\/www.radiopiu.net\/wordpress\/wp-content\/uploads\/2022\/04\/e563ab42-eae9-4de9-8512-4b7ab1d6ce0b.jpg 1086w\" sizes=\"auto, (max-width: 231px) 100vw, 231px\" \/><\/a>In questo articolo proponiamo , in allegato, la descrizione del dissesto avvenuto negli anni 1791 \u2013 1792 e descritta in un manoscritto trascritto da Corrado Da Roit \u2013 Malore a La Val \u2013 Nuovi Sentieri editore 1982 ed attribuito a Giacomo De Zorzi (che gi\u00e0 trascrisse la cronaca della grande Boa del 1701 anche questa gi\u00e0 descritta in un altro precedente nostro articolo : \u201cLa Valle Agordina \u2013 320 anni dalla Boa del 1701 \u2013 racconto in sei parti\u201d anche questo reperibile sul sito di Radio Pi\u00f9 : <span style=\"color: #0000ff;\"><u><a href=\"https:\/\/www.radiopiu.net\/wordpress\/sestadisei\/\">https:\/\/www.radiopiu.net\/wordpress\/sestadisei\/<\/a> \u00a0<\/u><\/span>In allegato fotografico, proponiamo anche una parte di un manoscritto, con una trascrizione (incompleta) dell\u2019evento del 1791-1792, trascritto da Mateo Piligrini da Toras nel 1841. (Archivio Tiziano De Col). Le Creppe Rotte del T\u00e0mer, sono, anche oggigiorno, tutt\u2019altro che stabili ed alleghiamo a questo articolo una serie di fotografie aeree, realizzate da Alessio Fersuoch il 19 luglio 2021 e pubblicate sul sito di Radio Pi\u00f9 , dimostranti l\u2019elevato grado di dissesto tutt\u2019ora presente nel Gruppo del T\u00e0mer, nella Catena di San Sebastiano. <b>Qui a seguito proponiamo anche una descrizione di un evento di crollo, tuttora in atto, di una parte del T\u00e0mer Grande. <\/b>Descrizione area da<i> \u201cPelmo e Dolomiti di Zoldo \u201c Guida dei monti d\u2019Italia \u2013 CAI-TCI \u2013 Angelini \u2013 Sommavilla &#8211; 1983: <\/i>\u201c<i>Crode di T\u00e0mer e Gardesana <\/i><i>Tamer. \u2013 Sono tre cime, che costituiscono il nodo centrale e dominante della catena montuosa, tra la Forcella delle Laste 2297 m e La Porta (del Tamer) 2326 m. <\/i><i>Il T\u00e0mer Piccolo 2550 m \u00e8 la cima pi\u00f9 elevata della catena, il T\u00e0mer pi\u00f9 settentrionale: la qualifica di \u201cpiccolo\u201d si giustifica evidentemente in rapporto con la minor mole rocciosa. Il T\u00e0mer Grande 2547 m continua il precedente verso sud, ne \u00e8 separato da una forcelleta di cresta (Forcelletta dei T\u00e0mer) e corrispondenti canaloni di accesso; ha la mole pi\u00f9 cospicua sull\u2019 alta val Missiaga, dove si affianca un\u2019altra gran mole, in forma di piramide tronca, del terzo T\u00e0mer; quello che \u00e8 anteposto agli altri due per chi guardi da Agordo, cio\u00e8 da SO, T\u00e0mer Davanti 2496-2483 metri\u201d. <\/i>Dalla cima del T\u00e0mer Grande, scendendo per il canalone che separa il T\u00e0mer Grande dal T\u00e0mer piccolo, vi \u00e8 un continuo distacco di roccia, attualmente in corso, e non visibile, n\u00e9 dal paese di La Valle, n\u00e9 dal Monte Celo, in quanto esposto a sud-est e nascosto dietro al costone di roccia che scende fino al Pez\u00e8i, sottostante ghiaione boscato. Probabilmente durante l\u2019alluvione del 1966, le abbondanti acque meteoriche che scesero dal T\u00e0mer, lungo il canalone, scavarono un grande solco nel detrito di falda alla base del T\u00e0mer, a fianco del ghiaione boscato del Pez\u00e8i. Tale grande solco era evidentissimo fino al primi anni \u201980 del secolo scorso e poi, pian piano venne riempito dai massi e ghiaione che cadevano dalla cima e parti sottocima del T\u00e0mer Grande, tant\u00e8 che ora, tale grande solco, si \u00e8 praticamente riempito con lo sfasciume dei continui crolli del sovrastante T\u00e0mer Grande. Il tutto, quasi nell\u2019indifferenza generale, considerata la zona recondita, lontanissima dalle vie rotabili e , come scritto, difficilmente visibile dai centri abitati agordini. La problematica idrogeologica indotta, interessa direttamente il paese di La Valle Agordina, qualora, eventi meteorici estremi, mobilitassero la grande quantit\u00e0 di detrito presente nel vallone e lo convogliasse nel torrente Missiaga che attraversa il paese di La Valle Agordina. Questo sicuramente successe, col detrito allora presente, in occasione dell\u2019 alluvione del 1966 . Attualmente, nel Piano Stralcio per l\u2019Assetto Idrogeologico del Bacino Idrografico del fiume Piave, l\u2019area rappresentata in questo articolo \u00e8 classificata a pericolosit\u00e0 geologica molto elevata.<\/p>\n<p>&nbsp;<\/p>\n<blockquote>\n<h3>\u00a0le immagini aeree sono del volo di Alessio Fersuoch, prima pubblicazione luglio 2021<\/h3>\n<p>&nbsp;<\/p><\/blockquote>\n\n\t\t\t<style type='text\/css'>\n\t\t\t\t#gallery-1 {\n\t\t\t\t\tmargin: auto;\n\t\t\t\t}\n\t\t\t\t#gallery-1 .gallery-item {\n\t\t\t\t\tfloat: left;\n\t\t\t\t\tmargin-top: 10px;\n\t\t\t\t\ttext-align: center;\n\t\t\t\t\twidth: 33%;\n\t\t\t\t}\n\t\t\t\t#gallery-1 img {\n\t\t\t\t\tborder: 2px solid #cfcfcf;\n\t\t\t\t}\n\t\t\t\t#gallery-1 .gallery-caption {\n\t\t\t\t\tmargin-left: 0;\n\t\t\t\t}\n\t\t\t\t\/* see gallery_shortcode() in wp-includes\/media.php *\/\n\t\t\t<\/style>\n\t\t<div id='gallery-1' class='dt-gallery-container gallery galleryid-269705 gallery-columns-3 gallery-size-thumbnail'><dl class='gallery-item'>\n\t\t\t\t<dt class='gallery-icon landscape'>\n\t\t\t\t\t<a class=\"rollover rollover-zoom dt-pswp-item\" title=\"082ca5db-59e4-485b-b8e8-50513079872a\" data-dt-img-description=\"\" data-large_image_width=\"1599\" data-large_image_height=\"899\"href='https:\/\/www.radiopiu.net\/wordpress\/wp-content\/uploads\/2022\/04\/082ca5db-59e4-485b-b8e8-50513079872a.jpg'><img loading=\"lazy\" decoding=\"async\" width=\"150\" height=\"150\" src=\"https:\/\/www.radiopiu.net\/wordpress\/wp-content\/uploads\/2022\/04\/082ca5db-59e4-485b-b8e8-50513079872a-150x150.jpg\" class=\"attachment-thumbnail size-thumbnail\" alt=\"\" \/><\/a>\n\t\t\t\t<\/dt><\/dl><dl class='gallery-item'>\n\t\t\t\t<dt class='gallery-icon landscape'>\n\t\t\t\t\t<a class=\"rollover rollover-zoom dt-pswp-item\" title=\"4a32f175-c09e-4bf4-bf76-071f42f6236e\" data-dt-img-description=\"\" data-large_image_width=\"1599\" data-large_image_height=\"899\"href='https:\/\/www.radiopiu.net\/wordpress\/wp-content\/uploads\/2022\/04\/4a32f175-c09e-4bf4-bf76-071f42f6236e.jpg'><img loading=\"lazy\" decoding=\"async\" width=\"150\" height=\"150\" src=\"https:\/\/www.radiopiu.net\/wordpress\/wp-content\/uploads\/2022\/04\/4a32f175-c09e-4bf4-bf76-071f42f6236e-150x150.jpg\" class=\"attachment-thumbnail size-thumbnail\" alt=\"\" \/><\/a>\n\t\t\t\t<\/dt><\/dl><dl class='gallery-item'>\n\t\t\t\t<dt class='gallery-icon landscape'>\n\t\t\t\t\t<a class=\"rollover rollover-zoom dt-pswp-item\" title=\"b2f9caec-0405-4736-81f6-cc6c77bc150b\" data-dt-img-description=\"\" data-large_image_width=\"1599\" data-large_image_height=\"899\"href='https:\/\/www.radiopiu.net\/wordpress\/wp-content\/uploads\/2022\/04\/b2f9caec-0405-4736-81f6-cc6c77bc150b.jpg'><img loading=\"lazy\" decoding=\"async\" width=\"150\" height=\"150\" src=\"https:\/\/www.radiopiu.net\/wordpress\/wp-content\/uploads\/2022\/04\/b2f9caec-0405-4736-81f6-cc6c77bc150b-150x150.jpg\" class=\"attachment-thumbnail size-thumbnail\" alt=\"\" \/><\/a>\n\t\t\t\t<\/dt><\/dl><br style=\"clear: both\" \/>\n\t\t\t<\/div>\n\n<p>&nbsp;<\/p>\n<p>&nbsp;<\/p>\n<blockquote>\n<h3><b>Il crollo delle Creppe Rotte del Tamer_1791-1792<\/b> (trascritto da Corrado Da Roit \u2013 Malore a La Val \u2013 Nuovi Sentieri editore 1982)<\/h3>\n<\/blockquote>\n<p>\u201c <i>Passati 90 anni dopo la gran perdita della Chiesa, di gran parte de stabili perduti dal dirupamento della montagna della Rova e prati di T\u00e0mer e Rive, con tanto danno degli infelici abitanti della Regola stessa di Valle, di quando in quando la mano giustissima del Signore ci sobisa con i suoi flageli e ci ricorda che la nostra patria non deve essere in questo mondo, ma bens\u00ec che stiamo preparati e che siamo soleciti per li beni eterni del altra vitta.<\/i><\/p>\n<p><i>Nel autunno dell anno dell anno 1791 nel mese di de.mbre piovette di gran lungo ma posia, acomodatto il tempo serenando il cielo, dur\u00f2 alquanti giorni di bel sereno.<\/i><\/p>\n<p><i>Quando posia all\u2019improvviso, il giorno 12 decembre alle ore 20 circa, spicatosi dall\u2019altodiversi pecci di sasso sopra il tereno delle Aonede e li calati con impetocos\u00ec furiosi che fecce calare abasso il tereno ancora del sudetto pascolo, ed arivata la materia ne prati Fraison ed Algera, e ribassato la gran vizza del ecelenza casa Grota, la qual vizza tirava per lungo del Algera per fino a Fraison con quantit\u00e0 di alborida dassa di un grandissimo valore, indi condote a basso dalla bovaanco le vare de Fraison con quantit\u00e0,nelle qual vare vi era tre scofe una delli Medacasa, laltra di Antonio dezagiacomo e un&#8217;altra di Giovanni De Cassan del Nin; le perdita di quel terreno fu giudicata per vinti e pi\u00f9 carri di fieno, e vi erano ancora due scof\u00e8te da far fogo cio\u00e8 casei. Vi era quattro scofe nelle vare dell\u2019Algera, una erra di Michiel della vedova, l\u2019altra di Domenico de Zordi, e l\u2019altra di Michiele de Cassan e l\u2019altra de Mateo dall\u2019aqua; la perdita di questo terreno fu giudicata per trente 30 cari de fieno e tutti rest\u00f2 sepolto da quella rovina.Indi la sudeta rovina con lo istesso impeto scorete nel P\u00e8col, la dove vi erano la strada la quale si conducevano li usufrutti delli sudeti fondi, con vizze di Mateo de Cassan; similmente rest\u00f2 sepolto dalla rovina, come si vede ancora un pocco di vestige della vizza nella cima del sasso torch\u00ecn, si allarg\u00f2 ancora la sudetta bova verso li pradi di Anterlade e Rive, nelli quali prati al giorno doggi non si vede alcuna restigia. Nelle Anterlade vi era una scofa di Mateo de Cassan sudetto e altro pratto di Giovanni de Cassan, suo zio, ma senza scofa; nelle Rive vi erra due scoffe e un tabi\u00e0 con una caseretta, la quale serviva per montica in maggio, di Giacomo da Cros Brui il quale vi erra anco padrone del sudetto tabi\u00e0, e le altre due scofe si ritrovava pi\u00f9 su della vizza e dentro verso la montagna detta Rova: una vi erra di Andrea Damian e l\u2019altra di Cassiano da Crose da Cugnago. La perdita di questo tereni fu giudicata per 25 cari de fieno oltre il bosco da dassa, da diversi particolari quali in certi luogi si giudicano che il tereno non avesse da perrire per il bosco che vi errano. Poi la matina arivatta nelle vizze dei Zos form\u00f2 un lago ed ivi per volont\u00e0 di Dio si \u00e8 fermata con la morte di tre persone cio\u00e8 due giovani e una giovane li quali si ritrovavano per quel luogo a lavorare; questa giovane si chiamava Maria Viena e li giovani uno era Andrea, ventinovene, il quale si era portatto a tagliare delli laresi da far scandole per li forni comunali in benefizio suo, e l\u2019altro un giovane rosso di Zopp\u00e8, il quale era in opera al sudetto Andrea. Ma sicome il grave e impetuoso dirupamento, il quale fu cos\u00ec subitaneo il qualle non dur\u00f2 pi\u00f9 di un ora dal principio alla fine, e non hanno avuto tempo li meschini di fuggire e restarono vittime della bova.<\/i><\/p>\n<p><i>E il rumore di tal materia fu cos\u00ec grandi che fu sentito anche dalli convicini paesi e a tal efetto subito dal reverendo D. Benedetto Tissi si fece suonare le campane, indi radunato il popolo alla Chiesa si inviarono procesionalmente drento drento per le rove implorando, con lacrimose precci, dal Altissimo Iddio la liberacione da tanti flagelli; impercioch\u00e8 quasi tutti piangevano, parte per il timore che venisero un flagello come quello di prima e parte li suoi peccati. Arivata la processione drento alla Rova di Giovanni de Cassan cio\u00e8 la sboaza, si sent\u00ec uno che gridava: \u201cscampa, scampa!\u201d indi li religiosi benedisero e poi tornarono indietro acompagnati per\u00f2 sempre da grandissimo timore. La voce che gridava scampa fu giudicata da persone rimaste su nelli Pr\u00f9s verso la processione che non si inoltrase nel pericolo.<\/i><\/p>\n<p><i>Quantunque la materia fosse gi\u00e0 fermata rest\u00f2 tutta la invernada e la primavera seguente essendo per otto giorni l\u2019aqua si era fermata in gran parte e avevano formato alquanti lagetti: sospetavano che intervenisse qualche scherzo come fatto lo fu.<\/i><\/p>\n<p><i>Che nella primavera del 1792, nel principio del mese di maggio, alle tre ore di notte, piovevano grandemente, si dislag\u00f2 li sudetti lagetti scorendo l\u2019unno e l\u2019altro e formando materia corente si mise corere con gran rumore di bova, che arivata apresso le ville ognuno fugg\u00ec dalle sue abitazioni e scamparono parte a Rig\u00f2n, parte fora al Piai e parte su a Regolei e parte su a zei da Rif, quantunque a quell\u2019ora piovesse grandemente scamp\u00f2 in fretta. Essendo anche a quell\u2019ora la maggior parte a letto lev\u00f2 su e quasi non si faceva gnanca a tempo a vestirsi, in furia scampava recitando il Rosario, e qualche matteria faceva un grandissimo rumore, ma mediante la bont\u00e0 di Dio non perirono nissuni in quella notte, ma il popolo stette diverse notti ad allogiarsi lontani dalle ville a ci\u00f2 per paura che avevano che nuovamente tornassero a fare come prima, essendo anche questo il terzo castigo che avevano provato, e a nenarare tutte queste infelicit\u00e0, a specchio deli sucesori, a ci\u00f2 vivano in conformit\u00e0 della Santa legge di Dio e bench\u00e8 al giorno doggi una gran parte, masimamente li giovani, il rememorare queste cose li fanno come nausea e massimamente quando ricordano del solene votto di non pi\u00f9 ballare e di non pi\u00f9 impiantare feste da ballo in questa parochia e si vorebero dimenticare, ma non mauca il Signore a spesso pichiare alla porta e con qualche segno di quei flagelli pare che dice: popolo della Valle ricorda quello che ai promesso. \u201c<\/i><\/p>\n<p>Corrado Da Roit \u2013 Malore a La Val \u2013 Nuovi Sentieri editore 1982<\/p>\n<blockquote>\n<h3 style=\"text-align: center;\">Piano Stralcio per l\u2019Assetto Idrogeologico del Bacino Idrografico del fiume Piave_Monte Tamer<\/h3>\n<p>&nbsp;<\/p>\n<h3><a class=\"dt-pswp-item\" href=\"https:\/\/www.radiopiu.net\/wordpress\/wp-content\/uploads\/2022\/04\/piano-stralcio.jpg\" data-dt-img-description=\"\" data-large_image_width=\"727\" data-large_image_height=\"663\"><img loading=\"lazy\" decoding=\"async\" class=\"wp-image-269711 size-full aligncenter\" src=\"https:\/\/www.radiopiu.net\/wordpress\/wp-content\/uploads\/2022\/04\/piano-stralcio.jpg\" alt=\"\" width=\"727\" height=\"663\" srcset=\"https:\/\/www.radiopiu.net\/wordpress\/wp-content\/uploads\/2022\/04\/piano-stralcio.jpg 727w, https:\/\/www.radiopiu.net\/wordpress\/wp-content\/uploads\/2022\/04\/piano-stralcio-300x274.jpg 300w\" sizes=\"auto, (max-width: 727px) 100vw, 727px\" \/><\/a><\/h3>\n<\/blockquote>\n<p>&nbsp;<\/p>\n<p>&#8212;-<\/p>\n","protected":false},"excerpt":{"rendered":"<p>di\u00a0 Tiziano De Col Abbiamo gi\u00e0 accennato al crollo delle Creppe Rotte del T\u00e0mer in un precedente articolo, dal titolo \u201cFrana del Monte T\u00e0mer \u2013 Ottobre 1888 \u201c reperibile sul sito di Radio Pi\u00f9 : https:\/\/www.radiopiu.net\/wordpress\/frana-del-monte-tamer-ottobre-1888\/ In questo articolo proponiamo , in allegato, la descrizione del dissesto avvenuto negli anni 1791 \u2013 1792 e descritta&hellip;<\/p>\n","protected":false},"author":4,"featured_media":269708,"comment_status":"closed","ping_status":"closed","sticky":false,"template":"","format":"standard","meta":{"_monsterinsights_skip_tracking":false,"_monsterinsights_sitenote_active":false,"_monsterinsights_sitenote_note":"","_monsterinsights_sitenote_category":0,"footnotes":""},"categories":[51,49],"tags":[],"class_list":["post-269705","post","type-post","status-publish","format-standard","has-post-thumbnail","hentry","category-evidenza-top","category-news-18","category-51","category-49","description-off"],"img_url":"https:\/\/www.radiopiu.net\/wordpress\/wp-content\/uploads\/2022\/04\/b2f9caec-0405-4736-81f6-cc6c77bc150b.jpg","_links":{"self":[{"href":"https:\/\/www.radiopiu.net\/wordpress\/wp-json\/wp\/v2\/posts\/269705","targetHints":{"allow":["GET"]}}],"collection":[{"href":"https:\/\/www.radiopiu.net\/wordpress\/wp-json\/wp\/v2\/posts"}],"about":[{"href":"https:\/\/www.radiopiu.net\/wordpress\/wp-json\/wp\/v2\/types\/post"}],"author":[{"embeddable":true,"href":"https:\/\/www.radiopiu.net\/wordpress\/wp-json\/wp\/v2\/users\/4"}],"replies":[{"embeddable":true,"href":"https:\/\/www.radiopiu.net\/wordpress\/wp-json\/wp\/v2\/comments?post=269705"}],"version-history":[{"count":0,"href":"https:\/\/www.radiopiu.net\/wordpress\/wp-json\/wp\/v2\/posts\/269705\/revisions"}],"wp:featuredmedia":[{"embeddable":true,"href":"https:\/\/www.radiopiu.net\/wordpress\/wp-json\/wp\/v2\/media\/269708"}],"wp:attachment":[{"href":"https:\/\/www.radiopiu.net\/wordpress\/wp-json\/wp\/v2\/media?parent=269705"}],"wp:term":[{"taxonomy":"category","embeddable":true,"href":"https:\/\/www.radiopiu.net\/wordpress\/wp-json\/wp\/v2\/categories?post=269705"},{"taxonomy":"post_tag","embeddable":true,"href":"https:\/\/www.radiopiu.net\/wordpress\/wp-json\/wp\/v2\/tags?post=269705"}],"curies":[{"name":"wp","href":"https:\/\/api.w.org\/{rel}","templated":true}]}}