{"id":269769,"date":"2022-04-10T08:25:43","date_gmt":"2022-04-10T06:25:43","guid":{"rendered":"https:\/\/www.radiopiu.net\/wordpress\/?p=269769"},"modified":"2022-04-11T05:52:34","modified_gmt":"2022-04-11T03:52:34","slug":"269769-2","status":"publish","type":"post","link":"https:\/\/www.radiopiu.net\/wordpress\/269769-2\/","title":{"rendered":"BALLI E COREOGRAFIE DA PREMIO PER L&#8217;ADA &#8211; AGORDO &#8211;"},"content":{"rendered":"<p><strong>AGORDO<\/strong> L&#8217;Associazione Danza Agordina ha incantato la platea di Montebelluna Vicentino. A una settimana dal successo in terra alto atesina (a Bolzano), le ragazze e i ragazzi della societ\u00e0 di Agordo hanno partecipato con successo al concorso regionale\u00a0 &#8220;Trofeo Io Ballo&#8221;. Un&#8217;altra importante soddisfazione per il team guidato da Roberta Reolon che ha firmato\u00a0 con Vanessa Lagan\u00e0 le splendide coreografie. Al concorso l&#8217;Ada si \u00e8 presentata\u00a0 anche con la squadra &#8220;modern 3&#8221;, per tutti \u00e8 stata la prima uscita archiviata con immensa felicit\u00e0, applausi e complimenti per tutti. Vanessa Lagan\u00e0 e Jacopo Mottes hanno messo sullo scaffale il trofeo &#8220;Passo a Due&#8221;, dove non hanno avuto rivali, si sono fatti poi valere (terzo piazzamento) anche nel Contemporaneo. Per entrambi una meritatissima borsa di studio.<em> &#8220;Ci siamo riusciti &#8211; dice un&#8217;emozionata Vanessa dopo il verdetto della giuria &#8211; ci credevamo ma sapevamo anche quanto fosse difficile visto l&#8217;alto livello. Oggi possiamo affermare &#8220;ce l&#8217;abbiamo fatta&#8221;,<\/em><\/p>\n\n\t\t\t<style type='text\/css'>\n\t\t\t\t#gallery-1 {\n\t\t\t\t\tmargin: auto;\n\t\t\t\t}\n\t\t\t\t#gallery-1 .gallery-item {\n\t\t\t\t\tfloat: left;\n\t\t\t\t\tmargin-top: 10px;\n\t\t\t\t\ttext-align: center;\n\t\t\t\t\twidth: 33%;\n\t\t\t\t}\n\t\t\t\t#gallery-1 img {\n\t\t\t\t\tborder: 2px solid #cfcfcf;\n\t\t\t\t}\n\t\t\t\t#gallery-1 .gallery-caption {\n\t\t\t\t\tmargin-left: 0;\n\t\t\t\t}\n\t\t\t\t\/* see gallery_shortcode() in wp-includes\/media.php *\/\n\t\t\t<\/style>\n\t\t<div id='gallery-1' class='dt-gallery-container gallery galleryid-269769 gallery-columns-3 gallery-size-medium'><dl class='gallery-item'>\n\t\t\t\t<dt class='gallery-icon landscape'>\n\t\t\t\t\t<a class=\"rollover rollover-zoom dt-pswp-item\" title=\"Senza nome\" data-dt-img-description=\"\" data-large_image_width=\"578\" data-large_image_height=\"367\"href='https:\/\/www.radiopiu.net\/wordpress\/wp-content\/uploads\/2022\/04\/Senza-nome.png'><img loading=\"lazy\" decoding=\"async\" width=\"300\" height=\"190\" src=\"https:\/\/www.radiopiu.net\/wordpress\/wp-content\/uploads\/2022\/04\/Senza-nome-300x190.png\" class=\"attachment-medium size-medium\" alt=\"\" srcset=\"https:\/\/www.radiopiu.net\/wordpress\/wp-content\/uploads\/2022\/04\/Senza-nome-300x190.png 300w, https:\/\/www.radiopiu.net\/wordpress\/wp-content\/uploads\/2022\/04\/Senza-nome.png 578w\" sizes=\"auto, (max-width: 300px) 100vw, 300px\" \/><\/a>\n\t\t\t\t<\/dt><\/dl><dl class='gallery-item'>\n\t\t\t\t<dt class='gallery-icon landscape'>\n\t\t\t\t\t<a class=\"rollover rollover-zoom dt-pswp-item\" title=\"6b5041fe-97bf-4357-b336-7d490e9d9e28\" data-dt-img-description=\"\" data-large_image_width=\"2048\" data-large_image_height=\"1290\"href='https:\/\/www.radiopiu.net\/wordpress\/wp-content\/uploads\/2022\/04\/6b5041fe-97bf-4357-b336-7d490e9d9e28.jpg'><img loading=\"lazy\" decoding=\"async\" width=\"300\" height=\"189\" src=\"https:\/\/www.radiopiu.net\/wordpress\/wp-content\/uploads\/2022\/04\/6b5041fe-97bf-4357-b336-7d490e9d9e28-300x189.jpg\" class=\"attachment-medium size-medium\" alt=\"\" srcset=\"https:\/\/www.radiopiu.net\/wordpress\/wp-content\/uploads\/2022\/04\/6b5041fe-97bf-4357-b336-7d490e9d9e28-300x189.jpg 300w, https:\/\/www.radiopiu.net\/wordpress\/wp-content\/uploads\/2022\/04\/6b5041fe-97bf-4357-b336-7d490e9d9e28-1024x645.jpg 1024w, https:\/\/www.radiopiu.net\/wordpress\/wp-content\/uploads\/2022\/04\/6b5041fe-97bf-4357-b336-7d490e9d9e28-768x484.jpg 768w, https:\/\/www.radiopiu.net\/wordpress\/wp-content\/uploads\/2022\/04\/6b5041fe-97bf-4357-b336-7d490e9d9e28-1536x968.jpg 1536w, https:\/\/www.radiopiu.net\/wordpress\/wp-content\/uploads\/2022\/04\/6b5041fe-97bf-4357-b336-7d490e9d9e28.jpg 2048w\" sizes=\"auto, (max-width: 300px) 100vw, 300px\" \/><\/a>\n\t\t\t\t<\/dt><\/dl><dl class='gallery-item'>\n\t\t\t\t<dt class='gallery-icon landscape'>\n\t\t\t\t\t<a class=\"rollover rollover-zoom dt-pswp-item\" title=\"9789260a-56aa-4ea8-adc1-620b0b010528\" data-dt-img-description=\"\" data-large_image_width=\"1600\" data-large_image_height=\"1200\"href='https:\/\/www.radiopiu.net\/wordpress\/wp-content\/uploads\/2022\/04\/9789260a-56aa-4ea8-adc1-620b0b010528.jpg'><img loading=\"lazy\" decoding=\"async\" width=\"300\" height=\"225\" src=\"https:\/\/www.radiopiu.net\/wordpress\/wp-content\/uploads\/2022\/04\/9789260a-56aa-4ea8-adc1-620b0b010528-300x225.jpg\" class=\"attachment-medium size-medium\" alt=\"\" srcset=\"https:\/\/www.radiopiu.net\/wordpress\/wp-content\/uploads\/2022\/04\/9789260a-56aa-4ea8-adc1-620b0b010528-300x225.jpg 300w, https:\/\/www.radiopiu.net\/wordpress\/wp-content\/uploads\/2022\/04\/9789260a-56aa-4ea8-adc1-620b0b010528-1024x768.jpg 1024w, https:\/\/www.radiopiu.net\/wordpress\/wp-content\/uploads\/2022\/04\/9789260a-56aa-4ea8-adc1-620b0b010528-768x576.jpg 768w, https:\/\/www.radiopiu.net\/wordpress\/wp-content\/uploads\/2022\/04\/9789260a-56aa-4ea8-adc1-620b0b010528-1536x1152.jpg 1536w, https:\/\/www.radiopiu.net\/wordpress\/wp-content\/uploads\/2022\/04\/9789260a-56aa-4ea8-adc1-620b0b010528.jpg 1600w\" sizes=\"auto, (max-width: 300px) 100vw, 300px\" \/><\/a>\n\t\t\t\t<\/dt><\/dl><br style=\"clear: both\" \/>\n\t\t\t<\/div>\n\n<p>&nbsp;<\/p>\n<p>&#8212;<\/p>\n","protected":false},"excerpt":{"rendered":"<p>AGORDO L&#8217;Associazione Danza Agordina ha incantato la platea di Montebelluna Vicentino. A una settimana dal successo in terra alto atesina (a Bolzano), le ragazze e i ragazzi della societ\u00e0 di Agordo hanno partecipato con successo al concorso regionale\u00a0 &#8220;Trofeo Io Ballo&#8221;. Un&#8217;altra importante soddisfazione per il team guidato da Roberta Reolon che ha firmato\u00a0 con&hellip;<\/p>\n","protected":false},"author":4,"featured_media":269776,"comment_status":"closed","ping_status":"closed","sticky":false,"template":"","format":"standard","meta":{"_monsterinsights_skip_tracking":false,"_monsterinsights_sitenote_active":false,"_monsterinsights_sitenote_note":"","_monsterinsights_sitenote_category":0,"footnotes":""},"categories":[51,49],"tags":[],"class_list":["post-269769","post","type-post","status-publish","format-standard","has-post-thumbnail","hentry","category-evidenza-top","category-news-18","category-51","category-49","description-off"],"img_url":"https:\/\/www.radiopiu.net\/wordpress\/wp-content\/uploads\/2022\/04\/Senza-nome.png","_links":{"self":[{"href":"https:\/\/www.radiopiu.net\/wordpress\/wp-json\/wp\/v2\/posts\/269769","targetHints":{"allow":["GET"]}}],"collection":[{"href":"https:\/\/www.radiopiu.net\/wordpress\/wp-json\/wp\/v2\/posts"}],"about":[{"href":"https:\/\/www.radiopiu.net\/wordpress\/wp-json\/wp\/v2\/types\/post"}],"author":[{"embeddable":true,"href":"https:\/\/www.radiopiu.net\/wordpress\/wp-json\/wp\/v2\/users\/4"}],"replies":[{"embeddable":true,"href":"https:\/\/www.radiopiu.net\/wordpress\/wp-json\/wp\/v2\/comments?post=269769"}],"version-history":[{"count":0,"href":"https:\/\/www.radiopiu.net\/wordpress\/wp-json\/wp\/v2\/posts\/269769\/revisions"}],"wp:featuredmedia":[{"embeddable":true,"href":"https:\/\/www.radiopiu.net\/wordpress\/wp-json\/wp\/v2\/media\/269776"}],"wp:attachment":[{"href":"https:\/\/www.radiopiu.net\/wordpress\/wp-json\/wp\/v2\/media?parent=269769"}],"wp:term":[{"taxonomy":"category","embeddable":true,"href":"https:\/\/www.radiopiu.net\/wordpress\/wp-json\/wp\/v2\/categories?post=269769"},{"taxonomy":"post_tag","embeddable":true,"href":"https:\/\/www.radiopiu.net\/wordpress\/wp-json\/wp\/v2\/tags?post=269769"}],"curies":[{"name":"wp","href":"https:\/\/api.w.org\/{rel}","templated":true}]}}