{"id":269804,"date":"2022-04-10T10:28:49","date_gmt":"2022-04-10T08:28:49","guid":{"rendered":"https:\/\/www.radiopiu.net\/wordpress\/?p=269804"},"modified":"2022-04-10T10:28:49","modified_gmt":"2022-04-10T08:28:49","slug":"collage-operazione-nostalgia-tra-la-speranza-e-i-saluti","status":"publish","type":"post","link":"https:\/\/www.radiopiu.net\/wordpress\/collage-operazione-nostalgia-tra-la-speranza-e-i-saluti\/","title":{"rendered":"COLLAGE OPERAZIONE NOSTALGIA TRA LA SPERANZA E I SALUTI"},"content":{"rendered":"<p><strong><a class=\"dt-pswp-item\" href=\"https:\/\/www.radiopiu.net\/wordpress\/wp-content\/uploads\/2022\/04\/Santana.jpg\" data-dt-img-description=\"\" data-large_image_width=\"223\" data-large_image_height=\"226\"><img loading=\"lazy\" decoding=\"async\" class=\"size-thumbnail wp-image-269805 alignleft\" src=\"https:\/\/www.radiopiu.net\/wordpress\/wp-content\/uploads\/2022\/04\/Santana-150x150.jpg\" alt=\"\" width=\"150\" height=\"150\" \/><\/a>di Loris Scussel<\/strong><\/p>\n<p>Collage aprir\u00e0 la settimana con canzoni di speranza come \u201clove me please love me\u201d\u00a0 \u201ccercate di abbracciare tutto il mondo come noi\u201d e \u201c\u00e8 scoppiata la pace\u201d, marted\u00ec e venerd\u00ec puntate dedicate alla musica internazionale, mercoled\u00ec il tema della trasmissione sar\u00e0 goodbye e arrivederci mentre gioved\u00ec vi faremo ascoltare alcuni artisti che purtroppo non sono mai riuscito ad ascoltare dal vivo. Collage andr\u00e0 in onda dal luned\u00ec al venerd\u00ec alle 16 e alle 23.<\/p>\n<p>&nbsp;<\/p>\n<p>&nbsp;<\/p>\n<p>&nbsp;<\/p>\n<p>&nbsp;<\/p>\n<p>*****<\/p>\n","protected":false},"excerpt":{"rendered":"<p>di Loris Scussel Collage aprir\u00e0 la settimana con canzoni di speranza come \u201clove me please love me\u201d\u00a0 \u201ccercate di abbracciare tutto il mondo come noi\u201d e \u201c\u00e8 scoppiata la pace\u201d, marted\u00ec e venerd\u00ec puntate dedicate alla musica internazionale, mercoled\u00ec il tema della trasmissione sar\u00e0 goodbye e arrivederci mentre gioved\u00ec vi faremo ascoltare alcuni artisti che&hellip;<\/p>\n","protected":false},"author":4,"featured_media":269805,"comment_status":"closed","ping_status":"closed","sticky":false,"template":"","format":"standard","meta":{"_monsterinsights_skip_tracking":false,"_monsterinsights_sitenote_active":false,"_monsterinsights_sitenote_note":"","_monsterinsights_sitenote_category":0,"footnotes":""},"categories":[49],"tags":[],"class_list":["post-269804","post","type-post","status-publish","format-standard","has-post-thumbnail","hentry","category-news-18","category-49","description-off"],"img_url":"https:\/\/www.radiopiu.net\/wordpress\/wp-content\/uploads\/2022\/04\/Santana.jpg","_links":{"self":[{"href":"https:\/\/www.radiopiu.net\/wordpress\/wp-json\/wp\/v2\/posts\/269804","targetHints":{"allow":["GET"]}}],"collection":[{"href":"https:\/\/www.radiopiu.net\/wordpress\/wp-json\/wp\/v2\/posts"}],"about":[{"href":"https:\/\/www.radiopiu.net\/wordpress\/wp-json\/wp\/v2\/types\/post"}],"author":[{"embeddable":true,"href":"https:\/\/www.radiopiu.net\/wordpress\/wp-json\/wp\/v2\/users\/4"}],"replies":[{"embeddable":true,"href":"https:\/\/www.radiopiu.net\/wordpress\/wp-json\/wp\/v2\/comments?post=269804"}],"version-history":[{"count":0,"href":"https:\/\/www.radiopiu.net\/wordpress\/wp-json\/wp\/v2\/posts\/269804\/revisions"}],"wp:featuredmedia":[{"embeddable":true,"href":"https:\/\/www.radiopiu.net\/wordpress\/wp-json\/wp\/v2\/media\/269805"}],"wp:attachment":[{"href":"https:\/\/www.radiopiu.net\/wordpress\/wp-json\/wp\/v2\/media?parent=269804"}],"wp:term":[{"taxonomy":"category","embeddable":true,"href":"https:\/\/www.radiopiu.net\/wordpress\/wp-json\/wp\/v2\/categories?post=269804"},{"taxonomy":"post_tag","embeddable":true,"href":"https:\/\/www.radiopiu.net\/wordpress\/wp-json\/wp\/v2\/tags?post=269804"}],"curies":[{"name":"wp","href":"https:\/\/api.w.org\/{rel}","templated":true}]}}