{"id":269928,"date":"2022-04-11T05:44:09","date_gmt":"2022-04-11T03:44:09","guid":{"rendered":"https:\/\/www.radiopiu.net\/wordpress\/?p=269928"},"modified":"2022-04-11T05:46:18","modified_gmt":"2022-04-11T03:46:18","slug":"paola-favero-travolta-da-una-valanga-in-turchia","status":"publish","type":"post","link":"https:\/\/www.radiopiu.net\/wordpress\/paola-favero-travolta-da-una-valanga-in-turchia\/","title":{"rendered":"PAOLA FAVERO TRAVOLTA DA UNA VALANGA IN TURCHIA"},"content":{"rendered":"<p><strong><a class=\"dt-pswp-item\" href=\"https:\/\/www.radiopiu.net\/wordpress\/wp-content\/uploads\/2022\/04\/paola-favero-768x431-1.jpg\" data-dt-img-description=\"\" data-large_image_width=\"768\" data-large_image_height=\"431\"><img loading=\"lazy\" decoding=\"async\" class=\" wp-image-269929 alignleft\" src=\"https:\/\/www.radiopiu.net\/wordpress\/wp-content\/uploads\/2022\/04\/paola-favero-768x431-1-300x168.jpg\" alt=\"\" width=\"227\" height=\"127\" srcset=\"https:\/\/www.radiopiu.net\/wordpress\/wp-content\/uploads\/2022\/04\/paola-favero-768x431-1-300x168.jpg 300w, https:\/\/www.radiopiu.net\/wordpress\/wp-content\/uploads\/2022\/04\/paola-favero-768x431-1.jpg 768w\" sizes=\"auto, (max-width: 227px) 100vw, 227px\" \/><\/a>REDAZIONE<\/strong> Paola Favero, gi\u00e0 capo della Forestale in provincia e nota scrittrice \u00e8 viva, ma se l&#8217;\u00e8 vista brutta. Deve la vita a Mario Vielmo, conosciuto alpinista italiano. Entrambi facevano parte di una spedizione in Turchia. Paola Favero di Vittorio Veneto \u00e8 stata inghiottita da una valanga sul monte Baset lo scorso 30 marzo mentre scendeva con gli sci. Favero ha fatto conoscere quanto le \u00e8 capitato, solo al rientro, per evitare preoccupazioni. E&#8217; viva grazie all&#8217;arva e alla capacit\u00e0 di Mario Vielmo di usarlo bene e di intervenire nel modo pi\u00f9 rapido ed efficace possibile dopo che la Favero era stata trascinata dalla valanga per 250\/300 metri di dislivello e giaceva sotto un metro di neve completamente sommersa a testa in gi\u00f9. Mario Vielmo l&#8217;ha dissepolta scavando con le mani aprendogli\u00a0 la bocca e liberandola dalla neve. Si \u00e8 svegliata solo dopo vari minuti.<\/p>\n<hr \/>\n<p>&nbsp;<\/p>\n","protected":false},"excerpt":{"rendered":"<p>REDAZIONE Paola Favero, gi\u00e0 capo della Forestale in provincia e nota scrittrice \u00e8 viva, ma se l&#8217;\u00e8 vista brutta. Deve la vita a Mario Vielmo, conosciuto alpinista italiano. Entrambi facevano parte di una spedizione in Turchia. Paola Favero di Vittorio Veneto \u00e8 stata inghiottita da una valanga sul monte Baset lo scorso 30 marzo mentre&hellip;<\/p>\n","protected":false},"author":4,"featured_media":269929,"comment_status":"closed","ping_status":"closed","sticky":false,"template":"","format":"standard","meta":{"_monsterinsights_skip_tracking":false,"_monsterinsights_sitenote_active":false,"_monsterinsights_sitenote_note":"","_monsterinsights_sitenote_category":0,"footnotes":""},"categories":[51,49],"tags":[],"class_list":["post-269928","post","type-post","status-publish","format-standard","has-post-thumbnail","hentry","category-evidenza-top","category-news-18","category-51","category-49","description-off"],"img_url":"https:\/\/www.radiopiu.net\/wordpress\/wp-content\/uploads\/2022\/04\/paola-favero-768x431-1.jpg","_links":{"self":[{"href":"https:\/\/www.radiopiu.net\/wordpress\/wp-json\/wp\/v2\/posts\/269928","targetHints":{"allow":["GET"]}}],"collection":[{"href":"https:\/\/www.radiopiu.net\/wordpress\/wp-json\/wp\/v2\/posts"}],"about":[{"href":"https:\/\/www.radiopiu.net\/wordpress\/wp-json\/wp\/v2\/types\/post"}],"author":[{"embeddable":true,"href":"https:\/\/www.radiopiu.net\/wordpress\/wp-json\/wp\/v2\/users\/4"}],"replies":[{"embeddable":true,"href":"https:\/\/www.radiopiu.net\/wordpress\/wp-json\/wp\/v2\/comments?post=269928"}],"version-history":[{"count":0,"href":"https:\/\/www.radiopiu.net\/wordpress\/wp-json\/wp\/v2\/posts\/269928\/revisions"}],"wp:featuredmedia":[{"embeddable":true,"href":"https:\/\/www.radiopiu.net\/wordpress\/wp-json\/wp\/v2\/media\/269929"}],"wp:attachment":[{"href":"https:\/\/www.radiopiu.net\/wordpress\/wp-json\/wp\/v2\/media?parent=269928"}],"wp:term":[{"taxonomy":"category","embeddable":true,"href":"https:\/\/www.radiopiu.net\/wordpress\/wp-json\/wp\/v2\/categories?post=269928"},{"taxonomy":"post_tag","embeddable":true,"href":"https:\/\/www.radiopiu.net\/wordpress\/wp-json\/wp\/v2\/tags?post=269928"}],"curies":[{"name":"wp","href":"https:\/\/api.w.org\/{rel}","templated":true}]}}