{"id":269934,"date":"2022-04-11T05:43:59","date_gmt":"2022-04-11T03:43:59","guid":{"rendered":"https:\/\/www.radiopiu.net\/wordpress\/?p=269934"},"modified":"2022-04-11T05:46:12","modified_gmt":"2022-04-11T03:46:12","slug":"attenzione-alta-a-sospirolo-e-dintorni-dopo-gli-ultimi-furti","status":"publish","type":"post","link":"https:\/\/www.radiopiu.net\/wordpress\/attenzione-alta-a-sospirolo-e-dintorni-dopo-gli-ultimi-furti\/","title":{"rendered":"ATTENZIONE ALTA A SOSPIROLO E DINTORNI DOPO GLI ULTIMI FURTI"},"content":{"rendered":"<blockquote>\n<h3><\/h3>\n<\/blockquote>\n<p><a class=\"dt-pswp-item\" href=\"https:\/\/www.radiopiu.net\/wordpress\/wp-content\/uploads\/2022\/04\/278248927_3202943629988401_6562791920366775280_n.jpg\" data-dt-img-description=\"\" data-large_image_width=\"1080\" data-large_image_height=\"497\"><img loading=\"lazy\" decoding=\"async\" class=\"alignnone size-medium wp-image-269933\" src=\"https:\/\/www.radiopiu.net\/wordpress\/wp-content\/uploads\/2022\/04\/278248927_3202943629988401_6562791920366775280_n-300x138.jpg\" alt=\"\" width=\"300\" height=\"138\" srcset=\"https:\/\/www.radiopiu.net\/wordpress\/wp-content\/uploads\/2022\/04\/278248927_3202943629988401_6562791920366775280_n-300x138.jpg 300w, https:\/\/www.radiopiu.net\/wordpress\/wp-content\/uploads\/2022\/04\/278248927_3202943629988401_6562791920366775280_n-1024x471.jpg 1024w, https:\/\/www.radiopiu.net\/wordpress\/wp-content\/uploads\/2022\/04\/278248927_3202943629988401_6562791920366775280_n-768x353.jpg 768w, https:\/\/www.radiopiu.net\/wordpress\/wp-content\/uploads\/2022\/04\/278248927_3202943629988401_6562791920366775280_n.jpg 1080w\" sizes=\"auto, (max-width: 300px) 100vw, 300px\" \/><\/a><\/p>\n<p><strong>SOSPIROLO<\/strong> Il post pubblicato sulla pagina facebook da Desiree Frezza sulla pagina facebook &#8220;sei di Sospirolo&#8221; ha attirato l&#8217;attenzione dell&#8217;intera provincia. Uno dei post pi\u00f9 visualizzati e divenuto presto virale nel fine settimana.\u00a0 Sopralluoghi pre furto? Oppure scatti perch\u00e9 l&#8217;abitazione era interessante? Facile presumere si tratti del primo caso visto che il fotografo del venerdi in fretta e furia ha preso la via pi\u00f9 breve per la fuga. Casualit\u00e0 &#8211; o meno &#8211; vuole che proprio negli ultimi giorni tra Mas e Sospirolo non siano mancati n\u00e8 i furti nelle abitazioni (riusciti o tentati), n\u00e8 le spaccate dei finestrini della auto.<\/p>\n<p>&nbsp;<\/p>\n<p>__<\/p>\n","protected":false},"excerpt":{"rendered":"<p>SOSPIROLO Il post pubblicato sulla pagina facebook da Desiree Frezza sulla pagina facebook &#8220;sei di Sospirolo&#8221; ha attirato l&#8217;attenzione dell&#8217;intera provincia. Uno dei post pi\u00f9 visualizzati e divenuto presto virale nel fine settimana.\u00a0 Sopralluoghi pre furto? Oppure scatti perch\u00e9 l&#8217;abitazione era interessante? Facile presumere si tratti del primo caso visto che il fotografo del venerdi&hellip;<\/p>\n","protected":false},"author":4,"featured_media":269933,"comment_status":"closed","ping_status":"closed","sticky":false,"template":"","format":"standard","meta":{"_monsterinsights_skip_tracking":false,"_monsterinsights_sitenote_active":false,"_monsterinsights_sitenote_note":"","_monsterinsights_sitenote_category":0,"footnotes":""},"categories":[51,49],"tags":[],"class_list":["post-269934","post","type-post","status-publish","format-standard","has-post-thumbnail","hentry","category-evidenza-top","category-news-18","category-51","category-49","description-off"],"img_url":"https:\/\/www.radiopiu.net\/wordpress\/wp-content\/uploads\/2022\/04\/278248927_3202943629988401_6562791920366775280_n.jpg","_links":{"self":[{"href":"https:\/\/www.radiopiu.net\/wordpress\/wp-json\/wp\/v2\/posts\/269934","targetHints":{"allow":["GET"]}}],"collection":[{"href":"https:\/\/www.radiopiu.net\/wordpress\/wp-json\/wp\/v2\/posts"}],"about":[{"href":"https:\/\/www.radiopiu.net\/wordpress\/wp-json\/wp\/v2\/types\/post"}],"author":[{"embeddable":true,"href":"https:\/\/www.radiopiu.net\/wordpress\/wp-json\/wp\/v2\/users\/4"}],"replies":[{"embeddable":true,"href":"https:\/\/www.radiopiu.net\/wordpress\/wp-json\/wp\/v2\/comments?post=269934"}],"version-history":[{"count":0,"href":"https:\/\/www.radiopiu.net\/wordpress\/wp-json\/wp\/v2\/posts\/269934\/revisions"}],"wp:featuredmedia":[{"embeddable":true,"href":"https:\/\/www.radiopiu.net\/wordpress\/wp-json\/wp\/v2\/media\/269933"}],"wp:attachment":[{"href":"https:\/\/www.radiopiu.net\/wordpress\/wp-json\/wp\/v2\/media?parent=269934"}],"wp:term":[{"taxonomy":"category","embeddable":true,"href":"https:\/\/www.radiopiu.net\/wordpress\/wp-json\/wp\/v2\/categories?post=269934"},{"taxonomy":"post_tag","embeddable":true,"href":"https:\/\/www.radiopiu.net\/wordpress\/wp-json\/wp\/v2\/tags?post=269934"}],"curies":[{"name":"wp","href":"https:\/\/api.w.org\/{rel}","templated":true}]}}