{"id":269986,"date":"2022-04-11T11:40:49","date_gmt":"2022-04-11T09:40:49","guid":{"rendered":"https:\/\/www.radiopiu.net\/wordpress\/?p=269986"},"modified":"2022-04-11T09:15:55","modified_gmt":"2022-04-11T07:15:55","slug":"blanco-candido-ma-sfrattato-cerca-casa","status":"publish","type":"post","link":"https:\/\/www.radiopiu.net\/wordpress\/blanco-candido-ma-sfrattato-cerca-casa\/","title":{"rendered":"Blanco &#8220;candido&#8221; dolcissimo ma sfrattato cerca casa"},"content":{"rendered":"<div dir=\"auto\">\n\n\t\t\t<style type='text\/css'>\n\t\t\t\t#gallery-1 {\n\t\t\t\t\tmargin: auto;\n\t\t\t\t}\n\t\t\t\t#gallery-1 .gallery-item {\n\t\t\t\t\tfloat: left;\n\t\t\t\t\tmargin-top: 10px;\n\t\t\t\t\ttext-align: center;\n\t\t\t\t\twidth: 33%;\n\t\t\t\t}\n\t\t\t\t#gallery-1 img {\n\t\t\t\t\tborder: 2px solid #cfcfcf;\n\t\t\t\t}\n\t\t\t\t#gallery-1 .gallery-caption {\n\t\t\t\t\tmargin-left: 0;\n\t\t\t\t}\n\t\t\t\t\/* see gallery_shortcode() in wp-includes\/media.php *\/\n\t\t\t<\/style>\n\t\t<div id='gallery-1' class='dt-gallery-container gallery galleryid-269986 gallery-columns-3 gallery-size-medium'><dl class='gallery-item'>\n\t\t\t\t<dt class='gallery-icon portrait'>\n\t\t\t\t\t<a class=\"rollover rollover-zoom dt-pswp-item\" title=\"276071144_155547516872345_4753299046768227885_n\" data-dt-img-description=\"\" data-large_image_width=\"1536\" data-large_image_height=\"2048\"href='https:\/\/www.radiopiu.net\/wordpress\/wp-content\/uploads\/2022\/04\/276071144_155547516872345_4753299046768227885_n.jpeg'><img loading=\"lazy\" decoding=\"async\" width=\"225\" height=\"300\" src=\"https:\/\/www.radiopiu.net\/wordpress\/wp-content\/uploads\/2022\/04\/276071144_155547516872345_4753299046768227885_n-225x300.jpeg\" class=\"attachment-medium size-medium\" alt=\"\" srcset=\"https:\/\/www.radiopiu.net\/wordpress\/wp-content\/uploads\/2022\/04\/276071144_155547516872345_4753299046768227885_n-225x300.jpeg 225w, https:\/\/www.radiopiu.net\/wordpress\/wp-content\/uploads\/2022\/04\/276071144_155547516872345_4753299046768227885_n-768x1024.jpeg 768w, https:\/\/www.radiopiu.net\/wordpress\/wp-content\/uploads\/2022\/04\/276071144_155547516872345_4753299046768227885_n-1152x1536.jpeg 1152w, https:\/\/www.radiopiu.net\/wordpress\/wp-content\/uploads\/2022\/04\/276071144_155547516872345_4753299046768227885_n.jpeg 1536w\" sizes=\"auto, (max-width: 225px) 100vw, 225px\" \/><\/a>\n\t\t\t\t<\/dt><\/dl><dl class='gallery-item'>\n\t\t\t\t<dt class='gallery-icon portrait'>\n\t\t\t\t\t<a class=\"rollover rollover-zoom dt-pswp-item\" title=\"276277143_155547503539013_7690841658601577171_n\" data-dt-img-description=\"\" data-large_image_width=\"1536\" data-large_image_height=\"2048\"href='https:\/\/www.radiopiu.net\/wordpress\/wp-content\/uploads\/2022\/04\/276277143_155547503539013_7690841658601577171_n.jpeg'><img loading=\"lazy\" decoding=\"async\" width=\"225\" height=\"300\" src=\"https:\/\/www.radiopiu.net\/wordpress\/wp-content\/uploads\/2022\/04\/276277143_155547503539013_7690841658601577171_n-225x300.jpeg\" class=\"attachment-medium size-medium\" alt=\"\" srcset=\"https:\/\/www.radiopiu.net\/wordpress\/wp-content\/uploads\/2022\/04\/276277143_155547503539013_7690841658601577171_n-225x300.jpeg 225w, https:\/\/www.radiopiu.net\/wordpress\/wp-content\/uploads\/2022\/04\/276277143_155547503539013_7690841658601577171_n-768x1024.jpeg 768w, https:\/\/www.radiopiu.net\/wordpress\/wp-content\/uploads\/2022\/04\/276277143_155547503539013_7690841658601577171_n-1152x1536.jpeg 1152w, https:\/\/www.radiopiu.net\/wordpress\/wp-content\/uploads\/2022\/04\/276277143_155547503539013_7690841658601577171_n.jpeg 1536w\" sizes=\"auto, (max-width: 225px) 100vw, 225px\" \/><\/a>\n\t\t\t\t<\/dt><\/dl><dl class='gallery-item'>\n\t\t\t\t<dt class='gallery-icon portrait'>\n\t\t\t\t\t<a class=\"rollover rollover-zoom dt-pswp-item\" title=\"276996747_155547473539016_4639456963572277897_n\" data-dt-img-description=\"\" data-large_image_width=\"1536\" data-large_image_height=\"2048\"href='https:\/\/www.radiopiu.net\/wordpress\/wp-content\/uploads\/2022\/04\/276996747_155547473539016_4639456963572277897_n.jpeg'><img loading=\"lazy\" decoding=\"async\" width=\"225\" height=\"300\" src=\"https:\/\/www.radiopiu.net\/wordpress\/wp-content\/uploads\/2022\/04\/276996747_155547473539016_4639456963572277897_n-225x300.jpeg\" class=\"attachment-medium size-medium\" alt=\"\" srcset=\"https:\/\/www.radiopiu.net\/wordpress\/wp-content\/uploads\/2022\/04\/276996747_155547473539016_4639456963572277897_n-225x300.jpeg 225w, https:\/\/www.radiopiu.net\/wordpress\/wp-content\/uploads\/2022\/04\/276996747_155547473539016_4639456963572277897_n-768x1024.jpeg 768w, https:\/\/www.radiopiu.net\/wordpress\/wp-content\/uploads\/2022\/04\/276996747_155547473539016_4639456963572277897_n-1152x1536.jpeg 1152w, https:\/\/www.radiopiu.net\/wordpress\/wp-content\/uploads\/2022\/04\/276996747_155547473539016_4639456963572277897_n.jpeg 1536w\" sizes=\"auto, (max-width: 225px) 100vw, 225px\" \/><\/a>\n\t\t\t\t<\/dt><\/dl><br style=\"clear: both\" \/>\n\t\t\t<\/div>\n\n<p>Lui \u00e8 Blanco, \u00e8 un cagnone buono che cerca una famiglia, la SUA famiglia. Purtroppo \u00e8 stato sfrattato da casa sua e dai suoi spazi, i proprietari anziani si sono dovuti trasferire in un piccolo appartamento e Blanco \u00e8 temporaneamente ospitato presso un&#8217;altra famiglia, ma soffre. Sia per il cambiamento ma anche per gli spazi non adatti a lui. E&#8217; un cane che ha bisogno di attenzioni e spazio, ottimo se adottato come unico cane, non ama i gatti e con gli altri cani pu\u00f2 andare d&#8217;accordo ma con un buon inserimento, che preveda i giusti tempi e appunto il giusto spazio. E&#8217; molto gentile con le persone e con i bambini, ha circa 7 anni ed \u00e8 in ottima salute.<\/p>\n<\/div>\n<div dir=\"auto\">Si cerca per lui una casa dove possa avere la stabilit\u00e0 che gli manca e per cui soffre, la sua situazione \u00e8 precaria..la famiglia che lo ospita temporaneamente lo potr\u00e0 tenere ancora per poco e se si apriranno per lui le porte del canile, un altro abbandono pu\u00f2 fargli perdere la fiducia nelle persone il suo buonissimo e allegro carattere rischia di essere rovinato.<\/div>\n<div dir=\"auto\">Per info: 3463584424<\/div>\n<div dir=\"auto\"><\/div>\n","protected":false},"excerpt":{"rendered":"<p>Lui \u00e8 Blanco, \u00e8 un cagnone buono che cerca una famiglia, la SUA famiglia. Purtroppo \u00e8 stato sfrattato da casa sua e dai suoi spazi, i proprietari anziani si sono dovuti trasferire in un piccolo appartamento e Blanco \u00e8 temporaneamente ospitato presso un&#8217;altra famiglia, ma soffre. Sia per il cambiamento ma anche per gli spazi&hellip;<\/p>\n","protected":false},"author":2,"featured_media":269990,"comment_status":"closed","ping_status":"closed","sticky":false,"template":"","format":"standard","meta":{"_monsterinsights_skip_tracking":false,"_monsterinsights_sitenote_active":false,"_monsterinsights_sitenote_note":"","_monsterinsights_sitenote_category":0,"footnotes":""},"categories":[49],"tags":[],"class_list":["post-269986","post","type-post","status-publish","format-standard","has-post-thumbnail","hentry","category-news-18","category-49","description-off"],"img_url":"https:\/\/www.radiopiu.net\/wordpress\/wp-content\/uploads\/2022\/04\/blanco.jpg","_links":{"self":[{"href":"https:\/\/www.radiopiu.net\/wordpress\/wp-json\/wp\/v2\/posts\/269986","targetHints":{"allow":["GET"]}}],"collection":[{"href":"https:\/\/www.radiopiu.net\/wordpress\/wp-json\/wp\/v2\/posts"}],"about":[{"href":"https:\/\/www.radiopiu.net\/wordpress\/wp-json\/wp\/v2\/types\/post"}],"author":[{"embeddable":true,"href":"https:\/\/www.radiopiu.net\/wordpress\/wp-json\/wp\/v2\/users\/2"}],"replies":[{"embeddable":true,"href":"https:\/\/www.radiopiu.net\/wordpress\/wp-json\/wp\/v2\/comments?post=269986"}],"version-history":[{"count":0,"href":"https:\/\/www.radiopiu.net\/wordpress\/wp-json\/wp\/v2\/posts\/269986\/revisions"}],"wp:featuredmedia":[{"embeddable":true,"href":"https:\/\/www.radiopiu.net\/wordpress\/wp-json\/wp\/v2\/media\/269990"}],"wp:attachment":[{"href":"https:\/\/www.radiopiu.net\/wordpress\/wp-json\/wp\/v2\/media?parent=269986"}],"wp:term":[{"taxonomy":"category","embeddable":true,"href":"https:\/\/www.radiopiu.net\/wordpress\/wp-json\/wp\/v2\/categories?post=269986"},{"taxonomy":"post_tag","embeddable":true,"href":"https:\/\/www.radiopiu.net\/wordpress\/wp-json\/wp\/v2\/tags?post=269986"}],"curies":[{"name":"wp","href":"https:\/\/api.w.org\/{rel}","templated":true}]}}