{"id":270055,"date":"2022-04-11T14:40:55","date_gmt":"2022-04-11T12:40:55","guid":{"rendered":"https:\/\/www.radiopiu.net\/wordpress\/?p=270055"},"modified":"2022-04-11T14:43:57","modified_gmt":"2022-04-11T12:43:57","slug":"presidi-per-diabetici-federfarma-non-si-puo-andare-avanti-cosi","status":"publish","type":"post","link":"https:\/\/www.radiopiu.net\/wordpress\/presidi-per-diabetici-federfarma-non-si-puo-andare-avanti-cosi\/","title":{"rendered":"PRESIDI PER DIABETICI, FEDERFARMA &#8220;NON SI PUO&#8217; ANDARE AVANTI COSI&#8217;"},"content":{"rendered":"<div>\n<blockquote><p><em><span style=\"color: #222222; font-family: verdana, sans-serif;\">\u201cDa mesi stiamo lavorando in collaborazione con Azienda Zero per risolvere le problematiche \u2013 spiega il presidente di Federfarma Belluno, Roberto Grubissa &#8211; \u00e8 bene che il paziente lo sappia e abbia sempre la certezza che siamo al suo fianco\u201d.<\/span><\/em><\/p><\/blockquote>\n<p><span style=\"font-family: verdana, sans-serif;\"><strong><img loading=\"lazy\" decoding=\"async\" class=\"alignleft\" src=\"https:\/\/www.radiopiu.net\/wordpress\/wp-content\/uploads\/2022\/04\/syringe-1884784__480.jpg\" width=\"287\" height=\"172\" \/>BELLUNO<\/strong><em> \u201cAnche per oggi risulta\u00a0impossibile dispensare presidi per il diabete, non solo strisce, ma anche aghi e siringhe. Cos\u00ec non si pu\u00f2 andare avanti, il rischio \u00e8 di gravi conseguenze per la salute dei pazienti diabetici\u201d.<\/em> A denunciarlo sono i farmacisti bellunesi riuniti in Federfarma. La nuova modalit\u00e0 distributiva dei presidi per diabetici messa in piedi attraverso Azienda Zero funziona a singhiozzo, lasciando scoperte per intere giornate le farmacie.<em> \u201cUn paziente la scorsa settimana \u00e8 venuto per tre giorni di seguito a chiedere gli aghi per l&#8217;insulina, il portale era bloccato e io non potevo procedere con la prenotazione \u2013 spiega il segretario del sindacato, Federico Ricci -, non avevo modo di aiutarlo. In tutto questo \u00e8 stato tolto anche il numero verde, perci\u00f2 non solo non possiamo dispensare i presidi, ma non riusciamo nemmeno a dare risposte alle persone\u201d.<\/em> L&#8217;intoppo nasce dall&#8217;introduzione della nuova modalit\u00e0 di distribuzione dei presidi, avviene attraverso il portale di Azienda Zero, ma il sistema si inceppa, spesse volte risulta inutilizzabile anche per 2-3 giorni e, se il disservizio capita di venerd\u00ec, allora le farmacie non riescono ad ottenere risposte prima di luned\u00ec, lasciando i pazienti nel panico.<em> \u201cIl portale non funziona e noi farmacisti siamo stufi di questi disservizi, il nuovo sistema \u00e8 una Caporetto \u2013 proseguono da Federfarma -, i diabetici sono arrabbiatissimi e noi esasperati dalla situazione. Il disagio dura anche pi\u00f9 giorni, i pazienti sono sempre pi\u00f9 sconcertati e adirati, per non usare altri termini.\u00a0Di fronte a tutto questo, non abbiamo alcun riferimento in Regione, anche il numero telefonico fornito dalla nostra Usl non risponde, \u00e8 chiaro che cos\u00ec non si pu\u00f2 andare avanti, svolgiamo il nostro lavoro con spirito di servizio ma abbiamo bisogno di collaborazione e di essere messi nella situazione di svolgere la nostra attivit\u00e0 senza intoppi continui\u201d.<\/em><\/span><\/p>\n<p><span style=\"color: #222222; font-family: verdana, sans-serif;\">\u00a0<\/span><\/p>\n<\/div>\n<div>____<\/div>\n","protected":false},"excerpt":{"rendered":"<p>\u201cDa mesi stiamo lavorando in collaborazione con Azienda Zero per risolvere le problematiche \u2013 spiega il presidente di Federfarma Belluno, Roberto Grubissa &#8211; \u00e8 bene che il paziente lo sappia e abbia sempre la certezza che siamo al suo fianco\u201d. BELLUNO \u201cAnche per oggi risulta\u00a0impossibile dispensare presidi per il diabete, non solo strisce, ma anche&hellip;<\/p>\n","protected":false},"author":4,"featured_media":270056,"comment_status":"closed","ping_status":"closed","sticky":false,"template":"","format":"standard","meta":{"_monsterinsights_skip_tracking":false,"_monsterinsights_sitenote_active":false,"_monsterinsights_sitenote_note":"","_monsterinsights_sitenote_category":0,"footnotes":""},"categories":[104,49],"tags":[],"class_list":["post-270055","post","type-post","status-publish","format-standard","has-post-thumbnail","hentry","category-evidenza_3","category-news-18","category-104","category-49","description-off"],"img_url":"https:\/\/www.radiopiu.net\/wordpress\/wp-content\/uploads\/2022\/04\/syringe-1884784__480.jpg","_links":{"self":[{"href":"https:\/\/www.radiopiu.net\/wordpress\/wp-json\/wp\/v2\/posts\/270055","targetHints":{"allow":["GET"]}}],"collection":[{"href":"https:\/\/www.radiopiu.net\/wordpress\/wp-json\/wp\/v2\/posts"}],"about":[{"href":"https:\/\/www.radiopiu.net\/wordpress\/wp-json\/wp\/v2\/types\/post"}],"author":[{"embeddable":true,"href":"https:\/\/www.radiopiu.net\/wordpress\/wp-json\/wp\/v2\/users\/4"}],"replies":[{"embeddable":true,"href":"https:\/\/www.radiopiu.net\/wordpress\/wp-json\/wp\/v2\/comments?post=270055"}],"version-history":[{"count":0,"href":"https:\/\/www.radiopiu.net\/wordpress\/wp-json\/wp\/v2\/posts\/270055\/revisions"}],"wp:featuredmedia":[{"embeddable":true,"href":"https:\/\/www.radiopiu.net\/wordpress\/wp-json\/wp\/v2\/media\/270056"}],"wp:attachment":[{"href":"https:\/\/www.radiopiu.net\/wordpress\/wp-json\/wp\/v2\/media?parent=270055"}],"wp:term":[{"taxonomy":"category","embeddable":true,"href":"https:\/\/www.radiopiu.net\/wordpress\/wp-json\/wp\/v2\/categories?post=270055"},{"taxonomy":"post_tag","embeddable":true,"href":"https:\/\/www.radiopiu.net\/wordpress\/wp-json\/wp\/v2\/tags?post=270055"}],"curies":[{"name":"wp","href":"https:\/\/api.w.org\/{rel}","templated":true}]}}