{"id":270112,"date":"2022-04-12T05:52:43","date_gmt":"2022-04-12T03:52:43","guid":{"rendered":"https:\/\/www.radiopiu.net\/wordpress\/?p=270112"},"modified":"2022-04-12T06:16:17","modified_gmt":"2022-04-12T04:16:17","slug":"giovedi-senzacqua-a-belluno","status":"publish","type":"post","link":"https:\/\/www.radiopiu.net\/wordpress\/giovedi-senzacqua-a-belluno\/","title":{"rendered":"GIOVEDI SENZ&#8217;ACQUA A BELLUNO"},"content":{"rendered":"<p><strong><img loading=\"lazy\" decoding=\"async\" class=\"alignleft\" src=\"https:\/\/www.radiopiu.net\/wordpress\/wp-content\/uploads\/2021\/06\/th-12.jpg\" width=\"101\" height=\"67\" \/>BELLUNO<\/strong>\u00a0 Il consiglio: fare provvista d&#8217;acqua riempendo bottiglie e taniche perch\u00e9 giovedi dalle 8 alle 17 in alcune zone della citt\u00e0 non sgorgher\u00e0 dai rubinetti. Stamane \u00e8 successo a Falcade in via degli artigiani come anticipato con largo anticipo da Bim Gsp che oggi fa altrettanto indormando che, per lavori alla rete idrica comunale, gioved\u00ec 14 aprile dalle ore 8 alle ore 17 verr\u00e0 sospesa l\u2019erogazione dell\u2019acqua a Belluno in localit\u00e0 Giamosa e nelle vie Bettin, Marisiga, Salce, Col di Salce, del Boscon.<\/p>\n<p>&nbsp;<\/p>\n<p>___<\/p>\n","protected":false},"excerpt":{"rendered":"<p>BELLUNO\u00a0 Il consiglio: fare provvista d&#8217;acqua riempendo bottiglie e taniche perch\u00e9 giovedi dalle 8 alle 17 in alcune zone della citt\u00e0 non sgorgher\u00e0 dai rubinetti. Stamane \u00e8 successo a Falcade in via degli artigiani come anticipato con largo anticipo da Bim Gsp che oggi fa altrettanto indormando che, per lavori alla rete idrica comunale, gioved\u00ec&hellip;<\/p>\n","protected":false},"author":4,"featured_media":216172,"comment_status":"closed","ping_status":"closed","sticky":false,"template":"","format":"standard","meta":{"_monsterinsights_skip_tracking":false,"_monsterinsights_sitenote_active":false,"_monsterinsights_sitenote_note":"","_monsterinsights_sitenote_category":0,"footnotes":""},"categories":[51,49],"tags":[],"class_list":["post-270112","post","type-post","status-publish","format-standard","has-post-thumbnail","hentry","category-evidenza-top","category-news-18","category-51","category-49","description-off"],"img_url":"https:\/\/www.radiopiu.net\/wordpress\/wp-content\/uploads\/2021\/06\/th-12.jpg","_links":{"self":[{"href":"https:\/\/www.radiopiu.net\/wordpress\/wp-json\/wp\/v2\/posts\/270112","targetHints":{"allow":["GET"]}}],"collection":[{"href":"https:\/\/www.radiopiu.net\/wordpress\/wp-json\/wp\/v2\/posts"}],"about":[{"href":"https:\/\/www.radiopiu.net\/wordpress\/wp-json\/wp\/v2\/types\/post"}],"author":[{"embeddable":true,"href":"https:\/\/www.radiopiu.net\/wordpress\/wp-json\/wp\/v2\/users\/4"}],"replies":[{"embeddable":true,"href":"https:\/\/www.radiopiu.net\/wordpress\/wp-json\/wp\/v2\/comments?post=270112"}],"version-history":[{"count":0,"href":"https:\/\/www.radiopiu.net\/wordpress\/wp-json\/wp\/v2\/posts\/270112\/revisions"}],"wp:featuredmedia":[{"embeddable":true,"href":"https:\/\/www.radiopiu.net\/wordpress\/wp-json\/wp\/v2\/media\/216172"}],"wp:attachment":[{"href":"https:\/\/www.radiopiu.net\/wordpress\/wp-json\/wp\/v2\/media?parent=270112"}],"wp:term":[{"taxonomy":"category","embeddable":true,"href":"https:\/\/www.radiopiu.net\/wordpress\/wp-json\/wp\/v2\/categories?post=270112"},{"taxonomy":"post_tag","embeddable":true,"href":"https:\/\/www.radiopiu.net\/wordpress\/wp-json\/wp\/v2\/tags?post=270112"}],"curies":[{"name":"wp","href":"https:\/\/api.w.org\/{rel}","templated":true}]}}