{"id":270115,"date":"2022-04-12T05:53:19","date_gmt":"2022-04-12T03:53:19","guid":{"rendered":"https:\/\/www.radiopiu.net\/wordpress\/?p=270115"},"modified":"2022-04-12T06:16:04","modified_gmt":"2022-04-12T04:16:04","slug":"270115-2","status":"publish","type":"post","link":"https:\/\/www.radiopiu.net\/wordpress\/270115-2\/","title":{"rendered":"Protocollo d\u2019intesa tra Comune di Belluno e Guardia di Finanza."},"content":{"rendered":"<p><a class=\"dt-pswp-item\" href=\"https:\/\/www.radiopiu.net\/wordpress\/wp-content\/uploads\/2022\/04\/Firma-Protocollo-Comune-Guardia-di-Finanza-4-768x432-1.jpg\" data-dt-img-description=\"\" data-large_image_width=\"768\" data-large_image_height=\"432\"><img loading=\"lazy\" decoding=\"async\" class=\"size-medium wp-image-270116 alignleft\" src=\"https:\/\/www.radiopiu.net\/wordpress\/wp-content\/uploads\/2022\/04\/Firma-Protocollo-Comune-Guardia-di-Finanza-4-768x432-1-300x169.jpg\" alt=\"\" width=\"300\" height=\"169\" srcset=\"https:\/\/www.radiopiu.net\/wordpress\/wp-content\/uploads\/2022\/04\/Firma-Protocollo-Comune-Guardia-di-Finanza-4-768x432-1-300x169.jpg 300w, https:\/\/www.radiopiu.net\/wordpress\/wp-content\/uploads\/2022\/04\/Firma-Protocollo-Comune-Guardia-di-Finanza-4-768x432-1.jpg 768w\" sizes=\"auto, (max-width: 300px) 100vw, 300px\" \/><\/a><strong>BELLUNO<\/strong> \u00c8 stato sottoscritto questa mattina, nella Sala Giunta di Palazzo Rosso, dal Sindaco del Comune di Belluno, Jacopo Massaro, e dal Comandate provinciale della Guardia di Finanza, Colonnello Dario Guarino, il protocollo d\u2019intesa tra i due Enti, destinato a rafforzare le azioni di tutela della legalit\u00e0 dell\u2019azione amministrativa, relativamente all\u2019utilizzo di risorse pubbliche e, in particolare, di quelle destinate al Piano Nazionale di Ripresa e Resilienza, attraverso la prevenzione e il contrasto di qualsiasi violazione. Il Protocollo d\u2019intesa tra Comune e Guardia di Finanza disciplina le modalit\u00e0 di coordinamento e cooperazione idonee a sostenere, nel rispetto dei rispettivi compiti istituzionali, la legalit\u00e0 economica e finanziaria nel territorio di competenza. Fermo restando il potere di iniziativa della Guardia di Finanza, il Comune porr\u00e0 all\u2019attenzione dell\u2019Ente informazioni e notizie circostanziate ritenute rilevanti per la repressione di irregolarit\u00e0, frodi e abusi di natura economico-finanziaria di cui sia venuto a conoscenza nell\u2019ambito delle attivit\u00e0 che lo coinvolgono. Inoltre, segnaler\u00e0 gli interventi che presentino particolari elementi di rischio e consentir\u00e0 alla Guardia di Finanza di contribuire all\u2019analisi e valutazione del rischio frode in ambito PNRR. Il confronto progressivo tra i due Enti, mediante riunioni quadrimestrali, permetter\u00e0 di valutare congiuntamente i settori pi\u00f9 esposti al rischio.<\/p>\n<p>&nbsp;<\/p>\n<p>___<\/p>\n","protected":false},"excerpt":{"rendered":"<p>BELLUNO \u00c8 stato sottoscritto questa mattina, nella Sala Giunta di Palazzo Rosso, dal Sindaco del Comune di Belluno, Jacopo Massaro, e dal Comandate provinciale della Guardia di Finanza, Colonnello Dario Guarino, il protocollo d\u2019intesa tra i due Enti, destinato a rafforzare le azioni di tutela della legalit\u00e0 dell\u2019azione amministrativa, relativamente all\u2019utilizzo di risorse pubbliche e,&hellip;<\/p>\n","protected":false},"author":4,"featured_media":270116,"comment_status":"closed","ping_status":"closed","sticky":false,"template":"","format":"standard","meta":{"_monsterinsights_skip_tracking":false,"_monsterinsights_sitenote_active":false,"_monsterinsights_sitenote_note":"","_monsterinsights_sitenote_category":0,"footnotes":""},"categories":[51,49],"tags":[],"class_list":["post-270115","post","type-post","status-publish","format-standard","has-post-thumbnail","hentry","category-evidenza-top","category-news-18","category-51","category-49","description-off"],"img_url":"https:\/\/www.radiopiu.net\/wordpress\/wp-content\/uploads\/2022\/04\/Firma-Protocollo-Comune-Guardia-di-Finanza-4-768x432-1.jpg","_links":{"self":[{"href":"https:\/\/www.radiopiu.net\/wordpress\/wp-json\/wp\/v2\/posts\/270115","targetHints":{"allow":["GET"]}}],"collection":[{"href":"https:\/\/www.radiopiu.net\/wordpress\/wp-json\/wp\/v2\/posts"}],"about":[{"href":"https:\/\/www.radiopiu.net\/wordpress\/wp-json\/wp\/v2\/types\/post"}],"author":[{"embeddable":true,"href":"https:\/\/www.radiopiu.net\/wordpress\/wp-json\/wp\/v2\/users\/4"}],"replies":[{"embeddable":true,"href":"https:\/\/www.radiopiu.net\/wordpress\/wp-json\/wp\/v2\/comments?post=270115"}],"version-history":[{"count":0,"href":"https:\/\/www.radiopiu.net\/wordpress\/wp-json\/wp\/v2\/posts\/270115\/revisions"}],"wp:featuredmedia":[{"embeddable":true,"href":"https:\/\/www.radiopiu.net\/wordpress\/wp-json\/wp\/v2\/media\/270116"}],"wp:attachment":[{"href":"https:\/\/www.radiopiu.net\/wordpress\/wp-json\/wp\/v2\/media?parent=270115"}],"wp:term":[{"taxonomy":"category","embeddable":true,"href":"https:\/\/www.radiopiu.net\/wordpress\/wp-json\/wp\/v2\/categories?post=270115"},{"taxonomy":"post_tag","embeddable":true,"href":"https:\/\/www.radiopiu.net\/wordpress\/wp-json\/wp\/v2\/tags?post=270115"}],"curies":[{"name":"wp","href":"https:\/\/api.w.org\/{rel}","templated":true}]}}