{"id":270142,"date":"2022-04-12T05:58:20","date_gmt":"2022-04-12T03:58:20","guid":{"rendered":"https:\/\/www.radiopiu.net\/wordpress\/?p=270142"},"modified":"2022-04-12T06:13:55","modified_gmt":"2022-04-12T04:13:55","slug":"luxfedon","status":"publish","type":"post","link":"https:\/\/www.radiopiu.net\/wordpress\/luxfedon\/","title":{"rendered":"LUXOTTICA PRONTA AD ACQUISTARE IL 90,9% DI FEDON  ASTUCCI PER OCCHIALI"},"content":{"rendered":"<p><strong><a class=\"dt-pswp-item\" href=\"https:\/\/www.radiopiu.net\/wordpress\/wp-content\/uploads\/2021\/12\/LUXOTTICA-FRAMONT.jpg\" data-dt-img-description=\"\" data-large_image_width=\"2048\" data-large_image_height=\"1536\"><img loading=\"lazy\" decoding=\"async\" class=\"size-medium wp-image-246066 alignleft\" src=\"https:\/\/www.radiopiu.net\/wordpress\/wp-content\/uploads\/2021\/12\/LUXOTTICA-FRAMONT-300x225.jpg\" alt=\"\" width=\"300\" height=\"225\" srcset=\"https:\/\/www.radiopiu.net\/wordpress\/wp-content\/uploads\/2021\/12\/LUXOTTICA-FRAMONT-300x225.jpg 300w, https:\/\/www.radiopiu.net\/wordpress\/wp-content\/uploads\/2021\/12\/LUXOTTICA-FRAMONT-1024x768.jpg 1024w, https:\/\/www.radiopiu.net\/wordpress\/wp-content\/uploads\/2021\/12\/LUXOTTICA-FRAMONT-768x576.jpg 768w, https:\/\/www.radiopiu.net\/wordpress\/wp-content\/uploads\/2021\/12\/LUXOTTICA-FRAMONT-1536x1152.jpg 1536w, https:\/\/www.radiopiu.net\/wordpress\/wp-content\/uploads\/2021\/12\/LUXOTTICA-FRAMONT.jpg 2048w\" sizes=\"auto, (max-width: 300px) 100vw, 300px\" \/><\/a>AGORDO<\/strong>\u00a0 Luxottica\u00a0 \u00a0ha sottoscritto un contratto preliminare di compravendita per l\u2019acquisto di\u00a0 1.727.141 azioni della societ\u00e0 Giorgio Fedon &amp; Figli S.p.A.. Il Contratto \u00e8 stato sottoscritto con gli azionisti rilevanti della Societ\u00e0: Piergiorgio Fedon, Sylt S.r.l., Italo Fedon, Laura Corte Metto, Francesca Fedon, Roberto Fedon, Flora Fedon e Rossella Fedon, nonch\u00e9 ulteriori azionisti non rilevanti.<\/p>\n<p>L\u2019operazione rappresenta un nuovo passo nella consolidata strategia di integrazione verticale di EssilorLuxottica, finalizzata ad assicurare i pi\u00f9 alti standard di qualit\u00e0 lungo tutta la catena del valore e a ottimizzare il servizio a beneficio di tutti gli operatori del settore. Grazie all\u2019impiego di tecnologie all\u2019avanguardia e innovazioni dedicate, l\u2019acquisizione permetter\u00e0 di offrire astucci e packaging che si adattano perfettamente alla forma delle montature e alle caratteristiche delle lenti per garantire la massima protezione e integrit\u00e0 del prodotto, a vantaggio del consumatore finale.\u00a0 Inoltre, EssilorLuxottica intende proseguire anche attraverso la Societ\u00e0 la propria strategia fortemente orientata alla sostenibilit\u00e0, investendo sulla riciclabilit\u00e0 e sulla circolarit\u00e0 di materiali di protezione prodotti da Luxottica. L\u2019esecuzione della compravendita \u00e8 subordinata al verificarsi di alcune condizioni sospensive,\u00a0 compreso l\u2019ottenimento delle autorizzazioni previste dalle autorit\u00e0 antitrust competenti e il rinnovo del consiglio di amministrazione della Fedon.\u00a0 Il prezzo convenuto per la compravendita\u00a0 \u00e8 pari a\u00a0 17,03 euro ad azione per un totale di\u00a0 29,4 milioni di euro.\u00a0 Si prevede che le Condizioni Sospensive possano avverarsi e che il Closing possa avvenire entro la fine di giugno 2022. In caso di perfezionamento dell\u2019operazione, Luxottica deterr\u00e0 una partecipazione complessiva pari al 90,9% del capitale<\/p>\n<p>&nbsp;<\/p>\n<p>&nbsp;<\/p>\n<p>..<\/p>\n","protected":false},"excerpt":{"rendered":"<p>AGORDO\u00a0 Luxottica\u00a0 \u00a0ha sottoscritto un contratto preliminare di compravendita per l\u2019acquisto di\u00a0 1.727.141 azioni della societ\u00e0 Giorgio Fedon &amp; Figli S.p.A.. Il Contratto \u00e8 stato sottoscritto con gli azionisti rilevanti della Societ\u00e0: Piergiorgio Fedon, Sylt S.r.l., Italo Fedon, Laura Corte Metto, Francesca Fedon, Roberto Fedon, Flora Fedon e Rossella Fedon, nonch\u00e9 ulteriori azionisti non rilevanti.&hellip;<\/p>\n","protected":false},"author":4,"featured_media":253706,"comment_status":"closed","ping_status":"closed","sticky":false,"template":"","format":"standard","meta":{"_monsterinsights_skip_tracking":false,"_monsterinsights_sitenote_active":false,"_monsterinsights_sitenote_note":"","_monsterinsights_sitenote_category":0,"footnotes":""},"categories":[51,49],"tags":[],"class_list":["post-270142","post","type-post","status-publish","format-standard","has-post-thumbnail","hentry","category-evidenza-top","category-news-18","category-51","category-49","description-off"],"img_url":"https:\/\/www.radiopiu.net\/wordpress\/wp-content\/uploads\/2022\/01\/th-7.jpg","_links":{"self":[{"href":"https:\/\/www.radiopiu.net\/wordpress\/wp-json\/wp\/v2\/posts\/270142","targetHints":{"allow":["GET"]}}],"collection":[{"href":"https:\/\/www.radiopiu.net\/wordpress\/wp-json\/wp\/v2\/posts"}],"about":[{"href":"https:\/\/www.radiopiu.net\/wordpress\/wp-json\/wp\/v2\/types\/post"}],"author":[{"embeddable":true,"href":"https:\/\/www.radiopiu.net\/wordpress\/wp-json\/wp\/v2\/users\/4"}],"replies":[{"embeddable":true,"href":"https:\/\/www.radiopiu.net\/wordpress\/wp-json\/wp\/v2\/comments?post=270142"}],"version-history":[{"count":0,"href":"https:\/\/www.radiopiu.net\/wordpress\/wp-json\/wp\/v2\/posts\/270142\/revisions"}],"wp:featuredmedia":[{"embeddable":true,"href":"https:\/\/www.radiopiu.net\/wordpress\/wp-json\/wp\/v2\/media\/253706"}],"wp:attachment":[{"href":"https:\/\/www.radiopiu.net\/wordpress\/wp-json\/wp\/v2\/media?parent=270142"}],"wp:term":[{"taxonomy":"category","embeddable":true,"href":"https:\/\/www.radiopiu.net\/wordpress\/wp-json\/wp\/v2\/categories?post=270142"},{"taxonomy":"post_tag","embeddable":true,"href":"https:\/\/www.radiopiu.net\/wordpress\/wp-json\/wp\/v2\/tags?post=270142"}],"curies":[{"name":"wp","href":"https:\/\/api.w.org\/{rel}","templated":true}]}}