{"id":270176,"date":"2022-04-12T05:55:55","date_gmt":"2022-04-12T03:55:55","guid":{"rendered":"https:\/\/www.radiopiu.net\/wordpress\/?p=270176"},"modified":"2022-04-12T09:42:43","modified_gmt":"2022-04-12T07:42:43","slug":"quale-futuro-per-malga-framont-gestore-cercasi","status":"publish","type":"post","link":"https:\/\/www.radiopiu.net\/wordpress\/quale-futuro-per-malga-framont-gestore-cercasi\/","title":{"rendered":"QUALE FUTURO PER MALGA FRAMONT? GESTORE CERCASI\u00a0"},"content":{"rendered":"<blockquote>\n<h3><a class=\"dt-pswp-item\" href=\"https:\/\/www.radiopiu.net\/wordpress\/wp-content\/uploads\/2022\/04\/th-7.jpg\" data-dt-img-description=\"\" data-large_image_width=\"273\" data-large_image_height=\"205\"><img loading=\"lazy\" decoding=\"async\" class=\"wp-image-270175 alignleft\" src=\"https:\/\/www.radiopiu.net\/wordpress\/wp-content\/uploads\/2022\/04\/th-7.jpg\" alt=\"\" width=\"174\" height=\"131\" \/><\/a><\/h3>\n<\/blockquote>\n<p><strong>\u00a0AGORDO<\/strong> La famiglia Frigimelica lo scorso autunno ha fatto i bagagli, chiuso le imposte ed \u00e8 scesa a valle, non ritorner\u00e0 pi\u00f9 a Malga Framont. Dopo 15 anni la malga cambia gestione, o meglio il Comune \u00e8 alla ricerca dei nuovi gestori, \u00e8 infatti iniziata la gara a base d&#8217;asta a partire da 7500 euro, contratto per 6 stagioni (pi\u00f9 altre 6 eventuali). Il latte prodotto sar\u00e0 lavorato nella malga o nelle latterie\u00a0 di fondovalle<\/p>\n<p>&nbsp;<\/p>\n<p><strong>ALLA FAMIGLIA FRIGIMELICA,<\/strong> grazie per il vostro grande impegno, cinque lustri tra Framont e Moiazza, tanti i turisti e i valligiani che hanno apprezzato la vostra cordialt\u00e0 e professionalit\u00e0.<\/p>\n<p><a class=\"dt-pswp-item\" href=\"https:\/\/www.radiopiu.net\/wordpress\/wp-content\/uploads\/2022\/04\/th-8.jpg\" data-dt-img-description=\"\" data-large_image_width=\"224\" data-large_image_height=\"168\"><img loading=\"lazy\" decoding=\"async\" class=\"alignnone size-full wp-image-270178\" src=\"https:\/\/www.radiopiu.net\/wordpress\/wp-content\/uploads\/2022\/04\/th-8.jpg\" alt=\"\" width=\"224\" height=\"168\" \/>\u00a0<\/a><\/p>\n<p><strong>ARCHIVIO RADIO PIU DA UN CONSIGLIO COMUNALE DEL 1 OTTOBRE 2018<\/strong><\/p>\n<p>&nbsp;<\/p>\n<hr \/>\n<p>&nbsp;<\/p>\n","protected":false},"excerpt":{"rendered":"<p>\u00a0AGORDO La famiglia Frigimelica lo scorso autunno ha fatto i bagagli, chiuso le imposte ed \u00e8 scesa a valle, non ritorner\u00e0 pi\u00f9 a Malga Framont. Dopo 15 anni la malga cambia gestione, o meglio il Comune \u00e8 alla ricerca dei nuovi gestori, \u00e8 infatti iniziata la gara a base d&#8217;asta a partire da 7500 euro,&hellip;<\/p>\n","protected":false},"author":4,"featured_media":270175,"comment_status":"closed","ping_status":"closed","sticky":false,"template":"","format":"standard","meta":{"_monsterinsights_skip_tracking":false,"_monsterinsights_sitenote_active":false,"_monsterinsights_sitenote_note":"","_monsterinsights_sitenote_category":0,"footnotes":""},"categories":[51,49],"tags":[],"class_list":["post-270176","post","type-post","status-publish","format-standard","has-post-thumbnail","hentry","category-evidenza-top","category-news-18","category-51","category-49","description-off"],"img_url":"https:\/\/www.radiopiu.net\/wordpress\/wp-content\/uploads\/2022\/04\/th-7.jpg","_links":{"self":[{"href":"https:\/\/www.radiopiu.net\/wordpress\/wp-json\/wp\/v2\/posts\/270176","targetHints":{"allow":["GET"]}}],"collection":[{"href":"https:\/\/www.radiopiu.net\/wordpress\/wp-json\/wp\/v2\/posts"}],"about":[{"href":"https:\/\/www.radiopiu.net\/wordpress\/wp-json\/wp\/v2\/types\/post"}],"author":[{"embeddable":true,"href":"https:\/\/www.radiopiu.net\/wordpress\/wp-json\/wp\/v2\/users\/4"}],"replies":[{"embeddable":true,"href":"https:\/\/www.radiopiu.net\/wordpress\/wp-json\/wp\/v2\/comments?post=270176"}],"version-history":[{"count":0,"href":"https:\/\/www.radiopiu.net\/wordpress\/wp-json\/wp\/v2\/posts\/270176\/revisions"}],"wp:featuredmedia":[{"embeddable":true,"href":"https:\/\/www.radiopiu.net\/wordpress\/wp-json\/wp\/v2\/media\/270175"}],"wp:attachment":[{"href":"https:\/\/www.radiopiu.net\/wordpress\/wp-json\/wp\/v2\/media?parent=270176"}],"wp:term":[{"taxonomy":"category","embeddable":true,"href":"https:\/\/www.radiopiu.net\/wordpress\/wp-json\/wp\/v2\/categories?post=270176"},{"taxonomy":"post_tag","embeddable":true,"href":"https:\/\/www.radiopiu.net\/wordpress\/wp-json\/wp\/v2\/tags?post=270176"}],"curies":[{"name":"wp","href":"https:\/\/api.w.org\/{rel}","templated":true}]}}