{"id":270316,"date":"2022-04-12T20:06:32","date_gmt":"2022-04-12T18:06:32","guid":{"rendered":"https:\/\/www.radiopiu.net\/wordpress\/?p=270316"},"modified":"2022-04-12T21:25:33","modified_gmt":"2022-04-12T19:25:33","slug":"recuperate-due-escursioniste-in-difficolta","status":"publish","type":"post","link":"https:\/\/www.radiopiu.net\/wordpress\/recuperate-due-escursioniste-in-difficolta\/","title":{"rendered":"RECUPERATE DUE ESCURSIONISTE IN DIFFICOLT\u00c0"},"content":{"rendered":"<p><strong><img loading=\"lazy\" decoding=\"async\" class=\"alignleft\" src=\"https:\/\/www.radiopiu.net\/wordpress\/wp-content\/uploads\/2021\/10\/salt_20211025_145654_870.jpg\" width=\"194\" height=\"146\" \/>TAMBRE\u00a0<\/strong> Poco prima delle 16 il Soccorso alpino dell&#8217;Alpago \u00e8 stato allertato per due escursioniste che avevano perso l&#8217;orientamento nella zona della Val Menera. Partite a mezzogiorno da Malga Filippon, le due amiche, di 23 e 24 anni, di Mirano (VE), si erano inoltrate nel bosco iniziando a percorrere le numerose stradine interne finch\u00e9 non avevano pi\u00f9 saputo capire dove si trovavano. In contatto telefonico con una squadra, risaliti al punto in cui erano arrivate, lungo il sentiero B, che \u00e8 una strada asfaltata sotto Casera Candaglia, i soccorritori le hanno raggiunte in auto. Dato che il luogo \u00e8 in territorio friulano, \u00e8 stato in ogni caso avvertito il Soccorso alpino di Pordenone. Le due amiche sono state quindi riaccompagnate alla loro macchina.<\/p>\n<p>&nbsp;<\/p>\n<p>___<\/p>\n","protected":false},"excerpt":{"rendered":"<p>TAMBRE\u00a0 Poco prima delle 16 il Soccorso alpino dell&#8217;Alpago \u00e8 stato allertato per due escursioniste che avevano perso l&#8217;orientamento nella zona della Val Menera. Partite a mezzogiorno da Malga Filippon, le due amiche, di 23 e 24 anni, di Mirano (VE), si erano inoltrate nel bosco iniziando a percorrere le numerose stradine interne finch\u00e9 non&hellip;<\/p>\n","protected":false},"author":4,"featured_media":239002,"comment_status":"closed","ping_status":"closed","sticky":false,"template":"","format":"standard","meta":{"_monsterinsights_skip_tracking":false,"_monsterinsights_sitenote_active":false,"_monsterinsights_sitenote_note":"","_monsterinsights_sitenote_category":0,"footnotes":""},"categories":[51,49],"tags":[],"class_list":["post-270316","post","type-post","status-publish","format-standard","has-post-thumbnail","hentry","category-evidenza-top","category-news-18","category-51","category-49","description-off"],"img_url":"https:\/\/www.radiopiu.net\/wordpress\/wp-content\/uploads\/2021\/10\/salt_20211025_145654_870.jpg","_links":{"self":[{"href":"https:\/\/www.radiopiu.net\/wordpress\/wp-json\/wp\/v2\/posts\/270316","targetHints":{"allow":["GET"]}}],"collection":[{"href":"https:\/\/www.radiopiu.net\/wordpress\/wp-json\/wp\/v2\/posts"}],"about":[{"href":"https:\/\/www.radiopiu.net\/wordpress\/wp-json\/wp\/v2\/types\/post"}],"author":[{"embeddable":true,"href":"https:\/\/www.radiopiu.net\/wordpress\/wp-json\/wp\/v2\/users\/4"}],"replies":[{"embeddable":true,"href":"https:\/\/www.radiopiu.net\/wordpress\/wp-json\/wp\/v2\/comments?post=270316"}],"version-history":[{"count":0,"href":"https:\/\/www.radiopiu.net\/wordpress\/wp-json\/wp\/v2\/posts\/270316\/revisions"}],"wp:featuredmedia":[{"embeddable":true,"href":"https:\/\/www.radiopiu.net\/wordpress\/wp-json\/wp\/v2\/media\/239002"}],"wp:attachment":[{"href":"https:\/\/www.radiopiu.net\/wordpress\/wp-json\/wp\/v2\/media?parent=270316"}],"wp:term":[{"taxonomy":"category","embeddable":true,"href":"https:\/\/www.radiopiu.net\/wordpress\/wp-json\/wp\/v2\/categories?post=270316"},{"taxonomy":"post_tag","embeddable":true,"href":"https:\/\/www.radiopiu.net\/wordpress\/wp-json\/wp\/v2\/tags?post=270316"}],"curies":[{"name":"wp","href":"https:\/\/api.w.org\/{rel}","templated":true}]}}