{"id":270390,"date":"2022-04-14T05:54:53","date_gmt":"2022-04-14T03:54:53","guid":{"rendered":"https:\/\/www.radiopiu.net\/wordpress\/?p=270390"},"modified":"2022-04-14T06:23:00","modified_gmt":"2022-04-14T04:23:00","slug":"lassemblea-operativa-del-gruppo-ana-e-protezione-civile-di-rocca-pietore","status":"publish","type":"post","link":"https:\/\/www.radiopiu.net\/wordpress\/lassemblea-operativa-del-gruppo-ana-e-protezione-civile-di-rocca-pietore\/","title":{"rendered":"L&#8217;ASSEMBLEA OPERATIVA DEL GRUPPO ANA E PROTEZIONE CIVILE DI ROCCA PIETORE"},"content":{"rendered":"<p><strong>\u00a0<\/strong><\/p>\n<p><strong>DI GIANNI SANTOMASO corriere alpi<\/strong><\/p>\n<audio class=\"wp-audio-shortcode\" id=\"audio-270390-1\" preload=\"none\" style=\"width: 100%;\" controls=\"controls\"><source type=\"audio\/mpeg\" src=\"https:\/\/www.radiopiu.net\/wordpress\/wp-content\/uploads\/2022\/04\/gianni-rocca.mp3?_=1\" \/><a href=\"https:\/\/www.radiopiu.net\/wordpress\/wp-content\/uploads\/2022\/04\/gianni-rocca.mp3\">https:\/\/www.radiopiu.net\/wordpress\/wp-content\/uploads\/2022\/04\/gianni-rocca.mp3<\/a><\/audio>\n<p><strong>IL SINDACO DI ROCCA PIETORE ANDREA DE BERNARDIN<\/strong><\/p>\n<audio class=\"wp-audio-shortcode\" id=\"audio-270390-2\" preload=\"none\" style=\"width: 100%;\" controls=\"controls\"><source type=\"audio\/mpeg\" src=\"https:\/\/www.radiopiu.net\/wordpress\/wp-content\/uploads\/2022\/04\/DE-BERNARDIN-VOLONTARI.mp3?_=2\" \/><a href=\"https:\/\/www.radiopiu.net\/wordpress\/wp-content\/uploads\/2022\/04\/DE-BERNARDIN-VOLONTARI.mp3\">https:\/\/www.radiopiu.net\/wordpress\/wp-content\/uploads\/2022\/04\/DE-BERNARDIN-VOLONTARI.mp3<\/a><\/audio>\n<p>&nbsp;<\/p>\n<p>Ieri sera a Rocca si \u00e8 tenuta una assemblea operativa del Gruppo ANA di Protezione Civile del Comune di Rocca Pietore. Il sodalizio nato un paio d&#8217;anni fa, in risposta a quanto successo a Rocca con la tempesta Vaia, conta attualmente una trentina di volontari. Si \u00e8 cercato di avere rappresentativit\u00e0 un p\u00f2 in tutte le frazioni del Comune per cercare il pi\u00f9 possibile di mantenere l&#8217;attenzione sull&#8217;ampio territorio comunale. Il Gruppo sostenuto dall&#8217;amministrazione comunale e dall&#8217;ANA provinciale ha gi\u00e0 dato prova di s\u00e8 in pi\u00f9 occasioni. Come gi\u00e0 detto esso non vuole assolutamente essere un doppione del volontariato gi\u00e0 fortunatamente attivo e presente sul territorio, Vigili del Fuoco, Ambulanza, Soccorso Alpino, bens\u00ec colmare quegli spazi non propriamente adatti agli altri. Per un Comune montano distante dai centri principali, vantare una cos\u00ec completa composizione di volontari aiuta, e non poco. Dopo che il Comune, grazie alla disponibilit\u00e0 del Comune di Colle Santa Lucia per uno spazio dedicato al Belvedere, ha piazzato un ponte radio comunale dedicato, ha acquistato parecchie radio ricetrasmittenti montate sui mezzi comunali sgomberaneve e ieri sera consegnate anche ad alcuni volontari nelle frazioni. Questo per riuscire a colmare il forte disagio che si viene a creare quando saltano le linee telefoniche e internet, interrompendo le tradizionali comunicazioni. E questo lo abbiamo vissuto piuttosto pesantemente durante i giorni di Vaia. &#8220;<em>Auguro a tutti e 4 i Gruppi di Vontariato operanti sul nostro territorio comunale di poter continuare cos\u00ec come stanno facendo, con grande impegno e dedizione, ringraziando sempre tutti per l&#8217;aiuto concreto che danno a tutta la popolazione, Sindaco in primis<\/em>&#8221; conclude il primo cittadino Andrea De Bernardin<\/p>\n<p>&nbsp;<\/p>\n\n\t\t\t<style type='text\/css'>\n\t\t\t\t#gallery-1 {\n\t\t\t\t\tmargin: auto;\n\t\t\t\t}\n\t\t\t\t#gallery-1 .gallery-item {\n\t\t\t\t\tfloat: left;\n\t\t\t\t\tmargin-top: 10px;\n\t\t\t\t\ttext-align: center;\n\t\t\t\t\twidth: 25%;\n\t\t\t\t}\n\t\t\t\t#gallery-1 img {\n\t\t\t\t\tborder: 2px solid #cfcfcf;\n\t\t\t\t}\n\t\t\t\t#gallery-1 .gallery-caption {\n\t\t\t\t\tmargin-left: 0;\n\t\t\t\t}\n\t\t\t\t\/* see gallery_shortcode() in wp-includes\/media.php *\/\n\t\t\t<\/style>\n\t\t<div id='gallery-1' class='dt-gallery-container gallery galleryid-270390 gallery-columns-4 gallery-size-thumbnail'><dl class='gallery-item'>\n\t\t\t\t<dt class='gallery-icon landscape'>\n\t\t\t\t\t<a class=\"rollover rollover-zoom dt-pswp-item\" title=\"c25cefb3-0a75-4a28-a3ed-91a22219f695\" data-dt-img-description=\"\" data-large_image_width=\"2048\" data-large_image_height=\"1536\"href='https:\/\/www.radiopiu.net\/wordpress\/wp-content\/uploads\/2022\/04\/c25cefb3-0a75-4a28-a3ed-91a22219f695.jpg'><img loading=\"lazy\" decoding=\"async\" width=\"150\" height=\"150\" src=\"https:\/\/www.radiopiu.net\/wordpress\/wp-content\/uploads\/2022\/04\/c25cefb3-0a75-4a28-a3ed-91a22219f695-150x150.jpg\" class=\"attachment-thumbnail size-thumbnail\" alt=\"\" \/><\/a>\n\t\t\t\t<\/dt><\/dl><dl class='gallery-item'>\n\t\t\t\t<dt class='gallery-icon landscape'>\n\t\t\t\t\t<a class=\"rollover rollover-zoom dt-pswp-item\" title=\"5ae622ab-a2cc-4506-a1fc-d890e26da160\" data-dt-img-description=\"\" data-large_image_width=\"2048\" data-large_image_height=\"720\"href='https:\/\/www.radiopiu.net\/wordpress\/wp-content\/uploads\/2022\/04\/5ae622ab-a2cc-4506-a1fc-d890e26da160.jpg'><img loading=\"lazy\" decoding=\"async\" width=\"150\" height=\"150\" src=\"https:\/\/www.radiopiu.net\/wordpress\/wp-content\/uploads\/2022\/04\/5ae622ab-a2cc-4506-a1fc-d890e26da160-150x150.jpg\" class=\"attachment-thumbnail size-thumbnail\" alt=\"\" \/><\/a>\n\t\t\t\t<\/dt><\/dl><dl class='gallery-item'>\n\t\t\t\t<dt class='gallery-icon landscape'>\n\t\t\t\t\t<a class=\"rollover rollover-zoom dt-pswp-item\" title=\"5eea2c7b-d9f9-46ab-a60d-ce33194d4d36\" data-dt-img-description=\"\" data-large_image_width=\"2048\" data-large_image_height=\"1536\"href='https:\/\/www.radiopiu.net\/wordpress\/wp-content\/uploads\/2022\/04\/5eea2c7b-d9f9-46ab-a60d-ce33194d4d36.jpg'><img loading=\"lazy\" decoding=\"async\" width=\"150\" height=\"150\" src=\"https:\/\/www.radiopiu.net\/wordpress\/wp-content\/uploads\/2022\/04\/5eea2c7b-d9f9-46ab-a60d-ce33194d4d36-150x150.jpg\" class=\"attachment-thumbnail size-thumbnail\" alt=\"\" \/><\/a>\n\t\t\t\t<\/dt><\/dl><dl class='gallery-item'>\n\t\t\t\t<dt class='gallery-icon landscape'>\n\t\t\t\t\t<a class=\"rollover rollover-zoom dt-pswp-item\" title=\"06489341-bd45-4998-b7c4-25b203e79169\" data-dt-img-description=\"\" data-large_image_width=\"2048\" data-large_image_height=\"634\"href='https:\/\/www.radiopiu.net\/wordpress\/wp-content\/uploads\/2022\/04\/06489341-bd45-4998-b7c4-25b203e79169.jpg'><img loading=\"lazy\" decoding=\"async\" width=\"150\" height=\"150\" src=\"https:\/\/www.radiopiu.net\/wordpress\/wp-content\/uploads\/2022\/04\/06489341-bd45-4998-b7c4-25b203e79169-150x150.jpg\" class=\"attachment-thumbnail size-thumbnail\" alt=\"\" \/><\/a>\n\t\t\t\t<\/dt><\/dl><br style=\"clear: both\" \/>\n\t\t\t<\/div>\n\n<p>&nbsp;<\/p>\n<p>&nbsp;<\/p>\n<p>*****<\/p>\n","protected":false},"excerpt":{"rendered":"<p>\u00a0 DI GIANNI SANTOMASO corriere alpi IL SINDACO DI ROCCA PIETORE ANDREA DE BERNARDIN &nbsp; Ieri sera a Rocca si \u00e8 tenuta una assemblea operativa del Gruppo ANA di Protezione Civile del Comune di Rocca Pietore. Il sodalizio nato un paio d&#8217;anni fa, in risposta a quanto successo a Rocca con la tempesta Vaia, conta&hellip;<\/p>\n","protected":false},"author":4,"featured_media":270397,"comment_status":"closed","ping_status":"closed","sticky":false,"template":"","format":"standard","meta":{"_monsterinsights_skip_tracking":false,"_monsterinsights_sitenote_active":false,"_monsterinsights_sitenote_note":"","_monsterinsights_sitenote_category":0,"footnotes":""},"categories":[51,49],"tags":[],"class_list":["post-270390","post","type-post","status-publish","format-standard","has-post-thumbnail","hentry","category-evidenza-top","category-news-18","category-51","category-49","description-off"],"img_url":"https:\/\/www.radiopiu.net\/wordpress\/wp-content\/uploads\/2022\/04\/5eea2c7b-d9f9-46ab-a60d-ce33194d4d36.jpg","_links":{"self":[{"href":"https:\/\/www.radiopiu.net\/wordpress\/wp-json\/wp\/v2\/posts\/270390","targetHints":{"allow":["GET"]}}],"collection":[{"href":"https:\/\/www.radiopiu.net\/wordpress\/wp-json\/wp\/v2\/posts"}],"about":[{"href":"https:\/\/www.radiopiu.net\/wordpress\/wp-json\/wp\/v2\/types\/post"}],"author":[{"embeddable":true,"href":"https:\/\/www.radiopiu.net\/wordpress\/wp-json\/wp\/v2\/users\/4"}],"replies":[{"embeddable":true,"href":"https:\/\/www.radiopiu.net\/wordpress\/wp-json\/wp\/v2\/comments?post=270390"}],"version-history":[{"count":0,"href":"https:\/\/www.radiopiu.net\/wordpress\/wp-json\/wp\/v2\/posts\/270390\/revisions"}],"wp:featuredmedia":[{"embeddable":true,"href":"https:\/\/www.radiopiu.net\/wordpress\/wp-json\/wp\/v2\/media\/270397"}],"wp:attachment":[{"href":"https:\/\/www.radiopiu.net\/wordpress\/wp-json\/wp\/v2\/media?parent=270390"}],"wp:term":[{"taxonomy":"category","embeddable":true,"href":"https:\/\/www.radiopiu.net\/wordpress\/wp-json\/wp\/v2\/categories?post=270390"},{"taxonomy":"post_tag","embeddable":true,"href":"https:\/\/www.radiopiu.net\/wordpress\/wp-json\/wp\/v2\/tags?post=270390"}],"curies":[{"name":"wp","href":"https:\/\/api.w.org\/{rel}","templated":true}]}}