{"id":270523,"date":"2022-04-15T05:45:06","date_gmt":"2022-04-15T03:45:06","guid":{"rendered":"https:\/\/www.radiopiu.net\/wordpress\/?p=270523"},"modified":"2022-04-15T10:58:14","modified_gmt":"2022-04-15T08:58:14","slug":"giornale-radiopiu-15-aprile-2022-direttore-mirko-mezzacasa","status":"publish","type":"post","link":"https:\/\/www.radiopiu.net\/wordpress\/giornale-radiopiu-15-aprile-2022-direttore-mirko-mezzacasa\/","title":{"rendered":"GIORNALE RADIOPIU 15 APRILE 2022 DIRETTORE MIRKO MEZZACASA"},"content":{"rendered":"<h3 class=\"kvgmc6g5 cxmmr5t8 oygrvhab hcukyx3x c1et5uql\"><span style=\"color: #0000ff;\"><strong><a class=\"dt-pswp-item\" href=\"https:\/\/www.radiopiu.net\/wordpress\/wp-content\/uploads\/2022\/04\/218060978_657921022271416_7686669901299450087_n.jpg\" data-dt-img-description=\"\" data-large_image_width=\"640\" data-large_image_height=\"640\"><img loading=\"lazy\" decoding=\"async\" class=\" wp-image-270644 alignleft\" src=\"https:\/\/www.radiopiu.net\/wordpress\/wp-content\/uploads\/2022\/04\/218060978_657921022271416_7686669901299450087_n-150x150.jpg\" alt=\"\" width=\"91\" height=\"91\" srcset=\"https:\/\/www.radiopiu.net\/wordpress\/wp-content\/uploads\/2022\/04\/218060978_657921022271416_7686669901299450087_n-150x150.jpg 150w, https:\/\/www.radiopiu.net\/wordpress\/wp-content\/uploads\/2022\/04\/218060978_657921022271416_7686669901299450087_n-300x300.jpg 300w, https:\/\/www.radiopiu.net\/wordpress\/wp-content\/uploads\/2022\/04\/218060978_657921022271416_7686669901299450087_n.jpg 640w\" sizes=\"auto, (max-width: 91px) 100vw, 91px\" \/><\/a>INFORMAZIONE il canale su TELEGRAM informazione di prima\u00a0 <\/strong><\/span><span style=\"color: #0000ff;\"><strong>mano e in tempo reale. iscriviti ed aiutaci a farlo conoscere\u00a0<\/strong><\/span><\/h3>\n<p><strong>OGGI LA COPERTINA E&#8217; FIRMATA<\/strong> da un amico, un artista: Pieraldo Vignazia &#8220;Vip&#8221; al quale ringraziandolo auguriamo buona Pasqua&#8230; <em>Feliz Pascua<\/em><\/p>\n<p><a class=\"dt-pswp-item\" href=\"https:\/\/www.radiopiu.net\/wordpress\/wp-content\/uploads\/2022\/04\/80ee53bf-97fb-4afc-91e6-57368ddff792.jpg\" data-dt-img-description=\"\" data-large_image_width=\"1280\" data-large_image_height=\"960\"><img loading=\"lazy\" decoding=\"async\" class=\"alignnone wp-image-270643 size-large\" src=\"https:\/\/www.radiopiu.net\/wordpress\/wp-content\/uploads\/2022\/04\/80ee53bf-97fb-4afc-91e6-57368ddff792-1024x768.jpg\" alt=\"\" width=\"1024\" height=\"768\" srcset=\"https:\/\/www.radiopiu.net\/wordpress\/wp-content\/uploads\/2022\/04\/80ee53bf-97fb-4afc-91e6-57368ddff792-1024x768.jpg 1024w, https:\/\/www.radiopiu.net\/wordpress\/wp-content\/uploads\/2022\/04\/80ee53bf-97fb-4afc-91e6-57368ddff792-300x225.jpg 300w, https:\/\/www.radiopiu.net\/wordpress\/wp-content\/uploads\/2022\/04\/80ee53bf-97fb-4afc-91e6-57368ddff792-768x576.jpg 768w, https:\/\/www.radiopiu.net\/wordpress\/wp-content\/uploads\/2022\/04\/80ee53bf-97fb-4afc-91e6-57368ddff792.jpg 1280w\" sizes=\"auto, (max-width: 1024px) 100vw, 1024px\" \/><\/a><\/p>\n<p>&nbsp;<\/p>\n<p>&nbsp;<\/p>\n<hr \/>\n<p>&nbsp;<\/p>\n<blockquote>\n<h3>CHIUDE LA 347 DEL DURAN E CEREDA A LA VALLE AGORDINA<\/h3>\n<\/blockquote>\n<p><strong><img loading=\"lazy\" decoding=\"async\" class=\"alignleft\" src=\"https:\/\/www.radiopiu.net\/wordpress\/wp-content\/uploads\/2018\/04\/185-ss347-cereda-duran-h.jpg\" width=\"201\" height=\"87\" \/><\/strong><strong>SP 347 PASSO DURAN<\/strong> In localit\u00e0 Pian De Caleda (La Valle Agordina) fino al 20 maggio esclusi festivi e prefestivi interdizione totale ai veicoli\u00a0 dalle 8 alle 12 e dalle 13.30 alle 17.30, negli altri orari senso unico alternato. Per i veicoli di massa superiore alle 3,5 ton. interdizione totale h24 anche al sabato e alla domenica.<\/p>\n<p>&nbsp;<\/p>\n<p>&nbsp;<\/p>\n<hr \/>\n<p>&nbsp;<\/p>\n<blockquote>\n<h3>RIVOLTA NEL CARCERE MINORILE DI TREVISO E NUOVA AGGRESSIONE MERCOLED\u00cc NELLA CASA CIRCONDARIALE DI BELLUNO<\/h3>\n<\/blockquote>\n<p><strong><a class=\"dt-pswp-item\" href=\"https:\/\/www.radiopiu.net\/wordpress\/wp-content\/uploads\/2021\/07\/image-2.jpg\" data-dt-img-description=\"\" data-large_image_width=\"960\" data-large_image_height=\"540\"><img loading=\"lazy\" decoding=\"async\" class=\"size-thumbnail wp-image-224354 alignleft\" src=\"https:\/\/www.radiopiu.net\/wordpress\/wp-content\/uploads\/2021\/07\/image-2-150x150.jpg\" alt=\"\" width=\"150\" height=\"150\" \/><\/a>BELLUNO <\/strong>Periodo difficile\u00a0 per gli istituti di pena del territorio. Dopo i gravi fatti che si sono verificati all\u2019Istituto Penale per Minorenni di Treviso, dove alcuni giovani detenuti hanno tenuto in scacco l\u2019intero padiglione, creando ingenti danni alla struttura e mettendo a dura prova i poliziotti penitenziari in servizio, mercoled\u00ec nella Casa Circondariale di Belluno un poliziotto penitenziario \u00e8 stato aggredito per futili motivi da un detenuto gi\u00e0 pi\u00f9 volte segnalato poich\u00e9 poco in linea con i regolamenti interni dell\u2019istituto. \u201c<em>Purtroppo &#8211; commenta Robert Da Re della Segreteria territoriale della Cisl Fns &#8211; la cronica carenza di personale, la struttura obsoleta e inadeguata della casa circondariale di Belluno sta mettendo a dura prova il personale, costretto ordinariamente a svolgere lavoro straordinario e a ricoprire pi\u00f9 posti di servizio, tra i quali la ben nota sezione psichiatrica, nella quale\u00a0 piange l\u2019assenza perenne di figure fondamentali per il corretto andamento di una realt\u00e0 cos\u00ec specifica.\u00a0 Anche la presenza del medico di continuit\u00e0 assistenziale, presenta innumerevoli assenze gi\u00e0 dal mese di agosto 2021. Altres\u00ec \u00e8 doveroso segnalare che la mancanza di infermieri professionali ha costretto quelli presenti a turni anche di 16 ore, situazione che va al di la di ogni principio sindacale&#8221;.\u00a0<\/em><\/p>\n<p>&nbsp;<\/p>\n<hr \/>\n<p>&nbsp;<\/p>\n<blockquote>\n<h3>LA POLSTRADA DA UN NOME ALL&#8217;AUTORE DELL&#8217;INCIDENTE CON IL PULLMAN AL PERON<\/h3>\n<\/blockquote>\n<p><strong><img loading=\"lazy\" decoding=\"async\" class=\"alignleft\" src=\"https:\/\/www.radiopiu.net\/wordpress\/wp-content\/uploads\/2022\/04\/6fb5ed08-7c2e-44ef-9b9d-e38f11cee35f-1.jpg\" width=\"152\" height=\"202\" \/>BELLUNO<\/strong> La Polstrada di Belluno \u00e8 risalita all&#8217;autista del mezzo, un auto articolato, che giovedi alle 13.30 con una retromarcia azzardata ha centrato il pullman della Dolomitibus diretto ad Agordo,\u00a0 carico di studenti (poi trasferiti su un secondo mezzo). Nessun ferito.\u00a0 L&#8217;autista del pullman \u00e8 rimasto decisamente senza parole, si \u00e8 visto la parte posteriore del mezzo piombare sul cristallo (come si vede nella foto,\u00a0 danneggiato all&#8217;altezza del posto di guida) e quindi sullo specchio retrovisore di destra. L&#8217;uomo al volante\u00a0 ha poi inserito la prima e ha lasciato il luogo dell&#8217;incidente, al Peron di Sedico in prossimit\u00e0 della pizzeria La Rianata. L&#8217;autista del bus ha iniziato a suonare le trombe per richiamare l&#8217;attenzione di chi era al volante, ma senza avere bench\u00e9 minima risposta. Non gli \u00e8 rimasto che chiamare la polizia stradale Gli agenti della Questura grazie ad alcuni numeri di targa che un passeggero del bus \u00e8 riuscito ad annotare ha dato il via alle indagini. Con l&#8217;aiuto delle telecamere leggi targa e i registri della motorizzazione prima di sera hanno rintracciato il mezzo di una ditta di trasporti e l&#8217;autista che risponder\u00e0 dei danni.<\/p>\n<p>&nbsp;<\/p>\n<hr \/>\n<p>&nbsp;<\/p>\n<blockquote>\n<h3>ANZIANO SCIVOLA NELLA VASCA DEI LIQUAMI<\/h3>\n<\/blockquote>\n<p><strong><img loading=\"lazy\" decoding=\"async\" class=\"alignleft\" src=\"https:\/\/www.radiopiu.net\/wordpress\/wp-content\/uploads\/2020\/04\/Fonzaso-3.jpg\" width=\"194\" height=\"145\" \/>FONZASO<\/strong> Un anziano di 78 anni di Fonzaso \u00e8 finito dentro un canale di scolo dei liquami, \u00e8 scivolato, non \u00e8 escluso un malore. L&#8217;incidente ieri pomeriggio nella sua stalla in via Maso. L&#8217;uomo come ogni giorno stava accudendo i suoi capi di bestiame \u00e8 finito nel canale e li&#8217; vi \u00e8 rimasto\u00a0 per diverse ore, forse\u00a0 dalla sera prima. A trovarlo una vicina di casa, inviata sul posto dal fratello dell&#8217;anziano, anche lui residente a Fonzaso. Immediata la chiamata al 118, con i sanitari che hanno chiesto subito l&#8217;ausilio dei vigili del fuoco del distaccamento di Feltre.\u00a0 Fortunatamente le sue condizioni non sono gravi<\/p>\n<p>&nbsp;<\/p>\n<hr \/>\n<blockquote>\n<h3><\/h3>\n<h3>SONO TORNATI I LADRI, UN ALTRO FURTO IN APPARTAMENTO<\/h3>\n<\/blockquote>\n<p><strong><img loading=\"lazy\" decoding=\"async\" class=\"alignleft\" src=\"https:\/\/www.radiopiu.net\/wordpress\/wp-content\/uploads\/2022\/04\/cartoon-character-2934389__340-300x300.webp\" width=\"124\" height=\"124\" \/>SOSPIROLO<\/strong> E&#8217; successo di nuovo, poco dopo l\u2019imbrunire. I ladri sono entrati in azione con il solito modus operandi e hanno lasciato un disastro. Casa a soqquadro e un alone di paura che non pu\u00f2 svanire in poche ore in chi si ritrova con l\u2019abitazione violata e con il timore di non avere difese. Sospirolo e la Destra Piave, poi, sono da tempo nel radar dei topi d\u2019appartamento e dei topi d\u2019auto. Gli ultimi casi di furto ed effrazione risalgono a una decina di giorni fa. Poi l\u2019episodio di ieri- I ladri si sono introdotti in casa verso le 20. Hanno eluso i cani e si sono diretti alla ricerca di contanti e gioielli. Per farlo hanno rovesciato qualsiasi cosa.L\u2019allarme resta alto.<\/p>\n<p>&nbsp;<\/p>\n<hr \/>\n<p>&nbsp;<\/p>\n<blockquote>\n<h3>LA POLIZIA LOCALE INCHIODA I VANDALI, SEGNALATI ALL&#8217;AUTORITA&#8217; GIUDIZIARIA<\/h3>\n<\/blockquote>\n<p><strong><a class=\"dt-pswp-item\" href=\"https:\/\/www.radiopiu.net\/wordpress\/wp-content\/uploads\/2022\/04\/disc-4468127__340.jpg\" data-dt-img-description=\"\" data-large_image_width=\"510\" data-large_image_height=\"340\"><img loading=\"lazy\" decoding=\"async\" class=\"size-thumbnail wp-image-270734 alignleft\" src=\"https:\/\/www.radiopiu.net\/wordpress\/wp-content\/uploads\/2022\/04\/disc-4468127__340-150x150.jpg\" alt=\"\" width=\"150\" height=\"150\" \/><\/a>LONGARONE<\/strong> I vandali imperversano, il Comune li becca. Impossibile sfuggire all\u2019occhio vigile delle telecamere. Difficile giustificare quanto accaduto. A Longarone i responsabili dei raid verificatisi nelle ultime settimane cominciano ad avere un volto e un nome. Di recente il capoluogo e le frazioni limitrofe sono stati interessati da diversi atti vandalici. La polizia locale per\u00f2 sta gi\u00e0 effettuando le indagini di rito. E grazie al sistema di videosorveglianza ha gi\u00e0 individuato i primi responsabili, segnalati all\u2019autorit\u00e0 giudiziaria. Chi ha danneggiato propriet\u00e0 pubblica, imperversando sul territorio comunale, dovr\u00e0 rispondere delle proprie azioni. E non \u00e8 escluso che gi\u00e0 nei prossimi giorni altri nomi e altri volti vengano individuati. Intanto la polizia locale sta raccogliendo informazioni e prove. Dal Comune ieri \u00e8 arrivato l\u2019invito ai cittadini a segnalare eventuali comportamenti scorretti o qualsiasi danno subito negli ultimi tempi. Tutte le informazioni utili a identificare gli autori possono essere girate ai vigili. Tempi duri per chi crede di poter fare il vandalo, restando impunito.<\/p>\n<p>&nbsp;<\/p>\n<hr \/>\n<p>&nbsp;<\/p>\n<p>&nbsp;<\/p>\n<blockquote>\n<h3>NOLEGGIA L&#8217;AUTO SENZA RESTITUIRLA, RITROVATA A GENOVA<\/h3>\n<\/blockquote>\n<p><strong>AGORDO<\/strong> Paga regolarmente il noleggio, ma poi scompare senza restituirla alla Botol Car Service in localit\u00e0 Valcozzena. Un tunisino che avrebbe dovuto restituire la Fiat Punto \u00e8 stato denunciato per appropriazione indebita, ma in questo momento no si sa dove sia,\u00a0 mentre la macchina \u00e8 stata ritrovata a Genova. Un pregiudicato italiano l&#8217;avrebbe utilizzata diverse volte per compiere reati contro il patrimonio. Processo rinviato al prossimo anno in attesa di ulteriori indagini della polizia.<\/p>\n<p>&nbsp;<\/p>\n<hr \/>\n<p>&nbsp;<\/p>\n<blockquote>\n<h3>DOMANI A VIGO I FUNERALI DI FLAMINIO DA DEPPO<\/h3>\n<\/blockquote>\n<p><strong><a class=\"dt-pswp-item\" href=\"https:\/\/www.radiopiu.net\/wordpress\/wp-content\/uploads\/2022\/04\/AA-1.jpg\" data-dt-img-description=\"\" data-large_image_width=\"314\" data-large_image_height=\"279\"><img loading=\"lazy\" decoding=\"async\" class=\" wp-image-270351 alignleft\" src=\"https:\/\/www.radiopiu.net\/wordpress\/wp-content\/uploads\/2022\/04\/AA-1-150x150.jpg\" alt=\"\" width=\"113\" height=\"113\" \/><\/a>VIGO<\/strong> I funerali di &#8220;Mimmo&#8221; si svolgeranno domani alle 10 nella parrocchiale di Vigo. In queste ore \u00e8 ricordato anche per il suo grande impegno venticinquennale alla presidenza del\u00a0 Gal Alto Bellunese. Alberto Peterle, sindaco di Alpago e presidente del coordinamento Gal del Veneto lo ricorda cos\u00ec<em> \u00abPi\u00f9 di ognuno di noi Mimmo aveva ben chiaro quale sia il ruolo di un organismo che in questo quarto di secolo ha visto nascere e trasformarsi,\u00a0 ne intuiva le opportunit\u00e0 di sviluppo. La sua esperienza, per\u00f2, l&#8217;ha messa sempre a disposizione di tutti, consapevole che la vera crescita doveva passare per la condivisione\u00bb.\u00a0<\/em><\/p>\n<p>&nbsp;<\/p>\n<hr \/>\n<p>&nbsp;<\/p>\n<blockquote>\n<h3>L&#8217;INVITO A PRESTARE ATTENZIONE ALLA PROCESSIONARIA<\/h3>\n<\/blockquote>\n<p><strong>AGORDO<\/strong> E&#8217; Maurizio Rossi a lanciare l&#8217;allarme dopo aver riscontrato la presenza della processionaria del pino sul Col di Foglia . <em>&#8220;Passeggiando abitualmente su quei sentieri &#8211; racconta Maurizio &#8211;\u00a0 ho notato dei nidi di processionaria, ovvero un bruco che pu\u00f2 causare danni seri alla salute, in special modo ai cani che possono anche morire se le lesioni causate sono gravi, ma anche alle persone pi\u00f9 sensibili. I problemi si insidiano nei\u00a0 peli di questo bruco, dannosi\u00a0 per le mucose,\u00a0 \u00a0vie respiratorie\u00a0 e occhi. Lasciano conseguenze shock come lo anafilattico e orticarie&#8221;.<\/em> Il Comune di Agordo \u00e8 gi\u00e0 stato informato dopo che Rossi ha riscontrato la presenza di alcuni nidi. L&#8217;invito \u00e8 di prestare massima attenzione.<\/p>\n\n\t\t\t<style type='text\/css'>\n\t\t\t\t#gallery-1 {\n\t\t\t\t\tmargin: auto;\n\t\t\t\t}\n\t\t\t\t#gallery-1 .gallery-item {\n\t\t\t\t\tfloat: left;\n\t\t\t\t\tmargin-top: 10px;\n\t\t\t\t\ttext-align: center;\n\t\t\t\t\twidth: 33%;\n\t\t\t\t}\n\t\t\t\t#gallery-1 img {\n\t\t\t\t\tborder: 2px solid #cfcfcf;\n\t\t\t\t}\n\t\t\t\t#gallery-1 .gallery-caption {\n\t\t\t\t\tmargin-left: 0;\n\t\t\t\t}\n\t\t\t\t\/* see gallery_shortcode() in wp-includes\/media.php *\/\n\t\t\t<\/style>\n\t\t<div id='gallery-1' class='dt-gallery-container gallery galleryid-270523 gallery-columns-3 gallery-size-thumbnail'><dl class='gallery-item'>\n\t\t\t\t<dt class='gallery-icon landscape'>\n\t\t\t\t\t<a class=\"rollover rollover-zoom dt-pswp-item\" title=\"278574238_4967256993382158_1432582304780002413_n\" data-dt-img-description=\"\" data-large_image_width=\"600\" data-large_image_height=\"600\"href='https:\/\/www.radiopiu.net\/wordpress\/wp-content\/uploads\/2022\/04\/278574238_4967256993382158_1432582304780002413_n.jpg'><img loading=\"lazy\" decoding=\"async\" width=\"150\" height=\"150\" src=\"https:\/\/www.radiopiu.net\/wordpress\/wp-content\/uploads\/2022\/04\/278574238_4967256993382158_1432582304780002413_n-150x150.jpg\" class=\"attachment-thumbnail size-thumbnail\" alt=\"\" srcset=\"https:\/\/www.radiopiu.net\/wordpress\/wp-content\/uploads\/2022\/04\/278574238_4967256993382158_1432582304780002413_n-150x150.jpg 150w, https:\/\/www.radiopiu.net\/wordpress\/wp-content\/uploads\/2022\/04\/278574238_4967256993382158_1432582304780002413_n-300x300.jpg 300w, https:\/\/www.radiopiu.net\/wordpress\/wp-content\/uploads\/2022\/04\/278574238_4967256993382158_1432582304780002413_n.jpg 600w\" sizes=\"auto, (max-width: 150px) 100vw, 150px\" \/><\/a>\n\t\t\t\t<\/dt><\/dl><dl class='gallery-item'>\n\t\t\t\t<dt class='gallery-icon landscape'>\n\t\t\t\t\t<a class=\"rollover rollover-zoom dt-pswp-item\" title=\"278268248_4967255766715614_2454574555907864831_n\" data-dt-img-description=\"\" data-large_image_width=\"600\" data-large_image_height=\"600\"href='https:\/\/www.radiopiu.net\/wordpress\/wp-content\/uploads\/2022\/04\/278268248_4967255766715614_2454574555907864831_n.jpg'><img loading=\"lazy\" decoding=\"async\" width=\"150\" height=\"150\" src=\"https:\/\/www.radiopiu.net\/wordpress\/wp-content\/uploads\/2022\/04\/278268248_4967255766715614_2454574555907864831_n-150x150.jpg\" class=\"attachment-thumbnail size-thumbnail\" alt=\"\" srcset=\"https:\/\/www.radiopiu.net\/wordpress\/wp-content\/uploads\/2022\/04\/278268248_4967255766715614_2454574555907864831_n-150x150.jpg 150w, https:\/\/www.radiopiu.net\/wordpress\/wp-content\/uploads\/2022\/04\/278268248_4967255766715614_2454574555907864831_n-300x300.jpg 300w, https:\/\/www.radiopiu.net\/wordpress\/wp-content\/uploads\/2022\/04\/278268248_4967255766715614_2454574555907864831_n.jpg 600w\" sizes=\"auto, (max-width: 150px) 100vw, 150px\" \/><\/a>\n\t\t\t\t<\/dt><\/dl><dl class='gallery-item'>\n\t\t\t\t<dt class='gallery-icon landscape'>\n\t\t\t\t\t<a class=\"rollover rollover-zoom dt-pswp-item\" title=\"276170388_4967258993381958_5678139141019714131_n\" data-dt-img-description=\"\" data-large_image_width=\"600\" data-large_image_height=\"600\"href='https:\/\/www.radiopiu.net\/wordpress\/wp-content\/uploads\/2022\/04\/276170388_4967258993381958_5678139141019714131_n.jpg'><img loading=\"lazy\" decoding=\"async\" width=\"150\" height=\"150\" src=\"https:\/\/www.radiopiu.net\/wordpress\/wp-content\/uploads\/2022\/04\/276170388_4967258993381958_5678139141019714131_n-150x150.jpg\" class=\"attachment-thumbnail size-thumbnail\" alt=\"\" srcset=\"https:\/\/www.radiopiu.net\/wordpress\/wp-content\/uploads\/2022\/04\/276170388_4967258993381958_5678139141019714131_n-150x150.jpg 150w, https:\/\/www.radiopiu.net\/wordpress\/wp-content\/uploads\/2022\/04\/276170388_4967258993381958_5678139141019714131_n-300x300.jpg 300w, https:\/\/www.radiopiu.net\/wordpress\/wp-content\/uploads\/2022\/04\/276170388_4967258993381958_5678139141019714131_n.jpg 600w\" sizes=\"auto, (max-width: 150px) 100vw, 150px\" \/><\/a>\n\t\t\t\t<\/dt><\/dl><br style=\"clear: both\" \/>\n\t\t\t<\/div>\n\n<p><a class=\"dt-pswp-item\" href=\"https:\/\/www.radiopiu.net\/wordpress\/wp-content\/uploads\/2022\/04\/th-10.jpg\" data-dt-img-description=\"\" data-large_image_width=\"171\" data-large_image_height=\"96\"><img loading=\"lazy\" decoding=\"async\" class=\" wp-image-270606 alignleft\" src=\"https:\/\/www.radiopiu.net\/wordpress\/wp-content\/uploads\/2022\/04\/th-10-150x96.jpg\" alt=\"\" width=\"169\" height=\"108\" \/><\/a>La processionaria del pino \u00e8 un lepidottero appartenente alla famiglia Notodontidae, diffuso in Eurasia e Nordafrica. Si tratta di un insetto altamente distruttivo per le pinete poich\u00e9 le priva di parte del fogliame, compromettendone cos\u00ec il ciclo vitale. Inoltre, durante lo stadio larvale tale insetto presenta una peluria che risulta particolarmente urticante per vari animali, compreso l&#8217;uomo, e i suoi effetti si manifestano dopo un giorno. Da giovane si presenta come una larva da 1 cm fino a 3 cm e mezzo dotata di numerosi peli irritanti per l&#8217;uomo e per gli <a class=\"dt-pswp-item\" href=\"https:\/\/www.radiopiu.net\/wordpress\/wp-content\/uploads\/2022\/04\/Untitled-1-672x350-1.jpg\" data-dt-img-description=\"\" data-large_image_width=\"672\" data-large_image_height=\"350\"><img loading=\"lazy\" decoding=\"async\" class=\"size-thumbnail wp-image-270608 alignright\" src=\"https:\/\/www.radiopiu.net\/wordpress\/wp-content\/uploads\/2022\/04\/Untitled-1-672x350-1-150x150.jpg\" alt=\"\" width=\"150\" height=\"150\" \/><\/a>animali che usa come tecnica di difesa. I gruppi di larve di processionaria si spostano quasi sempre in fila indiana formando una sorta di &#8220;processione&#8221; (da cui il nome) e si compattano quando raggiungono il loro nido bianco di seta. Il nido viene usato per rideporre le uova o viene scartato e le nuove larve saranno costrette a ricostruirlo. Le cosiddette &#8220;farfalle triangolari&#8221; non sono altro che processionarie adulte e, sebbene siano notturne, non entrano molto facilmente nelle case abitate. Le dimensioni possono essere variabili, ma la misura principale delle processionarie \u00e8 di 3\u20134 cm e la colorazione delle ali \u00e8 variabile dal bianco sporco al giallo avorio chiaro, con delle striature quasi invisibili di colore pi\u00f9 scuro. L&#8217;apertura alare \u00e8 di 5 cm circa. Come molte falene, alcune di esse possono emettere, se minacciate, un liquido giallastro molto irritante, per poi volare via (wikipedia)<\/p>\n<p>&nbsp;<\/p>\n<p>&nbsp;<\/p>\n<hr \/>\n<h3><strong>\u00a0<\/strong><\/h3>\n<h3><strong>EPTA DI LIMANA, FIRMATO L\u2019ACCORDO INTEGRATIVO<\/strong><\/h3>\n<p><strong><a class=\"dt-pswp-item\" href=\"https:\/\/www.radiopiu.net\/wordpress\/wp-content\/uploads\/2022\/04\/Matteo-Caregnato-2022.jpeg\" data-dt-img-description=\"\" data-large_image_width=\"1503\" data-large_image_height=\"2048\"><img loading=\"lazy\" decoding=\"async\" class=\"size-thumbnail wp-image-270593 alignleft\" src=\"https:\/\/www.radiopiu.net\/wordpress\/wp-content\/uploads\/2022\/04\/Matteo-Caregnato-2022-150x150.jpeg\" alt=\"\" width=\"150\" height=\"150\" \/><\/a>LIMANA <\/strong>Dopo aver ottenuto il voto favorevole da parte dei lavoratori, mercoled\u00ec 13 aprile \u00e8 stato sottoscritto dalle Rsu e dalle segreterie territoriali delle Federazioni di categoria Fim, Fiom e Uilm l\u2019accordo integrativo di Epta spa per lo stabilimento Costan di Limana. Si tratta di un accordo innovativo che sar\u00e0 valido per tre anni e che riguarda i 1.300 dipendenti del pi\u00f9 grande stabilimento metalmeccanico della provincia di Belluno. L\u2019azienda \u00e8 leader nella produzione di banchi refrigeranti per la grande distribuzione. L\u2019accordo integrativo ratifica l\u2019impegno a portare a termine la mappatura dei ruoli professionali entro il mese di giugno di quest\u2019anno per approdare cos\u00ec alla riforma dell\u2019inquadramento del personale aziendale, aggiornamento previsto dal contratto collettivo nazionale dei metalmeccanici rinnovato l\u2019anno scorso e cruciale per attualizzare i sistemi di valutazione della professionalit\u00e0 dei lavoratori, adeguandoli alle trasformazioni tecnologiche e organizzative degli ultimi decenni.<\/p>\n<p><strong>MATTEO CAREGNATO, FIM CISL BELLUNO TREVISO<\/strong><\/p>\n<audio class=\"wp-audio-shortcode\" id=\"audio-270523-1\" preload=\"none\" style=\"width: 100%;\" controls=\"controls\"><source type=\"audio\/mpeg\" src=\"https:\/\/www.radiopiu.net\/wordpress\/wp-content\/uploads\/2022\/04\/MATTEO-CAREGNATO-CISL-EPTA.mp3?_=1\" \/><a href=\"https:\/\/www.radiopiu.net\/wordpress\/wp-content\/uploads\/2022\/04\/MATTEO-CAREGNATO-CISL-EPTA.mp3\">https:\/\/www.radiopiu.net\/wordpress\/wp-content\/uploads\/2022\/04\/MATTEO-CAREGNATO-CISL-EPTA.mp3<\/a><\/audio>\n<p>&nbsp;<\/p>\n<p>&nbsp;<\/p>\n<hr \/>\n<p>&nbsp;<\/p>\n<blockquote>\n<h3>RUSSIA-UCRAINA: IL BLOCCO DEGLI EXPORT DEL LEGNAME SERVA A VALORIZZARE IL PATRIMONIO BOSCHIVO BELLUNESE<\/h3>\n<\/blockquote>\n<p><strong><a class=\"dt-pswp-item\" href=\"https:\/\/www.radiopiu.net\/wordpress\/wp-content\/uploads\/2020\/07\/bosco-540x302-540x302-1.png\" data-dt-img-description=\"\" data-large_image_width=\"540\" data-large_image_height=\"302\"><img loading=\"lazy\" decoding=\"async\" class=\"size-thumbnail wp-image-151671 alignleft\" src=\"https:\/\/www.radiopiu.net\/wordpress\/wp-content\/uploads\/2020\/07\/bosco-540x302-540x302-1-150x150.png\" alt=\"\" width=\"150\" height=\"150\" \/><\/a>BELLUNO <\/strong>Gli effetti del conflitto russo-ucraino avranno ripercussioni nel lungo periodo anche per quanto riguarda la filiera foresta-legno. A causa del blocco alle esportazioni di tronchi dalla Russia e Ucraina, si stanno infatti aggravando ulteriormente la crisi dei prezzi e lo squilibrio dei mercati internazionali. Ma \u00e8 da qui che, secondo Confagricoltura, bisogna ripartire per valorizzare il patrimonio boschivo locale. \u201c<em>Questo contesto, con i rapidi mutamenti del quadro geopolitico internazionale e gli ingenti aumenti energetici, \u00e8 l\u2019occasione per far tornare centrale la risorsa legno italiana nelle politiche di approvvigionamento di materie prime \u2013 sottolinea Diego Donazzolo, presidente di Confagricoltura Belluno -. Bisogna rafforzare le filiere locali del legno, riducendo la dipendenza dall\u2019estero, con azioni che vadano a preservare e valorizzare il nostro patrimonio boschivo&#8221;.<\/em><\/p>\n<p>&nbsp;<\/p>\n<p>&nbsp;<\/p>\n<hr \/>\n<p>&nbsp;<\/p>\n<blockquote>\n<h3>28 MAGGIO LA CORSA ROSA NEL BELLUNESE, LA PRESENTAZIONE A BELLUNO<\/h3>\n<\/blockquote>\n<p><strong><img loading=\"lazy\" decoding=\"async\" class=\"alignleft\" src=\"https:\/\/www.radiopiu.net\/wordpress\/wp-content\/uploads\/2022\/04\/fc4e07ca-26d5-40b7-81a1-e6f13eae9db4.jpg\" width=\"286\" height=\"161\" \/>BELLUNO<\/strong> Stamane in citt\u00e0 la presentazione del tappone dolomitico del Giro d&#8217;Italia<\/p>\n<p>&nbsp;<\/p>\n<p>&nbsp;<\/p>\n<p>&nbsp;<\/p>\n<p>&nbsp;<\/p>\n<p><strong>di MORENO GIOLI<\/strong><\/p>\n<audio class=\"wp-audio-shortcode\" id=\"audio-270523-2\" preload=\"none\" style=\"width: 100%;\" controls=\"controls\"><source type=\"audio\/mpeg\" src=\"https:\/\/www.radiopiu.net\/wordpress\/wp-content\/uploads\/2022\/04\/MORENO-GIRO.mp3?_=2\" \/><a href=\"https:\/\/www.radiopiu.net\/wordpress\/wp-content\/uploads\/2022\/04\/MORENO-GIRO.mp3\">https:\/\/www.radiopiu.net\/wordpress\/wp-content\/uploads\/2022\/04\/MORENO-GIRO.mp3<\/a><\/audio>\n<p>&nbsp;<\/p>\n<p><strong>L&#8217;ASSESSORE ALLO SPORT DEL COMUNE DI BELLUNO MARCO BOGO\u00a0<\/strong><\/p>\n<audio class=\"wp-audio-shortcode\" id=\"audio-270523-3\" preload=\"none\" style=\"width: 100%;\" controls=\"controls\"><source type=\"audio\/mpeg\" src=\"https:\/\/www.radiopiu.net\/wordpress\/wp-content\/uploads\/2022\/04\/marco-bogo.mp3?_=3\" \/><a href=\"https:\/\/www.radiopiu.net\/wordpress\/wp-content\/uploads\/2022\/04\/marco-bogo.mp3\">https:\/\/www.radiopiu.net\/wordpress\/wp-content\/uploads\/2022\/04\/marco-bogo.mp3<\/a><\/audio>\n<p>&nbsp;<\/p>\n<p><strong>RESPONSABILE MARKETING PER DMO ELISA CALCAMUGGI<\/strong><\/p>\n<audio class=\"wp-audio-shortcode\" id=\"audio-270523-4\" preload=\"none\" style=\"width: 100%;\" controls=\"controls\"><source type=\"audio\/mpeg\" src=\"https:\/\/www.radiopiu.net\/wordpress\/wp-content\/uploads\/2022\/04\/elisa-scarafaggia.mp3?_=4\" \/><a href=\"https:\/\/www.radiopiu.net\/wordpress\/wp-content\/uploads\/2022\/04\/elisa-scarafaggia.mp3\">https:\/\/www.radiopiu.net\/wordpress\/wp-content\/uploads\/2022\/04\/elisa-scarafaggia.mp3<\/a><\/audio>\n<p>&nbsp;<\/p>\n<p><strong>RESPONSABILE MARKETING PER RCS MARCO SOROSINA<\/strong><\/p>\n<audio class=\"wp-audio-shortcode\" id=\"audio-270523-5\" preload=\"none\" style=\"width: 100%;\" controls=\"controls\"><source type=\"audio\/mpeg\" src=\"https:\/\/www.radiopiu.net\/wordpress\/wp-content\/uploads\/2022\/04\/marco-sorosina.mp3?_=5\" \/><a href=\"https:\/\/www.radiopiu.net\/wordpress\/wp-content\/uploads\/2022\/04\/marco-sorosina.mp3\">https:\/\/www.radiopiu.net\/wordpress\/wp-content\/uploads\/2022\/04\/marco-sorosina.mp3<\/a><\/audio>\n<p>&nbsp;<\/p>\n<p><strong>ILSINDACO DI ROCCA PIETORE ANDREA DE BERNARDIN<\/strong><\/p>\n<audio class=\"wp-audio-shortcode\" id=\"audio-270523-6\" preload=\"none\" style=\"width: 100%;\" controls=\"controls\"><source type=\"audio\/mpeg\" src=\"https:\/\/www.radiopiu.net\/wordpress\/wp-content\/uploads\/2022\/04\/andrea-4.mp3?_=6\" \/><a href=\"https:\/\/www.radiopiu.net\/wordpress\/wp-content\/uploads\/2022\/04\/andrea-4.mp3\">https:\/\/www.radiopiu.net\/wordpress\/wp-content\/uploads\/2022\/04\/andrea-4.mp3<\/a><\/audio>\n<p>&nbsp;<\/p>\n\n\t\t\t<style type='text\/css'>\n\t\t\t\t#gallery-2 {\n\t\t\t\t\tmargin: auto;\n\t\t\t\t}\n\t\t\t\t#gallery-2 .gallery-item {\n\t\t\t\t\tfloat: left;\n\t\t\t\t\tmargin-top: 10px;\n\t\t\t\t\ttext-align: center;\n\t\t\t\t\twidth: 50%;\n\t\t\t\t}\n\t\t\t\t#gallery-2 img {\n\t\t\t\t\tborder: 2px solid #cfcfcf;\n\t\t\t\t}\n\t\t\t\t#gallery-2 .gallery-caption {\n\t\t\t\t\tmargin-left: 0;\n\t\t\t\t}\n\t\t\t\t\/* see gallery_shortcode() in wp-includes\/media.php *\/\n\t\t\t<\/style>\n\t\t<div id='gallery-2' class='dt-gallery-container gallery galleryid-270523 gallery-columns-2 gallery-size-medium'><dl class='gallery-item'>\n\t\t\t\t<dt class='gallery-icon landscape'>\n\t\t\t\t\t<a class=\"rollover\" href='https:\/\/www.radiopiu.net\/wordpress\/pnrr-ad-agordo-un-finanziamento-per-la-copertura-della-tribuna-dellivano-dorigo\/xofrvgci1sbwnzuyvljb_140222-045620\/'><img loading=\"lazy\" decoding=\"async\" width=\"300\" height=\"150\" src=\"https:\/\/www.radiopiu.net\/wordpress\/wp-content\/uploads\/2022\/04\/xoFRvgcI1sbwnzuYvLjb_140222-045620-300x150.jpg\" class=\"attachment-medium size-medium\" alt=\"\" srcset=\"https:\/\/www.radiopiu.net\/wordpress\/wp-content\/uploads\/2022\/04\/xoFRvgcI1sbwnzuYvLjb_140222-045620-300x150.jpg 300w, https:\/\/www.radiopiu.net\/wordpress\/wp-content\/uploads\/2022\/04\/xoFRvgcI1sbwnzuYvLjb_140222-045620-1024x512.jpg 1024w, https:\/\/www.radiopiu.net\/wordpress\/wp-content\/uploads\/2022\/04\/xoFRvgcI1sbwnzuYvLjb_140222-045620-768x384.jpg 768w, https:\/\/www.radiopiu.net\/wordpress\/wp-content\/uploads\/2022\/04\/xoFRvgcI1sbwnzuYvLjb_140222-045620.jpg 1280w\" sizes=\"auto, (max-width: 300px) 100vw, 300px\" \/><\/a>\n\t\t\t\t<\/dt><\/dl><dl class='gallery-item'>\n\t\t\t\t<dt class='gallery-icon landscape'>\n\t\t\t\t\t<a class=\"rollover\" href='https:\/\/www.radiopiu.net\/wordpress\/pnrr-ad-agordo-un-finanziamento-per-la-copertura-della-tribuna-dellivano-dorigo\/t20_fedaia_alt\/'><img loading=\"lazy\" decoding=\"async\" width=\"300\" height=\"200\" src=\"https:\/\/www.radiopiu.net\/wordpress\/wp-content\/uploads\/2022\/04\/mD0JNpNPObluFcu4YQGA_080322-051332-300x200.jpg\" class=\"attachment-medium size-medium\" alt=\"\" srcset=\"https:\/\/www.radiopiu.net\/wordpress\/wp-content\/uploads\/2022\/04\/mD0JNpNPObluFcu4YQGA_080322-051332-300x200.jpg 300w, https:\/\/www.radiopiu.net\/wordpress\/wp-content\/uploads\/2022\/04\/mD0JNpNPObluFcu4YQGA_080322-051332-1024x682.jpg 1024w, https:\/\/www.radiopiu.net\/wordpress\/wp-content\/uploads\/2022\/04\/mD0JNpNPObluFcu4YQGA_080322-051332-768x511.jpg 768w, https:\/\/www.radiopiu.net\/wordpress\/wp-content\/uploads\/2022\/04\/mD0JNpNPObluFcu4YQGA_080322-051332.jpg 1280w\" sizes=\"auto, (max-width: 300px) 100vw, 300px\" \/><\/a>\n\t\t\t\t<\/dt><\/dl><br style=\"clear: both\" \/>\n\t\t\t<\/div>\n\n<hr \/>\n<p>&nbsp;<\/p>\n<blockquote>\n<h3>PNRR AD AGORDO: IMPOSSIBILE UN FINANZIAMENTO PER LA COPERTURA DELLA TRIBUNA DELL&#8217;IVANO DORIGO, LA FIDAL NEGA L&#8217;APPOGGIO<\/h3>\n<\/blockquote>\n<p><strong><img loading=\"lazy\" decoding=\"async\" class=\"alignleft\" src=\"https:\/\/www.radiopiu.net\/wordpress\/wp-content\/uploads\/2020\/10\/agordo-stadio-3.jpg\" width=\"181\" height=\"136\" \/>AGORDO<\/strong><\/p>\n<p><strong>di GIANNI SANTOMASO<\/strong><\/p>\n<audio class=\"wp-audio-shortcode\" id=\"audio-270523-7\" preload=\"none\" style=\"width: 100%;\" controls=\"controls\"><source type=\"audio\/mpeg\" src=\"https:\/\/www.radiopiu.net\/wordpress\/wp-content\/uploads\/2022\/04\/gianni-bien.mp3?_=7\" \/><a href=\"https:\/\/www.radiopiu.net\/wordpress\/wp-content\/uploads\/2022\/04\/gianni-bien.mp3\">https:\/\/www.radiopiu.net\/wordpress\/wp-content\/uploads\/2022\/04\/gianni-bien.mp3<\/a><\/audio>\n<p>&nbsp;<\/p>\n<hr \/>\n<p>&nbsp;<\/p>\n<blockquote>\n<h3>LUXOTTICA: FINALIZZATA L&#8217;ACQUISIZIONE GRANDVISION<\/h3>\n<\/blockquote>\n<p><strong><img loading=\"lazy\" decoding=\"async\" class=\"alignleft\" src=\"https:\/\/www.radiopiu.net\/wordpress\/wp-content\/uploads\/2021\/10\/926947f7-647d-43cb-a2b9-82bd99c18312.jpg\" width=\"194\" height=\"145\" \/>AGORDO<\/strong> EssilorLuxottica e GrandVision\u00a0 in merito i risultati finali dell&#8217;offerta pubblica d\u2019acquisto obbligatoria di EssilorLuxottica sulle azioni GrandVision e la prevista procedura di buy-out dei restanti azionisti di GrandVision annunciano che il Buy- Out \u00e8 stato completato e che EssilorLuxottica detiene ora il 100% del capitale sociale di GrandVision.<\/p>\n<p>&nbsp;<\/p>\n<p>&nbsp;<\/p>\n<p>&nbsp;<\/p>\n<hr \/>\n<p>&nbsp;<\/p>\n<blockquote>\n<h3>LUXOTTICA CONSEGNA 375 BORSE DI STUDIO AI FIGLI DEI DIPENDENTI<\/h3>\n<\/blockquote>\n<p><strong><img loading=\"lazy\" decoding=\"async\" class=\"alignleft\" src=\"https:\/\/www.radiopiu.net\/wordpress\/wp-content\/uploads\/2020\/07\/814ace46-a8a2-4c2d-a100-4d87aa509ef3.jpg\" width=\"302\" height=\"226\" \/>AGORDO\u00a0 <\/strong>Undicesima edizione dell\u2019iniziativa di welfare di Luxottica che valorizza il merito degli studenti che si sono contraddistinti per percorsi scolastici e accademici eccellenti. L\u2019azienda \u00e8 particolarmente attenta alla crescita e alla formazione dei giovani nei loro diversi percorsi scolastici e negli anni ha premiato pi\u00f9 di 2880 studenti di tutte le fasce di et\u00e0. \u00a0Quest\u2019anno per i ragazzi della terza media che hanno terminato il loro percorso scolastico con la media complessiva del 9 \u00e8 previsto un premio di 1.000 euro, mentre chi ha raggiunto il 10 riceve una borsa di studio da 1.200 euro. Gli studenti delle superiori invece sono premiati in base al voto di maturit\u00e0: 1.500 euro per chi esce con 90, 1.600 se il voto parte da 95 e 1.700 per chi ottiene 100. Anche gli universitari sono compresi nella distribuzione delle borse di studio Luxottica. Completare la laurea triennale con 105 o 110 permette di ricevere un premio, rispettivamente, di 1.750 euro e 2.000 euro. La laurea magistrale \u2013 che considera anche gli studenti delle facolt\u00e0 a ciclo unico \u2013 invece prevede 2.000 euro per chi raggiunge i 105 e 2.300 per i 110. Infine, per il master la borsa di studio \u00e8 di 2.000 euro. I vincitori di quest\u2019anno sono 375,il numero pi\u00f9 alto di tutte le edizioni, con 92 premi per la terza media, 81 per la maturit\u00e0, 21 per la laurea triennale e 32 per la laurea specialistica o a ciclo unico, oltre agli studenti che stanno completando il percorso di studi e che si sono contraddistinti per la media scolastica. In un anno ancora caratterizzato dalla pandemia, la cerimonia di premiazione si \u00e8 svolta in modalit\u00e0 digitale dall\u2019Auditorium della sede di Milano con un collegamento in streaming con i ragazzi premiati.<\/p>\n<p>&nbsp;<\/p>\n<hr \/>\n<p>&nbsp;<\/p>\n<blockquote>\n<h3>IL BOLIDE CHE HA SOLCATO I CIELI DEL NORD ITALIA REGISTRATO DALLA CAMERA PRISMA DI AGORDO<\/h3>\n<\/blockquote>\n<h3><strong>collaborazione Tomaso Avoscan<\/strong><\/h3>\n<p><a class=\"dt-pswp-item\" href=\"https:\/\/www.radiopiu.net\/wordpress\/wp-content\/uploads\/2022\/04\/Schermata-2022-04-14-alle-01.51.54.png\" data-dt-img-description=\"\" data-large_image_width=\"1690\" data-large_image_height=\"1278\"><img loading=\"lazy\" decoding=\"async\" class=\"wp-image-270706 alignleft\" src=\"https:\/\/www.radiopiu.net\/wordpress\/wp-content\/uploads\/2022\/04\/Schermata-2022-04-14-alle-01.51.54.png\" alt=\"\" width=\"245\" height=\"185\" srcset=\"https:\/\/www.radiopiu.net\/wordpress\/wp-content\/uploads\/2022\/04\/Schermata-2022-04-14-alle-01.51.54.png 1690w, https:\/\/www.radiopiu.net\/wordpress\/wp-content\/uploads\/2022\/04\/Schermata-2022-04-14-alle-01.51.54-300x227.png 300w, https:\/\/www.radiopiu.net\/wordpress\/wp-content\/uploads\/2022\/04\/Schermata-2022-04-14-alle-01.51.54-1024x774.png 1024w, https:\/\/www.radiopiu.net\/wordpress\/wp-content\/uploads\/2022\/04\/Schermata-2022-04-14-alle-01.51.54-768x581.png 768w, https:\/\/www.radiopiu.net\/wordpress\/wp-content\/uploads\/2022\/04\/Schermata-2022-04-14-alle-01.51.54-1536x1162.png 1536w\" sizes=\"auto, (max-width: 245px) 100vw, 245px\" \/><\/a><strong>AGORDO<\/strong> Mercoled\u00ec, 12 aprile, alle 22:19:33 (20:19:33 UT), la camera all-sky dI P.R.I.S.M.A. installata presso l\u2019IIS U. Follador- A. De Rossi di Agordo, ha registrato l\u2019entrata in atmosfera di una meteora molto luminosa. La registrazione del fenomeno da parte di altre otto camere della rete PRISMA: Aix En Provence (Francia), Seysdorf (Germania), Novezzina (VR), Vicenza, Chions (PN), Rovigo, Loiano (BO), Ravenna , confermano ancora una volta l\u2019efficienza di questo progetto di monitoraggio della nostra atmosfera voluto dall\u2019Istituto Italiano di Astrofisica e derivato dalla collaborazione con FRIPON France. Molto probabilmente il corpo entrato in atmosfera che ha causato il fenomeno luminoso \u00e8 troppo piccolo per aver potuto produrre delle meteoriti comunque, per rendere sempre pi\u00f9 efficace il monitoraggio degli oggetti che arrivano dallo Spazio, sarebbe utile se i lettori che hanno assistito al fenomeno inviassero le loro osservazioni a Meteoriti Italia APS : meteoriti.italia@gmail.com , associazione che collabora con PRISMA e che, installando la camera all-sky di Agordo, prima camera in provincia di Belluno e terza camera nel Veneto, sta partecipando a questo progetto dell\u2019INAF fino dal suo inizio.<\/p>\n<p>&nbsp;<\/p>\n<p>&nbsp;<\/p>\n<hr \/>\n<p>&nbsp;<\/p>\n<blockquote class=\"wp-embedded-content\" data-secret=\"pAJjspWbvr\"><p><a href=\"https:\/\/www.radiopiu.net\/wordpress\/aggnazionaleaprile14\/\">CORONAVIRUS: AGGIORNAMENTO NAZIONALE  14 APRILE 2022<\/a><\/p><\/blockquote>\n<p><iframe loading=\"lazy\" class=\"wp-embedded-content\" sandbox=\"allow-scripts\" security=\"restricted\" style=\"position: absolute; clip: rect(1px, 1px, 1px, 1px);\" title=\"&#8220;CORONAVIRUS: AGGIORNAMENTO NAZIONALE  14 APRILE 2022&#8221; &#8212; Radio Pi\u00f9\" src=\"https:\/\/www.radiopiu.net\/wordpress\/aggnazionaleaprile14\/embed\/#?secret=fXO6B4LX8h#?secret=pAJjspWbvr\" data-secret=\"pAJjspWbvr\" width=\"600\" height=\"338\" frameborder=\"0\" marginwidth=\"0\" marginheight=\"0\" scrolling=\"no\"><\/iframe><\/p>\n<p>&nbsp;<\/p>\n<blockquote class=\"wp-embedded-content\" data-secret=\"ZrnZb5t99V\"><p><a href=\"https:\/\/www.radiopiu.net\/wordpress\/aggazzeroaprilea14\/\">CALO DEI RICOVERI, 13 DECESSI E 6861 NUOVI POSITIVI IN VENETO NELLE ULTIME 24 ORE<\/a><\/p><\/blockquote>\n<p><iframe loading=\"lazy\" class=\"wp-embedded-content\" sandbox=\"allow-scripts\" security=\"restricted\" style=\"position: absolute; clip: rect(1px, 1px, 1px, 1px);\" title=\"&#8220;CALO DEI RICOVERI, 13 DECESSI E 6861 NUOVI POSITIVI IN VENETO NELLE ULTIME 24 ORE&#8221; &#8212; Radio Pi\u00f9\" src=\"https:\/\/www.radiopiu.net\/wordpress\/aggazzeroaprilea14\/embed\/#?secret=uqplNrkhAD#?secret=ZrnZb5t99V\" data-secret=\"ZrnZb5t99V\" width=\"600\" height=\"338\" frameborder=\"0\" marginwidth=\"0\" marginheight=\"0\" scrolling=\"no\"><\/iframe><\/p>\n<p>&nbsp;<\/p>\n<h2 dir=\"auto\">I GRAFICI DI TIZIANO DE COL<\/h2>\n\n\t\t\t<style type='text\/css'>\n\t\t\t\t#gallery-3 {\n\t\t\t\t\tmargin: auto;\n\t\t\t\t}\n\t\t\t\t#gallery-3 .gallery-item {\n\t\t\t\t\tfloat: left;\n\t\t\t\t\tmargin-top: 10px;\n\t\t\t\t\ttext-align: center;\n\t\t\t\t\twidth: 33%;\n\t\t\t\t}\n\t\t\t\t#gallery-3 img {\n\t\t\t\t\tborder: 2px solid #cfcfcf;\n\t\t\t\t}\n\t\t\t\t#gallery-3 .gallery-caption {\n\t\t\t\t\tmargin-left: 0;\n\t\t\t\t}\n\t\t\t\t\/* see gallery_shortcode() in wp-includes\/media.php *\/\n\t\t\t<\/style>\n\t\t<div id='gallery-3' class='dt-gallery-container gallery galleryid-270523 gallery-columns-3 gallery-size-thumbnail'><dl class='gallery-item'>\n\t\t\t\t<dt class='gallery-icon landscape'>\n\t\t\t\t\t<a class=\"rollover rollover-zoom dt-pswp-item\" title=\"74324bdb-6592-410e-b4fa-f1fae693f861\" data-dt-img-description=\"\" data-large_image_width=\"589\" data-large_image_height=\"363\"href='https:\/\/www.radiopiu.net\/wordpress\/wp-content\/uploads\/2022\/04\/74324bdb-6592-410e-b4fa-f1fae693f861-1.jpg'><img loading=\"lazy\" decoding=\"async\" width=\"150\" height=\"150\" src=\"https:\/\/www.radiopiu.net\/wordpress\/wp-content\/uploads\/2022\/04\/74324bdb-6592-410e-b4fa-f1fae693f861-1-150x150.jpg\" class=\"attachment-thumbnail size-thumbnail\" alt=\"\" \/><\/a>\n\t\t\t\t<\/dt><\/dl><dl class='gallery-item'>\n\t\t\t\t<dt class='gallery-icon landscape'>\n\t\t\t\t\t<a class=\"rollover rollover-zoom dt-pswp-item\" title=\"044825bf-5dfa-4e34-907a-0a817c163e71\" data-dt-img-description=\"\" data-large_image_width=\"602\" data-large_image_height=\"372\"href='https:\/\/www.radiopiu.net\/wordpress\/wp-content\/uploads\/2022\/04\/044825bf-5dfa-4e34-907a-0a817c163e71-1.jpg'><img loading=\"lazy\" decoding=\"async\" width=\"150\" height=\"150\" src=\"https:\/\/www.radiopiu.net\/wordpress\/wp-content\/uploads\/2022\/04\/044825bf-5dfa-4e34-907a-0a817c163e71-1-150x150.jpg\" class=\"attachment-thumbnail size-thumbnail\" alt=\"\" \/><\/a>\n\t\t\t\t<\/dt><\/dl><dl class='gallery-item'>\n\t\t\t\t<dt class='gallery-icon landscape'>\n\t\t\t\t\t<a class=\"rollover rollover-zoom dt-pswp-item\" title=\"00350dce-d49e-4e0e-a1dd-c3d125403666\" data-dt-img-description=\"\" data-large_image_width=\"602\" data-large_image_height=\"357\"href='https:\/\/www.radiopiu.net\/wordpress\/wp-content\/uploads\/2022\/04\/00350dce-d49e-4e0e-a1dd-c3d125403666-1.jpg'><img loading=\"lazy\" decoding=\"async\" width=\"150\" height=\"150\" src=\"https:\/\/www.radiopiu.net\/wordpress\/wp-content\/uploads\/2022\/04\/00350dce-d49e-4e0e-a1dd-c3d125403666-1-150x150.jpg\" class=\"attachment-thumbnail size-thumbnail\" alt=\"\" \/><\/a>\n\t\t\t\t<\/dt><\/dl><br style=\"clear: both\" \/><dl class='gallery-item'>\n\t\t\t\t<dt class='gallery-icon landscape'>\n\t\t\t\t\t<a class=\"rollover rollover-zoom dt-pswp-item\" title=\"c33def1d-7c25-4494-b2c3-026051ba9dd6\" data-dt-img-description=\"\" data-large_image_width=\"608\" data-large_image_height=\"361\"href='https:\/\/www.radiopiu.net\/wordpress\/wp-content\/uploads\/2022\/04\/c33def1d-7c25-4494-b2c3-026051ba9dd6-1.jpg'><img loading=\"lazy\" decoding=\"async\" width=\"150\" height=\"150\" src=\"https:\/\/www.radiopiu.net\/wordpress\/wp-content\/uploads\/2022\/04\/c33def1d-7c25-4494-b2c3-026051ba9dd6-1-150x150.jpg\" class=\"attachment-thumbnail size-thumbnail\" alt=\"\" \/><\/a>\n\t\t\t\t<\/dt><\/dl><dl class='gallery-item'>\n\t\t\t\t<dt class='gallery-icon landscape'>\n\t\t\t\t\t<a class=\"rollover rollover-zoom dt-pswp-item\" title=\"4e015600-f111-49a2-869a-fd761c68deea\" data-dt-img-description=\"\" data-large_image_width=\"608\" data-large_image_height=\"365\"href='https:\/\/www.radiopiu.net\/wordpress\/wp-content\/uploads\/2022\/04\/4e015600-f111-49a2-869a-fd761c68deea-1.jpg'><img loading=\"lazy\" decoding=\"async\" width=\"150\" height=\"150\" src=\"https:\/\/www.radiopiu.net\/wordpress\/wp-content\/uploads\/2022\/04\/4e015600-f111-49a2-869a-fd761c68deea-1-150x150.jpg\" class=\"attachment-thumbnail size-thumbnail\" alt=\"\" \/><\/a>\n\t\t\t\t<\/dt><\/dl><dl class='gallery-item'>\n\t\t\t\t<dt class='gallery-icon landscape'>\n\t\t\t\t\t<a class=\"rollover rollover-zoom dt-pswp-item\" title=\"ca7952dc-3860-408c-85ad-43b7770330cc\" data-dt-img-description=\"\" data-large_image_width=\"612\" data-large_image_height=\"359\"href='https:\/\/www.radiopiu.net\/wordpress\/wp-content\/uploads\/2022\/04\/ca7952dc-3860-408c-85ad-43b7770330cc-1.jpg'><img loading=\"lazy\" decoding=\"async\" width=\"150\" height=\"150\" src=\"https:\/\/www.radiopiu.net\/wordpress\/wp-content\/uploads\/2022\/04\/ca7952dc-3860-408c-85ad-43b7770330cc-1-150x150.jpg\" class=\"attachment-thumbnail size-thumbnail\" alt=\"\" \/><\/a>\n\t\t\t\t<\/dt><\/dl><br style=\"clear: both\" \/>\n\t\t\t<\/div>\n\n<p>&nbsp;<\/p>\n<hr \/>\n<p>&nbsp;<\/p>\n<blockquote>\n<h3>SCHIFEZZE IN LOCALITA&#8217; VALCOZZENA<\/h3>\n<\/blockquote>\n<p><strong>AGORDO<\/strong>\u00a0 \u00a0<em>che schifezza<\/em> cos&#8217;altro aggiungere, la zona \u00e8 quella industriale in localit\u00e0 Valcozzena: mascherine, parasole per auto, bottiglie di plastica, una giacca e molto altro.<em> &#8220;Tanto &#8211; dir\u00e0 qualcuno &#8211; ci penseranno i volontari delle varie associazioni con le giornate ecologiche&#8221;.\u00a0<\/em>Oppure<em> &#8220;Chissenefrega,\u00a0 la prossima &#8220;brentana&#8221; spazza tutto e tutto scende a valle&#8221;. <\/em>Qualcuno aggiunger\u00e0 <em>&#8220;Capita quando all&#8217;ecocentro iniziano a dirti questo no, quell&#8217;altro naeanche, mettili nel secco, cos\u00ec Valpe ci guadagna ancora un po&#8217; con la prossima bolletta&#8221;.<\/em> Non c&#8217;\u00e8 giustificazione che tenga ma questa \u00e8 purtroppo la realt\u00e0 in una zona tra le pi\u00f9 frequentate della citt\u00e0.<\/p>\n\n\t\t\t<style type='text\/css'>\n\t\t\t\t#gallery-4 {\n\t\t\t\t\tmargin: auto;\n\t\t\t\t}\n\t\t\t\t#gallery-4 .gallery-item {\n\t\t\t\t\tfloat: left;\n\t\t\t\t\tmargin-top: 10px;\n\t\t\t\t\ttext-align: center;\n\t\t\t\t\twidth: 50%;\n\t\t\t\t}\n\t\t\t\t#gallery-4 img {\n\t\t\t\t\tborder: 2px solid #cfcfcf;\n\t\t\t\t}\n\t\t\t\t#gallery-4 .gallery-caption {\n\t\t\t\t\tmargin-left: 0;\n\t\t\t\t}\n\t\t\t\t\/* see gallery_shortcode() in wp-includes\/media.php *\/\n\t\t\t<\/style>\n\t\t<div id='gallery-4' class='dt-gallery-container gallery galleryid-270523 gallery-columns-2 gallery-size-thumbnail'><dl class='gallery-item'>\n\t\t\t\t<dt class='gallery-icon landscape'>\n\t\t\t\t\t<a class=\"rollover\" href='https:\/\/www.radiopiu.net\/wordpress\/schifezze-in-localita-valcozzena\/278148997_559505685518204_2388921877346563872_n\/'><img loading=\"lazy\" decoding=\"async\" width=\"150\" height=\"150\" src=\"https:\/\/www.radiopiu.net\/wordpress\/wp-content\/uploads\/2022\/04\/278148997_559505685518204_2388921877346563872_n-150x150.jpg\" class=\"attachment-thumbnail size-thumbnail\" alt=\"\" \/><\/a>\n\t\t\t\t<\/dt><\/dl><dl class='gallery-item'>\n\t\t\t\t<dt class='gallery-icon landscape'>\n\t\t\t\t\t<a class=\"rollover\" href='https:\/\/www.radiopiu.net\/wordpress\/schifezze-in-localita-valcozzena\/278131008_543676914101570_5998627371500620904_n\/'><img loading=\"lazy\" decoding=\"async\" width=\"150\" height=\"150\" src=\"https:\/\/www.radiopiu.net\/wordpress\/wp-content\/uploads\/2022\/04\/278131008_543676914101570_5998627371500620904_n-150x150.jpg\" class=\"attachment-thumbnail size-thumbnail\" alt=\"\" \/><\/a>\n\t\t\t\t<\/dt><\/dl><br style=\"clear: both\" \/><dl class='gallery-item'>\n\t\t\t\t<dt class='gallery-icon landscape'>\n\t\t\t\t\t<a class=\"rollover\" href='https:\/\/www.radiopiu.net\/wordpress\/schifezze-in-localita-valcozzena\/277962324_395442015466100_1186244083631551935_n\/'><img loading=\"lazy\" decoding=\"async\" width=\"150\" height=\"150\" src=\"https:\/\/www.radiopiu.net\/wordpress\/wp-content\/uploads\/2022\/04\/277962324_395442015466100_1186244083631551935_n-150x150.jpg\" class=\"attachment-thumbnail size-thumbnail\" alt=\"\" \/><\/a>\n\t\t\t\t<\/dt><\/dl><dl class='gallery-item'>\n\t\t\t\t<dt class='gallery-icon landscape'>\n\t\t\t\t\t<a class=\"rollover\" href='https:\/\/www.radiopiu.net\/wordpress\/schifezze-in-localita-valcozzena\/277917985_530605541999771_2719350427492120535_n\/'><img loading=\"lazy\" decoding=\"async\" width=\"150\" height=\"150\" src=\"https:\/\/www.radiopiu.net\/wordpress\/wp-content\/uploads\/2022\/04\/277917985_530605541999771_2719350427492120535_n-150x150.jpg\" class=\"attachment-thumbnail size-thumbnail\" alt=\"\" \/><\/a>\n\t\t\t\t<\/dt><\/dl><br style=\"clear: both\" \/>\n\t\t\t<\/div>\n\n<p>&nbsp;<\/p>\n<hr \/>\n<p>&nbsp;<\/p>\n<blockquote>\n<h3>RACCOLTA PLASTIC FREE A CANALE D&#8217;AGORDO, IL 30 APRILE<\/h3>\n<\/blockquote>\n<div class=\"kvgmc6g5 cxmmr5t8 oygrvhab hcukyx3x c1et5uql ii04i59q\">\n<div dir=\"auto\"><strong><img loading=\"lazy\" decoding=\"async\" class=\"alignleft\" src=\"https:\/\/www.radiopiu.net\/wordpress\/wp-content\/uploads\/2022\/04\/278293236_700449357664243_7359032165274909030_n.jpg\" width=\"201\" height=\"105\" \/>CANALE D&#8217;AGORDO<\/strong> Martina Smaniotto \u00e8 riuscita ad organizzare il\u00a0 suo primo evento di raccolta plastica nell&#8217;Agordino con la collaborazione dell&#8217; amministrazione comunale di Canale d&#8217;Agordo. Un forte impegno concreto verso il loro territorio. L&#8217;appuntamento sabato 30 aprile dalle 8 con ritrovo in Piazza Papa Luciani. Iscrizioni gratuita ma obbligatoria anche per fini assicurativi. Alle 12 spaghettata per tutti al &#8220;Bait dei Cazador&#8221;. I minori dovranno essere accompagnati. Cosa portare: guanti da lavoro o di gomma, qualche sacco della spazzatura se ne avete, pinze o altri strumenti utili alla raccolta. Valpe fornisce sacchetti e guanti. <strong>IL MODULO<\/strong>\u00a0 <a class=\"oajrlxb2 g5ia77u1 qu0x051f esr5mh6w e9989ue4 r7d6kgcz rq0escxv nhd2j8a9 nc684nl6 p7hjln8o kvgmc6g5 cxmmr5t8 oygrvhab hcukyx3x jb3vyjys rz4wbd8a qt6c0cv9 a8nywdso i1ao9s8h esuyzwwr f1sip0of lzcic4wl gpro0wi8 py34i1dx\" tabindex=\"0\" role=\"link\" href=\"https:\/\/www.plasticfreeonlus.it\/eventi\/1040\/30-apr-canale-d'agordo?fbclid=IwAR1DIg6dEjD8LYNQJO3KVPv__6DhLQef6MIZUILrbHNv19LLhYzSBf_76UA\" target=\"_blank\" rel=\"nofollow noopener\">https:\/\/www.plasticfreeonlus.it\/&#8230;\/30-apr-canale-d&#8217;agordo\u00a0<\/a><\/div>\n<\/div>\n<div dir=\"auto\"><\/div>\n<div dir=\"auto\"><strong>ALLA RADIO, MARTINA SMANIOTTO<\/strong><br \/>\n<audio class=\"wp-audio-shortcode\" id=\"audio-270523-8\" preload=\"none\" style=\"width: 100%;\" controls=\"controls\"><source type=\"audio\/mpeg\" src=\"https:\/\/www.radiopiu.net\/wordpress\/wp-content\/uploads\/2022\/04\/matina-smaniotto.mp3?_=8\" \/><a href=\"https:\/\/www.radiopiu.net\/wordpress\/wp-content\/uploads\/2022\/04\/matina-smaniotto.mp3\">https:\/\/www.radiopiu.net\/wordpress\/wp-content\/uploads\/2022\/04\/matina-smaniotto.mp3<\/a><\/audio>\n<\/div>\n<div class=\"cxmmr5t8 oygrvhab hcukyx3x c1et5uql o9v6fnle ii04i59q\">\n<div dir=\"auto\">\n<div><strong>ARCHIVIO RADIOPIU<\/strong><\/div>\n<\/div>\n<\/div>\n<div class=\"cxmmr5t8 oygrvhab hcukyx3x c1et5uql o9v6fnle ii04i59q\">\n<div dir=\"auto\">\n<blockquote class=\"wp-embedded-content\" data-secret=\"BSQGTay7Vn\"><p><a href=\"https:\/\/www.radiopiu.net\/wordpress\/plastic-free-per-un-mondo-senza-plastica\/\">PLASTIC FREE per un mondo senza plastica<\/a><\/p><\/blockquote>\n<p><iframe loading=\"lazy\" class=\"wp-embedded-content\" sandbox=\"allow-scripts\" security=\"restricted\" style=\"position: absolute; clip: rect(1px, 1px, 1px, 1px);\" title=\"&#8220;PLASTIC FREE per un mondo senza plastica&#8221; &#8212; Radio Pi\u00f9\" src=\"https:\/\/www.radiopiu.net\/wordpress\/plastic-free-per-un-mondo-senza-plastica\/embed\/#?secret=ZWQffiE91y#?secret=BSQGTay7Vn\" data-secret=\"BSQGTay7Vn\" width=\"600\" height=\"338\" frameborder=\"0\" marginwidth=\"0\" marginheight=\"0\" scrolling=\"no\"><\/iframe><\/p>\n<p>&nbsp;<\/p>\n<hr \/>\n<p>&nbsp;<\/p>\n<blockquote>\n<h3>DANIELE GALLIGANI RICONFERMATO ALLA GUIDA DELLA PROLOCO<\/h3>\n<\/blockquote>\n<\/div>\n<\/div>\n<p><strong><img loading=\"lazy\" decoding=\"async\" class=\"alignleft\" src=\"https:\/\/www.radiopiu.net\/wordpress\/wp-content\/uploads\/2020\/07\/Daniele-Galligani.jpg\" width=\"141\" height=\"94\" \/>AGORDO<\/strong> <span id=\"page3R_mcid1\" class=\"markedContent\"><span dir=\"ltr\" role=\"presentation\">Daniele Galligani \u00e8 stato\u00a0 riconfermato<\/span> <span dir=\"ltr\" role=\"presentation\">presidente dell\u2019associazione\u00a0 di Agordo, affiancato da Matthias Rossi alla <\/span><span dir=\"ltr\" role=\"presentation\">vicepresidenza, Carmen Decima alla tesoreria e Celeste Paganin alla segreteria. <\/span><\/span><span id=\"page3R_mcid2\" class=\"markedContent\"><span dir=\"ltr\" role=\"presentation\">Il nuovo direttivo dell\u2019<\/span><span dir=\"ltr\" role=\"presentation\">associazione non si ferma neanche per un secondo ed \u00e8 gi\u00e0 partito con <\/span><span dir=\"ltr\" role=\"presentation\">l\u2019organizzazione dei suoi<\/span> <span dir=\"ltr\" role=\"presentation\">eventi pi\u00f9 importanti e di altre interessanti novit\u00e0. Buon lavoro al presidente e al nuovo direttivo.<\/span><\/span><\/p>\n<p><strong>ARTICOLO PRECEDENTE, TUTTO IL GRUPPO<\/strong><\/p>\n<p><span id=\"page3R_mcid0\" class=\"markedContent\"><span dir=\"ltr\" role=\"presentation\"><strong><a class=\"dt-pswp-item\" href=\"https:\/\/www.radiopiu.net\/wordpress\/wp-content\/uploads\/2020\/04\/AD-AGORDO-PROLOCO-LOGO_colors.jpg\" data-dt-img-description=\"\" data-large_image_width=\"1920\" data-large_image_height=\"1920\"><img loading=\"lazy\" decoding=\"async\" class=\"size-thumbnail wp-image-129089 alignleft\" src=\"https:\/\/www.radiopiu.net\/wordpress\/wp-content\/uploads\/2020\/04\/AD-AGORDO-PROLOCO-LOGO_colors-150x150.jpg\" alt=\"\" width=\"150\" height=\"150\" srcset=\"https:\/\/www.radiopiu.net\/wordpress\/wp-content\/uploads\/2020\/04\/AD-AGORDO-PROLOCO-LOGO_colors-150x150.jpg 150w, https:\/\/www.radiopiu.net\/wordpress\/wp-content\/uploads\/2020\/04\/AD-AGORDO-PROLOCO-LOGO_colors-300x300.jpg 300w, https:\/\/www.radiopiu.net\/wordpress\/wp-content\/uploads\/2020\/04\/AD-AGORDO-PROLOCO-LOGO_colors-1024x1024.jpg 1024w, https:\/\/www.radiopiu.net\/wordpress\/wp-content\/uploads\/2020\/04\/AD-AGORDO-PROLOCO-LOGO_colors-768x768.jpg 768w, https:\/\/www.radiopiu.net\/wordpress\/wp-content\/uploads\/2020\/04\/AD-AGORDO-PROLOCO-LOGO_colors-1536x1536.jpg 1536w, https:\/\/www.radiopiu.net\/wordpress\/wp-content\/uploads\/2020\/04\/AD-AGORDO-PROLOCO-LOGO_colors.jpg 1920w\" sizes=\"auto, (max-width: 150px) 100vw, 150px\" \/><\/a>AGORDO<\/strong> Si \u00e8 tenuta ad Agordo l&#8217;annuale assemblea dei <\/span><span dir=\"ltr\" role=\"presentation\">\u00a0soci dell<\/span><span dir=\"ltr\" role=\"presentation\">\u2019<\/span><span dir=\"ltr\" role=\"presentation\">associazione Ad Agordo Proloco. <\/span><\/span><span id=\"page3R_mcid1\" class=\"markedContent\"><span dir=\"ltr\" role=\"presentation\">Il presidente Daniele Galligani ha aperto i lavori con l&#8217;elenco degli eventi svolti nell<\/span><span dir=\"ltr\" role=\"presentation\">\u2019<\/span><span dir=\"ltr\" role=\"presentation\">anno 2021, <\/span><span dir=\"ltr\" role=\"presentation\">\u00a0un anno di particolari restrizioni ma\u00a0 l<\/span><span dir=\"ltr\" role=\"presentation\">\u2019<\/span><span dir=\"ltr\" role=\"presentation\">associazione non si \u00e8 mai\u00a0 fermata realizzando comunque delle attivit\u00e0, alcune nuove. <\/span><\/span><span id=\"page3R_mcid2\" class=\"markedContent\"><span dir=\"ltr\" role=\"presentation\">\u00c8 stato presentato il bilancio 2021 dell<\/span><span dir=\"ltr\" role=\"presentation\">\u2019<\/span><span dir=\"ltr\" role=\"presentation\">associazione e nella stessa occasione \u00e8 stato rinnovato il direttivo <\/span><span dir=\"ltr\" role=\"presentation\">composto da: Daniele Galligani, Carmen Decima, Chiara Case, Chiara Vieceli, Eleonora Prompicai, Federica <\/span><span dir=\"ltr\" role=\"presentation\">Ben, Celeste Paganin, Giulia Della Lucia, Ludovico Martini Barzolai, Marco Da Ruos, Marta Moretti, Matthias <\/span><span dir=\"ltr\" role=\"presentation\">Rossi, Valentina Colle, Samuel Da Campo, Francesco Xaiz e Francesca Schena.<\/span><\/span><\/p>\n<hr \/>\n<p>&nbsp;<\/p>\n<blockquote>\n<h3>STUDENTI BELLUNESI STUDIANO LE TECNOLOGIE INNOVATIVE PER LA RACCOLTA DIFFERENZIATA<\/h3>\n<\/blockquote>\n<p><strong><a class=\"dt-pswp-item\" href=\"https:\/\/www.radiopiu.net\/wordpress\/wp-content\/uploads\/2022\/04\/Unknown.jpeg\" data-dt-img-description=\"\" data-large_image_width=\"1600\" data-large_image_height=\"1200\"><img loading=\"lazy\" decoding=\"async\" class=\"size-thumbnail wp-image-270562 alignleft\" src=\"https:\/\/www.radiopiu.net\/wordpress\/wp-content\/uploads\/2022\/04\/Unknown-150x150.jpeg\" alt=\"\" width=\"150\" height=\"150\" \/><\/a>BELLUNO <\/strong>Ventotto studenti degli istituti tecnici Segato- Brustolon di Belluno e Negrelli &#8211; Colotti di Feltre hanno visitato nei giorni scorsi l\u2019azienda cuneese Nord Engineering, leader internazionale nel mercato delle tecnologie per la raccolta differenziata. Nella prima giornata i 28 studenti hanno potuto incontrare le figure apicali, tra cui il presidente, l\u2019amministratore delegato e il responsabile marketing a cui hanno rivolto domande e grazie ai quali hanno raccolto informazioni utili per le loro ricerche. La seconda giornata insieme al responsabile della produzione gli studenti hanno passato in rassegna tutta l\u2019azienda discutendo di tecnologia, automazione e del fattore umano di nuovo al centro dei processi produttivi e di innovazione.<\/p>\n<p>&nbsp;<\/p>\n<hr \/>\n<p>&nbsp;<\/p>\n<blockquote>\n<h3>ASTENSIONISMO, LA CONFERENZA STAMPA DEL MINISTRO FEDERICO D&#8217;INCA&#8217;.<\/h3>\n<p><em>Le liste Aire falsano le elezioni, percentuali da scorporare<\/em><\/p><\/blockquote>\n<p>https:\/\/www.facebook.com\/federicodincam5s\/videos\/1189743231767524<\/p>\n<p>&nbsp;<\/p>\n<hr \/>\n<blockquote>\n<h3>20^ CACCIA PESCA NATURA, TAGLIO DEL NASTRO CON L&#8217;ASSESSORE CORAZZARI<\/h3>\n<\/blockquote>\n<p><strong><a class=\"dt-pswp-item\" href=\"https:\/\/www.radiopiu.net\/wordpress\/wp-content\/uploads\/2022\/04\/Michele-Nenz-Franco-De-Bon-Gian-Angelo-Bellati.jpg\" data-dt-img-description=\"\" data-large_image_width=\"2000\" data-large_image_height=\"1178\"><img loading=\"lazy\" decoding=\"async\" class=\"wp-image-270714 size-medium alignleft\" src=\"https:\/\/www.radiopiu.net\/wordpress\/wp-content\/uploads\/2022\/04\/Michele-Nenz-Franco-De-Bon-Gian-Angelo-Bellati-300x177.jpg\" alt=\"\" width=\"300\" height=\"177\" srcset=\"https:\/\/www.radiopiu.net\/wordpress\/wp-content\/uploads\/2022\/04\/Michele-Nenz-Franco-De-Bon-Gian-Angelo-Bellati-300x177.jpg 300w, https:\/\/www.radiopiu.net\/wordpress\/wp-content\/uploads\/2022\/04\/Michele-Nenz-Franco-De-Bon-Gian-Angelo-Bellati-1024x603.jpg 1024w, https:\/\/www.radiopiu.net\/wordpress\/wp-content\/uploads\/2022\/04\/Michele-Nenz-Franco-De-Bon-Gian-Angelo-Bellati-768x452.jpg 768w, https:\/\/www.radiopiu.net\/wordpress\/wp-content\/uploads\/2022\/04\/Michele-Nenz-Franco-De-Bon-Gian-Angelo-Bellati-1536x905.jpg 1536w, https:\/\/www.radiopiu.net\/wordpress\/wp-content\/uploads\/2022\/04\/Michele-Nenz-Franco-De-Bon-Gian-Angelo-Bellati.jpg 2000w\" sizes=\"auto, (max-width: 300px) 100vw, 300px\" \/><\/a>LONGARONE\u00a0<\/strong> Presentata ieri in\u00a0 Provincia\u00a0 la 20. edizione di Caccia Pesca e Natura. La Fiera nazionale dei prodotti, attrezzature e servizi per la caccia e la pesca sportiva. Ma anche del vivere e studiare l\u2019ambiente e in particolare la montagna. Un appuntamento dal ricco programma di eventi e convegni istituzionali grazie alla partecipazione attiva e alla stretta collaborazione con la Regione del Veneto e l\u2019Amministrazione provinciale di Belluno, appunto. In collegamento da remoto, impossibilitato causa covid a presenziare, il Presidente e padrone di casa Roberto Padrin, tra i tanti eventi ha voluto sottolineare l\u2019importanza e la portata del convegno che si terr\u00e0 domenica pomeriggio, 24 aprile.\u00a0 Caccia Pesca Natura \u00e8 sempre stato un evento di riferimento. Porta gli appassionati della caccia e della pesca a confrontarsi e incontrarsi. Una grande occasione per riunire questi due mondi che vanno a tutelare e salvaguardare del territorio e dell&#8217; ambiente. Caccia Pesca e Natura aprir\u00e0 sabato 23\u00a0 alle\u00a0 9 presso il quartiere fieristico di Longarone, mentre il consueto taglio del nastro \u00e8 previsto per le ore 12 alla presenza dell\u2019Assessore regionale Cristiano Corazzari. Caccia Pesca e Natura sar\u00e0 aperta da sabato 23 a luned\u00ec 25 aprile, con orario 9-19. Gli eventi principali saranno trasmessi anche in diretta streaming su https:\/\/forum.caccia-pesca-natura.it.<\/p>\n<p>&nbsp;<\/p>\n<hr \/>\n<p>&nbsp;<\/p>\n<blockquote>\n<h3>I 150 ANNI DELL\u2019ENTE COOPERATIVO DI MUTUO SOCCORSO DI AURONZO<\/h3>\n<\/blockquote>\n<p><strong><a class=\"dt-pswp-item\" href=\"https:\/\/www.radiopiu.net\/wordpress\/wp-content\/uploads\/2022\/04\/Sede-Ente-Cooperativo-e-Farmacia-Auronzo.jpg\" data-dt-img-description=\"\" data-large_image_width=\"2382\" data-large_image_height=\"1588\"><img loading=\"lazy\" decoding=\"async\" class=\"size-thumbnail wp-image-270588 alignleft\" src=\"https:\/\/www.radiopiu.net\/wordpress\/wp-content\/uploads\/2022\/04\/Sede-Ente-Cooperativo-e-Farmacia-Auronzo-150x150.jpg\" alt=\"\" width=\"150\" height=\"150\" \/><\/a>AURONZO<\/strong> Il 2022 rappresenta un traguardo di grandissima importanza per l\u2019Ente Cooperativo di Mutuo Soccorso di Auronzo di Cadore. Nel 1872, infatti, sulle rive dell\u2019Ansiei nasceva la Societ\u00e0 Operaia di Mutuo Soccorso, realt\u00e0 che dunque oggi raggiunge il traguardo dei 150 anni. Un\u2019avventura di solidariet\u00e0, di territorio e di impresa che ha attraversato un secolo e mezzo di storia italiana e che oggi, tenendo ben presenti \u2013 e saldi &#8211; gli ideali dei fondatori, forte di oltre 800 soci lavora nel presente e guarda al futuro con entusiasmo, fiducia e concretezza. L\u2019Ente Cooperativo di Mutuo Soccorso di Auronzo nel 2021, proseguendo le sue attivit\u00e0 verso i soci ha riconosciuto circa 90 mila di ristorno complessivo ai soci sull\u2019acquisto di medicinali. Quasi 10 mila sono stati gli euro assegnati a diverse realt\u00e0 del paese. Lo scorso marzo sono stati donati alla Croce Rossa Italiana medicinali per 2.800 euro da destinare alla popolazione ucraina. Sempre in favore della popolazione ucraina sono stati devoluti 1.500 euro nell\u2019ambito della raccolta fondi organizzata dalla sezione Cadore dell\u2019Associazione Nazionale Alpini.<\/p>\n<p>&nbsp;<\/p>\n<hr \/>\n<p>&nbsp;<\/p>\n<blockquote>\n<h3>PER UN MESE E MEZZO CHIUSURA TOTALE DEL SENTIERO VALLAVIA<\/h3>\n<\/blockquote>\n<p><strong><img loading=\"lazy\" decoding=\"async\" class=\"alignleft\" src=\"https:\/\/www.radiopiu.net\/wordpress\/wp-content\/uploads\/2021\/01\/Sentieri_Nevegal_lavori-1.jpg\" width=\"147\" height=\"100\" \/>BELLUNO<\/strong> <span dir=\"ltr\" role=\"presentation\">Per consentire i lavori di esbosco forzoso tramite impianto a fune, svolti sui <\/span><span dir=\"ltr\" role=\"presentation\">lotti boschivi denominati &#8220;schianti del Neveg\u00e0l 2018&#8221;, con abbattimenti di <\/span><span dir=\"ltr\" role=\"presentation\">piante,<\/span> <span dir=\"ltr\" role=\"presentation\">movimentazione<\/span> <span dir=\"ltr\" role=\"presentation\">delle<\/span> <span dir=\"ltr\" role=\"presentation\">stesse<\/span> <span dir=\"ltr\" role=\"presentation\">tramite<\/span> <span dir=\"ltr\" role=\"presentation\">teleferica<\/span> <span dir=\"ltr\" role=\"presentation\">e<\/span> <span dir=\"ltr\" role=\"presentation\">conseguenti <\/span><span dir=\"ltr\" role=\"presentation\">carichi sospesi, si rende necessario mettere in sicurezza la zona. <\/span><span dir=\"ltr\" role=\"presentation\">Viene,<\/span> <span dir=\"ltr\" role=\"presentation\">pertanto,<\/span> <span dir=\"ltr\" role=\"presentation\">istituita<\/span> <span dir=\"ltr\" role=\"presentation\">la<\/span> <span dir=\"ltr\" role=\"presentation\">chiusura<\/span> <span dir=\"ltr\" role=\"presentation\">con<\/span> <span dir=\"ltr\" role=\"presentation\">interdizione<\/span> <span dir=\"ltr\" role=\"presentation\">totale<\/span> <span dir=\"ltr\" role=\"presentation\">a<\/span> <span dir=\"ltr\" role=\"presentation\">qualsiasi <\/span><span dir=\"ltr\" role=\"presentation\">transito del sentiero Vallavia, nel periodo dal 15 aprile fino al 31 maggio\u00a0<\/span><\/p>\n<p>&nbsp;<\/p>\n<p>&nbsp;<\/p>\n<hr \/>\n<p>&nbsp;<\/p>\n<p>&nbsp;<\/p>\n<blockquote>\n<h3>DIVIETO DI SOSTA IN VIA RIVIZZOLA, FINO AL 6 MAGGIO<\/h3>\n<\/blockquote>\n<p><strong><img loading=\"lazy\" decoding=\"async\" class=\"alignleft\" src=\"https:\/\/www.radiopiu.net\/wordpress\/wp-content\/uploads\/2022\/04\/th-11.jpg\" width=\"135\" height=\"118\" \/>BELLUNO<\/strong> <span dir=\"ltr\" role=\"presentation\">Per<\/span> <span dir=\"ltr\" role=\"presentation\">consentire<\/span> <span dir=\"ltr\" role=\"presentation\">il<\/span> <span dir=\"ltr\" role=\"presentation\">mantenimento<\/span> <span dir=\"ltr\" role=\"presentation\">di<\/span> <span dir=\"ltr\" role=\"presentation\">un\u2019area<\/span> <span dir=\"ltr\" role=\"presentation\">di<\/span> <span dir=\"ltr\" role=\"presentation\">cantiere<\/span> <span dir=\"ltr\" role=\"presentation\">necessaria<\/span> <span dir=\"ltr\" role=\"presentation\">al <\/span><span dir=\"ltr\" role=\"presentation\">posizionamento di un ponteggio e di una gru per lavori di recupero edilizio <\/span><span dir=\"ltr\" role=\"presentation\">su un fabbricato, si rende necessaria l&#8217;istituzione del divieto di sosta con<\/span><br role=\"presentation\" \/><span dir=\"ltr\" role=\"presentation\">rimozione<\/span> <span dir=\"ltr\" role=\"presentation\">forzata<\/span> <span dir=\"ltr\" role=\"presentation\">dei<\/span> <span dir=\"ltr\" role=\"presentation\">veicoli,<\/span> <span dir=\"ltr\" role=\"presentation\">in<\/span> <span dir=\"ltr\" role=\"presentation\">via<\/span> <span dir=\"ltr\" role=\"presentation\">Rivizzola,<\/span> <span dir=\"ltr\" role=\"presentation\">nell&#8217;area<\/span> <span dir=\"ltr\" role=\"presentation\">adiacente<\/span> <span dir=\"ltr\" role=\"presentation\">al <\/span><span dir=\"ltr\" role=\"presentation\">fabbricato, fino alle ore 18 del 6 maggio.\u00a0<\/span><\/p>\n<p>&nbsp;<\/p>\n<p>&nbsp;<\/p>\n<hr \/>\n<p>&nbsp;<\/p>\n<p><strong>SONO IN FASE DI REALIZZAZIONE I NUOVI PARCHEGGI IN LOCALITA&#8217; VALCOZZENA A SERVIZIO DELL&#8217;AZIENDA DELL&#8217;OCCHIALE, SPERIAMO EVITINO PARCHEGGI AZZARDATI COME QUESTO<\/strong><\/p>\n<p>&nbsp;<\/p>\n<p><a class=\"dt-pswp-item\" href=\"https:\/\/www.radiopiu.net\/wordpress\/wp-content\/uploads\/2022\/04\/278453206_3201222900196548_3443326440072829490_n.jpg\" data-dt-img-description=\"\" data-large_image_width=\"526\" data-large_image_height=\"701\"><img loading=\"lazy\" decoding=\"async\" class=\"wp-image-270679 size-medium aligncenter\" src=\"https:\/\/www.radiopiu.net\/wordpress\/wp-content\/uploads\/2022\/04\/278453206_3201222900196548_3443326440072829490_n-225x300.jpg\" alt=\"\" width=\"225\" height=\"300\" srcset=\"https:\/\/www.radiopiu.net\/wordpress\/wp-content\/uploads\/2022\/04\/278453206_3201222900196548_3443326440072829490_n-225x300.jpg 225w, https:\/\/www.radiopiu.net\/wordpress\/wp-content\/uploads\/2022\/04\/278453206_3201222900196548_3443326440072829490_n.jpg 526w\" sizes=\"auto, (max-width: 225px) 100vw, 225px\" \/> <\/a><\/p>\n<p>&nbsp;<\/p>\n<hr \/>\n<p>&nbsp;<\/p>\n<blockquote>\n<h3>DILLO A RADIO PIU&#8217;&#8230; UNA CICLABILE NEL PARCO CITTA&#8217; DI BOLOGNA<\/h3>\n<\/blockquote>\n<p><strong>Riceviamo e volentieri pubblichiamo un&#8217;opinione di Giuseppe Cancemi da Belluno, critico nei confronti di una progettazione che prevede la ciclabile nel cuore della citt\u00e0<\/strong><\/p>\n<p><span dir=\"ltr\" role=\"presentation\"><strong><a class=\"dt-pswp-item\" href=\"https:\/\/www.radiopiu.net\/wordpress\/wp-content\/uploads\/2022\/04\/progetto-ciclabile-parco.jpeg\" data-dt-img-description=\"\" data-large_image_width=\"306\" data-large_image_height=\"234\"><img loading=\"lazy\" decoding=\"async\" class=\"alignleft wp-image-270689 size-medium\" src=\"https:\/\/www.radiopiu.net\/wordpress\/wp-content\/uploads\/2022\/04\/progetto-ciclabile-parco-300x229.jpeg\" alt=\"\" width=\"300\" height=\"229\" srcset=\"https:\/\/www.radiopiu.net\/wordpress\/wp-content\/uploads\/2022\/04\/progetto-ciclabile-parco-300x229.jpeg 300w, https:\/\/www.radiopiu.net\/wordpress\/wp-content\/uploads\/2022\/04\/progetto-ciclabile-parco.jpeg 306w\" sizes=\"auto, (max-width: 300px) 100vw, 300px\" \/><\/a>BELLUNO<\/strong><\/span><\/p>\n<p><span dir=\"ltr\" role=\"presentation\">La \u201cadorabile Belluno\u201d, ha acquisito dal nuovo urbanesimo, un sentire innovativo, che ricorda \u201cle <\/span><span dir=\"ltr\" role=\"presentation\">mani sulla citt\u00e0\u201d. Esaurita l&#8217;urbanizzazione pagata dai contribuenti utile alla speculazione edilizia e <\/span><span dir=\"ltr\" role=\"presentation\">in via di esaurimento l&#8217;urbanistica contrattata, la rigenerazione urbana \u00e8 diventata di fatto, il nuovo <\/span><span dir=\"ltr\" role=\"presentation\">cavallo di battaglia. Questa, si serve massimamente, di risorse pubbliche, senza alcun obiettivo di <\/span><span dir=\"ltr\" role=\"presentation\">effettiva risoluzione dell&#8217;aspetto immateriale, a cui dovrebbero corrispondere le opere. Nel nostro <\/span><span dir=\"ltr\" role=\"presentation\">centro storico, si utilizzano gli ultimi scampoli di aree e volumi, all&#8217;insegna del consumo di suolo <\/span><span dir=\"ltr\" role=\"presentation\">zero e della bandiera della sostenibilit\u00e0. Il prestigioso ex Convento dei Gesuiti, il complesso edilizio <\/span><span dir=\"ltr\" role=\"presentation\">dell&#8217;antico nosocomio, Piazza Piloni, la vicina via d\u2019Inc\u00e0 e il Parco urbano citt\u00e0 di Bologna, sono il <\/span><span dir=\"ltr\" role=\"presentation\">focus di interventi definibili, volendo essere buoni, non generativi ma de-generativi. <\/span><span dir=\"ltr\" role=\"presentation\">Siamo veramente alla paranoia. L&#8217;originario Parco citt\u00e0 di Bologna (circa 14.000 mq) e tutta <\/span><span dir=\"ltr\" role=\"presentation\">l&#8217;area che circonda piazza Piloni, sono diventati luoghi di riserva per tutto, in barba alla <\/span><span dir=\"ltr\" role=\"presentation\">cultura urbanistica e al sentire ecologistico, che la citt\u00e0 ha ereditato (come best practices) <\/span><span dir=\"ltr\" role=\"presentation\">dai comportamenti dell\u2019umanit\u00e0 che ci ha preceduti. Non \u00e8 bastato che in questi ultimi anni, <\/span><span dir=\"ltr\" role=\"presentation\">si siano abbattuti degli alberi nelle adiacenze e pertinenze di quei luoghi n\u00e9 che, il sempre <\/span><span dir=\"ltr\" role=\"presentation\">pi\u00f9 scarno di piante parco, abbia ceduto ulteriori 6000 mq lordi agli scolari della \u201cGabelli\u201d. <\/span><span dir=\"ltr\" role=\"presentation\">Adesso si sta realizzando, ancora a spese della medesima area, udite udite, una ciclabile <\/span><span dir=\"ltr\" role=\"presentation\">all\u2019interno del medesimo parco. Un collegamento con la contigua piazza, a sua volta <\/span><span dir=\"ltr\" role=\"presentation\">quest&#8217;ultima candidata allo scavo di un ulteriore parcheggio sotterraneo di tre piani, la cui <\/span><span dir=\"ltr\" role=\"presentation\">superficie \u00e8 gi\u00e0 occupata da un parcheggio di auto. Per non parlare del Convento dei Gesuiti <\/span><span dir=\"ltr\" role=\"presentation\">sconsacrato che diventer\u00e0 mercato. <\/span><span dir=\"ltr\" role=\"presentation\">Il tutto, nel centro storico dove, per usare una metafora ma non tanto metafora, si riportano i <\/span><span dir=\"ltr\" role=\"presentation\">\u201cmercanti\u201d scacciati dal tempio, che la Bibbia ci ricorda. <\/span><span dir=\"ltr\" role=\"presentation\">A questo punto un interrogativo \u00e8 d\u2019obbligo. <\/span><span dir=\"ltr\" role=\"presentation\">Siamo vittime di una maledizione? O si vuole perpetuare uno sfruttamento intensivo di <\/span><span dir=\"ltr\" role=\"presentation\">quell\u2019area, senza una minima considerazione verso le buone pratiche urbanistiche?\u00a0 <\/span><span dir=\"ltr\" role=\"presentation\">Questi citati interventi, comunque, non sono quel contenimento o azzeramento del consumo <\/span><span dir=\"ltr\" role=\"presentation\">di suolo che vogliono le leggi e il comune sentire dei cittadini, interessati a tutt&#8217;altra <\/span><span dir=\"ltr\" role=\"presentation\">filosofia. <\/span><span dir=\"ltr\" role=\"presentation\">Tanto per ricordarlo, in questi ultimi anni, proprio in zona, tanti alberi sono stati eliminati <\/span><span dir=\"ltr\" role=\"presentation\">senza essere rimpiazzati da altre nuove essenze arboree. Non sappiamo se con il loro <\/span><span dir=\"ltr\" role=\"presentation\">abbattimento si \u00e8 voluto, forse, solo ricavare qualche stallo in pi\u00f9 lungo il parcheggio di via <\/span><span dir=\"ltr\" role=\"presentation\">d\u2019Inc\u00e0. Insomma si \u00e8 continuato a ragionare, in controtendenza alle buone intenzioni <\/span><span dir=\"ltr\" role=\"presentation\">europee di decarbonizzazione, che oggi si pone anche la transizione ecologica. <\/span><span dir=\"ltr\" role=\"presentation\">Comunque, dall\u2019area attualmente occupata dalla scuola, quando quest&#8217;ultima torner\u00e0 nella <\/span><span dir=\"ltr\" role=\"presentation\">sua originaria sede, non si sa cosa, dai volumi allocati, tireranno fuori dal cilindro. <\/span><span dir=\"ltr\" role=\"presentation\">Vedremo! <\/span><span dir=\"ltr\" role=\"presentation\">In piazza Piloni invece, non contenti, si progetta con quel parcheggio sotterraneo, qualcosa <\/span><span dir=\"ltr\" role=\"presentation\">non immune dai conosciuti problemi di sottosuolo: falde acquifere ed esalazioni gassose, <\/span><span dir=\"ltr\" role=\"presentation\">nonch\u00e9 quelli di archeologia per la vicina chiesa gotica S. Stefano e\/o annesso convento dei <\/span><span dir=\"ltr\" role=\"presentation\">Frati Serviti, oggi Agenzia delle Entrate, etc.. Non si \u00e8 pensato neanche che, portare altre <\/span><span dir=\"ltr\" role=\"presentation\">centinaia di auto in transito e stazionamento in prossimit\u00e0 di quei luoghi, dove \u00e8 presente <\/span><span dir=\"ltr\" role=\"presentation\">anche una scuola secondaria, aumenta i problemi della gi\u00e0 sofferente circolazione. <\/span><span dir=\"ltr\" role=\"presentation\">Insomma quest\u2019ultima, ma non ultima trovata della ciclabile in quel luogo, immaginando <\/span><span dir=\"ltr\" role=\"presentation\">una intermodalit\u00e0 trasportistica (sic!) con un, mi si perdoni, risibile percorso di circa 120 mt <\/span><span dir=\"ltr\" role=\"presentation\">(dal costo di circa 200 \u20ac al m), che attraversa il \u201cparco citt\u00e0 di Bologna\u201d, \u00e8 inutile e forse <\/span><span dir=\"ltr\" role=\"presentation\">Page 1anche pericoloso per la sua vicinanza all\u2019area di gioco dei bambini. Un ultima idea balzana <\/span><span dir=\"ltr\" role=\"presentation\">che ci mancava! <\/span><span dir=\"ltr\" role=\"presentation\">Belluno, che si autoproclama capitale delle Dolomiti, con il suo, pi\u00f9 volte ridimensionato <\/span><span dir=\"ltr\" role=\"presentation\">mini parco: \u201ccitt\u00e0 di Bologna\u201d, ridotto ad un fazzoletto di terra, osa ancora \u201critagliare\u201d altro <\/span><span dir=\"ltr\" role=\"presentation\">spazio al verde urbano (D. I. 1444\/68, minimo 9 mq\/ab.) all\u2019interno di un centro storico gi\u00e0 <\/span><span dir=\"ltr\" role=\"presentation\">\u201cferito\u201d, che non \u00e8 pi\u00f9 n\u00e9 a misura d\u2019uomo e neppure a misura di automobile.<\/span><\/p>\n<p>Giuseppe Cancemi<\/p>\n<p>&nbsp;<\/p>\n<p>&nbsp;<\/p>\n<hr \/>\n<p>&nbsp;<\/p>\n<p>&nbsp;<\/p>\n<blockquote>\n<h2><strong><em><a class=\"dt-pswp-item\" href=\"https:\/\/www.radiopiu.net\/wordpress\/wp-content\/uploads\/2022\/04\/Messa-Pasqua.jpeg\" data-dt-img-description=\"\" data-large_image_width=\"737\" data-large_image_height=\"987\"><img loading=\"lazy\" decoding=\"async\" class=\"wp-image-270645 alignleft\" src=\"https:\/\/www.radiopiu.net\/wordpress\/wp-content\/uploads\/2022\/04\/Messa-Pasqua-224x300.jpeg\" alt=\"\" width=\"165\" height=\"221\" srcset=\"https:\/\/www.radiopiu.net\/wordpress\/wp-content\/uploads\/2022\/04\/Messa-Pasqua-224x300.jpeg 224w, https:\/\/www.radiopiu.net\/wordpress\/wp-content\/uploads\/2022\/04\/Messa-Pasqua.jpeg 737w\" sizes=\"auto, (max-width: 165px) 100vw, 165px\" \/><\/a>SANTA MESSA PASQUALE<\/em><\/strong><\/h2>\n<\/blockquote>\n<p><strong>\u00a0AGORDO\u00a0 <\/strong>Ad aprire il periodo Pasquale, mercoled\u00ec 13 aprile, alla RSA di Agordo Asca, \u00e8 stata celebrata la messa di Pasqua, in presenza di Don Bruno (Cappellano dell&#8217;Ospedale) e Don Cesare (Parroco di Agordo), dando vita cos\u00ec ad un momento di raccoglimento e preghiera in un periodo in cui \u00e8 forte la speranza del ritorno alla normalit\u00e0. Tutti gli ospiti della struttura hanno avuto la possibilit\u00e0 di partecipare alla messa in presenza o attraverso le videoproiezioni.\u00a0 Hanno presenziato e collaborato alla celebrazione anche gli operatori e l&#8217;equipe dei professionisti che lavorano in struttura.<\/p>\n<p>&nbsp;<\/p>\n<p><strong>ALLA RADIO: DOMENICA ALLE 10 DIRETTA RADIO (IN STREAMING IN TUTTO IL MONDO SU www.radiopiu.net LA MESSA DALL&#8217;ARCIDIACONALE DI AGORDO, LUNEDI DI PASQUETTA ALLE 10 LA MESSA DA PROMPICAI DI AGORDO, MESSA DEL FANCIULLO.\u00a0<\/strong><\/p>\n<p>&nbsp;<\/p>\n<hr \/>\n<p>&nbsp;<\/p>\n<blockquote>\n<h3>ASCA CERCA PSICOLOGI<\/h3>\n<\/blockquote>\n<p><strong><a class=\"dt-pswp-item\" href=\"https:\/\/www.radiopiu.net\/wordpress\/wp-content\/uploads\/2020\/04\/ASCA.png\" data-dt-img-description=\"\" data-large_image_width=\"1211\" data-large_image_height=\"668\"><img loading=\"lazy\" decoding=\"async\" class=\"size-thumbnail wp-image-128881 alignleft\" src=\"https:\/\/www.radiopiu.net\/wordpress\/wp-content\/uploads\/2020\/04\/ASCA-150x150.png\" alt=\"\" width=\"150\" height=\"150\" \/><\/a>AGORDO<\/strong> ASCA ha aperto un bando relativo alla ricerca di uno psicologo, per la realizzazione delle attivit\u00e0 di consulenza psicologica inserite nel progetto \u201cPsicologi del Territorio\u201d. Il progetto verr\u00e0 gestito da ASCA\u00a0 per i Comuni di Alleghe, Colle Santa Lucia, Livinallongo del Col di Lana, Rocca Pietore e Selva di Cadore. La domanda dovr\u00e0 pervenire entro le 12 del 28 aprile 2022.<\/p>\n<p>&nbsp;<\/p>\n<p>&nbsp;<\/p>\n<p>&nbsp;<\/p>\n<hr \/>\n<p>&nbsp;<\/p>\n<blockquote>\n<h3>UNA GIORNATA PER LA DONAZIONE DI ORGANI E TESSUTI, INCONTRO IL 19 APRILE<\/h3>\n<\/blockquote>\n<p><strong>BELLUNO<\/strong> In prossimit\u00e0 della giornata nazionale per la donazione di organi, che ricorre il prossimo 24 aprile, l\u2019Ulss 1 Dolomiti organizza un incontro per sensibilizzare sull\u2019importanza della donazione di organi e tessuti finalizzata al trapianto. Una scelta di grande generosit\u00e0 che permette a molte persone di ricevere una speranza di vita o un miglioramento delle loro condizioni di salute. L\u2019incontro si terr\u00e0 marted\u00ec 19 aprile alle 17.00 presso l\u2019Hospice CasaTua2 \u2013 Sala Cucchini. Per partecipare \u00e8 necessaria la prenotazione all\u2019indirizzo: <a href=\"mailto:eric.serafini@aulss1.veneto.it\">eric.serafini@aulss1.veneto.it<\/a> \u00a0ed \u00e8 richiesto il Green Pass. Sar\u00e0 possibile seguire l\u2019incontro anche online collegandosi in videoconferenza al link <u>meet.google.com\/exv-ziex-rkf\u00a0<\/u><\/p>\n<p>&nbsp;<\/p>\n<hr \/>\n<blockquote>\n<h3><\/h3>\n<h3>UNA BORSA DI STUDIO DONATA ALL&#8217;ONCOLOGIA<\/h3>\n<\/blockquote>\n<p><strong>BELLUNO\u00a0<\/strong> L&#8217;Associazione Italiana contro le Leucemie, Linfomi e Mieloma &#8211; ha finanziato una borsa di studio destinata allo sviluppo del progetto \u201cRicerca clinica e gruppi oncologici multidisciplinari\u201d dell\u2019Oncologia. Il progetto \u00e8 pensato, nell\u2019ambito della valutazione prospettica e retrospettiva dei nuovi casi di neoplasia, per la raccolta dei dati nelle patologie in cui la casistica \u00e8 particolarmente numerosa al fine di migliorare la pianificazione delle attivit\u00e0, l&#8217;esecuzione di ricerche e l\u2019attribuzione delle risorse, migliorando, cos\u00ec, il livello assistenziale. Sul sito <a href=\"http:\/\/www.aulss1.veneto.it\/\">www.aulss1.veneto.it<\/a> \u00e8 possibile consultare il bando completo con tutti i requisiti di ammissione (laurea triennale), le modalit\u00e0 di presentazione della domanda e le modalit\u00e0 di selezione. Il termine di scadenza per la presentazione delle domande \u00e8 il 23 aprile 2022.<\/p>\n<p>&nbsp;<\/p>\n<hr \/>\n<p>&nbsp;<\/p>\n<blockquote>\n<h3>SETTIMANA DEDICATA ALLA SALUTE DELLA DONNA<\/h3>\n<\/blockquote>\n<p><strong>BELLUNO<\/strong>\u00a0<b> <\/b>La settimana dedicata alla salute della donna in Ulss Dolomiti parte con due appuntamenti dedicati alla menopausa: una passeggiata esperienziale e un incontro in Gmeet. <strong>La passeggiata esperienziale<\/strong>, organizzata dal Consultorio di Feltre, \u00e8 in programma martedi 19 aprile alle 16.30 con ritrovo nella vecchia portineria dell\u2019ospedale di Feltre. Le attivit\u00e0 proseguiranno via <strong>meet<\/strong> il giorno dopo, 20 aprile, con un appuntamento organizzato dai consultori del Distretto di Belluno. All\u2019incontro parteciperanno i professionisti sanitari che esercitano nei consultori. Per partecipare \u00e8 necessario <strong>iscriversi<\/strong> inviando una mail all\u2019indirizzo: <a href=\"mailto:guadagnare.salute.webinar@aulss1.veneto.it\">guadagnare.salute.webinar@aulss1.veneto.it<\/a><\/p>\n<p>&nbsp;<\/p>\n<hr \/>\n<p>&nbsp;<\/p>\n<blockquote>\n<h3>UN NUOVO SPORTELLO TELEMATICO<\/h3>\n<\/blockquote>\n<p><strong>LIMANA<\/strong> Verr\u00e0 presentato marted\u00ec 19 aprile alle 17 in un incontro online aperto a tutti i cittadini lo sportello telematico del Comune di Limana. Nel corso della presentazione, verranno mostrati esempi concreti di presentazione online delle pratiche al Comune, rispondendo a domande e osservazioni.\u00a0 Per partecipare all\u2019incontro sar\u00e0 sufficiente iscriversi al seguente link: https:\/\/bit.ly\/3ulB22k<\/p>\n<p>&nbsp;<\/p>\n<p>&nbsp;<\/p>\n<hr \/>\n<blockquote>\n<h3><\/h3>\n<h3>&#8220;RAGAZZE IN BICICLETTA&#8221;, IL DOCUMENTARIO IN SALA BIANCHI A BELLUNO<\/h3>\n<\/blockquote>\n<p><strong>BELLUNO<\/strong> Il documentario &#8220;Ragazze in bicicletta&#8221; in sala Bianchi a Belluno venerd\u00ec 22 aprile alle 17:30<\/p>\n<p>di Roberto Bona<\/p>\n<audio class=\"wp-audio-shortcode\" id=\"audio-270523-9\" preload=\"none\" style=\"width: 100%;\" controls=\"controls\"><source type=\"audio\/mpeg\" src=\"https:\/\/www.radiopiu.net\/wordpress\/wp-content\/uploads\/2022\/04\/ROBERTO-BONA-25-APRILE.mp3?_=9\" \/><a href=\"https:\/\/www.radiopiu.net\/wordpress\/wp-content\/uploads\/2022\/04\/ROBERTO-BONA-25-APRILE.mp3\">https:\/\/www.radiopiu.net\/wordpress\/wp-content\/uploads\/2022\/04\/ROBERTO-BONA-25-APRILE.mp3<\/a><\/audio>\n<p>&nbsp;<\/p>\n\n\t\t\t<style type='text\/css'>\n\t\t\t\t#gallery-5 {\n\t\t\t\t\tmargin: auto;\n\t\t\t\t}\n\t\t\t\t#gallery-5 .gallery-item {\n\t\t\t\t\tfloat: left;\n\t\t\t\t\tmargin-top: 10px;\n\t\t\t\t\ttext-align: center;\n\t\t\t\t\twidth: 33%;\n\t\t\t\t}\n\t\t\t\t#gallery-5 img {\n\t\t\t\t\tborder: 2px solid #cfcfcf;\n\t\t\t\t}\n\t\t\t\t#gallery-5 .gallery-caption {\n\t\t\t\t\tmargin-left: 0;\n\t\t\t\t}\n\t\t\t\t\/* see gallery_shortcode() in wp-includes\/media.php *\/\n\t\t\t<\/style>\n\t\t<div id='gallery-5' class='dt-gallery-container gallery galleryid-270523 gallery-columns-3 gallery-size-thumbnail'><dl class='gallery-item'>\n\t\t\t\t<dt class='gallery-icon portrait'>\n\t\t\t\t\t<a class=\"rollover rollover-zoom dt-pswp-item\" title=\"25Aprile\" data-dt-img-description=\"\" data-large_image_width=\"600\" data-large_image_height=\"1255\"href='https:\/\/www.radiopiu.net\/wordpress\/wp-content\/uploads\/2022\/04\/25Aprile.jpg'><img loading=\"lazy\" decoding=\"async\" width=\"150\" height=\"150\" src=\"https:\/\/www.radiopiu.net\/wordpress\/wp-content\/uploads\/2022\/04\/25Aprile-150x150.jpg\" class=\"attachment-thumbnail size-thumbnail\" alt=\"\" \/><\/a>\n\t\t\t\t<\/dt><\/dl><dl class='gallery-item'>\n\t\t\t\t<dt class='gallery-icon landscape'>\n\t\t\t\t\t<a class=\"rollover rollover-zoom dt-pswp-item\" title=\"b22\" data-dt-img-description=\"\" data-large_image_width=\"2493\" data-large_image_height=\"1719\"href='https:\/\/www.radiopiu.net\/wordpress\/wp-content\/uploads\/2022\/04\/b22.jpg'><img loading=\"lazy\" decoding=\"async\" width=\"150\" height=\"150\" src=\"https:\/\/www.radiopiu.net\/wordpress\/wp-content\/uploads\/2022\/04\/b22-150x150.jpg\" class=\"attachment-thumbnail size-thumbnail\" alt=\"\" \/><\/a>\n\t\t\t\t<\/dt><\/dl><dl class='gallery-item'>\n\t\t\t\t<dt class='gallery-icon landscape'>\n\t\t\t\t\t<a class=\"rollover rollover-zoom dt-pswp-item\" title=\"b23\" data-dt-img-description=\"\" data-large_image_width=\"2560\" data-large_image_height=\"1685\"href='https:\/\/www.radiopiu.net\/wordpress\/wp-content\/uploads\/2022\/04\/b23-scaled.jpg'><img loading=\"lazy\" decoding=\"async\" width=\"150\" height=\"150\" src=\"https:\/\/www.radiopiu.net\/wordpress\/wp-content\/uploads\/2022\/04\/b23-150x150.jpg\" class=\"attachment-thumbnail size-thumbnail\" alt=\"\" \/><\/a>\n\t\t\t\t<\/dt><\/dl><br style=\"clear: both\" \/>\n\t\t\t<\/div>\n\n<p>&nbsp;<\/p>\n<hr \/>\n<p>&nbsp;<\/p>\n<p><strong>CHIUSURA PER UN GIORNO\u00a0<\/strong><\/p>\n<p><strong>BELLUNO<\/strong> L&#8217;<span dir=\"ltr\" role=\"presentation\">Archivio storico del Comune\u00a0 oggi <\/span><span dir=\"ltr\" role=\"presentation\">rester\u00e0 chiuso al pubblico\u00a0<\/span><\/p>\n<p>&nbsp;<\/p>\n<hr \/>\n<p>&nbsp;<\/p>\n<blockquote>\n<h3>SABATO 23 APRILE L&#8217;INAUGURAZIONE DELLA CASA NATALE DI PAPA LUCIANI CON UNA NUOVA STATUA DI CARLO BALLJANA<\/h3>\n<\/blockquote>\n<p><strong><a class=\"dt-pswp-item\" href=\"https:\/\/www.radiopiu.net\/wordpress\/wp-content\/uploads\/2022\/04\/Statua-papa-Luciani-con-scultore-Carlo-Balljana.jpg\" data-dt-img-description=\"\" data-large_image_width=\"1080\" data-large_image_height=\"1440\"><img loading=\"lazy\" decoding=\"async\" class=\"size-thumbnail wp-image-270573 alignleft\" src=\"https:\/\/www.radiopiu.net\/wordpress\/wp-content\/uploads\/2022\/04\/Statua-papa-Luciani-con-scultore-Carlo-Balljana-150x150.jpg\" alt=\"\" width=\"150\" height=\"150\" \/><\/a>CANALE D&#8217;AGORDO <\/strong>\u00a0Sabato 23 aprile, si terr\u00e0 la cerimonia ufficiale di inaugurazione della casa natale di papa Luciani dopo i lavori di ristrutturazione iniziati nel 2019. Gli interventi hanno interessato il rinnovo dell&#8217;impianto elettrico e idraulico, il rafforzamento dei solai, dei balconi e del tetto, il rifacimento degli steccati perimetrali del giardino, nonch\u00e9 il completo restauro della soffitta, ora adibita a nuova sala conferenze e video con annessi servizi.\u00a0 La giornata prender\u00e0 il via alle ore 10 presso la chiesa parrocchiale con un saluto da parte di mons. Renato Marangoni, vescovo di Belluno-Feltre, ed una introduzione di mons. Corrado Pizziolo, vescovo di Vittorio Veneto, al quale seguiranno gli interventi del cardinal Beniamino Stella, postulatore della causa di beatificazione; monsignor Francesco Moraglia, patriarca di Venezia; Flavio Colcergnan, sindaco di Canale d&#8217;Agordo; Gloria Manera, architetto responsabile della direzione lavori, e Loris Serafini, direttore del Musal. Moderer\u00e0 l&#8217;incontro don Mirco Miotto, referente diocesano per la Casa natale di papa Luciani. Nell&#8217;occasione inoltre il comune di Canale d&#8217;Agordo conferir\u00e0 la cittadinanza onoraria al cardinal Stella. In seguito ci si sposter\u00e0 presso la casa natale di papa Luciani dove, alle ore 11.15, si terr\u00e0 la benedizione dei lavori di restauro e verr\u00e0 inaugurata la statua in bronzo dedicata a Papa Luciani, donata dallo scultore trevigiano Carlo Balljana.\u00a0 \u00ab<em>L&#8217;opera \u2013 sottolinea Loris Serafini &#8211; rappresenta papa Luciani assieme alla ragazza che, grazie all\u2019intercessione del prossimo beato, guar\u00ec miracolosamente da una forma grave di malattia nel 2011 a Buenos Aires<\/em>\u00bb.<\/p>\n<p>&nbsp;<\/p>\n<p>&nbsp;<\/p>\n<hr \/>\n<p>&nbsp;<\/p>\n<blockquote>\n<h3><strong><a class=\"dt-pswp-item\" href=\"https:\/\/www.radiopiu.net\/wordpress\/wp-content\/uploads\/2022\/04\/MARC-Pieve-di-Cadore.jpg\" data-dt-img-description=\"\" data-large_image_width=\"678\" data-large_image_height=\"452\"><img loading=\"lazy\" decoding=\"async\" class=\" wp-image-270291 alignleft\" src=\"https:\/\/www.radiopiu.net\/wordpress\/wp-content\/uploads\/2022\/04\/MARC-Pieve-di-Cadore-150x150.jpg\" alt=\"\" width=\"95\" height=\"95\" \/><\/a>IL MARC CHIUSO FINO AL 1\u00b0 GIUGNO<\/strong><\/h3>\n<\/blockquote>\n<p><strong>PIEVE DI CADORE\u00a0<\/strong> Il Museo Archeologico Cadorino chiude le porte per un mese e mezzo per procedere alla riorganizzazione generale. Il grande pavimento musivo, finora esposto all\u2019ingresso del Palazzo della Magnifica Comunit\u00e0 di Cadore\u00e8 stato gi\u00e0 ricollocato e verr\u00e0 valorizzato dagli interventi in corso.<\/p>\n<p>&nbsp;<\/p>\n<hr \/>\n<p>&nbsp;<\/p>\n<blockquote>\n<h3>OGGI IL CONSIGLIO COMUNALE A CENCENIGHE<\/h3>\n<\/blockquote>\n<p><strong>CENCENIGHE<\/strong> Il sindaco di Cencenighe Mauro Soppelsa ha convocato il consiglio comunale per stasera alle 20:30. Otto i punti da discutere tra cui l&#8217;imposta municipale propria (IMU), l&#8217;approvazione del documento unico di programmazione, il bilancio 2022-2024, i debiti fuori bilancio, la modifica del regolamento di circolazione sulle strade silvo-pastorali e il bilancio di ASCA.<\/p>\n<p>&nbsp;<\/p>\n<p>&nbsp;<\/p>\n<hr \/>\n<p>&nbsp;<\/p>\n<p><strong>ARABBA.. SCIARE FINO A PASQUA<\/strong><\/p>\n<blockquote>\n<div class=\"\">\n<div class=\"\"><i class=\"\">Ma chi l&#8217;ha detto che a Pasqua \u00e8 troppo tardi per sciare? Ad Arabba \u00e8 possibile! Gli impianti di Porta Vescovo e del Passo Pordoi sono aperti tutti i giorni fino a\u00a0<span dir=\"ltr\">luned\u00ec 18 aprile<\/span>\u00a0compreso, per permettere a tutti gli amanti dello sci di farsi un&#8217;ultima sciata anche con l&#8217;arrivo della primavera! Piste vere per sciatori veri, ma anche un&#8217;ultima occasione per passare una giornata in quota tra le vette pi\u00f9 affascinanti delle Dolomiti.\u00a0<\/i><i class=\"\">Info e prezzi su\u00a0<a class=\"\" href=\"http:\/\/www.arabba.it\/\">www.arabba.it<\/a>\u00a0<\/i><\/div>\n<\/div>\n<\/blockquote>\n<p>&nbsp;<\/p>\n<hr \/>\n<p>&nbsp;<\/p>\n<blockquote>\n<h3><a class=\"dt-pswp-item\" href=\"https:\/\/www.radiopiu.net\/wordpress\/wp-content\/uploads\/2022\/04\/don-claudio.jpg\" data-dt-img-description=\"\" data-large_image_width=\"250\" data-large_image_height=\"352\"><img loading=\"lazy\" decoding=\"async\" class=\"size-thumbnail wp-image-270672 alignleft\" src=\"https:\/\/www.radiopiu.net\/wordpress\/wp-content\/uploads\/2022\/04\/don-claudio-150x150.jpg\" alt=\"\" width=\"150\" height=\"150\" \/><\/a>DON CLAUDIO E LA LUNA, IL LIBRO DI FABIO RUFUS BRISTOT<\/h3>\n<p><strong style=\"font-size: 14px;\">CALALZO<\/strong><span style=\"font-size: 14px; font-weight: normal;\"> Oggi alle 20.45 nella sala consiliare\u00a0 Fabio Rufus Bristot presenta il libro racconto su Don Claudio Sacco Sonador, il prete dello sci estremo. Ingresso gratuito esibendo il green pass, obbligo di mascherina. Organizza la proloco di Calalzo.<\/span><\/p><\/blockquote>\n<p>&nbsp;<\/p>\n<p>&nbsp;<\/p>\n<hr \/>\n<blockquote>\n<h3><\/h3>\n<h3>IL CORO MONTE DOLADA IN CONCERTO PER LA PACE<\/h3>\n<\/blockquote>\n<p><strong>BELLUNO<\/strong> \u201cConcerto per la pace\u201d. Questo il titolo dell\u2019evento che il Coro Monte Dolada e la Caritas Diocesana &#8211; sezione Alpago, organizzano per domenica 24 aprile, con inizio alle ore 20.30, nella chiesa parrocchiale di Puos di Alpago. L\u2019ingresso \u00e8 libero con il rispetto delle vigenti norme anti pandemia (mascherina).<\/p>\n<p>&nbsp;<\/p>\n<p>&nbsp;<\/p>\n<hr \/>\n<p>&nbsp;<\/p>\n<blockquote>\n<h3>SACRA RAPPRESENTAZIONE DEL CALVARIO A TAMBRE<\/h3>\n<\/blockquote>\n<p><strong>TAMBRE<\/strong> Oggi alle 20.30 in piazza sacra rappresentazione della Via Crucis, un appuntamento che da molti anni si ripete con intensit\u00e0 e coinvolgimento sia dei protagonisti che del pubblico che accorre ad assistere alla rievocazione delle ultime ore della vita di Cristo. La rappresentazione della Via Crucis\u00a0 \u00e8 arricchita da dialoghi dal vivo tra i principali protagonisti, scenografie di grandi dimensioni, costumi curati nei dettagli, un numero considerevole di personaggi, tra cui numerosi sono i giovani e i bambini. Le scene si svolgeranno tra i luoghi pi\u00f9 suggestivi del paese con un itinerario che permette al pubblico di seguire da vicino le varie scene<\/p>\n<p>&nbsp;<\/p>\n<p>&nbsp;<\/p>\n<hr \/>\n<p>&nbsp;<\/p>\n<blockquote>\n<h3>TRE GIORNI DI FESTA A LA VALLE IN OCCASIONE DE L&#8217;OM SELVARECH<\/h3>\n<\/blockquote>\n<p><strong><a class=\"dt-pswp-item\" href=\"https:\/\/www.radiopiu.net\/wordpress\/wp-content\/uploads\/2022\/04\/Schermata-2022-04-10-alle-13.55.47.png\" data-dt-img-description=\"\" data-large_image_width=\"1056\" data-large_image_height=\"480\"><img loading=\"lazy\" decoding=\"async\" class=\" wp-image-269847 alignleft\" src=\"https:\/\/www.radiopiu.net\/wordpress\/wp-content\/uploads\/2022\/04\/Schermata-2022-04-10-alle-13.55.47-300x136.png\" alt=\"\" width=\"201\" height=\"91\" srcset=\"https:\/\/www.radiopiu.net\/wordpress\/wp-content\/uploads\/2022\/04\/Schermata-2022-04-10-alle-13.55.47-300x136.png 300w, https:\/\/www.radiopiu.net\/wordpress\/wp-content\/uploads\/2022\/04\/Schermata-2022-04-10-alle-13.55.47-1024x465.png 1024w, https:\/\/www.radiopiu.net\/wordpress\/wp-content\/uploads\/2022\/04\/Schermata-2022-04-10-alle-13.55.47-768x349.png 768w, https:\/\/www.radiopiu.net\/wordpress\/wp-content\/uploads\/2022\/04\/Schermata-2022-04-10-alle-13.55.47.png 1056w\" sizes=\"auto, (max-width: 201px) 100vw, 201px\" \/><\/a>LA VALLE<\/strong> Saranno tre giorni intensi a La Valle con la Festa del L&#8217;Om Selvarech. La Pro Loco di La valle ha organizzato la festa per il 23-24-25 aprile. Sabato 23 alle 20:30 presso la sala Valmassoni (ex caselo) una serata con William Da Roit e Luca De Zorzi per parlare del giro del mondo con gli sci di fondo. Domenica 24 sotto al tendone in localit\u00e0 Conaggia musica con DJ Jack e il concerto degli RH Negativo. Luned\u00ec 25 si inizia al mattino alle 9:30 con il mercatino artigianale sotto al tendone, alle 10 la gara podistica &#8220;Su e do per i coi&#8221; quarto Memorial Flavio De Cassai, alle 12 apertura stand gastronomico e a seguire la preparazione e la sfilata dei pop de l&#8217;om selvarech. Alle 19 la Cota offerta dalla pro loco, alle 20 la lettura del testamento e a seguire il fal\u00f2 de l&#8217;om selvarech. Serata in musica con Eros e Karin.<\/p>\n<p>&nbsp;<\/p>\n<p>&nbsp;<\/p>\n<hr \/>\n<p>&nbsp;<\/p>\n<blockquote>\n<h3>OHANNES GUREKIAN: UN PROGETTISTA ARMENO DELLE DOLOMITI<\/h3>\n<\/blockquote>\n<p><strong>BELLUNO<\/strong> Sono due gli eventi in programma a Belluno organizzati dalla Fondazione Architettura Belluno Dolomiti su Ohann\u00e8s Gurekian. Venerd\u00ec 22 aprile il convegno dalle 15 alle 18 al Museo Fulcis per parlare del progettista armeno delle Dolomiti. Sempre al Museo Fulcis dal 22 aprile al 8 maggio la mostra con 20 pannelli fotografici. L&#8217;esposizione sar\u00e0 aperta marted\u00ec, mercoled\u00ec e venerd\u00ec dalle 9:30 alle 12:30 e dalle 15:30 alle 18:30. Il gioved\u00ec solo al pomeriggio. Sabato Domenica e festivi orario continuato dalle 10 alle 18:30<\/p>\n<p>&nbsp;<\/p>\n<p>&nbsp;<\/p>\n<hr \/>\n<p>&nbsp;<\/p>\n<blockquote>\n<h3>TIRATAIE I GIORNI DELLA RIPARTENZA, LIVE AD AGORDO<\/h3>\n<\/blockquote>\n<p><strong>I\u00a0 TIRATAIE<\/strong> sono\u00a0 un gruppo di musica folk\u2019n\u2019roll che ormai da qualche anno, allietano e riempiono di allegria le feste e le sagre delle Dolomiti. Attivi dal 2008 si sono fatti le ossa nelle osterie e nelle sagre della Val del Biois, la loro \u00a0terra di origine, e propongono un repertorio di canzoni originali o cover divertenti e spregiudicate che rispecchiano quella che \u00e8 la vita nelle Dolomiti. Un occhio di riguardo alla tradizione e al dialetto, la lingua madre, ma con l\u2019obiettivo principale di divertirsi e far divertire:<\/p>\n<p><strong><em>\u00a0L&#8217;INTERVISTA DI MARCO GAZ in onda allo zero termico oggi alle 15.10 replica 20.30\u00a0<\/em><\/strong><\/p>\n<p>OSPITI Paolo Vedova e Alessio Tomaselli &#8220;Bus&#8221;<\/p>\n<blockquote><p><strong>ANTICIPAZIONE VIDEO<\/strong><\/p><\/blockquote>\n<div style=\"width: 848px;\" class=\"wp-video\"><video class=\"wp-video-shortcode\" id=\"video-270523-1\" width=\"848\" height=\"480\" preload=\"metadata\" controls=\"controls\"><source type=\"video\/mp4\" src=\"https:\/\/www.radiopiu.net\/wordpress\/wp-content\/uploads\/2022\/04\/WhatsApp-Video-2022-04-13-at-20.28.56.mp4?_=1\" \/><a href=\"https:\/\/www.radiopiu.net\/wordpress\/wp-content\/uploads\/2022\/04\/WhatsApp-Video-2022-04-13-at-20.28.56.mp4\">https:\/\/www.radiopiu.net\/wordpress\/wp-content\/uploads\/2022\/04\/WhatsApp-Video-2022-04-13-at-20.28.56.mp4<\/a><\/video><\/div>\n<p>&nbsp;<\/p>\n<p>&nbsp;<\/p>\n<p>&nbsp;<\/p>\n<hr \/>\n<h2><span style=\"color: #ff6600;\">\u00a0\u00a0<\/span><\/h2>\n<blockquote><p><strong>COLORI E SAPORI DI PRIMAVERA A SEDICO &#8211; 24 PAGINE<\/strong><\/p><\/blockquote>\n<a href=\"https:\/\/www.radiopiu.net\/wordpress\/wp-content\/uploads\/2022\/04\/Pro-Loco-Sedico-Colori-sapori-profumi-di-primavera-opuscolo-2022.pdf\" class=\"pdfemb-viewer\" style=\"\" data-width=\"max\" data-height=\"max\" data-toolbar=\"top\" data-toolbar-fixed=\"on\">Pro Loco Sedico Colori sapori profumi di primavera opuscolo 2022<\/a>\n<p>&nbsp;<\/p>\n<p>&nbsp;<\/p>\n<p>&nbsp;<\/p>\n<hr \/>\n<blockquote>\n<h3><\/h3>\n<h3>FINE STAGIONE A FORCELLA AURINE<\/h3>\n<\/blockquote>\n<p><strong>GOSALDO<\/strong> Domenica 24 aprile fine stagione a Forcella Aurine, dalle 11 degustazione vini con sommelier Massimo Lenzi con cicchetteria varia (azienda agricola Canop), esibizione dell&#8217;artista locale dell&#8217;intaglio legno con motosega, aperitivo con l&#8217;organet dello Zio Oscar. Alle 14 Jessica Lena in concerto, alle 16 Miniere Sunset ad alta quota con Dj Morgan<\/p>\n<p>&nbsp;<\/p>\n<p>&nbsp;<\/p>\n<hr \/>\n<p>&nbsp;<\/p>\n<blockquote>\n<h3>UNA SERATA DEDICATA AL FONDO, CON PREMIO IN TEMA<\/h3>\n<\/blockquote>\n<p><strong><a class=\"dt-pswp-item\" href=\"https:\/\/www.radiopiu.net\/wordpress\/wp-content\/uploads\/2022\/04\/278335723_2815797782058853_4239981657481165992_n.jpg\" data-dt-img-description=\"\" data-large_image_width=\"526\" data-large_image_height=\"800\"><img loading=\"lazy\" decoding=\"async\" class=\" wp-image-270135 alignleft\" src=\"https:\/\/www.radiopiu.net\/wordpress\/wp-content\/uploads\/2022\/04\/278335723_2815797782058853_4239981657481165992_n-197x300.jpg\" alt=\"\" width=\"97\" height=\"147\" srcset=\"https:\/\/www.radiopiu.net\/wordpress\/wp-content\/uploads\/2022\/04\/278335723_2815797782058853_4239981657481165992_n-197x300.jpg 197w, https:\/\/www.radiopiu.net\/wordpress\/wp-content\/uploads\/2022\/04\/278335723_2815797782058853_4239981657481165992_n.jpg 526w\" sizes=\"auto, (max-width: 97px) 100vw, 97px\" \/><\/a>LA VALLE <\/strong>Quando non s&#8217;infarina le mani mentre impasta il pane,\u00a0 infila le scarpe e corre, molto meglio del Tom Hanks di Forrest Gump di Robert Zemeckis. Quando s&#8217;infarina le mani di notte per preparare le colombe pasquali (visto che siamo in tema) pensa,\u00a0 e da buon pensatore positivo l&#8217;altra notte mentre rimirava gli sci da fondo e i bastoncini usati nell&#8217;ultimo impresa,\u00a0 alla <a class=\"oajrlxb2 g5ia77u1 qu0x051f esr5mh6w e9989ue4 r7d6kgcz rq0escxv nhd2j8a9 nc684nl6 p7hjln8o kvgmc6g5 cxmmr5t8 oygrvhab hcukyx3x jb3vyjys rz4wbd8a qt6c0cv9 a8nywdso i1ao9s8h esuyzwwr f1sip0of lzcic4wl gpro0wi8 q66pz984 b1v8xokw\" tabindex=\"0\" role=\"link\" href=\"https:\/\/www.facebook.com\/groups\/337996158078876\/?__cft__[0]=AZUSMfvAkoiLbo1IyWnb0gOdK7QFtKgSMKJSo28i4OaDy7VpMdkmziqaHraUqtT-sEI5Tfc-Vdssr4dU3rdV4B0_rYnxO1SMMsoAu2i1XU1q6HeqHIJQcQaKvAjl520x8aRXFZKvrBvjEGrEoa3dsUaY&amp;__tn__=-UK-R\"><span class=\"nc684nl6\">Jubileumsvasan 2022<\/span><\/a>, la <a class=\"oajrlxb2 g5ia77u1 qu0x051f esr5mh6w e9989ue4 r7d6kgcz rq0escxv nhd2j8a9 nc684nl6 p7hjln8o kvgmc6g5 cxmmr5t8 oygrvhab hcukyx3x jb3vyjys rz4wbd8a qt6c0cv9 a8nywdso i1ao9s8h esuyzwwr f1sip0of lzcic4wl gpro0wi8 q66pz984 b1v8xokw\" tabindex=\"0\" role=\"link\" href=\"https:\/\/www.facebook.com\/vasaloppetofficial\/?__cft__[0]=AZUSMfvAkoiLbo1IyWnb0gOdK7QFtKgSMKJSo28i4OaDy7VpMdkmziqaHraUqtT-sEI5Tfc-Vdssr4dU3rdV4B0_rYnxO1SMMsoAu2i1XU1q6HeqHIJQcQaKvAjl520x8aRXFZKvrBvjEGrEoa3dsUaY&amp;__tn__=kK-R\"><span class=\"nc684nl6\">Vasaloppet<\/span><\/a> storica del febbraio scorso, ha sortito l&#8217;idea <em>&#8220;Ho pensato di fare un giochino e regalare una \u00a0focaccia al cioccolato al fortunato, o alla fortunata che indoviner\u00e0 il peso esatto dell&#8217;attrezzatura storica: sci e bastoncini&#8221;<\/em>. Per partecipare al gioco \u00e8 possibile scrivere su facebook a WIlliam Da Roit <a href=\"https:\/\/www.facebook.com\/profile.php?id=100008859767493\">CLICCA QUI<\/a> \u00a0La pesatura avverr\u00e0 in diretta fb\/Instagram durante la serata dedicata allo sci di fondo che si svolger\u00e0 sabato 23 aprile a La Valle Agordina organizzata dalla locale \u00a0<a class=\"oajrlxb2 g5ia77u1 qu0x051f esr5mh6w e9989ue4 r7d6kgcz rq0escxv nhd2j8a9 nc684nl6 p7hjln8o kvgmc6g5 cxmmr5t8 oygrvhab hcukyx3x jb3vyjys rz4wbd8a qt6c0cv9 a8nywdso i1ao9s8h esuyzwwr f1sip0of lzcic4wl gpro0wi8 q66pz984 b1v8xokw\" tabindex=\"0\" role=\"link\" href=\"https:\/\/www.facebook.com\/prolocolaval\/?__cft__[0]=AZUSMfvAkoiLbo1IyWnb0gOdK7QFtKgSMKJSo28i4OaDy7VpMdkmziqaHraUqtT-sEI5Tfc-Vdssr4dU3rdV4B0_rYnxO1SMMsoAu2i1XU1q6HeqHIJQcQaKvAjl520x8aRXFZKvrBvjEGrEoa3dsUaY&amp;__tn__=kK-R\"><span class=\"nc684nl6\">Pro Loco La Valle Agordina &#8211; Dolomiti<\/span><\/a><\/p>\n<p>&nbsp;<\/p>\n<hr \/>\n<p>&nbsp;<\/p>\n<h2><span style=\"color: #ff0000;\">IERI ALLA RADIO<\/span><\/h2>\n<h2><span style=\"color: #808000;\">ALLO ZERO TERMICO: LORENZO CAGNATI E LA NUOVA STAGIONE DELLA CORSA IN MONTAGNA<\/span><\/h2>\n<blockquote><p><em class=\"photoswipe-wrapper\"><a class=\"dt-pswp-item\" href=\"https:\/\/www.radiopiu.net\/wordpress\/wp-content\/uploads\/2019\/11\/LORENZO-CAGNATI-2019-2.jpeg\" data-dt-img-description=\"\" data-large_image_width=\"640\" data-large_image_height=\"640\"><img loading=\"lazy\" decoding=\"async\" class=\"size-thumbnail wp-image-107629 alignleft\" src=\"https:\/\/www.radiopiu.net\/wordpress\/wp-content\/uploads\/2019\/11\/LORENZO-CAGNATI-2019-2-150x150.jpeg\" alt=\"\" width=\"150\" height=\"150\" srcset=\"https:\/\/www.radiopiu.net\/wordpress\/wp-content\/uploads\/2019\/11\/LORENZO-CAGNATI-2019-2-150x150.jpeg 150w, https:\/\/www.radiopiu.net\/wordpress\/wp-content\/uploads\/2019\/11\/LORENZO-CAGNATI-2019-2-300x300.jpeg 300w, https:\/\/www.radiopiu.net\/wordpress\/wp-content\/uploads\/2019\/11\/LORENZO-CAGNATI-2019-2.jpeg 640w\" sizes=\"auto, (max-width: 150px) 100vw, 150px\" \/><\/a>ZERO TERMICO E\u2019 UN VIAGGIO ALLA SCOPERTA DEL NOSTRO TERRITORIO, DALLA VOCE DEI PROTAGONISTI. TURISMO, SPORT, EVENTI, CULTURA, INTRATTENIMENTO. DAL LUNEDI\u2019 AL VENERDI ALLE 15.10 ALLE 20.30. ZERO TERMICO. UN APPUNTAMENTO IN COLLABORAZIONE CON: SPORT 203. LA NATURALE PORTA D\u2019INGRESSO\u2026.VERSO LO ZERO TERMICO. LOCALITA\u2019 LE CAMPE STRADA AGORDO BELLUNO. ABBIGLIAMENTO E ATTREZZATURA\u2026.DEDICATI A CHI AMA LA MONTAGNA.<\/em><\/p><\/blockquote>\n<p>di\u00a0 CLAUDIO FONTANIVE<\/p>\n<audio class=\"wp-audio-shortcode\" id=\"audio-270523-10\" preload=\"none\" style=\"width: 100%;\" controls=\"controls\"><source type=\"audio\/mpeg\" src=\"https:\/\/www.radiopiu.net\/wordpress\/wp-content\/uploads\/2022\/04\/lorenzo-cognati-14-aprile.mp3?_=10\" \/><a href=\"https:\/\/www.radiopiu.net\/wordpress\/wp-content\/uploads\/2022\/04\/lorenzo-cognati-14-aprile.mp3\">https:\/\/www.radiopiu.net\/wordpress\/wp-content\/uploads\/2022\/04\/lorenzo-cognati-14-aprile.mp3<\/a><\/audio>\n<p>&nbsp;<\/p>\n<hr \/>\n<p>&nbsp;<\/p>\n<h2><span style=\"color: #008080;\"><a class=\"dt-pswp-item\" href=\"https:\/\/www.radiopiu.net\/wordpress\/wp-content\/uploads\/2022\/04\/musla.jpg\" data-dt-img-description=\"\" data-large_image_width=\"300\" data-large_image_height=\"133\"><img loading=\"lazy\" decoding=\"async\" class=\"wp-image-270273 alignleft\" src=\"https:\/\/www.radiopiu.net\/wordpress\/wp-content\/uploads\/2022\/04\/musla.jpg\" alt=\"\" width=\"208\" height=\"92\" \/><\/a> <\/span><\/h2>\n<h2><span style=\"color: #008080;\">\u00a0<\/span><\/h2>\n<h2><span style=\"color: #008080;\">&#8220;DINTORN E FORA VIA&#8221; A CURA DEL MUSLA, IL NUOVO PROGRAMMA\u00a0<\/span><\/h2>\n<h2><span style=\"color: #008080;\"><a class=\"dt-pswp-item\" href=\"https:\/\/www.radiopiu.net\/wordpress\/wp-content\/uploads\/2022\/04\/c7535e80-72ff-47e9-8adf-07d3ae509b19.jpg\" data-dt-img-description=\"\" data-large_image_width=\"573\" data-large_image_height=\"186\"><img loading=\"lazy\" decoding=\"async\" class=\"wp-image-270292 alignleft\" src=\"https:\/\/www.radiopiu.net\/wordpress\/wp-content\/uploads\/2022\/04\/c7535e80-72ff-47e9-8adf-07d3ae509b19-300x97.jpg\" alt=\"\" width=\"226\" height=\"73\" srcset=\"https:\/\/www.radiopiu.net\/wordpress\/wp-content\/uploads\/2022\/04\/c7535e80-72ff-47e9-8adf-07d3ae509b19-300x97.jpg 300w, https:\/\/www.radiopiu.net\/wordpress\/wp-content\/uploads\/2022\/04\/c7535e80-72ff-47e9-8adf-07d3ae509b19.jpg 573w\" sizes=\"auto, (max-width: 226px) 100vw, 226px\" \/><\/a><\/span><\/h2>\n<p>&nbsp;<\/p>\n<p>&nbsp;<\/p>\n<p>&nbsp;<\/p>\n<p><strong>PUNTATA DEL 12 APRILE 2022<\/strong><\/p>\n<p><strong>BEATRICE COLCUC<\/strong><\/p>\n<audio class=\"wp-audio-shortcode\" id=\"audio-270523-11\" preload=\"none\" style=\"width: 100%;\" controls=\"controls\"><source type=\"audio\/mpeg\" src=\"https:\/\/www.radiopiu.net\/wordpress\/wp-content\/uploads\/2022\/04\/MUSLA.mp3?_=11\" \/><a href=\"https:\/\/www.radiopiu.net\/wordpress\/wp-content\/uploads\/2022\/04\/MUSLA.mp3\">https:\/\/www.radiopiu.net\/wordpress\/wp-content\/uploads\/2022\/04\/MUSLA.mp3<\/a><\/audio>\n<p>&nbsp;<\/p>\n<p>&nbsp;<\/p>\n<p>&nbsp;<\/p>\n<hr \/>\n<p>&nbsp;<\/p>\n<div>\n<div class=\"b654a4as d2edcug0\">\n<div class=\"rq0escxv hkbzh7o3 jwdofwj8 n8tt0mok r8blr3vg hyh9befq\">\n<p><a class=\"dt-pswp-item\" href=\"https:\/\/www.radiopiu.net\/wordpress\/wp-content\/uploads\/2020\/10\/pp.jpg\" data-dt-img-description=\"\" data-large_image_width=\"640\" data-large_image_height=\"640\"><img loading=\"lazy\" decoding=\"async\" class=\"wp-image-163678 alignleft\" src=\"https:\/\/www.radiopiu.net\/wordpress\/wp-content\/uploads\/2020\/10\/pp-300x300.jpg\" alt=\"\" width=\"106\" height=\"106\" srcset=\"https:\/\/www.radiopiu.net\/wordpress\/wp-content\/uploads\/2020\/10\/pp-300x300.jpg 300w, https:\/\/www.radiopiu.net\/wordpress\/wp-content\/uploads\/2020\/10\/pp-150x150.jpg 150w, https:\/\/www.radiopiu.net\/wordpress\/wp-content\/uploads\/2020\/10\/pp-125x125.jpg 125w, https:\/\/www.radiopiu.net\/wordpress\/wp-content\/uploads\/2020\/10\/pp-200x200.jpg 200w, https:\/\/www.radiopiu.net\/wordpress\/wp-content\/uploads\/2020\/10\/pp-80x80.jpg 80w, https:\/\/www.radiopiu.net\/wordpress\/wp-content\/uploads\/2020\/10\/pp-480x480.jpg 480w, https:\/\/www.radiopiu.net\/wordpress\/wp-content\/uploads\/2020\/10\/pp.jpg 640w\" sizes=\"auto, (max-width: 106px) 100vw, 106px\" \/><\/a><\/p>\n<\/div>\n<\/div>\n<\/div>\n<div>\n<div class=\"page-title-head hgroup\">\n<div class=\"page-title-head hgroup\">\n<div class=\"b654a4as d2edcug0\">\n<div class=\"j83agx80 btwxx1t3 lhclo0ds hop8lmos nkwizq5d scwd0bx6 roh60bw9\">\n<div class=\"rq0escxv hkbzh7o3 jwdofwj8 n8tt0mok r8blr3vg hyh9befq\">\n<div class=\"do00u71z l9j0dhe7 k4urcfbm\">\n<h2><span style=\"color: #000080;\">DON CESARE, IL PENSIERO DEL GIORNO. ALLA RADIO ALLE 7 DEL MATTINO E ALLE 19.30 DELLA SERA.\u00a0<\/span><\/h2>\n<p>&nbsp;<\/p>\n<\/div>\n<\/div>\n<\/div>\n<\/div>\n<\/div>\n<\/div>\n<\/div>\n<audio class=\"wp-audio-shortcode\" id=\"audio-270523-12\" preload=\"none\" style=\"width: 100%;\" controls=\"controls\"><source type=\"audio\/mpeg\" src=\"https:\/\/www.radiopiu.net\/wordpress\/wp-content\/uploads\/2022\/04\/CESARE-5.mp3?_=12\" \/><a href=\"https:\/\/www.radiopiu.net\/wordpress\/wp-content\/uploads\/2022\/04\/CESARE-5.mp3\">https:\/\/www.radiopiu.net\/wordpress\/wp-content\/uploads\/2022\/04\/CESARE-5.mp3<\/a><\/audio>\n<p><strong>ALLA RADIO: DOMENICA ALLE 10 DIRETTA RADIO (IN STREAMING IN TUTTO IL MONDO SU www.radiopiu.net LA MESSA DALL&#8217;ARCIDIACONALE DI AGORDO, LUNEDI DI PASQUETTA ALLE 10 LA MESSA DA PROMPICAI DI AGORDO, MESSA DEL FANCIULLO.\u00a0<\/strong><\/p>\n<a href=\"https:\/\/www.radiopiu.net\/wordpress\/wp-content\/uploads\/2022\/04\/Messa-San-Vincenzo.pdf\" class=\"pdfemb-viewer\" style=\"\" data-width=\"max\" data-height=\"max\" data-toolbar=\"top\" data-toolbar-fixed=\"on\">Messa San Vincenzo<\/a>\n<hr \/>\n<p>&nbsp;<\/p>\n<h3 class=\"kvgmc6g5 cxmmr5t8 oygrvhab hcukyx3x c1et5uql\"><span style=\"color: #0000ff;\"><strong>INFORMAZIONE il canale su TELEGRAM informazione di prima mano e in tempo reale. iscriviti ed aiutaci a farlo conoscere\u00a0 \u00a0<\/strong><\/span><\/h3>\n<p><strong>LA RACCOLTA COMPLETA\u00a0<\/strong><\/p>\n<blockquote class=\"wp-embedded-content\" data-secret=\"sUUW5JxDpH\"><p><a href=\"https:\/\/www.radiopiu.net\/wordpress\/007incondotta-9\/\">007 in condotta<\/a><\/p><\/blockquote>\n<p><iframe loading=\"lazy\" class=\"wp-embedded-content\" sandbox=\"allow-scripts\" security=\"restricted\" style=\"position: absolute; clip: rect(1px, 1px, 1px, 1px);\" title=\"&#8220;007 in condotta&#8221; &#8212; Radio Pi\u00f9\" src=\"https:\/\/www.radiopiu.net\/wordpress\/007incondotta-9\/embed\/#?secret=PQGbTTnL1F#?secret=sUUW5JxDpH\" data-secret=\"sUUW5JxDpH\" width=\"600\" height=\"338\" frameborder=\"0\" marginwidth=\"0\" marginheight=\"0\" scrolling=\"no\"><\/iframe><\/p>\n<p>&nbsp;<\/p>\n<hr \/>\n<p>&nbsp;<\/p>\n<div class=\"do00u71z l9j0dhe7 k4urcfbm\">\n<div class=\"page-title-head hgroup\">\n<div class=\"page-title-head hgroup\">\n<div class=\"b654a4as d2edcug0\">\n<div class=\"j83agx80 btwxx1t3 lhclo0ds hop8lmos nkwizq5d scwd0bx6 roh60bw9\">\n<div class=\"rq0escxv hkbzh7o3 jwdofwj8 n8tt0mok r8blr3vg hyh9befq\">\n<div class=\"do00u71z l9j0dhe7 k4urcfbm\">\n<div class=\"page-title-head hgroup\">\n<div class=\"page-title-head hgroup\">\n<div class=\"b654a4as d2edcug0\">\n<div class=\"j83agx80 btwxx1t3 lhclo0ds hop8lmos nkwizq5d scwd0bx6 roh60bw9\">\n<div class=\"rq0escxv hkbzh7o3 jwdofwj8 n8tt0mok r8blr3vg hyh9befq\">\n<div class=\"do00u71z l9j0dhe7 k4urcfbm\">\n<div class=\"ecm0bbzt e5nlhep0 a8c37x1j\">\n<div class=\"kvgmc6g5 cxmmr5t8 oygrvhab hcukyx3x c1et5uql\">\n<div class=\"gmail-kvgmc6g5 gmail-cxmmr5t8 gmail-oygrvhab gmail-hcukyx3x gmail-c1et5uql gmail-ii04i59q\">\n<div class=\"page-title-head hgroup\">\n<div class=\"page-title-head hgroup\">\n<div class=\"b654a4as d2edcug0\">\n<div class=\"j83agx80 btwxx1t3 lhclo0ds hop8lmos nkwizq5d scwd0bx6 roh60bw9\">\n<div class=\"rq0escxv hkbzh7o3 jwdofwj8 n8tt0mok r8blr3vg hyh9befq\">\n<div class=\"do00u71z l9j0dhe7 k4urcfbm\">\n<div class=\"page-title-head hgroup\">\n<div class=\"page-title-head hgroup\">\n<div class=\"b654a4as d2edcug0\">\n<div class=\"j83agx80 btwxx1t3 lhclo0ds hop8lmos nkwizq5d scwd0bx6 roh60bw9\">\n<div class=\"rq0escxv hkbzh7o3 jwdofwj8 n8tt0mok r8blr3vg hyh9befq\">\n<div class=\"do00u71z l9j0dhe7 k4urcfbm\">\n<div class=\"page-title-head hgroup\">\n<div class=\"page-title-head hgroup\">\n<div class=\"b654a4as d2edcug0\">\n<div class=\"j83agx80 btwxx1t3 lhclo0ds hop8lmos nkwizq5d scwd0bx6 roh60bw9\">\n<div class=\"rq0escxv hkbzh7o3 jwdofwj8 n8tt0mok r8blr3vg hyh9befq\">\n<div class=\"do00u71z l9j0dhe7 k4urcfbm\">\n<div class=\"ecm0bbzt e5nlhep0 a8c37x1j\">\n<div class=\"kvgmc6g5 cxmmr5t8 oygrvhab hcukyx3x c1et5uql\">\n<div class=\"gmail-kvgmc6g5 gmail-cxmmr5t8 gmail-oygrvhab gmail-hcukyx3x gmail-c1et5uql gmail-ii04i59q\">\n<div class=\"page-title-head hgroup\">\n<div class=\"page-title-head hgroup\">\n<div class=\"b654a4as d2edcug0\">\n<div class=\"j83agx80 btwxx1t3 lhclo0ds hop8lmos nkwizq5d scwd0bx6 roh60bw9\">\n<div class=\"rq0escxv hkbzh7o3 jwdofwj8 n8tt0mok r8blr3vg hyh9befq\">\n<div class=\"do00u71z l9j0dhe7 k4urcfbm\">\n<blockquote>\n<h3><span style=\"color: #ff0000;\">IN VIVO VERSO, SETTIMA STAGIONE CON BRUNELLA MORO, DAL LUNEDI AL VENERDI ALLE 7.10, 10.10 E 18.50\u00a0\u00a0<\/span><\/h3>\n<h3>FINALMENTE di MICHELA GALLO<\/h3>\n<\/blockquote>\n<p>AUDIO<\/p>\n<audio class=\"wp-audio-shortcode\" id=\"audio-270523-13\" preload=\"none\" style=\"width: 100%;\" controls=\"controls\"><source type=\"audio\/mpeg\" src=\"https:\/\/www.radiopiu.net\/wordpress\/wp-content\/uploads\/2022\/04\/04-MICHELA-GALLO-FINALMENTE.mp3?_=13\" \/><a href=\"https:\/\/www.radiopiu.net\/wordpress\/wp-content\/uploads\/2022\/04\/04-MICHELA-GALLO-FINALMENTE.mp3\">https:\/\/www.radiopiu.net\/wordpress\/wp-content\/uploads\/2022\/04\/04-MICHELA-GALLO-FINALMENTE.mp3<\/a><\/audio>\n<p><img loading=\"lazy\" decoding=\"async\" class=\"alignleft\" src=\"https:\/\/www.radiopiu.net\/wordpress\/wp-content\/uploads\/2022\/04\/FOTO-MICHELA-GALLO.jpg\" width=\"171\" height=\"137\" \/><strong>FINALMENTE<\/strong><\/p>\n<p>Stamattina mi sono alzata<br \/>\ne ho visto che finalmente non pioveva pi\u00f9!<br \/>\nQuel grigiore aveva cessato di esistere<br \/>\nsostituito da un\u2019ondata di<br \/>\nfreschezza, bellezza e aria nuova<br \/>\nche finalmente potevo<br \/>\nnotare, annusare e respirare<br \/>\nma dov\u2019eri finora?<br \/>\nForse ero io presa dalla pioggia<br \/>\ne non riuscivo a vederti.<\/p>\n<p>LA RACCOLTA COMPLETA<\/p>\n<p><strong>LA RACCOLTA COMPLETA\u00a0<\/strong><\/p>\n<blockquote class=\"wp-embedded-content\" data-secret=\"og0lK8Mgxp\"><p><a href=\"https:\/\/www.radiopiu.net\/wordpress\/in-vivo-verso\/\">In Vivo Verso<\/a><\/p><\/blockquote>\n<p><iframe loading=\"lazy\" class=\"wp-embedded-content\" sandbox=\"allow-scripts\" security=\"restricted\" style=\"position: absolute; clip: rect(1px, 1px, 1px, 1px);\" title=\"&#8220;In Vivo Verso&#8221; &#8212; Radio Pi\u00f9\" src=\"https:\/\/www.radiopiu.net\/wordpress\/in-vivo-verso\/embed\/#?secret=L5W0HydtNK#?secret=og0lK8Mgxp\" data-secret=\"og0lK8Mgxp\" width=\"600\" height=\"338\" frameborder=\"0\" marginwidth=\"0\" marginheight=\"0\" scrolling=\"no\"><\/iframe><\/p>\n<p>&nbsp;<\/p>\n<hr \/>\n<p>&nbsp;<\/p>\n<h3 class=\"entry-title\"><span style=\"color: #ff0000;\">GOCCE DI FILOSOFIA PUNTATA 179\u00a0 LISA DE LUCA<\/span><\/h3>\n<audio class=\"wp-audio-shortcode\" id=\"audio-270523-14\" preload=\"none\" style=\"width: 100%;\" controls=\"controls\"><source type=\"audio\/mpeg\" src=\"https:\/\/www.radiopiu.net\/wordpress\/wp-content\/uploads\/2022\/04\/FI4-1.mp3?_=14\" \/><a href=\"https:\/\/www.radiopiu.net\/wordpress\/wp-content\/uploads\/2022\/04\/FI4-1.mp3\">https:\/\/www.radiopiu.net\/wordpress\/wp-content\/uploads\/2022\/04\/FI4-1.mp3<\/a><\/audio>\n<p>&nbsp;<\/p>\n<p><strong>\u00a0<\/strong><strong>LA RACCOLTA COMPLETA<\/strong><\/p>\n<blockquote class=\"wp-embedded-content\" data-secret=\"Tifp8wKRqw\"><p><a href=\"https:\/\/www.radiopiu.net\/wordpress\/gocce-filosofia\/\">Gocce di filosofia, PRIMA E SECONDA STAGIONE 2022<\/a><\/p><\/blockquote>\n<p><iframe loading=\"lazy\" class=\"wp-embedded-content\" sandbox=\"allow-scripts\" security=\"restricted\" style=\"position: absolute; clip: rect(1px, 1px, 1px, 1px);\" title=\"&#8220;Gocce di filosofia, PRIMA E SECONDA STAGIONE 2022&#8221; &#8212; Radio Pi\u00f9\" src=\"https:\/\/www.radiopiu.net\/wordpress\/gocce-filosofia\/embed\/#?secret=4Jawsxt49j#?secret=Tifp8wKRqw\" data-secret=\"Tifp8wKRqw\" width=\"600\" height=\"338\" frameborder=\"0\" marginwidth=\"0\" marginheight=\"0\" scrolling=\"no\"><\/iframe><\/p>\n<p>&nbsp;<\/p>\n<hr \/>\n<p>&nbsp;<\/p>\n<p><span style=\"color: #0000ff;\">MUSICA PIU&#8217;\u00a0<\/span><\/p>\n<p><a href=\"https:\/\/www.radiopiu.net\/wordpress\/giornale-radiopiu-20-settembre-2021-direttore-mirko-mezzacasa\/pp-79\/\" rel=\"attachment wp-att-232921\"><img loading=\"lazy\" decoding=\"async\" class=\"wp-image-232921 alignleft\" src=\"https:\/\/www.radiopiu.net\/wordpress\/wp-content\/uploads\/2021\/09\/pp-1-300x300.jpg\" alt=\"\" width=\"135\" height=\"135\" srcset=\"https:\/\/www.radiopiu.net\/wordpress\/wp-content\/uploads\/2021\/09\/pp-1-300x300.jpg 300w, https:\/\/www.radiopiu.net\/wordpress\/wp-content\/uploads\/2021\/09\/pp-1-150x150.jpg 150w, https:\/\/www.radiopiu.net\/wordpress\/wp-content\/uploads\/2021\/09\/pp-1.jpg 640w\" sizes=\"auto, (max-width: 135px) 100vw, 135px\" \/><\/a><\/p>\n<div class=\"mkdf-post-text\">\n<div class=\"mkdf-post-text-inner\">\n<div class=\"mkdf-post-text-main\">\n<div class=\"mkdf-post-text\">\n<div class=\"mkdf-post-text-inner\">\n<div class=\"mkdf-post-text-main\">\n<div class=\"mkdf-post-text\">\n<div class=\"mkdf-post-text-inner\">\n<div class=\"mkdf-post-text-main\">\n<div class=\"page-title-head hgroup\">\n<div class=\"page-title-head hgroup\">\n<div class=\"mkdf-post-text\">\n<div class=\"mkdf-post-text-inner\">\n<div class=\"mkdf-post-text-main\">\n<div class=\"mkdf-post-text\">\n<div class=\"mkdf-post-text-inner\">\n<div class=\"mkdf-post-text-main\">\n<div class=\"page-title-head hgroup\">\n<div class=\"page-title-head hgroup\">\n<div class=\"page-title-head hgroup\">\n<div class=\"page-title-head hgroup\">\n<div class=\"b654a4as d2edcug0\">\n<div class=\"page-title-head hgroup\">\n<div class=\"page-title-head hgroup\">\n<div class=\"page-title-head hgroup\">\n<div class=\"page-title-head hgroup\">\n<div class=\"b654a4as d2edcug0\">\n<div class=\"page-title-head hgroup\">\n<div class=\"page-title-head hgroup\">\n<div class=\"page-title-head hgroup\">\n<div class=\"page-title-head hgroup\">\n<div class=\"b654a4as d2edcug0\">\n<div class=\"mkdf-post-text\">\n<div class=\"mkdf-post-text-inner\">\n<div class=\"mkdf-post-text-main\">\n<div class=\"mkdf-post-text\">\n<div class=\"mkdf-post-text-inner\">\n<div class=\"mkdf-post-text-main\">\n<div class=\"mkdf-post-text\">\n<div class=\"mkdf-post-text-inner\">\n<div class=\"mkdf-post-text-main\">\n<div class=\"page-title-head hgroup\">\n<div class=\"page-title-head hgroup\">\n<div class=\"mkdf-post-text\">\n<div class=\"mkdf-post-text-inner\">\n<div class=\"mkdf-post-text-main\">\n<div class=\"mkdf-post-text\">\n<div class=\"mkdf-post-text-inner\">\n<div class=\"mkdf-post-text-main\">\n<div class=\"page-title-head hgroup\">\n<div class=\"page-title-head hgroup\">\n<div class=\"page-title-head hgroup\">\n<div class=\"page-title-head hgroup\">\n<div class=\"b654a4as d2edcug0\">\n<div class=\"page-title-head hgroup\">\n<div class=\"page-title-head hgroup\">\n<div class=\"page-title-head hgroup\">\n<div class=\"page-title-head hgroup\">\n<div class=\"b654a4as d2edcug0\">\n<div class=\"page-title-head hgroup\">\n<div class=\"page-title-head hgroup\">\n<div class=\"page-title-head hgroup\">\n<div class=\"page-title-head hgroup\">\n<div class=\"b654a4as d2edcug0\">\n<div><\/div>\n<div><\/div>\n<div>\n<p><strong>MUSICA ALLA RADIO, IL PROGRAMMA DI LORIS SCUSSEL &#8220;COLLAGE OPERAZIONE NOSTALGIA&#8221; DAL LUNEDI AL VENERDI ALLE 16.00\u00a0 E ALLE 23\u00a0<\/strong><\/p>\n<p>&nbsp;<\/p>\n<\/div>\n<p><em><strong>PUNTATA 584 DEL 14 APRILE 2022<\/strong><\/em><\/p>\n<audio class=\"wp-audio-shortcode\" id=\"audio-270523-15\" preload=\"none\" style=\"width: 100%;\" controls=\"controls\"><source type=\"audio\/mpeg\" src=\"https:\/\/www.radiopiu.net\/wordpress\/wp-content\/uploads\/2022\/04\/Collage-584.mp3?_=15\" \/><a href=\"https:\/\/www.radiopiu.net\/wordpress\/wp-content\/uploads\/2022\/04\/Collage-584.mp3\">https:\/\/www.radiopiu.net\/wordpress\/wp-content\/uploads\/2022\/04\/Collage-584.mp3<\/a><\/audio>\n<p>&nbsp;<\/p>\n<p><strong><a class=\"dt-pswp-item\" href=\"https:\/\/www.radiopiu.net\/wordpress\/wp-content\/uploads\/2022\/04\/Santana.jpg\" data-dt-img-description=\"\" data-large_image_width=\"223\" data-large_image_height=\"226\"><img loading=\"lazy\" decoding=\"async\" class=\"size-thumbnail wp-image-269805 alignleft\" src=\"https:\/\/www.radiopiu.net\/wordpress\/wp-content\/uploads\/2022\/04\/Santana-150x150.jpg\" alt=\"\" width=\"150\" height=\"150\" \/><\/a>di Loris Scussel<\/strong><\/p>\n<p>Collage aprir\u00e0 la settimana con canzoni di speranza come \u201clove me please love me\u201d\u00a0 \u201ccercate di abbracciare tutto il mondo come noi\u201d e \u201c\u00e8 scoppiata la pace\u201d, marted\u00ec e venerd\u00ec puntate dedicate alla musica internazionale, mercoled\u00ec il tema della trasmissione sar\u00e0 goodbye e arrivederci mentre gioved\u00ec vi faremo ascoltare alcuni artisti che purtroppo non sono mai riuscito ad ascoltare dal vivo. Collage andr\u00e0 in onda dal luned\u00ec al venerd\u00ec alle 16 e alle 23.<\/p>\n<p>&nbsp;<\/p>\n<p>&nbsp;<\/p>\n<hr \/>\n<p>&nbsp;<\/p>\n<blockquote class=\"wp-embedded-content\" data-secret=\"pKN84FPzsq\"><p><a href=\"https:\/\/www.radiopiu.net\/wordpress\/da-ieri-alla-radio-in-palinsesto-loris-e-maurizio-con-la-grande-musica\/\">IL BLUES ALLA RADIO &#8230; COME NON L&#8217;AVETE MAI SENTITO PRIMA<\/a><\/p><\/blockquote>\n<p><iframe loading=\"lazy\" class=\"wp-embedded-content\" sandbox=\"allow-scripts\" security=\"restricted\" style=\"position: absolute; clip: rect(1px, 1px, 1px, 1px);\" title=\"&#8220;IL BLUES ALLA RADIO &#8230; COME NON L&#8217;AVETE MAI SENTITO PRIMA&#8221; &#8212; Radio Pi\u00f9\" src=\"https:\/\/www.radiopiu.net\/wordpress\/da-ieri-alla-radio-in-palinsesto-loris-e-maurizio-con-la-grande-musica\/embed\/#?secret=PT0sXGCd7z#?secret=pKN84FPzsq\" data-secret=\"pKN84FPzsq\" width=\"600\" height=\"338\" frameborder=\"0\" marginwidth=\"0\" marginheight=\"0\" scrolling=\"no\"><\/iframe><\/p>\n<p>&nbsp;<\/p>\n<p>&nbsp;<\/p>\n<hr \/>\n<p>&nbsp;<\/p>\n<blockquote>\n<h3>IL NUOVO SINGOLO DI MARCO V. DAL FARRA<\/h3>\n<\/blockquote>\n<p><strong>ALLA RADIO,\u00a0 LO SPECIALE<\/strong><\/p>\n<audio class=\"wp-audio-shortcode\" id=\"audio-270523-16\" preload=\"none\" style=\"width: 100%;\" controls=\"controls\"><source type=\"audio\/mpeg\" src=\"https:\/\/www.radiopiu.net\/wordpress\/wp-content\/uploads\/2022\/04\/GDB900.mp3?_=16\" \/><a href=\"https:\/\/www.radiopiu.net\/wordpress\/wp-content\/uploads\/2022\/04\/GDB900.mp3\">https:\/\/www.radiopiu.net\/wordpress\/wp-content\/uploads\/2022\/04\/GDB900.mp3<\/a><\/audio>\n<p>&nbsp;<\/p>\n<p><iframe loading=\"lazy\" title=\"Marco V. Dal Farra - Asocial (official video)\" width=\"1200\" height=\"675\" src=\"https:\/\/www.youtube.com\/embed\/Ee-4vKmOc0M?feature=oembed\" frameborder=\"0\" allow=\"accelerometer; autoplay; clipboard-write; encrypted-media; gyroscope; picture-in-picture\" allowfullscreen><\/iframe><\/p>\n<hr \/>\n<p>&nbsp;<\/p>\n<h2><span style=\"color: #0000ff;\">SALUTE &amp; SOCIETA&#8217;<\/span><\/h2>\n<p><strong>LA RACCOLTA COMPLETA<\/strong><\/p>\n<blockquote class=\"wp-embedded-content\" data-secret=\"QcH7dAJj8P\"><p><a href=\"https:\/\/www.radiopiu.net\/wordpress\/saluteesocieta\/\">Salute e Societ\u00e0<\/a><\/p><\/blockquote>\n<p><iframe loading=\"lazy\" class=\"wp-embedded-content\" sandbox=\"allow-scripts\" security=\"restricted\" style=\"position: absolute; clip: rect(1px, 1px, 1px, 1px);\" title=\"&#8220;Salute e Societ\u00e0&#8221; &#8212; Radio Pi\u00f9\" src=\"https:\/\/www.radiopiu.net\/wordpress\/saluteesocieta\/embed\/#?secret=PCFph144k6#?secret=QcH7dAJj8P\" data-secret=\"QcH7dAJj8P\" width=\"600\" height=\"338\" frameborder=\"0\" marginwidth=\"0\" marginheight=\"0\" scrolling=\"no\"><\/iframe><\/p>\n<p>&nbsp;<\/p>\n<hr \/>\n<\/div>\n<\/div>\n<\/div>\n<\/div>\n<\/div>\n<\/div>\n<\/div>\n<\/div>\n<\/div>\n<\/div>\n<\/div>\n<\/div>\n<\/div>\n<\/div>\n<\/div>\n<\/div>\n<\/div>\n<\/div>\n<\/div>\n<\/div>\n<\/div>\n<\/div>\n<\/div>\n<\/div>\n<\/div>\n<\/div>\n<\/div>\n<\/div>\n<\/div>\n<\/div>\n<\/div>\n<\/div>\n<\/div>\n<\/div>\n<\/div>\n<\/div>\n<\/div>\n<\/div>\n<\/div>\n<\/div>\n<\/div>\n<\/div>\n<\/div>\n<\/div>\n<\/div>\n<\/div>\n<\/div>\n<\/div>\n<\/div>\n<\/div>\n<\/div>\n<\/div>\n<\/div>\n<\/div>\n<\/div>\n<\/div>\n<\/div>\n<\/div>\n<\/div>\n<\/div>\n<\/div>\n<\/div>\n<\/div>\n<\/div>\n<p>&nbsp;<\/p>\n<blockquote>\n<h3><span style=\"color: #0000ff;\">INFORMAZIONE il canale su TELEGRAM informazione di prima mano e in tempo reale. iscriviti ed aiutaci a farlo conoscere\u00a0\u00a0<\/span><\/h3>\n<\/blockquote>\n<div>\n<div class=\"page-title-head hgroup\">\n<div class=\"page-title-head hgroup\">\n<div class=\"page-title-head hgroup\">\n<div class=\"page-title-head hgroup\">\n<div class=\"b654a4as d2edcug0\">\n<div class=\"page-title-head hgroup\">\n<div class=\"page-title-head hgroup\">\n<div class=\"page-title-head hgroup\">\n<div class=\"page-title-head hgroup\">\n<div class=\"b654a4as d2edcug0\">\n<div class=\"page-title-head hgroup\">\n<div class=\"page-title-head hgroup\">\n<div class=\"page-title-head hgroup\">\n<div class=\"page-title-head hgroup\">\n<div class=\"page-title-head hgroup\">\n<div class=\"page-title-head hgroup\">\n<div class=\"page-title-head hgroup\">\n<div class=\"page-title-head hgroup\">\n<div class=\"page-title-head hgroup\">\n<div class=\"b654a4as d2edcug0\">\n<div class=\"page-title-head hgroup\">\n<div class=\"page-title-head hgroup\">\n<div class=\"page-title-head hgroup\">\n<div class=\"page-title-head hgroup\">\n<div class=\"b654a4as d2edcug0\">\n<div><\/div>\n<div>\n<div class=\"page-title-head hgroup\">\n<div class=\"page-title-head hgroup\">\n<div class=\"page-title-head hgroup\">\n<div class=\"page-title-head hgroup\">\n<div class=\"page-title-head hgroup\">\n<div class=\"mkdf-post-text\">\n<div class=\"mkdf-post-text-inner\">\n<div class=\"mkdf-post-text-main\">\n<div class=\"mkdf-post-text\">\n<div class=\"mkdf-post-text-inner\">\n<div class=\"mkdf-post-text-main\">\n<div class=\"mkdf-post-text\">\n<div class=\"mkdf-post-text-inner\">\n<div class=\"mkdf-post-text-main\">\n<div class=\"page-title-head hgroup\">\n<div class=\"page-title-head hgroup\">\n<div class=\"mkdf-post-text\">\n<div class=\"mkdf-post-text-inner\">\n<div class=\"mkdf-post-text-main\">\n<div class=\"mkdf-post-text\">\n<div class=\"mkdf-post-text-inner\">\n<div class=\"mkdf-post-text-main\">\n<div class=\"page-title-head hgroup\">\n<div class=\"page-title-head hgroup\">\n<div class=\"page-title-head hgroup\">\n<div class=\"page-title-head hgroup\">\n<div class=\"b654a4as d2edcug0\">\n<div class=\"page-title-head hgroup\">\n<div class=\"page-title-head hgroup\">\n<div class=\"page-title-head hgroup\">\n<div class=\"page-title-head hgroup\">\n<div class=\"b654a4as d2edcug0\">\n<div class=\"page-title-head hgroup\">\n<div class=\"page-title-head hgroup\">\n<div class=\"page-title-head hgroup\">\n<div class=\"page-title-head hgroup\">\n<p>&nbsp;<\/p>\n<div>\n<div class=\"page-title-head hgroup\">\n<div class=\"page-title-head hgroup\">\n<div class=\"b654a4as d2edcug0\">\n<div class=\"j83agx80 btwxx1t3 lhclo0ds hop8lmos nkwizq5d scwd0bx6 roh60bw9\">\n<div class=\"rq0escxv hkbzh7o3 jwdofwj8 n8tt0mok r8blr3vg hyh9befq\">\n<div class=\"do00u71z l9j0dhe7 k4urcfbm\">\n<div class=\"page-title-head hgroup\">\n<div class=\"page-title-head hgroup\">\n<div class=\"b654a4as d2edcug0\">\n<div class=\"j83agx80 btwxx1t3 lhclo0ds hop8lmos nkwizq5d scwd0bx6 roh60bw9\">\n<div class=\"rq0escxv hkbzh7o3 jwdofwj8 n8tt0mok r8blr3vg hyh9befq\">\n<div class=\"do00u71z l9j0dhe7 k4urcfbm\">\n<div class=\"ecm0bbzt e5nlhep0 a8c37x1j\">\n<div class=\"kvgmc6g5 cxmmr5t8 oygrvhab hcukyx3x c1et5uql\">\n<div class=\"gmail-kvgmc6g5 gmail-cxmmr5t8 gmail-oygrvhab gmail-hcukyx3x gmail-c1et5uql gmail-ii04i59q\">\n<div class=\"page-title-head hgroup\">\n<div class=\"page-title-head hgroup\">\n<div class=\"b654a4as d2edcug0\">\n<div class=\"j83agx80 btwxx1t3 lhclo0ds hop8lmos nkwizq5d scwd0bx6 roh60bw9\">\n<div class=\"rq0escxv hkbzh7o3 jwdofwj8 n8tt0mok r8blr3vg hyh9befq\">\n<div class=\"do00u71z l9j0dhe7 k4urcfbm\">\n<div class=\"page-title-head hgroup\">\n<div class=\"page-title-head hgroup\">\n<div class=\"b654a4as d2edcug0\">\n<div class=\"j83agx80 btwxx1t3 lhclo0ds hop8lmos nkwizq5d scwd0bx6 roh60bw9\">\n<div class=\"rq0escxv hkbzh7o3 jwdofwj8 n8tt0mok r8blr3vg hyh9befq\">\n<div class=\"do00u71z l9j0dhe7 k4urcfbm\">\n<div class=\"page-title-head hgroup\">\n<div class=\"page-title-head hgroup\">\n<div class=\"b654a4as d2edcug0\">\n<div class=\"j83agx80 btwxx1t3 lhclo0ds hop8lmos nkwizq5d scwd0bx6 roh60bw9\">\n<div class=\"rq0escxv hkbzh7o3 jwdofwj8 n8tt0mok r8blr3vg hyh9befq\">\n<div class=\"do00u71z l9j0dhe7 k4urcfbm\">\n<div class=\"ecm0bbzt e5nlhep0 a8c37x1j\">\n<div class=\"kvgmc6g5 cxmmr5t8 oygrvhab hcukyx3x c1et5uql\">\n<div class=\"gmail-kvgmc6g5 gmail-cxmmr5t8 gmail-oygrvhab gmail-hcukyx3x gmail-c1et5uql gmail-ii04i59q\">\n<div class=\"page-title-head hgroup\">\n<div class=\"page-title-head hgroup\">\n<div class=\"b654a4as d2edcug0\">\n<div class=\"j83agx80 btwxx1t3 lhclo0ds hop8lmos nkwizq5d scwd0bx6 roh60bw9\">\n<div class=\"rq0escxv hkbzh7o3 jwdofwj8 n8tt0mok r8blr3vg hyh9befq\">\n<div class=\"do00u71z l9j0dhe7 k4urcfbm\">\n<div class=\"page-title-head hgroup\">\n<div class=\"page-title-head hgroup\">\n<div class=\"page-title-head hgroup\">\n<div class=\"page-title-head hgroup\">\n<div class=\"b654a4as d2edcug0\">\n<div class=\"page-title-head hgroup\">\n<div class=\"page-title-head hgroup\">\n<div class=\"page-title-head hgroup\">\n<div class=\"page-title-head hgroup\">\n<div class=\"b654a4as d2edcug0\">\n<div class=\"page-title-head hgroup\">\n<div class=\"page-title-head hgroup\">\n<div class=\"page-title-head hgroup\">\n<div class=\"page-title-head hgroup\">\n<div class=\"page-title-head hgroup\">\n<div class=\"page-title-head hgroup\">\n<div class=\"page-title-head hgroup\">\n<div class=\"page-title-head hgroup\">\n<div class=\"page-title-head hgroup\">\n<div class=\"b654a4as d2edcug0\">\n<div class=\"page-title-head hgroup\">\n<div class=\"page-title-head hgroup\">\n<div class=\"page-title-head hgroup\">\n<div class=\"page-title-head hgroup\">\n<div class=\"b654a4as d2edcug0\">\n<div class=\"page-title-head hgroup\">\n<div class=\"page-title-head hgroup\">\n<div class=\"page-title-head hgroup\">\n<div class=\"page-title-head hgroup\">\n<div class=\"page-title-head hgroup\">\n<div class=\"mkdf-post-text\">\n<div class=\"mkdf-post-text-inner\">\n<div class=\"mkdf-post-text-main\">\n<div class=\"mkdf-post-text\">\n<div class=\"mkdf-post-text-inner\">\n<div class=\"mkdf-post-text-main\">\n<div class=\"mkdf-post-text\">\n<div class=\"mkdf-post-text-inner\">\n<div class=\"mkdf-post-text-main\">\n<div class=\"page-title-head hgroup\">\n<div class=\"page-title-head hgroup\">\n<div class=\"mkdf-post-text\">\n<div class=\"mkdf-post-text-inner\">\n<div class=\"mkdf-post-text-main\">\n<div class=\"mkdf-post-text\">\n<div class=\"mkdf-post-text-inner\">\n<div class=\"mkdf-post-text-main\">\n<div class=\"page-title-head hgroup\">\n<div class=\"page-title-head hgroup\">\n<div class=\"page-title-head hgroup\">\n<div class=\"page-title-head hgroup\">\n<div class=\"b654a4as d2edcug0\">\n<div class=\"page-title-head hgroup\">\n<div class=\"page-title-head hgroup\">\n<div class=\"page-title-head hgroup\">\n<div class=\"page-title-head hgroup\">\n<div class=\"b654a4as d2edcug0\">\n<div class=\"page-title-head hgroup\">\n<div class=\"page-title-head hgroup\">\n<div class=\"page-title-head hgroup\">\n<div class=\"page-title-head hgroup\">\n<div class=\"b654a4as d2edcug0\">\n<div class=\"ecm0bbzt e5nlhep0 a8c37x1j\">\n<div class=\"kvgmc6g5 cxmmr5t8 oygrvhab hcukyx3x c1et5uql\">\n<div class=\"gmail-kvgmc6g5 gmail-cxmmr5t8 gmail-oygrvhab gmail-hcukyx3x gmail-c1et5uql gmail-ii04i59q\">\n<div class=\"page-title-head hgroup\">\n<div class=\"page-title-head hgroup\">\n<div class=\"b654a4as d2edcug0\">\n<div class=\"j83agx80 btwxx1t3 lhclo0ds hop8lmos nkwizq5d scwd0bx6 roh60bw9\">\n<div class=\"rq0escxv hkbzh7o3 jwdofwj8 n8tt0mok r8blr3vg hyh9befq\">\n<div class=\"do00u71z l9j0dhe7 k4urcfbm\">\n<div class=\"page-title-head hgroup\">\n<div class=\"page-title-head hgroup\">\n<div class=\"page-title-head hgroup\">\n<div class=\"page-title-head hgroup\">\n<div class=\"b654a4as d2edcug0\">\n<div class=\"page-title-head hgroup\">\n<div class=\"page-title-head hgroup\">\n<div class=\"page-title-head hgroup\">\n<div class=\"page-title-head hgroup\">\n<div class=\"b654a4as d2edcug0\">\n<div class=\"page-title-head hgroup\">\n<div class=\"page-title-head hgroup\">\n<div class=\"page-title-head hgroup\">\n<div class=\"page-title-head hgroup\">\n<div class=\"page-title-head hgroup\">\n<div class=\"page-title-head hgroup\">\n<div class=\"page-title-head hgroup\">\n<div class=\"page-title-head hgroup\">\n<div class=\"page-title-head hgroup\">\n<div class=\"b654a4as d2edcug0\">\n<div class=\"page-title-head hgroup\">\n<div class=\"page-title-head hgroup\">\n<div class=\"page-title-head hgroup\">\n<div class=\"page-title-head hgroup\">\n<div class=\"b654a4as d2edcug0\">\n<div class=\"page-title-head hgroup\">\n<div class=\"page-title-head hgroup\">\n<div class=\"page-title-head hgroup\">\n<div class=\"page-title-head hgroup\">\n<div class=\"page-title-head hgroup\">\n<div class=\"mkdf-post-text\">\n<div class=\"mkdf-post-text-inner\">\n<div class=\"mkdf-post-text-main\">\n<div class=\"mkdf-post-text\">\n<div class=\"mkdf-post-text-inner\">\n<div class=\"mkdf-post-text-main\">\n<div class=\"mkdf-post-text\">\n<div class=\"mkdf-post-text-inner\">\n<div class=\"mkdf-post-text-main\">\n<div class=\"page-title-head hgroup\">\n<div class=\"page-title-head hgroup\">\n<div class=\"mkdf-post-text\">\n<div class=\"mkdf-post-text-inner\">\n<div class=\"mkdf-post-text-main\">\n<div class=\"mkdf-post-text\">\n<div class=\"mkdf-post-text-inner\">\n<div class=\"mkdf-post-text-main\">\n<div class=\"page-title-head hgroup\">\n<div class=\"page-title-head hgroup\">\n<div class=\"page-title-head hgroup\">\n<div class=\"page-title-head hgroup\">\n<div class=\"b654a4as d2edcug0\">\n<div class=\"page-title-head hgroup\">\n<div class=\"page-title-head hgroup\">\n<div class=\"page-title-head hgroup\">\n<div class=\"page-title-head hgroup\">\n<div class=\"b654a4as d2edcug0\">\n<div class=\"page-title-head hgroup\">\n<div class=\"page-title-head hgroup\">\n<div class=\"page-title-head hgroup\">\n<div class=\"page-title-head hgroup\">\n<div class=\"b654a4as d2edcug0\">\n<hr \/>\n<p>&nbsp;<\/p>\n<div>\n<p><strong>DUE MINUTI UN LIBRO, TUTTI I GIORNI ALLA RADIO ALLE 9.40 E ALLE 17.50\u00a0\u00a0<\/strong><\/p>\n<div>\n<div>\n<p><strong>LA RACCOLTA COMPLETA\u00a0\u00a0<\/strong><\/p>\n<\/div>\n<\/div>\n<\/div>\n<div class=\"mkdf-post-text\">\n<div class=\"mkdf-post-text-inner\">\n<div class=\"mkdf-post-text-main\">\n<div class=\"mkdf-post-text\">\n<div class=\"mkdf-post-text-inner\">\n<div class=\"mkdf-post-text-main\">\n<div class=\"mkdf-post-text\">\n<div class=\"mkdf-post-text-inner\">\n<div class=\"mkdf-post-text-main\">\n<div class=\"page-title-head hgroup\">\n<div class=\"page-title-head hgroup\">\n<div class=\"mkdf-post-text\">\n<div class=\"mkdf-post-text-inner\">\n<div class=\"mkdf-post-text-main\">\n<div class=\"mkdf-post-text\">\n<div class=\"mkdf-post-text-inner\">\n<div class=\"mkdf-post-text-main\">\n<div class=\"page-title-head hgroup\">\n<div class=\"page-title-head hgroup\">\n<div class=\"page-title-head hgroup\">\n<div class=\"page-title-head hgroup\">\n<div class=\"b654a4as d2edcug0\">\n<div class=\"page-title-head hgroup\">\n<div class=\"page-title-head hgroup\">\n<div class=\"page-title-head hgroup\">\n<div class=\"page-title-head hgroup\">\n<div class=\"b654a4as d2edcug0\">\n<div class=\"page-title-head hgroup\">\n<div class=\"page-title-head hgroup\">\n<div class=\"page-title-head hgroup\">\n<div class=\"page-title-head hgroup\">\n<div class=\"b654a4as d2edcug0\">\n<div>\n<blockquote class=\"wp-embedded-content\" data-secret=\"dJfrNk88kz\"><p><a href=\"https:\/\/www.radiopiu.net\/wordpress\/due-minuti-un-libro\/\">Due minuti un libro<\/a><\/p><\/blockquote>\n<p><iframe loading=\"lazy\" class=\"wp-embedded-content\" sandbox=\"allow-scripts\" security=\"restricted\" style=\"position: absolute; clip: rect(1px, 1px, 1px, 1px);\" title=\"&#8220;Due minuti un libro&#8221; &#8212; Radio Pi\u00f9\" src=\"https:\/\/www.radiopiu.net\/wordpress\/due-minuti-un-libro\/embed\/#?secret=ZLddCWIPyj#?secret=dJfrNk88kz\" data-secret=\"dJfrNk88kz\" width=\"600\" height=\"338\" frameborder=\"0\" marginwidth=\"0\" marginheight=\"0\" scrolling=\"no\"><\/iframe><\/p>\n<p>&nbsp;<\/p>\n<\/div>\n<div>\n<hr \/>\n<p>&nbsp;<\/p>\n<\/div>\n<h2><span style=\"color: #808000;\">L&#8217;ALMANACCO LADINO\u00a0\u00a0<\/span><\/h2>\n<p><strong>LA RACCOLTA<\/strong><\/p>\n<blockquote class=\"wp-embedded-content\" data-secret=\"6TnjlsajN3\"><p><a href=\"https:\/\/www.radiopiu.net\/wordpress\/almanacco-ladino\/\">Almanacco Ladino<\/a><\/p><\/blockquote>\n<p><iframe loading=\"lazy\" class=\"wp-embedded-content\" sandbox=\"allow-scripts\" security=\"restricted\" style=\"position: absolute; clip: rect(1px, 1px, 1px, 1px);\" title=\"&#8220;Almanacco Ladino&#8221; &#8212; Radio Pi\u00f9\" src=\"https:\/\/www.radiopiu.net\/wordpress\/almanacco-ladino\/embed\/#?secret=5fHNYEaLma#?secret=6TnjlsajN3\" data-secret=\"6TnjlsajN3\" width=\"600\" height=\"338\" frameborder=\"0\" marginwidth=\"0\" marginheight=\"0\" scrolling=\"no\"><\/iframe><\/p>\n<p>&nbsp;<\/p>\n<hr \/>\n<h2><span style=\"color: #33cccc;\">\u00a0<\/span><\/h2>\n<h2><span style=\"color: #33cccc;\">LA RASSEGNA STAMPA DA L&#8217;AMICO DEL POPOLO<\/span><\/h2>\n<p><strong>LA RACCOLTA COMPLETA<\/strong><\/p>\n<blockquote class=\"wp-embedded-content\" data-secret=\"hdEn245dwf\"><p><a href=\"https:\/\/www.radiopiu.net\/wordpress\/rassegna-stampa-di-gianni-santomaso\/\">Rassegna stampa da l&#8217;amico del popolo &#8211; di Gianni Santomaso<\/a><\/p><\/blockquote>\n<p><iframe loading=\"lazy\" class=\"wp-embedded-content\" sandbox=\"allow-scripts\" security=\"restricted\" style=\"position: absolute; clip: rect(1px, 1px, 1px, 1px);\" title=\"&#8220;Rassegna stampa da l&#8217;amico del popolo &#8211; di Gianni Santomaso&#8221; &#8212; Radio Pi\u00f9\" src=\"https:\/\/www.radiopiu.net\/wordpress\/rassegna-stampa-di-gianni-santomaso\/embed\/#?secret=kSLqqxTvH3#?secret=hdEn245dwf\" data-secret=\"hdEn245dwf\" width=\"600\" height=\"338\" frameborder=\"0\" marginwidth=\"0\" marginheight=\"0\" scrolling=\"no\"><\/iframe><\/p>\n<p>&nbsp;<\/p>\n<hr \/>\n<p>&nbsp;<\/p>\n<div>\n<div class=\"page-title-head hgroup\">\n<div class=\"page-title-head hgroup\">\n<div class=\"b654a4as d2edcug0\">\n<div class=\"j83agx80 btwxx1t3 lhclo0ds hop8lmos nkwizq5d scwd0bx6 roh60bw9\">\n<div class=\"rq0escxv hkbzh7o3 jwdofwj8 n8tt0mok r8blr3vg hyh9befq\">\n<div class=\"do00u71z l9j0dhe7 k4urcfbm\">\n<div class=\"ecm0bbzt e5nlhep0 a8c37x1j\">\n<div class=\"kvgmc6g5 cxmmr5t8 oygrvhab hcukyx3x c1et5uql\">\n<div class=\"gmail-kvgmc6g5 gmail-cxmmr5t8 gmail-oygrvhab gmail-hcukyx3x gmail-c1et5uql gmail-ii04i59q\">\n<div class=\"page-title-head hgroup\">\n<div class=\"page-title-head hgroup\">\n<div class=\"b654a4as d2edcug0\">\n<div class=\"j83agx80 btwxx1t3 lhclo0ds hop8lmos nkwizq5d scwd0bx6 roh60bw9\">\n<div class=\"rq0escxv hkbzh7o3 jwdofwj8 n8tt0mok r8blr3vg hyh9befq\">\n<div class=\"do00u71z l9j0dhe7 k4urcfbm\">\n<div class=\"page-title-head hgroup\">\n<div class=\"page-title-head hgroup\">\n<div class=\"page-title-head hgroup\">\n<div class=\"page-title-head hgroup\">\n<div class=\"b654a4as d2edcug0\">\n<div class=\"page-title-head hgroup\">\n<div class=\"page-title-head hgroup\">\n<div class=\"page-title-head hgroup\">\n<div class=\"page-title-head hgroup\">\n<div class=\"b654a4as d2edcug0\">\n<div class=\"page-title-head hgroup\">\n<div class=\"page-title-head hgroup\">\n<div class=\"page-title-head hgroup\">\n<div class=\"page-title-head hgroup\">\n<div class=\"page-title-head hgroup\">\n<div class=\"page-title-head hgroup\">\n<div class=\"page-title-head hgroup\">\n<div class=\"page-title-head hgroup\">\n<div class=\"page-title-head hgroup\">\n<div class=\"b654a4as d2edcug0\">\n<div class=\"page-title-head hgroup\">\n<div class=\"page-title-head hgroup\">\n<div class=\"page-title-head hgroup\">\n<div class=\"page-title-head hgroup\">\n<div class=\"b654a4as d2edcug0\">\n<div class=\"page-title-head hgroup\">\n<div class=\"page-title-head hgroup\">\n<div class=\"page-title-head hgroup\">\n<div class=\"page-title-head hgroup\">\n<div class=\"page-title-head hgroup\">\n<div class=\"mkdf-post-text\">\n<div class=\"mkdf-post-text-inner\">\n<div class=\"mkdf-post-text-main\">\n<div class=\"mkdf-post-text\">\n<div class=\"mkdf-post-text-inner\">\n<div class=\"mkdf-post-text-main\">\n<div class=\"mkdf-post-text\">\n<div class=\"mkdf-post-text-inner\">\n<div class=\"mkdf-post-text-main\">\n<div class=\"page-title-head hgroup\">\n<div class=\"page-title-head hgroup\">\n<div class=\"mkdf-post-text\">\n<div class=\"mkdf-post-text-inner\">\n<div class=\"mkdf-post-text-main\">\n<div class=\"mkdf-post-text\">\n<div class=\"mkdf-post-text-inner\">\n<div class=\"mkdf-post-text-main\">\n<div class=\"page-title-head hgroup\">\n<div class=\"page-title-head hgroup\">\n<div class=\"page-title-head hgroup\">\n<div class=\"page-title-head hgroup\">\n<div class=\"b654a4as d2edcug0\">\n<div class=\"page-title-head hgroup\">\n<div class=\"page-title-head hgroup\">\n<div class=\"page-title-head hgroup\">\n<div class=\"page-title-head hgroup\">\n<div class=\"b654a4as d2edcug0\">\n<div class=\"page-title-head hgroup\">\n<div class=\"page-title-head hgroup\">\n<div class=\"page-title-head hgroup\">\n<div class=\"page-title-head hgroup\">\n<div class=\"b654a4as d2edcug0\">\n<h2><span style=\"color: #800080;\">I RACCONTI DI PAOLO SOPPELSA\u00a0<\/span><\/h2>\n<p><strong>LA RACCOLTA COMPLETA<\/strong><\/p>\n<blockquote class=\"wp-embedded-content\" data-secret=\"IwiozEFBN4\"><p><a href=\"https:\/\/www.radiopiu.net\/wordpress\/i-racconti-di-paolo-soppelsa\/\">I racconti di Paolo Soppelsa<\/a><\/p><\/blockquote>\n<p><iframe loading=\"lazy\" class=\"wp-embedded-content\" sandbox=\"allow-scripts\" security=\"restricted\" style=\"position: absolute; clip: rect(1px, 1px, 1px, 1px);\" title=\"&#8220;I racconti di Paolo Soppelsa&#8221; &#8212; Radio Pi\u00f9\" src=\"https:\/\/www.radiopiu.net\/wordpress\/i-racconti-di-paolo-soppelsa\/embed\/#?secret=1MuHif8DHJ#?secret=IwiozEFBN4\" data-secret=\"IwiozEFBN4\" width=\"600\" height=\"338\" frameborder=\"0\" marginwidth=\"0\" marginheight=\"0\" scrolling=\"no\"><\/iframe><\/p>\n<p>&nbsp;<\/p>\n<hr \/>\n<p>&nbsp;<\/p>\n<\/div>\n<\/div>\n<\/div>\n<\/div>\n<\/div>\n<\/div>\n<\/div>\n<\/div>\n<\/div>\n<\/div>\n<\/div>\n<\/div>\n<\/div>\n<\/div>\n<\/div>\n<\/div>\n<\/div>\n<\/div>\n<\/div>\n<\/div>\n<\/div>\n<\/div>\n<\/div>\n<\/div>\n<\/div>\n<\/div>\n<\/div>\n<\/div>\n<\/div>\n<\/div>\n<\/div>\n<\/div>\n<\/div>\n<\/div>\n<\/div>\n<\/div>\n<\/div>\n<\/div>\n<\/div>\n<\/div>\n<\/div>\n<\/div>\n<\/div>\n<\/div>\n<\/div>\n<\/div>\n<\/div>\n<\/div>\n<\/div>\n<\/div>\n<\/div>\n<\/div>\n<\/div>\n<\/div>\n<\/div>\n<\/div>\n<\/div>\n<\/div>\n<\/div>\n<\/div>\n<\/div>\n<\/div>\n<\/div>\n<\/div>\n<\/div>\n<\/div>\n<\/div>\n<\/div>\n<\/div>\n<\/div>\n<\/div>\n<\/div>\n<\/div>\n<\/div>\n<\/div>\n<\/div>\n<\/div>\n<\/div>\n<\/div>\n<\/div>\n<\/div>\n<\/div>\n<\/div>\n<\/div>\n<\/div>\n<\/div>\n<\/div>\n<\/div>\n<\/div>\n<\/div>\n<\/div>\n<\/div>\n<\/div>\n<\/div>\n<\/div>\n<\/div>\n<\/div>\n<\/div>\n<\/div>\n<\/div>\n<\/div>\n<\/div>\n<\/div>\n<\/div>\n<\/div>\n<\/div>\n<\/div>\n<\/div>\n<\/div>\n<\/div>\n<\/div>\n<div class=\"b654a4as d2edcug0\">\n<div class=\"ecm0bbzt e5nlhep0 a8c37x1j\">\n<div class=\"kvgmc6g5 cxmmr5t8 oygrvhab hcukyx3x c1et5uql\">\n<div class=\"gmail-kvgmc6g5 gmail-cxmmr5t8 gmail-oygrvhab gmail-hcukyx3x gmail-c1et5uql gmail-ii04i59q\">\n<div>\n<div class=\"page-title-head hgroup\">\n<div class=\"page-title-head hgroup\">\n<div class=\"b654a4as d2edcug0\">\n<div class=\"j83agx80 btwxx1t3 lhclo0ds hop8lmos nkwizq5d scwd0bx6 roh60bw9\">\n<div class=\"rq0escxv hkbzh7o3 jwdofwj8 n8tt0mok r8blr3vg hyh9befq\">\n<div class=\"do00u71z l9j0dhe7 k4urcfbm\">\n<div>\n<div class=\"page-title-head hgroup\">\n<div class=\"page-title-head hgroup\">\n<div class=\"page-title-head hgroup\">\n<div class=\"page-title-head hgroup\">\n<div class=\"b654a4as d2edcug0\">\n<div class=\"page-title-head hgroup\">\n<div class=\"page-title-head hgroup\">\n<div class=\"page-title-head hgroup\">\n<div class=\"page-title-head hgroup\">\n<div class=\"b654a4as d2edcug0\">\n<div class=\"page-title-head hgroup\">\n<div class=\"page-title-head hgroup\">\n<div class=\"page-title-head hgroup\">\n<div class=\"page-title-head hgroup\">\n<div class=\"page-title-head hgroup\">\n<div class=\"mkdf-post-text\">\n<div class=\"mkdf-post-text-inner\">\n<div class=\"mkdf-post-text-main\">\n<div class=\"mkdf-post-text\">\n<div class=\"mkdf-post-text-inner\">\n<div class=\"mkdf-post-text-main\">\n<div class=\"mkdf-post-text\">\n<div class=\"mkdf-post-text-inner\">\n<div class=\"mkdf-post-text-main\">\n<div class=\"page-title-head hgroup\">\n<div class=\"page-title-head hgroup\">\n<div class=\"mkdf-post-text\">\n<div class=\"mkdf-post-text-inner\">\n<div class=\"mkdf-post-text-main\">\n<div class=\"mkdf-post-text\">\n<div class=\"mkdf-post-text-inner\">\n<div class=\"mkdf-post-text-main\">\n<div>\n<div class=\"page-title-head hgroup\">\n<div class=\"page-title-head hgroup\">\n<div>\n<div class=\"page-title-head hgroup\">\n<div class=\"page-title-head hgroup\">\n<div class=\"b654a4as d2edcug0\">\n<div>\n<div class=\"page-title-head hgroup\" style=\"text-align: left;\">\n<div class=\"page-title-head hgroup\">\n<div dir=\"auto\">\n<p><a class=\"dt-pswp-item pspw-wrap-ready\" href=\"https:\/\/i0.wp.com\/www.radiopiu.net\/wordpress\/wp-content\/uploads\/2018\/09\/WhatsApp-Image-2018-09-20-at-16.04.06.jpeg?ssl=1\" data-dt-img-description=\"\" data-large_image_width=\"800\" data-large_image_height=\"100\"><img loading=\"lazy\" decoding=\"async\" class=\"aligncenter wp-image-61378 size-full jetpack-lazy-image jetpack-lazy-image--handled\" src=\"https:\/\/i0.wp.com\/www.radiopiu.net\/wordpress\/wp-content\/uploads\/2018\/09\/WhatsApp-Image-2018-09-20-at-16.04.06.jpeg?resize=800%2C100&amp;ssl=1\" sizes=\"auto, (max-width: 800px) 100vw, 800px\" srcset=\"https:\/\/i0.wp.com\/www.radiopiu.net\/wordpress\/wp-content\/uploads\/2018\/09\/WhatsApp-Image-2018-09-20-at-16.04.06.jpeg?w=800&amp;ssl=1 800w, https:\/\/i0.wp.com\/www.radiopiu.net\/wordpress\/wp-content\/uploads\/2018\/09\/WhatsApp-Image-2018-09-20-at-16.04.06.jpeg?resize=300%2C38&amp;ssl=1 300w, https:\/\/i0.wp.com\/www.radiopiu.net\/wordpress\/wp-content\/uploads\/2018\/09\/WhatsApp-Image-2018-09-20-at-16.04.06.jpeg?resize=768%2C96&amp;ssl=1 768w\" alt=\"\" width=\"800\" height=\"100\" data-lazy-loaded=\"1\" \/><\/a><\/p>\n<\/div>\n<\/div>\n<\/div>\n<\/div>\n<\/div>\n<\/div>\n<\/div>\n<\/div>\n<\/div>\n<\/div>\n<\/div>\n<\/div>\n<\/div>\n<\/div>\n<\/div>\n<\/div>\n<\/div>\n<\/div>\n<\/div>\n<\/div>\n<\/div>\n<\/div>\n<\/div>\n<\/div>\n<\/div>\n<\/div>\n<\/div>\n<\/div>\n<\/div>\n<\/div>\n<\/div>\n<\/div>\n<\/div>\n<\/div>\n<\/div>\n<\/div>\n<\/div>\n<\/div>\n<\/div>\n<\/div>\n<\/div>\n<\/div>\n<\/div>\n<\/div>\n<\/div>\n<\/div>\n<\/div>\n<\/div>\n<\/div>\n<\/div>\n<\/div>\n<\/div>\n<\/div>\n<\/div>\n<\/div>\n<\/div>\n<\/div>\n<\/div>\n<\/div>\n<\/div>\n<\/div>\n<\/div>\n<\/div>\n<\/div>\n<\/div>\n<\/div>\n<\/div>\n<\/div>\n<\/div>\n<\/div>\n<\/div>\n<\/div>\n<\/div>\n<\/div>\n<\/div>\n<\/div>\n<\/div>\n<\/div>\n<\/div>\n<\/div>\n<\/div>\n<\/div>\n<\/div>\n<\/div>\n<\/div>\n<\/div>\n<\/div>\n<\/div>\n<\/div>\n<\/div>\n<\/div>\n<\/div>\n<\/div>\n<\/div>\n<\/div>\n<\/div>\n<\/div>\n<\/div>\n<\/div>\n<\/div>\n<\/div>\n<\/div>\n<\/div>\n<\/div>\n<\/div>\n<\/div>\n<\/div>\n<\/div>\n<\/div>\n<\/div>\n<\/div>\n<\/div>\n<\/div>\n<\/div>\n<\/div>\n<\/div>\n<\/div>\n<\/div>\n<\/div>\n<\/div>\n<\/div>\n<\/div>\n<\/div>\n<\/div>\n<\/div>\n<\/div>\n<\/div>\n<\/div>\n<\/div>\n<\/div>\n<\/div>\n<\/div>\n<\/div>\n<\/div>\n<\/div>\n<\/div>\n<\/div>\n<\/div>\n<\/div>\n<\/div>\n<\/div>\n<\/div>\n<\/div>\n<\/div>\n<\/div>\n<\/div>\n<\/div>\n<\/div>\n<\/div>\n<\/div>\n<\/div>\n<\/div>\n<\/div>\n<\/div>\n<\/div>\n<\/div>\n<\/div>\n<\/div>\n<\/div>\n<\/div>\n<\/div>\n<\/div>\n<\/div>\n<\/div>\n<\/div>\n<\/div>\n<\/div>\n<\/div>\n<\/div>\n<\/div>\n<\/div>\n<\/div>\n<\/div>\n<\/div>\n<\/div>\n<\/div>\n<\/div>\n<\/div>\n<\/div>\n<\/div>\n<\/div>\n<\/div>\n<\/div>\n<\/div>\n<\/div>\n<\/div>\n<\/div>\n<\/div>\n<\/div>\n<\/div>\n<\/div>\n<\/div>\n<\/div>\n<\/div>\n<\/div>\n<\/div>\n<\/div>\n<\/div>\n<\/div>\n<\/div>\n<\/div>\n<\/div>\n<\/div>\n<\/div>\n<\/div>\n<\/div>\n<\/div>\n<\/div>\n<\/div>\n<\/div>\n<\/div>\n<\/div>\n<\/div>\n<\/div>\n<\/div>\n<\/div>\n<\/div>\n<\/div>\n<\/div>\n<\/div>\n<\/div>\n<\/div>\n<\/div>\n<\/div>\n<\/div>\n<\/div>\n<\/div>\n<\/div>\n<\/div>\n<\/div>\n<p>&nbsp;<\/p>\n<p><strong>venerd\u00ec 15.<\/strong>\u00a0Al mattino da poco a parzialmente nuvoloso per sottili nubi alte via via pi\u00f9 estese fino a velato ovunque; dalle ore centrali e nel pomeriggio variabilit\u00e0 con nuvolosit\u00e0 irregolare associata a qualche isolato fenomeno sparso.<br \/>\n<strong>Precipitazioni.<\/strong>\u00a0Al mattino assenti (0%), dalle ore centrali e nel pomeriggio possibile qualche piovasco\/rovescio sparso (40-60%) dapprima su Dolomiti in possibile successivo trasferimento su alcuni settori prealpini, specie centro-orientali, poco probabili su Prealpi veronesi. Eventuale limite neve oltre i 2400\/2700 m. In serata precipitazioni assenti. Attesi accumuli irregolari (0-10 mm).<br \/>\n<strong>Temperature.<\/strong>\u00a0Senza variazioni di rilievo, in lieve calo in alta con minime raggiunte in serata. Valori ancora decisamente al di sopra della media del periodo. Su Prealpi a 1500 m: min 8 max 12, a 2000 m: min 6 max 7 Dolomiti a 2000 m: min 4 max 9, a 3000 m: min -2 max 1<br \/>\n<strong>Venti.<\/strong>\u00a0Venti in quota dai quadranti settentrionali, deboli al mattino, moderati nel pomeriggio, a 5-10 km\/h a 2000 m, a 10-25 km\/h a 3000 m.<\/p>\n<p><strong>sabato 16.<\/strong>\u00a0Su Dolomiti inizialmente irregolarmente nuvoloso al mattino, poi schiarite via via pi\u00f9 ampie fino a poco nuvoloso, su Prealpi irregolarmente nuvoloso con maggior nuvolosit\u00e0 tra le ore centrali e nel pomeriggio quando saranno probabili alcuni fenomeni sparsi.<br \/>\n<strong>Precipitazioni.<\/strong>\u00a0Su Dolomiti generalmente assenti (0-10 %), su Prealpi possibili sparse anche a carattere di rovescio o isolato temporale nel pomeriggio e a ridosso della pedemontana: non escluso qualche isolato fenomeno tra notte e mattino (10-30%), pi\u00f9 probabili sparsi nel pomeriggio (40-60%). Quota neve tra i 1800 m e i 2000 m localmente pi\u00f9 basso in corrispondenza di eventuali rovesci pi\u00f9 intensi nel pomeriggio.<br \/>\n<strong>Temperature.<\/strong>\u00a0In graduale moderato calo con minime raggiunte in serata e su valori pi\u00f9 consoni alla media del periodo. Su Prealpi a 1500 m: min 4 max 9, a 2000 m: min 1 max 5 Dolomiti a 2000 m: min -2 max 2, a 3000 m: min -8 max -3<br \/>\n<strong>Venti.<\/strong>\u00a0Nelle valli inizialmente deboli variabili poi in rinforzo dal pomeriggio con qualche episodio di foehn. In quota dai quadranti settentrionali in rinforzo dal pomeriggio fino a moderati o tesi, a 10-20 km\/h a 2000 m, a 25-50 km\/h a 3000 m.<\/p>\n<p><strong>domenica 17.<\/strong>\u00a0Tempo stabile con cielo sereno ed ottima visibilit\u00e0 al mattino, nel pomeriggio formazione di qualche cumulo su Prealpi. Precipitazioni assenti. Temperature in generale calo specie nei valori minimi a fondovalle. Venti in quota moderati\/tesi settentrionali.<\/p>\n<p><strong>luned\u00ec 18.<\/strong>\u00a0Tempo stabile e soleggiato con cielo sereno al mattino, poco nuvoloso nel pomeriggio per la formazione di qualche cumulo su Prealpi. Precipitazioni generalmente assenti seppur non del tutto escluso qualche piovasco nel pomeriggio su Prealpi. Temperature stazionarie, venti in quota moderati settentrionali Previsore:DDL<\/p>\n<p>&nbsp;<\/p>\n<hr \/>\n<p>&nbsp;<\/p>\n<p><a href=\"https:\/\/www.radiopiu.net\/wordpress\/giornale-radiopiu-26-settembre-2018-direttore-mirko-mezzacasa\/viabilita-2\/\" rel=\"attachment wp-att-61954\"><img loading=\"lazy\" decoding=\"async\" class=\"aligncenter wp-image-61954 size-full\" src=\"https:\/\/www.radiopiu.net\/wordpress\/wp-content\/uploads\/2018\/09\/viabilita.jpeg\" sizes=\"auto, (max-width: 800px) 100vw, 800px\" srcset=\"https:\/\/www.radiopiu.net\/wordpress\/wp-content\/uploads\/2018\/09\/viabilita.jpeg 800w, https:\/\/www.radiopiu.net\/wordpress\/wp-content\/uploads\/2018\/09\/viabilita-300x38.jpeg 300w, https:\/\/www.radiopiu.net\/wordpress\/wp-content\/uploads\/2018\/09\/viabilita-768x96.jpeg 768w\" alt=\"\" width=\"800\" height=\"100\" \/><\/a><\/p>\n<p>&nbsp;<\/p>\n<p><a class=\"dt-pswp-item\" href=\"https:\/\/www.radiopiu.net\/wordpress\/wp-content\/uploads\/2022\/04\/30406131-50d4-4106-95ff-877ecb8b3a3c.jpg\" data-dt-img-description=\"\" data-large_image_width=\"640\" data-large_image_height=\"397\"><img loading=\"lazy\" decoding=\"async\" class=\"size-medium wp-image-270001 aligncenter\" src=\"https:\/\/www.radiopiu.net\/wordpress\/wp-content\/uploads\/2022\/04\/30406131-50d4-4106-95ff-877ecb8b3a3c-300x186.jpg\" alt=\"\" width=\"300\" height=\"186\" srcset=\"https:\/\/www.radiopiu.net\/wordpress\/wp-content\/uploads\/2022\/04\/30406131-50d4-4106-95ff-877ecb8b3a3c-300x186.jpg 300w, https:\/\/www.radiopiu.net\/wordpress\/wp-content\/uploads\/2022\/04\/30406131-50d4-4106-95ff-877ecb8b3a3c.jpg 640w\" sizes=\"auto, (max-width: 300px) 100vw, 300px\" \/><\/a><\/p>\n<p>&nbsp;<\/p>\n<blockquote class=\"wp-embedded-content\" data-secret=\"AwbWuA7QKx\"><p><a href=\"https:\/\/www.radiopiu.net\/wordpress\/viabilita\/\">viabilita<\/a><\/p><\/blockquote>\n<p><iframe loading=\"lazy\" class=\"wp-embedded-content\" sandbox=\"allow-scripts\" security=\"restricted\" style=\"position: absolute; clip: rect(1px, 1px, 1px, 1px);\" title=\"&#8220;viabilita&#8221; &#8212; Radio Pi\u00f9\" src=\"https:\/\/www.radiopiu.net\/wordpress\/viabilita\/embed\/#?secret=giFrDKboGV#?secret=AwbWuA7QKx\" data-secret=\"AwbWuA7QKx\" width=\"600\" height=\"338\" frameborder=\"0\" marginwidth=\"0\" marginheight=\"0\" scrolling=\"no\"><\/iframe><\/p>\n<p>&nbsp;<\/p>\n<p>&nbsp;<\/p>\n<p>&nbsp;<\/p>\n<hr \/>\n<p>&nbsp;<\/p>\n<p><img loading=\"lazy\" decoding=\"async\" class=\"wp-image-60761 size-full aligncenter\" src=\"https:\/\/www.radiopiu.net\/wordpress\/wp-content\/uploads\/2018\/09\/sport.jpg\" alt=\"\" width=\"800\" height=\"100\" srcset=\"https:\/\/www.radiopiu.net\/wordpress\/wp-content\/uploads\/2018\/09\/sport.jpg 800w, https:\/\/www.radiopiu.net\/wordpress\/wp-content\/uploads\/2018\/09\/sport-300x38.jpg 300w, https:\/\/www.radiopiu.net\/wordpress\/wp-content\/uploads\/2018\/09\/sport-768x96.jpg 768w\" sizes=\"auto, (max-width: 800px) 100vw, 800px\" \/><\/p>\n<p>&nbsp;<\/p>\n<p><span style=\"color: #0000ff;\"><strong>CALCIO<\/strong><\/span><\/p>\n<blockquote>\n<h3>I GIOVANISSIMI DELL&#8217;AGORDINA VINCONO NEL RECUPERO CON IL DOMEGGE<\/h3>\n<\/blockquote>\n<p><strong><a class=\"dt-pswp-item\" href=\"https:\/\/www.radiopiu.net\/wordpress\/wp-content\/uploads\/2022\/04\/278595387_5124239384302985_1627942945444978903_n.jpg\" data-dt-img-description=\"\" data-large_image_width=\"1080\" data-large_image_height=\"1080\"><img loading=\"lazy\" decoding=\"async\" class=\"size-thumbnail wp-image-270564 alignleft\" src=\"https:\/\/www.radiopiu.net\/wordpress\/wp-content\/uploads\/2022\/04\/278595387_5124239384302985_1627942945444978903_n-150x150.jpg\" alt=\"\" width=\"150\" height=\"150\" srcset=\"https:\/\/www.radiopiu.net\/wordpress\/wp-content\/uploads\/2022\/04\/278595387_5124239384302985_1627942945444978903_n-150x150.jpg 150w, https:\/\/www.radiopiu.net\/wordpress\/wp-content\/uploads\/2022\/04\/278595387_5124239384302985_1627942945444978903_n-300x300.jpg 300w, https:\/\/www.radiopiu.net\/wordpress\/wp-content\/uploads\/2022\/04\/278595387_5124239384302985_1627942945444978903_n-1024x1024.jpg 1024w, https:\/\/www.radiopiu.net\/wordpress\/wp-content\/uploads\/2022\/04\/278595387_5124239384302985_1627942945444978903_n-768x768.jpg 768w, https:\/\/www.radiopiu.net\/wordpress\/wp-content\/uploads\/2022\/04\/278595387_5124239384302985_1627942945444978903_n.jpg 1080w\" sizes=\"auto, (max-width: 150px) 100vw, 150px\" \/><\/a>GIOVANISSIMI PROVINCIALI \/ DOMEGGE &#8211; AGORDINA 0-2<\/strong><\/p>\n<p>Non solo la prima squadra in campo con il turno infrasettimanale ma anche i Giovanissimi di De Bastiani. Partita complicata nel recupero col Domegge. L&#8217;Agordina doveva confermare la buona prestazione offerta con la Juventina, ma ha iniziato il match contratta e quasi timorosa. Dopo il pareggio a reti inviolate del primo tempo, trascorso senza sostanziali emozioni, a parte il palo colpito da Simone Allegro, l&#8217;Agordina si \u00e8 fatta un po&#8217; pi\u00f9 ordinata e intraprendente, ma solo negli ultimi 10 minuti \u00e8 riuscita a sbloccare la partita, prima con Giacomo Decima, bravo a sfruttare una mischia in area sugli sviluppi di un calcio d&#8217;angolo e poi con Simone Allegro che ha finalizzato un contropiede innescato da Manuel Soccol. Prossimo impegno con i primi della classe del Cavarzano dopo le festivit\u00e0 pasquali.<\/p>\n<p>&nbsp;<\/p>\n<p><span style=\"color: #0000ff;\"><strong>HOCKEY SU GHIACCIO FEMMINILE<\/strong><\/span><\/p>\n<blockquote>\n<h3>L&#8217;ITALIA FEMMINILE BATTE LA COREA E SALE SUL PODIO<\/h3>\n<p>&nbsp;<\/p><\/blockquote>\n<p><a class=\"dt-pswp-item\" href=\"https:\/\/www.radiopiu.net\/wordpress\/wp-content\/uploads\/2022\/04\/08e351bb-5f20-3d54-845b-75d18d073909.jpg\" data-dt-img-description=\"\" data-large_image_width=\"1753\" data-large_image_height=\"1170\"><img loading=\"lazy\" decoding=\"async\" class=\"alignleft wp-image-270699 \" src=\"https:\/\/www.radiopiu.net\/wordpress\/wp-content\/uploads\/2022\/04\/08e351bb-5f20-3d54-845b-75d18d073909-300x200.jpg\" alt=\"\" width=\"264\" height=\"176\" srcset=\"https:\/\/www.radiopiu.net\/wordpress\/wp-content\/uploads\/2022\/04\/08e351bb-5f20-3d54-845b-75d18d073909-300x200.jpg 300w, https:\/\/www.radiopiu.net\/wordpress\/wp-content\/uploads\/2022\/04\/08e351bb-5f20-3d54-845b-75d18d073909-1024x683.jpg 1024w, https:\/\/www.radiopiu.net\/wordpress\/wp-content\/uploads\/2022\/04\/08e351bb-5f20-3d54-845b-75d18d073909-768x513.jpg 768w, https:\/\/www.radiopiu.net\/wordpress\/wp-content\/uploads\/2022\/04\/08e351bb-5f20-3d54-845b-75d18d073909-1536x1025.jpg 1536w, https:\/\/www.radiopiu.net\/wordpress\/wp-content\/uploads\/2022\/04\/08e351bb-5f20-3d54-845b-75d18d073909.jpg 1753w\" sizes=\"auto, (max-width: 264px) 100vw, 264px\" \/><\/a><strong>REDAZIONE<\/strong> \u2019Italia Femminile chiude al 3\u00b0 posto i Mondiali di Divisione I \u2013 Gruppo B di Katowice. Contro la Corea del Sud, il team azzurro conquista una vittoria per 2:1 che permette di conquistare il podio del torneo iridato con il bronzo, indipendentemente dagli altri risultati dell\u2019ultima giornata. Un contropiede di Chelsea Furlani, nel primo tempo (13\u00b0) \u00a0ed una respinta di Greta Niccolai a 5\u2019 dal termine, sono i goal con cui la formazione di coach Fedrizzi si porta sul doppio vantaggio. Poi la Corea del Sud non molla e rende infuocati gli ultimi secondi di gioco con la rete che dimezza lo svantaggio, a 26 secondi dalla terza sirena, e l\u2019assalto finale delle asiatiche che falliscono il pareggio per un soffio. Ma alla fine \u00e8 vittoria dell&#8217;Italia. Si conclude con due successi e tre sconfitte, sette punti complessivi, \u00a0il Mondiale delle Azzurre che si confermano in questa divisione anche per il prossimo anno.<\/p>\n<p>&nbsp;<\/p>\n<\/div>\n<\/div>\n<\/div>\n<\/div>\n<\/div>\n<\/div>\n<\/div>\n<\/div>\n<\/div>\n<\/div>\n<\/div>\n<\/div>\n<\/div>\n<\/div>\n<\/div>\n<\/div>\n<\/div>\n<\/div>\n<\/div>\n<\/div>\n<\/div>\n<\/div>\n<\/div>\n<\/div>\n<\/div>\n<\/div>\n<\/div>\n<\/div>\n<\/div>\n<\/div>\n<\/div>\n<\/div>\n<\/div>\n<\/div>\n<\/div>\n<\/div>\n<\/div>\n<\/div>\n<\/div>\n<\/div>\n<\/div>\n<\/div>\n<\/div>\n<\/div>\n<\/div>\n<\/div>\n<\/div>\n<\/div>\n<\/div>\n<\/div>\n<\/div>\n<\/div>\n<\/div>\n<\/div>\n<\/div>\n<\/div>\n<\/div>\n<\/div>\n<\/div>\n<\/div>\n<\/div>\n<\/div>\n<\/div>\n<\/div>\n<\/div>\n<\/div>\n<\/div>\n<\/div>\n<\/div>\n<\/div>\n<\/div>\n<\/div>\n<\/div>\n<\/div>\n<\/div>\n<\/div>\n<\/div>\n<\/div>\n<\/div>\n<\/div>\n<\/div>\n<\/div>\n<\/div>\n<\/div>\n<\/div>\n<\/div>\n<\/div>\n<\/div>\n<\/div>\n<\/div>\n<\/div>\n<\/div>\n<\/div>\n<\/div>\n<\/div>\n<\/div>\n<\/div>\n<\/div>\n<\/div>\n<\/div>\n<\/div>\n<\/div>\n<\/div>\n<\/div>\n<\/div>\n<\/div>\n","protected":false},"excerpt":{"rendered":"<p>INFORMAZIONE il canale su TELEGRAM informazione di prima\u00a0 mano e in tempo reale. iscriviti ed aiutaci a farlo conoscere\u00a0 OGGI LA COPERTINA E&#8217; FIRMATA da un amico, un artista: Pieraldo Vignazia &#8220;Vip&#8221; al quale ringraziandolo auguriamo buona Pasqua&#8230; Feliz Pascua &nbsp; &nbsp; &nbsp; CHIUDE LA 347 DEL DURAN E CEREDA A LA VALLE AGORDINA SP&hellip;<\/p>\n","protected":false},"author":4,"featured_media":270643,"comment_status":"closed","ping_status":"closed","sticky":false,"template":"","format":"standard","meta":{"_monsterinsights_skip_tracking":false,"_monsterinsights_sitenote_active":false,"_monsterinsights_sitenote_note":"","_monsterinsights_sitenote_category":0,"footnotes":""},"categories":[104,86,49],"tags":[],"class_list":["post-270523","post","type-post","status-publish","format-standard","has-post-thumbnail","hentry","category-evidenza_3","category-gr","category-news-18","category-104","category-86","category-49","description-off"],"img_url":"https:\/\/www.radiopiu.net\/wordpress\/wp-content\/uploads\/2022\/04\/80ee53bf-97fb-4afc-91e6-57368ddff792.jpg","_links":{"self":[{"href":"https:\/\/www.radiopiu.net\/wordpress\/wp-json\/wp\/v2\/posts\/270523","targetHints":{"allow":["GET"]}}],"collection":[{"href":"https:\/\/www.radiopiu.net\/wordpress\/wp-json\/wp\/v2\/posts"}],"about":[{"href":"https:\/\/www.radiopiu.net\/wordpress\/wp-json\/wp\/v2\/types\/post"}],"author":[{"embeddable":true,"href":"https:\/\/www.radiopiu.net\/wordpress\/wp-json\/wp\/v2\/users\/4"}],"replies":[{"embeddable":true,"href":"https:\/\/www.radiopiu.net\/wordpress\/wp-json\/wp\/v2\/comments?post=270523"}],"version-history":[{"count":0,"href":"https:\/\/www.radiopiu.net\/wordpress\/wp-json\/wp\/v2\/posts\/270523\/revisions"}],"wp:featuredmedia":[{"embeddable":true,"href":"https:\/\/www.radiopiu.net\/wordpress\/wp-json\/wp\/v2\/media\/270643"}],"wp:attachment":[{"href":"https:\/\/www.radiopiu.net\/wordpress\/wp-json\/wp\/v2\/media?parent=270523"}],"wp:term":[{"taxonomy":"category","embeddable":true,"href":"https:\/\/www.radiopiu.net\/wordpress\/wp-json\/wp\/v2\/categories?post=270523"},{"taxonomy":"post_tag","embeddable":true,"href":"https:\/\/www.radiopiu.net\/wordpress\/wp-json\/wp\/v2\/tags?post=270523"}],"curies":[{"name":"wp","href":"https:\/\/api.w.org\/{rel}","templated":true}]}}